{"id":21482,"date":"2022-01-23T13:00:41","date_gmt":"2022-01-23T12:00:41","guid":{"rendered":"http:\/\/pakosc-kalwaria.franciszkanie.net\/?p=21482"},"modified":"2022-01-29T09:21:52","modified_gmt":"2022-01-29T08:21:52","slug":"czas-zimowych-ferii-okazja-do-adoracji-jezusa-w-zlobku-zapraszamy","status":"publish","type":"post","link":"https:\/\/pakosc-kalwaria.franciszkanie.net\/index.php\/2022\/01\/23\/czas-zimowych-ferii-okazja-do-adoracji-jezusa-w-zlobku-zapraszamy\/","title":{"rendered":"Czas zimowych ferii okazj\u0105 do adoracji Jezusa w \u017b\u0142\u00f3bku. Zapraszamy!"},"content":{"rendered":"<p><strong>Zach\u0119camy i zapraszamy do modlitwy i kontemplacji Jezusa w scenerii pi\u0119knego, pe\u0142nego franciszka\u0144skiej prostoty \u017c\u0142\u00f3bka, <span style=\"color: #ff0000;\">codziennie do 2 lutego od 10.00\u2013 17.00.<\/span> Ciekawostk\u0105 s\u0105 ruchome elementy w naszym kalwaryjskim \u017b\u0142\u00f3bku!<br \/>\n<span style=\"color: #ff0000;\">Msza \u015bw. w tygodniu o 17.00, a niedziele o 9.00 i 11.00.<\/span><br \/>\n<\/strong><strong><br \/>\n<\/strong><\/p>\n<p><strong>Franciszka\u0144ska tradycja bo\u017conarodzeniowych szopek<\/strong><br \/>\nBo\u017ce Narodzenie nale\u017cy do najstarszych \u015bwi\u0105t w ko\u015bciele chrze\u015bcija\u0144skim. Celebrowane jest od staro\u017cytno\u015bci, pierwsze potwierdzone obchody w Rzymie datowane s\u0105 na rok 326, zaraz po Soborze Nicejskim I. Jednym z element\u00f3w obchod\u00f3w jest odtwarzanie wygl\u0105du miejsca narodzin Zbawiciela.<\/p>\n<p><strong>Zwyczaj urz\u0105dzania szopek bo\u017conarodzeniowych w ko\u015bcio\u0142ach zapocz\u0105tkowa\u0142 \u015aw. Franciszek z Asy\u017cu w roku 1223.<\/strong> \u015awi\u0119ta Bo\u017cego Narodzenia sp\u0119dza\u0142 w Greccio wraz ze swoim przyjacielem Giovannim Velit\u0105. Na dwa tygodnie przed \u015bwi\u0119tami \u015aw. Franciszek tak rzek\u0142 do Giovanniego: \u201eJe\u017celi chcesz by\u015bmy w Greccio obchodzili \u015bwi\u0119ta Pa\u0144skie, pospiesz si\u0119 i pilnie przygotuj wszystko to co ci powiem. Chce bowiem dokona\u0107 pami\u0105tki Dzieci\u0119cia, kt\u00f3re narodzi\u0142o si\u0119 w Betlejem. Chc\u0119 naocznie pokaza\u0107 jego braki w niemowl\u0119cych potrzebach, jak zosta\u0142 po\u0142o\u017cony w \u017c\u0142obie i jak z\u0142o\u017cony na sianie w towarzystwie wo\u0142u i os\u0142a.\u201d<\/p>\n<p>Velita uda\u0142 si\u0119 do miejscowego ko\u015bcio\u0142a i przygotowa\u0142 wraz z ksi\u0119dzem \u017c\u0142\u00f3bek oraz przyprowadzi\u0142 zwierz\u0119ta. W wigili\u0119 Narodzenia Pa\u0144skiego do ko\u015bcio\u0142a zeszli si\u0119 miejscowi wierni ze \u015bwiecami i pochodniami. Ksi\u0105dz odprawi\u0142 msz\u0119, \u015aw. Franciszek asystowa\u0142 mu jako diakon oraz wyg\u0142osi\u0142 kazanie. Kiedy g\u0142osz\u0105c Ewangeli\u0119 wymienia\u0142 imi\u0119 Jezusa i nazw\u0119 Betlejem oblizywa\u0142 wargi j\u0119zykiem i na podniebieniu smakowa\u0142 s\u0142odycz tych s\u0142\u00f3w. Nast\u0119pnie kl\u0119kn\u0105\u0142 przed \u017c\u0142\u00f3bkiem i adorowa\u0142 Dzieci\u0105tko, kt\u00f3re dotychczas u\u015bpione obudzi\u0142o si\u0119 i u\u015bmiechn\u0119\u0142o do \u015awi\u0119tego. Po zako\u0144czeniu mszy ludzie zabrali do dom\u00f3w s\u0142om\u0119 ze \u017c\u0142\u00f3bka, kt\u00f3ra to relikwia s\u0142u\u017cy\u0142a im do leczenia dotkni\u0119tych chorobami zwierz\u0105t.<\/p>\n<p>Misterium to zatwierdzi\u0142 papie\u017c Honoriusz III i szybko rozpowszechni\u0142o si\u0119 ono w chrze\u015bcija\u0144skim \u015bwiecie. Do Polski zwyczaj ten trafi\u0142 za spraw\u0105 franciszkan\u00f3w jeszcze w \u015bredniowieczu. Od XVI w. \u015bpiewane s\u0105 kol\u0119dy i pastora\u0142ki, wystawiano r\u00f3wnie\u017c \u017cywe przedstawienia w formie teatrzyk\u00f3w kukie\u0142kowych. Od po\u0142owy XVIII w. zapocz\u0105tkowany zosta\u0142 zwyczaj kol\u0119dowania po domach i pojawili si\u0119 przebiera\u0144cy kol\u0119dnicy.<\/p>\n","protected":false},"excerpt":{"rendered":"<p>Zach\u0119camy i zapraszamy do modlitwy i kontemplacji Jezusa w scenerii pi\u0119knego, pe\u0142nego franciszka\u0144skiej prostoty \u017c\u0142\u00f3bka, codziennie do 2 lutego od 10.00\u2013 17.00. Ciekawostk\u0105 s\u0105 ruchome elementy w naszym kalwaryjskim \u017b\u0142\u00f3bku! Msza \u015bw. w tygodniu o 17.00, a niedziele o 9.00 i 11.00. Franciszka\u0144ska tradycja bo\u017conarodzeniowych szopek Bo\u017ce Narodzenie nale\u017cy do najstarszych \u015bwi\u0105t w ko\u015bciele chrze\u015bcija\u0144skim. &hellip;<\/p>\n","protected":false},"author":2,"featured_media":21081,"comment_status":"closed","ping_status":"closed","sticky":false,"template":"","format":"standard","meta":{"_mi_skip_tracking":false,"_exactmetrics_sitenote_active":false,"_exactmetrics_sitenote_note":"","_exactmetrics_sitenote_category":0},"categories":[13,14],"tags":[],"yoast_head":"<!-- This site is optimized with the Yoast SEO plugin v18.1 - https:\/\/yoast.com\/wordpress\/plugins\/seo\/ -->\n<title>Czas zimowych ferii okazj\u0105 do adoracji Jezusa w \u017b\u0142\u00f3bku. Zapraszamy! - Pako\u015b\u0107 \u2013 Kalwaria<\/title>\n<meta name=\"robots\" content=\"index, follow, max-snippet:-1, max-image-preview:large, max-video-preview:-1\" \/>\n<link rel=\"canonical\" href=\"https:\/\/pakosc-kalwaria.franciszkanie.net\/index.php\/2022\/01\/23\/czas-zimowych-ferii-okazja-do-adoracji-jezusa-w-zlobku-zapraszamy\/\" \/>\n<meta property=\"og:locale\" content=\"pl_PL\" \/>\n<meta property=\"og:type\" content=\"article\" \/>\n<meta property=\"og:title\" content=\"Czas zimowych ferii okazj\u0105 do adoracji Jezusa w \u017b\u0142\u00f3bku. Zapraszamy! - Pako\u015b\u0107 \u2013 Kalwaria\" \/>\n<meta property=\"og:description\" content=\"Zach\u0119camy i zapraszamy do modlitwy i kontemplacji Jezusa w scenerii pi\u0119knego, pe\u0142nego franciszka\u0144skiej prostoty \u017c\u0142\u00f3bka, codziennie do 2 lutego od 10.00\u2013 17.00. Ciekawostk\u0105 s\u0105 ruchome elementy w naszym kalwaryjskim \u017b\u0142\u00f3bku! Msza \u015bw. w tygodniu o 17.00, a niedziele o 9.00 i 11.00. Franciszka\u0144ska tradycja bo\u017conarodzeniowych szopek Bo\u017ce Narodzenie nale\u017cy do najstarszych \u015bwi\u0105t w ko\u015bciele chrze\u015bcija\u0144skim. &hellip;\" \/>\n<meta property=\"og:url\" content=\"https:\/\/pakosc-kalwaria.franciszkanie.net\/index.php\/2022\/01\/23\/czas-zimowych-ferii-okazja-do-adoracji-jezusa-w-zlobku-zapraszamy\/\" \/>\n<meta property=\"og:site_name\" content=\"Pako\u015b\u0107 \u2013 Kalwaria\" \/>\n<meta property=\"article:author\" content=\"https:\/\/www.facebook.com\/KalwariaPakosc\/\" \/>\n<meta property=\"article:published_time\" content=\"2022-01-23T12:00:41+00:00\" \/>\n<meta property=\"article:modified_time\" content=\"2022-01-29T08:21:52+00:00\" \/>\n<meta property=\"og:image\" content=\"https:\/\/pakosc-kalwaria.franciszkanie.net\/wp-content\/uploads\/2021\/12\/1-2.jpg\" \/>\n\t<meta property=\"og:image:width\" content=\"1024\" \/>\n\t<meta property=\"og:image:height\" content=\"576\" \/>\n\t<meta property=\"og:image:type\" content=\"image\/jpeg\" \/>\n<meta name=\"twitter:card\" content=\"summary\" \/>\n<meta name=\"twitter:label1\" content=\"Napisane przez\" \/>\n\t<meta name=\"twitter:data1\" content=\"pakosc-kalwaria\" \/>\n\t<meta name=\"twitter:label2\" content=\"Szacowany czas czytania\" \/>\n\t<meta name=\"twitter:data2\" content=\"2 minuty\" \/>\n<script type=\"application\/ld+json\" class=\"yoast-schema-graph\">{\"@context\":\"https:\/\/schema.org\",\"@graph\":[{\"@type\":\"WebSite\",\"@id\":\"https:\/\/pakosc-kalwaria.franciszkanie.net\/#website\",\"url\":\"https:\/\/pakosc-kalwaria.franciszkanie.net\/\",\"name\":\"Pako\u015b\u0107 \u2013 Kalwaria\",\"description\":\"Parafia Rzymsko \u2013 Katolicka p.w. Pana Jezusa Ukrzy\u017cowanego i  Matki Bo\u017cej Bolesnej ul. Barci\u0144ska 60, 88\u2013170 Pako\u015b\u0107 \u2013 Kalwaria\",\"potentialAction\":[{\"@type\":\"SearchAction\",\"target\":{\"@type\":\"EntryPoint\",\"urlTemplate\":\"https:\/\/pakosc-kalwaria.franciszkanie.net\/?s={search_term_string}\"},\"query-input\":\"required name=search_term_string\"}],\"inLanguage\":\"pl-PL\"},{\"@type\":\"ImageObject\",\"@id\":\"https:\/\/pakosc-kalwaria.franciszkanie.net\/index.php\/2022\/01\/23\/czas-zimowych-ferii-okazja-do-adoracji-jezusa-w-zlobku-zapraszamy\/#primaryimage\",\"inLanguage\":\"pl-PL\",\"url\":\"https:\/\/pakosc-kalwaria.franciszkanie.net\/wp-content\/uploads\/2021\/12\/1-2.jpg\",\"contentUrl\":\"https:\/\/pakosc-kalwaria.franciszkanie.net\/wp-content\/uploads\/2021\/12\/1-2.jpg\",\"width\":1024,\"height\":576},{\"@type\":\"WebPage\",\"@id\":\"https:\/\/pakosc-kalwaria.franciszkanie.net\/index.php\/2022\/01\/23\/czas-zimowych-ferii-okazja-do-adoracji-jezusa-w-zlobku-zapraszamy\/#webpage\",\"url\":\"https:\/\/pakosc-kalwaria.franciszkanie.net\/index.php\/2022\/01\/23\/czas-zimowych-ferii-okazja-do-adoracji-jezusa-w-zlobku-zapraszamy\/\",\"name\":\"Czas zimowych ferii okazj\u0105 do adoracji Jezusa w \u017b\u0142\u00f3bku. Zapraszamy! - Pako\u015b\u0107 \u2013 Kalwaria\",\"isPartOf\":{\"@id\":\"https:\/\/pakosc-kalwaria.franciszkanie.net\/#website\"},\"primaryImageOfPage\":{\"@id\":\"https:\/\/pakosc-kalwaria.franciszkanie.net\/index.php\/2022\/01\/23\/czas-zimowych-ferii-okazja-do-adoracji-jezusa-w-zlobku-zapraszamy\/#primaryimage\"},\"datePublished\":\"2022-01-23T12:00:41+00:00\",\"dateModified\":\"2022-01-29T08:21:52+00:00\",\"author\":{\"@id\":\"https:\/\/pakosc-kalwaria.franciszkanie.net\/#\/schema\/person\/af10b943be0760709227d060eadcb2aa\"},\"breadcrumb\":{\"@id\":\"https:\/\/pakosc-kalwaria.franciszkanie.net\/index.php\/2022\/01\/23\/czas-zimowych-ferii-okazja-do-adoracji-jezusa-w-zlobku-zapraszamy\/#breadcrumb\"},\"inLanguage\":\"pl-PL\",\"potentialAction\":[{\"@type\":\"ReadAction\",\"target\":[\"https:\/\/pakosc-kalwaria.franciszkanie.net\/index.php\/2022\/01\/23\/czas-zimowych-ferii-okazja-do-adoracji-jezusa-w-zlobku-zapraszamy\/\"]}]},{\"@type\":\"BreadcrumbList\",\"@id\":\"https:\/\/pakosc-kalwaria.franciszkanie.net\/index.php\/2022\/01\/23\/czas-zimowych-ferii-okazja-do-adoracji-jezusa-w-zlobku-zapraszamy\/#breadcrumb\",\"itemListElement\":[{\"@type\":\"ListItem\",\"position\":1,\"name\":\"Strona g\u0142\u00f3wna\",\"item\":\"https:\/\/pakosc-kalwaria.franciszkanie.net\/\"},{\"@type\":\"ListItem\",\"position\":2,\"name\":\"Czas zimowych ferii okazj\u0105 do adoracji Jezusa w \u017b\u0142\u00f3bku. Zapraszamy!\"}]},{\"@type\":\"Person\",\"@id\":\"https:\/\/pakosc-kalwaria.franciszkanie.net\/#\/schema\/person\/af10b943be0760709227d060eadcb2aa\",\"name\":\"pakosc-kalwaria\",\"image\":{\"@type\":\"ImageObject\",\"@id\":\"https:\/\/pakosc-kalwaria.franciszkanie.net\/#personlogo\",\"inLanguage\":\"pl-PL\",\"url\":\"https:\/\/secure.gravatar.com\/avatar\/e7049d338b55eac6a0027ff3218b8d02?s=96&d=mm&r=g\",\"contentUrl\":\"https:\/\/secure.gravatar.com\/avatar\/e7049d338b55eac6a0027ff3218b8d02?s=96&d=mm&r=g\",\"caption\":\"pakosc-kalwaria\"},\"sameAs\":[\"https:\/\/www.facebook.com\/KalwariaPakosc\/\"],\"url\":\"https:\/\/pakosc-kalwaria.franciszkanie.net\/index.php\/author\/pakosc-kalwaria\/\"}]}<\/script>\n<!-- \/ Yoast SEO plugin. -->","yoast_head_json":{"title":"Czas zimowych ferii okazj\u0105 do adoracji Jezusa w \u017b\u0142\u00f3bku. Zapraszamy! - Pako\u015b\u0107 \u2013 Kalwaria","robots":{"index":"index","follow":"follow","max-snippet":"max-snippet:-1","max-image-preview":"max-image-preview:large","max-video-preview":"max-video-preview:-1"},"canonical":"https:\/\/pakosc-kalwaria.franciszkanie.net\/index.php\/2022\/01\/23\/czas-zimowych-ferii-okazja-do-adoracji-jezusa-w-zlobku-zapraszamy\/","og_locale":"pl_PL","og_type":"article","og_title":"Czas zimowych ferii okazj\u0105 do adoracji Jezusa w \u017b\u0142\u00f3bku. Zapraszamy! - Pako\u015b\u0107 \u2013 Kalwaria","og_description":"Zach\u0119camy i zapraszamy do modlitwy i kontemplacji Jezusa w scenerii pi\u0119knego, pe\u0142nego franciszka\u0144skiej prostoty \u017c\u0142\u00f3bka, codziennie do 2 lutego od 10.00\u2013 17.00. Ciekawostk\u0105 s\u0105 ruchome elementy w naszym kalwaryjskim \u017b\u0142\u00f3bku! Msza \u015bw. w tygodniu o 17.00, a niedziele o 9.00 i 11.00. Franciszka\u0144ska tradycja bo\u017conarodzeniowych szopek Bo\u017ce Narodzenie nale\u017cy do najstarszych \u015bwi\u0105t w ko\u015bciele chrze\u015bcija\u0144skim. &hellip;","og_url":"https:\/\/pakosc-kalwaria.franciszkanie.net\/index.php\/2022\/01\/23\/czas-zimowych-ferii-okazja-do-adoracji-jezusa-w-zlobku-zapraszamy\/","og_site_name":"Pako\u015b\u0107 \u2013 Kalwaria","article_author":"https:\/\/www.facebook.com\/KalwariaPakosc\/","article_published_time":"2022-01-23T12:00:41+00:00","article_modified_time":"2022-01-29T08:21:52+00:00","og_image":[{"width":1024,"height":576,"url":"https:\/\/pakosc-kalwaria.franciszkanie.net\/wp-content\/uploads\/2021\/12\/1-2.jpg","type":"image\/jpeg"}],"twitter_card":"summary","twitter_misc":{"Napisane przez":"pakosc-kalwaria","Szacowany czas czytania":"2 minuty"},"schema":{"@context":"https:\/\/schema.org","@graph":[{"@type":"WebSite","@id":"https:\/\/pakosc-kalwaria.franciszkanie.net\/#website","url":"https:\/\/pakosc-kalwaria.franciszkanie.net\/","name":"Pako\u015b\u0107 \u2013 Kalwaria","description":"Parafia Rzymsko \u2013 Katolicka p.w. Pana Jezusa Ukrzy\u017cowanego i  Matki Bo\u017cej Bolesnej ul. Barci\u0144ska 60, 88\u2013170 Pako\u015b\u0107 \u2013 Kalwaria","potentialAction":[{"@type":"SearchAction","target":{"@type":"EntryPoint","urlTemplate":"https:\/\/pakosc-kalwaria.franciszkanie.net\/?s={search_term_string}"},"query-input":"required name=search_term_string"}],"inLanguage":"pl-PL"},{"@type":"ImageObject","@id":"https:\/\/pakosc-kalwaria.franciszkanie.net\/index.php\/2022\/01\/23\/czas-zimowych-ferii-okazja-do-adoracji-jezusa-w-zlobku-zapraszamy\/#primaryimage","inLanguage":"pl-PL","url":"https:\/\/pakosc-kalwaria.franciszkanie.net\/wp-content\/uploads\/2021\/12\/1-2.jpg","contentUrl":"https:\/\/pakosc-kalwaria.franciszkanie.net\/wp-content\/uploads\/2021\/12\/1-2.jpg","width":1024,"height":576},{"@type":"WebPage","@id":"https:\/\/pakosc-kalwaria.franciszkanie.net\/index.php\/2022\/01\/23\/czas-zimowych-ferii-okazja-do-adoracji-jezusa-w-zlobku-zapraszamy\/#webpage","url":"https:\/\/pakosc-kalwaria.franciszkanie.net\/index.php\/2022\/01\/23\/czas-zimowych-ferii-okazja-do-adoracji-jezusa-w-zlobku-zapraszamy\/","name":"Czas zimowych ferii okazj\u0105 do adoracji Jezusa w \u017b\u0142\u00f3bku. Zapraszamy! - Pako\u015b\u0107 \u2013 Kalwaria","isPartOf":{"@id":"https:\/\/pakosc-kalwaria.franciszkanie.net\/#website"},"primaryImageOfPage":{"@id":"https:\/\/pakosc-kalwaria.franciszkanie.net\/index.php\/2022\/01\/23\/czas-zimowych-ferii-okazja-do-adoracji-jezusa-w-zlobku-zapraszamy\/#primaryimage"},"datePublished":"2022-01-23T12:00:41+00:00","dateModified":"2022-01-29T08:21:52+00:00","author":{"@id":"https:\/\/pakosc-kalwaria.franciszkanie.net\/#\/schema\/person\/af10b943be0760709227d060eadcb2aa"},"breadcrumb":{"@id":"https:\/\/pakosc-kalwaria.franciszkanie.net\/index.php\/2022\/01\/23\/czas-zimowych-ferii-okazja-do-adoracji-jezusa-w-zlobku-zapraszamy\/#breadcrumb"},"inLanguage":"pl-PL","potentialAction":[{"@type":"ReadAction","target":["https:\/\/pakosc-kalwaria.franciszkanie.net\/index.php\/2022\/01\/23\/czas-zimowych-ferii-okazja-do-adoracji-jezusa-w-zlobku-zapraszamy\/"]}]},{"@type":"BreadcrumbList","@id":"https:\/\/pakosc-kalwaria.franciszkanie.net\/index.php\/2022\/01\/23\/czas-zimowych-ferii-okazja-do-adoracji-jezusa-w-zlobku-zapraszamy\/#breadcrumb","itemListElement":[{"@type":"ListItem","position":1,"name":"Strona g\u0142\u00f3wna","item":"https:\/\/pakosc-kalwaria.franciszkanie.net\/"},{"@type":"ListItem","position":2,"name":"Czas zimowych ferii okazj\u0105 do adoracji Jezusa w \u017b\u0142\u00f3bku. Zapraszamy!"}]},{"@type":"Person","@id":"https:\/\/pakosc-kalwaria.franciszkanie.net\/#\/schema\/person\/af10b943be0760709227d060eadcb2aa","name":"pakosc-kalwaria","image":{"@type":"ImageObject","@id":"https:\/\/pakosc-kalwaria.franciszkanie.net\/#personlogo","inLanguage":"pl-PL","url":"https:\/\/secure.gravatar.com\/avatar\/e7049d338b55eac6a0027ff3218b8d02?s=96&d=mm&r=g","contentUrl":"https:\/\/secure.gravatar.com\/avatar\/e7049d338b55eac6a0027ff3218b8d02?s=96&d=mm&r=g","caption":"pakosc-kalwaria"},"sameAs":["https:\/\/www.facebook.com\/KalwariaPakosc\/"],"url":"https:\/\/pakosc-kalwaria.franciszkanie.net\/index.php\/author\/pakosc-kalwaria\/"}]}},"_links":{"self":[{"href":"https:\/\/pakosc-kalwaria.franciszkanie.net\/index.php\/wp-json\/wp\/v2\/posts\/21482"}],"collection":[{"href":"https:\/\/pakosc-kalwaria.franciszkanie.net\/index.php\/wp-json\/wp\/v2\/posts"}],"about":[{"href":"https:\/\/pakosc-kalwaria.franciszkanie.net\/index.php\/wp-json\/wp\/v2\/types\/post"}],"author":[{"embeddable":true,"href":"https:\/\/pakosc-kalwaria.franciszkanie.net\/index.php\/wp-json\/wp\/v2\/users\/2"}],"replies":[{"embeddable":true,"href":"https:\/\/pakosc-kalwaria.franciszkanie.net\/index.php\/wp-json\/wp\/v2\/comments?post=21482"}],"version-history":[{"count":3,"href":"https:\/\/pakosc-kalwaria.franciszkanie.net\/index.php\/wp-json\/wp\/v2\/posts\/21482\/revisions"}],"predecessor-version":[{"id":21534,"href":"https:\/\/pakosc-kalwaria.franciszkanie.net\/index.php\/wp-json\/wp\/v2\/posts\/21482\/revisions\/21534"}],"wp:featuredmedia":[{"embeddable":true,"href":"https:\/\/pakosc-kalwaria.franciszkanie.net\/index.php\/wp-json\/wp\/v2\/media\/21081"}],"wp:attachment":[{"href":"https:\/\/pakosc-kalwaria.franciszkanie.net\/index.php\/wp-json\/wp\/v2\/media?parent=21482"}],"wp:term":[{"taxonomy":"category","embeddable":true,"href":"https:\/\/pakosc-kalwaria.franciszkanie.net\/index.php\/wp-json\/wp\/v2\/categories?post=21482"},{"taxonomy":"post_tag","embeddable":true,"href":"https:\/\/pakosc-kalwaria.franciszkanie.net\/index.php\/wp-json\/wp\/v2\/tags?post=21482"}],"curies":[{"name":"wp","href":"https:\/\/api.w.org\/{rel}","templated":true}]}}