{"id":21484,"date":"2022-01-21T18:10:28","date_gmt":"2022-01-21T17:10:28","guid":{"rendered":"http:\/\/pakosc-kalwaria.franciszkanie.net\/?p=21484"},"modified":"2022-01-22T15:50:38","modified_gmt":"2022-01-22T14:50:38","slug":"tydzien-modlitw-o-jednosc-chrzescijan-18-25-stycznia-2022","status":"publish","type":"post","link":"https:\/\/pakosc-kalwaria.franciszkanie.net\/index.php\/2022\/01\/21\/tydzien-modlitw-o-jednosc-chrzescijan-18-25-stycznia-2022\/","title":{"rendered":"Tydzie\u0144 Modlitw o Jedno\u015b\u0107 Chrze\u015bcijan 18 &#8211; 25 stycznia 2022"},"content":{"rendered":"<p><span style=\"color: #ff0000;\"><strong>Pod has\u0142em &#8222;Zobaczyli\u015bmy Jego gwiazd\u0119 na Wschodzie i przyszli\u015bmy odda\u0107 Mu pok\u0142on&#8221; od 18 do 25 stycznia przebiega Tydzie\u0144 Modlitw o Jedno\u015b\u0107 Chrze\u015bcijan.<\/strong> <\/span>W tym czasie chrze\u015bcijanie r\u00f3\u017cnych wyzna\u0144 na ca\u0142ym \u015bwiecie b\u0119d\u0105 si\u0119 spotyka\u0107 na nabo\u017ce\u0144stwach ekumenicznych.<\/p>\n<p>W Polsce centralne nabo\u017ce\u0144stwo Tygodnia Modlitw o Jedno\u015b\u0107 Chrze\u015bcijan odb\u0119dzie si\u0119 w niedziel\u0119, 23 stycznia, o godz. 17.00 w prawos\u0142awnej katedrze metropolitalnej \u015bw. Marii Magdaleny w Warszawie.<\/p>\n<p>Tegoroczne materia\u0142y i modlitwy na ten czas przygotowa\u0142a Rada Ko\u015bcio\u0142\u00f3w Bliskiego Wschodu.<\/p>\n<p>Tydzie\u0144 Modlitw o Jedno\u015b\u0107 Chrze\u015bcijan pierwszy raz zosta\u0142 zorganizowany w 1908 r. Zosta\u0142 on zaproponowany przez pioniera ruchu ekumenicznego Paula Wartsona z USA. Jest organizowany, co roku mi\u0119dzy 18 a 25 stycznia, czyli mi\u0119dzy dawnym \u015bwi\u0119tem katedry \u015bw. Piotra a \u015bwi\u0119tem nawr\u00f3cenia \u015bw. Paw\u0142a. W niekt\u00f3rych diecezjach czy miastach czas wydarze\u0144 ekumenicznych ograniczony jest do jednego nabo\u017ce\u0144stwa, w innych wyd\u0142u\u017ca si\u0119 do kilku tygodni.<\/p>\n<p><strong>\u00a0<\/strong><strong>Has\u0142o tygodnia: Zobaczyli\u015bmy Jego gwiazd\u0119 na Wschodzie i przyszli\u015bmy odda\u0107 Mu pok\u0142on (Mt 2,2)<br \/>\n<\/strong>Podczas Tygodnia Modlitw o Jedno\u015b\u0107 Chrze\u015bcijan 2022 rozwa\u017cany b\u0119dzie biblijny tekst zaczerpni\u0119ty z Ewangelii Mateusza 2,1\u201312. Materia\u0142y do ekumenicznych modlitw zosta\u0142y przygotowane przez Rad\u0119 Ko\u015bcio\u0142\u00f3w Bliskiego Wschodu.<\/p>\n<p><strong>Tematy poszczeg\u00f3lnych dni ekumenicznej oktawy s\u0105 nast\u0119puj\u0105ce:<\/strong><\/p>\n<ul>\n<li><strong>Dzie\u0144 1:<\/strong> Podnie\u015b nas i przyci\u0105gnij do swojego wspania\u0142ego \u015bwiat\u0142a<\/li>\n<li><strong>Dzie\u0144 2:<\/strong> Pokorne przyw\u00f3dztwo burzy mury i buduje z mi\u0142o\u015bci\u0105<\/li>\n<li><strong>Dzie\u0144 3:<\/strong> Obecno\u015b\u0107 Chrystusa przewraca \u015bwiat do g\u00f3ry nogami<\/li>\n<li><strong>Dzie\u0144 4:<\/strong> Cho\u0107 mali i cierpi\u0105cy, niczego nam nie brakuje<\/li>\n<li><strong>Dzie\u0144 5:<\/strong> Prowadzeni przez jedynego Pana<\/li>\n<li><strong>Dzie\u0144 6:<\/strong> Zgromadzeni w uwielbieniu wok\u00f3\u0142 Jedynego Pana<\/li>\n<li><strong>Dzie\u0144 7:<\/strong> Dary wsp\u00f3lnoty<\/li>\n<li><strong>Dzie\u0144 8:<\/strong> Ponad znanymi drogami podzia\u0142u do Bo\u017cych nowych \u015bcie\u017cek<\/li>\n<\/ul>\n","protected":false},"excerpt":{"rendered":"<p>Pod has\u0142em &#8222;Zobaczyli\u015bmy Jego gwiazd\u0119 na Wschodzie i przyszli\u015bmy odda\u0107 Mu pok\u0142on&#8221; od 18 do 25 stycznia przebiega Tydzie\u0144 Modlitw o Jedno\u015b\u0107 Chrze\u015bcijan. W tym czasie chrze\u015bcijanie r\u00f3\u017cnych wyzna\u0144 na ca\u0142ym \u015bwiecie b\u0119d\u0105 si\u0119 spotyka\u0107 na nabo\u017ce\u0144stwach ekumenicznych. W Polsce centralne nabo\u017ce\u0144stwo Tygodnia Modlitw o Jedno\u015b\u0107 Chrze\u015bcijan odb\u0119dzie si\u0119 w niedziel\u0119, 23 stycznia, o godz. &hellip;<\/p>\n","protected":false},"author":2,"featured_media":21529,"comment_status":"closed","ping_status":"closed","sticky":false,"template":"","format":"standard","meta":{"_mi_skip_tracking":false,"_exactmetrics_sitenote_active":false,"_exactmetrics_sitenote_note":"","_exactmetrics_sitenote_category":0},"categories":[13,14],"tags":[],"yoast_head":"<!-- This site is optimized with the Yoast SEO plugin v18.1 - https:\/\/yoast.com\/wordpress\/plugins\/seo\/ -->\n<title>Tydzie\u0144 Modlitw o Jedno\u015b\u0107 Chrze\u015bcijan 18 - 25 stycznia 2022 - Pako\u015b\u0107 \u2013 Kalwaria<\/title>\n<meta name=\"robots\" content=\"index, follow, max-snippet:-1, max-image-preview:large, max-video-preview:-1\" \/>\n<link rel=\"canonical\" href=\"https:\/\/pakosc-kalwaria.franciszkanie.net\/index.php\/2022\/01\/21\/tydzien-modlitw-o-jednosc-chrzescijan-18-25-stycznia-2022\/\" \/>\n<meta property=\"og:locale\" content=\"pl_PL\" \/>\n<meta property=\"og:type\" content=\"article\" \/>\n<meta property=\"og:title\" content=\"Tydzie\u0144 Modlitw o Jedno\u015b\u0107 Chrze\u015bcijan 18 - 25 stycznia 2022 - Pako\u015b\u0107 \u2013 Kalwaria\" \/>\n<meta property=\"og:description\" content=\"Pod has\u0142em &#8222;Zobaczyli\u015bmy Jego gwiazd\u0119 na Wschodzie i przyszli\u015bmy odda\u0107 Mu pok\u0142on&#8221; od 18 do 25 stycznia przebiega Tydzie\u0144 Modlitw o Jedno\u015b\u0107 Chrze\u015bcijan. W tym czasie chrze\u015bcijanie r\u00f3\u017cnych wyzna\u0144 na ca\u0142ym \u015bwiecie b\u0119d\u0105 si\u0119 spotyka\u0107 na nabo\u017ce\u0144stwach ekumenicznych. W Polsce centralne nabo\u017ce\u0144stwo Tygodnia Modlitw o Jedno\u015b\u0107 Chrze\u015bcijan odb\u0119dzie si\u0119 w niedziel\u0119, 23 stycznia, o godz. &hellip;\" \/>\n<meta property=\"og:url\" content=\"https:\/\/pakosc-kalwaria.franciszkanie.net\/index.php\/2022\/01\/21\/tydzien-modlitw-o-jednosc-chrzescijan-18-25-stycznia-2022\/\" \/>\n<meta property=\"og:site_name\" content=\"Pako\u015b\u0107 \u2013 Kalwaria\" \/>\n<meta property=\"article:author\" content=\"https:\/\/www.facebook.com\/KalwariaPakosc\/\" \/>\n<meta property=\"article:published_time\" content=\"2022-01-21T17:10:28+00:00\" \/>\n<meta property=\"article:modified_time\" content=\"2022-01-22T14:50:38+00:00\" \/>\n<meta property=\"og:image\" content=\"https:\/\/pakosc-kalwaria.franciszkanie.net\/wp-content\/uploads\/2022\/01\/tmjch.jpg\" \/>\n\t<meta property=\"og:image:width\" content=\"300\" \/>\n\t<meta property=\"og:image:height\" content=\"225\" \/>\n\t<meta property=\"og:image:type\" content=\"image\/jpeg\" \/>\n<meta name=\"twitter:card\" content=\"summary\" \/>\n<meta name=\"twitter:label1\" content=\"Napisane przez\" \/>\n\t<meta name=\"twitter:data1\" content=\"pakosc-kalwaria\" \/>\n\t<meta name=\"twitter:label2\" content=\"Szacowany czas czytania\" \/>\n\t<meta name=\"twitter:data2\" content=\"1 minuta\" \/>\n<script type=\"application\/ld+json\" class=\"yoast-schema-graph\">{\"@context\":\"https:\/\/schema.org\",\"@graph\":[{\"@type\":\"WebSite\",\"@id\":\"https:\/\/pakosc-kalwaria.franciszkanie.net\/#website\",\"url\":\"https:\/\/pakosc-kalwaria.franciszkanie.net\/\",\"name\":\"Pako\u015b\u0107 \u2013 Kalwaria\",\"description\":\"Parafia Rzymsko \u2013 Katolicka p.w. Pana Jezusa Ukrzy\u017cowanego i  Matki Bo\u017cej Bolesnej ul. Barci\u0144ska 60, 88\u2013170 Pako\u015b\u0107 \u2013 Kalwaria\",\"potentialAction\":[{\"@type\":\"SearchAction\",\"target\":{\"@type\":\"EntryPoint\",\"urlTemplate\":\"https:\/\/pakosc-kalwaria.franciszkanie.net\/?s={search_term_string}\"},\"query-input\":\"required name=search_term_string\"}],\"inLanguage\":\"pl-PL\"},{\"@type\":\"ImageObject\",\"@id\":\"https:\/\/pakosc-kalwaria.franciszkanie.net\/index.php\/2022\/01\/21\/tydzien-modlitw-o-jednosc-chrzescijan-18-25-stycznia-2022\/#primaryimage\",\"inLanguage\":\"pl-PL\",\"url\":\"https:\/\/pakosc-kalwaria.franciszkanie.net\/wp-content\/uploads\/2022\/01\/tmjch.jpg\",\"contentUrl\":\"https:\/\/pakosc-kalwaria.franciszkanie.net\/wp-content\/uploads\/2022\/01\/tmjch.jpg\",\"width\":300,\"height\":225},{\"@type\":\"WebPage\",\"@id\":\"https:\/\/pakosc-kalwaria.franciszkanie.net\/index.php\/2022\/01\/21\/tydzien-modlitw-o-jednosc-chrzescijan-18-25-stycznia-2022\/#webpage\",\"url\":\"https:\/\/pakosc-kalwaria.franciszkanie.net\/index.php\/2022\/01\/21\/tydzien-modlitw-o-jednosc-chrzescijan-18-25-stycznia-2022\/\",\"name\":\"Tydzie\u0144 Modlitw o Jedno\u015b\u0107 Chrze\u015bcijan 18 - 25 stycznia 2022 - Pako\u015b\u0107 \u2013 Kalwaria\",\"isPartOf\":{\"@id\":\"https:\/\/pakosc-kalwaria.franciszkanie.net\/#website\"},\"primaryImageOfPage\":{\"@id\":\"https:\/\/pakosc-kalwaria.franciszkanie.net\/index.php\/2022\/01\/21\/tydzien-modlitw-o-jednosc-chrzescijan-18-25-stycznia-2022\/#primaryimage\"},\"datePublished\":\"2022-01-21T17:10:28+00:00\",\"dateModified\":\"2022-01-22T14:50:38+00:00\",\"author\":{\"@id\":\"https:\/\/pakosc-kalwaria.franciszkanie.net\/#\/schema\/person\/af10b943be0760709227d060eadcb2aa\"},\"breadcrumb\":{\"@id\":\"https:\/\/pakosc-kalwaria.franciszkanie.net\/index.php\/2022\/01\/21\/tydzien-modlitw-o-jednosc-chrzescijan-18-25-stycznia-2022\/#breadcrumb\"},\"inLanguage\":\"pl-PL\",\"potentialAction\":[{\"@type\":\"ReadAction\",\"target\":[\"https:\/\/pakosc-kalwaria.franciszkanie.net\/index.php\/2022\/01\/21\/tydzien-modlitw-o-jednosc-chrzescijan-18-25-stycznia-2022\/\"]}]},{\"@type\":\"BreadcrumbList\",\"@id\":\"https:\/\/pakosc-kalwaria.franciszkanie.net\/index.php\/2022\/01\/21\/tydzien-modlitw-o-jednosc-chrzescijan-18-25-stycznia-2022\/#breadcrumb\",\"itemListElement\":[{\"@type\":\"ListItem\",\"position\":1,\"name\":\"Strona g\u0142\u00f3wna\",\"item\":\"https:\/\/pakosc-kalwaria.franciszkanie.net\/\"},{\"@type\":\"ListItem\",\"position\":2,\"name\":\"Tydzie\u0144 Modlitw o Jedno\u015b\u0107 Chrze\u015bcijan 18 &#8211; 25 stycznia 2022\"}]},{\"@type\":\"Person\",\"@id\":\"https:\/\/pakosc-kalwaria.franciszkanie.net\/#\/schema\/person\/af10b943be0760709227d060eadcb2aa\",\"name\":\"pakosc-kalwaria\",\"image\":{\"@type\":\"ImageObject\",\"@id\":\"https:\/\/pakosc-kalwaria.franciszkanie.net\/#personlogo\",\"inLanguage\":\"pl-PL\",\"url\":\"https:\/\/secure.gravatar.com\/avatar\/e7049d338b55eac6a0027ff3218b8d02?s=96&d=mm&r=g\",\"contentUrl\":\"https:\/\/secure.gravatar.com\/avatar\/e7049d338b55eac6a0027ff3218b8d02?s=96&d=mm&r=g\",\"caption\":\"pakosc-kalwaria\"},\"sameAs\":[\"https:\/\/www.facebook.com\/KalwariaPakosc\/\"],\"url\":\"https:\/\/pakosc-kalwaria.franciszkanie.net\/index.php\/author\/pakosc-kalwaria\/\"}]}<\/script>\n<!-- \/ Yoast SEO plugin. -->","yoast_head_json":{"title":"Tydzie\u0144 Modlitw o Jedno\u015b\u0107 Chrze\u015bcijan 18 - 25 stycznia 2022 - Pako\u015b\u0107 \u2013 Kalwaria","robots":{"index":"index","follow":"follow","max-snippet":"max-snippet:-1","max-image-preview":"max-image-preview:large","max-video-preview":"max-video-preview:-1"},"canonical":"https:\/\/pakosc-kalwaria.franciszkanie.net\/index.php\/2022\/01\/21\/tydzien-modlitw-o-jednosc-chrzescijan-18-25-stycznia-2022\/","og_locale":"pl_PL","og_type":"article","og_title":"Tydzie\u0144 Modlitw o Jedno\u015b\u0107 Chrze\u015bcijan 18 - 25 stycznia 2022 - Pako\u015b\u0107 \u2013 Kalwaria","og_description":"Pod has\u0142em &#8222;Zobaczyli\u015bmy Jego gwiazd\u0119 na Wschodzie i przyszli\u015bmy odda\u0107 Mu pok\u0142on&#8221; od 18 do 25 stycznia przebiega Tydzie\u0144 Modlitw o Jedno\u015b\u0107 Chrze\u015bcijan. W tym czasie chrze\u015bcijanie r\u00f3\u017cnych wyzna\u0144 na ca\u0142ym \u015bwiecie b\u0119d\u0105 si\u0119 spotyka\u0107 na nabo\u017ce\u0144stwach ekumenicznych. W Polsce centralne nabo\u017ce\u0144stwo Tygodnia Modlitw o Jedno\u015b\u0107 Chrze\u015bcijan odb\u0119dzie si\u0119 w niedziel\u0119, 23 stycznia, o godz. &hellip;","og_url":"https:\/\/pakosc-kalwaria.franciszkanie.net\/index.php\/2022\/01\/21\/tydzien-modlitw-o-jednosc-chrzescijan-18-25-stycznia-2022\/","og_site_name":"Pako\u015b\u0107 \u2013 Kalwaria","article_author":"https:\/\/www.facebook.com\/KalwariaPakosc\/","article_published_time":"2022-01-21T17:10:28+00:00","article_modified_time":"2022-01-22T14:50:38+00:00","og_image":[{"width":300,"height":225,"url":"https:\/\/pakosc-kalwaria.franciszkanie.net\/wp-content\/uploads\/2022\/01\/tmjch.jpg","type":"image\/jpeg"}],"twitter_card":"summary","twitter_misc":{"Napisane przez":"pakosc-kalwaria","Szacowany czas czytania":"1 minuta"},"schema":{"@context":"https:\/\/schema.org","@graph":[{"@type":"WebSite","@id":"https:\/\/pakosc-kalwaria.franciszkanie.net\/#website","url":"https:\/\/pakosc-kalwaria.franciszkanie.net\/","name":"Pako\u015b\u0107 \u2013 Kalwaria","description":"Parafia Rzymsko \u2013 Katolicka p.w. Pana Jezusa Ukrzy\u017cowanego i  Matki Bo\u017cej Bolesnej ul. Barci\u0144ska 60, 88\u2013170 Pako\u015b\u0107 \u2013 Kalwaria","potentialAction":[{"@type":"SearchAction","target":{"@type":"EntryPoint","urlTemplate":"https:\/\/pakosc-kalwaria.franciszkanie.net\/?s={search_term_string}"},"query-input":"required name=search_term_string"}],"inLanguage":"pl-PL"},{"@type":"ImageObject","@id":"https:\/\/pakosc-kalwaria.franciszkanie.net\/index.php\/2022\/01\/21\/tydzien-modlitw-o-jednosc-chrzescijan-18-25-stycznia-2022\/#primaryimage","inLanguage":"pl-PL","url":"https:\/\/pakosc-kalwaria.franciszkanie.net\/wp-content\/uploads\/2022\/01\/tmjch.jpg","contentUrl":"https:\/\/pakosc-kalwaria.franciszkanie.net\/wp-content\/uploads\/2022\/01\/tmjch.jpg","width":300,"height":225},{"@type":"WebPage","@id":"https:\/\/pakosc-kalwaria.franciszkanie.net\/index.php\/2022\/01\/21\/tydzien-modlitw-o-jednosc-chrzescijan-18-25-stycznia-2022\/#webpage","url":"https:\/\/pakosc-kalwaria.franciszkanie.net\/index.php\/2022\/01\/21\/tydzien-modlitw-o-jednosc-chrzescijan-18-25-stycznia-2022\/","name":"Tydzie\u0144 Modlitw o Jedno\u015b\u0107 Chrze\u015bcijan 18 - 25 stycznia 2022 - Pako\u015b\u0107 \u2013 Kalwaria","isPartOf":{"@id":"https:\/\/pakosc-kalwaria.franciszkanie.net\/#website"},"primaryImageOfPage":{"@id":"https:\/\/pakosc-kalwaria.franciszkanie.net\/index.php\/2022\/01\/21\/tydzien-modlitw-o-jednosc-chrzescijan-18-25-stycznia-2022\/#primaryimage"},"datePublished":"2022-01-21T17:10:28+00:00","dateModified":"2022-01-22T14:50:38+00:00","author":{"@id":"https:\/\/pakosc-kalwaria.franciszkanie.net\/#\/schema\/person\/af10b943be0760709227d060eadcb2aa"},"breadcrumb":{"@id":"https:\/\/pakosc-kalwaria.franciszkanie.net\/index.php\/2022\/01\/21\/tydzien-modlitw-o-jednosc-chrzescijan-18-25-stycznia-2022\/#breadcrumb"},"inLanguage":"pl-PL","potentialAction":[{"@type":"ReadAction","target":["https:\/\/pakosc-kalwaria.franciszkanie.net\/index.php\/2022\/01\/21\/tydzien-modlitw-o-jednosc-chrzescijan-18-25-stycznia-2022\/"]}]},{"@type":"BreadcrumbList","@id":"https:\/\/pakosc-kalwaria.franciszkanie.net\/index.php\/2022\/01\/21\/tydzien-modlitw-o-jednosc-chrzescijan-18-25-stycznia-2022\/#breadcrumb","itemListElement":[{"@type":"ListItem","position":1,"name":"Strona g\u0142\u00f3wna","item":"https:\/\/pakosc-kalwaria.franciszkanie.net\/"},{"@type":"ListItem","position":2,"name":"Tydzie\u0144 Modlitw o Jedno\u015b\u0107 Chrze\u015bcijan 18 &#8211; 25 stycznia 2022"}]},{"@type":"Person","@id":"https:\/\/pakosc-kalwaria.franciszkanie.net\/#\/schema\/person\/af10b943be0760709227d060eadcb2aa","name":"pakosc-kalwaria","image":{"@type":"ImageObject","@id":"https:\/\/pakosc-kalwaria.franciszkanie.net\/#personlogo","inLanguage":"pl-PL","url":"https:\/\/secure.gravatar.com\/avatar\/e7049d338b55eac6a0027ff3218b8d02?s=96&d=mm&r=g","contentUrl":"https:\/\/secure.gravatar.com\/avatar\/e7049d338b55eac6a0027ff3218b8d02?s=96&d=mm&r=g","caption":"pakosc-kalwaria"},"sameAs":["https:\/\/www.facebook.com\/KalwariaPakosc\/"],"url":"https:\/\/pakosc-kalwaria.franciszkanie.net\/index.php\/author\/pakosc-kalwaria\/"}]}},"_links":{"self":[{"href":"https:\/\/pakosc-kalwaria.franciszkanie.net\/index.php\/wp-json\/wp\/v2\/posts\/21484"}],"collection":[{"href":"https:\/\/pakosc-kalwaria.franciszkanie.net\/index.php\/wp-json\/wp\/v2\/posts"}],"about":[{"href":"https:\/\/pakosc-kalwaria.franciszkanie.net\/index.php\/wp-json\/wp\/v2\/types\/post"}],"author":[{"embeddable":true,"href":"https:\/\/pakosc-kalwaria.franciszkanie.net\/index.php\/wp-json\/wp\/v2\/users\/2"}],"replies":[{"embeddable":true,"href":"https:\/\/pakosc-kalwaria.franciszkanie.net\/index.php\/wp-json\/wp\/v2\/comments?post=21484"}],"version-history":[{"count":3,"href":"https:\/\/pakosc-kalwaria.franciszkanie.net\/index.php\/wp-json\/wp\/v2\/posts\/21484\/revisions"}],"predecessor-version":[{"id":21566,"href":"https:\/\/pakosc-kalwaria.franciszkanie.net\/index.php\/wp-json\/wp\/v2\/posts\/21484\/revisions\/21566"}],"wp:featuredmedia":[{"embeddable":true,"href":"https:\/\/pakosc-kalwaria.franciszkanie.net\/index.php\/wp-json\/wp\/v2\/media\/21529"}],"wp:attachment":[{"href":"https:\/\/pakosc-kalwaria.franciszkanie.net\/index.php\/wp-json\/wp\/v2\/media?parent=21484"}],"wp:term":[{"taxonomy":"category","embeddable":true,"href":"https:\/\/pakosc-kalwaria.franciszkanie.net\/index.php\/wp-json\/wp\/v2\/categories?post=21484"},{"taxonomy":"post_tag","embeddable":true,"href":"https:\/\/pakosc-kalwaria.franciszkanie.net\/index.php\/wp-json\/wp\/v2\/tags?post=21484"}],"curies":[{"name":"wp","href":"https:\/\/api.w.org\/{rel}","templated":true}]}}