{"id":21646,"date":"2022-01-28T18:00:14","date_gmt":"2022-01-28T17:00:14","guid":{"rendered":"http:\/\/pakosc-kalwaria.franciszkanie.net\/?p=21646"},"modified":"2022-01-28T22:50:33","modified_gmt":"2022-01-28T21:50:33","slug":"do-medytacji-z-kalwaryjskiego-wzgorza-piatek-28-01-2022r","status":"publish","type":"post","link":"https:\/\/pakosc-kalwaria.franciszkanie.net\/index.php\/2022\/01\/28\/do-medytacji-z-kalwaryjskiego-wzgorza-piatek-28-01-2022r\/","title":{"rendered":"Do medytacji z kalwaryjskiego Wzg\u00f3rza \u2013 pi\u0105tek 28.01.2022r."},"content":{"rendered":"<p><strong><span style=\"color: #ff0000;\">Z kazania na kalwaryjskim Wzg\u00f3rzu \u2013 28.01.2022r.<\/span><br \/>\n<\/strong><strong>Wiara w Boga oparta na pobo\u017cno\u015bci i\u00a0 doktrynie<\/strong><br \/>\nStyl \u017cycia jaki podejmujemy na tej ziemi i jaki prowadzimy na co dzie\u0144,\u00a0 bardzo\u00a0 mocno wp\u0142ywa na jego kszta\u0142t i na to jakie to nasze \u017cycie przyniesie owoce. Niestety nie zawsze o tym pami\u0119tamy i nie zawsze zwracamy na to uwag\u0119. Patron dnia dzisiejszego \u015bw. Tomasz z Akwinu, wiedzia\u0142 o tym doskonale i nigdy o tym nie zapomina\u0142. Urodzi\u0142 si\u0119 ok. 1225r. we W\u0142oszech, w pobli\u017cu Monte Casino. Pragnieniem jego \u017cycia by\u0142o jak najlepsze poznanie Boga. Cz\u0119sto pyta\u0142 swojego nauczyciela: \u201eKim jest B\u00f3g? Prosz\u0119 mi wyja\u015bni\u0107, kto to jest B\u00f3g\u201d? Studiowa\u0142 najpierw w opactwie benedykty\u0144skim w Monte Casino, a nast\u0119pnie w Neapolu. Szybko jednak zrozumia\u0142, \u017ce do poznania Boga nie wystarczy tylko \u00a0ludzka wiedza. Dlatego jako m\u0142ody 20-letni ch\u0142opak, pomimo silnego sprzeciwu rodziny, \u00a0wst\u0105pi\u0142 do Zakonu Kaznodziej\u00f3w \u015bw. Dominika (dominikan\u00f3w). A potem przez ca\u0142e swoje dalsze \u017cycie by\u0142 blisko Boga. Czystym sercem zg\u0142\u0119bia\u0142 t\u0119 wielk\u0105 Tajemnic\u0119 jak\u0105 jest B\u00f3g, szczeg\u00f3lnie po\u015bwi\u0119caj\u0105c du\u017co czasu na modlitw\u0119. Napisa\u0142 wiele dzie\u0142 o Bogu i Jego M\u0105dro\u015bci, z kt\u00f3rych do dzisiaj mo\u017cemy korzysta\u0107. Zmar\u0142 w 1274r. w drodze na Sob\u00f3r Lio\u0144ski. Styl \u017cycia jaki prowadzi\u0142, jego g\u0142\u0119boka wiara w Boga i mi\u0142o\u015b\u0107 do Boga zadecydowa\u0142y o tym, \u017ce w 1323r. zosta\u0142 kanonizowany i og\u0142oszony doktorem Ko\u015bcio\u0142a.<br \/>\nGdy \u015bw. Tomasz z Akwinu rozpoczyna\u0142 swoje rozmy\u015blania o Bogu, a potem tak\u017ce nauczanie o Bogu, najpierw zawsze powierza\u0142 si\u0119 w modlitwie Duchowi \u015awi\u0119temu. Sporo czasu po\u015bwi\u0119ca\u0142 tak\u017ce na adoracj\u0119 Boga obecnego w tabernakulum, w Naj\u015bwi\u0119tszym Sakramencie. Mimo swojego ogromnego talentu i wielkiej m\u0105dro\u015bci, by\u0142 zarazem przyk\u0142adem pokory i w\u0142a\u015bciwej, prawej intencji w pracy. Gdy pewnego dnia Tomasz na modlitwie us\u0142ysza\u0142 g\u0142os Ukrzy\u017cowanego Jezusa, kt\u00f3ry powiedzia\u0142: \u201eDobrze napisa\u0142e\u015b o Mnie, Tomaszu. Jakiej nagrody chcesz za t\u0119 prac\u0119? Odpowiedzia\u0142: \u201ePanie, nie chc\u0119 niczego innego pr\u00f3cz Ciebie\u201d. Zdawa\u0142 sobie spraw\u0119, \u017ce cokolwiek powie i napisze o Bogu,\u00a0 b\u0119dzie to zaledwie odrobina z tej wielkiej Tajemnicy jak\u0105 jest B\u00f3g! Nazywamy jest \u201eaposto\u0142em prawdy\u201d, bo tej wielkiej Prawdzie, kt\u00f3r\u0105 jest B\u00f3g po\u015bwi\u0119ci\u0142 z bezinteresown\u0105 mi\u0142o\u015bci\u0105 ca\u0142e swoje \u017cycie.<br \/>\n\u015aw. Tomasz pokazuje jak bardzo wa\u017cn\u0105 spraw\u0105 w \u017cyciu cz\u0142owieka wierz\u0105cego w Boga, opr\u00f3cz pobo\u017cno\u015bci, jest tak\u017ce w\u0142a\u015bciwa formacja polegaj\u0105ca na pog\u0142\u0119bianiu wiedzy religijnej. W naszych czasach zauwa\u017camy jak wielka jest ignorancja ludzi ochrzczonych, je\u017celi chodzi o wiedz\u0119 religijn\u0105. I to jest te\u017c jeden z wa\u017cnych powod\u00f3w, dla kt\u00f3rych ludzie tak \u0142atwo dzisiaj trac\u0105 wiar\u0119 w Boga i odchodz\u0105 od Boga. W czasach, gdy pot\u0119\u017cne \u015brodki spo\u0142ecznego przekazu, takie jak internet, telewizja, radio, prasa, szerz\u0105 wiele zamieszania co do wiary w Boga, w\u0142a\u015bciwa i g\u0142\u0119boka formacja religijna jest wprost konieczna! \u015aw. Teresa od Jezusa powiedzia\u0142a, \u017ce \u201eim kto lepiej pozna Boga, tym \u0142atwiejszymi stan\u0105 mu si\u0119 sprawy podj\u0119te dla Jego chwa\u0142y\u201d. Nam r\u00f3wnie\u017c b\u0119dzie \u0142atwiej wierzy\u0107 w Boga, i kocha\u0107 Jezusa, je\u017celi postaramy si\u0119 Go bardziej pozna\u0107 i bardziej zg\u0142\u0119bi\u0107 Jego nauk\u0119, kt\u00f3r\u0105 przekazuje nam B\u00f3g w swoim S\u0142owie oraz poprzez nauczanie Ko\u015bcio\u0142a. Pami\u0119tajmy, \u017ce jeste\u015bmy te\u017c pos\u0142ani, aby innym przybli\u017ca\u0107 Jezusa i Jego nauczanie! I zdajemy sobie spraw\u0119 jak to jest dzisiaj wprost konieczne, szczeg\u00f3lnie dla dobra m\u0142odego pokolenia.<br \/>\nRozwa\u017caj\u0105c \u017cycie i dzie\u0142o \u015bw. Tomasza z Akwinu, pami\u0119tajmy o tym, \u00a0\u017ce pobo\u017cno\u015b\u0107 wymaga tak\u017ce znajomo\u015bci chrze\u015bcija\u0144skiej doktryny wiary w Boga. Dlatego podejmijmy mocne postanowienie, \u017ce w swoim dalszym \u017cyciu b\u0119dziemy nie tylko rozwijali w sobie pobo\u017cno\u015b\u0107, ale b\u0119dziemy tak\u017ce nieustannie pog\u0142\u0119biali nasz\u0105 chrze\u015bcija\u0144sk\u0105 formacj\u0119. A mo\u017cliwo\u015bci do tego mamy dzisiaj naprawd\u0119 bardzo wiele: w Pi\u015bmie \u015bwi\u0119tym i dokumentach Ko\u015bcio\u0142a, w ksi\u0105\u017ckach i prasie katolickiej, a tak\u017ce w internecie, telewizji, radiu, no i oczywi\u015bcie tak\u017ce w parafialnych i ko\u015bcielnych Wsp\u00f3lnotach! Nic tylko z tych mo\u017cliwo\u015bci jak najcz\u0119\u015bciej korzysta\u0107! Amen.<br \/>\n(o.R.)<\/p>\n","protected":false},"excerpt":{"rendered":"<p>Z kazania na kalwaryjskim Wzg\u00f3rzu \u2013 28.01.2022r. Wiara w Boga oparta na pobo\u017cno\u015bci i\u00a0 doktrynie Styl \u017cycia jaki podejmujemy na tej ziemi i jaki prowadzimy na co dzie\u0144,\u00a0 bardzo\u00a0 mocno wp\u0142ywa na jego kszta\u0142t i na to jakie to nasze \u017cycie przyniesie owoce. Niestety nie zawsze o tym pami\u0119tamy i nie zawsze zwracamy na to &hellip;<\/p>\n","protected":false},"author":2,"featured_media":21322,"comment_status":"closed","ping_status":"closed","sticky":false,"template":"","format":"standard","meta":{"_mi_skip_tracking":false,"_exactmetrics_sitenote_active":false,"_exactmetrics_sitenote_note":"","_exactmetrics_sitenote_category":0},"categories":[14],"tags":[],"yoast_head":"<!-- This site is optimized with the Yoast SEO plugin v18.1 - https:\/\/yoast.com\/wordpress\/plugins\/seo\/ -->\n<title>Do medytacji z kalwaryjskiego Wzg\u00f3rza \u2013 pi\u0105tek 28.01.2022r. - Pako\u015b\u0107 \u2013 Kalwaria<\/title>\n<meta name=\"robots\" content=\"index, follow, max-snippet:-1, max-image-preview:large, max-video-preview:-1\" \/>\n<link rel=\"canonical\" href=\"https:\/\/pakosc-kalwaria.franciszkanie.net\/index.php\/2022\/01\/28\/do-medytacji-z-kalwaryjskiego-wzgorza-piatek-28-01-2022r\/\" \/>\n<meta property=\"og:locale\" content=\"pl_PL\" \/>\n<meta property=\"og:type\" content=\"article\" \/>\n<meta property=\"og:title\" content=\"Do medytacji z kalwaryjskiego Wzg\u00f3rza \u2013 pi\u0105tek 28.01.2022r. - Pako\u015b\u0107 \u2013 Kalwaria\" \/>\n<meta property=\"og:description\" content=\"Z kazania na kalwaryjskim Wzg\u00f3rzu \u2013 28.01.2022r. Wiara w Boga oparta na pobo\u017cno\u015bci i\u00a0 doktrynie Styl \u017cycia jaki podejmujemy na tej ziemi i jaki prowadzimy na co dzie\u0144,\u00a0 bardzo\u00a0 mocno wp\u0142ywa na jego kszta\u0142t i na to jakie to nasze \u017cycie przyniesie owoce. Niestety nie zawsze o tym pami\u0119tamy i nie zawsze zwracamy na to &hellip;\" \/>\n<meta property=\"og:url\" content=\"https:\/\/pakosc-kalwaria.franciszkanie.net\/index.php\/2022\/01\/28\/do-medytacji-z-kalwaryjskiego-wzgorza-piatek-28-01-2022r\/\" \/>\n<meta property=\"og:site_name\" content=\"Pako\u015b\u0107 \u2013 Kalwaria\" \/>\n<meta property=\"article:author\" content=\"https:\/\/www.facebook.com\/KalwariaPakosc\/\" \/>\n<meta property=\"article:published_time\" content=\"2022-01-28T17:00:14+00:00\" \/>\n<meta property=\"article:modified_time\" content=\"2022-01-28T21:50:33+00:00\" \/>\n<meta property=\"og:image\" content=\"https:\/\/pakosc-kalwaria.franciszkanie.net\/wp-content\/uploads\/2022\/01\/P1010035.jpg\" \/>\n\t<meta property=\"og:image:width\" content=\"1024\" \/>\n\t<meta property=\"og:image:height\" content=\"576\" \/>\n\t<meta property=\"og:image:type\" content=\"image\/jpeg\" \/>\n<meta name=\"twitter:card\" content=\"summary\" \/>\n<meta name=\"twitter:label1\" content=\"Napisane przez\" \/>\n\t<meta name=\"twitter:data1\" content=\"pakosc-kalwaria\" \/>\n\t<meta name=\"twitter:label2\" content=\"Szacowany czas czytania\" \/>\n\t<meta name=\"twitter:data2\" content=\"4 minuty\" \/>\n<script type=\"application\/ld+json\" class=\"yoast-schema-graph\">{\"@context\":\"https:\/\/schema.org\",\"@graph\":[{\"@type\":\"WebSite\",\"@id\":\"https:\/\/pakosc-kalwaria.franciszkanie.net\/#website\",\"url\":\"https:\/\/pakosc-kalwaria.franciszkanie.net\/\",\"name\":\"Pako\u015b\u0107 \u2013 Kalwaria\",\"description\":\"Parafia Rzymsko \u2013 Katolicka p.w. Pana Jezusa Ukrzy\u017cowanego i  Matki Bo\u017cej Bolesnej ul. Barci\u0144ska 60, 88\u2013170 Pako\u015b\u0107 \u2013 Kalwaria\",\"potentialAction\":[{\"@type\":\"SearchAction\",\"target\":{\"@type\":\"EntryPoint\",\"urlTemplate\":\"https:\/\/pakosc-kalwaria.franciszkanie.net\/?s={search_term_string}\"},\"query-input\":\"required name=search_term_string\"}],\"inLanguage\":\"pl-PL\"},{\"@type\":\"ImageObject\",\"@id\":\"https:\/\/pakosc-kalwaria.franciszkanie.net\/index.php\/2022\/01\/28\/do-medytacji-z-kalwaryjskiego-wzgorza-piatek-28-01-2022r\/#primaryimage\",\"inLanguage\":\"pl-PL\",\"url\":\"https:\/\/pakosc-kalwaria.franciszkanie.net\/wp-content\/uploads\/2022\/01\/P1010035.jpg\",\"contentUrl\":\"https:\/\/pakosc-kalwaria.franciszkanie.net\/wp-content\/uploads\/2022\/01\/P1010035.jpg\",\"width\":1024,\"height\":576},{\"@type\":\"WebPage\",\"@id\":\"https:\/\/pakosc-kalwaria.franciszkanie.net\/index.php\/2022\/01\/28\/do-medytacji-z-kalwaryjskiego-wzgorza-piatek-28-01-2022r\/#webpage\",\"url\":\"https:\/\/pakosc-kalwaria.franciszkanie.net\/index.php\/2022\/01\/28\/do-medytacji-z-kalwaryjskiego-wzgorza-piatek-28-01-2022r\/\",\"name\":\"Do medytacji z kalwaryjskiego Wzg\u00f3rza \u2013 pi\u0105tek 28.01.2022r. - Pako\u015b\u0107 \u2013 Kalwaria\",\"isPartOf\":{\"@id\":\"https:\/\/pakosc-kalwaria.franciszkanie.net\/#website\"},\"primaryImageOfPage\":{\"@id\":\"https:\/\/pakosc-kalwaria.franciszkanie.net\/index.php\/2022\/01\/28\/do-medytacji-z-kalwaryjskiego-wzgorza-piatek-28-01-2022r\/#primaryimage\"},\"datePublished\":\"2022-01-28T17:00:14+00:00\",\"dateModified\":\"2022-01-28T21:50:33+00:00\",\"author\":{\"@id\":\"https:\/\/pakosc-kalwaria.franciszkanie.net\/#\/schema\/person\/af10b943be0760709227d060eadcb2aa\"},\"breadcrumb\":{\"@id\":\"https:\/\/pakosc-kalwaria.franciszkanie.net\/index.php\/2022\/01\/28\/do-medytacji-z-kalwaryjskiego-wzgorza-piatek-28-01-2022r\/#breadcrumb\"},\"inLanguage\":\"pl-PL\",\"potentialAction\":[{\"@type\":\"ReadAction\",\"target\":[\"https:\/\/pakosc-kalwaria.franciszkanie.net\/index.php\/2022\/01\/28\/do-medytacji-z-kalwaryjskiego-wzgorza-piatek-28-01-2022r\/\"]}]},{\"@type\":\"BreadcrumbList\",\"@id\":\"https:\/\/pakosc-kalwaria.franciszkanie.net\/index.php\/2022\/01\/28\/do-medytacji-z-kalwaryjskiego-wzgorza-piatek-28-01-2022r\/#breadcrumb\",\"itemListElement\":[{\"@type\":\"ListItem\",\"position\":1,\"name\":\"Strona g\u0142\u00f3wna\",\"item\":\"https:\/\/pakosc-kalwaria.franciszkanie.net\/\"},{\"@type\":\"ListItem\",\"position\":2,\"name\":\"Do medytacji z kalwaryjskiego Wzg\u00f3rza \u2013 pi\u0105tek 28.01.2022r.\"}]},{\"@type\":\"Person\",\"@id\":\"https:\/\/pakosc-kalwaria.franciszkanie.net\/#\/schema\/person\/af10b943be0760709227d060eadcb2aa\",\"name\":\"pakosc-kalwaria\",\"image\":{\"@type\":\"ImageObject\",\"@id\":\"https:\/\/pakosc-kalwaria.franciszkanie.net\/#personlogo\",\"inLanguage\":\"pl-PL\",\"url\":\"https:\/\/secure.gravatar.com\/avatar\/e7049d338b55eac6a0027ff3218b8d02?s=96&d=mm&r=g\",\"contentUrl\":\"https:\/\/secure.gravatar.com\/avatar\/e7049d338b55eac6a0027ff3218b8d02?s=96&d=mm&r=g\",\"caption\":\"pakosc-kalwaria\"},\"sameAs\":[\"https:\/\/www.facebook.com\/KalwariaPakosc\/\"],\"url\":\"https:\/\/pakosc-kalwaria.franciszkanie.net\/index.php\/author\/pakosc-kalwaria\/\"}]}<\/script>\n<!-- \/ Yoast SEO plugin. -->","yoast_head_json":{"title":"Do medytacji z kalwaryjskiego Wzg\u00f3rza \u2013 pi\u0105tek 28.01.2022r. - Pako\u015b\u0107 \u2013 Kalwaria","robots":{"index":"index","follow":"follow","max-snippet":"max-snippet:-1","max-image-preview":"max-image-preview:large","max-video-preview":"max-video-preview:-1"},"canonical":"https:\/\/pakosc-kalwaria.franciszkanie.net\/index.php\/2022\/01\/28\/do-medytacji-z-kalwaryjskiego-wzgorza-piatek-28-01-2022r\/","og_locale":"pl_PL","og_type":"article","og_title":"Do medytacji z kalwaryjskiego Wzg\u00f3rza \u2013 pi\u0105tek 28.01.2022r. - Pako\u015b\u0107 \u2013 Kalwaria","og_description":"Z kazania na kalwaryjskim Wzg\u00f3rzu \u2013 28.01.2022r. Wiara w Boga oparta na pobo\u017cno\u015bci i\u00a0 doktrynie Styl \u017cycia jaki podejmujemy na tej ziemi i jaki prowadzimy na co dzie\u0144,\u00a0 bardzo\u00a0 mocno wp\u0142ywa na jego kszta\u0142t i na to jakie to nasze \u017cycie przyniesie owoce. Niestety nie zawsze o tym pami\u0119tamy i nie zawsze zwracamy na to &hellip;","og_url":"https:\/\/pakosc-kalwaria.franciszkanie.net\/index.php\/2022\/01\/28\/do-medytacji-z-kalwaryjskiego-wzgorza-piatek-28-01-2022r\/","og_site_name":"Pako\u015b\u0107 \u2013 Kalwaria","article_author":"https:\/\/www.facebook.com\/KalwariaPakosc\/","article_published_time":"2022-01-28T17:00:14+00:00","article_modified_time":"2022-01-28T21:50:33+00:00","og_image":[{"width":1024,"height":576,"url":"https:\/\/pakosc-kalwaria.franciszkanie.net\/wp-content\/uploads\/2022\/01\/P1010035.jpg","type":"image\/jpeg"}],"twitter_card":"summary","twitter_misc":{"Napisane przez":"pakosc-kalwaria","Szacowany czas czytania":"4 minuty"},"schema":{"@context":"https:\/\/schema.org","@graph":[{"@type":"WebSite","@id":"https:\/\/pakosc-kalwaria.franciszkanie.net\/#website","url":"https:\/\/pakosc-kalwaria.franciszkanie.net\/","name":"Pako\u015b\u0107 \u2013 Kalwaria","description":"Parafia Rzymsko \u2013 Katolicka p.w. Pana Jezusa Ukrzy\u017cowanego i  Matki Bo\u017cej Bolesnej ul. Barci\u0144ska 60, 88\u2013170 Pako\u015b\u0107 \u2013 Kalwaria","potentialAction":[{"@type":"SearchAction","target":{"@type":"EntryPoint","urlTemplate":"https:\/\/pakosc-kalwaria.franciszkanie.net\/?s={search_term_string}"},"query-input":"required name=search_term_string"}],"inLanguage":"pl-PL"},{"@type":"ImageObject","@id":"https:\/\/pakosc-kalwaria.franciszkanie.net\/index.php\/2022\/01\/28\/do-medytacji-z-kalwaryjskiego-wzgorza-piatek-28-01-2022r\/#primaryimage","inLanguage":"pl-PL","url":"https:\/\/pakosc-kalwaria.franciszkanie.net\/wp-content\/uploads\/2022\/01\/P1010035.jpg","contentUrl":"https:\/\/pakosc-kalwaria.franciszkanie.net\/wp-content\/uploads\/2022\/01\/P1010035.jpg","width":1024,"height":576},{"@type":"WebPage","@id":"https:\/\/pakosc-kalwaria.franciszkanie.net\/index.php\/2022\/01\/28\/do-medytacji-z-kalwaryjskiego-wzgorza-piatek-28-01-2022r\/#webpage","url":"https:\/\/pakosc-kalwaria.franciszkanie.net\/index.php\/2022\/01\/28\/do-medytacji-z-kalwaryjskiego-wzgorza-piatek-28-01-2022r\/","name":"Do medytacji z kalwaryjskiego Wzg\u00f3rza \u2013 pi\u0105tek 28.01.2022r. - Pako\u015b\u0107 \u2013 Kalwaria","isPartOf":{"@id":"https:\/\/pakosc-kalwaria.franciszkanie.net\/#website"},"primaryImageOfPage":{"@id":"https:\/\/pakosc-kalwaria.franciszkanie.net\/index.php\/2022\/01\/28\/do-medytacji-z-kalwaryjskiego-wzgorza-piatek-28-01-2022r\/#primaryimage"},"datePublished":"2022-01-28T17:00:14+00:00","dateModified":"2022-01-28T21:50:33+00:00","author":{"@id":"https:\/\/pakosc-kalwaria.franciszkanie.net\/#\/schema\/person\/af10b943be0760709227d060eadcb2aa"},"breadcrumb":{"@id":"https:\/\/pakosc-kalwaria.franciszkanie.net\/index.php\/2022\/01\/28\/do-medytacji-z-kalwaryjskiego-wzgorza-piatek-28-01-2022r\/#breadcrumb"},"inLanguage":"pl-PL","potentialAction":[{"@type":"ReadAction","target":["https:\/\/pakosc-kalwaria.franciszkanie.net\/index.php\/2022\/01\/28\/do-medytacji-z-kalwaryjskiego-wzgorza-piatek-28-01-2022r\/"]}]},{"@type":"BreadcrumbList","@id":"https:\/\/pakosc-kalwaria.franciszkanie.net\/index.php\/2022\/01\/28\/do-medytacji-z-kalwaryjskiego-wzgorza-piatek-28-01-2022r\/#breadcrumb","itemListElement":[{"@type":"ListItem","position":1,"name":"Strona g\u0142\u00f3wna","item":"https:\/\/pakosc-kalwaria.franciszkanie.net\/"},{"@type":"ListItem","position":2,"name":"Do medytacji z kalwaryjskiego Wzg\u00f3rza \u2013 pi\u0105tek 28.01.2022r."}]},{"@type":"Person","@id":"https:\/\/pakosc-kalwaria.franciszkanie.net\/#\/schema\/person\/af10b943be0760709227d060eadcb2aa","name":"pakosc-kalwaria","image":{"@type":"ImageObject","@id":"https:\/\/pakosc-kalwaria.franciszkanie.net\/#personlogo","inLanguage":"pl-PL","url":"https:\/\/secure.gravatar.com\/avatar\/e7049d338b55eac6a0027ff3218b8d02?s=96&d=mm&r=g","contentUrl":"https:\/\/secure.gravatar.com\/avatar\/e7049d338b55eac6a0027ff3218b8d02?s=96&d=mm&r=g","caption":"pakosc-kalwaria"},"sameAs":["https:\/\/www.facebook.com\/KalwariaPakosc\/"],"url":"https:\/\/pakosc-kalwaria.franciszkanie.net\/index.php\/author\/pakosc-kalwaria\/"}]}},"_links":{"self":[{"href":"https:\/\/pakosc-kalwaria.franciszkanie.net\/index.php\/wp-json\/wp\/v2\/posts\/21646"}],"collection":[{"href":"https:\/\/pakosc-kalwaria.franciszkanie.net\/index.php\/wp-json\/wp\/v2\/posts"}],"about":[{"href":"https:\/\/pakosc-kalwaria.franciszkanie.net\/index.php\/wp-json\/wp\/v2\/types\/post"}],"author":[{"embeddable":true,"href":"https:\/\/pakosc-kalwaria.franciszkanie.net\/index.php\/wp-json\/wp\/v2\/users\/2"}],"replies":[{"embeddable":true,"href":"https:\/\/pakosc-kalwaria.franciszkanie.net\/index.php\/wp-json\/wp\/v2\/comments?post=21646"}],"version-history":[{"count":4,"href":"https:\/\/pakosc-kalwaria.franciszkanie.net\/index.php\/wp-json\/wp\/v2\/posts\/21646\/revisions"}],"predecessor-version":[{"id":21670,"href":"https:\/\/pakosc-kalwaria.franciszkanie.net\/index.php\/wp-json\/wp\/v2\/posts\/21646\/revisions\/21670"}],"wp:featuredmedia":[{"embeddable":true,"href":"https:\/\/pakosc-kalwaria.franciszkanie.net\/index.php\/wp-json\/wp\/v2\/media\/21322"}],"wp:attachment":[{"href":"https:\/\/pakosc-kalwaria.franciszkanie.net\/index.php\/wp-json\/wp\/v2\/media?parent=21646"}],"wp:term":[{"taxonomy":"category","embeddable":true,"href":"https:\/\/pakosc-kalwaria.franciszkanie.net\/index.php\/wp-json\/wp\/v2\/categories?post=21646"},{"taxonomy":"post_tag","embeddable":true,"href":"https:\/\/pakosc-kalwaria.franciszkanie.net\/index.php\/wp-json\/wp\/v2\/tags?post=21646"}],"curies":[{"name":"wp","href":"https:\/\/api.w.org\/{rel}","templated":true}]}}