{"id":21680,"date":"2022-02-08T07:00:47","date_gmt":"2022-02-08T06:00:47","guid":{"rendered":"http:\/\/pakosc-kalwaria.franciszkanie.net\/?p=21680"},"modified":"2022-02-12T11:32:52","modified_gmt":"2022-02-12T10:32:52","slug":"modlitwa-w-intencji-chorych-ich-rodzin-i-sluzby-zdrowia-na-kalwaryjskim-wzgorzu-w-sobote-12-lutego","status":"publish","type":"post","link":"https:\/\/pakosc-kalwaria.franciszkanie.net\/index.php\/2022\/02\/08\/modlitwa-w-intencji-chorych-ich-rodzin-i-sluzby-zdrowia-na-kalwaryjskim-wzgorzu-w-sobote-12-lutego\/","title":{"rendered":"Modlitwa w intencji Chorych, ich Rodzin i S\u0142u\u017cby Zdrowia na kalwaryjskim Wzg\u00f3rzu &#8211; w sobot\u0119 12 lutego"},"content":{"rendered":"<div class=\"entry-content\">\n<div class=\"entry-content\">\n<p><strong>Z okazji \u015awiatowego Dnia Chorego, <span style=\"color: #ff0000;\">w<\/span><\/strong><strong><span style=\"color: #ff0000;\"> sobot\u0119 12 lutego<\/span> na kalwaryjskim Wzg\u00f3rzu modli\u0107 si\u0119 b\u0119dziemy w spos\u00f3b szczeg\u00f3lny w intencji Chorych, ich Rodzin i S\u0142u\u017cby Zdrowia.<br \/>\n<span style=\"color: #ff0000;\">W programie:<\/span><br \/>\n<span style=\"color: #ff0000;\">9.30<\/span> \u2013 R\u00f3\u017caniec i okazja do Spowiedzi \u015bw.<br \/>\n<span style=\"color: #ff0000;\">10.00 \u2013 Msza \u015bw.<\/span> w intencji Chorych, ich Rodzin oraz S\u0142u\u017cby Zdrowia, po\u0142\u0105czona z udzielaniem <span style=\"color: #ff0000;\">Sakramentu Namaszczania Chorych<\/span><br \/>\n<span style=\"color: #ff0000;\">\u2013 po Mszy \u015bw.<\/span> nabo\u017ce\u0144stwo maryjne i <span style=\"color: #ff0000;\">b\u0142ogos\u0142awie\u0144stwem Naj\u015bwi\u0119tszym Sakramentem na spos\u00f3b lurdzki.<\/span><\/strong><\/p>\n<p><strong>Zapraszamy wszystkich do wsp\u00f3lnej modlitwy!<\/strong><\/p>\n<\/div>\n<\/div>\n","protected":false},"excerpt":{"rendered":"<p>Z okazji \u015awiatowego Dnia Chorego, w sobot\u0119 12 lutego na kalwaryjskim Wzg\u00f3rzu modli\u0107 si\u0119 b\u0119dziemy w spos\u00f3b szczeg\u00f3lny w intencji Chorych, ich Rodzin i S\u0142u\u017cby Zdrowia. W programie: 9.30 \u2013 R\u00f3\u017caniec i okazja do Spowiedzi \u015bw. 10.00 \u2013 Msza \u015bw. w intencji Chorych, ich Rodzin oraz S\u0142u\u017cby Zdrowia, po\u0142\u0105czona z udzielaniem Sakramentu Namaszczania Chorych \u2013 &hellip;<\/p>\n","protected":false},"author":2,"featured_media":21681,"comment_status":"closed","ping_status":"closed","sticky":false,"template":"","format":"standard","meta":{"_mi_skip_tracking":false,"_exactmetrics_sitenote_active":false,"_exactmetrics_sitenote_note":"","_exactmetrics_sitenote_category":0},"categories":[13,14],"tags":[],"yoast_head":"<!-- This site is optimized with the Yoast SEO plugin v18.1 - https:\/\/yoast.com\/wordpress\/plugins\/seo\/ -->\n<title>Modlitwa w intencji Chorych, ich Rodzin i S\u0142u\u017cby Zdrowia na kalwaryjskim Wzg\u00f3rzu - w sobot\u0119 12 lutego - Pako\u015b\u0107 \u2013 Kalwaria<\/title>\n<meta name=\"robots\" content=\"index, follow, max-snippet:-1, max-image-preview:large, max-video-preview:-1\" \/>\n<link rel=\"canonical\" href=\"https:\/\/pakosc-kalwaria.franciszkanie.net\/index.php\/2022\/02\/08\/modlitwa-w-intencji-chorych-ich-rodzin-i-sluzby-zdrowia-na-kalwaryjskim-wzgorzu-w-sobote-12-lutego\/\" \/>\n<meta property=\"og:locale\" content=\"pl_PL\" \/>\n<meta property=\"og:type\" content=\"article\" \/>\n<meta property=\"og:title\" content=\"Modlitwa w intencji Chorych, ich Rodzin i S\u0142u\u017cby Zdrowia na kalwaryjskim Wzg\u00f3rzu - w sobot\u0119 12 lutego - Pako\u015b\u0107 \u2013 Kalwaria\" \/>\n<meta property=\"og:description\" content=\"Z okazji \u015awiatowego Dnia Chorego, w sobot\u0119 12 lutego na kalwaryjskim Wzg\u00f3rzu modli\u0107 si\u0119 b\u0119dziemy w spos\u00f3b szczeg\u00f3lny w intencji Chorych, ich Rodzin i S\u0142u\u017cby Zdrowia. W programie: 9.30 \u2013 R\u00f3\u017caniec i okazja do Spowiedzi \u015bw. 10.00 \u2013 Msza \u015bw. w intencji Chorych, ich Rodzin oraz S\u0142u\u017cby Zdrowia, po\u0142\u0105czona z udzielaniem Sakramentu Namaszczania Chorych \u2013 &hellip;\" \/>\n<meta property=\"og:url\" content=\"https:\/\/pakosc-kalwaria.franciszkanie.net\/index.php\/2022\/02\/08\/modlitwa-w-intencji-chorych-ich-rodzin-i-sluzby-zdrowia-na-kalwaryjskim-wzgorzu-w-sobote-12-lutego\/\" \/>\n<meta property=\"og:site_name\" content=\"Pako\u015b\u0107 \u2013 Kalwaria\" \/>\n<meta property=\"article:author\" content=\"https:\/\/www.facebook.com\/KalwariaPakosc\/\" \/>\n<meta property=\"article:published_time\" content=\"2022-02-08T06:00:47+00:00\" \/>\n<meta property=\"article:modified_time\" content=\"2022-02-12T10:32:52+00:00\" \/>\n<meta property=\"og:image\" content=\"https:\/\/pakosc-kalwaria.franciszkanie.net\/wp-content\/uploads\/2022\/01\/matka-boc5bca-z-lourdes.jpg\" \/>\n\t<meta property=\"og:image:width\" content=\"248\" \/>\n\t<meta property=\"og:image:height\" content=\"339\" \/>\n\t<meta property=\"og:image:type\" content=\"image\/jpeg\" \/>\n<meta name=\"twitter:card\" content=\"summary\" \/>\n<meta name=\"twitter:label1\" content=\"Napisane przez\" \/>\n\t<meta name=\"twitter:data1\" content=\"pakosc-kalwaria\" \/>\n<script type=\"application\/ld+json\" class=\"yoast-schema-graph\">{\"@context\":\"https:\/\/schema.org\",\"@graph\":[{\"@type\":\"WebSite\",\"@id\":\"https:\/\/pakosc-kalwaria.franciszkanie.net\/#website\",\"url\":\"https:\/\/pakosc-kalwaria.franciszkanie.net\/\",\"name\":\"Pako\u015b\u0107 \u2013 Kalwaria\",\"description\":\"Parafia Rzymsko \u2013 Katolicka p.w. Pana Jezusa Ukrzy\u017cowanego i  Matki Bo\u017cej Bolesnej ul. Barci\u0144ska 60, 88\u2013170 Pako\u015b\u0107 \u2013 Kalwaria\",\"potentialAction\":[{\"@type\":\"SearchAction\",\"target\":{\"@type\":\"EntryPoint\",\"urlTemplate\":\"https:\/\/pakosc-kalwaria.franciszkanie.net\/?s={search_term_string}\"},\"query-input\":\"required name=search_term_string\"}],\"inLanguage\":\"pl-PL\"},{\"@type\":\"ImageObject\",\"@id\":\"https:\/\/pakosc-kalwaria.franciszkanie.net\/index.php\/2022\/02\/08\/modlitwa-w-intencji-chorych-ich-rodzin-i-sluzby-zdrowia-na-kalwaryjskim-wzgorzu-w-sobote-12-lutego\/#primaryimage\",\"inLanguage\":\"pl-PL\",\"url\":\"https:\/\/pakosc-kalwaria.franciszkanie.net\/wp-content\/uploads\/2022\/01\/matka-boc5bca-z-lourdes.jpg\",\"contentUrl\":\"https:\/\/pakosc-kalwaria.franciszkanie.net\/wp-content\/uploads\/2022\/01\/matka-boc5bca-z-lourdes.jpg\",\"width\":248,\"height\":339},{\"@type\":\"WebPage\",\"@id\":\"https:\/\/pakosc-kalwaria.franciszkanie.net\/index.php\/2022\/02\/08\/modlitwa-w-intencji-chorych-ich-rodzin-i-sluzby-zdrowia-na-kalwaryjskim-wzgorzu-w-sobote-12-lutego\/#webpage\",\"url\":\"https:\/\/pakosc-kalwaria.franciszkanie.net\/index.php\/2022\/02\/08\/modlitwa-w-intencji-chorych-ich-rodzin-i-sluzby-zdrowia-na-kalwaryjskim-wzgorzu-w-sobote-12-lutego\/\",\"name\":\"Modlitwa w intencji Chorych, ich Rodzin i S\u0142u\u017cby Zdrowia na kalwaryjskim Wzg\u00f3rzu - w sobot\u0119 12 lutego - Pako\u015b\u0107 \u2013 Kalwaria\",\"isPartOf\":{\"@id\":\"https:\/\/pakosc-kalwaria.franciszkanie.net\/#website\"},\"primaryImageOfPage\":{\"@id\":\"https:\/\/pakosc-kalwaria.franciszkanie.net\/index.php\/2022\/02\/08\/modlitwa-w-intencji-chorych-ich-rodzin-i-sluzby-zdrowia-na-kalwaryjskim-wzgorzu-w-sobote-12-lutego\/#primaryimage\"},\"datePublished\":\"2022-02-08T06:00:47+00:00\",\"dateModified\":\"2022-02-12T10:32:52+00:00\",\"author\":{\"@id\":\"https:\/\/pakosc-kalwaria.franciszkanie.net\/#\/schema\/person\/af10b943be0760709227d060eadcb2aa\"},\"breadcrumb\":{\"@id\":\"https:\/\/pakosc-kalwaria.franciszkanie.net\/index.php\/2022\/02\/08\/modlitwa-w-intencji-chorych-ich-rodzin-i-sluzby-zdrowia-na-kalwaryjskim-wzgorzu-w-sobote-12-lutego\/#breadcrumb\"},\"inLanguage\":\"pl-PL\",\"potentialAction\":[{\"@type\":\"ReadAction\",\"target\":[\"https:\/\/pakosc-kalwaria.franciszkanie.net\/index.php\/2022\/02\/08\/modlitwa-w-intencji-chorych-ich-rodzin-i-sluzby-zdrowia-na-kalwaryjskim-wzgorzu-w-sobote-12-lutego\/\"]}]},{\"@type\":\"BreadcrumbList\",\"@id\":\"https:\/\/pakosc-kalwaria.franciszkanie.net\/index.php\/2022\/02\/08\/modlitwa-w-intencji-chorych-ich-rodzin-i-sluzby-zdrowia-na-kalwaryjskim-wzgorzu-w-sobote-12-lutego\/#breadcrumb\",\"itemListElement\":[{\"@type\":\"ListItem\",\"position\":1,\"name\":\"Strona g\u0142\u00f3wna\",\"item\":\"https:\/\/pakosc-kalwaria.franciszkanie.net\/\"},{\"@type\":\"ListItem\",\"position\":2,\"name\":\"Modlitwa w intencji Chorych, ich Rodzin i S\u0142u\u017cby Zdrowia na kalwaryjskim Wzg\u00f3rzu &#8211; w sobot\u0119 12 lutego\"}]},{\"@type\":\"Person\",\"@id\":\"https:\/\/pakosc-kalwaria.franciszkanie.net\/#\/schema\/person\/af10b943be0760709227d060eadcb2aa\",\"name\":\"pakosc-kalwaria\",\"image\":{\"@type\":\"ImageObject\",\"@id\":\"https:\/\/pakosc-kalwaria.franciszkanie.net\/#personlogo\",\"inLanguage\":\"pl-PL\",\"url\":\"https:\/\/secure.gravatar.com\/avatar\/e7049d338b55eac6a0027ff3218b8d02?s=96&d=mm&r=g\",\"contentUrl\":\"https:\/\/secure.gravatar.com\/avatar\/e7049d338b55eac6a0027ff3218b8d02?s=96&d=mm&r=g\",\"caption\":\"pakosc-kalwaria\"},\"sameAs\":[\"https:\/\/www.facebook.com\/KalwariaPakosc\/\"],\"url\":\"https:\/\/pakosc-kalwaria.franciszkanie.net\/index.php\/author\/pakosc-kalwaria\/\"}]}<\/script>\n<!-- \/ Yoast SEO plugin. -->","yoast_head_json":{"title":"Modlitwa w intencji Chorych, ich Rodzin i S\u0142u\u017cby Zdrowia na kalwaryjskim Wzg\u00f3rzu - w sobot\u0119 12 lutego - Pako\u015b\u0107 \u2013 Kalwaria","robots":{"index":"index","follow":"follow","max-snippet":"max-snippet:-1","max-image-preview":"max-image-preview:large","max-video-preview":"max-video-preview:-1"},"canonical":"https:\/\/pakosc-kalwaria.franciszkanie.net\/index.php\/2022\/02\/08\/modlitwa-w-intencji-chorych-ich-rodzin-i-sluzby-zdrowia-na-kalwaryjskim-wzgorzu-w-sobote-12-lutego\/","og_locale":"pl_PL","og_type":"article","og_title":"Modlitwa w intencji Chorych, ich Rodzin i S\u0142u\u017cby Zdrowia na kalwaryjskim Wzg\u00f3rzu - w sobot\u0119 12 lutego - Pako\u015b\u0107 \u2013 Kalwaria","og_description":"Z okazji \u015awiatowego Dnia Chorego, w sobot\u0119 12 lutego na kalwaryjskim Wzg\u00f3rzu modli\u0107 si\u0119 b\u0119dziemy w spos\u00f3b szczeg\u00f3lny w intencji Chorych, ich Rodzin i S\u0142u\u017cby Zdrowia. W programie: 9.30 \u2013 R\u00f3\u017caniec i okazja do Spowiedzi \u015bw. 10.00 \u2013 Msza \u015bw. w intencji Chorych, ich Rodzin oraz S\u0142u\u017cby Zdrowia, po\u0142\u0105czona z udzielaniem Sakramentu Namaszczania Chorych \u2013 &hellip;","og_url":"https:\/\/pakosc-kalwaria.franciszkanie.net\/index.php\/2022\/02\/08\/modlitwa-w-intencji-chorych-ich-rodzin-i-sluzby-zdrowia-na-kalwaryjskim-wzgorzu-w-sobote-12-lutego\/","og_site_name":"Pako\u015b\u0107 \u2013 Kalwaria","article_author":"https:\/\/www.facebook.com\/KalwariaPakosc\/","article_published_time":"2022-02-08T06:00:47+00:00","article_modified_time":"2022-02-12T10:32:52+00:00","og_image":[{"width":248,"height":339,"url":"https:\/\/pakosc-kalwaria.franciszkanie.net\/wp-content\/uploads\/2022\/01\/matka-boc5bca-z-lourdes.jpg","type":"image\/jpeg"}],"twitter_card":"summary","twitter_misc":{"Napisane przez":"pakosc-kalwaria"},"schema":{"@context":"https:\/\/schema.org","@graph":[{"@type":"WebSite","@id":"https:\/\/pakosc-kalwaria.franciszkanie.net\/#website","url":"https:\/\/pakosc-kalwaria.franciszkanie.net\/","name":"Pako\u015b\u0107 \u2013 Kalwaria","description":"Parafia Rzymsko \u2013 Katolicka p.w. Pana Jezusa Ukrzy\u017cowanego i  Matki Bo\u017cej Bolesnej ul. Barci\u0144ska 60, 88\u2013170 Pako\u015b\u0107 \u2013 Kalwaria","potentialAction":[{"@type":"SearchAction","target":{"@type":"EntryPoint","urlTemplate":"https:\/\/pakosc-kalwaria.franciszkanie.net\/?s={search_term_string}"},"query-input":"required name=search_term_string"}],"inLanguage":"pl-PL"},{"@type":"ImageObject","@id":"https:\/\/pakosc-kalwaria.franciszkanie.net\/index.php\/2022\/02\/08\/modlitwa-w-intencji-chorych-ich-rodzin-i-sluzby-zdrowia-na-kalwaryjskim-wzgorzu-w-sobote-12-lutego\/#primaryimage","inLanguage":"pl-PL","url":"https:\/\/pakosc-kalwaria.franciszkanie.net\/wp-content\/uploads\/2022\/01\/matka-boc5bca-z-lourdes.jpg","contentUrl":"https:\/\/pakosc-kalwaria.franciszkanie.net\/wp-content\/uploads\/2022\/01\/matka-boc5bca-z-lourdes.jpg","width":248,"height":339},{"@type":"WebPage","@id":"https:\/\/pakosc-kalwaria.franciszkanie.net\/index.php\/2022\/02\/08\/modlitwa-w-intencji-chorych-ich-rodzin-i-sluzby-zdrowia-na-kalwaryjskim-wzgorzu-w-sobote-12-lutego\/#webpage","url":"https:\/\/pakosc-kalwaria.franciszkanie.net\/index.php\/2022\/02\/08\/modlitwa-w-intencji-chorych-ich-rodzin-i-sluzby-zdrowia-na-kalwaryjskim-wzgorzu-w-sobote-12-lutego\/","name":"Modlitwa w intencji Chorych, ich Rodzin i S\u0142u\u017cby Zdrowia na kalwaryjskim Wzg\u00f3rzu - w sobot\u0119 12 lutego - Pako\u015b\u0107 \u2013 Kalwaria","isPartOf":{"@id":"https:\/\/pakosc-kalwaria.franciszkanie.net\/#website"},"primaryImageOfPage":{"@id":"https:\/\/pakosc-kalwaria.franciszkanie.net\/index.php\/2022\/02\/08\/modlitwa-w-intencji-chorych-ich-rodzin-i-sluzby-zdrowia-na-kalwaryjskim-wzgorzu-w-sobote-12-lutego\/#primaryimage"},"datePublished":"2022-02-08T06:00:47+00:00","dateModified":"2022-02-12T10:32:52+00:00","author":{"@id":"https:\/\/pakosc-kalwaria.franciszkanie.net\/#\/schema\/person\/af10b943be0760709227d060eadcb2aa"},"breadcrumb":{"@id":"https:\/\/pakosc-kalwaria.franciszkanie.net\/index.php\/2022\/02\/08\/modlitwa-w-intencji-chorych-ich-rodzin-i-sluzby-zdrowia-na-kalwaryjskim-wzgorzu-w-sobote-12-lutego\/#breadcrumb"},"inLanguage":"pl-PL","potentialAction":[{"@type":"ReadAction","target":["https:\/\/pakosc-kalwaria.franciszkanie.net\/index.php\/2022\/02\/08\/modlitwa-w-intencji-chorych-ich-rodzin-i-sluzby-zdrowia-na-kalwaryjskim-wzgorzu-w-sobote-12-lutego\/"]}]},{"@type":"BreadcrumbList","@id":"https:\/\/pakosc-kalwaria.franciszkanie.net\/index.php\/2022\/02\/08\/modlitwa-w-intencji-chorych-ich-rodzin-i-sluzby-zdrowia-na-kalwaryjskim-wzgorzu-w-sobote-12-lutego\/#breadcrumb","itemListElement":[{"@type":"ListItem","position":1,"name":"Strona g\u0142\u00f3wna","item":"https:\/\/pakosc-kalwaria.franciszkanie.net\/"},{"@type":"ListItem","position":2,"name":"Modlitwa w intencji Chorych, ich Rodzin i S\u0142u\u017cby Zdrowia na kalwaryjskim Wzg\u00f3rzu &#8211; w sobot\u0119 12 lutego"}]},{"@type":"Person","@id":"https:\/\/pakosc-kalwaria.franciszkanie.net\/#\/schema\/person\/af10b943be0760709227d060eadcb2aa","name":"pakosc-kalwaria","image":{"@type":"ImageObject","@id":"https:\/\/pakosc-kalwaria.franciszkanie.net\/#personlogo","inLanguage":"pl-PL","url":"https:\/\/secure.gravatar.com\/avatar\/e7049d338b55eac6a0027ff3218b8d02?s=96&d=mm&r=g","contentUrl":"https:\/\/secure.gravatar.com\/avatar\/e7049d338b55eac6a0027ff3218b8d02?s=96&d=mm&r=g","caption":"pakosc-kalwaria"},"sameAs":["https:\/\/www.facebook.com\/KalwariaPakosc\/"],"url":"https:\/\/pakosc-kalwaria.franciszkanie.net\/index.php\/author\/pakosc-kalwaria\/"}]}},"_links":{"self":[{"href":"https:\/\/pakosc-kalwaria.franciszkanie.net\/index.php\/wp-json\/wp\/v2\/posts\/21680"}],"collection":[{"href":"https:\/\/pakosc-kalwaria.franciszkanie.net\/index.php\/wp-json\/wp\/v2\/posts"}],"about":[{"href":"https:\/\/pakosc-kalwaria.franciszkanie.net\/index.php\/wp-json\/wp\/v2\/types\/post"}],"author":[{"embeddable":true,"href":"https:\/\/pakosc-kalwaria.franciszkanie.net\/index.php\/wp-json\/wp\/v2\/users\/2"}],"replies":[{"embeddable":true,"href":"https:\/\/pakosc-kalwaria.franciszkanie.net\/index.php\/wp-json\/wp\/v2\/comments?post=21680"}],"version-history":[{"count":2,"href":"https:\/\/pakosc-kalwaria.franciszkanie.net\/index.php\/wp-json\/wp\/v2\/posts\/21680\/revisions"}],"predecessor-version":[{"id":21684,"href":"https:\/\/pakosc-kalwaria.franciszkanie.net\/index.php\/wp-json\/wp\/v2\/posts\/21680\/revisions\/21684"}],"wp:featuredmedia":[{"embeddable":true,"href":"https:\/\/pakosc-kalwaria.franciszkanie.net\/index.php\/wp-json\/wp\/v2\/media\/21681"}],"wp:attachment":[{"href":"https:\/\/pakosc-kalwaria.franciszkanie.net\/index.php\/wp-json\/wp\/v2\/media?parent=21680"}],"wp:term":[{"taxonomy":"category","embeddable":true,"href":"https:\/\/pakosc-kalwaria.franciszkanie.net\/index.php\/wp-json\/wp\/v2\/categories?post=21680"},{"taxonomy":"post_tag","embeddable":true,"href":"https:\/\/pakosc-kalwaria.franciszkanie.net\/index.php\/wp-json\/wp\/v2\/tags?post=21680"}],"curies":[{"name":"wp","href":"https:\/\/api.w.org\/{rel}","templated":true}]}}