{"id":21689,"date":"2022-01-28T17:00:30","date_gmt":"2022-01-28T16:00:30","guid":{"rendered":"http:\/\/pakosc-kalwaria.franciszkanie.net\/?p=21689"},"modified":"2022-02-04T09:30:30","modified_gmt":"2022-02-04T08:30:30","slug":"blogoslawienstwo-sw-blazeja-3-lutego-5","status":"publish","type":"post","link":"https:\/\/pakosc-kalwaria.franciszkanie.net\/index.php\/2022\/01\/28\/blogoslawienstwo-sw-blazeja-3-lutego-5\/","title":{"rendered":"B\u0142ogos\u0142awie\u0144stwo \u015bw. B\u0142a\u017ceja \u2013 3 lutego"},"content":{"rendered":"<div class=\"entry-content\">\n<div class=\"entry-content\">\n<p><strong><span style=\"color: #ff0000;\">Zapraszamy w czwartek 3 lutego na Msz\u0119 \u015bw. o 17.00\u00a0 oraz na b\u0142ogos\u0142awie\u0144stwem \u015bw. B\u0142a\u017ceja.<\/span> <\/strong><\/p>\n<p><strong>\u015aw. B\u0142a\u017cej, biskup<\/strong> Sebasty \u2013 miasta po\u0142o\u017conego na terenie dzisiejszej Turcji \u2013 umar\u0142 oko\u0142o 316 roku. Ko\u015bci\u00f3\u0142 wspomina tego m\u0119czennika 3 lutego. Tradycja si\u0119gaj\u0105ca wczesnego \u015bredniowiecza przekaza\u0142a pami\u0119\u0107 o nim jako or\u0119downiku i opiekunie wiernych, zw\u0142aszcza w chorobach gard\u0142a. Tradycja opowiada, \u017ce \u015awi\u0119ty ozdrowi\u0142 dziecko bliskie uduszenia z powodu o\u015bci, kt\u00f3ra utkn\u0119\u0142a w gardle. <strong>Za jego wstawiennictwem prosimy Boga o zdrowie gard\u0142a i o \u0142ask\u0119 dobrego korzystania z daru mowy.<\/strong><\/p>\n<p><strong>W czasie b\u0142ogos\u0142awie\u0144stwa kap\u0142an nie tylko wypowiada stosowne s\u0142owa, ale i dotyka gard\u0142a dwiema \u015bwiecami<\/strong>. Warto sobie w tym dniu szczeg\u00f3lnie u\u015bwiadomi\u0107 moc wiary. To ona decyduje o skuteczno\u015bci sakramentali\u00f3w, do kt\u00f3rych Ko\u015bci\u00f3\u0142 zalicza b\u0142ogos\u0142awienie \u015bw. B\u0142a\u017ceja. S\u0105 to znaki umacniaj\u0105ce w nas \u0142aski otrzymane w sakramentach i lepiej przygotowuj\u0105 do ich przyj\u0119cia. Nie dotyk gard\u0142a przez \u015bwiece ma moc uzdrawiania, ale wiara z jak\u0105 przyjmuje si\u0119 to b\u0142ogos\u0142awie\u0144stwo. \u00a0Dotyk gard\u0142a przez \u015bwiece jest \u00a0tylko zewn\u0119trznym znakiem naszej wewn\u0119trznej ufno\u015bci we wstawiennictwo \u015bw. B\u0142a\u017ceja.<\/p>\n<p><strong><br \/>\nModlitwa b\u0142ogos\u0142awie\u0144stwa \u015bwiec i wiernych:<\/strong><\/p>\n<p><em><strong>Wszechmog\u0105cy, wieczny Bo\u017ce, Ty stworzy\u0142e\u015b ca\u0142y \u015bwiat. Z mi\u0142o\u015bci zes\u0142a\u0142e\u015b nam swojego Syna, Jezusa Chrystusa, narodzonego z Maryi Dziewicy, aby leczy\u0142 nasze choroby duszy i cia\u0142a. Daj\u0105c \u015bwiadectwo wiary, \u015bwi\u0119ty B\u0142a\u017cej, chwalebny biskup, zdoby\u0142 palm\u0119 m\u0119cze\u0144stwa. Ty, Panie, udzieli\u0142e\u015b mu \u0142aski leczenia chor\u00f3b gard\u0142a. Prosimy Ci\u0119, pob\u0142ogos\u0142aw te \u015bwiece i spraw, aby wszyscy wierz\u0105cy za wstawiennictwem \u015bwi\u0119tego B\u0142a\u017ceja zostali uwolnieni od chor\u00f3b gard\u0142a i wszelkiego innego niebezpiecze\u0144stwa i zawsze mogli Tobie sk\u0142ada\u0107 dzi\u0119kczynienie. Przez Chrystusa, Pana naszego.<\/strong><\/em><\/p>\n<p>Kap\u0142an kropi wod\u0105 \u015bwi\u0119con\u0105 zgromadzonych oraz \u015bwiece. Nast\u0119pnie wierni prosz\u0105cy o b\u0142ogos\u0142awie\u0144stwo podchodz\u0105 do celebransa, kt\u00f3ry \u2013 pos\u0142uguj\u0105c si\u0119 \u015bwiecami zgodnie z miejscowym zwyczajem \u2013 b\u0142ogos\u0142awi ich m\u00f3wi\u0105c:<\/p>\n<p><em><strong>Za wstawiennictwem \u015bwi\u0119tego B\u0142a\u017ceja, biskupa i m\u0119czennika, niech B\u00f3g zachowa ci\u0119 od choroby gard\u0142a i wszelkiej innej dolegliwo\u015bci. W imi\u0119 Ojca i Syna, i Ducha \u015awi\u0119tego. Amen.<\/strong><\/em><\/p>\n<\/div>\n<\/div>\n","protected":false},"excerpt":{"rendered":"<p>Zapraszamy w czwartek 3 lutego na Msz\u0119 \u015bw. o 17.00\u00a0 oraz na b\u0142ogos\u0142awie\u0144stwem \u015bw. B\u0142a\u017ceja. \u015aw. B\u0142a\u017cej, biskup Sebasty \u2013 miasta po\u0142o\u017conego na terenie dzisiejszej Turcji \u2013 umar\u0142 oko\u0142o 316 roku. Ko\u015bci\u00f3\u0142 wspomina tego m\u0119czennika 3 lutego. Tradycja si\u0119gaj\u0105ca wczesnego \u015bredniowiecza przekaza\u0142a pami\u0119\u0107 o nim jako or\u0119downiku i opiekunie wiernych, zw\u0142aszcza w chorobach gard\u0142a. Tradycja &hellip;<\/p>\n","protected":false},"author":2,"featured_media":21707,"comment_status":"closed","ping_status":"closed","sticky":false,"template":"","format":"standard","meta":{"_mi_skip_tracking":false,"_exactmetrics_sitenote_active":false,"_exactmetrics_sitenote_note":"","_exactmetrics_sitenote_category":0},"categories":[13,14],"tags":[],"yoast_head":"<!-- This site is optimized with the Yoast SEO plugin v18.1 - https:\/\/yoast.com\/wordpress\/plugins\/seo\/ -->\n<title>B\u0142ogos\u0142awie\u0144stwo \u015bw. B\u0142a\u017ceja \u2013 3 lutego - Pako\u015b\u0107 \u2013 Kalwaria<\/title>\n<meta name=\"robots\" content=\"index, follow, max-snippet:-1, max-image-preview:large, max-video-preview:-1\" \/>\n<link rel=\"canonical\" href=\"https:\/\/pakosc-kalwaria.franciszkanie.net\/index.php\/2022\/01\/28\/blogoslawienstwo-sw-blazeja-3-lutego-5\/\" \/>\n<meta property=\"og:locale\" content=\"pl_PL\" \/>\n<meta property=\"og:type\" content=\"article\" \/>\n<meta property=\"og:title\" content=\"B\u0142ogos\u0142awie\u0144stwo \u015bw. B\u0142a\u017ceja \u2013 3 lutego - Pako\u015b\u0107 \u2013 Kalwaria\" \/>\n<meta property=\"og:description\" content=\"Zapraszamy w czwartek 3 lutego na Msz\u0119 \u015bw. o 17.00\u00a0 oraz na b\u0142ogos\u0142awie\u0144stwem \u015bw. B\u0142a\u017ceja. \u015aw. B\u0142a\u017cej, biskup Sebasty \u2013 miasta po\u0142o\u017conego na terenie dzisiejszej Turcji \u2013 umar\u0142 oko\u0142o 316 roku. Ko\u015bci\u00f3\u0142 wspomina tego m\u0119czennika 3 lutego. Tradycja si\u0119gaj\u0105ca wczesnego \u015bredniowiecza przekaza\u0142a pami\u0119\u0107 o nim jako or\u0119downiku i opiekunie wiernych, zw\u0142aszcza w chorobach gard\u0142a. Tradycja &hellip;\" \/>\n<meta property=\"og:url\" content=\"https:\/\/pakosc-kalwaria.franciszkanie.net\/index.php\/2022\/01\/28\/blogoslawienstwo-sw-blazeja-3-lutego-5\/\" \/>\n<meta property=\"og:site_name\" content=\"Pako\u015b\u0107 \u2013 Kalwaria\" \/>\n<meta property=\"article:author\" content=\"https:\/\/www.facebook.com\/KalwariaPakosc\/\" \/>\n<meta property=\"article:published_time\" content=\"2022-01-28T16:00:30+00:00\" \/>\n<meta property=\"article:modified_time\" content=\"2022-02-04T08:30:30+00:00\" \/>\n<meta property=\"og:image\" content=\"https:\/\/pakosc-kalwaria.franciszkanie.net\/wp-content\/uploads\/2022\/01\/Blazej-1.jpg\" \/>\n\t<meta property=\"og:image:width\" content=\"200\" \/>\n\t<meta property=\"og:image:height\" content=\"307\" \/>\n\t<meta property=\"og:image:type\" content=\"image\/jpeg\" \/>\n<meta name=\"twitter:card\" content=\"summary\" \/>\n<meta name=\"twitter:label1\" content=\"Napisane przez\" \/>\n\t<meta name=\"twitter:data1\" content=\"pakosc-kalwaria\" \/>\n\t<meta name=\"twitter:label2\" content=\"Szacowany czas czytania\" \/>\n\t<meta name=\"twitter:data2\" content=\"2 minuty\" \/>\n<script type=\"application\/ld+json\" class=\"yoast-schema-graph\">{\"@context\":\"https:\/\/schema.org\",\"@graph\":[{\"@type\":\"WebSite\",\"@id\":\"https:\/\/pakosc-kalwaria.franciszkanie.net\/#website\",\"url\":\"https:\/\/pakosc-kalwaria.franciszkanie.net\/\",\"name\":\"Pako\u015b\u0107 \u2013 Kalwaria\",\"description\":\"Parafia Rzymsko \u2013 Katolicka p.w. Pana Jezusa Ukrzy\u017cowanego i  Matki Bo\u017cej Bolesnej ul. Barci\u0144ska 60, 88\u2013170 Pako\u015b\u0107 \u2013 Kalwaria\",\"potentialAction\":[{\"@type\":\"SearchAction\",\"target\":{\"@type\":\"EntryPoint\",\"urlTemplate\":\"https:\/\/pakosc-kalwaria.franciszkanie.net\/?s={search_term_string}\"},\"query-input\":\"required name=search_term_string\"}],\"inLanguage\":\"pl-PL\"},{\"@type\":\"ImageObject\",\"@id\":\"https:\/\/pakosc-kalwaria.franciszkanie.net\/index.php\/2022\/01\/28\/blogoslawienstwo-sw-blazeja-3-lutego-5\/#primaryimage\",\"inLanguage\":\"pl-PL\",\"url\":\"https:\/\/pakosc-kalwaria.franciszkanie.net\/wp-content\/uploads\/2022\/01\/Blazej-1.jpg\",\"contentUrl\":\"https:\/\/pakosc-kalwaria.franciszkanie.net\/wp-content\/uploads\/2022\/01\/Blazej-1.jpg\",\"width\":200,\"height\":307},{\"@type\":\"WebPage\",\"@id\":\"https:\/\/pakosc-kalwaria.franciszkanie.net\/index.php\/2022\/01\/28\/blogoslawienstwo-sw-blazeja-3-lutego-5\/#webpage\",\"url\":\"https:\/\/pakosc-kalwaria.franciszkanie.net\/index.php\/2022\/01\/28\/blogoslawienstwo-sw-blazeja-3-lutego-5\/\",\"name\":\"B\u0142ogos\u0142awie\u0144stwo \u015bw. B\u0142a\u017ceja \u2013 3 lutego - Pako\u015b\u0107 \u2013 Kalwaria\",\"isPartOf\":{\"@id\":\"https:\/\/pakosc-kalwaria.franciszkanie.net\/#website\"},\"primaryImageOfPage\":{\"@id\":\"https:\/\/pakosc-kalwaria.franciszkanie.net\/index.php\/2022\/01\/28\/blogoslawienstwo-sw-blazeja-3-lutego-5\/#primaryimage\"},\"datePublished\":\"2022-01-28T16:00:30+00:00\",\"dateModified\":\"2022-02-04T08:30:30+00:00\",\"author\":{\"@id\":\"https:\/\/pakosc-kalwaria.franciszkanie.net\/#\/schema\/person\/af10b943be0760709227d060eadcb2aa\"},\"breadcrumb\":{\"@id\":\"https:\/\/pakosc-kalwaria.franciszkanie.net\/index.php\/2022\/01\/28\/blogoslawienstwo-sw-blazeja-3-lutego-5\/#breadcrumb\"},\"inLanguage\":\"pl-PL\",\"potentialAction\":[{\"@type\":\"ReadAction\",\"target\":[\"https:\/\/pakosc-kalwaria.franciszkanie.net\/index.php\/2022\/01\/28\/blogoslawienstwo-sw-blazeja-3-lutego-5\/\"]}]},{\"@type\":\"BreadcrumbList\",\"@id\":\"https:\/\/pakosc-kalwaria.franciszkanie.net\/index.php\/2022\/01\/28\/blogoslawienstwo-sw-blazeja-3-lutego-5\/#breadcrumb\",\"itemListElement\":[{\"@type\":\"ListItem\",\"position\":1,\"name\":\"Strona g\u0142\u00f3wna\",\"item\":\"https:\/\/pakosc-kalwaria.franciszkanie.net\/\"},{\"@type\":\"ListItem\",\"position\":2,\"name\":\"B\u0142ogos\u0142awie\u0144stwo \u015bw. B\u0142a\u017ceja \u2013 3 lutego\"}]},{\"@type\":\"Person\",\"@id\":\"https:\/\/pakosc-kalwaria.franciszkanie.net\/#\/schema\/person\/af10b943be0760709227d060eadcb2aa\",\"name\":\"pakosc-kalwaria\",\"image\":{\"@type\":\"ImageObject\",\"@id\":\"https:\/\/pakosc-kalwaria.franciszkanie.net\/#personlogo\",\"inLanguage\":\"pl-PL\",\"url\":\"https:\/\/secure.gravatar.com\/avatar\/e7049d338b55eac6a0027ff3218b8d02?s=96&d=mm&r=g\",\"contentUrl\":\"https:\/\/secure.gravatar.com\/avatar\/e7049d338b55eac6a0027ff3218b8d02?s=96&d=mm&r=g\",\"caption\":\"pakosc-kalwaria\"},\"sameAs\":[\"https:\/\/www.facebook.com\/KalwariaPakosc\/\"],\"url\":\"https:\/\/pakosc-kalwaria.franciszkanie.net\/index.php\/author\/pakosc-kalwaria\/\"}]}<\/script>\n<!-- \/ Yoast SEO plugin. -->","yoast_head_json":{"title":"B\u0142ogos\u0142awie\u0144stwo \u015bw. B\u0142a\u017ceja \u2013 3 lutego - Pako\u015b\u0107 \u2013 Kalwaria","robots":{"index":"index","follow":"follow","max-snippet":"max-snippet:-1","max-image-preview":"max-image-preview:large","max-video-preview":"max-video-preview:-1"},"canonical":"https:\/\/pakosc-kalwaria.franciszkanie.net\/index.php\/2022\/01\/28\/blogoslawienstwo-sw-blazeja-3-lutego-5\/","og_locale":"pl_PL","og_type":"article","og_title":"B\u0142ogos\u0142awie\u0144stwo \u015bw. B\u0142a\u017ceja \u2013 3 lutego - Pako\u015b\u0107 \u2013 Kalwaria","og_description":"Zapraszamy w czwartek 3 lutego na Msz\u0119 \u015bw. o 17.00\u00a0 oraz na b\u0142ogos\u0142awie\u0144stwem \u015bw. B\u0142a\u017ceja. \u015aw. B\u0142a\u017cej, biskup Sebasty \u2013 miasta po\u0142o\u017conego na terenie dzisiejszej Turcji \u2013 umar\u0142 oko\u0142o 316 roku. Ko\u015bci\u00f3\u0142 wspomina tego m\u0119czennika 3 lutego. Tradycja si\u0119gaj\u0105ca wczesnego \u015bredniowiecza przekaza\u0142a pami\u0119\u0107 o nim jako or\u0119downiku i opiekunie wiernych, zw\u0142aszcza w chorobach gard\u0142a. Tradycja &hellip;","og_url":"https:\/\/pakosc-kalwaria.franciszkanie.net\/index.php\/2022\/01\/28\/blogoslawienstwo-sw-blazeja-3-lutego-5\/","og_site_name":"Pako\u015b\u0107 \u2013 Kalwaria","article_author":"https:\/\/www.facebook.com\/KalwariaPakosc\/","article_published_time":"2022-01-28T16:00:30+00:00","article_modified_time":"2022-02-04T08:30:30+00:00","og_image":[{"width":200,"height":307,"url":"https:\/\/pakosc-kalwaria.franciszkanie.net\/wp-content\/uploads\/2022\/01\/Blazej-1.jpg","type":"image\/jpeg"}],"twitter_card":"summary","twitter_misc":{"Napisane przez":"pakosc-kalwaria","Szacowany czas czytania":"2 minuty"},"schema":{"@context":"https:\/\/schema.org","@graph":[{"@type":"WebSite","@id":"https:\/\/pakosc-kalwaria.franciszkanie.net\/#website","url":"https:\/\/pakosc-kalwaria.franciszkanie.net\/","name":"Pako\u015b\u0107 \u2013 Kalwaria","description":"Parafia Rzymsko \u2013 Katolicka p.w. Pana Jezusa Ukrzy\u017cowanego i  Matki Bo\u017cej Bolesnej ul. Barci\u0144ska 60, 88\u2013170 Pako\u015b\u0107 \u2013 Kalwaria","potentialAction":[{"@type":"SearchAction","target":{"@type":"EntryPoint","urlTemplate":"https:\/\/pakosc-kalwaria.franciszkanie.net\/?s={search_term_string}"},"query-input":"required name=search_term_string"}],"inLanguage":"pl-PL"},{"@type":"ImageObject","@id":"https:\/\/pakosc-kalwaria.franciszkanie.net\/index.php\/2022\/01\/28\/blogoslawienstwo-sw-blazeja-3-lutego-5\/#primaryimage","inLanguage":"pl-PL","url":"https:\/\/pakosc-kalwaria.franciszkanie.net\/wp-content\/uploads\/2022\/01\/Blazej-1.jpg","contentUrl":"https:\/\/pakosc-kalwaria.franciszkanie.net\/wp-content\/uploads\/2022\/01\/Blazej-1.jpg","width":200,"height":307},{"@type":"WebPage","@id":"https:\/\/pakosc-kalwaria.franciszkanie.net\/index.php\/2022\/01\/28\/blogoslawienstwo-sw-blazeja-3-lutego-5\/#webpage","url":"https:\/\/pakosc-kalwaria.franciszkanie.net\/index.php\/2022\/01\/28\/blogoslawienstwo-sw-blazeja-3-lutego-5\/","name":"B\u0142ogos\u0142awie\u0144stwo \u015bw. B\u0142a\u017ceja \u2013 3 lutego - Pako\u015b\u0107 \u2013 Kalwaria","isPartOf":{"@id":"https:\/\/pakosc-kalwaria.franciszkanie.net\/#website"},"primaryImageOfPage":{"@id":"https:\/\/pakosc-kalwaria.franciszkanie.net\/index.php\/2022\/01\/28\/blogoslawienstwo-sw-blazeja-3-lutego-5\/#primaryimage"},"datePublished":"2022-01-28T16:00:30+00:00","dateModified":"2022-02-04T08:30:30+00:00","author":{"@id":"https:\/\/pakosc-kalwaria.franciszkanie.net\/#\/schema\/person\/af10b943be0760709227d060eadcb2aa"},"breadcrumb":{"@id":"https:\/\/pakosc-kalwaria.franciszkanie.net\/index.php\/2022\/01\/28\/blogoslawienstwo-sw-blazeja-3-lutego-5\/#breadcrumb"},"inLanguage":"pl-PL","potentialAction":[{"@type":"ReadAction","target":["https:\/\/pakosc-kalwaria.franciszkanie.net\/index.php\/2022\/01\/28\/blogoslawienstwo-sw-blazeja-3-lutego-5\/"]}]},{"@type":"BreadcrumbList","@id":"https:\/\/pakosc-kalwaria.franciszkanie.net\/index.php\/2022\/01\/28\/blogoslawienstwo-sw-blazeja-3-lutego-5\/#breadcrumb","itemListElement":[{"@type":"ListItem","position":1,"name":"Strona g\u0142\u00f3wna","item":"https:\/\/pakosc-kalwaria.franciszkanie.net\/"},{"@type":"ListItem","position":2,"name":"B\u0142ogos\u0142awie\u0144stwo \u015bw. B\u0142a\u017ceja \u2013 3 lutego"}]},{"@type":"Person","@id":"https:\/\/pakosc-kalwaria.franciszkanie.net\/#\/schema\/person\/af10b943be0760709227d060eadcb2aa","name":"pakosc-kalwaria","image":{"@type":"ImageObject","@id":"https:\/\/pakosc-kalwaria.franciszkanie.net\/#personlogo","inLanguage":"pl-PL","url":"https:\/\/secure.gravatar.com\/avatar\/e7049d338b55eac6a0027ff3218b8d02?s=96&d=mm&r=g","contentUrl":"https:\/\/secure.gravatar.com\/avatar\/e7049d338b55eac6a0027ff3218b8d02?s=96&d=mm&r=g","caption":"pakosc-kalwaria"},"sameAs":["https:\/\/www.facebook.com\/KalwariaPakosc\/"],"url":"https:\/\/pakosc-kalwaria.franciszkanie.net\/index.php\/author\/pakosc-kalwaria\/"}]}},"_links":{"self":[{"href":"https:\/\/pakosc-kalwaria.franciszkanie.net\/index.php\/wp-json\/wp\/v2\/posts\/21689"}],"collection":[{"href":"https:\/\/pakosc-kalwaria.franciszkanie.net\/index.php\/wp-json\/wp\/v2\/posts"}],"about":[{"href":"https:\/\/pakosc-kalwaria.franciszkanie.net\/index.php\/wp-json\/wp\/v2\/types\/post"}],"author":[{"embeddable":true,"href":"https:\/\/pakosc-kalwaria.franciszkanie.net\/index.php\/wp-json\/wp\/v2\/users\/2"}],"replies":[{"embeddable":true,"href":"https:\/\/pakosc-kalwaria.franciszkanie.net\/index.php\/wp-json\/wp\/v2\/comments?post=21689"}],"version-history":[{"count":1,"href":"https:\/\/pakosc-kalwaria.franciszkanie.net\/index.php\/wp-json\/wp\/v2\/posts\/21689\/revisions"}],"predecessor-version":[{"id":21692,"href":"https:\/\/pakosc-kalwaria.franciszkanie.net\/index.php\/wp-json\/wp\/v2\/posts\/21689\/revisions\/21692"}],"wp:featuredmedia":[{"embeddable":true,"href":"https:\/\/pakosc-kalwaria.franciszkanie.net\/index.php\/wp-json\/wp\/v2\/media\/21707"}],"wp:attachment":[{"href":"https:\/\/pakosc-kalwaria.franciszkanie.net\/index.php\/wp-json\/wp\/v2\/media?parent=21689"}],"wp:term":[{"taxonomy":"category","embeddable":true,"href":"https:\/\/pakosc-kalwaria.franciszkanie.net\/index.php\/wp-json\/wp\/v2\/categories?post=21689"},{"taxonomy":"post_tag","embeddable":true,"href":"https:\/\/pakosc-kalwaria.franciszkanie.net\/index.php\/wp-json\/wp\/v2\/tags?post=21689"}],"curies":[{"name":"wp","href":"https:\/\/api.w.org\/{rel}","templated":true}]}}