{"id":21704,"date":"2022-02-07T21:00:20","date_gmt":"2022-02-07T20:00:20","guid":{"rendered":"http:\/\/pakosc-kalwaria.franciszkanie.net\/?p=21704"},"modified":"2022-02-08T10:37:18","modified_gmt":"2022-02-08T09:37:18","slug":"przygotowanie-do-nawiedzenia-kopii-obrazu-matki-bozej-jasnogorskiej","status":"publish","type":"post","link":"https:\/\/pakosc-kalwaria.franciszkanie.net\/index.php\/2022\/02\/07\/przygotowanie-do-nawiedzenia-kopii-obrazu-matki-bozej-jasnogorskiej\/","title":{"rendered":"Z kalwaryjskiego Wzg\u00f3rza z Pierwszej Soboty Miesiaca &#8211; 5 lutego"},"content":{"rendered":"<p><strong>Duchowe przygotowanie do Nawiedzenia Kopii Obrazu Matki Bo\u017cej Jasnog\u00f3rskiej w Archidiecezji Gnie\u017anie\u0144skiej.<span style=\"color: #ff0000;\"><br \/>\n<\/span><\/strong><strong><span style=\"color: #ff0000;\">Sobota 5 lutego:<\/span> \u201eWszystko zawierzy\u0142em Matce Naj\u015bwi\u0119tszej i\u00a0wiem, \u017ce nie b\u0119dzie s\u0142absz\u0105 w\u00a0 Polsce cho\u0107by ludzie si\u0119 zmieniali\u201d (16\u00a0maja 1981, po przyj\u0119ciu namaszczenia chorych). <\/strong><\/p>\n<p><strong>MSZA \u015aWI\u0118TA\u00a0 &#8211; MODLITWA WIERNYCH<\/strong><br \/>\n\u201eWszystko zawierzy\u0142em Matce Naj\u015bwi\u0119tszej i wiem, \u017ce nie b\u0119dzie s\u0142absz\u0105 w Polsce cho\u0107by ludzie si\u0119 zmieniali\u201d (b\u0142. Stefan Kardyna\u0142 Wyszy\u0144ski). Przez wstawiennictwo Matki Naj\u015bwi\u0119tszej zanie\u015bmy nasze wsp\u00f3lne modlitwy.<br \/>\n1. M\u00f3dlmy si\u0119 za pasterzy Ko\u015bcio\u0142a, kt\u00f3ry \u017cyje na polskiej ziemi, aby z zawierzenia Matce Bo\u017cej czerpali si\u0142y do wype\u0142niania swej pos\u0142ugi. Ciebie prosimy&#8230;<br \/>\n2. M\u00f3dlmy si\u0119 za nasz\u0105 archidiecezj\u0119, aby strzeg\u0105c \u017ar\u00f3de\u0142 chrzcielnych Polski, przyprowadza\u0142a do nich wci\u0105\u017c na powr\u00f3t ca\u0142y ochrzczony nar\u00f3d. Ciebie prosimy&#8230;<br \/>\n3. M\u00f3dlmy si\u0119 za wszystkich, kt\u00f3rzy zoboj\u0119tnieli w wierze, aby czas nawiedzenia sta\u0142 si\u0119 dla nich szans\u0105 na duchowe odrodzenie. Ciebie prosimy&#8230;<br \/>\n4. M\u00f3dlmy si\u0119 za m\u0142odzie\u017c, aby po\u015br\u00f3d zmieniaj\u0105cego si\u0119 \u015bwiata umia\u0142a odnale\u017a\u0107 i przyj\u0105\u0107 skarb katolickiej wiary. Ciebie prosimy&#8230;<br \/>\n5. M\u00f3dlmy si\u0119 za naszych zmar\u0142ych, aby radowali si\u0119 \u017cyciem wiecznym obiecanym im na chrzcie \u015bwi\u0119tym. Ciebie prosimy&#8230;<br \/>\n6. M\u00f3dlmy si\u0119 za nas samych, przygotowuj\u0105cych si\u0119 do spotkania z Matk\u0105 Naj\u015bwi\u0119tsz\u0105, aby\u015bmy umieli z zapa\u0142em prze\u017cy\u0107 czas przygotowa\u0144 i zaanga\u017cowa\u0107 w nie jak najwi\u0119cej naszych bli\u017anich. Ciebie prosimy&#8230;<br \/>\nBo\u017ce, kt\u00f3ry przez macierzy\u0144stwo Bogarodzicy obdarzy\u0142e\u015b nas \u0142ask\u0105 zbawienia, wys\u0142uchaj modlitwy, kt\u00f3r\u0105 zanosimy z ufno\u015bci\u0105 w nies\u0142abn\u0105c\u0105 moc Jej wstawiennictwa. Przez Chrystusa,<br \/>\nPana naszego. Amen<\/p>\n<p><strong>NABO\u017bE\u0143STWO R\u00d3\u017bA\u0143COWE<\/strong><br \/>\nWszystko si\u0119 zmienia \u2013 ludzie tak\u017ce&#8230; Ale rzeczywisto\u015b\u0107, jakby przyspiesza\u0142a ze zmianami na r\u00f3\u017cnych poziomach \u017cycia. Dla wielu ludzi to \u017ar\u00f3d\u0142o frustracji i wewn\u0119trznego zagubienia. Dzisiaj, w pierwsz\u0105 sobot\u0119 miesi\u0105ca, chwytamy za r\u00f3\u017caniec niczym za lin\u0119 ratunkow\u0105 zrzucan\u0105 z Nieba przez T\u0119, \u201ekt\u00f3ra nie b\u0119dzie s\u0142absz\u0105 w Polsce, cho\u0107by si\u0119 ludzie zmieniali\u201d (b\u0142. Stefan Kardyna\u0142 Wyszy\u0144ski). Chwytamy si\u0119 tej liny na trzy miesi\u0105ce przed wielkim \u015bwi\u0119tem, jakim powinna by\u0107 peregrynacja Jej Jasnog\u00f3rskiej Ikony. Ju\u017c dzi\u015b, wygl\u0105daj\u0105c tych spotka\u0144, kl\u0119kamy i modlimy si\u0119 o nadziej\u0119, kt\u00f3ra jest cnot\u0105 \u201enowych ludzi\u201d w Chrystusie. A takim nowym cz\u0142owiekiem rozsmakowanym w zbawieniu jest<br \/>\nBogarodzica Dziewica.<\/p>\n<p><strong>I. Tajemnica rado\u015bci zwiastowania:<\/strong> \u201eOto ja s\u0142u\u017cebnica Pana (&#8230;)\u201d (\u0141k 1,38). M\u00f3dlmy si\u0119, aby\u015bmy wobec smutku i niepewno\u015bci jutra odpowiadali nadziej\u0105, kt\u00f3rej \u017ar\u00f3d\u0142o jest w Bogu \u017bywym.<\/p>\n<p><strong>II. Tajemnica rado\u015bci nawiedzenia:<\/strong> \u201eCzemu to zawdzi\u0119czam, \u017ce odwiedzi\u0142a mnie matka mojego Pana?\u201d (\u0141k 1,43). M\u00f3dlmy si\u0119, aby\u015bmy na osamotnienie i wykluczenie odpowiadali<br \/>\nnadziej\u0105, kt\u00f3rej \u017ar\u00f3d\u0142o jest w Bogu \u017bywym.<\/p>\n<p><strong>III. Tajemnica rado\u015bci narodzenia:<\/strong> \u201eNie b\u00f3jcie si\u0119, oto przynosz\u0119 wam dobr\u0105 nowin\u0119, wielk\u0105 rado\u015b\u0107 dla ca\u0142ego ludu. Dzi\u015b w mie\u015bcie Dawida narodzi\u0142 si\u0119 wam Zbawiciel (&#8230;)\u201d (\u0141k 2,10b\u201311a). M\u00f3dlmy si\u0119, aby\u015bmy na desakralizacj\u0119 \u017cycia odpowiadali nadziej\u0105, kt\u00f3rej \u017ar\u00f3d\u0142o jest w Bogu \u017bywym.<\/p>\n<p><strong>IV. Tajemnica rado\u015bci ofiarowania:<\/strong> \u201eBo moje oczy ujrza\u0142y Twoje zbawienie, kt\u00f3re przygotowa\u0142e\u015b wobec wszystkich lud\u00f3w, \u015bwiat\u0142o\u015b\u0107 dla o\u015bwiecenia pogan (&#8230;)\u201d (\u0141k 2,30\u201332a). M\u00f3dlmy si\u0119, aby\u015bmy na prywat\u0119 i egocentryzm odpowiadali nadziej\u0105, kt\u00f3rej \u017ar\u00f3d\u0142o jest w Bogu \u017bywym.<\/p>\n<p><strong>V. Tajemnica rado\u015bci znalezienia:<\/strong> \u201eCzy nie wiedzieli\u015bcie, \u017ce powinienem zajmowa\u0107 si\u0119 sprawami Mojego Ojca?\u201d (\u0141k 2,49b). M\u00f3dlmy si\u0119, aby\u015bmy na akty wandalizmu i profanacji odpowiadali<br \/>\nnadziej\u0105, kt\u00f3rej \u017ar\u00f3d\u0142o jest w Bogu \u017bywym.<\/p>\n<p><strong>ROZWA\u017bANIE APELOWE<\/strong><br \/>\n\u201eA obok krzy\u017ca Jezusa sta\u0142y Jego matka i siostra Jego matki, Maria, \u017cona Kleofasa, i Maria Magdalena\u201d (J 19,25). Stanie pod krzy\u017cem to zadanie dla odwa\u017cnych i dojrza\u0142ych. Matka Jezusa z innymi kobietami pokazuj\u0105 nam w tej godzinie apelu, jak nie by\u0107 w \u017cyciu tylko gapiem. Sta\u0142o\u015b\u0107 my\u015bli i uczu\u0107, patrzenie Bo\u017cymi oczami sprawiaj\u0105, \u017ce okropna \u015bmier\u0107 na rzymskiej szubienicy przestaje by\u0107 tylko kar\u0105 skaza\u0144ca, a zaczyna by\u0107 szko\u0142\u0105 m\u0105dro\u015bci. W tej godzinie chcemy by\u0107 razem z Bogarodzic\u0105 Maryj\u0105 w \u015bwi\u0119towojciechowej archidiecezji. Tropem i przynagleniem zarazem niech b\u0119d\u0105 s\u0142owa b\u0142ogos\u0142awionego Stefana Kardyna\u0142a Wyszy\u0144skiego wypowiedziane 16 maja 1981 roku po przyj\u0119ciu namaszczenia chorych: \u201eWszystko zawierzy\u0142em Matce Naj\u015bwi\u0119tszej i wiem, \u017ce nie b\u0119dzie s\u0142absz\u0105 w Polsce cho\u0107by ludzie si\u0119 zmieniali\u201d. Ufne stanie Maryi pod krzy\u017cem zaowocowa\u0142o macierzy\u0144sk\u0105 obecno\u015bci\u0105 w wieczerniku Zielonych \u015awi\u0105t. Duch \u015awi\u0119ty odmieni\u0142 wystraszonych i zamkni\u0119tych uczni\u00f3w Jezusa. Modli\u0142a si\u0119 o to Maryja Matka Ko\u015bcio\u0142a. Ufamy i my, \u201enowi\u201d ludzie \u201enowych\u201d czas\u00f3w, \u017ce Maryja matka wyprosi nam niezb\u0119dn\u0105 wiar\u0119 i m\u0119stwo, aby\u015bmy mogli, jak Ona, sta\u0107 i nie l\u0119ka\u0107 si\u0119 wyzwa\u0144, zada\u0144, cierpienia, przysz\u0142o\u015bci! Maryjo, stra\u017cniczko \u201enowych\u201d czas\u00f3w i \u201enowych\u201d ludzi w Chrystusie! Niech Twoje w\u0119drowanie w znaku Jasnog\u00f3rskiej Ikony b\u0119dzie dla nas niczym spogl\u0105danie w lustro. Gdy si\u0119 w nim przejrzymy, oby\u015bmy zobaczyli silnych wiar\u0105 uczni\u00f3w Chrystusa, kt\u00f3rzy l\u0119kaj\u0105 si\u0119 tylko tych, co \u201edusz\u0119 i cia\u0142o mog\u0105 zatraci\u0107 w piekle\u201d (por. Mt 10,28). Maryjo, stra\u017cniczko \u201enowych\u201d czas\u00f3w i \u201enowych\u201d ludzi wyros\u0142ych na Wojciechowej krwi \u2013 m\u00f3dl si\u0119 za nami. Niech nam b\u0142ogos\u0142awi i sprzyja ze Synem Swoim Panna Maryja. Amen.<\/p>\n<p><strong>ABC SPO\u0141ECZNEJ KRUCJATY MI\u0141O\u015aCI<\/strong><br \/>\n\u201eM\u00f3wi si\u0119, \u017ce czas to pieni\u0105dz. A ja wam powiem: czas to mi\u0142o\u015b\u0107!\u201d Stefan Kardyna\u0142 Wyszy\u0144ski<br \/>\nJasna G\u00f3ra, 1979 rok<br \/>\n1. Szanuj ka\u017cdego cz\u0142owieka, bo Chrystus w nim \u017cyje, b\u0105d\u017a wra\u017cliwy na drugiego cz\u0142owieka, twojego brata.<br \/>\n2. My\u015bl dobrze o wszystkich \u2013 nie my\u015bl \u017ale o nikim. Staraj si\u0119 nawet w najgorszym dostrzec co\u015b dobrego.<br \/>\n3. M\u00f3w zawsze \u017cyczliwie o drugich \u2013 nie m\u00f3w \u017ale o bli\u017anich. Napraw krzywd\u0119 wyrz\u0105dzon\u0105 s\u0142owem. Nie czy\u0144 rozd\u017awi\u0119ku mi\u0119dzy lud\u017ami. Jednocz sercem i s\u0142owem.<br \/>\n4. Rozmawiaj z ka\u017cdym j\u0119zykiem mi\u0142o\u015bci. Nie podno\u015b g\u0142osu. Nie przeklinaj. Nie r\u00f3b przykro\u015bci. Nie wyciskaj \u0142ez. Uspokajaj i okazuj dobro\u0107.<br \/>\n5. Przebaczaj wszystko wszystkim. Nie chowaj w sercu urazy. Zawsze pierwszy wyci\u0105gnij r\u0119k\u0119 do zgody.<br \/>\n6. Dzia\u0142aj zawsze na korzy\u015b\u0107 bli\u017aniego. Czy\u0144 dobrze ka\u017cdemu, jakby\u015b pragn\u0105\u0142, aby tobie czyniono. Nie my\u015bl o tym, co tobie jest kto winien, ale co ty jeste\u015b winien innym.<br \/>\n7. Czynnie wsp\u00f3\u0142czuj w cierpieniu. Ch\u0119tnie spiesz z pomoc\u0105, rad\u0105, pociech\u0105, sercem.<br \/>\n8. Pracuj rzetelnie, bo z owoc\u00f3w twej pracy korzystaj\u0105 inni, jak ty korzystasz z pracy drugich.<br \/>\n9. W\u0142\u0105cz si\u0119 w spo\u0142eczn\u0105 pomoc bli\u017anim. Otw\u00f3rz r\u0119k\u0119 ubogim i chorym. U\u017cyczaj ze swego. Staraj si\u0119 dostrzec potrzebuj\u0105cych wok\u00f3\u0142 siebie.<br \/>\n10. M\u00f3dl si\u0119 za wszystkich, nawet za nieprzyjaci\u00f3\u0142. PO TYM CI\u0118 POZNAJ\u0104, \u017bE\u015a UCZNIEM CHRYSTUSA&#8230;<\/p>\n","protected":false},"excerpt":{"rendered":"<p>Duchowe przygotowanie do Nawiedzenia Kopii Obrazu Matki Bo\u017cej Jasnog\u00f3rskiej w Archidiecezji Gnie\u017anie\u0144skiej. Sobota 5 lutego: \u201eWszystko zawierzy\u0142em Matce Naj\u015bwi\u0119tszej i\u00a0wiem, \u017ce nie b\u0119dzie s\u0142absz\u0105 w\u00a0 Polsce cho\u0107by ludzie si\u0119 zmieniali\u201d (16\u00a0maja 1981, po przyj\u0119ciu namaszczenia chorych). MSZA \u015aWI\u0118TA\u00a0 &#8211; MODLITWA WIERNYCH \u201eWszystko zawierzy\u0142em Matce Naj\u015bwi\u0119tszej i wiem, \u017ce nie b\u0119dzie s\u0142absz\u0105 w Polsce cho\u0107by ludzie &hellip;<\/p>\n","protected":false},"author":2,"featured_media":21705,"comment_status":"closed","ping_status":"closed","sticky":false,"template":"","format":"standard","meta":{"_mi_skip_tracking":false,"_exactmetrics_sitenote_active":false,"_exactmetrics_sitenote_note":"","_exactmetrics_sitenote_category":0},"categories":[13,14],"tags":[],"yoast_head":"<!-- This site is optimized with the Yoast SEO plugin v18.1 - https:\/\/yoast.com\/wordpress\/plugins\/seo\/ -->\n<title>Z kalwaryjskiego Wzg\u00f3rza z Pierwszej Soboty Miesiaca - 5 lutego - Pako\u015b\u0107 \u2013 Kalwaria<\/title>\n<meta name=\"robots\" content=\"index, follow, max-snippet:-1, max-image-preview:large, max-video-preview:-1\" \/>\n<link rel=\"canonical\" href=\"https:\/\/pakosc-kalwaria.franciszkanie.net\/index.php\/2022\/02\/07\/przygotowanie-do-nawiedzenia-kopii-obrazu-matki-bozej-jasnogorskiej\/\" \/>\n<meta property=\"og:locale\" content=\"pl_PL\" \/>\n<meta property=\"og:type\" content=\"article\" \/>\n<meta property=\"og:title\" content=\"Z kalwaryjskiego Wzg\u00f3rza z Pierwszej Soboty Miesiaca - 5 lutego - Pako\u015b\u0107 \u2013 Kalwaria\" \/>\n<meta property=\"og:description\" content=\"Duchowe przygotowanie do Nawiedzenia Kopii Obrazu Matki Bo\u017cej Jasnog\u00f3rskiej w Archidiecezji Gnie\u017anie\u0144skiej. Sobota 5 lutego: \u201eWszystko zawierzy\u0142em Matce Naj\u015bwi\u0119tszej i\u00a0wiem, \u017ce nie b\u0119dzie s\u0142absz\u0105 w\u00a0 Polsce cho\u0107by ludzie si\u0119 zmieniali\u201d (16\u00a0maja 1981, po przyj\u0119ciu namaszczenia chorych). MSZA \u015aWI\u0118TA\u00a0 &#8211; MODLITWA WIERNYCH \u201eWszystko zawierzy\u0142em Matce Naj\u015bwi\u0119tszej i wiem, \u017ce nie b\u0119dzie s\u0142absz\u0105 w Polsce cho\u0107by ludzie &hellip;\" \/>\n<meta property=\"og:url\" content=\"https:\/\/pakosc-kalwaria.franciszkanie.net\/index.php\/2022\/02\/07\/przygotowanie-do-nawiedzenia-kopii-obrazu-matki-bozej-jasnogorskiej\/\" \/>\n<meta property=\"og:site_name\" content=\"Pako\u015b\u0107 \u2013 Kalwaria\" \/>\n<meta property=\"article:author\" content=\"https:\/\/www.facebook.com\/KalwariaPakosc\/\" \/>\n<meta property=\"article:published_time\" content=\"2022-02-07T20:00:20+00:00\" \/>\n<meta property=\"article:modified_time\" content=\"2022-02-08T09:37:18+00:00\" \/>\n<meta property=\"og:image\" content=\"https:\/\/pakosc-kalwaria.franciszkanie.net\/wp-content\/uploads\/2022\/01\/mb-cz\u0119stochowska.jpg\" \/>\n\t<meta property=\"og:image:width\" content=\"250\" \/>\n\t<meta property=\"og:image:height\" content=\"349\" \/>\n\t<meta property=\"og:image:type\" content=\"image\/jpeg\" \/>\n<meta name=\"twitter:card\" content=\"summary\" \/>\n<meta name=\"twitter:label1\" content=\"Napisane przez\" \/>\n\t<meta name=\"twitter:data1\" content=\"pakosc-kalwaria\" \/>\n\t<meta name=\"twitter:label2\" content=\"Szacowany czas czytania\" \/>\n\t<meta name=\"twitter:data2\" content=\"6 minut\" \/>\n<script type=\"application\/ld+json\" class=\"yoast-schema-graph\">{\"@context\":\"https:\/\/schema.org\",\"@graph\":[{\"@type\":\"WebSite\",\"@id\":\"https:\/\/pakosc-kalwaria.franciszkanie.net\/#website\",\"url\":\"https:\/\/pakosc-kalwaria.franciszkanie.net\/\",\"name\":\"Pako\u015b\u0107 \u2013 Kalwaria\",\"description\":\"Parafia Rzymsko \u2013 Katolicka p.w. Pana Jezusa Ukrzy\u017cowanego i  Matki Bo\u017cej Bolesnej ul. Barci\u0144ska 60, 88\u2013170 Pako\u015b\u0107 \u2013 Kalwaria\",\"potentialAction\":[{\"@type\":\"SearchAction\",\"target\":{\"@type\":\"EntryPoint\",\"urlTemplate\":\"https:\/\/pakosc-kalwaria.franciszkanie.net\/?s={search_term_string}\"},\"query-input\":\"required name=search_term_string\"}],\"inLanguage\":\"pl-PL\"},{\"@type\":\"ImageObject\",\"@id\":\"https:\/\/pakosc-kalwaria.franciszkanie.net\/index.php\/2022\/02\/07\/przygotowanie-do-nawiedzenia-kopii-obrazu-matki-bozej-jasnogorskiej\/#primaryimage\",\"inLanguage\":\"pl-PL\",\"url\":\"https:\/\/pakosc-kalwaria.franciszkanie.net\/wp-content\/uploads\/2022\/01\/mb-cz\u0119stochowska.jpg\",\"contentUrl\":\"https:\/\/pakosc-kalwaria.franciszkanie.net\/wp-content\/uploads\/2022\/01\/mb-cz\u0119stochowska.jpg\",\"width\":250,\"height\":349},{\"@type\":\"WebPage\",\"@id\":\"https:\/\/pakosc-kalwaria.franciszkanie.net\/index.php\/2022\/02\/07\/przygotowanie-do-nawiedzenia-kopii-obrazu-matki-bozej-jasnogorskiej\/#webpage\",\"url\":\"https:\/\/pakosc-kalwaria.franciszkanie.net\/index.php\/2022\/02\/07\/przygotowanie-do-nawiedzenia-kopii-obrazu-matki-bozej-jasnogorskiej\/\",\"name\":\"Z kalwaryjskiego Wzg\u00f3rza z Pierwszej Soboty Miesiaca - 5 lutego - Pako\u015b\u0107 \u2013 Kalwaria\",\"isPartOf\":{\"@id\":\"https:\/\/pakosc-kalwaria.franciszkanie.net\/#website\"},\"primaryImageOfPage\":{\"@id\":\"https:\/\/pakosc-kalwaria.franciszkanie.net\/index.php\/2022\/02\/07\/przygotowanie-do-nawiedzenia-kopii-obrazu-matki-bozej-jasnogorskiej\/#primaryimage\"},\"datePublished\":\"2022-02-07T20:00:20+00:00\",\"dateModified\":\"2022-02-08T09:37:18+00:00\",\"author\":{\"@id\":\"https:\/\/pakosc-kalwaria.franciszkanie.net\/#\/schema\/person\/af10b943be0760709227d060eadcb2aa\"},\"breadcrumb\":{\"@id\":\"https:\/\/pakosc-kalwaria.franciszkanie.net\/index.php\/2022\/02\/07\/przygotowanie-do-nawiedzenia-kopii-obrazu-matki-bozej-jasnogorskiej\/#breadcrumb\"},\"inLanguage\":\"pl-PL\",\"potentialAction\":[{\"@type\":\"ReadAction\",\"target\":[\"https:\/\/pakosc-kalwaria.franciszkanie.net\/index.php\/2022\/02\/07\/przygotowanie-do-nawiedzenia-kopii-obrazu-matki-bozej-jasnogorskiej\/\"]}]},{\"@type\":\"BreadcrumbList\",\"@id\":\"https:\/\/pakosc-kalwaria.franciszkanie.net\/index.php\/2022\/02\/07\/przygotowanie-do-nawiedzenia-kopii-obrazu-matki-bozej-jasnogorskiej\/#breadcrumb\",\"itemListElement\":[{\"@type\":\"ListItem\",\"position\":1,\"name\":\"Strona g\u0142\u00f3wna\",\"item\":\"https:\/\/pakosc-kalwaria.franciszkanie.net\/\"},{\"@type\":\"ListItem\",\"position\":2,\"name\":\"Z kalwaryjskiego Wzg\u00f3rza z Pierwszej Soboty Miesiaca &#8211; 5 lutego\"}]},{\"@type\":\"Person\",\"@id\":\"https:\/\/pakosc-kalwaria.franciszkanie.net\/#\/schema\/person\/af10b943be0760709227d060eadcb2aa\",\"name\":\"pakosc-kalwaria\",\"image\":{\"@type\":\"ImageObject\",\"@id\":\"https:\/\/pakosc-kalwaria.franciszkanie.net\/#personlogo\",\"inLanguage\":\"pl-PL\",\"url\":\"https:\/\/secure.gravatar.com\/avatar\/e7049d338b55eac6a0027ff3218b8d02?s=96&d=mm&r=g\",\"contentUrl\":\"https:\/\/secure.gravatar.com\/avatar\/e7049d338b55eac6a0027ff3218b8d02?s=96&d=mm&r=g\",\"caption\":\"pakosc-kalwaria\"},\"sameAs\":[\"https:\/\/www.facebook.com\/KalwariaPakosc\/\"],\"url\":\"https:\/\/pakosc-kalwaria.franciszkanie.net\/index.php\/author\/pakosc-kalwaria\/\"}]}<\/script>\n<!-- \/ Yoast SEO plugin. -->","yoast_head_json":{"title":"Z kalwaryjskiego Wzg\u00f3rza z Pierwszej Soboty Miesiaca - 5 lutego - Pako\u015b\u0107 \u2013 Kalwaria","robots":{"index":"index","follow":"follow","max-snippet":"max-snippet:-1","max-image-preview":"max-image-preview:large","max-video-preview":"max-video-preview:-1"},"canonical":"https:\/\/pakosc-kalwaria.franciszkanie.net\/index.php\/2022\/02\/07\/przygotowanie-do-nawiedzenia-kopii-obrazu-matki-bozej-jasnogorskiej\/","og_locale":"pl_PL","og_type":"article","og_title":"Z kalwaryjskiego Wzg\u00f3rza z Pierwszej Soboty Miesiaca - 5 lutego - Pako\u015b\u0107 \u2013 Kalwaria","og_description":"Duchowe przygotowanie do Nawiedzenia Kopii Obrazu Matki Bo\u017cej Jasnog\u00f3rskiej w Archidiecezji Gnie\u017anie\u0144skiej. Sobota 5 lutego: \u201eWszystko zawierzy\u0142em Matce Naj\u015bwi\u0119tszej i\u00a0wiem, \u017ce nie b\u0119dzie s\u0142absz\u0105 w\u00a0 Polsce cho\u0107by ludzie si\u0119 zmieniali\u201d (16\u00a0maja 1981, po przyj\u0119ciu namaszczenia chorych). MSZA \u015aWI\u0118TA\u00a0 &#8211; MODLITWA WIERNYCH \u201eWszystko zawierzy\u0142em Matce Naj\u015bwi\u0119tszej i wiem, \u017ce nie b\u0119dzie s\u0142absz\u0105 w Polsce cho\u0107by ludzie &hellip;","og_url":"https:\/\/pakosc-kalwaria.franciszkanie.net\/index.php\/2022\/02\/07\/przygotowanie-do-nawiedzenia-kopii-obrazu-matki-bozej-jasnogorskiej\/","og_site_name":"Pako\u015b\u0107 \u2013 Kalwaria","article_author":"https:\/\/www.facebook.com\/KalwariaPakosc\/","article_published_time":"2022-02-07T20:00:20+00:00","article_modified_time":"2022-02-08T09:37:18+00:00","og_image":[{"width":250,"height":349,"url":"https:\/\/pakosc-kalwaria.franciszkanie.net\/wp-content\/uploads\/2022\/01\/mb-cz\u0119stochowska.jpg","type":"image\/jpeg"}],"twitter_card":"summary","twitter_misc":{"Napisane przez":"pakosc-kalwaria","Szacowany czas czytania":"6 minut"},"schema":{"@context":"https:\/\/schema.org","@graph":[{"@type":"WebSite","@id":"https:\/\/pakosc-kalwaria.franciszkanie.net\/#website","url":"https:\/\/pakosc-kalwaria.franciszkanie.net\/","name":"Pako\u015b\u0107 \u2013 Kalwaria","description":"Parafia Rzymsko \u2013 Katolicka p.w. Pana Jezusa Ukrzy\u017cowanego i  Matki Bo\u017cej Bolesnej ul. Barci\u0144ska 60, 88\u2013170 Pako\u015b\u0107 \u2013 Kalwaria","potentialAction":[{"@type":"SearchAction","target":{"@type":"EntryPoint","urlTemplate":"https:\/\/pakosc-kalwaria.franciszkanie.net\/?s={search_term_string}"},"query-input":"required name=search_term_string"}],"inLanguage":"pl-PL"},{"@type":"ImageObject","@id":"https:\/\/pakosc-kalwaria.franciszkanie.net\/index.php\/2022\/02\/07\/przygotowanie-do-nawiedzenia-kopii-obrazu-matki-bozej-jasnogorskiej\/#primaryimage","inLanguage":"pl-PL","url":"https:\/\/pakosc-kalwaria.franciszkanie.net\/wp-content\/uploads\/2022\/01\/mb-cz\u0119stochowska.jpg","contentUrl":"https:\/\/pakosc-kalwaria.franciszkanie.net\/wp-content\/uploads\/2022\/01\/mb-cz\u0119stochowska.jpg","width":250,"height":349},{"@type":"WebPage","@id":"https:\/\/pakosc-kalwaria.franciszkanie.net\/index.php\/2022\/02\/07\/przygotowanie-do-nawiedzenia-kopii-obrazu-matki-bozej-jasnogorskiej\/#webpage","url":"https:\/\/pakosc-kalwaria.franciszkanie.net\/index.php\/2022\/02\/07\/przygotowanie-do-nawiedzenia-kopii-obrazu-matki-bozej-jasnogorskiej\/","name":"Z kalwaryjskiego Wzg\u00f3rza z Pierwszej Soboty Miesiaca - 5 lutego - Pako\u015b\u0107 \u2013 Kalwaria","isPartOf":{"@id":"https:\/\/pakosc-kalwaria.franciszkanie.net\/#website"},"primaryImageOfPage":{"@id":"https:\/\/pakosc-kalwaria.franciszkanie.net\/index.php\/2022\/02\/07\/przygotowanie-do-nawiedzenia-kopii-obrazu-matki-bozej-jasnogorskiej\/#primaryimage"},"datePublished":"2022-02-07T20:00:20+00:00","dateModified":"2022-02-08T09:37:18+00:00","author":{"@id":"https:\/\/pakosc-kalwaria.franciszkanie.net\/#\/schema\/person\/af10b943be0760709227d060eadcb2aa"},"breadcrumb":{"@id":"https:\/\/pakosc-kalwaria.franciszkanie.net\/index.php\/2022\/02\/07\/przygotowanie-do-nawiedzenia-kopii-obrazu-matki-bozej-jasnogorskiej\/#breadcrumb"},"inLanguage":"pl-PL","potentialAction":[{"@type":"ReadAction","target":["https:\/\/pakosc-kalwaria.franciszkanie.net\/index.php\/2022\/02\/07\/przygotowanie-do-nawiedzenia-kopii-obrazu-matki-bozej-jasnogorskiej\/"]}]},{"@type":"BreadcrumbList","@id":"https:\/\/pakosc-kalwaria.franciszkanie.net\/index.php\/2022\/02\/07\/przygotowanie-do-nawiedzenia-kopii-obrazu-matki-bozej-jasnogorskiej\/#breadcrumb","itemListElement":[{"@type":"ListItem","position":1,"name":"Strona g\u0142\u00f3wna","item":"https:\/\/pakosc-kalwaria.franciszkanie.net\/"},{"@type":"ListItem","position":2,"name":"Z kalwaryjskiego Wzg\u00f3rza z Pierwszej Soboty Miesiaca &#8211; 5 lutego"}]},{"@type":"Person","@id":"https:\/\/pakosc-kalwaria.franciszkanie.net\/#\/schema\/person\/af10b943be0760709227d060eadcb2aa","name":"pakosc-kalwaria","image":{"@type":"ImageObject","@id":"https:\/\/pakosc-kalwaria.franciszkanie.net\/#personlogo","inLanguage":"pl-PL","url":"https:\/\/secure.gravatar.com\/avatar\/e7049d338b55eac6a0027ff3218b8d02?s=96&d=mm&r=g","contentUrl":"https:\/\/secure.gravatar.com\/avatar\/e7049d338b55eac6a0027ff3218b8d02?s=96&d=mm&r=g","caption":"pakosc-kalwaria"},"sameAs":["https:\/\/www.facebook.com\/KalwariaPakosc\/"],"url":"https:\/\/pakosc-kalwaria.franciszkanie.net\/index.php\/author\/pakosc-kalwaria\/"}]}},"_links":{"self":[{"href":"https:\/\/pakosc-kalwaria.franciszkanie.net\/index.php\/wp-json\/wp\/v2\/posts\/21704"}],"collection":[{"href":"https:\/\/pakosc-kalwaria.franciszkanie.net\/index.php\/wp-json\/wp\/v2\/posts"}],"about":[{"href":"https:\/\/pakosc-kalwaria.franciszkanie.net\/index.php\/wp-json\/wp\/v2\/types\/post"}],"author":[{"embeddable":true,"href":"https:\/\/pakosc-kalwaria.franciszkanie.net\/index.php\/wp-json\/wp\/v2\/users\/2"}],"replies":[{"embeddable":true,"href":"https:\/\/pakosc-kalwaria.franciszkanie.net\/index.php\/wp-json\/wp\/v2\/comments?post=21704"}],"version-history":[{"count":4,"href":"https:\/\/pakosc-kalwaria.franciszkanie.net\/index.php\/wp-json\/wp\/v2\/posts\/21704\/revisions"}],"predecessor-version":[{"id":21720,"href":"https:\/\/pakosc-kalwaria.franciszkanie.net\/index.php\/wp-json\/wp\/v2\/posts\/21704\/revisions\/21720"}],"wp:featuredmedia":[{"embeddable":true,"href":"https:\/\/pakosc-kalwaria.franciszkanie.net\/index.php\/wp-json\/wp\/v2\/media\/21705"}],"wp:attachment":[{"href":"https:\/\/pakosc-kalwaria.franciszkanie.net\/index.php\/wp-json\/wp\/v2\/media?parent=21704"}],"wp:term":[{"taxonomy":"category","embeddable":true,"href":"https:\/\/pakosc-kalwaria.franciszkanie.net\/index.php\/wp-json\/wp\/v2\/categories?post=21704"},{"taxonomy":"post_tag","embeddable":true,"href":"https:\/\/pakosc-kalwaria.franciszkanie.net\/index.php\/wp-json\/wp\/v2\/tags?post=21704"}],"curies":[{"name":"wp","href":"https:\/\/api.w.org\/{rel}","templated":true}]}}