{"id":21721,"date":"2022-04-08T14:00:17","date_gmt":"2022-04-08T12:00:17","guid":{"rendered":"http:\/\/pakosc-kalwaria.franciszkanie.net\/?p=21721"},"modified":"2022-04-16T08:34:29","modified_gmt":"2022-04-16T06:34:29","slug":"przygotowanie-do-nawiedzenia-kopii-obrazu-matki-bozej-jasnogorskiej-2","status":"publish","type":"post","link":"https:\/\/pakosc-kalwaria.franciszkanie.net\/index.php\/2022\/04\/08\/przygotowanie-do-nawiedzenia-kopii-obrazu-matki-bozej-jasnogorskiej-2\/","title":{"rendered":"Przygotowanie do Nawiedzenia Kopii Obrazu Matki Bo\u017cej Jasnog\u00f3rskiej"},"content":{"rendered":"<p><strong><span style=\"color: #ff0000;\">Ostatni etap duchowego przygotowania do Nawiedzenia Kopii Obrazu Matki Bo\u017cej Jasnog\u00f3rskiej w Archidiecezji Gnie\u017anie\u0144skiej.<\/span><br \/>\nPo wielu perturbacjach zwi\u0105zanych z\u00a0 epidemi\u0105 zaczynamy ostatni etap przygotowa\u0144 do spotkania z Matk\u0105 Bo\u017c\u0105, kt\u00f3ra przyb\u0119dzie do nas w Ikonie Nawiedzenia. By\u0107 mo\u017ce nie brakuje w\u015br\u00f3d nas takich, kt\u00f3rzy s\u0105 znu\u017ceni tymi komplikacjami. By\u0107 mo\u017ce nie brak i takich, kt\u00f3rzy nie spodziewaj\u0105 si\u0119 wiele po czekaj\u0105cych nas wydarzeniach lub widz\u0105 w nich tylko zadanie do wype\u0142nienia. By\u0107 mo\u017ce nie brak wreszcie i takich, kt\u00f3rzy obawiaj\u0105 si\u0119, \u017ce Nawiedzenie nic nie wniesie w \u017cycie Ko\u015bcio\u0142a gnie\u017anie\u0144skiego, bo dzi\u015b inne czasy i inni ludzie ni\u017c przed laty. Zapewne nie wolno zlekcewa\u017cy\u0107 ich obaw, ale tym bardziej nie wolno ulec zoboj\u0119tnieniu ani godzi\u0107 si\u0119 na przeci\u0119tno\u015b\u0107. Warto spojrze\u0107 z ufno\u015bci\u0105 i wiar\u0105 na czas, kt\u00f3ry przed nami. I warto si\u0119 do niego przygotowa\u0107. Ostatnim etapem przygotowa\u0144 b\u0119d\u0105 trzy pierwsze soboty lutego, marca i kwietnia oraz nast\u0119puj\u0105ce po nich niedziele. W ka\u017cd\u0105 sobot\u0119 poprowadz\u0105 nas s\u0142owa o Matce Bo\u017cej, kt\u00f3re w ostatnich dniach swego \u017cycia wypowiedzia\u0142 b\u0142. Stefan Wyszy\u0144ski. Niech ten wierny syn Maryi b\u0119dzie naszym przewodnikiem w oczekiwaniu na Nawiedzenie:<\/strong><\/p>\n<p><strong><span style=\"color: #ff0000;\">Sobota 5 lutego:<\/span> \u201eWszystko zawierzy\u0142em Matce Naj\u015bwi\u0119tszej i\u00a0wiem, \u017ce nie b\u0119dzie s\u0142absz\u0105 w\u00a0 Polsce cho\u0107by ludzie si\u0119 zmieniali\u201d (16\u00a0maja 1981, po przyj\u0119ciu namaszczenia chorych). <\/strong><\/p>\n<p><strong><span style=\"color: #ff0000;\">Sobota 5 marca:<\/span> \u201eWszystkie nadzieje, to Matka Naj\u015bwi\u0119tsza. I\u00a0je\u017celi jaki program \u2013 to Ona\u201d (22 maja 1981, podczas po\u017cegnania z\u00a0Rad\u0105 Sta\u0142\u0105 Episkopatu). <\/strong><\/p>\n<p><strong><span style=\"color: #ff0000;\">Sobota 2 kwietnia:<\/span> \u201eMo\u017ce w\u00a0moim \u017cyciu pomyli\u0142em si\u0119 na r\u00f3\u017cnych mych drogach, ale nigdy nie pomyli\u0142em si\u0119 na mojej duchowej drodze na Jasn\u0105 G\u00f3r\u0119 zwyci\u0119stwa, na tej drodze nie pomyli\u0142em 6 si\u0119 nigdy\u201d (28 maja 1981, wg Marii Oko\u0144skiej na kr\u00f3tko przed \u015bmierci\u0105). <\/strong><\/p>\n<p><strong><span style=\"color: #ff0000;\">Wszyscy jeste\u015bmy zaproszeni, aby w\u00a0 pierwsze soboty<\/span> tych trzech miesi\u0119cy zgromadzi\u0107 si\u0119 na czuwaniu i\u00a0modlitwie w\u00a0naszych parafialnych ko\u015bcio\u0142ach. Zapewne znajdziemy w\u00a0nich wiele \u015bwiat\u0142a i\u00a0pokarmu dla serca. Naszemu duchowemu przygotowaniu niech towarzyszy zapalona \u015bwieca oczekiwania (nowennowa) oraz \u015bpiew naszego hymnu \u201eBogarodzica\u201d. Z im wi\u0119ksz\u0105 ufno\u015bci\u0105 i\u00a0 prostot\u0105 serca przygotujemy si\u0119 na Nawiedzenie, tym wi\u0119ksze i\u00a0bardziej b\u0142ogos\u0142awione b\u0119d\u0105 jego owoce w\u00a0naszym \u017cyciu. I\u00a0w\u00a0\u017cyciu Wojciechowego Ko\u015bcio\u0142a gnie\u017anie\u0144skiego.<\/strong><\/p>\n<p><strong><span style=\"color: #ff0000;\">W kalwaryjskim Sanktuarium zapraszamy w Pierwsze Sobot\u0119 Miesiaca 2 kwietnia na wsp\u00f3ln\u0105 modlitw\u0119:<\/span><\/strong><br \/>\n<strong><span style=\"color: #ff0000;\">16.30 &#8211;<\/span> Koronka do matki Bo\u017cej Bolesnej i <span style=\"color: #ff0000;\">Spowied\u017a \u015bwi\u0119ta<\/span><\/strong><br \/>\n<strong><span style=\"color: #ff0000;\">17.00 &#8211; Msza \u015bwi\u0119ta<\/span><\/strong><br \/>\n<strong>&#8211; po Mszy \u015bwi\u0119tej przed wystawionym Naj\u015bwi\u0119tszym Sakramentem <span style=\"color: #ff0000;\">R\u00f3\u017caniec<\/span> wynagradzaj\u0105cy Niepokalanemu Sercu Maryi i <span style=\"color: #ff0000;\">15.to minutowe rozwa\u017canie<\/span> tajemnic r\u00f3\u017ca\u0144cowych<\/strong><br \/>\n<strong>&#8211; na zako\u0144czenie apelowe rozwa\u017canie i <span style=\"color: #ff0000;\">Apel Jasnog\u00f3rski<\/span><\/strong><\/p>\n","protected":false},"excerpt":{"rendered":"<p>Ostatni etap duchowego przygotowania do Nawiedzenia Kopii Obrazu Matki Bo\u017cej Jasnog\u00f3rskiej w Archidiecezji Gnie\u017anie\u0144skiej. Po wielu perturbacjach zwi\u0105zanych z\u00a0 epidemi\u0105 zaczynamy ostatni etap przygotowa\u0144 do spotkania z Matk\u0105 Bo\u017c\u0105, kt\u00f3ra przyb\u0119dzie do nas w Ikonie Nawiedzenia. By\u0107 mo\u017ce nie brakuje w\u015br\u00f3d nas takich, kt\u00f3rzy s\u0105 znu\u017ceni tymi komplikacjami. By\u0107 mo\u017ce nie brak i takich, kt\u00f3rzy &hellip;<\/p>\n","protected":false},"author":2,"featured_media":21705,"comment_status":"closed","ping_status":"closed","sticky":false,"template":"","format":"standard","meta":{"_mi_skip_tracking":false,"_exactmetrics_sitenote_active":false,"_exactmetrics_sitenote_note":"","_exactmetrics_sitenote_category":0},"categories":[13,14],"tags":[],"yoast_head":"<!-- This site is optimized with the Yoast SEO plugin v18.1 - https:\/\/yoast.com\/wordpress\/plugins\/seo\/ -->\n<title>Przygotowanie do Nawiedzenia Kopii Obrazu Matki Bo\u017cej Jasnog\u00f3rskiej - Pako\u015b\u0107 \u2013 Kalwaria<\/title>\n<meta name=\"robots\" content=\"index, follow, max-snippet:-1, max-image-preview:large, max-video-preview:-1\" \/>\n<link rel=\"canonical\" href=\"https:\/\/pakosc-kalwaria.franciszkanie.net\/index.php\/2022\/04\/08\/przygotowanie-do-nawiedzenia-kopii-obrazu-matki-bozej-jasnogorskiej-2\/\" \/>\n<meta property=\"og:locale\" content=\"pl_PL\" \/>\n<meta property=\"og:type\" content=\"article\" \/>\n<meta property=\"og:title\" content=\"Przygotowanie do Nawiedzenia Kopii Obrazu Matki Bo\u017cej Jasnog\u00f3rskiej - Pako\u015b\u0107 \u2013 Kalwaria\" \/>\n<meta property=\"og:description\" content=\"Ostatni etap duchowego przygotowania do Nawiedzenia Kopii Obrazu Matki Bo\u017cej Jasnog\u00f3rskiej w Archidiecezji Gnie\u017anie\u0144skiej. Po wielu perturbacjach zwi\u0105zanych z\u00a0 epidemi\u0105 zaczynamy ostatni etap przygotowa\u0144 do spotkania z Matk\u0105 Bo\u017c\u0105, kt\u00f3ra przyb\u0119dzie do nas w Ikonie Nawiedzenia. By\u0107 mo\u017ce nie brakuje w\u015br\u00f3d nas takich, kt\u00f3rzy s\u0105 znu\u017ceni tymi komplikacjami. By\u0107 mo\u017ce nie brak i takich, kt\u00f3rzy &hellip;\" \/>\n<meta property=\"og:url\" content=\"https:\/\/pakosc-kalwaria.franciszkanie.net\/index.php\/2022\/04\/08\/przygotowanie-do-nawiedzenia-kopii-obrazu-matki-bozej-jasnogorskiej-2\/\" \/>\n<meta property=\"og:site_name\" content=\"Pako\u015b\u0107 \u2013 Kalwaria\" \/>\n<meta property=\"article:author\" content=\"https:\/\/www.facebook.com\/KalwariaPakosc\/\" \/>\n<meta property=\"article:published_time\" content=\"2022-04-08T12:00:17+00:00\" \/>\n<meta property=\"article:modified_time\" content=\"2022-04-16T06:34:29+00:00\" \/>\n<meta property=\"og:image\" content=\"https:\/\/pakosc-kalwaria.franciszkanie.net\/wp-content\/uploads\/2022\/01\/mb-cz\u0119stochowska.jpg\" \/>\n\t<meta property=\"og:image:width\" content=\"250\" \/>\n\t<meta property=\"og:image:height\" content=\"349\" \/>\n\t<meta property=\"og:image:type\" content=\"image\/jpeg\" \/>\n<meta name=\"twitter:card\" content=\"summary\" \/>\n<meta name=\"twitter:label1\" content=\"Napisane przez\" \/>\n\t<meta name=\"twitter:data1\" content=\"pakosc-kalwaria\" \/>\n\t<meta name=\"twitter:label2\" content=\"Szacowany czas czytania\" \/>\n\t<meta name=\"twitter:data2\" content=\"3 minuty\" \/>\n<script type=\"application\/ld+json\" class=\"yoast-schema-graph\">{\"@context\":\"https:\/\/schema.org\",\"@graph\":[{\"@type\":\"WebSite\",\"@id\":\"https:\/\/pakosc-kalwaria.franciszkanie.net\/#website\",\"url\":\"https:\/\/pakosc-kalwaria.franciszkanie.net\/\",\"name\":\"Pako\u015b\u0107 \u2013 Kalwaria\",\"description\":\"Parafia Rzymsko \u2013 Katolicka p.w. Pana Jezusa Ukrzy\u017cowanego i  Matki Bo\u017cej Bolesnej ul. Barci\u0144ska 60, 88\u2013170 Pako\u015b\u0107 \u2013 Kalwaria\",\"potentialAction\":[{\"@type\":\"SearchAction\",\"target\":{\"@type\":\"EntryPoint\",\"urlTemplate\":\"https:\/\/pakosc-kalwaria.franciszkanie.net\/?s={search_term_string}\"},\"query-input\":\"required name=search_term_string\"}],\"inLanguage\":\"pl-PL\"},{\"@type\":\"ImageObject\",\"@id\":\"https:\/\/pakosc-kalwaria.franciszkanie.net\/index.php\/2022\/04\/08\/przygotowanie-do-nawiedzenia-kopii-obrazu-matki-bozej-jasnogorskiej-2\/#primaryimage\",\"inLanguage\":\"pl-PL\",\"url\":\"https:\/\/pakosc-kalwaria.franciszkanie.net\/wp-content\/uploads\/2022\/01\/mb-cz\u0119stochowska.jpg\",\"contentUrl\":\"https:\/\/pakosc-kalwaria.franciszkanie.net\/wp-content\/uploads\/2022\/01\/mb-cz\u0119stochowska.jpg\",\"width\":250,\"height\":349},{\"@type\":\"WebPage\",\"@id\":\"https:\/\/pakosc-kalwaria.franciszkanie.net\/index.php\/2022\/04\/08\/przygotowanie-do-nawiedzenia-kopii-obrazu-matki-bozej-jasnogorskiej-2\/#webpage\",\"url\":\"https:\/\/pakosc-kalwaria.franciszkanie.net\/index.php\/2022\/04\/08\/przygotowanie-do-nawiedzenia-kopii-obrazu-matki-bozej-jasnogorskiej-2\/\",\"name\":\"Przygotowanie do Nawiedzenia Kopii Obrazu Matki Bo\u017cej Jasnog\u00f3rskiej - Pako\u015b\u0107 \u2013 Kalwaria\",\"isPartOf\":{\"@id\":\"https:\/\/pakosc-kalwaria.franciszkanie.net\/#website\"},\"primaryImageOfPage\":{\"@id\":\"https:\/\/pakosc-kalwaria.franciszkanie.net\/index.php\/2022\/04\/08\/przygotowanie-do-nawiedzenia-kopii-obrazu-matki-bozej-jasnogorskiej-2\/#primaryimage\"},\"datePublished\":\"2022-04-08T12:00:17+00:00\",\"dateModified\":\"2022-04-16T06:34:29+00:00\",\"author\":{\"@id\":\"https:\/\/pakosc-kalwaria.franciszkanie.net\/#\/schema\/person\/af10b943be0760709227d060eadcb2aa\"},\"breadcrumb\":{\"@id\":\"https:\/\/pakosc-kalwaria.franciszkanie.net\/index.php\/2022\/04\/08\/przygotowanie-do-nawiedzenia-kopii-obrazu-matki-bozej-jasnogorskiej-2\/#breadcrumb\"},\"inLanguage\":\"pl-PL\",\"potentialAction\":[{\"@type\":\"ReadAction\",\"target\":[\"https:\/\/pakosc-kalwaria.franciszkanie.net\/index.php\/2022\/04\/08\/przygotowanie-do-nawiedzenia-kopii-obrazu-matki-bozej-jasnogorskiej-2\/\"]}]},{\"@type\":\"BreadcrumbList\",\"@id\":\"https:\/\/pakosc-kalwaria.franciszkanie.net\/index.php\/2022\/04\/08\/przygotowanie-do-nawiedzenia-kopii-obrazu-matki-bozej-jasnogorskiej-2\/#breadcrumb\",\"itemListElement\":[{\"@type\":\"ListItem\",\"position\":1,\"name\":\"Strona g\u0142\u00f3wna\",\"item\":\"https:\/\/pakosc-kalwaria.franciszkanie.net\/\"},{\"@type\":\"ListItem\",\"position\":2,\"name\":\"Przygotowanie do Nawiedzenia Kopii Obrazu Matki Bo\u017cej Jasnog\u00f3rskiej\"}]},{\"@type\":\"Person\",\"@id\":\"https:\/\/pakosc-kalwaria.franciszkanie.net\/#\/schema\/person\/af10b943be0760709227d060eadcb2aa\",\"name\":\"pakosc-kalwaria\",\"image\":{\"@type\":\"ImageObject\",\"@id\":\"https:\/\/pakosc-kalwaria.franciszkanie.net\/#personlogo\",\"inLanguage\":\"pl-PL\",\"url\":\"https:\/\/secure.gravatar.com\/avatar\/e7049d338b55eac6a0027ff3218b8d02?s=96&d=mm&r=g\",\"contentUrl\":\"https:\/\/secure.gravatar.com\/avatar\/e7049d338b55eac6a0027ff3218b8d02?s=96&d=mm&r=g\",\"caption\":\"pakosc-kalwaria\"},\"sameAs\":[\"https:\/\/www.facebook.com\/KalwariaPakosc\/\"],\"url\":\"https:\/\/pakosc-kalwaria.franciszkanie.net\/index.php\/author\/pakosc-kalwaria\/\"}]}<\/script>\n<!-- \/ Yoast SEO plugin. -->","yoast_head_json":{"title":"Przygotowanie do Nawiedzenia Kopii Obrazu Matki Bo\u017cej Jasnog\u00f3rskiej - Pako\u015b\u0107 \u2013 Kalwaria","robots":{"index":"index","follow":"follow","max-snippet":"max-snippet:-1","max-image-preview":"max-image-preview:large","max-video-preview":"max-video-preview:-1"},"canonical":"https:\/\/pakosc-kalwaria.franciszkanie.net\/index.php\/2022\/04\/08\/przygotowanie-do-nawiedzenia-kopii-obrazu-matki-bozej-jasnogorskiej-2\/","og_locale":"pl_PL","og_type":"article","og_title":"Przygotowanie do Nawiedzenia Kopii Obrazu Matki Bo\u017cej Jasnog\u00f3rskiej - Pako\u015b\u0107 \u2013 Kalwaria","og_description":"Ostatni etap duchowego przygotowania do Nawiedzenia Kopii Obrazu Matki Bo\u017cej Jasnog\u00f3rskiej w Archidiecezji Gnie\u017anie\u0144skiej. Po wielu perturbacjach zwi\u0105zanych z\u00a0 epidemi\u0105 zaczynamy ostatni etap przygotowa\u0144 do spotkania z Matk\u0105 Bo\u017c\u0105, kt\u00f3ra przyb\u0119dzie do nas w Ikonie Nawiedzenia. By\u0107 mo\u017ce nie brakuje w\u015br\u00f3d nas takich, kt\u00f3rzy s\u0105 znu\u017ceni tymi komplikacjami. By\u0107 mo\u017ce nie brak i takich, kt\u00f3rzy &hellip;","og_url":"https:\/\/pakosc-kalwaria.franciszkanie.net\/index.php\/2022\/04\/08\/przygotowanie-do-nawiedzenia-kopii-obrazu-matki-bozej-jasnogorskiej-2\/","og_site_name":"Pako\u015b\u0107 \u2013 Kalwaria","article_author":"https:\/\/www.facebook.com\/KalwariaPakosc\/","article_published_time":"2022-04-08T12:00:17+00:00","article_modified_time":"2022-04-16T06:34:29+00:00","og_image":[{"width":250,"height":349,"url":"https:\/\/pakosc-kalwaria.franciszkanie.net\/wp-content\/uploads\/2022\/01\/mb-cz\u0119stochowska.jpg","type":"image\/jpeg"}],"twitter_card":"summary","twitter_misc":{"Napisane przez":"pakosc-kalwaria","Szacowany czas czytania":"3 minuty"},"schema":{"@context":"https:\/\/schema.org","@graph":[{"@type":"WebSite","@id":"https:\/\/pakosc-kalwaria.franciszkanie.net\/#website","url":"https:\/\/pakosc-kalwaria.franciszkanie.net\/","name":"Pako\u015b\u0107 \u2013 Kalwaria","description":"Parafia Rzymsko \u2013 Katolicka p.w. Pana Jezusa Ukrzy\u017cowanego i  Matki Bo\u017cej Bolesnej ul. Barci\u0144ska 60, 88\u2013170 Pako\u015b\u0107 \u2013 Kalwaria","potentialAction":[{"@type":"SearchAction","target":{"@type":"EntryPoint","urlTemplate":"https:\/\/pakosc-kalwaria.franciszkanie.net\/?s={search_term_string}"},"query-input":"required name=search_term_string"}],"inLanguage":"pl-PL"},{"@type":"ImageObject","@id":"https:\/\/pakosc-kalwaria.franciszkanie.net\/index.php\/2022\/04\/08\/przygotowanie-do-nawiedzenia-kopii-obrazu-matki-bozej-jasnogorskiej-2\/#primaryimage","inLanguage":"pl-PL","url":"https:\/\/pakosc-kalwaria.franciszkanie.net\/wp-content\/uploads\/2022\/01\/mb-cz\u0119stochowska.jpg","contentUrl":"https:\/\/pakosc-kalwaria.franciszkanie.net\/wp-content\/uploads\/2022\/01\/mb-cz\u0119stochowska.jpg","width":250,"height":349},{"@type":"WebPage","@id":"https:\/\/pakosc-kalwaria.franciszkanie.net\/index.php\/2022\/04\/08\/przygotowanie-do-nawiedzenia-kopii-obrazu-matki-bozej-jasnogorskiej-2\/#webpage","url":"https:\/\/pakosc-kalwaria.franciszkanie.net\/index.php\/2022\/04\/08\/przygotowanie-do-nawiedzenia-kopii-obrazu-matki-bozej-jasnogorskiej-2\/","name":"Przygotowanie do Nawiedzenia Kopii Obrazu Matki Bo\u017cej Jasnog\u00f3rskiej - Pako\u015b\u0107 \u2013 Kalwaria","isPartOf":{"@id":"https:\/\/pakosc-kalwaria.franciszkanie.net\/#website"},"primaryImageOfPage":{"@id":"https:\/\/pakosc-kalwaria.franciszkanie.net\/index.php\/2022\/04\/08\/przygotowanie-do-nawiedzenia-kopii-obrazu-matki-bozej-jasnogorskiej-2\/#primaryimage"},"datePublished":"2022-04-08T12:00:17+00:00","dateModified":"2022-04-16T06:34:29+00:00","author":{"@id":"https:\/\/pakosc-kalwaria.franciszkanie.net\/#\/schema\/person\/af10b943be0760709227d060eadcb2aa"},"breadcrumb":{"@id":"https:\/\/pakosc-kalwaria.franciszkanie.net\/index.php\/2022\/04\/08\/przygotowanie-do-nawiedzenia-kopii-obrazu-matki-bozej-jasnogorskiej-2\/#breadcrumb"},"inLanguage":"pl-PL","potentialAction":[{"@type":"ReadAction","target":["https:\/\/pakosc-kalwaria.franciszkanie.net\/index.php\/2022\/04\/08\/przygotowanie-do-nawiedzenia-kopii-obrazu-matki-bozej-jasnogorskiej-2\/"]}]},{"@type":"BreadcrumbList","@id":"https:\/\/pakosc-kalwaria.franciszkanie.net\/index.php\/2022\/04\/08\/przygotowanie-do-nawiedzenia-kopii-obrazu-matki-bozej-jasnogorskiej-2\/#breadcrumb","itemListElement":[{"@type":"ListItem","position":1,"name":"Strona g\u0142\u00f3wna","item":"https:\/\/pakosc-kalwaria.franciszkanie.net\/"},{"@type":"ListItem","position":2,"name":"Przygotowanie do Nawiedzenia Kopii Obrazu Matki Bo\u017cej Jasnog\u00f3rskiej"}]},{"@type":"Person","@id":"https:\/\/pakosc-kalwaria.franciszkanie.net\/#\/schema\/person\/af10b943be0760709227d060eadcb2aa","name":"pakosc-kalwaria","image":{"@type":"ImageObject","@id":"https:\/\/pakosc-kalwaria.franciszkanie.net\/#personlogo","inLanguage":"pl-PL","url":"https:\/\/secure.gravatar.com\/avatar\/e7049d338b55eac6a0027ff3218b8d02?s=96&d=mm&r=g","contentUrl":"https:\/\/secure.gravatar.com\/avatar\/e7049d338b55eac6a0027ff3218b8d02?s=96&d=mm&r=g","caption":"pakosc-kalwaria"},"sameAs":["https:\/\/www.facebook.com\/KalwariaPakosc\/"],"url":"https:\/\/pakosc-kalwaria.franciszkanie.net\/index.php\/author\/pakosc-kalwaria\/"}]}},"_links":{"self":[{"href":"https:\/\/pakosc-kalwaria.franciszkanie.net\/index.php\/wp-json\/wp\/v2\/posts\/21721"}],"collection":[{"href":"https:\/\/pakosc-kalwaria.franciszkanie.net\/index.php\/wp-json\/wp\/v2\/posts"}],"about":[{"href":"https:\/\/pakosc-kalwaria.franciszkanie.net\/index.php\/wp-json\/wp\/v2\/types\/post"}],"author":[{"embeddable":true,"href":"https:\/\/pakosc-kalwaria.franciszkanie.net\/index.php\/wp-json\/wp\/v2\/users\/2"}],"replies":[{"embeddable":true,"href":"https:\/\/pakosc-kalwaria.franciszkanie.net\/index.php\/wp-json\/wp\/v2\/comments?post=21721"}],"version-history":[{"count":6,"href":"https:\/\/pakosc-kalwaria.franciszkanie.net\/index.php\/wp-json\/wp\/v2\/posts\/21721\/revisions"}],"predecessor-version":[{"id":22666,"href":"https:\/\/pakosc-kalwaria.franciszkanie.net\/index.php\/wp-json\/wp\/v2\/posts\/21721\/revisions\/22666"}],"wp:featuredmedia":[{"embeddable":true,"href":"https:\/\/pakosc-kalwaria.franciszkanie.net\/index.php\/wp-json\/wp\/v2\/media\/21705"}],"wp:attachment":[{"href":"https:\/\/pakosc-kalwaria.franciszkanie.net\/index.php\/wp-json\/wp\/v2\/media?parent=21721"}],"wp:term":[{"taxonomy":"category","embeddable":true,"href":"https:\/\/pakosc-kalwaria.franciszkanie.net\/index.php\/wp-json\/wp\/v2\/categories?post=21721"},{"taxonomy":"post_tag","embeddable":true,"href":"https:\/\/pakosc-kalwaria.franciszkanie.net\/index.php\/wp-json\/wp\/v2\/tags?post=21721"}],"curies":[{"name":"wp","href":"https:\/\/api.w.org\/{rel}","templated":true}]}}