{"id":21726,"date":"2022-02-03T20:30:17","date_gmt":"2022-02-03T19:30:17","guid":{"rendered":"http:\/\/pakosc-kalwaria.franciszkanie.net\/?p=21726"},"modified":"2022-02-06T08:38:35","modified_gmt":"2022-02-06T07:38:35","slug":"z-kalwaryjskiego-wzgorza-z-modlitwy-za-malzenstwa-i-rodziny-3-lutego","status":"publish","type":"post","link":"https:\/\/pakosc-kalwaria.franciszkanie.net\/index.php\/2022\/02\/03\/z-kalwaryjskiego-wzgorza-z-modlitwy-za-malzenstwa-i-rodziny-3-lutego\/","title":{"rendered":"Z kalwaryjskiego Wzg\u00f3rza z adoracji i modlitwy za Ma\u0142\u017ce\u0144stwa i Rodziny z 3 lutego"},"content":{"rendered":"<p><strong>Z adoracji Naj\u015bwi\u0119tszego Sakramentu w Pierwszy Czwartek Miesi\u0105ca\u00a0 &#8211; 3 lutego 2022r. \u00a0\u00a0\u00a0\u00a0 \u00a0\u00a0 <\/strong><\/p>\n<p><strong><span style=\"color: #ff0000;\">Wystawienie Naj\u015bwi\u0119tszego Sakramentu<\/span><br \/>\n<\/strong><strong><span style=\"color: #ff0000;\">Wprowadzenie:<\/span><br \/>\n<\/strong>Panie Jezu, przywo\u0142ujemy na my\u015bl Ogr\u00f3d Oliwny zwany Getsemani i wypowiedziane tam ze smutkiem przez Ciebie s\u0142owa do Piotra: <strong><em>Tak, jednej godziny nie mogli\u015bcie czuwa\u0107 ze Mn\u0105?.<\/em><\/strong> Dzisiaj, w ramach przygotowania do X \u015awiatowego Spotkania Rodzin, kt\u00f3re odb\u0119dzie si\u0119 w czerwcu br. w Rzymie, pragniemy w\u0142a\u015bnie przez jedn\u0105 godzin\u0119 by\u0107 przy Tobie i adorowa\u0107 Ciebie, ukrytego pod postaci\u0105 chleba w Naj\u015bwi\u0119tszym Sakramencie.<\/p>\n<p>Nasz Odkupicielu i Zbawicielu, w trakcie tej adoracji chcemy, jak podczas Ostatniej Wieczerzy uczyni\u0142 to Tw\u00f3j umi\u0142owany ucze\u0144 \u015bw. Jan, oprze\u0107 g\u0142ow\u0119 na Twojej piersi i przylgn\u0105\u0107 do Twojego mi\u0142osiernego Serca. Ws\u0142uchuj\u0105c si\u0119 w s\u0142owa Ewangelii oraz fragmenty adhortacji Amoris Laetitia Ojca \u015awi\u0119tego Franciszka, a tak\u017ce modl\u0105c si\u0119 i \u015bpiewaj\u0105c pragniemy podj\u0105\u0107 z Tob\u0105 mi\u0142osny dialog o nas samych, o naszych ma\u0142\u017ce\u0144stwach i rodzinach.<\/p>\n<p>W chwilach ciszy, kontempluj\u0105c prawd\u0119 o rodzinie, kt\u00f3rej fundamentem jest Sakrament Ma\u0142\u017ce\u0144stwa, b\u0119dziemy otwiera\u0107 na o\u015bcie\u017c serce, umys\u0142 i wol\u0119 na to, aby\u015b Ty, Eucharystyczny Panie, moc\u0105 Ducha \u015awi\u0119tego umocni\u0142 nasze ma\u0142\u017ce\u0144skie i rodzinne wi\u0119zi, aby\u015bmy mogli zrealizowa\u0107 w powo\u0142aniu do \u017cycia w rodzinie Tw\u00f3j zamys\u0142 wzgl\u0119dem nas.<\/p>\n<p>Nasz Kr\u00f3lu, kl\u0119cz\u0105c przed Tob\u0105 ufamy, \u017ce pomo\u017cesz nam przezwyci\u0119\u017cy\u0107 trudno\u015bci, kt\u00f3re napotykamy na drodze do \u015bwi\u0119to\u015bci i uzdrowisz nas z naszych ran i niemocy.<\/p>\n<p>Kochany Panie Jezu, oddaj\u0105c Ci cze\u015b\u0107 i chwa\u0142\u0119 podczas tej adoracyjnej godziny \u0142aski z g\u0142\u0119bi serca o\u015bmielamy si\u0119 te\u017c prosi\u0107 o to, aby ma\u0142\u017ce\u0144stwa i rodziny by\u0142y wsp\u00f3lnotami autentycznej rado\u015bci mi\u0142o\u015bci.<\/p>\n<p><strong><span style=\"color: #ff0000;\">Czytanie S\u0142owa Bo\u017cego z Ewangeliarza i rozwa\u017canie w ciszy<\/span><br \/>\n<\/strong>Ws\u0142uchuj\u0105c si\u0119 w s\u0142owa Ewangelii \u015bw. Mateusza rozwa\u017cmy w ciszy w\u0142asnego serca, na jakim fundamencie zbudowany jest dom, kt\u00f3rym jest twoje ma\u0142\u017ce\u0144stwo i rodzina.<\/p>\n<p><strong>Z Ewangelii \u015bw. Mateusza(Mt 7, 21. 24-27) <\/strong><br \/>\n\u201c<strong>Nie ka\u017cdy, kt\u00f3ry Mi m\u00f3wi: &#8222;Panie, Panie!&#8221;, wejdzie do kr\u00f3lestwa niebieskiego, lecz ten, kto spe\u0142nia wol\u0119 mojego Ojca, kt\u00f3ry jest w niebie. Ka\u017cdego wi\u0119c, kto tych s\u0142\u00f3w moich s\u0142ucha i wype\u0142nia je, mo\u017cna por\u00f3wna\u0107 z cz\u0142owiekiem roztropnym, kt\u00f3ry dom sw\u00f3j zbudowa\u0142 na skale. Spad\u0142 deszcz, wezbra\u0142y potoki, zerwa\u0142y si\u0119 wichry i uderzy\u0142y w ten dom. On jednak nie run\u0105\u0142, bo na skale by\u0142 utwierdzony. Ka\u017cdego za\u015b, kto tych s\u0142\u00f3w moich s\u0142ucha, a nie wype\u0142nia ich, mo\u017cna por\u00f3wna\u0107 z cz\u0142owiekiem nierozs\u0105dnym, kt\u00f3ry dom sw\u00f3j zbudowa\u0142 na piasku. Spad\u0142 deszcz, wezbra\u0142y potoki, zerwa\u0142y si\u0119 wichry i rzuci\u0142y si\u0119 na ten dom. I run\u0105\u0142, a upadek jego by\u0142 wielki<\/strong>\u201d &#8211; (chwila ciszy)<\/p>\n<p><strong><span style=\"color: #ff0000;\">Odczytanie fragment\u00f3w z Amoris Laetitia i rozmy\u015blanie nad postawionymi pytaniami<\/span><br \/>\n<\/strong><strong>1\/ Z adhortacji AMORIS LAETITIA (Rado\u015b\u0107 Mi\u0142o\u015bci) <\/strong><br \/>\n<strong>Para, kt\u00f3ra kocha i rodzi \u017cycie, jest prawdziw\u0105 \u017cyw\u0105 \u201efigur\u0105\u201d (ale nie \u017cadn\u0105 z tych wykonanych z kamienia lub z\u0142ota, jakich zakazuje Dekalog), zdoln\u0105 ukaza\u0107 Boga Stw\u00f3rc\u0119 i Zbawiciela. &#8230;Tr\u00f3jjedyny B\u00f3g jest komuni\u0105 mi\u0142o\u015bci, a rodzina jest jej \u017cyj\u0105cym odzwierciedleniem. \u015awiat\u0142o rzucaj\u0105 nam s\u0142owa \u015bw. Jana Paw\u0142a II: \u201eOsoby naszego Boga w swej najbardziej wewn\u0119trznej tajemnicy nie pozostaj\u0105 w samotno\u015bci, lecz tworz\u0105 rodzin\u0119, poniewa\u017c w tajemnicy tej zawiera si\u0119 ojcostwo, synostwo i sama istota rodziny, jak\u0105 jest mi\u0142o\u015b\u0107. Mi\u0142o\u015bci\u0105 w tej Bo\u017cej rodzinie jest Duch \u015awi\u0119ty\u201d.<\/strong><em> (AL 11)<br \/>\n<\/em>Czy twoje ma\u0142\u017ce\u0144stwo i rodzina jest \u017cywym odzwierciedleniem komunii mi\u0142o\u015bci Boga Ojca, Syna i Ducha \u015awi\u0119tego?\u00a0 &#8211; (chwila ciszy)<strong><br \/>\n<\/strong><\/p>\n<p><strong>2\/ Z adhortacji AMORIS LAETITIA (Rado\u015b\u0107 Mi\u0142o\u015bci)<\/strong>\u00a0\u00a0\u00a0\u00a0\u00a0 <strong>\u201cPrzestrze\u0144 \u017cyciowa rodziny mo\u017ce by\u0107 przekszta\u0142cona w Ko\u015bci\u00f3\u0142 domowy, w miejsce sprawowania Eucharystii, obecno\u015bci Chrystusa siedz\u0105cego przy jednym stole. Niezapomniana jest scena nakre\u015blona w Apokalipsie: \u201eOto stoj\u0119 u drzwi i ko\u0142acz\u0119: je\u015bli kto pos\u0142yszy m\u00f3j g\u0142os i drzwi otworzy, wejd\u0119 do niego i b\u0119d\u0119 z nim wieczerza\u0142, a on ze Mn\u0105\u201d (3, 20). W ten spos\u00f3b naszkicowany jest dom, kt\u00f3ry niesie w swoim wn\u0119trzu obecno\u015b\u0107 Boga, wsp\u00f3ln\u0105 modlitw\u0119 i przez to b\u0142ogos\u0142awie\u0144stwo Pana.\u201d<\/strong><em> (AL 15).<br \/>\n<\/em>Czy we wn\u0119trzu twojego domu ka\u017cdy mo\u017ce odczu\u0107 i do\u015bwiadczy\u0107 obecno\u015bci \u017cywego Boga? &#8211; (chwila ciszy)<\/p>\n<p><strong>3\/ Z adhortacji AMORIS LAETITIA (Rado\u015b\u0107 Mi\u0142o\u015bci) <\/strong><br \/>\n<strong>\u201cSi\u0142a rodziny \u201etkwi zasadniczo w tym, \u017ce rodzina jest zdolna kocha\u0107 i uczy\u0107 mi\u0142o\u015bci. Niezale\u017cnie od tego, jak dana rodzina mo\u017ce by\u0107 poraniona, zawsze mo\u017ce si\u0119 ona rozwija\u0107 wychodz\u0105c od mi\u0142o\u015bci\u201d.\u201d<\/strong><em> (AL 53)<br \/>\n<\/em>Czy mierzenie si\u0119 z trudno\u015bciami w twoim ma\u0142\u017ce\u0144stwie i rodzinie rozpoczynasz od wyznania mi\u0142o\u015bci? &#8211; (chwila ciszy)<\/p>\n<p><strong><span style=\"color: #ff0000;\">Teraz czas na adoracj\u0119 w ciszy <\/span>nad tekstem z adhortacji AMORIS LAETITIA: <\/strong><strong>\u201eW mi\u0142o\u015bci milczenie jest cz\u0119sto bardziej wymowne ni\u017c s\u0142owa.\u201d<\/strong><em> (AL 12)<br \/>\n<span style=\"color: #ff0000;\"><strong>\u2013 <\/strong><\/span><\/em><span style=\"color: #ff0000;\"><strong>okazja do Spowiedzi \u015bwi\u0119tej<\/strong><\/span><\/p>\n<p><strong>Modlitwa dzi\u0119kczynna: <\/strong><strong><em>Dzi\u0119kujemy Ci, nasz Zbawicielu<br \/>\n<\/em><\/strong>&#8211; za to, \u017ce zapragn\u0105\u0142e\u015b objawi\u0107 si\u0119 \u015bwiatu w rodzinie<br \/>\n&#8211; za ka\u017cd\u0105 rado\u015b\u0107 mi\u0142o\u015bci do\u015bwiadczon\u0105 w ma\u0142\u017ce\u0144stwie i rodzinie<br \/>\n&#8211; za dar \u017cycia<br \/>\n&#8211; za Twoj\u0105 mi\u0142o\u015b\u0107<br \/>\n&#8211; za chleb powszedni<br \/>\n&#8211; za rodziny, kt\u00f3re s\u0142uchaj\u0105 i wype\u0142niaj\u0105 S\u0142owo Bo\u017ce<\/p>\n<p><strong>Modlitwa przeproszenia: <\/strong><strong>Przepraszamy Ci\u0119, nasz Odkupicielu<br \/>\n<\/strong>&#8211; za to, \u017ce cz\u0119sto polegamy bardziej na sobie ni\u017c na Tobie<br \/>\n&#8211; za brak okazywania mi\u0142o\u015bci<br \/>\n&#8211; za brak szacunku do cz\u0142onk\u00f3w rodziny<br \/>\n&#8211; za zaniedbywanie modlitwy rodzinnej<br \/>\n&#8211; za brak zaanga\u017cowania w sprawy rodzinne<br \/>\n&#8211; za ka\u017cdy brak czasu dla rodzin<\/p>\n<p><strong>Modlitwa pro\u015bby:<\/strong><strong> Prosimy Ci\u0119, kochany Panie<br \/>\n<\/strong>&#8211; o b\u0142ogos\u0142awie\u0144stwo dla naszych rodzin<br \/>\n&#8211; o jedno\u015b\u0107 w naszych rodzinach<br \/>\n&#8211; o odwag\u0119 \u017cycia wed\u0142ug zasad wiary<br \/>\n&#8211; o tw\u00f3rcze i konsekwentne rozwijanie wi\u0119zi mi\u0142o\u015bci ma\u0142\u017ce\u0144skiej i rodzinnej<br \/>\n&#8211; o niez\u0142omne trwanie przy Tobie w przeciwno\u015bciach<br \/>\n&#8211; o umiej\u0119tno\u015b\u0107 towarzyszenia ma\u0142\u017ce\u0144stwom i rodzino<\/p>\n<p><strong>Modlitwa uwielbienia: <\/strong><strong>Uwielbiamy Ci\u0119, nasz Kr\u00f3lu<br \/>\n<\/strong>&#8211; w \u015bwi\u0119tych sakramentach<br \/>\n&#8211; w s\u0142owie Bo\u017cym<br \/>\n&#8211; w \u015bwi\u0119tych ma\u0142\u017conkach i rodzicach<br \/>\n&#8211; w kap\u0142anach s\u0142u\u017c\u0105cych rodzinom<br \/>\n&#8211; w darze p\u0142odno\u015bci<br \/>\n&#8211; w \u015bwiadectwie wiary naszych rodzic\u00f3w<\/p>\n<p><span style=\"color: #ff0000;\"><strong>Dziesi\u0105tka R\u00f3\u017ca\u0144ca <\/strong>&#8211;<\/span> <strong>w intencji ma\u0142\u017ce\u0144stw i rodzin, aby by\u0142y Bogiem silne oraz o nowe powo\u0142ania kap\u0142a\u0144skie i zakonne: <\/strong><\/p>\n<p><strong>V Tajemnica \u015awiat\u0142a:<\/strong><strong> Ustanowienie Eucharystii\u00a0\u00a0\u00a0\u00a0\u00a0 <\/strong><strong><br \/>\n<\/strong>S\u0142owa, kt\u00f3re Pan Jezus wypowiedzia\u0142 podczas ostatniej wieczerzy by\u0142y zapowiedzi\u0105 udowodnienia autentycznej mi\u0142o\u015bci Boga do cz\u0142owieka. Ustanawiaj\u0105c Eucharysti\u0119, prosi\u0142 On, aby karmi\u0107 si\u0119 Jego darem mi\u0142o\u015bci, kt\u00f3ry uczyni\u0142 z Cia\u0142a i Krwi swojej na drzewie Krzy\u017ca. Zawieranie sakramentu ma\u0142\u017ce\u0144stwa podczas Mszy \u015awi\u0119tej nie jest przypadkowe. Jest to konsekwencja donios\u0142o\u015bci i relacyjno\u015bci obu sakrament\u00f3w.<br \/>\nNowo\u017ce\u0144cy zapraszani s\u0105 na uczt\u0119 eucharystyczn\u0105 przez samego Boga, w kt\u00f3rej on udziela siebie w spos\u00f3b ca\u0142kowity, pragn\u0105c jednocze\u015bnie, aby byli oni dla siebie darem na podobie\u0144stwo Jego ofiary z siebie. Od dnia za\u015blubin ka\u017cda kolejna Msza \u015awi\u0119ta powinna ma\u0142\u017conkom przypomina\u0107 o donios\u0142ej chwili, kiedy u st\u00f3p o\u0142tarza przyrzekali sobie mi\u0142o\u015b\u0107, wierno\u015b\u0107 i uczciwo\u015b\u0107 ma\u0142\u017ce\u0144sk\u0105 oraz to, \u017ce b\u0119d\u0105 razem, a\u017c do \u015bmierci. Zawieraj\u0105c zwi\u0105zek sakramentalny: ma\u0142\u017conkowie dobrowolnie wpisuj\u0105 si\u0119 w mi\u0142o\u015b\u0107 Boga i tylko od nich zale\u017ce\u0107 b\u0119dzie, czy zechc\u0105 spo\u017cywa\u0107 Cia\u0142o i Krew Chrystusa czyni\u0105c Go ci\u0105gle na nowo fundamentem w\u0142asnego ma\u0142\u017ce\u0144stwa, a tym samym ca\u0142ej rodziny. Niew\u0105tpliwie mi\u0142o\u015b\u0107 ma\u0142\u017ce\u0144ska i rodzinna budowana na Eucharystii jest najpewniejsz\u0105 drog\u0105 do zbawienia, kt\u00f3ra wiedzie przez rado\u015b\u0107 mi\u0142o\u015bci.<\/p>\n<p><span style=\"color: #ff0000;\"><strong>Modlitwa do \u015awi\u0119tej Rodziny za Rodziny &#8211; papie\u017ca Franciszka<br \/>\n<\/strong><\/span>Jezu, Maryjo i J\u00f3zefie, w was kontemplujemy blask prawdziwej mi\u0142o\u015bci, do was zwracamy si\u0119 z ufno\u015bci\u0105. \u015awi\u0119ta Rodzino z Nazaretu, uczy\u0144 tak\u017ce nasze rodziny \u015brodowiskami komunii i Wieczernikami modlitwy, autentycznymi szko\u0142ami Ewangelii i ma\u0142ymi Ko\u015bcio\u0142ami domowymi. \u00a0\u015awi\u0119ta Rodzino z Nazaretu niech nigdy wi\u0119cej w naszych rodzinach nikt nie do\u015bwiadcza przemocy, zamkni\u0119cia i podzia\u0142\u00f3w: ktokolwiek zosta\u0142 zraniony albo zgorszony, niech szybko zazna pocieszenia i uleczenia. \u015awi\u0119ta Rodzino z Nazaretu, przywr\u00f3ci\u0107 wszystkim \u015bwiadomo\u015b\u0107 sakralnego i nienaruszalnego charakteru rodziny, jej pi\u0119kna w Bo\u017cym zamy\u015ble. Jezu, Maryjo i J\u00f3zefie, us\u0142yszcie, wys\u0142uchajcie naszego b\u0142agania! Amen.<\/p>\n<p><span style=\"color: #ff0000;\"><strong>Indywidualne b\u0142ogos\u0142awie\u0144stwo <\/strong><strong>Naj\u015bwi\u0119tszym Sakramentem <\/strong><strong>ma\u0142\u017conk\u00f3w, rodzin, os\u00f3b <\/strong><\/span>\u2013 na kl\u0119czniku<\/p>\n<p><strong><br \/>\nKolejna <span style=\"color: #ff0000;\">adoracja Naj\u015bwi\u0119tszego Sakramentu<\/span> na kalwaryjskim Wzg\u00f3rzu, ze szczeg\u00f3ln\u0105 modlitw\u0105 o nowe powo\u0142ania kap\u0142a\u0144skie i zakonne oraz za Ma\u0142\u017ce\u0144stwa i Rodziny, z indywidualnym b\u0142ogos\u0142awie\u0144stwem Naj\u015bwi\u0119tszym Sakramentem, ju\u017c w najbli\u017cszy <span style=\"color: #ff0000;\">Pierwszy Czwartek Miesi\u0105ca 3 marca od 19.00 &#8211; 20.00.<\/span> Serdecznie zapraszamy!<\/strong><\/p>\n","protected":false},"excerpt":{"rendered":"<p>Z adoracji Naj\u015bwi\u0119tszego Sakramentu w Pierwszy Czwartek Miesi\u0105ca\u00a0 &#8211; 3 lutego 2022r. \u00a0\u00a0\u00a0\u00a0 \u00a0\u00a0 Wystawienie Naj\u015bwi\u0119tszego Sakramentu Wprowadzenie: Panie Jezu, przywo\u0142ujemy na my\u015bl Ogr\u00f3d Oliwny zwany Getsemani i wypowiedziane tam ze smutkiem przez Ciebie s\u0142owa do Piotra: Tak, jednej godziny nie mogli\u015bcie czuwa\u0107 ze Mn\u0105?. Dzisiaj, w ramach przygotowania do X \u015awiatowego Spotkania Rodzin, kt\u00f3re &hellip;<\/p>\n","protected":false},"author":2,"featured_media":21678,"comment_status":"closed","ping_status":"closed","sticky":false,"template":"","format":"standard","meta":{"_mi_skip_tracking":false,"_exactmetrics_sitenote_active":false,"_exactmetrics_sitenote_note":"","_exactmetrics_sitenote_category":0},"categories":[13,14],"tags":[],"yoast_head":"<!-- This site is optimized with the Yoast SEO plugin v18.1 - https:\/\/yoast.com\/wordpress\/plugins\/seo\/ -->\n<title>Z kalwaryjskiego Wzg\u00f3rza z adoracji i modlitwy za Ma\u0142\u017ce\u0144stwa i Rodziny z 3 lutego - Pako\u015b\u0107 \u2013 Kalwaria<\/title>\n<meta name=\"robots\" content=\"index, follow, max-snippet:-1, max-image-preview:large, max-video-preview:-1\" \/>\n<link rel=\"canonical\" href=\"https:\/\/pakosc-kalwaria.franciszkanie.net\/index.php\/2022\/02\/03\/z-kalwaryjskiego-wzgorza-z-modlitwy-za-malzenstwa-i-rodziny-3-lutego\/\" \/>\n<meta property=\"og:locale\" content=\"pl_PL\" \/>\n<meta property=\"og:type\" content=\"article\" \/>\n<meta property=\"og:title\" content=\"Z kalwaryjskiego Wzg\u00f3rza z adoracji i modlitwy za Ma\u0142\u017ce\u0144stwa i Rodziny z 3 lutego - Pako\u015b\u0107 \u2013 Kalwaria\" \/>\n<meta property=\"og:description\" content=\"Z adoracji Naj\u015bwi\u0119tszego Sakramentu w Pierwszy Czwartek Miesi\u0105ca\u00a0 &#8211; 3 lutego 2022r. \u00a0\u00a0\u00a0\u00a0 \u00a0\u00a0 Wystawienie Naj\u015bwi\u0119tszego Sakramentu Wprowadzenie: Panie Jezu, przywo\u0142ujemy na my\u015bl Ogr\u00f3d Oliwny zwany Getsemani i wypowiedziane tam ze smutkiem przez Ciebie s\u0142owa do Piotra: Tak, jednej godziny nie mogli\u015bcie czuwa\u0107 ze Mn\u0105?. Dzisiaj, w ramach przygotowania do X \u015awiatowego Spotkania Rodzin, kt\u00f3re &hellip;\" \/>\n<meta property=\"og:url\" content=\"https:\/\/pakosc-kalwaria.franciszkanie.net\/index.php\/2022\/02\/03\/z-kalwaryjskiego-wzgorza-z-modlitwy-za-malzenstwa-i-rodziny-3-lutego\/\" \/>\n<meta property=\"og:site_name\" content=\"Pako\u015b\u0107 \u2013 Kalwaria\" \/>\n<meta property=\"article:author\" content=\"https:\/\/www.facebook.com\/KalwariaPakosc\/\" \/>\n<meta property=\"article:published_time\" content=\"2022-02-03T19:30:17+00:00\" \/>\n<meta property=\"article:modified_time\" content=\"2022-02-06T07:38:35+00:00\" \/>\n<meta property=\"og:image\" content=\"https:\/\/pakosc-kalwaria.franciszkanie.net\/wp-content\/uploads\/2022\/01\/IMG_5717.jpg\" \/>\n\t<meta property=\"og:image:width\" content=\"350\" \/>\n\t<meta property=\"og:image:height\" content=\"233\" \/>\n\t<meta property=\"og:image:type\" content=\"image\/jpeg\" \/>\n<meta name=\"twitter:card\" content=\"summary\" \/>\n<meta name=\"twitter:label1\" content=\"Napisane przez\" \/>\n\t<meta name=\"twitter:data1\" content=\"pakosc-kalwaria\" \/>\n\t<meta name=\"twitter:label2\" content=\"Szacowany czas czytania\" \/>\n\t<meta name=\"twitter:data2\" content=\"8 minut\" \/>\n<script type=\"application\/ld+json\" class=\"yoast-schema-graph\">{\"@context\":\"https:\/\/schema.org\",\"@graph\":[{\"@type\":\"WebSite\",\"@id\":\"https:\/\/pakosc-kalwaria.franciszkanie.net\/#website\",\"url\":\"https:\/\/pakosc-kalwaria.franciszkanie.net\/\",\"name\":\"Pako\u015b\u0107 \u2013 Kalwaria\",\"description\":\"Parafia Rzymsko \u2013 Katolicka p.w. Pana Jezusa Ukrzy\u017cowanego i  Matki Bo\u017cej Bolesnej ul. Barci\u0144ska 60, 88\u2013170 Pako\u015b\u0107 \u2013 Kalwaria\",\"potentialAction\":[{\"@type\":\"SearchAction\",\"target\":{\"@type\":\"EntryPoint\",\"urlTemplate\":\"https:\/\/pakosc-kalwaria.franciszkanie.net\/?s={search_term_string}\"},\"query-input\":\"required name=search_term_string\"}],\"inLanguage\":\"pl-PL\"},{\"@type\":\"ImageObject\",\"@id\":\"https:\/\/pakosc-kalwaria.franciszkanie.net\/index.php\/2022\/02\/03\/z-kalwaryjskiego-wzgorza-z-modlitwy-za-malzenstwa-i-rodziny-3-lutego\/#primaryimage\",\"inLanguage\":\"pl-PL\",\"url\":\"https:\/\/pakosc-kalwaria.franciszkanie.net\/wp-content\/uploads\/2022\/01\/IMG_5717.jpg\",\"contentUrl\":\"https:\/\/pakosc-kalwaria.franciszkanie.net\/wp-content\/uploads\/2022\/01\/IMG_5717.jpg\",\"width\":350,\"height\":233},{\"@type\":\"WebPage\",\"@id\":\"https:\/\/pakosc-kalwaria.franciszkanie.net\/index.php\/2022\/02\/03\/z-kalwaryjskiego-wzgorza-z-modlitwy-za-malzenstwa-i-rodziny-3-lutego\/#webpage\",\"url\":\"https:\/\/pakosc-kalwaria.franciszkanie.net\/index.php\/2022\/02\/03\/z-kalwaryjskiego-wzgorza-z-modlitwy-za-malzenstwa-i-rodziny-3-lutego\/\",\"name\":\"Z kalwaryjskiego Wzg\u00f3rza z adoracji i modlitwy za Ma\u0142\u017ce\u0144stwa i Rodziny z 3 lutego - Pako\u015b\u0107 \u2013 Kalwaria\",\"isPartOf\":{\"@id\":\"https:\/\/pakosc-kalwaria.franciszkanie.net\/#website\"},\"primaryImageOfPage\":{\"@id\":\"https:\/\/pakosc-kalwaria.franciszkanie.net\/index.php\/2022\/02\/03\/z-kalwaryjskiego-wzgorza-z-modlitwy-za-malzenstwa-i-rodziny-3-lutego\/#primaryimage\"},\"datePublished\":\"2022-02-03T19:30:17+00:00\",\"dateModified\":\"2022-02-06T07:38:35+00:00\",\"author\":{\"@id\":\"https:\/\/pakosc-kalwaria.franciszkanie.net\/#\/schema\/person\/af10b943be0760709227d060eadcb2aa\"},\"breadcrumb\":{\"@id\":\"https:\/\/pakosc-kalwaria.franciszkanie.net\/index.php\/2022\/02\/03\/z-kalwaryjskiego-wzgorza-z-modlitwy-za-malzenstwa-i-rodziny-3-lutego\/#breadcrumb\"},\"inLanguage\":\"pl-PL\",\"potentialAction\":[{\"@type\":\"ReadAction\",\"target\":[\"https:\/\/pakosc-kalwaria.franciszkanie.net\/index.php\/2022\/02\/03\/z-kalwaryjskiego-wzgorza-z-modlitwy-za-malzenstwa-i-rodziny-3-lutego\/\"]}]},{\"@type\":\"BreadcrumbList\",\"@id\":\"https:\/\/pakosc-kalwaria.franciszkanie.net\/index.php\/2022\/02\/03\/z-kalwaryjskiego-wzgorza-z-modlitwy-za-malzenstwa-i-rodziny-3-lutego\/#breadcrumb\",\"itemListElement\":[{\"@type\":\"ListItem\",\"position\":1,\"name\":\"Strona g\u0142\u00f3wna\",\"item\":\"https:\/\/pakosc-kalwaria.franciszkanie.net\/\"},{\"@type\":\"ListItem\",\"position\":2,\"name\":\"Z kalwaryjskiego Wzg\u00f3rza z adoracji i modlitwy za Ma\u0142\u017ce\u0144stwa i Rodziny z 3 lutego\"}]},{\"@type\":\"Person\",\"@id\":\"https:\/\/pakosc-kalwaria.franciszkanie.net\/#\/schema\/person\/af10b943be0760709227d060eadcb2aa\",\"name\":\"pakosc-kalwaria\",\"image\":{\"@type\":\"ImageObject\",\"@id\":\"https:\/\/pakosc-kalwaria.franciszkanie.net\/#personlogo\",\"inLanguage\":\"pl-PL\",\"url\":\"https:\/\/secure.gravatar.com\/avatar\/e7049d338b55eac6a0027ff3218b8d02?s=96&d=mm&r=g\",\"contentUrl\":\"https:\/\/secure.gravatar.com\/avatar\/e7049d338b55eac6a0027ff3218b8d02?s=96&d=mm&r=g\",\"caption\":\"pakosc-kalwaria\"},\"sameAs\":[\"https:\/\/www.facebook.com\/KalwariaPakosc\/\"],\"url\":\"https:\/\/pakosc-kalwaria.franciszkanie.net\/index.php\/author\/pakosc-kalwaria\/\"}]}<\/script>\n<!-- \/ Yoast SEO plugin. -->","yoast_head_json":{"title":"Z kalwaryjskiego Wzg\u00f3rza z adoracji i modlitwy za Ma\u0142\u017ce\u0144stwa i Rodziny z 3 lutego - Pako\u015b\u0107 \u2013 Kalwaria","robots":{"index":"index","follow":"follow","max-snippet":"max-snippet:-1","max-image-preview":"max-image-preview:large","max-video-preview":"max-video-preview:-1"},"canonical":"https:\/\/pakosc-kalwaria.franciszkanie.net\/index.php\/2022\/02\/03\/z-kalwaryjskiego-wzgorza-z-modlitwy-za-malzenstwa-i-rodziny-3-lutego\/","og_locale":"pl_PL","og_type":"article","og_title":"Z kalwaryjskiego Wzg\u00f3rza z adoracji i modlitwy za Ma\u0142\u017ce\u0144stwa i Rodziny z 3 lutego - Pako\u015b\u0107 \u2013 Kalwaria","og_description":"Z adoracji Naj\u015bwi\u0119tszego Sakramentu w Pierwszy Czwartek Miesi\u0105ca\u00a0 &#8211; 3 lutego 2022r. \u00a0\u00a0\u00a0\u00a0 \u00a0\u00a0 Wystawienie Naj\u015bwi\u0119tszego Sakramentu Wprowadzenie: Panie Jezu, przywo\u0142ujemy na my\u015bl Ogr\u00f3d Oliwny zwany Getsemani i wypowiedziane tam ze smutkiem przez Ciebie s\u0142owa do Piotra: Tak, jednej godziny nie mogli\u015bcie czuwa\u0107 ze Mn\u0105?. Dzisiaj, w ramach przygotowania do X \u015awiatowego Spotkania Rodzin, kt\u00f3re &hellip;","og_url":"https:\/\/pakosc-kalwaria.franciszkanie.net\/index.php\/2022\/02\/03\/z-kalwaryjskiego-wzgorza-z-modlitwy-za-malzenstwa-i-rodziny-3-lutego\/","og_site_name":"Pako\u015b\u0107 \u2013 Kalwaria","article_author":"https:\/\/www.facebook.com\/KalwariaPakosc\/","article_published_time":"2022-02-03T19:30:17+00:00","article_modified_time":"2022-02-06T07:38:35+00:00","og_image":[{"width":350,"height":233,"url":"https:\/\/pakosc-kalwaria.franciszkanie.net\/wp-content\/uploads\/2022\/01\/IMG_5717.jpg","type":"image\/jpeg"}],"twitter_card":"summary","twitter_misc":{"Napisane przez":"pakosc-kalwaria","Szacowany czas czytania":"8 minut"},"schema":{"@context":"https:\/\/schema.org","@graph":[{"@type":"WebSite","@id":"https:\/\/pakosc-kalwaria.franciszkanie.net\/#website","url":"https:\/\/pakosc-kalwaria.franciszkanie.net\/","name":"Pako\u015b\u0107 \u2013 Kalwaria","description":"Parafia Rzymsko \u2013 Katolicka p.w. Pana Jezusa Ukrzy\u017cowanego i  Matki Bo\u017cej Bolesnej ul. Barci\u0144ska 60, 88\u2013170 Pako\u015b\u0107 \u2013 Kalwaria","potentialAction":[{"@type":"SearchAction","target":{"@type":"EntryPoint","urlTemplate":"https:\/\/pakosc-kalwaria.franciszkanie.net\/?s={search_term_string}"},"query-input":"required name=search_term_string"}],"inLanguage":"pl-PL"},{"@type":"ImageObject","@id":"https:\/\/pakosc-kalwaria.franciszkanie.net\/index.php\/2022\/02\/03\/z-kalwaryjskiego-wzgorza-z-modlitwy-za-malzenstwa-i-rodziny-3-lutego\/#primaryimage","inLanguage":"pl-PL","url":"https:\/\/pakosc-kalwaria.franciszkanie.net\/wp-content\/uploads\/2022\/01\/IMG_5717.jpg","contentUrl":"https:\/\/pakosc-kalwaria.franciszkanie.net\/wp-content\/uploads\/2022\/01\/IMG_5717.jpg","width":350,"height":233},{"@type":"WebPage","@id":"https:\/\/pakosc-kalwaria.franciszkanie.net\/index.php\/2022\/02\/03\/z-kalwaryjskiego-wzgorza-z-modlitwy-za-malzenstwa-i-rodziny-3-lutego\/#webpage","url":"https:\/\/pakosc-kalwaria.franciszkanie.net\/index.php\/2022\/02\/03\/z-kalwaryjskiego-wzgorza-z-modlitwy-za-malzenstwa-i-rodziny-3-lutego\/","name":"Z kalwaryjskiego Wzg\u00f3rza z adoracji i modlitwy za Ma\u0142\u017ce\u0144stwa i Rodziny z 3 lutego - Pako\u015b\u0107 \u2013 Kalwaria","isPartOf":{"@id":"https:\/\/pakosc-kalwaria.franciszkanie.net\/#website"},"primaryImageOfPage":{"@id":"https:\/\/pakosc-kalwaria.franciszkanie.net\/index.php\/2022\/02\/03\/z-kalwaryjskiego-wzgorza-z-modlitwy-za-malzenstwa-i-rodziny-3-lutego\/#primaryimage"},"datePublished":"2022-02-03T19:30:17+00:00","dateModified":"2022-02-06T07:38:35+00:00","author":{"@id":"https:\/\/pakosc-kalwaria.franciszkanie.net\/#\/schema\/person\/af10b943be0760709227d060eadcb2aa"},"breadcrumb":{"@id":"https:\/\/pakosc-kalwaria.franciszkanie.net\/index.php\/2022\/02\/03\/z-kalwaryjskiego-wzgorza-z-modlitwy-za-malzenstwa-i-rodziny-3-lutego\/#breadcrumb"},"inLanguage":"pl-PL","potentialAction":[{"@type":"ReadAction","target":["https:\/\/pakosc-kalwaria.franciszkanie.net\/index.php\/2022\/02\/03\/z-kalwaryjskiego-wzgorza-z-modlitwy-za-malzenstwa-i-rodziny-3-lutego\/"]}]},{"@type":"BreadcrumbList","@id":"https:\/\/pakosc-kalwaria.franciszkanie.net\/index.php\/2022\/02\/03\/z-kalwaryjskiego-wzgorza-z-modlitwy-za-malzenstwa-i-rodziny-3-lutego\/#breadcrumb","itemListElement":[{"@type":"ListItem","position":1,"name":"Strona g\u0142\u00f3wna","item":"https:\/\/pakosc-kalwaria.franciszkanie.net\/"},{"@type":"ListItem","position":2,"name":"Z kalwaryjskiego Wzg\u00f3rza z adoracji i modlitwy za Ma\u0142\u017ce\u0144stwa i Rodziny z 3 lutego"}]},{"@type":"Person","@id":"https:\/\/pakosc-kalwaria.franciszkanie.net\/#\/schema\/person\/af10b943be0760709227d060eadcb2aa","name":"pakosc-kalwaria","image":{"@type":"ImageObject","@id":"https:\/\/pakosc-kalwaria.franciszkanie.net\/#personlogo","inLanguage":"pl-PL","url":"https:\/\/secure.gravatar.com\/avatar\/e7049d338b55eac6a0027ff3218b8d02?s=96&d=mm&r=g","contentUrl":"https:\/\/secure.gravatar.com\/avatar\/e7049d338b55eac6a0027ff3218b8d02?s=96&d=mm&r=g","caption":"pakosc-kalwaria"},"sameAs":["https:\/\/www.facebook.com\/KalwariaPakosc\/"],"url":"https:\/\/pakosc-kalwaria.franciszkanie.net\/index.php\/author\/pakosc-kalwaria\/"}]}},"_links":{"self":[{"href":"https:\/\/pakosc-kalwaria.franciszkanie.net\/index.php\/wp-json\/wp\/v2\/posts\/21726"}],"collection":[{"href":"https:\/\/pakosc-kalwaria.franciszkanie.net\/index.php\/wp-json\/wp\/v2\/posts"}],"about":[{"href":"https:\/\/pakosc-kalwaria.franciszkanie.net\/index.php\/wp-json\/wp\/v2\/types\/post"}],"author":[{"embeddable":true,"href":"https:\/\/pakosc-kalwaria.franciszkanie.net\/index.php\/wp-json\/wp\/v2\/users\/2"}],"replies":[{"embeddable":true,"href":"https:\/\/pakosc-kalwaria.franciszkanie.net\/index.php\/wp-json\/wp\/v2\/comments?post=21726"}],"version-history":[{"count":12,"href":"https:\/\/pakosc-kalwaria.franciszkanie.net\/index.php\/wp-json\/wp\/v2\/posts\/21726\/revisions"}],"predecessor-version":[{"id":21764,"href":"https:\/\/pakosc-kalwaria.franciszkanie.net\/index.php\/wp-json\/wp\/v2\/posts\/21726\/revisions\/21764"}],"wp:featuredmedia":[{"embeddable":true,"href":"https:\/\/pakosc-kalwaria.franciszkanie.net\/index.php\/wp-json\/wp\/v2\/media\/21678"}],"wp:attachment":[{"href":"https:\/\/pakosc-kalwaria.franciszkanie.net\/index.php\/wp-json\/wp\/v2\/media?parent=21726"}],"wp:term":[{"taxonomy":"category","embeddable":true,"href":"https:\/\/pakosc-kalwaria.franciszkanie.net\/index.php\/wp-json\/wp\/v2\/categories?post=21726"},{"taxonomy":"post_tag","embeddable":true,"href":"https:\/\/pakosc-kalwaria.franciszkanie.net\/index.php\/wp-json\/wp\/v2\/tags?post=21726"}],"curies":[{"name":"wp","href":"https:\/\/api.w.org\/{rel}","templated":true}]}}