{"id":21746,"date":"2022-02-04T18:00:29","date_gmt":"2022-02-04T17:00:29","guid":{"rendered":"http:\/\/pakosc-kalwaria.franciszkanie.net\/?p=21746"},"modified":"2022-02-04T09:29:16","modified_gmt":"2022-02-04T08:29:16","slug":"do-medytacji-z-kalwaryjskiego-wzgorza-piatek-04-02-2022r","status":"publish","type":"post","link":"https:\/\/pakosc-kalwaria.franciszkanie.net\/index.php\/2022\/02\/04\/do-medytacji-z-kalwaryjskiego-wzgorza-piatek-04-02-2022r\/","title":{"rendered":"Do medytacji z kalwaryjskiego Wzg\u00f3rza \u2013 pi\u0105tek 04.02.2022r."},"content":{"rendered":"<p><strong><span style=\"color: #ff0000;\">Z kazania na kalwaryjskim Wzg\u00f3rzu \u2013 04.02.2022r.<\/span><br \/>\n<\/strong><\/p>\n<p><strong>Papie\u017c Franciszek do ma\u0142\u017conk\u00f3w w Roku Rodziny.<\/strong><strong> \u00a0 <\/strong><br \/>\nPapie\u017c Franciszek na pocz\u0105tku Listu z 26.12.2021r. skierowanego do ma\u0142\u017conk\u00f3w z okazji Roku \u201eRodzina Amoris Leatitia\u201d (\u201eRodzina Rado\u015b\u0107 Mi\u0142o\u015bci\u201d) podkre\u015bla, \u017ce bardzo wa\u017cne w \u017cyciu ma\u0142\u017ce\u0144stwa i rodziny s\u0105 relacje z Bogiem. Bo to B\u00f3g kszta\u0142tuje nas jako osoby, towarzyszy nam, a tak\u017ce pomaga w wielu przypadkach, szczeg\u00f3lnie gdy ogarnia nas strach i l\u0119k przed nieznan\u0105 przysz\u0142o\u015bci\u0105. Dzi\u0119ki wierze w Boga wiemy, \u017ce nigdy nie jeste\u015bmy sami, poniewa\u017c B\u00f3g jest w nas, jest z nami, jest po\u015br\u00f3d nas, tak\u017ce w \u017cyciu ma\u0142\u017ce\u0144skim i rodzinnym.<br \/>\nPapie\u017c pisze w Li\u015bcie, \u017ce ka\u017cdy z ma\u0142\u017conk\u00f3w gdy odczuwa powo\u0142anie do mi\u0142o\u015bci ma\u0142\u017ce\u0144skiej, opuszcza swoj\u0105 rodzin\u0119 w kt\u00f3rej si\u0119 urodzi\u0142, wychowa\u0142 i bezwarunkowo daje siebie drugiej osobie. I mimo r\u00f3\u017cnych sytuacji w \u017cyciu, takich jak mijaj\u0105cy czas, pojawienie si\u0119 dzieci, praca, choroba, ma\u0142\u017conkowie maja si\u0119 umacnia\u0107 w przekonaniu, \u017ce poprzez przyj\u0119ty Sakrament Ma\u0142\u017ce\u0144stwa, przez cale \u017cycie maj\u0105 by\u0107 dwojgiem w Chrystusie. Maj\u0105 \u017cy\u0107 w przekonaniu, \u017ce Chrystus ca\u0142y czas \u017cyje po\u015br\u00f3d nich, \u017ce jest obecny w ka\u017cdej chwili ich wsp\u00f3lnego \u017cycia ma\u0142\u017ce\u0144skiego.<br \/>\nDalej papie\u017c zwraca uwag\u0119, \u017ce dzieci, szczeg\u00f3lnie te najm\u0142odsze, zawsze uwa\u017cnie obserwuj\u0105 swoich rodzic\u00f3w szukaj\u0105c w nich \u015bwiadectwa silnej i niezawodnej mi\u0142o\u015bci. \u201eJak wa\u017cne jest, aby ludzie m\u0142odzi mogli na w\u0142asne oczy zobaczy\u0107 mi\u0142o\u015b\u0107 Chrystusa \u017cyw\u0105 i obecn\u0105 w mi\u0142o\u015bci ma\u0142\u017conk\u00f3w, kt\u00f3rzy swoim konkretnym \u017cyciem \u015bwiadcz\u0105, \u017ce mi\u0142o\u015b\u0107 na zawsze jest mo\u017cliwa!\u201d Dzieci s\u0105 darem od Boga! S\u0105 spragnione mi\u0142o\u015bci, wdzi\u0119czno\u015bci, szacunku i zaufania. Ojcostwo i macierzy\u0144stwo wzywa do tego, aby da\u0107 dzieciom rado\u015b\u0107 odkrycia, \u017ce s\u0105 dzie\u0107mi Boga Ojca, kt\u00f3ry od pierwszej chwili je kocha i codziennie bierze je za r\u0119k\u0119. To odkrycie mo\u017ce da\u0107 dzieciom wiar\u0119 i zdolno\u015b\u0107 do zaufania Bogu w dalszym \u017cyciu. Papie\u017c podkre\u015bla, \u017ce pierwszym \u015brodowiskiem wychowawczym zawsze pozostaje rodzina I jednocze\u015bnie dodaje, \u017ce \u201ewychowanie dzieci nie jest w \u017cadnym wypadku \u0142atwe\u201d. Co to znaczy wychowywa\u0107? Wychowywa\u0107, to ca\u0142y czas tak towarzyszy\u0107 rozwojowi dzieci aby mog\u0142y zawsze liczy\u0107 na swoich rodzic\u00f3w. Wa\u017cne jest, aby ojciec i matka odnosili si\u0119 do dzieci z autorytetem zdobywanym dzie\u0144 po dniu. Dzieci potrzebuj\u0105 bezpiecze\u0144stwa, kt\u00f3re pomo\u017ce im do\u015bwiadczy\u0107 zaufania do rodzic\u00f3w oraz pewno\u015bci, \u017ce cokolwiek by si\u0119 nie wydarzy\u0142o, nigdy nie b\u0119d\u0105 same, bo b\u0119dzie przy nich B\u00f3g i b\u0119d\u0105 przy nich ich rodzice.<br \/>\nPowo\u0142anie do ma\u0142\u017ce\u0144stwa \u2013 jak pisze papie\u017c &#8211; jest wezwaniem do kierowania \u0142odzi\u0105 kt\u00f3ra z jednej strony jest niestabilna, ale z drugiej strony bezpieczna, bo jest w niej obecny ca\u0142y czas Jezus ze wzgl\u0119du na moc Sakramentu Ma\u0142\u017ce\u0144stwa. Jezus ca\u0142y czas troszczy si\u0119 o ma\u0142\u017conk\u00f3w, kt\u00f3rych powo\u0142a\u0142 do ma\u0142\u017ce\u0144stwa. Jest z nimi w ka\u017cdej chwili, zar\u00f3wno we wzlotach jak i w upadkach. Wa\u017cne jest, aby ma\u0142\u017conkowie ca\u0142y czas razem wpatrywali si\u0119 w Jezusa. Tylko w ten spos\u00f3b mog\u0105 osi\u0105gn\u0105\u0107 spok\u00f3j, przezwyci\u0119\u017cy\u0107 konflikty i znale\u017a\u0107 rozwi\u0105zanie wielu swoich problem\u00f3w. Problemy nie znikn\u0105, ale z pomoc\u0105 Jezusa, b\u0119dzie mo\u017cna spojrze\u0107 na nie z nadziej\u0105, pomimo r\u00f3\u017cnych ludzkich s\u0142abo\u015bci i niedoskona\u0142o\u015bci. Jezus w swoim niesko\u0144czonym mi\u0142osierdziu zawsze podsunie spos\u00f3b, jak i\u015b\u0107 razem pomimo wielu trudno\u015bci i smutk\u00f3w. Dlatego\u00a0 zawsze \u00a0nale\u017cy wzywa\u0107 Jego pomocy i u Niego szuka\u0107 schronienia w tym\u00a0 nie\u0142atwym \u017cyciu ma\u0142\u017ce\u0144skim i rodzinnym.<br \/>\nNie mo\u017cna te\u017c zapomina\u0107 o przebaczeniu, bo ono leczy ka\u017cd\u0105 ran\u0119. Przebaczenie sobie nawzajem jest owocem decyzji, kt\u00f3ra dojrzewa na modlitwie. Przebaczenie to dar kt\u00f3rym Chrystus nape\u0142nia ma\u0142\u017conk\u00f3w, gdy ci zwracaj\u0105 si\u0119 do Niego i pozwalaj\u0105 Mu dzia\u0142a\u0107. Ludzka mi\u0142o\u015b\u0107 jest s\u0142aba i dlatego potrzebuje si\u0142y mi\u0142o\u015bci Jezusa. Z Nim rzeczywi\u015bcie mo\u017cna w ma\u0142\u017ce\u0144stwie zbudowa\u0107 \u201edom na skale\u201d.<br \/>\nNa zako\u0144czenie swojego Listu papie\u017c wzywa wstawiennictwa \u015bw. J\u00f3zefa i Matki Bo\u017cej, aby Oni pomagali ma\u0142\u017conkom w prze\u017cywaniu ich powo\u0142ania z rado\u015bci\u0105 i z u\u015bmiechem, aby ma\u0142\u017conkowie potrafili razem pod\u0105\u017ca\u0107 naprz\u00f3d prze\u017cywaj\u0105c powo\u0142anie i misj\u0119, kt\u00f3re w ma\u0142\u017ce\u0144stwie powierzy\u0142 im Jezus. A do tego &#8211; jak podkre\u015bla papie\u017c \u2013 bardzo potrzebne jest wytrwa\u0142e wsp\u00f3lne trwanie na modlitwie oraz wsp\u00f3lnie uczestniczenie w Eucharystii, po\u0142\u0105czonej z przyjmowaniem Komunii \u015bwi\u0119tej. Amen.<br \/>\n(o.R.)<\/p>\n","protected":false},"excerpt":{"rendered":"<p>Z kazania na kalwaryjskim Wzg\u00f3rzu \u2013 04.02.2022r. Papie\u017c Franciszek do ma\u0142\u017conk\u00f3w w Roku Rodziny. \u00a0 Papie\u017c Franciszek na pocz\u0105tku Listu z 26.12.2021r. skierowanego do ma\u0142\u017conk\u00f3w z okazji Roku \u201eRodzina Amoris Leatitia\u201d (\u201eRodzina Rado\u015b\u0107 Mi\u0142o\u015bci\u201d) podkre\u015bla, \u017ce bardzo wa\u017cne w \u017cyciu ma\u0142\u017ce\u0144stwa i rodziny s\u0105 relacje z Bogiem. Bo to B\u00f3g kszta\u0142tuje nas jako osoby, towarzyszy &hellip;<\/p>\n","protected":false},"author":2,"featured_media":21747,"comment_status":"closed","ping_status":"closed","sticky":false,"template":"","format":"standard","meta":{"_mi_skip_tracking":false,"_exactmetrics_sitenote_active":false,"_exactmetrics_sitenote_note":"","_exactmetrics_sitenote_category":0},"categories":[14],"tags":[],"yoast_head":"<!-- This site is optimized with the Yoast SEO plugin v18.1 - https:\/\/yoast.com\/wordpress\/plugins\/seo\/ -->\n<title>Do medytacji z kalwaryjskiego Wzg\u00f3rza \u2013 pi\u0105tek 04.02.2022r. - Pako\u015b\u0107 \u2013 Kalwaria<\/title>\n<meta name=\"robots\" content=\"index, follow, max-snippet:-1, max-image-preview:large, max-video-preview:-1\" \/>\n<link rel=\"canonical\" href=\"https:\/\/pakosc-kalwaria.franciszkanie.net\/index.php\/2022\/02\/04\/do-medytacji-z-kalwaryjskiego-wzgorza-piatek-04-02-2022r\/\" \/>\n<meta property=\"og:locale\" content=\"pl_PL\" \/>\n<meta property=\"og:type\" content=\"article\" \/>\n<meta property=\"og:title\" content=\"Do medytacji z kalwaryjskiego Wzg\u00f3rza \u2013 pi\u0105tek 04.02.2022r. - Pako\u015b\u0107 \u2013 Kalwaria\" \/>\n<meta property=\"og:description\" content=\"Z kazania na kalwaryjskim Wzg\u00f3rzu \u2013 04.02.2022r. Papie\u017c Franciszek do ma\u0142\u017conk\u00f3w w Roku Rodziny. \u00a0 Papie\u017c Franciszek na pocz\u0105tku Listu z 26.12.2021r. skierowanego do ma\u0142\u017conk\u00f3w z okazji Roku \u201eRodzina Amoris Leatitia\u201d (\u201eRodzina Rado\u015b\u0107 Mi\u0142o\u015bci\u201d) podkre\u015bla, \u017ce bardzo wa\u017cne w \u017cyciu ma\u0142\u017ce\u0144stwa i rodziny s\u0105 relacje z Bogiem. Bo to B\u00f3g kszta\u0142tuje nas jako osoby, towarzyszy &hellip;\" \/>\n<meta property=\"og:url\" content=\"https:\/\/pakosc-kalwaria.franciszkanie.net\/index.php\/2022\/02\/04\/do-medytacji-z-kalwaryjskiego-wzgorza-piatek-04-02-2022r\/\" \/>\n<meta property=\"og:site_name\" content=\"Pako\u015b\u0107 \u2013 Kalwaria\" \/>\n<meta property=\"article:author\" content=\"https:\/\/www.facebook.com\/KalwariaPakosc\/\" \/>\n<meta property=\"article:published_time\" content=\"2022-02-04T17:00:29+00:00\" \/>\n<meta property=\"article:modified_time\" content=\"2022-02-04T08:29:16+00:00\" \/>\n<meta property=\"og:image\" content=\"https:\/\/pakosc-kalwaria.franciszkanie.net\/wp-content\/uploads\/2022\/02\/P1000665.jpg\" \/>\n\t<meta property=\"og:image:width\" content=\"350\" \/>\n\t<meta property=\"og:image:height\" content=\"197\" \/>\n\t<meta property=\"og:image:type\" content=\"image\/jpeg\" \/>\n<meta name=\"twitter:card\" content=\"summary\" \/>\n<meta name=\"twitter:label1\" content=\"Napisane przez\" \/>\n\t<meta name=\"twitter:data1\" content=\"pakosc-kalwaria\" \/>\n\t<meta name=\"twitter:label2\" content=\"Szacowany czas czytania\" \/>\n\t<meta name=\"twitter:data2\" content=\"4 minuty\" \/>\n<script type=\"application\/ld+json\" class=\"yoast-schema-graph\">{\"@context\":\"https:\/\/schema.org\",\"@graph\":[{\"@type\":\"WebSite\",\"@id\":\"https:\/\/pakosc-kalwaria.franciszkanie.net\/#website\",\"url\":\"https:\/\/pakosc-kalwaria.franciszkanie.net\/\",\"name\":\"Pako\u015b\u0107 \u2013 Kalwaria\",\"description\":\"Parafia Rzymsko \u2013 Katolicka p.w. Pana Jezusa Ukrzy\u017cowanego i  Matki Bo\u017cej Bolesnej ul. Barci\u0144ska 60, 88\u2013170 Pako\u015b\u0107 \u2013 Kalwaria\",\"potentialAction\":[{\"@type\":\"SearchAction\",\"target\":{\"@type\":\"EntryPoint\",\"urlTemplate\":\"https:\/\/pakosc-kalwaria.franciszkanie.net\/?s={search_term_string}\"},\"query-input\":\"required name=search_term_string\"}],\"inLanguage\":\"pl-PL\"},{\"@type\":\"ImageObject\",\"@id\":\"https:\/\/pakosc-kalwaria.franciszkanie.net\/index.php\/2022\/02\/04\/do-medytacji-z-kalwaryjskiego-wzgorza-piatek-04-02-2022r\/#primaryimage\",\"inLanguage\":\"pl-PL\",\"url\":\"https:\/\/pakosc-kalwaria.franciszkanie.net\/wp-content\/uploads\/2022\/02\/P1000665.jpg\",\"contentUrl\":\"https:\/\/pakosc-kalwaria.franciszkanie.net\/wp-content\/uploads\/2022\/02\/P1000665.jpg\",\"width\":350,\"height\":197},{\"@type\":\"WebPage\",\"@id\":\"https:\/\/pakosc-kalwaria.franciszkanie.net\/index.php\/2022\/02\/04\/do-medytacji-z-kalwaryjskiego-wzgorza-piatek-04-02-2022r\/#webpage\",\"url\":\"https:\/\/pakosc-kalwaria.franciszkanie.net\/index.php\/2022\/02\/04\/do-medytacji-z-kalwaryjskiego-wzgorza-piatek-04-02-2022r\/\",\"name\":\"Do medytacji z kalwaryjskiego Wzg\u00f3rza \u2013 pi\u0105tek 04.02.2022r. - Pako\u015b\u0107 \u2013 Kalwaria\",\"isPartOf\":{\"@id\":\"https:\/\/pakosc-kalwaria.franciszkanie.net\/#website\"},\"primaryImageOfPage\":{\"@id\":\"https:\/\/pakosc-kalwaria.franciszkanie.net\/index.php\/2022\/02\/04\/do-medytacji-z-kalwaryjskiego-wzgorza-piatek-04-02-2022r\/#primaryimage\"},\"datePublished\":\"2022-02-04T17:00:29+00:00\",\"dateModified\":\"2022-02-04T08:29:16+00:00\",\"author\":{\"@id\":\"https:\/\/pakosc-kalwaria.franciszkanie.net\/#\/schema\/person\/af10b943be0760709227d060eadcb2aa\"},\"breadcrumb\":{\"@id\":\"https:\/\/pakosc-kalwaria.franciszkanie.net\/index.php\/2022\/02\/04\/do-medytacji-z-kalwaryjskiego-wzgorza-piatek-04-02-2022r\/#breadcrumb\"},\"inLanguage\":\"pl-PL\",\"potentialAction\":[{\"@type\":\"ReadAction\",\"target\":[\"https:\/\/pakosc-kalwaria.franciszkanie.net\/index.php\/2022\/02\/04\/do-medytacji-z-kalwaryjskiego-wzgorza-piatek-04-02-2022r\/\"]}]},{\"@type\":\"BreadcrumbList\",\"@id\":\"https:\/\/pakosc-kalwaria.franciszkanie.net\/index.php\/2022\/02\/04\/do-medytacji-z-kalwaryjskiego-wzgorza-piatek-04-02-2022r\/#breadcrumb\",\"itemListElement\":[{\"@type\":\"ListItem\",\"position\":1,\"name\":\"Strona g\u0142\u00f3wna\",\"item\":\"https:\/\/pakosc-kalwaria.franciszkanie.net\/\"},{\"@type\":\"ListItem\",\"position\":2,\"name\":\"Do medytacji z kalwaryjskiego Wzg\u00f3rza \u2013 pi\u0105tek 04.02.2022r.\"}]},{\"@type\":\"Person\",\"@id\":\"https:\/\/pakosc-kalwaria.franciszkanie.net\/#\/schema\/person\/af10b943be0760709227d060eadcb2aa\",\"name\":\"pakosc-kalwaria\",\"image\":{\"@type\":\"ImageObject\",\"@id\":\"https:\/\/pakosc-kalwaria.franciszkanie.net\/#personlogo\",\"inLanguage\":\"pl-PL\",\"url\":\"https:\/\/secure.gravatar.com\/avatar\/e7049d338b55eac6a0027ff3218b8d02?s=96&d=mm&r=g\",\"contentUrl\":\"https:\/\/secure.gravatar.com\/avatar\/e7049d338b55eac6a0027ff3218b8d02?s=96&d=mm&r=g\",\"caption\":\"pakosc-kalwaria\"},\"sameAs\":[\"https:\/\/www.facebook.com\/KalwariaPakosc\/\"],\"url\":\"https:\/\/pakosc-kalwaria.franciszkanie.net\/index.php\/author\/pakosc-kalwaria\/\"}]}<\/script>\n<!-- \/ Yoast SEO plugin. -->","yoast_head_json":{"title":"Do medytacji z kalwaryjskiego Wzg\u00f3rza \u2013 pi\u0105tek 04.02.2022r. - Pako\u015b\u0107 \u2013 Kalwaria","robots":{"index":"index","follow":"follow","max-snippet":"max-snippet:-1","max-image-preview":"max-image-preview:large","max-video-preview":"max-video-preview:-1"},"canonical":"https:\/\/pakosc-kalwaria.franciszkanie.net\/index.php\/2022\/02\/04\/do-medytacji-z-kalwaryjskiego-wzgorza-piatek-04-02-2022r\/","og_locale":"pl_PL","og_type":"article","og_title":"Do medytacji z kalwaryjskiego Wzg\u00f3rza \u2013 pi\u0105tek 04.02.2022r. - Pako\u015b\u0107 \u2013 Kalwaria","og_description":"Z kazania na kalwaryjskim Wzg\u00f3rzu \u2013 04.02.2022r. Papie\u017c Franciszek do ma\u0142\u017conk\u00f3w w Roku Rodziny. \u00a0 Papie\u017c Franciszek na pocz\u0105tku Listu z 26.12.2021r. skierowanego do ma\u0142\u017conk\u00f3w z okazji Roku \u201eRodzina Amoris Leatitia\u201d (\u201eRodzina Rado\u015b\u0107 Mi\u0142o\u015bci\u201d) podkre\u015bla, \u017ce bardzo wa\u017cne w \u017cyciu ma\u0142\u017ce\u0144stwa i rodziny s\u0105 relacje z Bogiem. Bo to B\u00f3g kszta\u0142tuje nas jako osoby, towarzyszy &hellip;","og_url":"https:\/\/pakosc-kalwaria.franciszkanie.net\/index.php\/2022\/02\/04\/do-medytacji-z-kalwaryjskiego-wzgorza-piatek-04-02-2022r\/","og_site_name":"Pako\u015b\u0107 \u2013 Kalwaria","article_author":"https:\/\/www.facebook.com\/KalwariaPakosc\/","article_published_time":"2022-02-04T17:00:29+00:00","article_modified_time":"2022-02-04T08:29:16+00:00","og_image":[{"width":350,"height":197,"url":"https:\/\/pakosc-kalwaria.franciszkanie.net\/wp-content\/uploads\/2022\/02\/P1000665.jpg","type":"image\/jpeg"}],"twitter_card":"summary","twitter_misc":{"Napisane przez":"pakosc-kalwaria","Szacowany czas czytania":"4 minuty"},"schema":{"@context":"https:\/\/schema.org","@graph":[{"@type":"WebSite","@id":"https:\/\/pakosc-kalwaria.franciszkanie.net\/#website","url":"https:\/\/pakosc-kalwaria.franciszkanie.net\/","name":"Pako\u015b\u0107 \u2013 Kalwaria","description":"Parafia Rzymsko \u2013 Katolicka p.w. Pana Jezusa Ukrzy\u017cowanego i  Matki Bo\u017cej Bolesnej ul. Barci\u0144ska 60, 88\u2013170 Pako\u015b\u0107 \u2013 Kalwaria","potentialAction":[{"@type":"SearchAction","target":{"@type":"EntryPoint","urlTemplate":"https:\/\/pakosc-kalwaria.franciszkanie.net\/?s={search_term_string}"},"query-input":"required name=search_term_string"}],"inLanguage":"pl-PL"},{"@type":"ImageObject","@id":"https:\/\/pakosc-kalwaria.franciszkanie.net\/index.php\/2022\/02\/04\/do-medytacji-z-kalwaryjskiego-wzgorza-piatek-04-02-2022r\/#primaryimage","inLanguage":"pl-PL","url":"https:\/\/pakosc-kalwaria.franciszkanie.net\/wp-content\/uploads\/2022\/02\/P1000665.jpg","contentUrl":"https:\/\/pakosc-kalwaria.franciszkanie.net\/wp-content\/uploads\/2022\/02\/P1000665.jpg","width":350,"height":197},{"@type":"WebPage","@id":"https:\/\/pakosc-kalwaria.franciszkanie.net\/index.php\/2022\/02\/04\/do-medytacji-z-kalwaryjskiego-wzgorza-piatek-04-02-2022r\/#webpage","url":"https:\/\/pakosc-kalwaria.franciszkanie.net\/index.php\/2022\/02\/04\/do-medytacji-z-kalwaryjskiego-wzgorza-piatek-04-02-2022r\/","name":"Do medytacji z kalwaryjskiego Wzg\u00f3rza \u2013 pi\u0105tek 04.02.2022r. - Pako\u015b\u0107 \u2013 Kalwaria","isPartOf":{"@id":"https:\/\/pakosc-kalwaria.franciszkanie.net\/#website"},"primaryImageOfPage":{"@id":"https:\/\/pakosc-kalwaria.franciszkanie.net\/index.php\/2022\/02\/04\/do-medytacji-z-kalwaryjskiego-wzgorza-piatek-04-02-2022r\/#primaryimage"},"datePublished":"2022-02-04T17:00:29+00:00","dateModified":"2022-02-04T08:29:16+00:00","author":{"@id":"https:\/\/pakosc-kalwaria.franciszkanie.net\/#\/schema\/person\/af10b943be0760709227d060eadcb2aa"},"breadcrumb":{"@id":"https:\/\/pakosc-kalwaria.franciszkanie.net\/index.php\/2022\/02\/04\/do-medytacji-z-kalwaryjskiego-wzgorza-piatek-04-02-2022r\/#breadcrumb"},"inLanguage":"pl-PL","potentialAction":[{"@type":"ReadAction","target":["https:\/\/pakosc-kalwaria.franciszkanie.net\/index.php\/2022\/02\/04\/do-medytacji-z-kalwaryjskiego-wzgorza-piatek-04-02-2022r\/"]}]},{"@type":"BreadcrumbList","@id":"https:\/\/pakosc-kalwaria.franciszkanie.net\/index.php\/2022\/02\/04\/do-medytacji-z-kalwaryjskiego-wzgorza-piatek-04-02-2022r\/#breadcrumb","itemListElement":[{"@type":"ListItem","position":1,"name":"Strona g\u0142\u00f3wna","item":"https:\/\/pakosc-kalwaria.franciszkanie.net\/"},{"@type":"ListItem","position":2,"name":"Do medytacji z kalwaryjskiego Wzg\u00f3rza \u2013 pi\u0105tek 04.02.2022r."}]},{"@type":"Person","@id":"https:\/\/pakosc-kalwaria.franciszkanie.net\/#\/schema\/person\/af10b943be0760709227d060eadcb2aa","name":"pakosc-kalwaria","image":{"@type":"ImageObject","@id":"https:\/\/pakosc-kalwaria.franciszkanie.net\/#personlogo","inLanguage":"pl-PL","url":"https:\/\/secure.gravatar.com\/avatar\/e7049d338b55eac6a0027ff3218b8d02?s=96&d=mm&r=g","contentUrl":"https:\/\/secure.gravatar.com\/avatar\/e7049d338b55eac6a0027ff3218b8d02?s=96&d=mm&r=g","caption":"pakosc-kalwaria"},"sameAs":["https:\/\/www.facebook.com\/KalwariaPakosc\/"],"url":"https:\/\/pakosc-kalwaria.franciszkanie.net\/index.php\/author\/pakosc-kalwaria\/"}]}},"_links":{"self":[{"href":"https:\/\/pakosc-kalwaria.franciszkanie.net\/index.php\/wp-json\/wp\/v2\/posts\/21746"}],"collection":[{"href":"https:\/\/pakosc-kalwaria.franciszkanie.net\/index.php\/wp-json\/wp\/v2\/posts"}],"about":[{"href":"https:\/\/pakosc-kalwaria.franciszkanie.net\/index.php\/wp-json\/wp\/v2\/types\/post"}],"author":[{"embeddable":true,"href":"https:\/\/pakosc-kalwaria.franciszkanie.net\/index.php\/wp-json\/wp\/v2\/users\/2"}],"replies":[{"embeddable":true,"href":"https:\/\/pakosc-kalwaria.franciszkanie.net\/index.php\/wp-json\/wp\/v2\/comments?post=21746"}],"version-history":[{"count":2,"href":"https:\/\/pakosc-kalwaria.franciszkanie.net\/index.php\/wp-json\/wp\/v2\/posts\/21746\/revisions"}],"predecessor-version":[{"id":21749,"href":"https:\/\/pakosc-kalwaria.franciszkanie.net\/index.php\/wp-json\/wp\/v2\/posts\/21746\/revisions\/21749"}],"wp:featuredmedia":[{"embeddable":true,"href":"https:\/\/pakosc-kalwaria.franciszkanie.net\/index.php\/wp-json\/wp\/v2\/media\/21747"}],"wp:attachment":[{"href":"https:\/\/pakosc-kalwaria.franciszkanie.net\/index.php\/wp-json\/wp\/v2\/media?parent=21746"}],"wp:term":[{"taxonomy":"category","embeddable":true,"href":"https:\/\/pakosc-kalwaria.franciszkanie.net\/index.php\/wp-json\/wp\/v2\/categories?post=21746"},{"taxonomy":"post_tag","embeddable":true,"href":"https:\/\/pakosc-kalwaria.franciszkanie.net\/index.php\/wp-json\/wp\/v2\/tags?post=21746"}],"curies":[{"name":"wp","href":"https:\/\/api.w.org\/{rel}","templated":true}]}}