{"id":21760,"date":"2022-02-04T18:35:15","date_gmt":"2022-02-04T17:35:15","guid":{"rendered":"http:\/\/pakosc-kalwaria.franciszkanie.net\/?p=21760"},"modified":"2022-02-04T18:36:17","modified_gmt":"2022-02-04T17:36:17","slug":"biskup-wieslaw-smigiel-zacheca-do-przezywania-roku-rodziny","status":"publish","type":"post","link":"https:\/\/pakosc-kalwaria.franciszkanie.net\/index.php\/2022\/02\/04\/biskup-wieslaw-smigiel-zacheca-do-przezywania-roku-rodziny\/","title":{"rendered":"Biskup Wies\u0142aw \u015amigiel zach\u0119ca do prze\u017cywania Roku Rodziny"},"content":{"rendered":"<p><strong>Rok Rodziny Amoris Laetitia trzeba prze\u017cywa\u0107 przede wszystkim w ma\u0142\u017ce\u0144stwach i rodzinach \u2013 podkre\u015bla bp Wies\u0142aw \u015amigiel, przewodnicz\u0105cy Rady ds. Rodziny Konferencji Episkopatu Polski. Zach\u0119ca te\u017c do tego, aby w tym czasie przeczyta\u0107 dokument Amoris Laetitia oraz podj\u0105\u0107 refleksj\u0119 nad tym, jak m\u0142odemu pokoleniu przekaza\u0107 wiar\u0119.<\/strong><\/p>\n<p>M\u00f3wi\u0105c o tym, w jaki spos\u00f3b prze\u017cywa\u0107 trwaj\u0105cy w Ko\u015bciele Rok Rodziny, bp Wies\u0142aw \u015amigiel podkre\u015bla, \u017ce podstaw\u0105 s\u0105 dzia\u0142ania podejmowane w ma\u0142\u017ce\u0144stwie i rodzinie. \u201eProponujemy r\u00f3\u017cne inicjatywy, ale to nie zast\u0105pi tego, co dzieje si\u0119 w rodzinach\u201d \u2013 m\u00f3wi Przewodnicz\u0105cy Rady ds. Rodziny KEP. Jak podkre\u015bla, planem minimum jest zapoznanie si\u0119 z papieskim dokumentem Amoris Laetitia oraz przemodlenie go w ma\u0142\u017ce\u0144stwie czy rodzinie. Natomiast zadaniem duszpasterzy w tym czasie jest bycie blisko ma\u0142\u017ce\u0144stw i rodzin. \u201eW Roku Rodziny przeczytajmy w rodzinach i ma\u0142\u017ce\u0144stwach Amoris Laetitia, przem\u00f3dlmy ten dokument. Je\u015bli czego\u015b nie rozumiemy albo mamy w\u0105tpliwo\u015bci, kt\u00f3re si\u0119 pojawiaj\u0105 w zwi\u0105zku z tym dokumentem, bo wiemy, \u017ce on by\u0142 bardzo szeroko dyskutowany, to mo\u017cemy zwr\u00f3ci\u0107 si\u0119 do duszpasterzy rodzin czy do ksi\u0119\u017cy i poprosi\u0107 o wyja\u015bnienie niekt\u00f3rych kwestii\u201d \u2013 zach\u0119ca bp \u015amigiel.<\/p>\n<p>Kolejn\u0105 spraw\u0105, na kt\u00f3r\u0105 zwraca uwag\u0119, jest powr\u00f3t do praktyk religijnych po czasie ostrych restrykcji zwi\u0105zanych z trwaj\u0105c\u0105 pandemi\u0105. \u201eWa\u017cne, \u017ceby\u015bmy powr\u00f3cili do praktyk religijnych, do Eucharystii, do \u017cywego kontaktu we wsp\u00f3lnocie Ko\u015bcio\u0142a, we wsp\u00f3lnocie parafialnej, z Bogiem obecnym w liturgii. To jest niezwykle wa\u017cne zadanie, poniewa\u017c Ko\u015bci\u00f3\u0142 domowy jest jakim\u015b fundamentem, ale on potrzebuje jak pokarmu, jak powietrza, szerszej wsp\u00f3lnoty i liturgii, potrzebuje S\u0142owa Bo\u017cego, kt\u00f3re dociera do nas w spos\u00f3b ca\u0142kowicie niezwyk\u0142y w przestrzeni liturgicznej, bo wtedy m\u00f3wi do nas sam B\u00f3g, przemawia prosto do cz\u0142owieka i do wsp\u00f3lnoty\u201d \u2013 m\u00f3wi.<\/p>\n<p>Bp \u015amigiel wskazuje te\u017c, aby przemy\u015ble\u0107, co zrobi\u0107, jak dzia\u0142a\u0107 w ma\u0142\u017ce\u0144stwach i rodzinach, \u017ceby m\u0142odemu pokoleniu przekaza\u0107 wiar\u0119. \u201eDzisiaj, szczeg\u00f3lnie m\u0142odzie\u017c, prze\u017cywa powa\u017cny kryzys wiary. Tego kryzysu wiary nie uda si\u0119 przezwyci\u0119\u017cy\u0107, patrz\u0105c tylko z perspektywy Ko\u015bcio\u0142a hierarchicznego. Jestem o tym g\u0142\u0119boko przekonany, \u017ce potrzeba zaanga\u017cowania wszystkich, ca\u0142ego Ko\u015bcio\u0142a, ale przede wszystkim ma\u0142\u017ce\u0144stw i rodzin\u201d \u2013 m\u00f3wi. Jego zdaniem potrzeba wi\u0119cej czasu w ma\u0142\u017ce\u0144stwach i rodzinach \u201ena rozmow\u0119, na pr\u00f3b\u0119 wsp\u00f3lnej modlitwy, na dyskusj\u0119, a nawet na spieranie si\u0119\u201d. Bp \u015amigiel podkre\u015bla, \u017ce wa\u017cne jest to, aby dyskutowa\u0107 z m\u0142odym pokoleniem w\u0142a\u015bnie o problemach dotycz\u0105cych wiary i religii, nawet je\u015bli to jest trudne. \u201eJe\u015bli nie uda si\u0119 tego rozwi\u0105za\u0107 na poziomie rodziny, mo\u017cemy szuka\u0107 pomocy gdzie indziej, ale pr\u00f3bujmy to robi\u0107 w ma\u0142\u017ce\u0144stwie i rodzinie\u201d \u2013 dodaje.<\/p>\n<p><strong>Ustanowiony przez Papie\u017ca Franciszka Rok Rodziny Amoris Laetitia rozpocz\u0105\u0142 si\u0119 19 marca 2021 r. i potrwa do 26 czerwca 2022 r. Zako\u0144czy si\u0119 podczas X Spotkania Rodzin, kt\u00f3re odb\u0119dzie si\u0119 w Rzymie od 22 do 26 czerwca, w jedno\u015bci z obchodami na poziomie diecezji i parafii. <\/strong><\/p>\n","protected":false},"excerpt":{"rendered":"<p>Rok Rodziny Amoris Laetitia trzeba prze\u017cywa\u0107 przede wszystkim w ma\u0142\u017ce\u0144stwach i rodzinach \u2013 podkre\u015bla bp Wies\u0142aw \u015amigiel, przewodnicz\u0105cy Rady ds. Rodziny Konferencji Episkopatu Polski. Zach\u0119ca te\u017c do tego, aby w tym czasie przeczyta\u0107 dokument Amoris Laetitia oraz podj\u0105\u0107 refleksj\u0119 nad tym, jak m\u0142odemu pokoleniu przekaza\u0107 wiar\u0119. M\u00f3wi\u0105c o tym, w jaki spos\u00f3b prze\u017cywa\u0107 trwaj\u0105cy w &hellip;<\/p>\n","protected":false},"author":2,"featured_media":21761,"comment_status":"closed","ping_status":"closed","sticky":false,"template":"","format":"standard","meta":{"_mi_skip_tracking":false,"_exactmetrics_sitenote_active":false,"_exactmetrics_sitenote_note":"","_exactmetrics_sitenote_category":0},"categories":[13,14],"tags":[],"yoast_head":"<!-- This site is optimized with the Yoast SEO plugin v18.1 - https:\/\/yoast.com\/wordpress\/plugins\/seo\/ -->\n<title>Biskup Wies\u0142aw \u015amigiel zach\u0119ca do prze\u017cywania Roku Rodziny - Pako\u015b\u0107 \u2013 Kalwaria<\/title>\n<meta name=\"robots\" content=\"index, follow, max-snippet:-1, max-image-preview:large, max-video-preview:-1\" \/>\n<link rel=\"canonical\" href=\"https:\/\/pakosc-kalwaria.franciszkanie.net\/index.php\/2022\/02\/04\/biskup-wieslaw-smigiel-zacheca-do-przezywania-roku-rodziny\/\" \/>\n<meta property=\"og:locale\" content=\"pl_PL\" \/>\n<meta property=\"og:type\" content=\"article\" \/>\n<meta property=\"og:title\" content=\"Biskup Wies\u0142aw \u015amigiel zach\u0119ca do prze\u017cywania Roku Rodziny - Pako\u015b\u0107 \u2013 Kalwaria\" \/>\n<meta property=\"og:description\" content=\"Rok Rodziny Amoris Laetitia trzeba prze\u017cywa\u0107 przede wszystkim w ma\u0142\u017ce\u0144stwach i rodzinach \u2013 podkre\u015bla bp Wies\u0142aw \u015amigiel, przewodnicz\u0105cy Rady ds. Rodziny Konferencji Episkopatu Polski. Zach\u0119ca te\u017c do tego, aby w tym czasie przeczyta\u0107 dokument Amoris Laetitia oraz podj\u0105\u0107 refleksj\u0119 nad tym, jak m\u0142odemu pokoleniu przekaza\u0107 wiar\u0119. M\u00f3wi\u0105c o tym, w jaki spos\u00f3b prze\u017cywa\u0107 trwaj\u0105cy w &hellip;\" \/>\n<meta property=\"og:url\" content=\"https:\/\/pakosc-kalwaria.franciszkanie.net\/index.php\/2022\/02\/04\/biskup-wieslaw-smigiel-zacheca-do-przezywania-roku-rodziny\/\" \/>\n<meta property=\"og:site_name\" content=\"Pako\u015b\u0107 \u2013 Kalwaria\" \/>\n<meta property=\"article:author\" content=\"https:\/\/www.facebook.com\/KalwariaPakosc\/\" \/>\n<meta property=\"article:published_time\" content=\"2022-02-04T17:35:15+00:00\" \/>\n<meta property=\"article:modified_time\" content=\"2022-02-04T17:36:17+00:00\" \/>\n<meta property=\"og:image\" content=\"https:\/\/pakosc-kalwaria.franciszkanie.net\/wp-content\/uploads\/2022\/02\/bp-smigiel-na-jasnej-2013.jpg\" \/>\n\t<meta property=\"og:image:width\" content=\"350\" \/>\n\t<meta property=\"og:image:height\" content=\"241\" \/>\n\t<meta property=\"og:image:type\" content=\"image\/jpeg\" \/>\n<meta name=\"twitter:card\" content=\"summary\" \/>\n<meta name=\"twitter:label1\" content=\"Napisane przez\" \/>\n\t<meta name=\"twitter:data1\" content=\"pakosc-kalwaria\" \/>\n\t<meta name=\"twitter:label2\" content=\"Szacowany czas czytania\" \/>\n\t<meta name=\"twitter:data2\" content=\"3 minuty\" \/>\n<script type=\"application\/ld+json\" class=\"yoast-schema-graph\">{\"@context\":\"https:\/\/schema.org\",\"@graph\":[{\"@type\":\"WebSite\",\"@id\":\"https:\/\/pakosc-kalwaria.franciszkanie.net\/#website\",\"url\":\"https:\/\/pakosc-kalwaria.franciszkanie.net\/\",\"name\":\"Pako\u015b\u0107 \u2013 Kalwaria\",\"description\":\"Parafia Rzymsko \u2013 Katolicka p.w. Pana Jezusa Ukrzy\u017cowanego i  Matki Bo\u017cej Bolesnej ul. Barci\u0144ska 60, 88\u2013170 Pako\u015b\u0107 \u2013 Kalwaria\",\"potentialAction\":[{\"@type\":\"SearchAction\",\"target\":{\"@type\":\"EntryPoint\",\"urlTemplate\":\"https:\/\/pakosc-kalwaria.franciszkanie.net\/?s={search_term_string}\"},\"query-input\":\"required name=search_term_string\"}],\"inLanguage\":\"pl-PL\"},{\"@type\":\"ImageObject\",\"@id\":\"https:\/\/pakosc-kalwaria.franciszkanie.net\/index.php\/2022\/02\/04\/biskup-wieslaw-smigiel-zacheca-do-przezywania-roku-rodziny\/#primaryimage\",\"inLanguage\":\"pl-PL\",\"url\":\"https:\/\/pakosc-kalwaria.franciszkanie.net\/wp-content\/uploads\/2022\/02\/bp-smigiel-na-jasnej-2013.jpg\",\"contentUrl\":\"https:\/\/pakosc-kalwaria.franciszkanie.net\/wp-content\/uploads\/2022\/02\/bp-smigiel-na-jasnej-2013.jpg\",\"width\":350,\"height\":241},{\"@type\":\"WebPage\",\"@id\":\"https:\/\/pakosc-kalwaria.franciszkanie.net\/index.php\/2022\/02\/04\/biskup-wieslaw-smigiel-zacheca-do-przezywania-roku-rodziny\/#webpage\",\"url\":\"https:\/\/pakosc-kalwaria.franciszkanie.net\/index.php\/2022\/02\/04\/biskup-wieslaw-smigiel-zacheca-do-przezywania-roku-rodziny\/\",\"name\":\"Biskup Wies\u0142aw \u015amigiel zach\u0119ca do prze\u017cywania Roku Rodziny - Pako\u015b\u0107 \u2013 Kalwaria\",\"isPartOf\":{\"@id\":\"https:\/\/pakosc-kalwaria.franciszkanie.net\/#website\"},\"primaryImageOfPage\":{\"@id\":\"https:\/\/pakosc-kalwaria.franciszkanie.net\/index.php\/2022\/02\/04\/biskup-wieslaw-smigiel-zacheca-do-przezywania-roku-rodziny\/#primaryimage\"},\"datePublished\":\"2022-02-04T17:35:15+00:00\",\"dateModified\":\"2022-02-04T17:36:17+00:00\",\"author\":{\"@id\":\"https:\/\/pakosc-kalwaria.franciszkanie.net\/#\/schema\/person\/af10b943be0760709227d060eadcb2aa\"},\"breadcrumb\":{\"@id\":\"https:\/\/pakosc-kalwaria.franciszkanie.net\/index.php\/2022\/02\/04\/biskup-wieslaw-smigiel-zacheca-do-przezywania-roku-rodziny\/#breadcrumb\"},\"inLanguage\":\"pl-PL\",\"potentialAction\":[{\"@type\":\"ReadAction\",\"target\":[\"https:\/\/pakosc-kalwaria.franciszkanie.net\/index.php\/2022\/02\/04\/biskup-wieslaw-smigiel-zacheca-do-przezywania-roku-rodziny\/\"]}]},{\"@type\":\"BreadcrumbList\",\"@id\":\"https:\/\/pakosc-kalwaria.franciszkanie.net\/index.php\/2022\/02\/04\/biskup-wieslaw-smigiel-zacheca-do-przezywania-roku-rodziny\/#breadcrumb\",\"itemListElement\":[{\"@type\":\"ListItem\",\"position\":1,\"name\":\"Strona g\u0142\u00f3wna\",\"item\":\"https:\/\/pakosc-kalwaria.franciszkanie.net\/\"},{\"@type\":\"ListItem\",\"position\":2,\"name\":\"Biskup Wies\u0142aw \u015amigiel zach\u0119ca do prze\u017cywania Roku Rodziny\"}]},{\"@type\":\"Person\",\"@id\":\"https:\/\/pakosc-kalwaria.franciszkanie.net\/#\/schema\/person\/af10b943be0760709227d060eadcb2aa\",\"name\":\"pakosc-kalwaria\",\"image\":{\"@type\":\"ImageObject\",\"@id\":\"https:\/\/pakosc-kalwaria.franciszkanie.net\/#personlogo\",\"inLanguage\":\"pl-PL\",\"url\":\"https:\/\/secure.gravatar.com\/avatar\/e7049d338b55eac6a0027ff3218b8d02?s=96&d=mm&r=g\",\"contentUrl\":\"https:\/\/secure.gravatar.com\/avatar\/e7049d338b55eac6a0027ff3218b8d02?s=96&d=mm&r=g\",\"caption\":\"pakosc-kalwaria\"},\"sameAs\":[\"https:\/\/www.facebook.com\/KalwariaPakosc\/\"],\"url\":\"https:\/\/pakosc-kalwaria.franciszkanie.net\/index.php\/author\/pakosc-kalwaria\/\"}]}<\/script>\n<!-- \/ Yoast SEO plugin. -->","yoast_head_json":{"title":"Biskup Wies\u0142aw \u015amigiel zach\u0119ca do prze\u017cywania Roku Rodziny - Pako\u015b\u0107 \u2013 Kalwaria","robots":{"index":"index","follow":"follow","max-snippet":"max-snippet:-1","max-image-preview":"max-image-preview:large","max-video-preview":"max-video-preview:-1"},"canonical":"https:\/\/pakosc-kalwaria.franciszkanie.net\/index.php\/2022\/02\/04\/biskup-wieslaw-smigiel-zacheca-do-przezywania-roku-rodziny\/","og_locale":"pl_PL","og_type":"article","og_title":"Biskup Wies\u0142aw \u015amigiel zach\u0119ca do prze\u017cywania Roku Rodziny - Pako\u015b\u0107 \u2013 Kalwaria","og_description":"Rok Rodziny Amoris Laetitia trzeba prze\u017cywa\u0107 przede wszystkim w ma\u0142\u017ce\u0144stwach i rodzinach \u2013 podkre\u015bla bp Wies\u0142aw \u015amigiel, przewodnicz\u0105cy Rady ds. Rodziny Konferencji Episkopatu Polski. Zach\u0119ca te\u017c do tego, aby w tym czasie przeczyta\u0107 dokument Amoris Laetitia oraz podj\u0105\u0107 refleksj\u0119 nad tym, jak m\u0142odemu pokoleniu przekaza\u0107 wiar\u0119. M\u00f3wi\u0105c o tym, w jaki spos\u00f3b prze\u017cywa\u0107 trwaj\u0105cy w &hellip;","og_url":"https:\/\/pakosc-kalwaria.franciszkanie.net\/index.php\/2022\/02\/04\/biskup-wieslaw-smigiel-zacheca-do-przezywania-roku-rodziny\/","og_site_name":"Pako\u015b\u0107 \u2013 Kalwaria","article_author":"https:\/\/www.facebook.com\/KalwariaPakosc\/","article_published_time":"2022-02-04T17:35:15+00:00","article_modified_time":"2022-02-04T17:36:17+00:00","og_image":[{"width":350,"height":241,"url":"https:\/\/pakosc-kalwaria.franciszkanie.net\/wp-content\/uploads\/2022\/02\/bp-smigiel-na-jasnej-2013.jpg","type":"image\/jpeg"}],"twitter_card":"summary","twitter_misc":{"Napisane przez":"pakosc-kalwaria","Szacowany czas czytania":"3 minuty"},"schema":{"@context":"https:\/\/schema.org","@graph":[{"@type":"WebSite","@id":"https:\/\/pakosc-kalwaria.franciszkanie.net\/#website","url":"https:\/\/pakosc-kalwaria.franciszkanie.net\/","name":"Pako\u015b\u0107 \u2013 Kalwaria","description":"Parafia Rzymsko \u2013 Katolicka p.w. Pana Jezusa Ukrzy\u017cowanego i  Matki Bo\u017cej Bolesnej ul. Barci\u0144ska 60, 88\u2013170 Pako\u015b\u0107 \u2013 Kalwaria","potentialAction":[{"@type":"SearchAction","target":{"@type":"EntryPoint","urlTemplate":"https:\/\/pakosc-kalwaria.franciszkanie.net\/?s={search_term_string}"},"query-input":"required name=search_term_string"}],"inLanguage":"pl-PL"},{"@type":"ImageObject","@id":"https:\/\/pakosc-kalwaria.franciszkanie.net\/index.php\/2022\/02\/04\/biskup-wieslaw-smigiel-zacheca-do-przezywania-roku-rodziny\/#primaryimage","inLanguage":"pl-PL","url":"https:\/\/pakosc-kalwaria.franciszkanie.net\/wp-content\/uploads\/2022\/02\/bp-smigiel-na-jasnej-2013.jpg","contentUrl":"https:\/\/pakosc-kalwaria.franciszkanie.net\/wp-content\/uploads\/2022\/02\/bp-smigiel-na-jasnej-2013.jpg","width":350,"height":241},{"@type":"WebPage","@id":"https:\/\/pakosc-kalwaria.franciszkanie.net\/index.php\/2022\/02\/04\/biskup-wieslaw-smigiel-zacheca-do-przezywania-roku-rodziny\/#webpage","url":"https:\/\/pakosc-kalwaria.franciszkanie.net\/index.php\/2022\/02\/04\/biskup-wieslaw-smigiel-zacheca-do-przezywania-roku-rodziny\/","name":"Biskup Wies\u0142aw \u015amigiel zach\u0119ca do prze\u017cywania Roku Rodziny - Pako\u015b\u0107 \u2013 Kalwaria","isPartOf":{"@id":"https:\/\/pakosc-kalwaria.franciszkanie.net\/#website"},"primaryImageOfPage":{"@id":"https:\/\/pakosc-kalwaria.franciszkanie.net\/index.php\/2022\/02\/04\/biskup-wieslaw-smigiel-zacheca-do-przezywania-roku-rodziny\/#primaryimage"},"datePublished":"2022-02-04T17:35:15+00:00","dateModified":"2022-02-04T17:36:17+00:00","author":{"@id":"https:\/\/pakosc-kalwaria.franciszkanie.net\/#\/schema\/person\/af10b943be0760709227d060eadcb2aa"},"breadcrumb":{"@id":"https:\/\/pakosc-kalwaria.franciszkanie.net\/index.php\/2022\/02\/04\/biskup-wieslaw-smigiel-zacheca-do-przezywania-roku-rodziny\/#breadcrumb"},"inLanguage":"pl-PL","potentialAction":[{"@type":"ReadAction","target":["https:\/\/pakosc-kalwaria.franciszkanie.net\/index.php\/2022\/02\/04\/biskup-wieslaw-smigiel-zacheca-do-przezywania-roku-rodziny\/"]}]},{"@type":"BreadcrumbList","@id":"https:\/\/pakosc-kalwaria.franciszkanie.net\/index.php\/2022\/02\/04\/biskup-wieslaw-smigiel-zacheca-do-przezywania-roku-rodziny\/#breadcrumb","itemListElement":[{"@type":"ListItem","position":1,"name":"Strona g\u0142\u00f3wna","item":"https:\/\/pakosc-kalwaria.franciszkanie.net\/"},{"@type":"ListItem","position":2,"name":"Biskup Wies\u0142aw \u015amigiel zach\u0119ca do prze\u017cywania Roku Rodziny"}]},{"@type":"Person","@id":"https:\/\/pakosc-kalwaria.franciszkanie.net\/#\/schema\/person\/af10b943be0760709227d060eadcb2aa","name":"pakosc-kalwaria","image":{"@type":"ImageObject","@id":"https:\/\/pakosc-kalwaria.franciszkanie.net\/#personlogo","inLanguage":"pl-PL","url":"https:\/\/secure.gravatar.com\/avatar\/e7049d338b55eac6a0027ff3218b8d02?s=96&d=mm&r=g","contentUrl":"https:\/\/secure.gravatar.com\/avatar\/e7049d338b55eac6a0027ff3218b8d02?s=96&d=mm&r=g","caption":"pakosc-kalwaria"},"sameAs":["https:\/\/www.facebook.com\/KalwariaPakosc\/"],"url":"https:\/\/pakosc-kalwaria.franciszkanie.net\/index.php\/author\/pakosc-kalwaria\/"}]}},"_links":{"self":[{"href":"https:\/\/pakosc-kalwaria.franciszkanie.net\/index.php\/wp-json\/wp\/v2\/posts\/21760"}],"collection":[{"href":"https:\/\/pakosc-kalwaria.franciszkanie.net\/index.php\/wp-json\/wp\/v2\/posts"}],"about":[{"href":"https:\/\/pakosc-kalwaria.franciszkanie.net\/index.php\/wp-json\/wp\/v2\/types\/post"}],"author":[{"embeddable":true,"href":"https:\/\/pakosc-kalwaria.franciszkanie.net\/index.php\/wp-json\/wp\/v2\/users\/2"}],"replies":[{"embeddable":true,"href":"https:\/\/pakosc-kalwaria.franciszkanie.net\/index.php\/wp-json\/wp\/v2\/comments?post=21760"}],"version-history":[{"count":1,"href":"https:\/\/pakosc-kalwaria.franciszkanie.net\/index.php\/wp-json\/wp\/v2\/posts\/21760\/revisions"}],"predecessor-version":[{"id":21762,"href":"https:\/\/pakosc-kalwaria.franciszkanie.net\/index.php\/wp-json\/wp\/v2\/posts\/21760\/revisions\/21762"}],"wp:featuredmedia":[{"embeddable":true,"href":"https:\/\/pakosc-kalwaria.franciszkanie.net\/index.php\/wp-json\/wp\/v2\/media\/21761"}],"wp:attachment":[{"href":"https:\/\/pakosc-kalwaria.franciszkanie.net\/index.php\/wp-json\/wp\/v2\/media?parent=21760"}],"wp:term":[{"taxonomy":"category","embeddable":true,"href":"https:\/\/pakosc-kalwaria.franciszkanie.net\/index.php\/wp-json\/wp\/v2\/categories?post=21760"},{"taxonomy":"post_tag","embeddable":true,"href":"https:\/\/pakosc-kalwaria.franciszkanie.net\/index.php\/wp-json\/wp\/v2\/tags?post=21760"}],"curies":[{"name":"wp","href":"https:\/\/api.w.org\/{rel}","templated":true}]}}