{"id":21765,"date":"2022-02-08T07:30:32","date_gmt":"2022-02-08T06:30:32","guid":{"rendered":"http:\/\/pakosc-kalwaria.franciszkanie.net\/?p=21765"},"modified":"2022-02-13T18:31:04","modified_gmt":"2022-02-13T17:31:04","slug":"oredzie-papieza-franciszka-na-xxx-swiatowy-dzien-chorego-11-lutego","status":"publish","type":"post","link":"https:\/\/pakosc-kalwaria.franciszkanie.net\/index.php\/2022\/02\/08\/oredzie-papieza-franciszka-na-xxx-swiatowy-dzien-chorego-11-lutego\/","title":{"rendered":"Or\u0119dzie papie\u017ca Franciszka na XXX \u015awiatowy Dzie\u0144 Chorego &#8211; 11 lutego"},"content":{"rendered":"<p><strong><em>\u201eB\u0105d\u017acie mi\u0142osierni, jak Ojciec wasz jest mi\u0142osierny\u201d (\u0141k 6, 36) <\/em><\/strong><em><br \/>\n<strong>Trwaj\u0105c na drodze mi\u0142osierdzia przy tych, kt\u00f3rzy cierpi\u0105<\/strong> <\/em><\/p>\n<p>Drodzy Bracia i Siostry,<br \/>\ntrzydzie\u015bci lat temu \u015bw. Jan Pawe\u0142 II ustanowi\u0142 \u015awiatowy Dzie\u0144 Chorego, aby uwra\u017cliwi\u0107\u00a0 lud Bo\u017cy, katolickie instytucje s\u0142u\u017cby zdrowia i spo\u0142ecze\u0144stwo cywilne na potrzeb\u0119 zwr\u00f3cenia uwagi na chorych i na tych, kt\u00f3rzy si\u0119 nimi opiekuj\u0105[1].<\/p>\n<p>Jeste\u015bmy wdzi\u0119czni Panu za drog\u0119, jak\u0105 przeby\u0142y w ostatnich latach Ko\u015bcio\u0142y partykularne na ca\u0142ym \u015bwiecie. Poczyniono wiele krok\u00f3w naprz\u00f3d, ale pozostaje jeszcze d\u0142uga droga do tego, aby wszyscy chorzy, tak\u017ce w miejscach i sytuacjach najwi\u0119kszego ub\u00f3stwa i marginalizacji, otrzymali potrzebn\u0105 im opiek\u0119 zdrowotn\u0105, a tak\u017ce opiek\u0119 duszpastersk\u0105, aby mogli prze\u017cywa\u0107 czas choroby w zjednoczeniu z Chrystusem ukrzy\u017cowanym i zmartwychwsta\u0142ym. Niech trzydziesty \u015awiatowy Dzie\u0144 Chorego, kt\u00f3rego kulminacyjne obchody, z powodu pandemii, nie b\u0119d\u0105 mog\u0142y odby\u0107 si\u0119 w Arequipie w Peru, lecz w Bazylice \u015bw. Piotra na Watykanie, pomo\u017ce nam wzrasta\u0107 w blisko\u015bci i s\u0142u\u017cbie chorym i ich rodzinom.<br \/>\n<em><br \/>\n<strong>1. Mi\u0142osierni jak Ojciec<\/strong> <\/em><br \/>\nTemat wybrany na ten trzydziesty Dzie\u0144 Chorego: <em>\u201eB\u0105d\u017acie mi\u0142osierni, jak Ojciec wasz jest mi\u0142osierny\u201d<\/em> (\u0141k 6, 36), sk\u0142ania nas przede wszystkim do zwr\u00f3cenia naszego spojrzenia na Boga \u201ebogatego w mi\u0142osierdzie\u201d (Ef 2, 4), kt\u00f3ry zawsze patrzy na swoje dzieci z ojcowsk\u0105 mi\u0142o\u015bci\u0105, nawet wtedy, gdy one od Niego oddalaj\u0105 si\u0119. Mi\u0142osierdzie, w rzeczywisto\u015bci, jest <em>par excellence<\/em> imieniem Boga, kt\u00f3re wyra\u017ca Jego natur\u0119 nie na spos\u00f3b okazjonalnego uczucia, ale jako si\u0142\u0119 obecn\u0105 we wszystkim, co On czyni. Jest to si\u0142a i czu\u0142o\u015b\u0107 razem. Dlatego mo\u017cemy powiedzie\u0107 z zachwytem i wdzi\u0119czno\u015bci\u0105, \u017ce mi\u0142osierdzie Bo\u017ce ma w sobie zar\u00f3wno wymiar ojcostwa, jak i macierzy\u0144stwa (por. Iz 49, 15), poniewa\u017c On troszczy si\u0119 o nas z si\u0142\u0105 ojca i czu\u0142o\u015bci\u0105 matki, zawsze pragn\u0105c da\u0107 nam nowe \u017cycie w Duchu \u015awi\u0119tym.<br \/>\n<em><br \/>\n<strong>2. Jezus, mi\u0142osierdzie Ojca<\/strong> <\/em><br \/>\nNajwi\u0119kszym \u015bwiadkiem mi\u0142osiernej mi\u0142o\u015bci Ojca do chorych jest Jego jednorodzony Syn. Ile\u017c to razy Ewangelie opowiadaj\u0105 nam o spotkaniach Jezusa z lud\u017ami cierpi\u0105cymi na r\u00f3\u017cne choroby! On \u201echodzi\u0142 po ca\u0142ej Galilei, nauczaj\u0105c w ich synagogach, g\u0142osz\u0105c Ewangeli\u0119 o Kr\u00f3lestwie i lecz\u0105c wszelkie choroby i dolegliwo\u015bci w\u015br\u00f3d ludu\u201d (Mt 4, 23). Mo\u017cemy zada\u0107 sobie pytanie: sk\u0105d ta szczeg\u00f3lna uwaga Jezusa wobec chorych, do tego stopnia, \u017ce staje si\u0119 ona r\u00f3wnie\u017c g\u0142\u00f3wnym dzie\u0142em w misji aposto\u0142\u00f3w, pos\u0142anych przez Mistrza, by g\u0142osi\u0107 Ewangeli\u0119 i uzdrawia\u0107 chorych? (por. \u0141k 9, 2).<\/p>\n<p>XX-wieczny my\u015bliciel podsuwa nam motywacj\u0119: \u201eB\u00f3l absolutnie izoluje i z tej absolutnej izolacji rodzi si\u0119 apel do drugiego, wzywanie drugiego\u201d[2]. Kiedy cz\u0142owiek do\u015bwiadcza s\u0142abo\u015bci i cierpienia we w\u0142asnym ciele z powodu choroby, jego serce staje si\u0119 ci\u0119\u017csze, wzrasta l\u0119k, mno\u017c\u0105 si\u0119 pytania, coraz bardziej pal\u0105ce staje si\u0119 pytanie o sens wszystkiego, co si\u0119 dzieje. Jak\u017ce nie wspomnie\u0107 w tym kontek\u015bcie o wielu chorych, kt\u00f3rzy w czasie pandemii prze\u017cyli ostatni etap swojego \u017cycia w samotno\u015bci na oddziale intensywnej terapii, z pewno\u015bci\u0105 pod opiek\u0105 wspania\u0142ych pracownik\u00f3w s\u0142u\u017cby zdrowia, ale z dala od najbli\u017cszych i najwa\u017cniejszych os\u00f3b w ich ziemskim \u017cyciu? Dlatego tak wa\u017cne jest, by mie\u0107 u swego boku \u015bwiadk\u00f3w Bo\u017cego mi\u0142osierdzia, kt\u00f3rzy za przyk\u0142adem Jezusa, mi\u0142osierdzia Ojca, wylewaj\u0105 na rany chorych olej pocieszenia i wino nadziei[3].<\/p>\n<p><strong><em>3. Dotkn\u0105\u0107 cierpi\u0105cego cia\u0142a Chrystusa <\/em><\/strong><br \/>\nZaproszenie Jezusa, by by\u0107 mi\u0142osiernym jak Ojciec, nabiera szczeg\u00f3lnego znaczenia dla pracownik\u00f3w s\u0142u\u017cby zdrowia. My\u015bl\u0119 o lekarzach, piel\u0119gniarkach, diagnostach laboratoryjnych, osobach asystuj\u0105cych w leczeniu i opiece nad chorymi, a tak\u017ce o wielu wolontariuszach, kt\u00f3rzy po\u015bwi\u0119caj\u0105 sw\u00f3j cenny czas cierpi\u0105cym. Drodzy pracownicy opieki zdrowotnej, wasza s\u0142u\u017cba chorym, pe\u0142niona z mi\u0142o\u015bci\u0105 i kompetencj\u0105, wykracza poza granice zawodu, aby sta\u0107 si\u0119 misj\u0105. Wasze r\u0119ce dotykaj\u0105ce cierpi\u0105cego cia\u0142a Chrystusa mog\u0105 by\u0107 znakiem mi\u0142osiernych r\u0105k Ojca. B\u0105d\u017acie \u015bwiadomi wielkiej godno\u015bci waszego zawodu, a tak\u017ce odpowiedzialno\u015bci, jaka si\u0119 z nim wi\u0105\u017ce.<\/p>\n<p>B\u0142ogos\u0142awmy Pana za post\u0119p, jaki dokona\u0142 si\u0119 w naukach medycznych, zw\u0142aszcza w ostatnich czasach: nowe technologie pozwoli\u0142y wypracowa\u0107 metody terapeutyczne, kt\u00f3re s\u0105 bardzo korzystne dla chorych; badania naukowe nadal wnosz\u0105 cenny wk\u0142ad w pokonywanie starych i nowych patologii; medycyna rehabilitacyjna bardzo rozwin\u0119\u0142a swoj\u0105 wiedz\u0119 i umiej\u0119tno\u015bci. Wszystko to jednak nie mo\u017ce nigdy przes\u0142oni\u0107 wyj\u0105tkowo\u015bci ka\u017cdego pacjenta, z jego godno\u015bci\u0105 i jego s\u0142abo\u015bci\u0105[4]. Chory jest zawsze wa\u017cniejszy od jego choroby, dlatego w ka\u017cdym podej\u015bciu terapeutycznym nie mo\u017cna pomin\u0105\u0107 ws\u0142uchiwania si\u0119 w g\u0142os pacjenta, jego histori\u0119, l\u0119ki i obawy. Nawet wtedy, gdy nie mo\u017cna wyleczy\u0107, zawsze mo\u017cna otoczy\u0107 opiek\u0105, zawsze mo\u017cna pocieszy\u0107, zawsze mo\u017cna sprawi\u0107, by pacjent poczu\u0142 blisko\u015b\u0107, kt\u00f3ra \u015bwiadczy o zainteresowaniu osob\u0105 bardziej ni\u017c jej chorob\u0105. Dlatego wyra\u017cam \u017cyczenie, aby procesy formacyjne pracownik\u00f3w s\u0142u\u017cby zdrowia uzdalnia\u0142y ich do s\u0142uchania i nawi\u0105zywania relacji.<br \/>\n<em><br \/>\n<strong>4. Miejsca opieki, domy mi\u0142osierdzia<\/strong> <\/em><br \/>\n\u015awiatowy Dzie\u0144 Chorego jest r\u00f3wnie\u017c w\u0142a\u015bciw\u0105 okazj\u0105, aby skupi\u0107 nasz\u0105 uwag\u0119 na miejscach opieki. W ci\u0105gu wiek\u00f3w mi\u0142osierdzie wobec chorych doprowadzi\u0142o do otwarcia przez wsp\u00f3lnot\u0119 chrze\u015bcija\u0144sk\u0105 niezliczonych \u201egosp\u00f3d dobrego Samarytanina\u201d, gdzie przyjmowano i leczono chorych wszelkiego rodzaju, zw\u0142aszcza tych, kt\u00f3rzy nie mogli znale\u017a\u0107 odpowiedzi na swoje potrzeby zdrowotne z powodu ub\u00f3stwa, wykluczenia spo\u0142ecznego lub trudno\u015bci w leczeniu niekt\u00f3rych chor\u00f3b. Najwi\u0119ksz\u0105 cen\u0119 w tych sytuacjach p\u0142ac\u0105 przede wszystkim dzieci, osoby starsze i najbardziej wra\u017cliwe. Mi\u0142osierni jak Ojciec, liczni misjonarze, g\u0142osz\u0105c Ewangeli\u0119, budowali szpitale, przychodnie i o\u015brodki opieki. S\u0105 to cenne dzie\u0142a, dzi\u0119ki kt\u00f3rym chrze\u015bcija\u0144ska mi\u0142o\u015b\u0107 nabiera\u0142a kszta\u0142tu, a mi\u0142o\u015b\u0107 Chrystusa, o kt\u00f3rej \u015bwiadczyli Jego uczniowie, stawa\u0142a si\u0119 bardziej wiarygodna. My\u015bl\u0119 przede wszystkim o ludziach w najbiedniejszych cz\u0119\u015bciach \u015bwiata, gdzie czasami trzeba pokonywa\u0107 du\u017ce odleg\u0142o\u015bci, aby znale\u017a\u0107 plac\u00f3wki medyczne, kt\u00f3re pomimo ograniczonych \u015brodk\u00f3w oferuj\u0105 to, co jest dost\u0119pne. Przed nami jeszcze d\u0142uga droga, a w niekt\u00f3rych krajach otrzymanie odpowiedniego leczenia pozostaje luksusem. Potwierdza to, na przyk\u0142ad, ograniczona dost\u0119pno\u015b\u0107 szczepionek przeciwko Covid-19 w najbiedniejszych krajach, ale jeszcze bardziej brak mo\u017cliwo\u015bci leczenia chor\u00f3b, kt\u00f3re wymagaj\u0105 znacznie prostszych lek\u00f3w.<\/p>\n<p>W tym kontek\u015bcie chcia\u0142bym potwierdzi\u0107 znaczenie katolickich instytucji opieki zdrowotnej: s\u0105 one cennym skarbem, kt\u00f3ry nale\u017cy chroni\u0107 i wspiera\u0107; dzi\u0119ki nim dzieje Ko\u015bcio\u0142a wyr\u00f3\u017cniaj\u0105 si\u0119 blisko\u015bci\u0105 wobec najbiedniejszych chorych i w sytuacjach najwi\u0119kszego zapomnienia [5]. Ilu\u017c za\u0142o\u017cycieli rodzin zakonnych potrafi\u0142o ws\u0142uchiwa\u0107 si\u0119 w wo\u0142anie braci i si\u00f3str, kt\u00f3rzy nie mieli dost\u0119pu do opieki lub byli niew\u0142a\u015bciwie leczeni, i robili wszystko, co w ich mocy, aby im s\u0142u\u017cy\u0107! Tak\u017ce dzisiaj, nawet w krajach najbardziej rozwini\u0119tych, obecno\u015b\u0107 katolickich plac\u00f3wek sanitarnych jest b\u0142ogos\u0142awie\u0144stwem, poniewa\u017c zawsze mog\u0105 zaoferowa\u0107 nie tylko opiek\u0119 nad cia\u0142em ze wszystkimi niezb\u0119dnymi kompetencjami, ale tak\u017ce t\u0119 dobroczynn\u0105 mi\u0142o\u015b\u0107, dzi\u0119ki kt\u00f3rej chorzy i ich rodziny s\u0105 w centrum uwagi. W czasie, kiedy panuje kultura odrzucania, a \u017cycie nie zawsze jest uznawane za godne przyj\u0119cia i prze\u017cywania, te struktury, jako domy mi\u0142osierdzia, mog\u0105 by\u0107 przyk\u0142adem ochrony i troski o ka\u017cde istnienie, nawet najbardziej kruche, od jego pocz\u0105tku a\u017c po naturalny kres.<br \/>\n<em><br \/>\n<strong>5. Mi\u0142osierdzie duszpasterskie: obecno\u015b\u0107 i blisko\u015b\u0107<\/strong> <\/em><br \/>\nW ci\u0105gu tych trzydziestu lat r\u00f3wnie\u017c duszpasterstwo s\u0142u\u017cby zdrowia by\u0142o coraz bardziej doceniane jako niezb\u0119dna pos\u0142uga. Je\u015bli najgorsz\u0105 dyskryminacj\u0105, jakiej do\u015bwiadczaj\u0105 ubodzy \u2013 a chorzy s\u0105 ubogimi w zdrowiu \u2013 jest brak duchowej uwagi, nie mo\u017cemy nie zaoferowa\u0107 im blisko\u015bci Boga, Jego b\u0142ogos\u0142awie\u0144stwa, Jego S\u0142owa, sprawowania sakrament\u00f3w, zaproponowania drogi duchowego wzrastania i dojrzewania w wierze [6]. W zwi\u0105zku z tym pragn\u0119 przypomnie\u0107, \u017ce blisko\u015b\u0107 wobec chorych i ich duszpasterstwo nie jest zadaniem tylko niekt\u00f3rych duszpasterzy specjalnie przygotowanych; odwiedzanie chorych jest zaproszeniem skierowanym przez Chrystusa do wszystkich Jego uczni\u00f3w. Ile os\u00f3b chorych i starszych mieszka w domach i czeka na wizyt\u0119! Pos\u0142uga pocieszania jest zadaniem ka\u017cdego ochrzczonego, kt\u00f3ry pami\u0119ta o s\u0142owach Jezusa: \u201eBy\u0142em chory, a odwiedzili\u015bcie Mnie\u201d (Mt 25, 36).<\/p>\n<p>Drodzy bracia i siostry, wstawiennictwu Maryi, Uzdrowienia Chorych, zawierzam wszystkich chorych i ich rodziny. Zjednoczeni z Chrystusem, kt\u00f3ry bierze na siebie b\u00f3l \u015bwiata, niech odnajd\u0105 sens, pocieszenie i ufno\u015b\u0107. Modl\u0119 si\u0119 za wszystkich pracownik\u00f3w s\u0142u\u017cby zdrowia, aby bogaci w mi\u0142osierdzie, potrafili ofiarowa\u0107 pacjentom, wraz z odpowiedni\u0105 opiek\u0105, swoj\u0105 bratersk\u0105 blisko\u015b\u0107.<\/p>\n<p>Z serca udzielam wszystkim Apostolskiego B\u0142ogos\u0142awie\u0144stwa.<br \/>\nFRANCISZEK<\/p>\n<p>Rzym, u \u015bw. Jana na Lateranie, 10 grudnia 2021 r., we wspomnienie Matki Bo\u017cej Loreta\u0144skiej.<\/p>\n<p>____________________<br \/>\n[1] Por. \u015aw. JAN PAWE\u0141 II, List do Kardyna\u0142a Fiorenzo Angeliniego, Przewodnicz\u0105cego Papieskiej Rady ds. Duszpasterstwa S\u0142u\u017cby Zdrowia ustanawiaj\u0105cy \u015awiatowy Dzie\u0144 Chorego, 13 maja 1992.<br \/>\n[2] E. LEVINAS, \u00abUne \u00e9thique de la souffrance\u00bb, in Souffrances. Corps et \u00e2me, \u00e9preuves partag\u00e9es, red. J.\u2013M. von Kaenel, Autrement, Paris 1994, pp. 133\u2013135.<br \/>\n[3] Por. CEI, Messale Romano, 2020, Prefazio Comune VIII, Ges\u00f9 buon samaritano.<br \/>\n[4] Por. Przem\u00f3wienie do Krajowej Federacji Izb Lekarzy Chirurg\u00f3w i Stomatolog\u00f3w (20 wrze\u015bnia 2019): L\u2019Osservatore Romano, 21 wrze\u015bnia 2019, s. 8.<br \/>\n[5] Por. Anio\u0142 Pa\u0144ski, Poliklinka \u201cGemelli\u201d, Rzym (11 lipca 2021): L\u2019Osservatore Romano, wyd. polskie, n. 8\u20139(435)\/2021, s. 31\u201332. [6] Por. Adhort. apost. Evangelii gaudium, 24 listopada 2013, 200.<\/p>\n","protected":false},"excerpt":{"rendered":"<p>\u201eB\u0105d\u017acie mi\u0142osierni, jak Ojciec wasz jest mi\u0142osierny\u201d (\u0141k 6, 36) Trwaj\u0105c na drodze mi\u0142osierdzia przy tych, kt\u00f3rzy cierpi\u0105 Drodzy Bracia i Siostry, trzydzie\u015bci lat temu \u015bw. Jan Pawe\u0142 II ustanowi\u0142 \u015awiatowy Dzie\u0144 Chorego, aby uwra\u017cliwi\u0107\u00a0 lud Bo\u017cy, katolickie instytucje s\u0142u\u017cby zdrowia i spo\u0142ecze\u0144stwo cywilne na potrzeb\u0119 zwr\u00f3cenia uwagi na chorych i na tych, kt\u00f3rzy si\u0119 &hellip;<\/p>\n","protected":false},"author":2,"featured_media":21766,"comment_status":"closed","ping_status":"closed","sticky":false,"template":"","format":"standard","meta":{"_mi_skip_tracking":false,"_exactmetrics_sitenote_active":false,"_exactmetrics_sitenote_note":"","_exactmetrics_sitenote_category":0},"categories":[7],"tags":[],"yoast_head":"<!-- This site is optimized with the Yoast SEO plugin v18.1 - https:\/\/yoast.com\/wordpress\/plugins\/seo\/ -->\n<title>Or\u0119dzie papie\u017ca Franciszka na XXX \u015awiatowy Dzie\u0144 Chorego - 11 lutego - Pako\u015b\u0107 \u2013 Kalwaria<\/title>\n<meta name=\"robots\" content=\"index, follow, max-snippet:-1, max-image-preview:large, max-video-preview:-1\" \/>\n<link rel=\"canonical\" href=\"https:\/\/pakosc-kalwaria.franciszkanie.net\/index.php\/2022\/02\/08\/oredzie-papieza-franciszka-na-xxx-swiatowy-dzien-chorego-11-lutego\/\" \/>\n<meta property=\"og:locale\" content=\"pl_PL\" \/>\n<meta property=\"og:type\" content=\"article\" \/>\n<meta property=\"og:title\" content=\"Or\u0119dzie papie\u017ca Franciszka na XXX \u015awiatowy Dzie\u0144 Chorego - 11 lutego - Pako\u015b\u0107 \u2013 Kalwaria\" \/>\n<meta property=\"og:description\" content=\"\u201eB\u0105d\u017acie mi\u0142osierni, jak Ojciec wasz jest mi\u0142osierny\u201d (\u0141k 6, 36) Trwaj\u0105c na drodze mi\u0142osierdzia przy tych, kt\u00f3rzy cierpi\u0105 Drodzy Bracia i Siostry, trzydzie\u015bci lat temu \u015bw. Jan Pawe\u0142 II ustanowi\u0142 \u015awiatowy Dzie\u0144 Chorego, aby uwra\u017cliwi\u0107\u00a0 lud Bo\u017cy, katolickie instytucje s\u0142u\u017cby zdrowia i spo\u0142ecze\u0144stwo cywilne na potrzeb\u0119 zwr\u00f3cenia uwagi na chorych i na tych, kt\u00f3rzy si\u0119 &hellip;\" \/>\n<meta property=\"og:url\" content=\"https:\/\/pakosc-kalwaria.franciszkanie.net\/index.php\/2022\/02\/08\/oredzie-papieza-franciszka-na-xxx-swiatowy-dzien-chorego-11-lutego\/\" \/>\n<meta property=\"og:site_name\" content=\"Pako\u015b\u0107 \u2013 Kalwaria\" \/>\n<meta property=\"article:author\" content=\"https:\/\/www.facebook.com\/KalwariaPakosc\/\" \/>\n<meta property=\"article:published_time\" content=\"2022-02-08T06:30:32+00:00\" \/>\n<meta property=\"article:modified_time\" content=\"2022-02-13T17:31:04+00:00\" \/>\n<meta property=\"og:image\" content=\"https:\/\/pakosc-kalwaria.franciszkanie.net\/wp-content\/uploads\/2022\/02\/Oredzie-pap-Franciszka.jpg\" \/>\n\t<meta property=\"og:image:width\" content=\"350\" \/>\n\t<meta property=\"og:image:height\" content=\"222\" \/>\n\t<meta property=\"og:image:type\" content=\"image\/jpeg\" \/>\n<meta name=\"twitter:card\" content=\"summary\" \/>\n<meta name=\"twitter:label1\" content=\"Napisane przez\" \/>\n\t<meta name=\"twitter:data1\" content=\"pakosc-kalwaria\" \/>\n\t<meta name=\"twitter:label2\" content=\"Szacowany czas czytania\" \/>\n\t<meta name=\"twitter:data2\" content=\"8 minut\" \/>\n<script type=\"application\/ld+json\" class=\"yoast-schema-graph\">{\"@context\":\"https:\/\/schema.org\",\"@graph\":[{\"@type\":\"WebSite\",\"@id\":\"https:\/\/pakosc-kalwaria.franciszkanie.net\/#website\",\"url\":\"https:\/\/pakosc-kalwaria.franciszkanie.net\/\",\"name\":\"Pako\u015b\u0107 \u2013 Kalwaria\",\"description\":\"Parafia Rzymsko \u2013 Katolicka p.w. Pana Jezusa Ukrzy\u017cowanego i  Matki Bo\u017cej Bolesnej ul. Barci\u0144ska 60, 88\u2013170 Pako\u015b\u0107 \u2013 Kalwaria\",\"potentialAction\":[{\"@type\":\"SearchAction\",\"target\":{\"@type\":\"EntryPoint\",\"urlTemplate\":\"https:\/\/pakosc-kalwaria.franciszkanie.net\/?s={search_term_string}\"},\"query-input\":\"required name=search_term_string\"}],\"inLanguage\":\"pl-PL\"},{\"@type\":\"ImageObject\",\"@id\":\"https:\/\/pakosc-kalwaria.franciszkanie.net\/index.php\/2022\/02\/08\/oredzie-papieza-franciszka-na-xxx-swiatowy-dzien-chorego-11-lutego\/#primaryimage\",\"inLanguage\":\"pl-PL\",\"url\":\"https:\/\/pakosc-kalwaria.franciszkanie.net\/wp-content\/uploads\/2022\/02\/Oredzie-pap-Franciszka.jpg\",\"contentUrl\":\"https:\/\/pakosc-kalwaria.franciszkanie.net\/wp-content\/uploads\/2022\/02\/Oredzie-pap-Franciszka.jpg\",\"width\":350,\"height\":222},{\"@type\":\"WebPage\",\"@id\":\"https:\/\/pakosc-kalwaria.franciszkanie.net\/index.php\/2022\/02\/08\/oredzie-papieza-franciszka-na-xxx-swiatowy-dzien-chorego-11-lutego\/#webpage\",\"url\":\"https:\/\/pakosc-kalwaria.franciszkanie.net\/index.php\/2022\/02\/08\/oredzie-papieza-franciszka-na-xxx-swiatowy-dzien-chorego-11-lutego\/\",\"name\":\"Or\u0119dzie papie\u017ca Franciszka na XXX \u015awiatowy Dzie\u0144 Chorego - 11 lutego - Pako\u015b\u0107 \u2013 Kalwaria\",\"isPartOf\":{\"@id\":\"https:\/\/pakosc-kalwaria.franciszkanie.net\/#website\"},\"primaryImageOfPage\":{\"@id\":\"https:\/\/pakosc-kalwaria.franciszkanie.net\/index.php\/2022\/02\/08\/oredzie-papieza-franciszka-na-xxx-swiatowy-dzien-chorego-11-lutego\/#primaryimage\"},\"datePublished\":\"2022-02-08T06:30:32+00:00\",\"dateModified\":\"2022-02-13T17:31:04+00:00\",\"author\":{\"@id\":\"https:\/\/pakosc-kalwaria.franciszkanie.net\/#\/schema\/person\/af10b943be0760709227d060eadcb2aa\"},\"breadcrumb\":{\"@id\":\"https:\/\/pakosc-kalwaria.franciszkanie.net\/index.php\/2022\/02\/08\/oredzie-papieza-franciszka-na-xxx-swiatowy-dzien-chorego-11-lutego\/#breadcrumb\"},\"inLanguage\":\"pl-PL\",\"potentialAction\":[{\"@type\":\"ReadAction\",\"target\":[\"https:\/\/pakosc-kalwaria.franciszkanie.net\/index.php\/2022\/02\/08\/oredzie-papieza-franciszka-na-xxx-swiatowy-dzien-chorego-11-lutego\/\"]}]},{\"@type\":\"BreadcrumbList\",\"@id\":\"https:\/\/pakosc-kalwaria.franciszkanie.net\/index.php\/2022\/02\/08\/oredzie-papieza-franciszka-na-xxx-swiatowy-dzien-chorego-11-lutego\/#breadcrumb\",\"itemListElement\":[{\"@type\":\"ListItem\",\"position\":1,\"name\":\"Strona g\u0142\u00f3wna\",\"item\":\"https:\/\/pakosc-kalwaria.franciszkanie.net\/\"},{\"@type\":\"ListItem\",\"position\":2,\"name\":\"Or\u0119dzie papie\u017ca Franciszka na XXX \u015awiatowy Dzie\u0144 Chorego &#8211; 11 lutego\"}]},{\"@type\":\"Person\",\"@id\":\"https:\/\/pakosc-kalwaria.franciszkanie.net\/#\/schema\/person\/af10b943be0760709227d060eadcb2aa\",\"name\":\"pakosc-kalwaria\",\"image\":{\"@type\":\"ImageObject\",\"@id\":\"https:\/\/pakosc-kalwaria.franciszkanie.net\/#personlogo\",\"inLanguage\":\"pl-PL\",\"url\":\"https:\/\/secure.gravatar.com\/avatar\/e7049d338b55eac6a0027ff3218b8d02?s=96&d=mm&r=g\",\"contentUrl\":\"https:\/\/secure.gravatar.com\/avatar\/e7049d338b55eac6a0027ff3218b8d02?s=96&d=mm&r=g\",\"caption\":\"pakosc-kalwaria\"},\"sameAs\":[\"https:\/\/www.facebook.com\/KalwariaPakosc\/\"],\"url\":\"https:\/\/pakosc-kalwaria.franciszkanie.net\/index.php\/author\/pakosc-kalwaria\/\"}]}<\/script>\n<!-- \/ Yoast SEO plugin. -->","yoast_head_json":{"title":"Or\u0119dzie papie\u017ca Franciszka na XXX \u015awiatowy Dzie\u0144 Chorego - 11 lutego - Pako\u015b\u0107 \u2013 Kalwaria","robots":{"index":"index","follow":"follow","max-snippet":"max-snippet:-1","max-image-preview":"max-image-preview:large","max-video-preview":"max-video-preview:-1"},"canonical":"https:\/\/pakosc-kalwaria.franciszkanie.net\/index.php\/2022\/02\/08\/oredzie-papieza-franciszka-na-xxx-swiatowy-dzien-chorego-11-lutego\/","og_locale":"pl_PL","og_type":"article","og_title":"Or\u0119dzie papie\u017ca Franciszka na XXX \u015awiatowy Dzie\u0144 Chorego - 11 lutego - Pako\u015b\u0107 \u2013 Kalwaria","og_description":"\u201eB\u0105d\u017acie mi\u0142osierni, jak Ojciec wasz jest mi\u0142osierny\u201d (\u0141k 6, 36) Trwaj\u0105c na drodze mi\u0142osierdzia przy tych, kt\u00f3rzy cierpi\u0105 Drodzy Bracia i Siostry, trzydzie\u015bci lat temu \u015bw. Jan Pawe\u0142 II ustanowi\u0142 \u015awiatowy Dzie\u0144 Chorego, aby uwra\u017cliwi\u0107\u00a0 lud Bo\u017cy, katolickie instytucje s\u0142u\u017cby zdrowia i spo\u0142ecze\u0144stwo cywilne na potrzeb\u0119 zwr\u00f3cenia uwagi na chorych i na tych, kt\u00f3rzy si\u0119 &hellip;","og_url":"https:\/\/pakosc-kalwaria.franciszkanie.net\/index.php\/2022\/02\/08\/oredzie-papieza-franciszka-na-xxx-swiatowy-dzien-chorego-11-lutego\/","og_site_name":"Pako\u015b\u0107 \u2013 Kalwaria","article_author":"https:\/\/www.facebook.com\/KalwariaPakosc\/","article_published_time":"2022-02-08T06:30:32+00:00","article_modified_time":"2022-02-13T17:31:04+00:00","og_image":[{"width":350,"height":222,"url":"https:\/\/pakosc-kalwaria.franciszkanie.net\/wp-content\/uploads\/2022\/02\/Oredzie-pap-Franciszka.jpg","type":"image\/jpeg"}],"twitter_card":"summary","twitter_misc":{"Napisane przez":"pakosc-kalwaria","Szacowany czas czytania":"8 minut"},"schema":{"@context":"https:\/\/schema.org","@graph":[{"@type":"WebSite","@id":"https:\/\/pakosc-kalwaria.franciszkanie.net\/#website","url":"https:\/\/pakosc-kalwaria.franciszkanie.net\/","name":"Pako\u015b\u0107 \u2013 Kalwaria","description":"Parafia Rzymsko \u2013 Katolicka p.w. Pana Jezusa Ukrzy\u017cowanego i  Matki Bo\u017cej Bolesnej ul. Barci\u0144ska 60, 88\u2013170 Pako\u015b\u0107 \u2013 Kalwaria","potentialAction":[{"@type":"SearchAction","target":{"@type":"EntryPoint","urlTemplate":"https:\/\/pakosc-kalwaria.franciszkanie.net\/?s={search_term_string}"},"query-input":"required name=search_term_string"}],"inLanguage":"pl-PL"},{"@type":"ImageObject","@id":"https:\/\/pakosc-kalwaria.franciszkanie.net\/index.php\/2022\/02\/08\/oredzie-papieza-franciszka-na-xxx-swiatowy-dzien-chorego-11-lutego\/#primaryimage","inLanguage":"pl-PL","url":"https:\/\/pakosc-kalwaria.franciszkanie.net\/wp-content\/uploads\/2022\/02\/Oredzie-pap-Franciszka.jpg","contentUrl":"https:\/\/pakosc-kalwaria.franciszkanie.net\/wp-content\/uploads\/2022\/02\/Oredzie-pap-Franciszka.jpg","width":350,"height":222},{"@type":"WebPage","@id":"https:\/\/pakosc-kalwaria.franciszkanie.net\/index.php\/2022\/02\/08\/oredzie-papieza-franciszka-na-xxx-swiatowy-dzien-chorego-11-lutego\/#webpage","url":"https:\/\/pakosc-kalwaria.franciszkanie.net\/index.php\/2022\/02\/08\/oredzie-papieza-franciszka-na-xxx-swiatowy-dzien-chorego-11-lutego\/","name":"Or\u0119dzie papie\u017ca Franciszka na XXX \u015awiatowy Dzie\u0144 Chorego - 11 lutego - Pako\u015b\u0107 \u2013 Kalwaria","isPartOf":{"@id":"https:\/\/pakosc-kalwaria.franciszkanie.net\/#website"},"primaryImageOfPage":{"@id":"https:\/\/pakosc-kalwaria.franciszkanie.net\/index.php\/2022\/02\/08\/oredzie-papieza-franciszka-na-xxx-swiatowy-dzien-chorego-11-lutego\/#primaryimage"},"datePublished":"2022-02-08T06:30:32+00:00","dateModified":"2022-02-13T17:31:04+00:00","author":{"@id":"https:\/\/pakosc-kalwaria.franciszkanie.net\/#\/schema\/person\/af10b943be0760709227d060eadcb2aa"},"breadcrumb":{"@id":"https:\/\/pakosc-kalwaria.franciszkanie.net\/index.php\/2022\/02\/08\/oredzie-papieza-franciszka-na-xxx-swiatowy-dzien-chorego-11-lutego\/#breadcrumb"},"inLanguage":"pl-PL","potentialAction":[{"@type":"ReadAction","target":["https:\/\/pakosc-kalwaria.franciszkanie.net\/index.php\/2022\/02\/08\/oredzie-papieza-franciszka-na-xxx-swiatowy-dzien-chorego-11-lutego\/"]}]},{"@type":"BreadcrumbList","@id":"https:\/\/pakosc-kalwaria.franciszkanie.net\/index.php\/2022\/02\/08\/oredzie-papieza-franciszka-na-xxx-swiatowy-dzien-chorego-11-lutego\/#breadcrumb","itemListElement":[{"@type":"ListItem","position":1,"name":"Strona g\u0142\u00f3wna","item":"https:\/\/pakosc-kalwaria.franciszkanie.net\/"},{"@type":"ListItem","position":2,"name":"Or\u0119dzie papie\u017ca Franciszka na XXX \u015awiatowy Dzie\u0144 Chorego &#8211; 11 lutego"}]},{"@type":"Person","@id":"https:\/\/pakosc-kalwaria.franciszkanie.net\/#\/schema\/person\/af10b943be0760709227d060eadcb2aa","name":"pakosc-kalwaria","image":{"@type":"ImageObject","@id":"https:\/\/pakosc-kalwaria.franciszkanie.net\/#personlogo","inLanguage":"pl-PL","url":"https:\/\/secure.gravatar.com\/avatar\/e7049d338b55eac6a0027ff3218b8d02?s=96&d=mm&r=g","contentUrl":"https:\/\/secure.gravatar.com\/avatar\/e7049d338b55eac6a0027ff3218b8d02?s=96&d=mm&r=g","caption":"pakosc-kalwaria"},"sameAs":["https:\/\/www.facebook.com\/KalwariaPakosc\/"],"url":"https:\/\/pakosc-kalwaria.franciszkanie.net\/index.php\/author\/pakosc-kalwaria\/"}]}},"_links":{"self":[{"href":"https:\/\/pakosc-kalwaria.franciszkanie.net\/index.php\/wp-json\/wp\/v2\/posts\/21765"}],"collection":[{"href":"https:\/\/pakosc-kalwaria.franciszkanie.net\/index.php\/wp-json\/wp\/v2\/posts"}],"about":[{"href":"https:\/\/pakosc-kalwaria.franciszkanie.net\/index.php\/wp-json\/wp\/v2\/types\/post"}],"author":[{"embeddable":true,"href":"https:\/\/pakosc-kalwaria.franciszkanie.net\/index.php\/wp-json\/wp\/v2\/users\/2"}],"replies":[{"embeddable":true,"href":"https:\/\/pakosc-kalwaria.franciszkanie.net\/index.php\/wp-json\/wp\/v2\/comments?post=21765"}],"version-history":[{"count":1,"href":"https:\/\/pakosc-kalwaria.franciszkanie.net\/index.php\/wp-json\/wp\/v2\/posts\/21765\/revisions"}],"predecessor-version":[{"id":21767,"href":"https:\/\/pakosc-kalwaria.franciszkanie.net\/index.php\/wp-json\/wp\/v2\/posts\/21765\/revisions\/21767"}],"wp:featuredmedia":[{"embeddable":true,"href":"https:\/\/pakosc-kalwaria.franciszkanie.net\/index.php\/wp-json\/wp\/v2\/media\/21766"}],"wp:attachment":[{"href":"https:\/\/pakosc-kalwaria.franciszkanie.net\/index.php\/wp-json\/wp\/v2\/media?parent=21765"}],"wp:term":[{"taxonomy":"category","embeddable":true,"href":"https:\/\/pakosc-kalwaria.franciszkanie.net\/index.php\/wp-json\/wp\/v2\/categories?post=21765"},{"taxonomy":"post_tag","embeddable":true,"href":"https:\/\/pakosc-kalwaria.franciszkanie.net\/index.php\/wp-json\/wp\/v2\/tags?post=21765"}],"curies":[{"name":"wp","href":"https:\/\/api.w.org\/{rel}","templated":true}]}}