{"id":21885,"date":"2022-03-16T12:30:59","date_gmt":"2022-03-16T11:30:59","guid":{"rendered":"http:\/\/pakosc-kalwaria.franciszkanie.net\/?p=21885"},"modified":"2022-03-19T08:27:14","modified_gmt":"2022-03-19T07:27:14","slug":"sakra-bp-radoslawa-orchowicza-9-marca","status":"publish","type":"post","link":"https:\/\/pakosc-kalwaria.franciszkanie.net\/index.php\/2022\/03\/16\/sakra-bp-radoslawa-orchowicza-9-marca\/","title":{"rendered":"Sakra biskupa Rados\u0142awa Orchowicza &#8211; 19 marca"},"content":{"rendered":"<p><strong>Biskup nominat Rados\u0142aw Orchowicz przyjmie \u015bwi\u0119cenia biskupie w uroczysto\u015b\u0107 \u015bw. J\u00f3zefa Oblubie\u0144ca NMP, <span style=\"color: #ff0000;\">19 marca o 11.00 w bazylice prymasowskiej w Gnie\u017anie.<\/span> G\u0142\u00f3wnym konsekratorem b\u0119dzie Prymas Polski abp Wojciech Polak.\u00a0<\/strong><\/p>\n<p><strong>Ks. dr Rados\u0142aw Orchowicz zosta\u0142 mianowany biskupem pomocniczym archidiecezji gnie\u017anie\u0144skiej 26 stycznia 2022 roku.<\/strong> Dotychczas pe\u0142ni\u0142 obowi\u0105zki proboszcza w parafii pw. \u015bw. J\u00f3zefa Oblubie\u0144ca NMP w Inowroc\u0142awiu. Wcze\u015bniej by\u0142 diecezjalnym duszpasterzem m\u0142odzie\u017cy oraz pracowa\u0142 w Wydziale Katechetycznym Kurii Metropolitalnej w Gnie\u017anie. W latach 1994-1999 by\u0142 wikariuszem w parafii pw. \u015awi\u0119tej Tr\u00f3jcy w Strzelnie, a w latach 1999-2003 wikariuszem w parafii pw. \u015bw. Wawrzy\u0144ca w Gnie\u017anie. W latach 1998-2002 odby\u0142 studia specjalistyczne na Wydziale Teologicznym Uniwersytetu im. Adama Mickiewicza w Poznaniu w zakresie teologii patrystycznej. Ma 52 lata. Kap\u0142anem jest od 28 lat.<\/p>\n<p>B. Kruszyk KAI \/ archidiecezja.pl \/ BP KEP<\/p>\n<p>Fot. B. Kruszyk<\/p>\n","protected":false},"excerpt":{"rendered":"<p>Biskup nominat Rados\u0142aw Orchowicz przyjmie \u015bwi\u0119cenia biskupie w uroczysto\u015b\u0107 \u015bw. J\u00f3zefa Oblubie\u0144ca NMP, 19 marca o 11.00 w bazylice prymasowskiej w Gnie\u017anie. G\u0142\u00f3wnym konsekratorem b\u0119dzie Prymas Polski abp Wojciech Polak.\u00a0 Ks. dr Rados\u0142aw Orchowicz zosta\u0142 mianowany biskupem pomocniczym archidiecezji gnie\u017anie\u0144skiej 26 stycznia 2022 roku. Dotychczas pe\u0142ni\u0142 obowi\u0105zki proboszcza w parafii pw. \u015bw. J\u00f3zefa Oblubie\u0144ca NMP &hellip;<\/p>\n","protected":false},"author":2,"featured_media":21886,"comment_status":"closed","ping_status":"closed","sticky":false,"template":"","format":"standard","meta":{"_mi_skip_tracking":false,"_exactmetrics_sitenote_active":false,"_exactmetrics_sitenote_note":"","_exactmetrics_sitenote_category":0},"categories":[13],"tags":[],"yoast_head":"<!-- This site is optimized with the Yoast SEO plugin v18.1 - https:\/\/yoast.com\/wordpress\/plugins\/seo\/ -->\n<title>Sakra biskupa Rados\u0142awa Orchowicza - 19 marca - Pako\u015b\u0107 \u2013 Kalwaria<\/title>\n<meta name=\"robots\" content=\"index, follow, max-snippet:-1, max-image-preview:large, max-video-preview:-1\" \/>\n<link rel=\"canonical\" href=\"https:\/\/pakosc-kalwaria.franciszkanie.net\/index.php\/2022\/03\/16\/sakra-bp-radoslawa-orchowicza-9-marca\/\" \/>\n<meta property=\"og:locale\" content=\"pl_PL\" \/>\n<meta property=\"og:type\" content=\"article\" \/>\n<meta property=\"og:title\" content=\"Sakra biskupa Rados\u0142awa Orchowicza - 19 marca - Pako\u015b\u0107 \u2013 Kalwaria\" \/>\n<meta property=\"og:description\" content=\"Biskup nominat Rados\u0142aw Orchowicz przyjmie \u015bwi\u0119cenia biskupie w uroczysto\u015b\u0107 \u015bw. J\u00f3zefa Oblubie\u0144ca NMP, 19 marca o 11.00 w bazylice prymasowskiej w Gnie\u017anie. G\u0142\u00f3wnym konsekratorem b\u0119dzie Prymas Polski abp Wojciech Polak.\u00a0 Ks. dr Rados\u0142aw Orchowicz zosta\u0142 mianowany biskupem pomocniczym archidiecezji gnie\u017anie\u0144skiej 26 stycznia 2022 roku. Dotychczas pe\u0142ni\u0142 obowi\u0105zki proboszcza w parafii pw. \u015bw. J\u00f3zefa Oblubie\u0144ca NMP &hellip;\" \/>\n<meta property=\"og:url\" content=\"https:\/\/pakosc-kalwaria.franciszkanie.net\/index.php\/2022\/03\/16\/sakra-bp-radoslawa-orchowicza-9-marca\/\" \/>\n<meta property=\"og:site_name\" content=\"Pako\u015b\u0107 \u2013 Kalwaria\" \/>\n<meta property=\"article:author\" content=\"https:\/\/www.facebook.com\/KalwariaPakosc\/\" \/>\n<meta property=\"article:published_time\" content=\"2022-03-16T11:30:59+00:00\" \/>\n<meta property=\"article:modified_time\" content=\"2022-03-19T07:27:14+00:00\" \/>\n<meta property=\"og:image\" content=\"https:\/\/pakosc-kalwaria.franciszkanie.net\/wp-content\/uploads\/2022\/02\/Bez-nazwy-4-2-750x431-324x235-1.jpg\" \/>\n\t<meta property=\"og:image:width\" content=\"324\" \/>\n\t<meta property=\"og:image:height\" content=\"235\" \/>\n\t<meta property=\"og:image:type\" content=\"image\/jpeg\" \/>\n<meta name=\"twitter:card\" content=\"summary\" \/>\n<meta name=\"twitter:label1\" content=\"Napisane przez\" \/>\n\t<meta name=\"twitter:data1\" content=\"pakosc-kalwaria\" \/>\n\t<meta name=\"twitter:label2\" content=\"Szacowany czas czytania\" \/>\n\t<meta name=\"twitter:data2\" content=\"1 minuta\" \/>\n<script type=\"application\/ld+json\" class=\"yoast-schema-graph\">{\"@context\":\"https:\/\/schema.org\",\"@graph\":[{\"@type\":\"WebSite\",\"@id\":\"https:\/\/pakosc-kalwaria.franciszkanie.net\/#website\",\"url\":\"https:\/\/pakosc-kalwaria.franciszkanie.net\/\",\"name\":\"Pako\u015b\u0107 \u2013 Kalwaria\",\"description\":\"Parafia Rzymsko \u2013 Katolicka p.w. Pana Jezusa Ukrzy\u017cowanego i  Matki Bo\u017cej Bolesnej ul. Barci\u0144ska 60, 88\u2013170 Pako\u015b\u0107 \u2013 Kalwaria\",\"potentialAction\":[{\"@type\":\"SearchAction\",\"target\":{\"@type\":\"EntryPoint\",\"urlTemplate\":\"https:\/\/pakosc-kalwaria.franciszkanie.net\/?s={search_term_string}\"},\"query-input\":\"required name=search_term_string\"}],\"inLanguage\":\"pl-PL\"},{\"@type\":\"ImageObject\",\"@id\":\"https:\/\/pakosc-kalwaria.franciszkanie.net\/index.php\/2022\/03\/16\/sakra-bp-radoslawa-orchowicza-9-marca\/#primaryimage\",\"inLanguage\":\"pl-PL\",\"url\":\"https:\/\/pakosc-kalwaria.franciszkanie.net\/wp-content\/uploads\/2022\/02\/Bez-nazwy-4-2-750x431-324x235-1.jpg\",\"contentUrl\":\"https:\/\/pakosc-kalwaria.franciszkanie.net\/wp-content\/uploads\/2022\/02\/Bez-nazwy-4-2-750x431-324x235-1.jpg\",\"width\":324,\"height\":235},{\"@type\":\"WebPage\",\"@id\":\"https:\/\/pakosc-kalwaria.franciszkanie.net\/index.php\/2022\/03\/16\/sakra-bp-radoslawa-orchowicza-9-marca\/#webpage\",\"url\":\"https:\/\/pakosc-kalwaria.franciszkanie.net\/index.php\/2022\/03\/16\/sakra-bp-radoslawa-orchowicza-9-marca\/\",\"name\":\"Sakra biskupa Rados\u0142awa Orchowicza - 19 marca - Pako\u015b\u0107 \u2013 Kalwaria\",\"isPartOf\":{\"@id\":\"https:\/\/pakosc-kalwaria.franciszkanie.net\/#website\"},\"primaryImageOfPage\":{\"@id\":\"https:\/\/pakosc-kalwaria.franciszkanie.net\/index.php\/2022\/03\/16\/sakra-bp-radoslawa-orchowicza-9-marca\/#primaryimage\"},\"datePublished\":\"2022-03-16T11:30:59+00:00\",\"dateModified\":\"2022-03-19T07:27:14+00:00\",\"author\":{\"@id\":\"https:\/\/pakosc-kalwaria.franciszkanie.net\/#\/schema\/person\/af10b943be0760709227d060eadcb2aa\"},\"breadcrumb\":{\"@id\":\"https:\/\/pakosc-kalwaria.franciszkanie.net\/index.php\/2022\/03\/16\/sakra-bp-radoslawa-orchowicza-9-marca\/#breadcrumb\"},\"inLanguage\":\"pl-PL\",\"potentialAction\":[{\"@type\":\"ReadAction\",\"target\":[\"https:\/\/pakosc-kalwaria.franciszkanie.net\/index.php\/2022\/03\/16\/sakra-bp-radoslawa-orchowicza-9-marca\/\"]}]},{\"@type\":\"BreadcrumbList\",\"@id\":\"https:\/\/pakosc-kalwaria.franciszkanie.net\/index.php\/2022\/03\/16\/sakra-bp-radoslawa-orchowicza-9-marca\/#breadcrumb\",\"itemListElement\":[{\"@type\":\"ListItem\",\"position\":1,\"name\":\"Strona g\u0142\u00f3wna\",\"item\":\"https:\/\/pakosc-kalwaria.franciszkanie.net\/\"},{\"@type\":\"ListItem\",\"position\":2,\"name\":\"Sakra biskupa Rados\u0142awa Orchowicza &#8211; 19 marca\"}]},{\"@type\":\"Person\",\"@id\":\"https:\/\/pakosc-kalwaria.franciszkanie.net\/#\/schema\/person\/af10b943be0760709227d060eadcb2aa\",\"name\":\"pakosc-kalwaria\",\"image\":{\"@type\":\"ImageObject\",\"@id\":\"https:\/\/pakosc-kalwaria.franciszkanie.net\/#personlogo\",\"inLanguage\":\"pl-PL\",\"url\":\"https:\/\/secure.gravatar.com\/avatar\/e7049d338b55eac6a0027ff3218b8d02?s=96&d=mm&r=g\",\"contentUrl\":\"https:\/\/secure.gravatar.com\/avatar\/e7049d338b55eac6a0027ff3218b8d02?s=96&d=mm&r=g\",\"caption\":\"pakosc-kalwaria\"},\"sameAs\":[\"https:\/\/www.facebook.com\/KalwariaPakosc\/\"],\"url\":\"https:\/\/pakosc-kalwaria.franciszkanie.net\/index.php\/author\/pakosc-kalwaria\/\"}]}<\/script>\n<!-- \/ Yoast SEO plugin. -->","yoast_head_json":{"title":"Sakra biskupa Rados\u0142awa Orchowicza - 19 marca - Pako\u015b\u0107 \u2013 Kalwaria","robots":{"index":"index","follow":"follow","max-snippet":"max-snippet:-1","max-image-preview":"max-image-preview:large","max-video-preview":"max-video-preview:-1"},"canonical":"https:\/\/pakosc-kalwaria.franciszkanie.net\/index.php\/2022\/03\/16\/sakra-bp-radoslawa-orchowicza-9-marca\/","og_locale":"pl_PL","og_type":"article","og_title":"Sakra biskupa Rados\u0142awa Orchowicza - 19 marca - Pako\u015b\u0107 \u2013 Kalwaria","og_description":"Biskup nominat Rados\u0142aw Orchowicz przyjmie \u015bwi\u0119cenia biskupie w uroczysto\u015b\u0107 \u015bw. J\u00f3zefa Oblubie\u0144ca NMP, 19 marca o 11.00 w bazylice prymasowskiej w Gnie\u017anie. G\u0142\u00f3wnym konsekratorem b\u0119dzie Prymas Polski abp Wojciech Polak.\u00a0 Ks. dr Rados\u0142aw Orchowicz zosta\u0142 mianowany biskupem pomocniczym archidiecezji gnie\u017anie\u0144skiej 26 stycznia 2022 roku. Dotychczas pe\u0142ni\u0142 obowi\u0105zki proboszcza w parafii pw. \u015bw. J\u00f3zefa Oblubie\u0144ca NMP &hellip;","og_url":"https:\/\/pakosc-kalwaria.franciszkanie.net\/index.php\/2022\/03\/16\/sakra-bp-radoslawa-orchowicza-9-marca\/","og_site_name":"Pako\u015b\u0107 \u2013 Kalwaria","article_author":"https:\/\/www.facebook.com\/KalwariaPakosc\/","article_published_time":"2022-03-16T11:30:59+00:00","article_modified_time":"2022-03-19T07:27:14+00:00","og_image":[{"width":324,"height":235,"url":"https:\/\/pakosc-kalwaria.franciszkanie.net\/wp-content\/uploads\/2022\/02\/Bez-nazwy-4-2-750x431-324x235-1.jpg","type":"image\/jpeg"}],"twitter_card":"summary","twitter_misc":{"Napisane przez":"pakosc-kalwaria","Szacowany czas czytania":"1 minuta"},"schema":{"@context":"https:\/\/schema.org","@graph":[{"@type":"WebSite","@id":"https:\/\/pakosc-kalwaria.franciszkanie.net\/#website","url":"https:\/\/pakosc-kalwaria.franciszkanie.net\/","name":"Pako\u015b\u0107 \u2013 Kalwaria","description":"Parafia Rzymsko \u2013 Katolicka p.w. Pana Jezusa Ukrzy\u017cowanego i  Matki Bo\u017cej Bolesnej ul. Barci\u0144ska 60, 88\u2013170 Pako\u015b\u0107 \u2013 Kalwaria","potentialAction":[{"@type":"SearchAction","target":{"@type":"EntryPoint","urlTemplate":"https:\/\/pakosc-kalwaria.franciszkanie.net\/?s={search_term_string}"},"query-input":"required name=search_term_string"}],"inLanguage":"pl-PL"},{"@type":"ImageObject","@id":"https:\/\/pakosc-kalwaria.franciszkanie.net\/index.php\/2022\/03\/16\/sakra-bp-radoslawa-orchowicza-9-marca\/#primaryimage","inLanguage":"pl-PL","url":"https:\/\/pakosc-kalwaria.franciszkanie.net\/wp-content\/uploads\/2022\/02\/Bez-nazwy-4-2-750x431-324x235-1.jpg","contentUrl":"https:\/\/pakosc-kalwaria.franciszkanie.net\/wp-content\/uploads\/2022\/02\/Bez-nazwy-4-2-750x431-324x235-1.jpg","width":324,"height":235},{"@type":"WebPage","@id":"https:\/\/pakosc-kalwaria.franciszkanie.net\/index.php\/2022\/03\/16\/sakra-bp-radoslawa-orchowicza-9-marca\/#webpage","url":"https:\/\/pakosc-kalwaria.franciszkanie.net\/index.php\/2022\/03\/16\/sakra-bp-radoslawa-orchowicza-9-marca\/","name":"Sakra biskupa Rados\u0142awa Orchowicza - 19 marca - Pako\u015b\u0107 \u2013 Kalwaria","isPartOf":{"@id":"https:\/\/pakosc-kalwaria.franciszkanie.net\/#website"},"primaryImageOfPage":{"@id":"https:\/\/pakosc-kalwaria.franciszkanie.net\/index.php\/2022\/03\/16\/sakra-bp-radoslawa-orchowicza-9-marca\/#primaryimage"},"datePublished":"2022-03-16T11:30:59+00:00","dateModified":"2022-03-19T07:27:14+00:00","author":{"@id":"https:\/\/pakosc-kalwaria.franciszkanie.net\/#\/schema\/person\/af10b943be0760709227d060eadcb2aa"},"breadcrumb":{"@id":"https:\/\/pakosc-kalwaria.franciszkanie.net\/index.php\/2022\/03\/16\/sakra-bp-radoslawa-orchowicza-9-marca\/#breadcrumb"},"inLanguage":"pl-PL","potentialAction":[{"@type":"ReadAction","target":["https:\/\/pakosc-kalwaria.franciszkanie.net\/index.php\/2022\/03\/16\/sakra-bp-radoslawa-orchowicza-9-marca\/"]}]},{"@type":"BreadcrumbList","@id":"https:\/\/pakosc-kalwaria.franciszkanie.net\/index.php\/2022\/03\/16\/sakra-bp-radoslawa-orchowicza-9-marca\/#breadcrumb","itemListElement":[{"@type":"ListItem","position":1,"name":"Strona g\u0142\u00f3wna","item":"https:\/\/pakosc-kalwaria.franciszkanie.net\/"},{"@type":"ListItem","position":2,"name":"Sakra biskupa Rados\u0142awa Orchowicza &#8211; 19 marca"}]},{"@type":"Person","@id":"https:\/\/pakosc-kalwaria.franciszkanie.net\/#\/schema\/person\/af10b943be0760709227d060eadcb2aa","name":"pakosc-kalwaria","image":{"@type":"ImageObject","@id":"https:\/\/pakosc-kalwaria.franciszkanie.net\/#personlogo","inLanguage":"pl-PL","url":"https:\/\/secure.gravatar.com\/avatar\/e7049d338b55eac6a0027ff3218b8d02?s=96&d=mm&r=g","contentUrl":"https:\/\/secure.gravatar.com\/avatar\/e7049d338b55eac6a0027ff3218b8d02?s=96&d=mm&r=g","caption":"pakosc-kalwaria"},"sameAs":["https:\/\/www.facebook.com\/KalwariaPakosc\/"],"url":"https:\/\/pakosc-kalwaria.franciszkanie.net\/index.php\/author\/pakosc-kalwaria\/"}]}},"_links":{"self":[{"href":"https:\/\/pakosc-kalwaria.franciszkanie.net\/index.php\/wp-json\/wp\/v2\/posts\/21885"}],"collection":[{"href":"https:\/\/pakosc-kalwaria.franciszkanie.net\/index.php\/wp-json\/wp\/v2\/posts"}],"about":[{"href":"https:\/\/pakosc-kalwaria.franciszkanie.net\/index.php\/wp-json\/wp\/v2\/types\/post"}],"author":[{"embeddable":true,"href":"https:\/\/pakosc-kalwaria.franciszkanie.net\/index.php\/wp-json\/wp\/v2\/users\/2"}],"replies":[{"embeddable":true,"href":"https:\/\/pakosc-kalwaria.franciszkanie.net\/index.php\/wp-json\/wp\/v2\/comments?post=21885"}],"version-history":[{"count":5,"href":"https:\/\/pakosc-kalwaria.franciszkanie.net\/index.php\/wp-json\/wp\/v2\/posts\/21885\/revisions"}],"predecessor-version":[{"id":22249,"href":"https:\/\/pakosc-kalwaria.franciszkanie.net\/index.php\/wp-json\/wp\/v2\/posts\/21885\/revisions\/22249"}],"wp:featuredmedia":[{"embeddable":true,"href":"https:\/\/pakosc-kalwaria.franciszkanie.net\/index.php\/wp-json\/wp\/v2\/media\/21886"}],"wp:attachment":[{"href":"https:\/\/pakosc-kalwaria.franciszkanie.net\/index.php\/wp-json\/wp\/v2\/media?parent=21885"}],"wp:term":[{"taxonomy":"category","embeddable":true,"href":"https:\/\/pakosc-kalwaria.franciszkanie.net\/index.php\/wp-json\/wp\/v2\/categories?post=21885"},{"taxonomy":"post_tag","embeddable":true,"href":"https:\/\/pakosc-kalwaria.franciszkanie.net\/index.php\/wp-json\/wp\/v2\/tags?post=21885"}],"curies":[{"name":"wp","href":"https:\/\/api.w.org\/{rel}","templated":true}]}}