{"id":21893,"date":"2022-03-01T09:30:16","date_gmt":"2022-03-01T08:30:16","guid":{"rendered":"http:\/\/pakosc-kalwaria.franciszkanie.net\/?p=21893"},"modified":"2022-03-05T16:17:30","modified_gmt":"2022-03-05T15:17:30","slug":"wielkopostne-dni-skupienia-2-4-marca-2022r","status":"publish","type":"post","link":"https:\/\/pakosc-kalwaria.franciszkanie.net\/index.php\/2022\/03\/01\/wielkopostne-dni-skupienia-2-4-marca-2022r\/","title":{"rendered":"Wielkopostne Dni Skupienia 2 \u2013 4 marca 2022r. na kalwaryjskim Wzg\u00f3rzu"},"content":{"rendered":"<p><strong><em><span style=\"color: #ff0000;\">Wielki Post czasem odnowy wiary, nadziei i mi\u0142o\u015bci<\/span><br \/>\n<\/em><\/strong><strong><span style=\"color: #800080;\">Wielkopostne Dni Skupienia \u00a0\u00a0\u00a0\u00a0\u00a0 <\/span><br \/>\n<span style=\"color: #800080;\">Pako\u015b\u0107 Kalwaria <span style=\"color: #ff0000;\">2 \u2013 4 marca 2022r. \u00a0<\/span>\u00a0<\/span><br \/>\n<\/strong><br \/>\n<span style=\"color: #800080;\"><strong><u>\u015aroda Popielcowa \u2013 2 marca 2022r.<\/u><\/strong> <\/span><strong><br \/>\n<\/strong>\u00a0 <strong>9.30<\/strong> <strong>\u2013 Spowied\u017a \u015bwi\u0119ta<\/strong><br \/>\n<strong><span style=\"color: #ff0000;\">10.00<\/span> <span style=\"color: #ff0000;\">\u2013 Msza \u015bwi\u0119ta z nauk\u0105<\/span><\/strong><span style=\"color: #ff0000;\"> \u00a0\u00a0\u00a0\u00a0<\/span><\/p>\n<p><strong>16.30<\/strong> <strong>\u2013 Spowied\u017a \u015bwi\u0119ta\u00a0\u00a0<\/strong><br \/>\n<strong><span style=\"color: #ff0000;\">17.00<\/span> <span style=\"color: #ff0000;\">\u2013 Msza \u015bwi\u0119ta z nauk\u0105<\/span><\/strong><span style=\"color: #ff0000;\"> \u00a0\u00a0<\/span><\/p>\n<p><span style=\"color: #800080;\"><strong><u>Pierwszy Czwartek Miesi\u0105ca \u2013 3 marca 2022r.<\/u><\/strong> <\/span><strong><span style=\"color: #800080;\">\u00a0<\/span>\u00a0\u00a0\u00a0\u00a0\u00a0\u00a0 <\/strong><br \/>\n<strong>9.30<\/strong> <strong>\u2013 Spowied\u017a \u015bwi\u0119ta<\/strong><br \/>\n<strong><span style=\"color: #ff0000;\">10.00<\/span> <span style=\"color: #ff0000;\">\u2013 Msza \u015bwi\u0119ta z nauk\u0105<\/span><\/strong><span style=\"color: #ff0000;\"> \u00a0<\/span><\/p>\n<p><strong>16.30<\/strong> <strong>\u2013 Spowied\u017a \u015bwi\u0119ta\u00a0\u00a0<\/strong><br \/>\n<strong><span style=\"color: #ff0000;\">17.00<\/span> <span style=\"color: #ff0000;\">\u2013 Msza \u015bwi\u0119ta z nauk\u0105<\/span><\/strong><\/p>\n<p><span style=\"color: #ff0000;\"><strong>19.00 \u2013 20.00 Adoracja<\/strong> <strong>Naj\u015bwi\u0119tszego Sakramentu<\/strong>.<\/span> <strong>B\u0142ogos\u0142awie\u0144stwo Ma\u0142\u017ce\u0144stw i Rodzin<\/strong>. <strong>Okazja do Spowiedzi \u015bwi\u0119tej<br \/>\n<\/strong><br \/>\n<span style=\"color: #800080;\"><strong><u>Pierwszy Pi\u0105tek Miesi\u0105ca \u2013 4 marca 2022r.<\/u><\/strong> <\/span><strong><span style=\"color: #800080;\">\u00a0\u00a0\u00a0<\/span><br \/>\n<\/strong><strong>\u00a0 9.00<\/strong> <strong>\u2013 Droga Krzy\u017cowa na Kalwarii \u00a0 <\/strong><br \/>\n<strong>10.15<\/strong> <strong>\u2013 Spowied\u017a \u015bwi\u0119ta<\/strong><br \/>\n<span style=\"color: #ff0000;\"><strong>10.15 \u2013 Msza \u015bwi\u0119ta z nauk\u0105<\/strong> <\/span><\/p>\n<p><strong>16.30<\/strong> <strong>\u2013 Droga Krzy\u017cowa na Kalwarii\u00a0\u00a0<\/strong><br \/>\n<strong><span style=\"color: #ff0000;\">17.00 &#8211; Droga Krzy\u017cowa w ko\u015bciele\u00a0<\/span>\u00a0 <\/strong><br \/>\n<strong>17.30<\/strong> <strong>\u2013 Spowied\u017a \u015bwi\u0119ta\u00a0<\/strong><br \/>\n<span style=\"color: #ff0000;\"><strong>17.30 \u2013 Msza \u015bwi\u0119ta z nauk\u0105<\/strong> \u00a0<\/span><\/p>\n<p><strong>Niech Wielkopostne Dni Skupienia b\u0119d\u0105 tak\u017ce okazj\u0105 do osobistej i rodzinnej modlitwy oraz do medytacji S\u0142owa Bo\u017cego w naszych domach i Rodzinach.<\/strong><\/p>\n<p><strong>Zapraszaj\u0105 Franciszkanie z Pako\u015bci \u2013 Kalwarii<\/strong><\/p>\n","protected":false},"excerpt":{"rendered":"<p>Wielki Post czasem odnowy wiary, nadziei i mi\u0142o\u015bci Wielkopostne Dni Skupienia \u00a0\u00a0\u00a0\u00a0\u00a0 Pako\u015b\u0107 Kalwaria 2 \u2013 4 marca 2022r. \u00a0\u00a0 \u015aroda Popielcowa \u2013 2 marca 2022r. \u00a0 9.30 \u2013 Spowied\u017a \u015bwi\u0119ta 10.00 \u2013 Msza \u015bwi\u0119ta z nauk\u0105 \u00a0\u00a0\u00a0\u00a0 16.30 \u2013 Spowied\u017a \u015bwi\u0119ta\u00a0\u00a0 17.00 \u2013 Msza \u015bwi\u0119ta z nauk\u0105 \u00a0\u00a0 Pierwszy Czwartek Miesi\u0105ca \u2013 3 marca &hellip;<\/p>\n","protected":false},"author":2,"featured_media":21894,"comment_status":"closed","ping_status":"closed","sticky":false,"template":"","format":"standard","meta":{"_mi_skip_tracking":false,"_exactmetrics_sitenote_active":false,"_exactmetrics_sitenote_note":"","_exactmetrics_sitenote_category":0},"categories":[13,14],"tags":[],"yoast_head":"<!-- This site is optimized with the Yoast SEO plugin v18.1 - https:\/\/yoast.com\/wordpress\/plugins\/seo\/ -->\n<title>Wielkopostne Dni Skupienia 2 \u2013 4 marca 2022r. na kalwaryjskim Wzg\u00f3rzu - Pako\u015b\u0107 \u2013 Kalwaria<\/title>\n<meta name=\"robots\" content=\"index, follow, max-snippet:-1, max-image-preview:large, max-video-preview:-1\" \/>\n<link rel=\"canonical\" href=\"https:\/\/pakosc-kalwaria.franciszkanie.net\/index.php\/2022\/03\/01\/wielkopostne-dni-skupienia-2-4-marca-2022r\/\" \/>\n<meta property=\"og:locale\" content=\"pl_PL\" \/>\n<meta property=\"og:type\" content=\"article\" \/>\n<meta property=\"og:title\" content=\"Wielkopostne Dni Skupienia 2 \u2013 4 marca 2022r. na kalwaryjskim Wzg\u00f3rzu - Pako\u015b\u0107 \u2013 Kalwaria\" \/>\n<meta property=\"og:description\" content=\"Wielki Post czasem odnowy wiary, nadziei i mi\u0142o\u015bci Wielkopostne Dni Skupienia \u00a0\u00a0\u00a0\u00a0\u00a0 Pako\u015b\u0107 Kalwaria 2 \u2013 4 marca 2022r. \u00a0\u00a0 \u015aroda Popielcowa \u2013 2 marca 2022r. \u00a0 9.30 \u2013 Spowied\u017a \u015bwi\u0119ta 10.00 \u2013 Msza \u015bwi\u0119ta z nauk\u0105 \u00a0\u00a0\u00a0\u00a0 16.30 \u2013 Spowied\u017a \u015bwi\u0119ta\u00a0\u00a0 17.00 \u2013 Msza \u015bwi\u0119ta z nauk\u0105 \u00a0\u00a0 Pierwszy Czwartek Miesi\u0105ca \u2013 3 marca &hellip;\" \/>\n<meta property=\"og:url\" content=\"https:\/\/pakosc-kalwaria.franciszkanie.net\/index.php\/2022\/03\/01\/wielkopostne-dni-skupienia-2-4-marca-2022r\/\" \/>\n<meta property=\"og:site_name\" content=\"Pako\u015b\u0107 \u2013 Kalwaria\" \/>\n<meta property=\"article:author\" content=\"https:\/\/www.facebook.com\/KalwariaPakosc\/\" \/>\n<meta property=\"article:published_time\" content=\"2022-03-01T08:30:16+00:00\" \/>\n<meta property=\"article:modified_time\" content=\"2022-03-05T15:17:30+00:00\" \/>\n<meta property=\"og:image\" content=\"https:\/\/pakosc-kalwaria.franciszkanie.net\/wp-content\/uploads\/2022\/02\/1-2.jpg\" \/>\n\t<meta property=\"og:image:width\" content=\"400\" \/>\n\t<meta property=\"og:image:height\" content=\"225\" \/>\n\t<meta property=\"og:image:type\" content=\"image\/jpeg\" \/>\n<meta name=\"twitter:card\" content=\"summary\" \/>\n<meta name=\"twitter:label1\" content=\"Napisane przez\" \/>\n\t<meta name=\"twitter:data1\" content=\"pakosc-kalwaria\" \/>\n\t<meta name=\"twitter:label2\" content=\"Szacowany czas czytania\" \/>\n\t<meta name=\"twitter:data2\" content=\"1 minuta\" \/>\n<script type=\"application\/ld+json\" class=\"yoast-schema-graph\">{\"@context\":\"https:\/\/schema.org\",\"@graph\":[{\"@type\":\"WebSite\",\"@id\":\"https:\/\/pakosc-kalwaria.franciszkanie.net\/#website\",\"url\":\"https:\/\/pakosc-kalwaria.franciszkanie.net\/\",\"name\":\"Pako\u015b\u0107 \u2013 Kalwaria\",\"description\":\"Parafia Rzymsko \u2013 Katolicka p.w. Pana Jezusa Ukrzy\u017cowanego i  Matki Bo\u017cej Bolesnej ul. Barci\u0144ska 60, 88\u2013170 Pako\u015b\u0107 \u2013 Kalwaria\",\"potentialAction\":[{\"@type\":\"SearchAction\",\"target\":{\"@type\":\"EntryPoint\",\"urlTemplate\":\"https:\/\/pakosc-kalwaria.franciszkanie.net\/?s={search_term_string}\"},\"query-input\":\"required name=search_term_string\"}],\"inLanguage\":\"pl-PL\"},{\"@type\":\"ImageObject\",\"@id\":\"https:\/\/pakosc-kalwaria.franciszkanie.net\/index.php\/2022\/03\/01\/wielkopostne-dni-skupienia-2-4-marca-2022r\/#primaryimage\",\"inLanguage\":\"pl-PL\",\"url\":\"https:\/\/pakosc-kalwaria.franciszkanie.net\/wp-content\/uploads\/2022\/02\/1-2.jpg\",\"contentUrl\":\"https:\/\/pakosc-kalwaria.franciszkanie.net\/wp-content\/uploads\/2022\/02\/1-2.jpg\",\"width\":400,\"height\":225},{\"@type\":\"WebPage\",\"@id\":\"https:\/\/pakosc-kalwaria.franciszkanie.net\/index.php\/2022\/03\/01\/wielkopostne-dni-skupienia-2-4-marca-2022r\/#webpage\",\"url\":\"https:\/\/pakosc-kalwaria.franciszkanie.net\/index.php\/2022\/03\/01\/wielkopostne-dni-skupienia-2-4-marca-2022r\/\",\"name\":\"Wielkopostne Dni Skupienia 2 \u2013 4 marca 2022r. na kalwaryjskim Wzg\u00f3rzu - Pako\u015b\u0107 \u2013 Kalwaria\",\"isPartOf\":{\"@id\":\"https:\/\/pakosc-kalwaria.franciszkanie.net\/#website\"},\"primaryImageOfPage\":{\"@id\":\"https:\/\/pakosc-kalwaria.franciszkanie.net\/index.php\/2022\/03\/01\/wielkopostne-dni-skupienia-2-4-marca-2022r\/#primaryimage\"},\"datePublished\":\"2022-03-01T08:30:16+00:00\",\"dateModified\":\"2022-03-05T15:17:30+00:00\",\"author\":{\"@id\":\"https:\/\/pakosc-kalwaria.franciszkanie.net\/#\/schema\/person\/af10b943be0760709227d060eadcb2aa\"},\"breadcrumb\":{\"@id\":\"https:\/\/pakosc-kalwaria.franciszkanie.net\/index.php\/2022\/03\/01\/wielkopostne-dni-skupienia-2-4-marca-2022r\/#breadcrumb\"},\"inLanguage\":\"pl-PL\",\"potentialAction\":[{\"@type\":\"ReadAction\",\"target\":[\"https:\/\/pakosc-kalwaria.franciszkanie.net\/index.php\/2022\/03\/01\/wielkopostne-dni-skupienia-2-4-marca-2022r\/\"]}]},{\"@type\":\"BreadcrumbList\",\"@id\":\"https:\/\/pakosc-kalwaria.franciszkanie.net\/index.php\/2022\/03\/01\/wielkopostne-dni-skupienia-2-4-marca-2022r\/#breadcrumb\",\"itemListElement\":[{\"@type\":\"ListItem\",\"position\":1,\"name\":\"Strona g\u0142\u00f3wna\",\"item\":\"https:\/\/pakosc-kalwaria.franciszkanie.net\/\"},{\"@type\":\"ListItem\",\"position\":2,\"name\":\"Wielkopostne Dni Skupienia 2 \u2013 4 marca 2022r. na kalwaryjskim Wzg\u00f3rzu\"}]},{\"@type\":\"Person\",\"@id\":\"https:\/\/pakosc-kalwaria.franciszkanie.net\/#\/schema\/person\/af10b943be0760709227d060eadcb2aa\",\"name\":\"pakosc-kalwaria\",\"image\":{\"@type\":\"ImageObject\",\"@id\":\"https:\/\/pakosc-kalwaria.franciszkanie.net\/#personlogo\",\"inLanguage\":\"pl-PL\",\"url\":\"https:\/\/secure.gravatar.com\/avatar\/e7049d338b55eac6a0027ff3218b8d02?s=96&d=mm&r=g\",\"contentUrl\":\"https:\/\/secure.gravatar.com\/avatar\/e7049d338b55eac6a0027ff3218b8d02?s=96&d=mm&r=g\",\"caption\":\"pakosc-kalwaria\"},\"sameAs\":[\"https:\/\/www.facebook.com\/KalwariaPakosc\/\"],\"url\":\"https:\/\/pakosc-kalwaria.franciszkanie.net\/index.php\/author\/pakosc-kalwaria\/\"}]}<\/script>\n<!-- \/ Yoast SEO plugin. -->","yoast_head_json":{"title":"Wielkopostne Dni Skupienia 2 \u2013 4 marca 2022r. na kalwaryjskim Wzg\u00f3rzu - Pako\u015b\u0107 \u2013 Kalwaria","robots":{"index":"index","follow":"follow","max-snippet":"max-snippet:-1","max-image-preview":"max-image-preview:large","max-video-preview":"max-video-preview:-1"},"canonical":"https:\/\/pakosc-kalwaria.franciszkanie.net\/index.php\/2022\/03\/01\/wielkopostne-dni-skupienia-2-4-marca-2022r\/","og_locale":"pl_PL","og_type":"article","og_title":"Wielkopostne Dni Skupienia 2 \u2013 4 marca 2022r. na kalwaryjskim Wzg\u00f3rzu - Pako\u015b\u0107 \u2013 Kalwaria","og_description":"Wielki Post czasem odnowy wiary, nadziei i mi\u0142o\u015bci Wielkopostne Dni Skupienia \u00a0\u00a0\u00a0\u00a0\u00a0 Pako\u015b\u0107 Kalwaria 2 \u2013 4 marca 2022r. \u00a0\u00a0 \u015aroda Popielcowa \u2013 2 marca 2022r. \u00a0 9.30 \u2013 Spowied\u017a \u015bwi\u0119ta 10.00 \u2013 Msza \u015bwi\u0119ta z nauk\u0105 \u00a0\u00a0\u00a0\u00a0 16.30 \u2013 Spowied\u017a \u015bwi\u0119ta\u00a0\u00a0 17.00 \u2013 Msza \u015bwi\u0119ta z nauk\u0105 \u00a0\u00a0 Pierwszy Czwartek Miesi\u0105ca \u2013 3 marca &hellip;","og_url":"https:\/\/pakosc-kalwaria.franciszkanie.net\/index.php\/2022\/03\/01\/wielkopostne-dni-skupienia-2-4-marca-2022r\/","og_site_name":"Pako\u015b\u0107 \u2013 Kalwaria","article_author":"https:\/\/www.facebook.com\/KalwariaPakosc\/","article_published_time":"2022-03-01T08:30:16+00:00","article_modified_time":"2022-03-05T15:17:30+00:00","og_image":[{"width":400,"height":225,"url":"https:\/\/pakosc-kalwaria.franciszkanie.net\/wp-content\/uploads\/2022\/02\/1-2.jpg","type":"image\/jpeg"}],"twitter_card":"summary","twitter_misc":{"Napisane przez":"pakosc-kalwaria","Szacowany czas czytania":"1 minuta"},"schema":{"@context":"https:\/\/schema.org","@graph":[{"@type":"WebSite","@id":"https:\/\/pakosc-kalwaria.franciszkanie.net\/#website","url":"https:\/\/pakosc-kalwaria.franciszkanie.net\/","name":"Pako\u015b\u0107 \u2013 Kalwaria","description":"Parafia Rzymsko \u2013 Katolicka p.w. Pana Jezusa Ukrzy\u017cowanego i  Matki Bo\u017cej Bolesnej ul. Barci\u0144ska 60, 88\u2013170 Pako\u015b\u0107 \u2013 Kalwaria","potentialAction":[{"@type":"SearchAction","target":{"@type":"EntryPoint","urlTemplate":"https:\/\/pakosc-kalwaria.franciszkanie.net\/?s={search_term_string}"},"query-input":"required name=search_term_string"}],"inLanguage":"pl-PL"},{"@type":"ImageObject","@id":"https:\/\/pakosc-kalwaria.franciszkanie.net\/index.php\/2022\/03\/01\/wielkopostne-dni-skupienia-2-4-marca-2022r\/#primaryimage","inLanguage":"pl-PL","url":"https:\/\/pakosc-kalwaria.franciszkanie.net\/wp-content\/uploads\/2022\/02\/1-2.jpg","contentUrl":"https:\/\/pakosc-kalwaria.franciszkanie.net\/wp-content\/uploads\/2022\/02\/1-2.jpg","width":400,"height":225},{"@type":"WebPage","@id":"https:\/\/pakosc-kalwaria.franciszkanie.net\/index.php\/2022\/03\/01\/wielkopostne-dni-skupienia-2-4-marca-2022r\/#webpage","url":"https:\/\/pakosc-kalwaria.franciszkanie.net\/index.php\/2022\/03\/01\/wielkopostne-dni-skupienia-2-4-marca-2022r\/","name":"Wielkopostne Dni Skupienia 2 \u2013 4 marca 2022r. na kalwaryjskim Wzg\u00f3rzu - Pako\u015b\u0107 \u2013 Kalwaria","isPartOf":{"@id":"https:\/\/pakosc-kalwaria.franciszkanie.net\/#website"},"primaryImageOfPage":{"@id":"https:\/\/pakosc-kalwaria.franciszkanie.net\/index.php\/2022\/03\/01\/wielkopostne-dni-skupienia-2-4-marca-2022r\/#primaryimage"},"datePublished":"2022-03-01T08:30:16+00:00","dateModified":"2022-03-05T15:17:30+00:00","author":{"@id":"https:\/\/pakosc-kalwaria.franciszkanie.net\/#\/schema\/person\/af10b943be0760709227d060eadcb2aa"},"breadcrumb":{"@id":"https:\/\/pakosc-kalwaria.franciszkanie.net\/index.php\/2022\/03\/01\/wielkopostne-dni-skupienia-2-4-marca-2022r\/#breadcrumb"},"inLanguage":"pl-PL","potentialAction":[{"@type":"ReadAction","target":["https:\/\/pakosc-kalwaria.franciszkanie.net\/index.php\/2022\/03\/01\/wielkopostne-dni-skupienia-2-4-marca-2022r\/"]}]},{"@type":"BreadcrumbList","@id":"https:\/\/pakosc-kalwaria.franciszkanie.net\/index.php\/2022\/03\/01\/wielkopostne-dni-skupienia-2-4-marca-2022r\/#breadcrumb","itemListElement":[{"@type":"ListItem","position":1,"name":"Strona g\u0142\u00f3wna","item":"https:\/\/pakosc-kalwaria.franciszkanie.net\/"},{"@type":"ListItem","position":2,"name":"Wielkopostne Dni Skupienia 2 \u2013 4 marca 2022r. na kalwaryjskim Wzg\u00f3rzu"}]},{"@type":"Person","@id":"https:\/\/pakosc-kalwaria.franciszkanie.net\/#\/schema\/person\/af10b943be0760709227d060eadcb2aa","name":"pakosc-kalwaria","image":{"@type":"ImageObject","@id":"https:\/\/pakosc-kalwaria.franciszkanie.net\/#personlogo","inLanguage":"pl-PL","url":"https:\/\/secure.gravatar.com\/avatar\/e7049d338b55eac6a0027ff3218b8d02?s=96&d=mm&r=g","contentUrl":"https:\/\/secure.gravatar.com\/avatar\/e7049d338b55eac6a0027ff3218b8d02?s=96&d=mm&r=g","caption":"pakosc-kalwaria"},"sameAs":["https:\/\/www.facebook.com\/KalwariaPakosc\/"],"url":"https:\/\/pakosc-kalwaria.franciszkanie.net\/index.php\/author\/pakosc-kalwaria\/"}]}},"_links":{"self":[{"href":"https:\/\/pakosc-kalwaria.franciszkanie.net\/index.php\/wp-json\/wp\/v2\/posts\/21893"}],"collection":[{"href":"https:\/\/pakosc-kalwaria.franciszkanie.net\/index.php\/wp-json\/wp\/v2\/posts"}],"about":[{"href":"https:\/\/pakosc-kalwaria.franciszkanie.net\/index.php\/wp-json\/wp\/v2\/types\/post"}],"author":[{"embeddable":true,"href":"https:\/\/pakosc-kalwaria.franciszkanie.net\/index.php\/wp-json\/wp\/v2\/users\/2"}],"replies":[{"embeddable":true,"href":"https:\/\/pakosc-kalwaria.franciszkanie.net\/index.php\/wp-json\/wp\/v2\/comments?post=21893"}],"version-history":[{"count":4,"href":"https:\/\/pakosc-kalwaria.franciszkanie.net\/index.php\/wp-json\/wp\/v2\/posts\/21893\/revisions"}],"predecessor-version":[{"id":21898,"href":"https:\/\/pakosc-kalwaria.franciszkanie.net\/index.php\/wp-json\/wp\/v2\/posts\/21893\/revisions\/21898"}],"wp:featuredmedia":[{"embeddable":true,"href":"https:\/\/pakosc-kalwaria.franciszkanie.net\/index.php\/wp-json\/wp\/v2\/media\/21894"}],"wp:attachment":[{"href":"https:\/\/pakosc-kalwaria.franciszkanie.net\/index.php\/wp-json\/wp\/v2\/media?parent=21893"}],"wp:term":[{"taxonomy":"category","embeddable":true,"href":"https:\/\/pakosc-kalwaria.franciszkanie.net\/index.php\/wp-json\/wp\/v2\/categories?post=21893"},{"taxonomy":"post_tag","embeddable":true,"href":"https:\/\/pakosc-kalwaria.franciszkanie.net\/index.php\/wp-json\/wp\/v2\/tags?post=21893"}],"curies":[{"name":"wp","href":"https:\/\/api.w.org\/{rel}","templated":true}]}}