{"id":21900,"date":"2022-03-01T09:00:16","date_gmt":"2022-03-01T08:00:16","guid":{"rendered":"http:\/\/pakosc-kalwaria.franciszkanie.net\/?p=21900"},"modified":"2022-03-05T16:16:58","modified_gmt":"2022-03-05T15:16:58","slug":"dni-odnowy-wewnetrznej-marzec-2022r","status":"publish","type":"post","link":"https:\/\/pakosc-kalwaria.franciszkanie.net\/index.php\/2022\/03\/01\/dni-odnowy-wewnetrznej-marzec-2022r\/","title":{"rendered":"Dni Odnowy Wewn\u0119trznej &#8211; Marzec 2022r."},"content":{"rendered":"<p><strong>Zach\u0119camy do <span style=\"color: #ff0000;\">comiesi\u0119cznej Spowiedzi \u015bwi\u0119tej i pierwszopi\u0105tkowej Komunii \u015bwi\u0119tej<\/span><\/strong><\/p>\n<p><strong><u><span style=\"color: #ff0000;\">PIERWSZY\u00a0 CZWARTEK\u00a0 MIESI\u0104CA \u00a0&#8211;\u00a0 3 marca 2022r.<\/span><br \/>\n<\/u><\/strong><strong>Komunia \u015bwi\u0119ta pod dwoma postaciami<br \/>\n<\/strong><strong>9.30 &#8211; Spowied\u017a \u015bwi\u0119ta<br \/>\n<span style=\"color: #ff0000;\">10.00 Msza \u015bwi\u0119ta<\/span><\/strong><\/p>\n<p><strong>16.30 \u2013 Spowied\u017a \u015bwi\u0119ta<br \/>\n<span style=\"color: #ff0000;\">17.00 \u2013 Msza \u015bwi\u0119ta<\/span><\/strong> <strong>o nowe powo\u0142ania\u00a0 kap\u0142a\u0144skie i zakonne oraz w intencji Liturgicznej S\u0142u\u017cby O\u0142tarza i ich Rodzin<br \/>\n&#8211; po Mszy \u015bw. nabo\u017ce\u0144stwo pierwszoczwartkowe<br \/>\n<span style=\"color: #ff0000;\"><br \/>\n19.00 \u2013 20.00 Adoracja Naj\u015bwi\u0119tszego Sakramentu<\/span> i Spowied\u017a \u015bwi\u0119ta<br \/>\n&#8211; na zako\u0144czenie adoracji indywidualne b\u0142ogos\u0142awie\u0144stwo Naj\u015bwi\u0119tszym Sakramentem ma\u0142\u017ce\u0144stw, rodzin i os\u00f3b<\/strong><\/p>\n<p><strong><u><span style=\"color: #ff0000;\"><br \/>\nPIERWSZY\u00a0 PI\u0104TEK\u00a0 MIESI\u0104CA \u2013 4 marca 2022r.<\/span><br \/>\n<\/u><\/strong><strong>Komunia \u015bw. wynagradzaj\u0105ca Naj\u015bwi\u0119tszemu Sercu Pana Jezusa<\/strong><strong><br \/>\n<\/strong><strong>9.00 \u2013 Droga Krzy\u017cowa na Kalwarii<br \/>\n10.15 &#8211; Spowied\u017a \u015bwi\u0119ta<br \/>\n<\/strong><span style=\"color: #ff0000;\"><strong>10.15<\/strong> <\/span><strong><span style=\"color: #ff0000;\">\u2013 Msza \u015bwi\u0119ta \u00a0\u00a0\u00a0 <\/span><\/strong><\/p>\n<p><strong>16.30 \u2013 Droga Krzy\u017cowa na Kalwarii<\/strong><br \/>\n<strong>16.30 &#8211; Spowied\u017a \u015bwi\u0119ta<\/strong><br \/>\n<strong><span style=\"color: #ff0000;\">17.00 \u2013 Droga Krzy\u017cowa w ko\u015bciele<\/span><\/strong><br \/>\n<strong>17.30 \u2013 Spowied\u017a \u015bwi\u0119ta<\/strong><br \/>\n<span style=\"color: #ff0000;\"><strong>17.30<\/strong> <strong>\u2013 Msza \u015bwi\u0119ta<\/strong><\/span> <strong>w intencjach zbiorowych do Bo\u017cego Mi\u0142osierdzia oraz za\u00a0 zmar\u0142ych polecanych w rocznych wypominkach<\/strong>\u00a0(intencje mo\u017cna sk\u0142ada\u0107 w ko\u015bciele do skarbonki lub w zakrystii)<strong><br \/>\n<\/strong><strong>&#8211; po Mszy \u015bw. nabo\u017ce\u0144stwo do Naj\u015bwi\u0119tszego Serca Pana Jezusa<\/strong><\/p>\n<p><strong>19.00 \u2013 Droga Krzy\u017cowa na Kalwarii<\/strong><br \/>\n<strong>20.15 \u2013 Obrz\u0119d Komunii \u015bwi\u0119tej<\/strong><\/p>\n<p><strong><span style=\"color: #ff0000;\"><u><br \/>\nPIERWSZA SOBOTA MIESI\u0104CA \u2013 5 marca 2022r.<\/u><\/span><br \/>\n<\/strong><strong>Nabo\u017ce\u0144stwo wynagradzaj\u0105ce Niepokalanemu Sercu Maryi.<br \/>\nDuchowe przygotowanie do Nawiedzenia Kopii Obrazu Matki Bo\u017cej Jasnog\u00f3rskiej w Archidiecezji Gnie\u017anie\u0144skiej i w pakoskich Parafiach<br \/>\n16.30 \u2013 Spowied\u017a \u015bwi\u0119ta<br \/>\n16.30 &#8211;\u00a0 Koronka do Siedmiu Bole\u015bci NMP<br \/>\n<span style=\"color: #ff0000;\">17.00<\/span><\/strong> <strong><span style=\"color: #ff0000;\">\u2013 Msza \u015bwi\u0119ta<\/span> za \u017cyj\u0105cych i zmar\u0142ych cz\u0142onk\u00f3w \u017bywego R\u00f3\u017ca\u0144ca i modlitwa do Matki Bo\u017cej Bolesnej<br \/>\n<\/strong><span style=\"color: #ff0000;\"><strong>&#8211; po Mszy \u015bwi\u0119tej &#8211; <\/strong><\/span><strong>wystawienie Naj\u015bwi\u0119tszego Sakramentu, R\u00f3\u017caniec wynagradzaj\u0105cy Niepokalanemu Sercu Maryi, 15. minutowe rozwa\u017canie tajemnic r\u00f3\u017ca\u0144cowych,<\/strong> <strong><br \/>\n<span style=\"color: #ff0000;\">&#8211; zako\u0144czenie Apelem Jasnogorskim<\/span><\/strong><\/p>\n<p><strong>Serdecznie zapraszaj\u0105<br \/>\nBracia Mniejsi Franciszkanie \u00a0z Pako\u015bci &#8211; Kalwarii <\/strong><\/p>\n","protected":false},"excerpt":{"rendered":"<p>Zach\u0119camy do comiesi\u0119cznej Spowiedzi \u015bwi\u0119tej i pierwszopi\u0105tkowej Komunii \u015bwi\u0119tej PIERWSZY\u00a0 CZWARTEK\u00a0 MIESI\u0104CA \u00a0&#8211;\u00a0 3 marca 2022r. Komunia \u015bwi\u0119ta pod dwoma postaciami 9.30 &#8211; Spowied\u017a \u015bwi\u0119ta 10.00 Msza \u015bwi\u0119ta 16.30 \u2013 Spowied\u017a \u015bwi\u0119ta 17.00 \u2013 Msza \u015bwi\u0119ta o nowe powo\u0142ania\u00a0 kap\u0142a\u0144skie i zakonne oraz w intencji Liturgicznej S\u0142u\u017cby O\u0142tarza i ich Rodzin &#8211; po Mszy \u015bw. &hellip;<\/p>\n","protected":false},"author":2,"featured_media":21901,"comment_status":"closed","ping_status":"closed","sticky":false,"template":"","format":"standard","meta":{"_mi_skip_tracking":false,"_exactmetrics_sitenote_active":false,"_exactmetrics_sitenote_note":"","_exactmetrics_sitenote_category":0},"categories":[13,14],"tags":[],"yoast_head":"<!-- This site is optimized with the Yoast SEO plugin v18.1 - https:\/\/yoast.com\/wordpress\/plugins\/seo\/ -->\n<title>Dni Odnowy Wewn\u0119trznej - Marzec 2022r. - Pako\u015b\u0107 \u2013 Kalwaria<\/title>\n<meta name=\"robots\" content=\"index, follow, max-snippet:-1, max-image-preview:large, max-video-preview:-1\" \/>\n<link rel=\"canonical\" href=\"https:\/\/pakosc-kalwaria.franciszkanie.net\/index.php\/2022\/03\/01\/dni-odnowy-wewnetrznej-marzec-2022r\/\" \/>\n<meta property=\"og:locale\" content=\"pl_PL\" \/>\n<meta property=\"og:type\" content=\"article\" \/>\n<meta property=\"og:title\" content=\"Dni Odnowy Wewn\u0119trznej - Marzec 2022r. - Pako\u015b\u0107 \u2013 Kalwaria\" \/>\n<meta property=\"og:description\" content=\"Zach\u0119camy do comiesi\u0119cznej Spowiedzi \u015bwi\u0119tej i pierwszopi\u0105tkowej Komunii \u015bwi\u0119tej PIERWSZY\u00a0 CZWARTEK\u00a0 MIESI\u0104CA \u00a0&#8211;\u00a0 3 marca 2022r. Komunia \u015bwi\u0119ta pod dwoma postaciami 9.30 &#8211; Spowied\u017a \u015bwi\u0119ta 10.00 Msza \u015bwi\u0119ta 16.30 \u2013 Spowied\u017a \u015bwi\u0119ta 17.00 \u2013 Msza \u015bwi\u0119ta o nowe powo\u0142ania\u00a0 kap\u0142a\u0144skie i zakonne oraz w intencji Liturgicznej S\u0142u\u017cby O\u0142tarza i ich Rodzin &#8211; po Mszy \u015bw. &hellip;\" \/>\n<meta property=\"og:url\" content=\"https:\/\/pakosc-kalwaria.franciszkanie.net\/index.php\/2022\/03\/01\/dni-odnowy-wewnetrznej-marzec-2022r\/\" \/>\n<meta property=\"og:site_name\" content=\"Pako\u015b\u0107 \u2013 Kalwaria\" \/>\n<meta property=\"article:author\" content=\"https:\/\/www.facebook.com\/KalwariaPakosc\/\" \/>\n<meta property=\"article:published_time\" content=\"2022-03-01T08:00:16+00:00\" \/>\n<meta property=\"article:modified_time\" content=\"2022-03-05T15:16:58+00:00\" \/>\n<meta property=\"og:image\" content=\"https:\/\/pakosc-kalwaria.franciszkanie.net\/wp-content\/uploads\/2022\/02\/jezus-i-maryja.jpg\" \/>\n\t<meta property=\"og:image:width\" content=\"300\" \/>\n\t<meta property=\"og:image:height\" content=\"214\" \/>\n\t<meta property=\"og:image:type\" content=\"image\/jpeg\" \/>\n<meta name=\"twitter:card\" content=\"summary\" \/>\n<meta name=\"twitter:label1\" content=\"Napisane przez\" \/>\n\t<meta name=\"twitter:data1\" content=\"pakosc-kalwaria\" \/>\n\t<meta name=\"twitter:label2\" content=\"Szacowany czas czytania\" \/>\n\t<meta name=\"twitter:data2\" content=\"2 minuty\" \/>\n<script type=\"application\/ld+json\" class=\"yoast-schema-graph\">{\"@context\":\"https:\/\/schema.org\",\"@graph\":[{\"@type\":\"WebSite\",\"@id\":\"https:\/\/pakosc-kalwaria.franciszkanie.net\/#website\",\"url\":\"https:\/\/pakosc-kalwaria.franciszkanie.net\/\",\"name\":\"Pako\u015b\u0107 \u2013 Kalwaria\",\"description\":\"Parafia Rzymsko \u2013 Katolicka p.w. Pana Jezusa Ukrzy\u017cowanego i  Matki Bo\u017cej Bolesnej ul. Barci\u0144ska 60, 88\u2013170 Pako\u015b\u0107 \u2013 Kalwaria\",\"potentialAction\":[{\"@type\":\"SearchAction\",\"target\":{\"@type\":\"EntryPoint\",\"urlTemplate\":\"https:\/\/pakosc-kalwaria.franciszkanie.net\/?s={search_term_string}\"},\"query-input\":\"required name=search_term_string\"}],\"inLanguage\":\"pl-PL\"},{\"@type\":\"ImageObject\",\"@id\":\"https:\/\/pakosc-kalwaria.franciszkanie.net\/index.php\/2022\/03\/01\/dni-odnowy-wewnetrznej-marzec-2022r\/#primaryimage\",\"inLanguage\":\"pl-PL\",\"url\":\"https:\/\/pakosc-kalwaria.franciszkanie.net\/wp-content\/uploads\/2022\/02\/jezus-i-maryja.jpg\",\"contentUrl\":\"https:\/\/pakosc-kalwaria.franciszkanie.net\/wp-content\/uploads\/2022\/02\/jezus-i-maryja.jpg\",\"width\":300,\"height\":214},{\"@type\":\"WebPage\",\"@id\":\"https:\/\/pakosc-kalwaria.franciszkanie.net\/index.php\/2022\/03\/01\/dni-odnowy-wewnetrznej-marzec-2022r\/#webpage\",\"url\":\"https:\/\/pakosc-kalwaria.franciszkanie.net\/index.php\/2022\/03\/01\/dni-odnowy-wewnetrznej-marzec-2022r\/\",\"name\":\"Dni Odnowy Wewn\u0119trznej - Marzec 2022r. - Pako\u015b\u0107 \u2013 Kalwaria\",\"isPartOf\":{\"@id\":\"https:\/\/pakosc-kalwaria.franciszkanie.net\/#website\"},\"primaryImageOfPage\":{\"@id\":\"https:\/\/pakosc-kalwaria.franciszkanie.net\/index.php\/2022\/03\/01\/dni-odnowy-wewnetrznej-marzec-2022r\/#primaryimage\"},\"datePublished\":\"2022-03-01T08:00:16+00:00\",\"dateModified\":\"2022-03-05T15:16:58+00:00\",\"author\":{\"@id\":\"https:\/\/pakosc-kalwaria.franciszkanie.net\/#\/schema\/person\/af10b943be0760709227d060eadcb2aa\"},\"breadcrumb\":{\"@id\":\"https:\/\/pakosc-kalwaria.franciszkanie.net\/index.php\/2022\/03\/01\/dni-odnowy-wewnetrznej-marzec-2022r\/#breadcrumb\"},\"inLanguage\":\"pl-PL\",\"potentialAction\":[{\"@type\":\"ReadAction\",\"target\":[\"https:\/\/pakosc-kalwaria.franciszkanie.net\/index.php\/2022\/03\/01\/dni-odnowy-wewnetrznej-marzec-2022r\/\"]}]},{\"@type\":\"BreadcrumbList\",\"@id\":\"https:\/\/pakosc-kalwaria.franciszkanie.net\/index.php\/2022\/03\/01\/dni-odnowy-wewnetrznej-marzec-2022r\/#breadcrumb\",\"itemListElement\":[{\"@type\":\"ListItem\",\"position\":1,\"name\":\"Strona g\u0142\u00f3wna\",\"item\":\"https:\/\/pakosc-kalwaria.franciszkanie.net\/\"},{\"@type\":\"ListItem\",\"position\":2,\"name\":\"Dni Odnowy Wewn\u0119trznej &#8211; Marzec 2022r.\"}]},{\"@type\":\"Person\",\"@id\":\"https:\/\/pakosc-kalwaria.franciszkanie.net\/#\/schema\/person\/af10b943be0760709227d060eadcb2aa\",\"name\":\"pakosc-kalwaria\",\"image\":{\"@type\":\"ImageObject\",\"@id\":\"https:\/\/pakosc-kalwaria.franciszkanie.net\/#personlogo\",\"inLanguage\":\"pl-PL\",\"url\":\"https:\/\/secure.gravatar.com\/avatar\/e7049d338b55eac6a0027ff3218b8d02?s=96&d=mm&r=g\",\"contentUrl\":\"https:\/\/secure.gravatar.com\/avatar\/e7049d338b55eac6a0027ff3218b8d02?s=96&d=mm&r=g\",\"caption\":\"pakosc-kalwaria\"},\"sameAs\":[\"https:\/\/www.facebook.com\/KalwariaPakosc\/\"],\"url\":\"https:\/\/pakosc-kalwaria.franciszkanie.net\/index.php\/author\/pakosc-kalwaria\/\"}]}<\/script>\n<!-- \/ Yoast SEO plugin. -->","yoast_head_json":{"title":"Dni Odnowy Wewn\u0119trznej - Marzec 2022r. - Pako\u015b\u0107 \u2013 Kalwaria","robots":{"index":"index","follow":"follow","max-snippet":"max-snippet:-1","max-image-preview":"max-image-preview:large","max-video-preview":"max-video-preview:-1"},"canonical":"https:\/\/pakosc-kalwaria.franciszkanie.net\/index.php\/2022\/03\/01\/dni-odnowy-wewnetrznej-marzec-2022r\/","og_locale":"pl_PL","og_type":"article","og_title":"Dni Odnowy Wewn\u0119trznej - Marzec 2022r. - Pako\u015b\u0107 \u2013 Kalwaria","og_description":"Zach\u0119camy do comiesi\u0119cznej Spowiedzi \u015bwi\u0119tej i pierwszopi\u0105tkowej Komunii \u015bwi\u0119tej PIERWSZY\u00a0 CZWARTEK\u00a0 MIESI\u0104CA \u00a0&#8211;\u00a0 3 marca 2022r. Komunia \u015bwi\u0119ta pod dwoma postaciami 9.30 &#8211; Spowied\u017a \u015bwi\u0119ta 10.00 Msza \u015bwi\u0119ta 16.30 \u2013 Spowied\u017a \u015bwi\u0119ta 17.00 \u2013 Msza \u015bwi\u0119ta o nowe powo\u0142ania\u00a0 kap\u0142a\u0144skie i zakonne oraz w intencji Liturgicznej S\u0142u\u017cby O\u0142tarza i ich Rodzin &#8211; po Mszy \u015bw. &hellip;","og_url":"https:\/\/pakosc-kalwaria.franciszkanie.net\/index.php\/2022\/03\/01\/dni-odnowy-wewnetrznej-marzec-2022r\/","og_site_name":"Pako\u015b\u0107 \u2013 Kalwaria","article_author":"https:\/\/www.facebook.com\/KalwariaPakosc\/","article_published_time":"2022-03-01T08:00:16+00:00","article_modified_time":"2022-03-05T15:16:58+00:00","og_image":[{"width":300,"height":214,"url":"https:\/\/pakosc-kalwaria.franciszkanie.net\/wp-content\/uploads\/2022\/02\/jezus-i-maryja.jpg","type":"image\/jpeg"}],"twitter_card":"summary","twitter_misc":{"Napisane przez":"pakosc-kalwaria","Szacowany czas czytania":"2 minuty"},"schema":{"@context":"https:\/\/schema.org","@graph":[{"@type":"WebSite","@id":"https:\/\/pakosc-kalwaria.franciszkanie.net\/#website","url":"https:\/\/pakosc-kalwaria.franciszkanie.net\/","name":"Pako\u015b\u0107 \u2013 Kalwaria","description":"Parafia Rzymsko \u2013 Katolicka p.w. Pana Jezusa Ukrzy\u017cowanego i  Matki Bo\u017cej Bolesnej ul. Barci\u0144ska 60, 88\u2013170 Pako\u015b\u0107 \u2013 Kalwaria","potentialAction":[{"@type":"SearchAction","target":{"@type":"EntryPoint","urlTemplate":"https:\/\/pakosc-kalwaria.franciszkanie.net\/?s={search_term_string}"},"query-input":"required name=search_term_string"}],"inLanguage":"pl-PL"},{"@type":"ImageObject","@id":"https:\/\/pakosc-kalwaria.franciszkanie.net\/index.php\/2022\/03\/01\/dni-odnowy-wewnetrznej-marzec-2022r\/#primaryimage","inLanguage":"pl-PL","url":"https:\/\/pakosc-kalwaria.franciszkanie.net\/wp-content\/uploads\/2022\/02\/jezus-i-maryja.jpg","contentUrl":"https:\/\/pakosc-kalwaria.franciszkanie.net\/wp-content\/uploads\/2022\/02\/jezus-i-maryja.jpg","width":300,"height":214},{"@type":"WebPage","@id":"https:\/\/pakosc-kalwaria.franciszkanie.net\/index.php\/2022\/03\/01\/dni-odnowy-wewnetrznej-marzec-2022r\/#webpage","url":"https:\/\/pakosc-kalwaria.franciszkanie.net\/index.php\/2022\/03\/01\/dni-odnowy-wewnetrznej-marzec-2022r\/","name":"Dni Odnowy Wewn\u0119trznej - Marzec 2022r. - Pako\u015b\u0107 \u2013 Kalwaria","isPartOf":{"@id":"https:\/\/pakosc-kalwaria.franciszkanie.net\/#website"},"primaryImageOfPage":{"@id":"https:\/\/pakosc-kalwaria.franciszkanie.net\/index.php\/2022\/03\/01\/dni-odnowy-wewnetrznej-marzec-2022r\/#primaryimage"},"datePublished":"2022-03-01T08:00:16+00:00","dateModified":"2022-03-05T15:16:58+00:00","author":{"@id":"https:\/\/pakosc-kalwaria.franciszkanie.net\/#\/schema\/person\/af10b943be0760709227d060eadcb2aa"},"breadcrumb":{"@id":"https:\/\/pakosc-kalwaria.franciszkanie.net\/index.php\/2022\/03\/01\/dni-odnowy-wewnetrznej-marzec-2022r\/#breadcrumb"},"inLanguage":"pl-PL","potentialAction":[{"@type":"ReadAction","target":["https:\/\/pakosc-kalwaria.franciszkanie.net\/index.php\/2022\/03\/01\/dni-odnowy-wewnetrznej-marzec-2022r\/"]}]},{"@type":"BreadcrumbList","@id":"https:\/\/pakosc-kalwaria.franciszkanie.net\/index.php\/2022\/03\/01\/dni-odnowy-wewnetrznej-marzec-2022r\/#breadcrumb","itemListElement":[{"@type":"ListItem","position":1,"name":"Strona g\u0142\u00f3wna","item":"https:\/\/pakosc-kalwaria.franciszkanie.net\/"},{"@type":"ListItem","position":2,"name":"Dni Odnowy Wewn\u0119trznej &#8211; Marzec 2022r."}]},{"@type":"Person","@id":"https:\/\/pakosc-kalwaria.franciszkanie.net\/#\/schema\/person\/af10b943be0760709227d060eadcb2aa","name":"pakosc-kalwaria","image":{"@type":"ImageObject","@id":"https:\/\/pakosc-kalwaria.franciszkanie.net\/#personlogo","inLanguage":"pl-PL","url":"https:\/\/secure.gravatar.com\/avatar\/e7049d338b55eac6a0027ff3218b8d02?s=96&d=mm&r=g","contentUrl":"https:\/\/secure.gravatar.com\/avatar\/e7049d338b55eac6a0027ff3218b8d02?s=96&d=mm&r=g","caption":"pakosc-kalwaria"},"sameAs":["https:\/\/www.facebook.com\/KalwariaPakosc\/"],"url":"https:\/\/pakosc-kalwaria.franciszkanie.net\/index.php\/author\/pakosc-kalwaria\/"}]}},"_links":{"self":[{"href":"https:\/\/pakosc-kalwaria.franciszkanie.net\/index.php\/wp-json\/wp\/v2\/posts\/21900"}],"collection":[{"href":"https:\/\/pakosc-kalwaria.franciszkanie.net\/index.php\/wp-json\/wp\/v2\/posts"}],"about":[{"href":"https:\/\/pakosc-kalwaria.franciszkanie.net\/index.php\/wp-json\/wp\/v2\/types\/post"}],"author":[{"embeddable":true,"href":"https:\/\/pakosc-kalwaria.franciszkanie.net\/index.php\/wp-json\/wp\/v2\/users\/2"}],"replies":[{"embeddable":true,"href":"https:\/\/pakosc-kalwaria.franciszkanie.net\/index.php\/wp-json\/wp\/v2\/comments?post=21900"}],"version-history":[{"count":7,"href":"https:\/\/pakosc-kalwaria.franciszkanie.net\/index.php\/wp-json\/wp\/v2\/posts\/21900\/revisions"}],"predecessor-version":[{"id":21963,"href":"https:\/\/pakosc-kalwaria.franciszkanie.net\/index.php\/wp-json\/wp\/v2\/posts\/21900\/revisions\/21963"}],"wp:featuredmedia":[{"embeddable":true,"href":"https:\/\/pakosc-kalwaria.franciszkanie.net\/index.php\/wp-json\/wp\/v2\/media\/21901"}],"wp:attachment":[{"href":"https:\/\/pakosc-kalwaria.franciszkanie.net\/index.php\/wp-json\/wp\/v2\/media?parent=21900"}],"wp:term":[{"taxonomy":"category","embeddable":true,"href":"https:\/\/pakosc-kalwaria.franciszkanie.net\/index.php\/wp-json\/wp\/v2\/categories?post=21900"},{"taxonomy":"post_tag","embeddable":true,"href":"https:\/\/pakosc-kalwaria.franciszkanie.net\/index.php\/wp-json\/wp\/v2\/tags?post=21900"}],"curies":[{"name":"wp","href":"https:\/\/api.w.org\/{rel}","templated":true}]}}