{"id":21978,"date":"2022-04-01T09:30:23","date_gmt":"2022-04-01T07:30:23","guid":{"rendered":"http:\/\/pakosc-kalwaria.franciszkanie.net\/?p=21978"},"modified":"2022-04-12T08:31:59","modified_gmt":"2022-04-12T06:31:59","slug":"gorzkie-zale-z-kazaniem-pasyjnym-w-niedziele-o-15-00","status":"publish","type":"post","link":"https:\/\/pakosc-kalwaria.franciszkanie.net\/index.php\/2022\/04\/01\/gorzkie-zale-z-kazaniem-pasyjnym-w-niedziele-o-15-00\/","title":{"rendered":"Gorzkie \u017bale z kazaniem pasyjnym w niedziele o 15.00."},"content":{"rendered":"<div class=\"entry-content\">\n<p><strong><span style=\"color: #ff0000;\">W kalwaryjskim Sanktuarium Krzy\u017ca \u015awi\u0119tego w ka\u017cd\u0105 niedziel\u0119 Wielkiego Postu o 15.00 Gorzkie \u017bale z kazaniem pasyjnym, a po nich Msza \u015awi\u0119ta<\/span>. Serdecznie zapraszamy dzieci, m\u0142odzie\u017c i doros\u0142ych do licznego udzia\u0142u w tym nabo\u017ce\u0144stwie.<br \/>\n<u><br \/>\n<\/u>\u015aw. Augustyn: \u201eNie ma nic bardziej zbawiennego jak rozmy\u015blanie ile wycierpia\u0142 za nas B\u00f3g \u2013 Cz\u0142owiek\u201d.<\/strong><\/p>\n<p><u><\/u><strong><br \/>\n<span style=\"color: #ff0000;\">HISTORIA<\/span><\/strong><br \/>\n<strong>Gorzkie \u017bale \u2013 to popularne nabo\u017ce\u0144stwo i zbi\u00f3r pie\u015bni o m\u0119ce Pa\u0144skiej \u015bpiewanych podczas Wielkiego Postu w ramach nabo\u017ce\u0144stwa pasyjnego. <\/strong><\/p>\n<p><strong>Historia powstania Gorzkich \u017bal\u00f3w to koniec XVII i pierwsza po\u0142owa XVIII wieku<\/strong>. Wtedy to mieszczanie i magnateria, organizowali si\u0119 w grupach modlitewnych tzw. bractwach nabo\u017cnych, takich jak Bractwo \u015bw. Rocha przy ko\u015bciele Ksi\u0119\u017cy Misjonarzy \u015awi\u0119tego Krzy\u017ca w Warszawie. Zadaniem bractw by\u0142a g\u0142\u00f3wnie dzia\u0142alno\u015b\u0107 charytatywna, wsp\u00f3lne modlitwy czy nabo\u017ce\u0144stwa i procesje. Bractwa bra\u0142y sobie za honor uczestnictwo w\u0142a\u015bnie w takich wydarzeniach liturgicznych.<br \/>\nSt\u0105d dosz\u0142o pewnego razu do sporu mi\u0119dzy nimi. A posz\u0142o o pierwsze\u0144stwo w organizowaniu procesji pasyjnych\u2026 Jak m\u00f3wi historia, prze\u0142o\u017cony Ksi\u0119\u017cy Misjonarzy \u2013 ks. Micha\u0142 Tar\u0142o zakaza\u0142 cz\u0142onkom Bractwa \u015bw. Rocha udzia\u0142u w procesjach pasyjnych. I to pono\u0107 to by\u0142o zaczynem pi\u0119knego nabo\u017ce\u0144stwa Gorzkich \u017bali \u2013 czyli rozpami\u0119tywaniem M\u0119ki i Bole\u015bci cierpi\u0105cego Zbawiciela. Cz\u0142onkom Bractwa \u015bw. Rocha z ko\u015bcio\u0142a \u015aw. Krzy\u017ca w Warszawie i ich opiekunowi, ks. Wawrzy\u0144cowi Stanis\u0142awowi Bennikowi CM przypisuje si\u0119 bowiem napisanie tekstu specjalnego nabo\u017ce\u0144stwa. Nie wiemy czy ks. Bennik CM ze Zgromadzenia Ksi\u0119\u017cy Misjonarzy \u015bwi\u0119tego Wincentego a\u2019 Paulo, jest jedynym autorem tego dzie\u0142a, ale na pewno je wyda\u0142 drukiem w luty 1707 pod tytu\u0142em \u201eSnopek Myrry z Ogrodu Gethsema\u0144skiego albo \u017ca\u0142osne Gorzkiey M\u0119ki Syna Bo\u017cego (\u2026) rozpami\u0119tywanie\u201d. Nazwa si\u0119 wzi\u0119\u0142a od MIRRY czyli daru, jaki trzej kr\u00f3lowie z\u0142o\u017cyli Bo\u017cemu Dzieci\u0105tku. Dar mirry by\u0142 zapowiedzi\u0105 m\u0119ki i \u015bmierci zbawczej Chrystusa.<\/p>\n<p><strong>Pierwsze nabo\u017ce\u0144stwo zosta\u0142o uroczy\u015bcie odprawione w pierwsz\u0105 niedziel\u0119 Wielkiego Postu \u2013 13 marca 1707 tego roku w ko\u015bciele pw. \u015awi\u0119tego Krzy\u017ca w Warszawie.<\/strong><br \/>\nTo nabo\u017ce\u0144stwo bardzo szybko zyska\u0142o popularno\u015b\u0107 w ca\u0142ej Polsce i otrzyma\u0142o akceptacj\u0119 Stolicy Apostolskiej. Rozpowszechnili je oczywi\u015bcie Ksi\u0119\u017ca Misjonarze \u015aw. Wincentego a Paulo, kt\u00f3rzy w\u00f3wczas prowadzili w Polsce ponad 20 z oko\u0142o 30 seminari\u00f3w duchownych w Polsce. Klerycy pokochali to nabo\u017ce\u0144stwo i po \u015bwi\u0119ceniach wprowadzali je na swoich parafiach. Nic wi\u0119c dziwnego, \u017ce Gorzkie \u017bale by\u0142o znane i \u015bpiewane w wi\u0119kszo\u015bci parafii w Polsce. Migruj\u0105cy za chlebem Polacy, zabrali ze sob\u0105 to, co mieli najcenniejszego, swoj\u0105 wiar\u0119, a z ni\u0105 modlitwy i nabo\u017ce\u0144stwa. I w ten spos\u00f3b do dzisiaj Gorzkie \u017bale s\u0105 \u015bpiewane po ca\u0142ym \u015bwiecie.<\/p>\n<p><strong>Jak podaj\u0105 r\u00f3\u017cne \u017ar\u00f3d\u0142a Gorzkie \u017cale nawi\u0105zuj\u0105 tre\u015bci\u0105 do tradycji pie\u015bni pasyjnych, lamentacji, p\u0142acz\u00f3w\u2026. <\/strong>Ich schemat oparty jest na schemacie Jutrzni z modlitwy brewiarzowej. Tre\u015b\u0107 nabo\u017ce\u0144stwa opiera si\u0119 na ewangelicznym opisie m\u0119ki, jednak bardzo widoczny jest wp\u0142yw tekst\u00f3w ze Starego Testamentu, takich jak Psalm 22 oraz Pie\u015b\u0144 o Cierpi\u0105cym S\u0142udze Jahwe z Ksi\u0119gi Proroka Izajasza. To na nich zw\u0142aszcza opieraj\u0105 si\u0119 bardzo plastyczne opisy prze\u017cy\u0107 torturowanego Jezusa podczas biczowania, upokorze\u0144, jakich doznawa\u0142 od otaczaj\u0105cych Go \u017co\u0142nierzy i t\u0142umu, a\u017c do ukrzy\u017cowania. Od pocz\u0105tku nabo\u017ce\u0144stwo Gorzkich \u017bali mia\u0142o r\u00f3wnie\u017c bardzo uroczyst\u0105 opraw\u0119 liturgiczn\u0105. Zawsze jest odprawiane podczas wystawienia Naj\u015bwi\u0119tszego Sakramentu, a jego cz\u0119\u015bci\u0105 jest specjalne kazanie pasyjne.<\/p>\n<p><strong>Nazwa Gorzkie \u017bale pochodzi od pierwszych wyraz\u00f3w pie\u015bni: \u201eGorzkie \u017cale przybywajcie, serca nasze przenikajcie\u201d.<\/strong><\/p>\n<p><strong><u><br \/>\n<span style=\"color: #ff0000;\">TEKST<\/span> <\/u><\/strong><br \/>\n<strong>POBUDKA <\/strong><br \/>\nGorzkie \u017cale przybywajcie, serca nasze przenikajcie.<br \/>\nRozp\u0142y\u0144cie si\u0119 me \u017arenice, toczcie smutnych \u0142ez krynice.<br \/>\nS\u0142o\u0144ce, gwiazdy omdlewaj\u0105, \u017ca\u0142ob\u0105 si\u0119 pokrywaj\u0105.<br \/>\nP\u0142acz\u0105 rzewnie anio\u0142owie, a kt\u00f3\u017c \u017ca\u0142o\u015b\u0107 ich wypowie?<br \/>\nOpoki si\u0119 twarde kraj\u0105, z grob\u00f3w umarli powstaj\u0105.<br \/>\nC\u00f3\u017c jest, pytam co si\u0119 dzieje? Wszystko stworzenie truchleje!<br \/>\nNa b\u00f3l M\u0119ki Chrystusowej \u017cal przejmuje bez wymowy.<br \/>\nUderz, Jezu, bez odw\u0142oki, w twarde serc naszych opoki!<br \/>\nJezu m\u00f3j, we krwi ran swoich, obmyj dusz\u0119 z grzech\u00f3w moich!<br \/>\nUpa\u0142 serca swego ch\u0142odz\u0119, gdy w przepa\u015b\u0107 M\u0119ki Twej wchodz\u0119.<\/p>\n<p><strong><u>Cz\u0119\u015b\u0107 pierwsza <\/u><\/strong><strong><br \/>\nIntencja <\/strong><br \/>\nPrzy pomocy laski Bo\u017cej przyst\u0119pujemy do rozwa\u017cania M\u0119ki Pana naszego Jezusa Chrystusa. Ofiarowa\u0107 je b\u0119dziemy Ojcu Niebieskiemu na cze\u015b\u0107 i chwa\u0142\u0119 Jego Boskiego majestatu, pokornie Mu dzi\u0119kuj\u0105c za wielk\u0105 i niepoj\u0119t\u0105 mi\u0142o\u015b\u0107 ku rodzajowi ludzkiemu, i\u017c raczy\u0142 zes\u0142a\u0107 Syna swego, aby za nas wycierpia\u0142 okrutne m\u0119ki i \u015bmier\u0107 podj\u0105\u0142 krzy\u017cow\u0105. To rozmy\u015blanie ofiarujemy r\u00f3wnie\u017c ku czci Naj\u015bwi\u0119tszej Maryi Panny, Matki Bolesnej oraz ku uczczeniu \u015awi\u0119tych Pa\u0144skich, kt\u00f3rzy wyr\u00f3\u017cniali si\u0119 nabo\u017ce\u0144stwem ku M\u0119ce Chrystusowej. W pierwszej cz\u0119\u015bci b\u0119dziemy rozwa\u017cali, co Pan Jezus wycierpia\u0142 od modlitwy w Ogr\u00f3jcu a\u017c do nies\u0142usznego przed s\u0105dem oskar\u017cenia. Te zniewagi i zel\u017cywo\u015bci temu\u017c Panu za nas bolej\u0105cemu ofiarujemy: za Ko\u015bci\u00f3\u0142 \u015bwi\u0119ty katolicki, za najwy\u017cszego Pasterza z ca\u0142ym duchowie\u0144stwem.<\/p>\n<p><strong>Hymn <\/strong><br \/>\n\u017bal dusz\u0119 \u015bciska, serce bole\u015b\u0107 czuje, gdy s\u0142odki Jezus na \u015bmier\u0107 si\u0119 gotuje.<br \/>\nKl\u0119czy w Ogr\u00f3jcu, gdy krwawy pot leje, me serce mdleje.<br \/>\nPana \u015bwi\u0119to\u015bci ucze\u0144 z\u0142y ca\u0142uje, \u017co\u0142nierz okrutny powr\u00f3zmi kr\u0119puje.<br \/>\nJezu tym wi\u0119zom dla nas si\u0119 poddaje, na \u015bmier\u0107 wydaje.<br \/>\nBije, popycha t\u0142um nieposkromiony, nielito\u015bciwie z tej i owej strony.<br \/>\nZa w\u0142osy targa; znosi w cierpliwo\u015bci, Kr\u00f3l z wysoko\u015bci.<br \/>\nZsinia\u0142e przedtem krwi\u0105 zachodz\u0105 usta, gdy zbrojn\u0105 \u017co\u0142nierz r\u0119kawic\u0105 chlusta.<br \/>\nWnet si\u0119 zmieni\u0142o w p\u0142aczliwe wzdychanie, serca kochanie.<br \/>\nOby si\u0119 serce we \u0142zy rozp\u0142ywa\u0142o, \u017ce Ci\u0119, m\u00f3j Jezu, spro\u015bnie obra\u017ca\u0142o,<br \/>\n\u017bal mi, ach, \u017cal mi ci\u0119\u017ckich moich z\u0142o\u015bci, dla Twej mi\u0142o\u015bci.<\/p>\n<p><strong>Lament duszy nad cierpi\u0105cym Jezusem <\/strong><br \/>\nJezu, na zabicie okrutne, cichy Baranku, od wrog\u00f3w szukany, Jezu m\u00f3j kochany!<br \/>\nJezu, za trzydzie\u015bci srebrnik\u00f3w, od niewdzi\u0119cznego ucznia zaprzedany, Jezu m\u00f3j kochany!<br \/>\nJezu, w ci\u0119\u017ckim smutku \u017ca\u0142o\u015bci\u0105, jako\u015b sam wyzna\u0142, przed \u015bmierci\u0105 n\u0119kany, Jezu m\u00f3j kochany!<br \/>\nJezu, na modlitwie w Ogr\u00f3jcu, strumieniem potu krwawego zalany, Jezu m\u00f3j kochany!<br \/>\nJezu, ca\u0142owaniem zdradliwym, od niegodnego Judasza wydany, Jezu m\u00f3j kochany!<br \/>\nJezu, powrozami grubymi, od swawolnego \u017co\u0142dactwa zwi\u0105zany, Jezu m\u00f3j kochany!<br \/>\nJezu, od posp\u00f3lstwa zel\u017cywie, przed Annaszowym s\u0105dem zniewa\u017cany, Jezu m\u00f3j kochany!<br \/>\nJezu, przez ulice sromotnie, przed s\u0105d Kajfasza za w\u0142osy targany, Jezu m\u00f3j kochany!<br \/>\nJezu, od Malchusa srogiego, r\u0119k\u0105 zbrodnicz\u0105 wypoliczkowany, Jezu m\u00f3j kochany!<br \/>\nJezu, od fa\u0142szywych dw\u00f3ch \u015bwiadk\u00f3w, za zwodziciela nies\u0142usznie podany, Jezu m\u00f3j kochany!<br \/>\nB\u0105d\u017a pozdrowiony, b\u0105d\u017a pochwalony! Dla nas zel\u017cony i poha\u0144biony!<br \/>\nB\u0105d\u017a uwielbiony, b\u0105d\u017a wys\u0142awiony! Bo\u017ce niesko\u0144czony!<\/p>\n<p><strong>Rozmowa duszy z Matk\u0105 Bolesn\u0105 <\/strong><br \/>\nAch, ja Matka tak \u017ca\u0142osna, bole\u015b\u0107 mnie \u015bciska niezno\u015bna, miecz me serce przenika.<br \/>\nCzemu\u015b, Matko ukochana, ci\u0119\u017cko na sercu stroskana? Czemu wszystka truchlejesz?<br \/>\nCo mi\u0119 pytasz? Wszystkam w md\u0142o\u015bci, m\u00f3wi\u0107 nie mog\u0119 z \u017ca\u0142o\u015bci, Krew mi serce zalewa.<br \/>\nPowiedz mi, o Panno moja, czemu blednieje twarz Twoja? Czemu gorzkie \u0142zy lejesz?<br \/>\nWidz\u0119, \u017ce Syn ukochany, w Ogr\u00f3jcu ca\u0142y zalany, potu krwawym potokiem.<br \/>\nO Matko! \u017ar\u00f3d\u0142o mi\u0142o\u015bci, niech czuj\u0119 gwa\u0142t Twej \u017ca\u0142o\u015bci, dozw\u00f3l mi z sob\u0105 p\u0142aka\u0107!<\/p>\n<p><strong><u>Cz\u0119\u015b\u0107 druga<\/u><\/strong><strong><br \/>\nPobudka <\/strong><br \/>\nGorzkie \u017cale przybywajcie, serca nasze przenikajcie.<br \/>\nRozp\u0142y\u0144cie si\u0119 me \u017arenice, toczcie smutnych \u0142ez krynice.<br \/>\nS\u0142o\u0144ce, gwiazdy omdlewaj\u0105, \u017ca\u0142ob\u0105 si\u0119 pokrywaj\u0105.<br \/>\nP\u0142acz\u0105 rzewnie anio\u0142owie, a kt\u00f3\u017c \u017ca\u0142o\u015b\u0107 ich wypowie?<br \/>\nOpoki si\u0119 twarde kraj\u0105, z grob\u00f3w umarli powstaj\u0105.<br \/>\nC\u00f3\u017c jest, pytam co si\u0119 dzieje? Wszystko stworzenie truchleje!<br \/>\nNa b\u00f3l M\u0119ki Chrystusowej \u017cal przejmuje bez wymowy.<br \/>\nUderz, Jezu, bez odw\u0142oki, w twarde serc naszych opoki!<br \/>\nJezu m\u00f3j, we krwi ran swoich, obmyj dusz\u0119 z grzech\u00f3w moich!<br \/>\nUpa\u0142 serca swego ch\u0142odz\u0119, gdy w przepa\u015b\u0107 M\u0119ki Twej wchodz\u0119.<\/p>\n<p><strong>Intencja <\/strong><br \/>\nW drugiej cz\u0119\u015bci rozmy\u015blania M\u0119ki Pa\u0144skiej b\u0119dziemy rozwa\u017ca\u0107, co Pan Jezus wycierpia\u0142 od nies\u0142usznego przed s\u0105dem oskar\u017cenia a\u017c do okrutnego cierniem ukoronowania. Te za\u015b rany, zniewagi i zel\u017cywo\u015bci temu\u017c Jezusowi cierpi\u0105cemu wyrz\u0105dzone ofiarujemy, prosz\u0105c Go o pomy\u015blno\u015b\u0107 dla Ojczyzny naszej, o pok\u00f3j i zgod\u0119 dla wszystkich narod\u00f3w, a dla siebie o odpuszczenie grzech\u00f3w, oddalenie kl\u0119sk i nieszcz\u0119\u015b\u0107 doczesnych, a szczeg\u00f3lnie zarazy, g\u0142odu, ognia i wojny.<\/p>\n<p><strong>Hymn <\/strong><br \/>\nPrzypatrz si\u0119, duszo, jak ci\u0119 B\u00f3g mi\u0142uje, jako dla ciebie sobie nie folguje.<br \/>\nPrzecie\u017c Go bardziej ni\u017c katowska dr\u0119czy, z\u0142o\u015b\u0107 twoja m\u0119czy.<br \/>\nStoi przed s\u0119dzi\u0105 Pan wszego stworzenia, cichy Baranek, z wielkiego wzgardzenia.<br \/>\nDla bia\u0142ej szaty, kt\u00f3r\u0105 jest odziany, g\u0142upim nazwany.<br \/>\nZa moje z\u0142o\u015bci grzbiet srodze biczuj\u0105, p\u00f3jd\u017amy grzesznicy, oto nam gotuj\u0105.<br \/>\nZe krwi Jezusa dla serca och\u0142ody, zdr\u00f3j \u017cywej wody.<br \/>\nPycha \u015bwiatowa niechaj, co chce, wr\u00f3\u017cy, co na swe skronie wije wieniec z r\u00f3\u017cy.<br \/>\nW szkar\u0142at na po\u015bmiech, cierniem kr\u00f3l zraniony, jest ozdobiony.<br \/>\nOby si\u0119 serce we \u0142zy rozp\u0142ywa\u0142o, \u017ce Ci\u0119, m\u00f3j Jezu, spro\u015bnie obra\u017ca\u0142o.<br \/>\n\u017bal mi, ach \u017cal mi ci\u0119\u017ckich moich z\u0142o\u015bci, dla Twej mi\u00ac\u0142o\u015bci.<\/p>\n<p><strong>Lament duszy nad cierpi\u0105cym Jezusem <\/strong><br \/>\nJezu, od posp\u00f3lstwa niewinnie, jako \u0142otr godzien \u015bmierci obwo\u0142any, Jezu m\u00f3j kochany!<br \/>\nJezu, od z\u0142o\u015bliwych morderc\u00f3w, po \u015blicznej twarzy tak spro\u015bnie zeplwany, Jezu m\u00f3j kochany!<br \/>\nJezu, pod przysi\u0119g\u0105 od Piotra, po trzykro\u0107 z wielkiej boja\u017ani zaprzany, Jezu m\u00f3j kochany!<br \/>\nJezu, od okrutnych oprawc\u00f3w, na s\u0105d Pi\u0142ata jak zb\u00f3jca szarpany, Jezu m\u00f3j kochany!<br \/>\nJezu, od Heroda i dworzan, kr\u00f3lu niebieski, zel\u017cywie wy\u015bmiany, Jezu m\u00f3j kochany!<br \/>\nJezu, w bia\u0142\u0105 szat\u0119 szydersko, na wi\u0119kszy po\u015bmiech i ha\u0144b\u0119 ubrany, Jezu m\u00f3j kochany!<br \/>\nJezu, u kamiennego s\u0142upa, niemi\u0142osiernie biczmi wysmagany, Jezu m\u00f3j kochany!<br \/>\nJezu, przez szyderstwo okrutne, cierniowym wie\u0144cem ukoronowany, Jezu m\u00f3j kochany!<br \/>\nJezu, od \u017co\u0142nierzy niegodnie, na po\u015bmiewisko purpur\u0105 odziany, Jezu m\u00f3j kochany!<br \/>\nJezu, trzcin\u0105 po g\u0142owie bity, Kr\u00f3lu bole\u015bci, przez lud. wyszydzany, Jezu m\u00f3j kochany!<br \/>\nB\u0105d\u017a pozdrowiony, b\u0105d\u017a pochwalony! Dla nas zel\u017cony, wszystek skrwawiony!<br \/>\nB\u0105d\u017a uwielbiony, b\u0105d\u017a wys\u0142awiony! Bo\u017ce niesko\u0144czony!<\/p>\n<p><strong>Rozmowa duszy z Matk\u0105 Bolesn\u0105 <\/strong><br \/>\nAch, widz\u0119 Syna mojego, przy s\u0142upie obna\u017conego, r\u00f3zgami zsieczonego!<br \/>\n\u015awi\u0119ta Panno, upro\u015b dla mnie, bym ran Syna Twego znami\u0119, mia\u0142 na sercu wyryte.<br \/>\nAch, widz\u0119 jako niezmiernie, ostre g\u0142ow\u0119 rani ciernie, dusza moja ustaje.<br \/>\nO Maryjo, Syna swego, ostrym cierniem zranionego, podziel\u017ce ze mn\u0105 m\u0119k\u0119!<br \/>\nObym ja, Matka strapiona, mog\u0142a na swoje ramiona, z\u0142o\u017cy\u0107 krzy\u017c Tw\u00f3j, Synu m\u00f3j!<br \/>\nProsz\u0119, o Panno jedyna, niechaj krzy\u017c Twojego Syna, zawsze w sercu swym nosz\u0119!<\/p>\n<p><strong><u>Cz\u0119\u015b\u0107 trzecia <\/u><\/strong><strong><br \/>\nPobudka <\/strong><br \/>\nGorzkie \u017cale przybywajcie, serca nasze przenikajcie.<br \/>\nRozp\u0142y\u0144cie si\u0119 me \u017arenice, toczcie smutnych \u0142ez krynice.<br \/>\nS\u0142o\u0144ce, gwiazdy omdlewaj\u0105, \u017ca\u0142ob\u0105 si\u0119 pokrywaj\u0105.<br \/>\nP\u0142acz\u0105 rzewnie anio\u0142owie, a kt\u00f3\u017c \u017ca\u0142o\u015b\u0107 ich wypowie?<br \/>\nOpoki si\u0119 twarde kraj\u0105, z grob\u00f3w umarli powstaj\u0105.<br \/>\nC\u00f3\u017c jest, pytam co si\u0119 dzieje? Wszystko stworzenie truchleje!<br \/>\nNa b\u00f3l M\u0119ki Chrystusowej \u017cal przejmuje bez wymowy.<br \/>\nUderz, Jezu, bez odw\u0142oki, w twarde serc naszych opoki!<br \/>\nJezu m\u00f3j, we krwi ran swoich, obmyj dusz\u0119 z grzech\u00f3w moich!<br \/>\nUpa\u0142 serca swego ch\u0142odz\u0119, gdy w przepa\u015b\u0107 M\u0119ki Twej wchodz\u0119.<\/p>\n<p><strong>Intencja <\/strong><br \/>\nW tej ostatniej cz\u0119\u015bci b\u0119dziemy rozwa\u017cali, co Pan Jezus cierpia\u0142 od chwili ukoronowania a\u017c do ci\u0119\u017ckiego skonania na krzy\u017cu. Te blu\u017anierstwa, zel\u017cywo\u015bci i zniewagi, jakie Mu wyrz\u0105dzono, ofiarujemy za grzesznik\u00f3w zatwardzia\u0142ych, aby Zbawiciel pobudzi\u0142 ich serca zb\u0142\u0105kane do pokuty i prawdziwej \u017cycia poprawy, oraz za dusze w czy\u015b\u0107cu cierpi\u0105ce, aby im lito\u015bciwy Jezus Krwi\u0105 swoj\u0105 \u015bwi\u0119t\u0105 ogie\u0144 zagasi\u0142; pro\u015bmy nadto, by i nam wyjedna\u0142 na godzin\u0119 \u015bmierci skruch\u0119 za grzechy i szcz\u0119\u015bliwe w \u0142asce Bo\u017cej wytrwanie.<\/p>\n<p><strong>Hymn <\/strong><br \/>\nDuszo ozi\u0119b\u0142a, czemu nie gorejesz? Serce me, czemu ca\u0142e nie truchlejesz?<br \/>\nToczy tw\u00f3j Jezus z ognistej mi\u0142o\u015bci, krew w obfito\u015bci.<br \/>\nOgie\u0144 mi\u0142o\u015bci, gdy Go tak rozpala, sromotne drzewo na ramiona zwala.<br \/>\nZemdlony Jezus pod krzy\u017cem ukl\u0119ka, j\u0119czy i st\u0119ka.<br \/>\nOkrutnym katom pos\u0142usznym si\u0119 staje, r\u0119ce i nogi przebi\u0107 sobie daje.<br \/>\nWisi na krzy\u017cu, b\u00f3l ponosi srogi, nasz Zbawca drogi.<br \/>\nO, s\u0142odkie drzewo, pu\u015b\u0107\u017ce nam ju\u017c Cia\u0142o, aby na tobie d\u0142u\u017cej nie wisia\u0142o!<br \/>\nMy je uczciwie w grobie po\u0142o\u017cymy, p\u0142acz uczynimy.<br \/>\nOby si\u0119 serce we \u0142zy rozp\u0142ywa\u0142o, \u017ce Ci\u0119, m\u00f3j Jezu, spro\u015bnie obra\u017ca\u0142o.<br \/>\n\u017bal mi, ach, \u017cal mi ci\u0119\u017ckich moich z\u0142o\u015bci, dla Twej mi\u0142o\u015bci.<br \/>\nNiech Ci m\u00f3j Jezu, cze\u015b\u0107 b\u0119dzie w wieczno\u015bci, za Twe obelgi, m\u0119ki, zel\u017cywo\u015bci.<br \/>\nKt\u00f3re\u015b ochotnie. Syn Boga Jedyny, cierpia\u0142 bez winy!<\/p>\n<p><strong>Lament duszy nad cierpi\u0105cym Jezusem <\/strong><br \/>\nJezu, od posp\u00f3lstwa niezbo\u017cnie, jako z\u0142oczy\u0144ca z \u0142otry por\u00f3wnany, Jezu m\u00f3j kochany!<br \/>\nJezu, od Pi\u0142ata nies\u0142usznie, na \u015bmier\u0107 krzy\u017cow\u0105 od ludzi skazany, Jezu m\u00f3j kochany!<br \/>\nJezu, srogim krzy\u017ca ci\u0119\u017carem, na Kalwaryjskiej drodze zmordowany, Jezu m\u00f3j kochany!<br \/>\nJezu, do sromotnego drzewa, przyt\u0119piony\u00acmi gwo\u017ad\u017ami przykowany, Jezu m\u00f3j kochany!<br \/>\nJezu, jawnie po\u015br\u00f3d dwu \u0142otr\u00f3w, na drzewie ha\u0144by ukrzy\u017cowany, Jezu m\u00f3j kochany!<br \/>\nJezu, od stoj\u0105cych woko\u0142o, i przechodz\u0105cych szyderczo wy\u015bmiany, Jezu m\u00f3j kochany!<br \/>\nJezu, blu\u017anierstwami od z\u0142ego, wsp\u00f3\u0142wisz\u0105cego \u0142otra wyszydzany, Jezu m\u00f3j kochany!<br \/>\nJezu, gorzk\u0105 \u017c\u00f3\u0142ci\u0105 i octem, w wielkim pragnieniu swoim napawany, Jezu m\u00f3j kochany!<br \/>\nJezu, w swej mi\u0142o\u015bci niezmiernej, jeszcze po \u015bmierci w\u0142\u00f3czni\u0105 przeorany, Jezu m\u00f3j kochany!<br \/>\nJezu, od J\u00f3zefa uczciwie, i Nikodema w grobie pochowany, Jezu m\u00f3j kochany!<br \/>\nB\u0105d\u017a pozdrowiony! B\u0105d\u017a pochwalony! Dla nas zm\u0119czony i krwi\u0105 zbroczony.<br \/>\nB\u0105d\u017a uwielbiony, b\u0105d\u017a wys\u0142awiony! Bo\u017ce niesko\u0144czony!<\/p>\n<p><strong>Rozmowa duszy z Matk\u0105 Bolesn\u0105<\/strong><br \/>\nAch, ja Matka bole\u015bciwa, pod krzy\u017cem stoj\u0119 smutliwa, serce \u017ca\u0142o\u015b\u0107 przejmuje.<br \/>\nO Matko, niechaj prawdziwie, patrz\u0105c na krzy\u017c \u017ca\u0142o\u015bliwie, p\u0142acz\u0119 z Tob\u0105 rzewliwie!<br \/>\nJu\u017cci, ju\u017c, moje Kochanie, gotuje si\u0119 na skonanie, to\u0107 i ja z Nim umieram!<br \/>\nPragn\u0119, Matko, zosta\u0107 z Tob\u0105, dzieli\u0107 si\u0119 Twoj\u0105 \u017ca\u0142ob\u0105, \u015bmierci\u0105 Syna Twojego.<br \/>\nZamkn\u0105\u0142 s\u0142odk\u0105 Jezus mow\u0119, ju\u017c ku ziemi sk\u0142ania g\u0142ow\u0119, \u017cegna ju\u017c Matk\u0119 swoj\u0105!<br \/>\nO Maryjo, Ciebie prosz\u0119, niech Jezusa rany nosz\u0119, i serdecznie rozwa\u017cam.<\/p>\n<p>Kt\u00f3ry\u015b za nas cierpia\u0142 rany, Jezu Chryste, zmi\u0142uj si\u0119 nad nami!<br \/>\nKt\u00f3ry\u015b za nas cierpia\u0142 rany, Jezu Chryste, zmi\u0142uj si\u0119 nad nami!<br \/>\nKt\u00f3ry\u015b za nas cierpia\u0142 rany, Jezu Chryste, zmi\u0142uj si\u0119 na<\/p>\n<\/div>\n","protected":false},"excerpt":{"rendered":"<p>W kalwaryjskim Sanktuarium Krzy\u017ca \u015awi\u0119tego w ka\u017cd\u0105 niedziel\u0119 Wielkiego Postu o 15.00 Gorzkie \u017bale z kazaniem pasyjnym, a po nich Msza \u015awi\u0119ta. Serdecznie zapraszamy dzieci, m\u0142odzie\u017c i doros\u0142ych do licznego udzia\u0142u w tym nabo\u017ce\u0144stwie. \u015aw. Augustyn: \u201eNie ma nic bardziej zbawiennego jak rozmy\u015blanie ile wycierpia\u0142 za nas B\u00f3g \u2013 Cz\u0142owiek\u201d. HISTORIA Gorzkie \u017bale \u2013 to &hellip;<\/p>\n","protected":false},"author":2,"featured_media":21979,"comment_status":"closed","ping_status":"closed","sticky":false,"template":"","format":"standard","meta":{"_mi_skip_tracking":false,"_exactmetrics_sitenote_active":false,"_exactmetrics_sitenote_note":"","_exactmetrics_sitenote_category":0},"categories":[14],"tags":[],"yoast_head":"<!-- This site is optimized with the Yoast SEO plugin v18.1 - https:\/\/yoast.com\/wordpress\/plugins\/seo\/ -->\n<title>Gorzkie \u017bale z kazaniem pasyjnym w niedziele o 15.00. - Pako\u015b\u0107 \u2013 Kalwaria<\/title>\n<meta name=\"robots\" content=\"index, follow, max-snippet:-1, max-image-preview:large, max-video-preview:-1\" \/>\n<link rel=\"canonical\" href=\"https:\/\/pakosc-kalwaria.franciszkanie.net\/index.php\/2022\/04\/01\/gorzkie-zale-z-kazaniem-pasyjnym-w-niedziele-o-15-00\/\" \/>\n<meta property=\"og:locale\" content=\"pl_PL\" \/>\n<meta property=\"og:type\" content=\"article\" \/>\n<meta property=\"og:title\" content=\"Gorzkie \u017bale z kazaniem pasyjnym w niedziele o 15.00. - Pako\u015b\u0107 \u2013 Kalwaria\" \/>\n<meta property=\"og:description\" content=\"W kalwaryjskim Sanktuarium Krzy\u017ca \u015awi\u0119tego w ka\u017cd\u0105 niedziel\u0119 Wielkiego Postu o 15.00 Gorzkie \u017bale z kazaniem pasyjnym, a po nich Msza \u015awi\u0119ta. Serdecznie zapraszamy dzieci, m\u0142odzie\u017c i doros\u0142ych do licznego udzia\u0142u w tym nabo\u017ce\u0144stwie. \u015aw. Augustyn: \u201eNie ma nic bardziej zbawiennego jak rozmy\u015blanie ile wycierpia\u0142 za nas B\u00f3g \u2013 Cz\u0142owiek\u201d. HISTORIA Gorzkie \u017bale \u2013 to &hellip;\" \/>\n<meta property=\"og:url\" content=\"https:\/\/pakosc-kalwaria.franciszkanie.net\/index.php\/2022\/04\/01\/gorzkie-zale-z-kazaniem-pasyjnym-w-niedziele-o-15-00\/\" \/>\n<meta property=\"og:site_name\" content=\"Pako\u015b\u0107 \u2013 Kalwaria\" \/>\n<meta property=\"article:author\" content=\"https:\/\/www.facebook.com\/KalwariaPakosc\/\" \/>\n<meta property=\"article:published_time\" content=\"2022-04-01T07:30:23+00:00\" \/>\n<meta property=\"article:modified_time\" content=\"2022-04-12T06:31:59+00:00\" \/>\n<meta property=\"og:image\" content=\"https:\/\/pakosc-kalwaria.franciszkanie.net\/wp-content\/uploads\/2022\/02\/Gorzkie-zale-200x150-1.jpeg\" \/>\n\t<meta property=\"og:image:width\" content=\"300\" \/>\n\t<meta property=\"og:image:height\" content=\"225\" \/>\n\t<meta property=\"og:image:type\" content=\"image\/jpeg\" \/>\n<meta name=\"twitter:card\" content=\"summary\" \/>\n<meta name=\"twitter:label1\" content=\"Napisane przez\" \/>\n\t<meta name=\"twitter:data1\" content=\"pakosc-kalwaria\" \/>\n\t<meta name=\"twitter:label2\" content=\"Szacowany czas czytania\" \/>\n\t<meta name=\"twitter:data2\" content=\"13 minut\" \/>\n<script type=\"application\/ld+json\" class=\"yoast-schema-graph\">{\"@context\":\"https:\/\/schema.org\",\"@graph\":[{\"@type\":\"WebSite\",\"@id\":\"https:\/\/pakosc-kalwaria.franciszkanie.net\/#website\",\"url\":\"https:\/\/pakosc-kalwaria.franciszkanie.net\/\",\"name\":\"Pako\u015b\u0107 \u2013 Kalwaria\",\"description\":\"Parafia Rzymsko \u2013 Katolicka p.w. Pana Jezusa Ukrzy\u017cowanego i  Matki Bo\u017cej Bolesnej ul. Barci\u0144ska 60, 88\u2013170 Pako\u015b\u0107 \u2013 Kalwaria\",\"potentialAction\":[{\"@type\":\"SearchAction\",\"target\":{\"@type\":\"EntryPoint\",\"urlTemplate\":\"https:\/\/pakosc-kalwaria.franciszkanie.net\/?s={search_term_string}\"},\"query-input\":\"required name=search_term_string\"}],\"inLanguage\":\"pl-PL\"},{\"@type\":\"ImageObject\",\"@id\":\"https:\/\/pakosc-kalwaria.franciszkanie.net\/index.php\/2022\/04\/01\/gorzkie-zale-z-kazaniem-pasyjnym-w-niedziele-o-15-00\/#primaryimage\",\"inLanguage\":\"pl-PL\",\"url\":\"https:\/\/pakosc-kalwaria.franciszkanie.net\/wp-content\/uploads\/2022\/02\/Gorzkie-zale-200x150-1.jpeg\",\"contentUrl\":\"https:\/\/pakosc-kalwaria.franciszkanie.net\/wp-content\/uploads\/2022\/02\/Gorzkie-zale-200x150-1.jpeg\",\"width\":300,\"height\":225},{\"@type\":\"WebPage\",\"@id\":\"https:\/\/pakosc-kalwaria.franciszkanie.net\/index.php\/2022\/04\/01\/gorzkie-zale-z-kazaniem-pasyjnym-w-niedziele-o-15-00\/#webpage\",\"url\":\"https:\/\/pakosc-kalwaria.franciszkanie.net\/index.php\/2022\/04\/01\/gorzkie-zale-z-kazaniem-pasyjnym-w-niedziele-o-15-00\/\",\"name\":\"Gorzkie \u017bale z kazaniem pasyjnym w niedziele o 15.00. - Pako\u015b\u0107 \u2013 Kalwaria\",\"isPartOf\":{\"@id\":\"https:\/\/pakosc-kalwaria.franciszkanie.net\/#website\"},\"primaryImageOfPage\":{\"@id\":\"https:\/\/pakosc-kalwaria.franciszkanie.net\/index.php\/2022\/04\/01\/gorzkie-zale-z-kazaniem-pasyjnym-w-niedziele-o-15-00\/#primaryimage\"},\"datePublished\":\"2022-04-01T07:30:23+00:00\",\"dateModified\":\"2022-04-12T06:31:59+00:00\",\"author\":{\"@id\":\"https:\/\/pakosc-kalwaria.franciszkanie.net\/#\/schema\/person\/af10b943be0760709227d060eadcb2aa\"},\"breadcrumb\":{\"@id\":\"https:\/\/pakosc-kalwaria.franciszkanie.net\/index.php\/2022\/04\/01\/gorzkie-zale-z-kazaniem-pasyjnym-w-niedziele-o-15-00\/#breadcrumb\"},\"inLanguage\":\"pl-PL\",\"potentialAction\":[{\"@type\":\"ReadAction\",\"target\":[\"https:\/\/pakosc-kalwaria.franciszkanie.net\/index.php\/2022\/04\/01\/gorzkie-zale-z-kazaniem-pasyjnym-w-niedziele-o-15-00\/\"]}]},{\"@type\":\"BreadcrumbList\",\"@id\":\"https:\/\/pakosc-kalwaria.franciszkanie.net\/index.php\/2022\/04\/01\/gorzkie-zale-z-kazaniem-pasyjnym-w-niedziele-o-15-00\/#breadcrumb\",\"itemListElement\":[{\"@type\":\"ListItem\",\"position\":1,\"name\":\"Strona g\u0142\u00f3wna\",\"item\":\"https:\/\/pakosc-kalwaria.franciszkanie.net\/\"},{\"@type\":\"ListItem\",\"position\":2,\"name\":\"Gorzkie \u017bale z kazaniem pasyjnym w niedziele o 15.00.\"}]},{\"@type\":\"Person\",\"@id\":\"https:\/\/pakosc-kalwaria.franciszkanie.net\/#\/schema\/person\/af10b943be0760709227d060eadcb2aa\",\"name\":\"pakosc-kalwaria\",\"image\":{\"@type\":\"ImageObject\",\"@id\":\"https:\/\/pakosc-kalwaria.franciszkanie.net\/#personlogo\",\"inLanguage\":\"pl-PL\",\"url\":\"https:\/\/secure.gravatar.com\/avatar\/e7049d338b55eac6a0027ff3218b8d02?s=96&d=mm&r=g\",\"contentUrl\":\"https:\/\/secure.gravatar.com\/avatar\/e7049d338b55eac6a0027ff3218b8d02?s=96&d=mm&r=g\",\"caption\":\"pakosc-kalwaria\"},\"sameAs\":[\"https:\/\/www.facebook.com\/KalwariaPakosc\/\"],\"url\":\"https:\/\/pakosc-kalwaria.franciszkanie.net\/index.php\/author\/pakosc-kalwaria\/\"}]}<\/script>\n<!-- \/ Yoast SEO plugin. -->","yoast_head_json":{"title":"Gorzkie \u017bale z kazaniem pasyjnym w niedziele o 15.00. - Pako\u015b\u0107 \u2013 Kalwaria","robots":{"index":"index","follow":"follow","max-snippet":"max-snippet:-1","max-image-preview":"max-image-preview:large","max-video-preview":"max-video-preview:-1"},"canonical":"https:\/\/pakosc-kalwaria.franciszkanie.net\/index.php\/2022\/04\/01\/gorzkie-zale-z-kazaniem-pasyjnym-w-niedziele-o-15-00\/","og_locale":"pl_PL","og_type":"article","og_title":"Gorzkie \u017bale z kazaniem pasyjnym w niedziele o 15.00. - Pako\u015b\u0107 \u2013 Kalwaria","og_description":"W kalwaryjskim Sanktuarium Krzy\u017ca \u015awi\u0119tego w ka\u017cd\u0105 niedziel\u0119 Wielkiego Postu o 15.00 Gorzkie \u017bale z kazaniem pasyjnym, a po nich Msza \u015awi\u0119ta. Serdecznie zapraszamy dzieci, m\u0142odzie\u017c i doros\u0142ych do licznego udzia\u0142u w tym nabo\u017ce\u0144stwie. \u015aw. Augustyn: \u201eNie ma nic bardziej zbawiennego jak rozmy\u015blanie ile wycierpia\u0142 za nas B\u00f3g \u2013 Cz\u0142owiek\u201d. HISTORIA Gorzkie \u017bale \u2013 to &hellip;","og_url":"https:\/\/pakosc-kalwaria.franciszkanie.net\/index.php\/2022\/04\/01\/gorzkie-zale-z-kazaniem-pasyjnym-w-niedziele-o-15-00\/","og_site_name":"Pako\u015b\u0107 \u2013 Kalwaria","article_author":"https:\/\/www.facebook.com\/KalwariaPakosc\/","article_published_time":"2022-04-01T07:30:23+00:00","article_modified_time":"2022-04-12T06:31:59+00:00","og_image":[{"width":300,"height":225,"url":"https:\/\/pakosc-kalwaria.franciszkanie.net\/wp-content\/uploads\/2022\/02\/Gorzkie-zale-200x150-1.jpeg","type":"image\/jpeg"}],"twitter_card":"summary","twitter_misc":{"Napisane przez":"pakosc-kalwaria","Szacowany czas czytania":"13 minut"},"schema":{"@context":"https:\/\/schema.org","@graph":[{"@type":"WebSite","@id":"https:\/\/pakosc-kalwaria.franciszkanie.net\/#website","url":"https:\/\/pakosc-kalwaria.franciszkanie.net\/","name":"Pako\u015b\u0107 \u2013 Kalwaria","description":"Parafia Rzymsko \u2013 Katolicka p.w. Pana Jezusa Ukrzy\u017cowanego i  Matki Bo\u017cej Bolesnej ul. Barci\u0144ska 60, 88\u2013170 Pako\u015b\u0107 \u2013 Kalwaria","potentialAction":[{"@type":"SearchAction","target":{"@type":"EntryPoint","urlTemplate":"https:\/\/pakosc-kalwaria.franciszkanie.net\/?s={search_term_string}"},"query-input":"required name=search_term_string"}],"inLanguage":"pl-PL"},{"@type":"ImageObject","@id":"https:\/\/pakosc-kalwaria.franciszkanie.net\/index.php\/2022\/04\/01\/gorzkie-zale-z-kazaniem-pasyjnym-w-niedziele-o-15-00\/#primaryimage","inLanguage":"pl-PL","url":"https:\/\/pakosc-kalwaria.franciszkanie.net\/wp-content\/uploads\/2022\/02\/Gorzkie-zale-200x150-1.jpeg","contentUrl":"https:\/\/pakosc-kalwaria.franciszkanie.net\/wp-content\/uploads\/2022\/02\/Gorzkie-zale-200x150-1.jpeg","width":300,"height":225},{"@type":"WebPage","@id":"https:\/\/pakosc-kalwaria.franciszkanie.net\/index.php\/2022\/04\/01\/gorzkie-zale-z-kazaniem-pasyjnym-w-niedziele-o-15-00\/#webpage","url":"https:\/\/pakosc-kalwaria.franciszkanie.net\/index.php\/2022\/04\/01\/gorzkie-zale-z-kazaniem-pasyjnym-w-niedziele-o-15-00\/","name":"Gorzkie \u017bale z kazaniem pasyjnym w niedziele o 15.00. - Pako\u015b\u0107 \u2013 Kalwaria","isPartOf":{"@id":"https:\/\/pakosc-kalwaria.franciszkanie.net\/#website"},"primaryImageOfPage":{"@id":"https:\/\/pakosc-kalwaria.franciszkanie.net\/index.php\/2022\/04\/01\/gorzkie-zale-z-kazaniem-pasyjnym-w-niedziele-o-15-00\/#primaryimage"},"datePublished":"2022-04-01T07:30:23+00:00","dateModified":"2022-04-12T06:31:59+00:00","author":{"@id":"https:\/\/pakosc-kalwaria.franciszkanie.net\/#\/schema\/person\/af10b943be0760709227d060eadcb2aa"},"breadcrumb":{"@id":"https:\/\/pakosc-kalwaria.franciszkanie.net\/index.php\/2022\/04\/01\/gorzkie-zale-z-kazaniem-pasyjnym-w-niedziele-o-15-00\/#breadcrumb"},"inLanguage":"pl-PL","potentialAction":[{"@type":"ReadAction","target":["https:\/\/pakosc-kalwaria.franciszkanie.net\/index.php\/2022\/04\/01\/gorzkie-zale-z-kazaniem-pasyjnym-w-niedziele-o-15-00\/"]}]},{"@type":"BreadcrumbList","@id":"https:\/\/pakosc-kalwaria.franciszkanie.net\/index.php\/2022\/04\/01\/gorzkie-zale-z-kazaniem-pasyjnym-w-niedziele-o-15-00\/#breadcrumb","itemListElement":[{"@type":"ListItem","position":1,"name":"Strona g\u0142\u00f3wna","item":"https:\/\/pakosc-kalwaria.franciszkanie.net\/"},{"@type":"ListItem","position":2,"name":"Gorzkie \u017bale z kazaniem pasyjnym w niedziele o 15.00."}]},{"@type":"Person","@id":"https:\/\/pakosc-kalwaria.franciszkanie.net\/#\/schema\/person\/af10b943be0760709227d060eadcb2aa","name":"pakosc-kalwaria","image":{"@type":"ImageObject","@id":"https:\/\/pakosc-kalwaria.franciszkanie.net\/#personlogo","inLanguage":"pl-PL","url":"https:\/\/secure.gravatar.com\/avatar\/e7049d338b55eac6a0027ff3218b8d02?s=96&d=mm&r=g","contentUrl":"https:\/\/secure.gravatar.com\/avatar\/e7049d338b55eac6a0027ff3218b8d02?s=96&d=mm&r=g","caption":"pakosc-kalwaria"},"sameAs":["https:\/\/www.facebook.com\/KalwariaPakosc\/"],"url":"https:\/\/pakosc-kalwaria.franciszkanie.net\/index.php\/author\/pakosc-kalwaria\/"}]}},"_links":{"self":[{"href":"https:\/\/pakosc-kalwaria.franciszkanie.net\/index.php\/wp-json\/wp\/v2\/posts\/21978"}],"collection":[{"href":"https:\/\/pakosc-kalwaria.franciszkanie.net\/index.php\/wp-json\/wp\/v2\/posts"}],"about":[{"href":"https:\/\/pakosc-kalwaria.franciszkanie.net\/index.php\/wp-json\/wp\/v2\/types\/post"}],"author":[{"embeddable":true,"href":"https:\/\/pakosc-kalwaria.franciszkanie.net\/index.php\/wp-json\/wp\/v2\/users\/2"}],"replies":[{"embeddable":true,"href":"https:\/\/pakosc-kalwaria.franciszkanie.net\/index.php\/wp-json\/wp\/v2\/comments?post=21978"}],"version-history":[{"count":1,"href":"https:\/\/pakosc-kalwaria.franciszkanie.net\/index.php\/wp-json\/wp\/v2\/posts\/21978\/revisions"}],"predecessor-version":[{"id":21980,"href":"https:\/\/pakosc-kalwaria.franciszkanie.net\/index.php\/wp-json\/wp\/v2\/posts\/21978\/revisions\/21980"}],"wp:featuredmedia":[{"embeddable":true,"href":"https:\/\/pakosc-kalwaria.franciszkanie.net\/index.php\/wp-json\/wp\/v2\/media\/21979"}],"wp:attachment":[{"href":"https:\/\/pakosc-kalwaria.franciszkanie.net\/index.php\/wp-json\/wp\/v2\/media?parent=21978"}],"wp:term":[{"taxonomy":"category","embeddable":true,"href":"https:\/\/pakosc-kalwaria.franciszkanie.net\/index.php\/wp-json\/wp\/v2\/categories?post=21978"},{"taxonomy":"post_tag","embeddable":true,"href":"https:\/\/pakosc-kalwaria.franciszkanie.net\/index.php\/wp-json\/wp\/v2\/tags?post=21978"}],"curies":[{"name":"wp","href":"https:\/\/api.w.org\/{rel}","templated":true}]}}