{"id":22012,"date":"2022-03-01T07:56:49","date_gmt":"2022-03-01T06:56:49","guid":{"rendered":"http:\/\/pakosc-kalwaria.franciszkanie.net\/?p=22012"},"modified":"2022-03-03T21:41:52","modified_gmt":"2022-03-03T20:41:52","slug":"adoracja-najswietszego-sakramentu-3-marca-blogoslawienstwo-malzenstw-i-rodzin","status":"publish","type":"post","link":"https:\/\/pakosc-kalwaria.franciszkanie.net\/index.php\/2022\/03\/01\/adoracja-najswietszego-sakramentu-3-marca-blogoslawienstwo-malzenstw-i-rodzin\/","title":{"rendered":"Adoracja Naj\u015bwi\u0119tszego Sakramentu \u2013 3 marca. B\u0142ogos\u0142awie\u0144stwo Ma\u0142\u017ce\u0144stw i Rodzin."},"content":{"rendered":"<div class=\"entry-content\">\n<div class=\"entry-content\">\n<div class=\"entry-content\">\n<div class=\"entry-content\">\n<div class=\"entry-content\">\n<div class=\"entry-content\">\n<div class=\"entry-content\">\n<div class=\"entry-content\">\n<div class=\"entry-content\">\n<div class=\"entry-content\">\n<p><strong>Najbli\u017csza Adoracja Naj\u015bwi\u0119tszego Sakramentu (\u201eGodzina \u015awi\u0119ta\u201d) <span style=\"color: #ff0000;\">w Pierwszy Czwartek 3 marca od 19.00 \u2013 20.00,<\/span> z okazj\u0105 do Spowiedzi \u015bwi\u0119tej. Zaplanuj czas na spotkanie z Jezusem!<br \/>\n<\/strong><strong><span style=\"color: #ff0000;\">W Pierwszy Czwartek Miesi\u0105ca o 17.00 Msza \u015bwi\u0119ta<\/span> o nowe powo\u0142ania\u00a0 kap\u0142a\u0144skie i zakonne oraz w intencji Liturgicznej S\u0142u\u017cby O\u0142tarza i ich Rodzin. <span style=\"color: #ff0000;\">Od 16.30 okazja do Spowiedzi \u015bwi\u0119tej.<\/span><\/strong><\/p>\n<p><strong>Zapraszamy na comiesi\u0119czne adoracje Naj\u015bwi\u0119tszego Sakramentu w naszym kalwaryjskim ko\u015bciele w Pierwsze Czwartki Miesi\u0105ca od 19.00 \u2013 20.00. Adoruj\u0105c Jezusa modlimy si\u0119 szczeg\u00f3lnie o nowe powo\u0142ania kap\u0142a\u0144skie i zakonne.<br \/>\nW ramach przygotowania do X \u015awiatowego Spotkania Rodzin z papie\u017cem Franciszkiem, do czerwca w czasie adoracji modli\u0107 si\u0119 b\u0119dziemy tak\u017ce za Ma\u0142\u017ce\u0144stwa i Rodziny. <span style=\"color: #ff0000;\">Na zako\u0144czenie\u00a0 adoracji, <\/span><\/strong><span style=\"color: #ff0000;\"><strong>Ma\u0142\u017ce\u0144stwom, Rodzinom i Osobom <\/strong><\/span><strong><span style=\"color: #ff0000;\">b\u0119dzie udzielane indywidualne b\u0142ogos\u0142awie\u0144stwo Naj\u015bwi\u0119tszym Sakramentem.<\/span>\u00a0 Serdecznie zapraszamy do wsp\u00f3lnej ma\u0142\u017ce\u0144skiej i rodzinnej modlitwy.<br \/>\nZapraszamy na adoracje tak\u017ce m\u0142odzie\u017c klas VIII oraz I ponadpodstawowych, kt\u00f3ra przygotowuje si\u0119 do przyj\u0119cia Sakramentu Bierzmowania. Niech czas sp\u0119dzony z Jezusem na adoracji b\u0119dzie okazj\u0105 do umacniania wiary.<br \/>\n<\/strong><\/p>\n<p><strong><br \/>\nPodczas Eucharystii sprawowanej w Bazylice Watyka\u0144skiej w uroczysto\u015b\u0107 Objawienia Pa\u0144skiego 6 stycznia 2020r. papie\u017c Franciszek zwr\u00f3ci\u0142 uwag\u0119 na to, jak w wa\u017cna w naszym chrze\u015bcija\u0144skim \u017cyciu jest adoracja Jezusa, adoracja Boga!\u00a0 <\/strong><strong>Kiedy cz\u0142owiek nie adoruje Boga, ma sk\u0142onno\u015b\u0107 do adoracji swojego ego.<\/strong><\/p>\n<p>\u201e<strong>Je\u015bli tracimy poczucie adoracji,<\/strong> to tracimy sens drogi \u017cycia chrze\u015bcija\u0144skiego, kt\u00f3re jest pielgrzymowaniem do Pana, a nie ku nam samym. Przed tym zagro\u017ceniem przestrzega nas Ewangelia, przedstawiaj\u0105c (\u2026) postacie, kt\u00f3re nie potrafi\u0105 adorowa\u0107.<br \/>\n(\u2026) <strong>Cz\u0142owiek, kiedy nie adoruje Boga<\/strong>, ma sk\u0142onno\u015b\u0107 do adoracji swojego ego. Tak\u017ce \u017cycie chrze\u015bcija\u0144skie bez oddawania czci Panu mo\u017ce sta\u0107 si\u0119 uprzejmym sposobem na aprobowanie siebie i swoich umiej\u0119tno\u015bci \u2013 to chrze\u015bcijanie, kt\u00f3rzy nie potrafi\u0105 adorowa\u0107, kt\u00f3rzy nie potrafi\u0105 si\u0119 modli\u0107, adoruj\u0105c. Jest to powa\u017cne zagro\u017cenie: pos\u0142ugiwa\u0107 si\u0119 Bogiem, a nie s\u0142u\u017cy\u0107 Bogu. Ile razy mylili\u015bmy interesy Ewangelii z naszymi, ile razy pokrywali\u015bmy religijno\u015bci\u0105 to, co zapewnia\u0142o nam wygod\u0119, ile razy mylili\u015bmy w\u0142adz\u0119 wed\u0142ug Boga, kt\u00f3ra oznacza s\u0142u\u017cenie innym, z w\u0142adz\u0105 wed\u0142ug \u015bwiata, kt\u00f3ra jest s\u0142u\u017ceniem sobie samym!<strong><br \/>\n<\/strong>(\u2026) W \u017cyciu chrze\u015bcija\u0144skim nie wystarczy wiedzie\u0107. Nie wychodz\u0105c ze swoich ogranicze\u0144, nie spotykaj\u0105c si\u0119, nie adoruj\u0105c, nie znamy Boga. Na niewiele lub na nic si\u0119 zdadz\u0105 teologia i skuteczno\u015b\u0107 duszpasterska, je\u015bli nie zegniemy kolan (\u2026).<\/p>\n<p><strong>Kiedy adorujemy<\/strong>, zdajemy sobie spraw\u0119, \u017ce wiara nie sprowadza si\u0119 do zestawu pi\u0119knych doktryn, lecz jest relacj\u0105 z \u017cyw\u0105 Osob\u0105, kt\u00f3r\u0105 si\u0119 kocha. Staj\u0105c twarz\u0105 w twarz z Jezusem, poznajemy Jego oblicze. <strong>Adoruj\u0105c,<\/strong> odkrywamy, \u017ce \u017cycie chrze\u015bcija\u0144skie to dzieje mi\u0142o\u015bci z Bogiem, w kt\u00f3rych nie wystarczaj\u0105 dobre idee, ale trzeba postawi\u0107 Go na pierwszym miejscu, tak jak czyni kto\u015b zakochany z osob\u0105, kt\u00f3r\u0105 mi\u0142uje. Takim w\u0142a\u015bnie musi by\u0107 Ko\u015bci\u00f3\u0142, oddaj\u0105cy cze\u015b\u0107, zakochany w Jezusie, swoim Oblubie\u0144cu.<\/p>\n<p>(\u2026) <strong>Odkrywamy adoracj\u0119<\/strong> jako wym\u00f3g wiary. Je\u015bli b\u0119dziemy umieli ukl\u0119kn\u0105\u0107 przed Jezusem, to pokonamy pokus\u0119, by ka\u017cdy par\u0142 do przodu swoj\u0105 drog\u0105. <strong>Adorowanie <\/strong>jest w istocie dokonywaniem wyj\u015bcia z najwi\u0119kszej niewoli, z niewoli samego siebie. <strong>Adorowanie<\/strong> to stawianie Pana w centrum, aby\u015bmy nie byli ju\u017c skoncentrowani na sobie. Chodzi o nadanie w\u0142a\u015bciwego \u0142adu rzeczom, daj\u0105c Bogu pierwsze miejsce.<br \/>\n<strong>Adorowanie <\/strong>to stawianie Bo\u017cych plan\u00f3w nad moim czasem, moimi prawami, moimi przestrzeniami. To przyj\u0119cie nauki Pisma \u015awi\u0119tego: \u201ePanu, Bogu swemu, b\u0119dziesz oddawa\u0142 pok\u0142on\u201d (Mt 4, 10). Bogu twemu: adorowa\u0107 to odczu\u0107 wzajemn\u0105 przynale\u017cno\u015b\u0107 do Boga. To powiedzenie do Niego \u201eTy\u201d w g\u0142\u0119bi swej duszy, to zaniesienie Jemu \u017cycia, pozwalaj\u0105c Mu wej\u015b\u0107 w nasze \u017cycie. To sprawienie, by zst\u0105pi\u0142a na \u015bwiat Jego pociecha. <strong>Adorowanie<\/strong> to odkrycie, \u017ce, aby si\u0119 modli\u0107, wystarczy powiedzie\u0107: \u201ePan m\u00f3j i B\u00f3g m\u00f3j!\u201d (J 20, 28) i da\u0107 si\u0119 przenikn\u0105\u0107 Jego czu\u0142o\u015bci.<\/p>\n<p><strong>Adorowa\u0107,<\/strong> to znaczy spotyka\u0107 Jezusa bez listy pr\u00f3\u015bb, ale z jedyn\u0105 pro\u015bb\u0105 \u2013 aby z Nim przebywa\u0107. To odkrycie, \u017ce rado\u015b\u0107 i pok\u00f3j rosn\u0105 wraz z uwielbieniem i dzi\u0119kczynieniem. <strong>Kiedy adorujemy<\/strong>, pozwalamy Jezusowi nas uleczy\u0107 i zmienia\u0107. <strong>Adoruj\u0105c,<\/strong> dajemy Panu mo\u017cliwo\u015b\u0107 przemienienia nas Jego mi\u0142o\u015bci\u0105, rozja\u015bnienia naszych ciemno\u015bci, dania nam si\u0142 w s\u0142abo\u015bci i odwagi w trudnych do\u015bwiadczeniach. <strong>Adorowa\u0107 <\/strong>to znaczy dociera\u0107 do tego, co najistotniejsze: to spos\u00f3b na odzwyczajenie si\u0119 od wielu rzeczy bezu\u017cytecznych, od uzale\u017cnie\u0144, kt\u00f3re znieczulaj\u0105 serce i zamraczaj\u0105 umys\u0142.<\/p>\n<p><strong>Adoruj\u0105c<\/strong>, uczymy si\u0119 bowiem odrzucania tego, czego nie nale\u017cy czci\u0107: bo\u017cka pieni\u0119dzy, bo\u017cka konsumpcji, bo\u017cka przyjemno\u015bci, bo\u017cka sukcesu, naszego ego ustanowionego bo\u017ckiem. <strong>Adorowa\u0107 <\/strong>to czyni\u0107 siebie ma\u0142ym w obliczu Najwy\u017cszego, aby przed Nim odkrywa\u0107, \u017ce wspania\u0142o\u015b\u0107 \u017cycia nie polega na posiadaniu, ale na mi\u0142owaniu. <strong>Adorowa\u0107<\/strong> to odkrywa\u0107, \u017ce jeste\u015bmy bra\u0107mi i siostrami w obliczu misterium mi\u0142o\u015bci, kt\u00f3ra przekracza wszelkie dystanse: to zaczerpn\u0105\u0107 dobra ze \u017ar\u00f3d\u0142a, to znale\u017a\u0107 w Bogu bliskim odwag\u0119, by zbli\u017cy\u0107 si\u0119 do innych. <strong>Adorowa\u0107<\/strong> to umie\u0107 milcze\u0107 w obliczu Bo\u017cego S\u0142owa, by uczy\u0107 si\u0119 wypowiadania s\u0142\u00f3w, kt\u00f3re nie rani\u0105, ale daj\u0105 pocieszenie.<\/p>\n<p><strong>Adoracja<\/strong> jest gestem mi\u0142o\u015bci odmieniaj\u0105cym \u017cycie (\u2026) aby Mu powiedzie\u0107, \u017ce nic nie jest cenniejsze ni\u017c On (\u2026) by powiedzie\u0107, \u017ce tylko wraz z Nim nasze \u017cycie wznosi si\u0119 ku temu, co wysokie; to <strong>(\u2026) <\/strong>obieca\u0107 Jezusowi, \u017ce pomo\u017cemy naszemu bli\u017aniemu, spychanemu na margines i cierpi\u0105cemu, poniewa\u017c On jest tam. Zazwyczaj potrafimy si\u0119 modli\u0107, prosimy, dzi\u0119kujemy Panu, ale Ko\u015bci\u00f3\u0142 powinien p\u00f3j\u015b\u0107 jeszcze dalej, z modlitw\u0105 adoracji, powinni\u015bmy wzrasta\u0107 w adoracji. To m\u0105dro\u015b\u0107, kt\u00f3rej powinni\u015bmy si\u0119 uczy\u0107 ka\u017cdego dnia \u2013 modli\u0107 si\u0119, adoruj\u0105c \u2013 modlitwa adoracji.<\/p>\n<p><strong>(\u2026) Dzi\u015b ka\u017cdy z nas mo\u017ce zada\u0107 sobie pytanie: \u201eCzy jestem chrze\u015bcijaninem adoruj\u0105cym?\u201d Wielu chrze\u015bcijan modl\u0105cych si\u0119 nie potrafi adorowa\u0107 (\u2026) Znajdujmy w naszych dniach czas na adoracj\u0119 i tw\u00f3rzmy przestrzenie na adoracj\u0119 w naszych wsp\u00f3lnotach (\u2026) Adoruj\u0105c, r\u00f3wnie\u017c my odkryjemy (\u2026) sens naszego pielgrzymowania. I (\u2026) do\u015bwiadczymy \u201ebardzo wielkiej rado\u015bci\u201d (Mt 2, 10)\u201d.<\/strong><\/p>\n<\/div>\n<\/div>\n<\/div>\n<\/div>\n<\/div>\n<\/div>\n<\/div>\n<\/div>\n<\/div>\n<\/div>\n","protected":false},"excerpt":{"rendered":"<p>Najbli\u017csza Adoracja Naj\u015bwi\u0119tszego Sakramentu (\u201eGodzina \u015awi\u0119ta\u201d) w Pierwszy Czwartek 3 marca od 19.00 \u2013 20.00, z okazj\u0105 do Spowiedzi \u015bwi\u0119tej. Zaplanuj czas na spotkanie z Jezusem! W Pierwszy Czwartek Miesi\u0105ca o 17.00 Msza \u015bwi\u0119ta o nowe powo\u0142ania\u00a0 kap\u0142a\u0144skie i zakonne oraz w intencji Liturgicznej S\u0142u\u017cby O\u0142tarza i ich Rodzin. Od 16.30 okazja do Spowiedzi \u015bwi\u0119tej. &hellip;<\/p>\n","protected":false},"author":2,"featured_media":22014,"comment_status":"closed","ping_status":"closed","sticky":false,"template":"","format":"standard","meta":{"_mi_skip_tracking":false,"_exactmetrics_sitenote_active":false,"_exactmetrics_sitenote_note":"","_exactmetrics_sitenote_category":0},"categories":[13,14],"tags":[],"yoast_head":"<!-- This site is optimized with the Yoast SEO plugin v18.1 - https:\/\/yoast.com\/wordpress\/plugins\/seo\/ -->\n<title>Adoracja Naj\u015bwi\u0119tszego Sakramentu \u2013 3 marca. B\u0142ogos\u0142awie\u0144stwo Ma\u0142\u017ce\u0144stw i Rodzin. - Pako\u015b\u0107 \u2013 Kalwaria<\/title>\n<meta name=\"robots\" content=\"index, follow, max-snippet:-1, max-image-preview:large, max-video-preview:-1\" \/>\n<link rel=\"canonical\" href=\"https:\/\/pakosc-kalwaria.franciszkanie.net\/index.php\/2022\/03\/01\/adoracja-najswietszego-sakramentu-3-marca-blogoslawienstwo-malzenstw-i-rodzin\/\" \/>\n<meta property=\"og:locale\" content=\"pl_PL\" \/>\n<meta property=\"og:type\" content=\"article\" \/>\n<meta property=\"og:title\" content=\"Adoracja Naj\u015bwi\u0119tszego Sakramentu \u2013 3 marca. B\u0142ogos\u0142awie\u0144stwo Ma\u0142\u017ce\u0144stw i Rodzin. - Pako\u015b\u0107 \u2013 Kalwaria\" \/>\n<meta property=\"og:description\" content=\"Najbli\u017csza Adoracja Naj\u015bwi\u0119tszego Sakramentu (\u201eGodzina \u015awi\u0119ta\u201d) w Pierwszy Czwartek 3 marca od 19.00 \u2013 20.00, z okazj\u0105 do Spowiedzi \u015bwi\u0119tej. Zaplanuj czas na spotkanie z Jezusem! W Pierwszy Czwartek Miesi\u0105ca o 17.00 Msza \u015bwi\u0119ta o nowe powo\u0142ania\u00a0 kap\u0142a\u0144skie i zakonne oraz w intencji Liturgicznej S\u0142u\u017cby O\u0142tarza i ich Rodzin. Od 16.30 okazja do Spowiedzi \u015bwi\u0119tej. &hellip;\" \/>\n<meta property=\"og:url\" content=\"https:\/\/pakosc-kalwaria.franciszkanie.net\/index.php\/2022\/03\/01\/adoracja-najswietszego-sakramentu-3-marca-blogoslawienstwo-malzenstw-i-rodzin\/\" \/>\n<meta property=\"og:site_name\" content=\"Pako\u015b\u0107 \u2013 Kalwaria\" \/>\n<meta property=\"article:author\" content=\"https:\/\/www.facebook.com\/KalwariaPakosc\/\" \/>\n<meta property=\"article:published_time\" content=\"2022-03-01T06:56:49+00:00\" \/>\n<meta property=\"article:modified_time\" content=\"2022-03-03T20:41:52+00:00\" \/>\n<meta property=\"og:image\" content=\"https:\/\/pakosc-kalwaria.franciszkanie.net\/wp-content\/uploads\/2022\/03\/IMG_5717.jpg\" \/>\n\t<meta property=\"og:image:width\" content=\"350\" \/>\n\t<meta property=\"og:image:height\" content=\"233\" \/>\n\t<meta property=\"og:image:type\" content=\"image\/jpeg\" \/>\n<meta name=\"twitter:card\" content=\"summary\" \/>\n<meta name=\"twitter:label1\" content=\"Napisane przez\" \/>\n\t<meta name=\"twitter:data1\" content=\"pakosc-kalwaria\" \/>\n\t<meta name=\"twitter:label2\" content=\"Szacowany czas czytania\" \/>\n\t<meta name=\"twitter:data2\" content=\"5 minut\" \/>\n<script type=\"application\/ld+json\" class=\"yoast-schema-graph\">{\"@context\":\"https:\/\/schema.org\",\"@graph\":[{\"@type\":\"WebSite\",\"@id\":\"https:\/\/pakosc-kalwaria.franciszkanie.net\/#website\",\"url\":\"https:\/\/pakosc-kalwaria.franciszkanie.net\/\",\"name\":\"Pako\u015b\u0107 \u2013 Kalwaria\",\"description\":\"Parafia Rzymsko \u2013 Katolicka p.w. Pana Jezusa Ukrzy\u017cowanego i  Matki Bo\u017cej Bolesnej ul. Barci\u0144ska 60, 88\u2013170 Pako\u015b\u0107 \u2013 Kalwaria\",\"potentialAction\":[{\"@type\":\"SearchAction\",\"target\":{\"@type\":\"EntryPoint\",\"urlTemplate\":\"https:\/\/pakosc-kalwaria.franciszkanie.net\/?s={search_term_string}\"},\"query-input\":\"required name=search_term_string\"}],\"inLanguage\":\"pl-PL\"},{\"@type\":\"ImageObject\",\"@id\":\"https:\/\/pakosc-kalwaria.franciszkanie.net\/index.php\/2022\/03\/01\/adoracja-najswietszego-sakramentu-3-marca-blogoslawienstwo-malzenstw-i-rodzin\/#primaryimage\",\"inLanguage\":\"pl-PL\",\"url\":\"https:\/\/pakosc-kalwaria.franciszkanie.net\/wp-content\/uploads\/2022\/03\/IMG_5717.jpg\",\"contentUrl\":\"https:\/\/pakosc-kalwaria.franciszkanie.net\/wp-content\/uploads\/2022\/03\/IMG_5717.jpg\",\"width\":350,\"height\":233},{\"@type\":\"WebPage\",\"@id\":\"https:\/\/pakosc-kalwaria.franciszkanie.net\/index.php\/2022\/03\/01\/adoracja-najswietszego-sakramentu-3-marca-blogoslawienstwo-malzenstw-i-rodzin\/#webpage\",\"url\":\"https:\/\/pakosc-kalwaria.franciszkanie.net\/index.php\/2022\/03\/01\/adoracja-najswietszego-sakramentu-3-marca-blogoslawienstwo-malzenstw-i-rodzin\/\",\"name\":\"Adoracja Naj\u015bwi\u0119tszego Sakramentu \u2013 3 marca. B\u0142ogos\u0142awie\u0144stwo Ma\u0142\u017ce\u0144stw i Rodzin. - Pako\u015b\u0107 \u2013 Kalwaria\",\"isPartOf\":{\"@id\":\"https:\/\/pakosc-kalwaria.franciszkanie.net\/#website\"},\"primaryImageOfPage\":{\"@id\":\"https:\/\/pakosc-kalwaria.franciszkanie.net\/index.php\/2022\/03\/01\/adoracja-najswietszego-sakramentu-3-marca-blogoslawienstwo-malzenstw-i-rodzin\/#primaryimage\"},\"datePublished\":\"2022-03-01T06:56:49+00:00\",\"dateModified\":\"2022-03-03T20:41:52+00:00\",\"author\":{\"@id\":\"https:\/\/pakosc-kalwaria.franciszkanie.net\/#\/schema\/person\/af10b943be0760709227d060eadcb2aa\"},\"breadcrumb\":{\"@id\":\"https:\/\/pakosc-kalwaria.franciszkanie.net\/index.php\/2022\/03\/01\/adoracja-najswietszego-sakramentu-3-marca-blogoslawienstwo-malzenstw-i-rodzin\/#breadcrumb\"},\"inLanguage\":\"pl-PL\",\"potentialAction\":[{\"@type\":\"ReadAction\",\"target\":[\"https:\/\/pakosc-kalwaria.franciszkanie.net\/index.php\/2022\/03\/01\/adoracja-najswietszego-sakramentu-3-marca-blogoslawienstwo-malzenstw-i-rodzin\/\"]}]},{\"@type\":\"BreadcrumbList\",\"@id\":\"https:\/\/pakosc-kalwaria.franciszkanie.net\/index.php\/2022\/03\/01\/adoracja-najswietszego-sakramentu-3-marca-blogoslawienstwo-malzenstw-i-rodzin\/#breadcrumb\",\"itemListElement\":[{\"@type\":\"ListItem\",\"position\":1,\"name\":\"Strona g\u0142\u00f3wna\",\"item\":\"https:\/\/pakosc-kalwaria.franciszkanie.net\/\"},{\"@type\":\"ListItem\",\"position\":2,\"name\":\"Adoracja Naj\u015bwi\u0119tszego Sakramentu \u2013 3 marca. B\u0142ogos\u0142awie\u0144stwo Ma\u0142\u017ce\u0144stw i Rodzin.\"}]},{\"@type\":\"Person\",\"@id\":\"https:\/\/pakosc-kalwaria.franciszkanie.net\/#\/schema\/person\/af10b943be0760709227d060eadcb2aa\",\"name\":\"pakosc-kalwaria\",\"image\":{\"@type\":\"ImageObject\",\"@id\":\"https:\/\/pakosc-kalwaria.franciszkanie.net\/#personlogo\",\"inLanguage\":\"pl-PL\",\"url\":\"https:\/\/secure.gravatar.com\/avatar\/e7049d338b55eac6a0027ff3218b8d02?s=96&d=mm&r=g\",\"contentUrl\":\"https:\/\/secure.gravatar.com\/avatar\/e7049d338b55eac6a0027ff3218b8d02?s=96&d=mm&r=g\",\"caption\":\"pakosc-kalwaria\"},\"sameAs\":[\"https:\/\/www.facebook.com\/KalwariaPakosc\/\"],\"url\":\"https:\/\/pakosc-kalwaria.franciszkanie.net\/index.php\/author\/pakosc-kalwaria\/\"}]}<\/script>\n<!-- \/ Yoast SEO plugin. -->","yoast_head_json":{"title":"Adoracja Naj\u015bwi\u0119tszego Sakramentu \u2013 3 marca. B\u0142ogos\u0142awie\u0144stwo Ma\u0142\u017ce\u0144stw i Rodzin. - Pako\u015b\u0107 \u2013 Kalwaria","robots":{"index":"index","follow":"follow","max-snippet":"max-snippet:-1","max-image-preview":"max-image-preview:large","max-video-preview":"max-video-preview:-1"},"canonical":"https:\/\/pakosc-kalwaria.franciszkanie.net\/index.php\/2022\/03\/01\/adoracja-najswietszego-sakramentu-3-marca-blogoslawienstwo-malzenstw-i-rodzin\/","og_locale":"pl_PL","og_type":"article","og_title":"Adoracja Naj\u015bwi\u0119tszego Sakramentu \u2013 3 marca. B\u0142ogos\u0142awie\u0144stwo Ma\u0142\u017ce\u0144stw i Rodzin. - Pako\u015b\u0107 \u2013 Kalwaria","og_description":"Najbli\u017csza Adoracja Naj\u015bwi\u0119tszego Sakramentu (\u201eGodzina \u015awi\u0119ta\u201d) w Pierwszy Czwartek 3 marca od 19.00 \u2013 20.00, z okazj\u0105 do Spowiedzi \u015bwi\u0119tej. Zaplanuj czas na spotkanie z Jezusem! W Pierwszy Czwartek Miesi\u0105ca o 17.00 Msza \u015bwi\u0119ta o nowe powo\u0142ania\u00a0 kap\u0142a\u0144skie i zakonne oraz w intencji Liturgicznej S\u0142u\u017cby O\u0142tarza i ich Rodzin. Od 16.30 okazja do Spowiedzi \u015bwi\u0119tej. &hellip;","og_url":"https:\/\/pakosc-kalwaria.franciszkanie.net\/index.php\/2022\/03\/01\/adoracja-najswietszego-sakramentu-3-marca-blogoslawienstwo-malzenstw-i-rodzin\/","og_site_name":"Pako\u015b\u0107 \u2013 Kalwaria","article_author":"https:\/\/www.facebook.com\/KalwariaPakosc\/","article_published_time":"2022-03-01T06:56:49+00:00","article_modified_time":"2022-03-03T20:41:52+00:00","og_image":[{"width":350,"height":233,"url":"https:\/\/pakosc-kalwaria.franciszkanie.net\/wp-content\/uploads\/2022\/03\/IMG_5717.jpg","type":"image\/jpeg"}],"twitter_card":"summary","twitter_misc":{"Napisane przez":"pakosc-kalwaria","Szacowany czas czytania":"5 minut"},"schema":{"@context":"https:\/\/schema.org","@graph":[{"@type":"WebSite","@id":"https:\/\/pakosc-kalwaria.franciszkanie.net\/#website","url":"https:\/\/pakosc-kalwaria.franciszkanie.net\/","name":"Pako\u015b\u0107 \u2013 Kalwaria","description":"Parafia Rzymsko \u2013 Katolicka p.w. Pana Jezusa Ukrzy\u017cowanego i  Matki Bo\u017cej Bolesnej ul. Barci\u0144ska 60, 88\u2013170 Pako\u015b\u0107 \u2013 Kalwaria","potentialAction":[{"@type":"SearchAction","target":{"@type":"EntryPoint","urlTemplate":"https:\/\/pakosc-kalwaria.franciszkanie.net\/?s={search_term_string}"},"query-input":"required name=search_term_string"}],"inLanguage":"pl-PL"},{"@type":"ImageObject","@id":"https:\/\/pakosc-kalwaria.franciszkanie.net\/index.php\/2022\/03\/01\/adoracja-najswietszego-sakramentu-3-marca-blogoslawienstwo-malzenstw-i-rodzin\/#primaryimage","inLanguage":"pl-PL","url":"https:\/\/pakosc-kalwaria.franciszkanie.net\/wp-content\/uploads\/2022\/03\/IMG_5717.jpg","contentUrl":"https:\/\/pakosc-kalwaria.franciszkanie.net\/wp-content\/uploads\/2022\/03\/IMG_5717.jpg","width":350,"height":233},{"@type":"WebPage","@id":"https:\/\/pakosc-kalwaria.franciszkanie.net\/index.php\/2022\/03\/01\/adoracja-najswietszego-sakramentu-3-marca-blogoslawienstwo-malzenstw-i-rodzin\/#webpage","url":"https:\/\/pakosc-kalwaria.franciszkanie.net\/index.php\/2022\/03\/01\/adoracja-najswietszego-sakramentu-3-marca-blogoslawienstwo-malzenstw-i-rodzin\/","name":"Adoracja Naj\u015bwi\u0119tszego Sakramentu \u2013 3 marca. B\u0142ogos\u0142awie\u0144stwo Ma\u0142\u017ce\u0144stw i Rodzin. - Pako\u015b\u0107 \u2013 Kalwaria","isPartOf":{"@id":"https:\/\/pakosc-kalwaria.franciszkanie.net\/#website"},"primaryImageOfPage":{"@id":"https:\/\/pakosc-kalwaria.franciszkanie.net\/index.php\/2022\/03\/01\/adoracja-najswietszego-sakramentu-3-marca-blogoslawienstwo-malzenstw-i-rodzin\/#primaryimage"},"datePublished":"2022-03-01T06:56:49+00:00","dateModified":"2022-03-03T20:41:52+00:00","author":{"@id":"https:\/\/pakosc-kalwaria.franciszkanie.net\/#\/schema\/person\/af10b943be0760709227d060eadcb2aa"},"breadcrumb":{"@id":"https:\/\/pakosc-kalwaria.franciszkanie.net\/index.php\/2022\/03\/01\/adoracja-najswietszego-sakramentu-3-marca-blogoslawienstwo-malzenstw-i-rodzin\/#breadcrumb"},"inLanguage":"pl-PL","potentialAction":[{"@type":"ReadAction","target":["https:\/\/pakosc-kalwaria.franciszkanie.net\/index.php\/2022\/03\/01\/adoracja-najswietszego-sakramentu-3-marca-blogoslawienstwo-malzenstw-i-rodzin\/"]}]},{"@type":"BreadcrumbList","@id":"https:\/\/pakosc-kalwaria.franciszkanie.net\/index.php\/2022\/03\/01\/adoracja-najswietszego-sakramentu-3-marca-blogoslawienstwo-malzenstw-i-rodzin\/#breadcrumb","itemListElement":[{"@type":"ListItem","position":1,"name":"Strona g\u0142\u00f3wna","item":"https:\/\/pakosc-kalwaria.franciszkanie.net\/"},{"@type":"ListItem","position":2,"name":"Adoracja Naj\u015bwi\u0119tszego Sakramentu \u2013 3 marca. B\u0142ogos\u0142awie\u0144stwo Ma\u0142\u017ce\u0144stw i Rodzin."}]},{"@type":"Person","@id":"https:\/\/pakosc-kalwaria.franciszkanie.net\/#\/schema\/person\/af10b943be0760709227d060eadcb2aa","name":"pakosc-kalwaria","image":{"@type":"ImageObject","@id":"https:\/\/pakosc-kalwaria.franciszkanie.net\/#personlogo","inLanguage":"pl-PL","url":"https:\/\/secure.gravatar.com\/avatar\/e7049d338b55eac6a0027ff3218b8d02?s=96&d=mm&r=g","contentUrl":"https:\/\/secure.gravatar.com\/avatar\/e7049d338b55eac6a0027ff3218b8d02?s=96&d=mm&r=g","caption":"pakosc-kalwaria"},"sameAs":["https:\/\/www.facebook.com\/KalwariaPakosc\/"],"url":"https:\/\/pakosc-kalwaria.franciszkanie.net\/index.php\/author\/pakosc-kalwaria\/"}]}},"_links":{"self":[{"href":"https:\/\/pakosc-kalwaria.franciszkanie.net\/index.php\/wp-json\/wp\/v2\/posts\/22012"}],"collection":[{"href":"https:\/\/pakosc-kalwaria.franciszkanie.net\/index.php\/wp-json\/wp\/v2\/posts"}],"about":[{"href":"https:\/\/pakosc-kalwaria.franciszkanie.net\/index.php\/wp-json\/wp\/v2\/types\/post"}],"author":[{"embeddable":true,"href":"https:\/\/pakosc-kalwaria.franciszkanie.net\/index.php\/wp-json\/wp\/v2\/users\/2"}],"replies":[{"embeddable":true,"href":"https:\/\/pakosc-kalwaria.franciszkanie.net\/index.php\/wp-json\/wp\/v2\/comments?post=22012"}],"version-history":[{"count":2,"href":"https:\/\/pakosc-kalwaria.franciszkanie.net\/index.php\/wp-json\/wp\/v2\/posts\/22012\/revisions"}],"predecessor-version":[{"id":22016,"href":"https:\/\/pakosc-kalwaria.franciszkanie.net\/index.php\/wp-json\/wp\/v2\/posts\/22012\/revisions\/22016"}],"wp:featuredmedia":[{"embeddable":true,"href":"https:\/\/pakosc-kalwaria.franciszkanie.net\/index.php\/wp-json\/wp\/v2\/media\/22014"}],"wp:attachment":[{"href":"https:\/\/pakosc-kalwaria.franciszkanie.net\/index.php\/wp-json\/wp\/v2\/media?parent=22012"}],"wp:term":[{"taxonomy":"category","embeddable":true,"href":"https:\/\/pakosc-kalwaria.franciszkanie.net\/index.php\/wp-json\/wp\/v2\/categories?post=22012"},{"taxonomy":"post_tag","embeddable":true,"href":"https:\/\/pakosc-kalwaria.franciszkanie.net\/index.php\/wp-json\/wp\/v2\/tags?post=22012"}],"curies":[{"name":"wp","href":"https:\/\/api.w.org\/{rel}","templated":true}]}}