{"id":22046,"date":"2022-03-16T12:15:37","date_gmt":"2022-03-16T11:15:37","guid":{"rendered":"http:\/\/pakosc-kalwaria.franciszkanie.net\/?p=22046"},"modified":"2022-03-17T10:36:39","modified_gmt":"2022-03-17T09:36:39","slug":"nowenna-do-swietego-jozefa-od-10-18-marca-2","status":"publish","type":"post","link":"https:\/\/pakosc-kalwaria.franciszkanie.net\/index.php\/2022\/03\/16\/nowenna-do-swietego-jozefa-od-10-18-marca-2\/","title":{"rendered":"Nowenna do \u015awi\u0119tego J\u00f3zefa od 10 \u2013 18 marca"},"content":{"rendered":"<div class=\"entry-content\">\n<p><span style=\"color: #ff0000;\"><b>Nowenna do \u015awi\u0119tego J\u00f3zefa (10 \u2013 18 marca) <\/b><\/span><\/p>\n<p><b><span style=\"color: #ff0000;\">Dzie\u0144 I (10 marca) \u2013<\/span> PATRON I WZ\u00d3R NARZECZONYCH<\/b><\/p>\n<p><b>ROZWA\u017bANIE: <\/b>\u015awi\u0119temu J\u00f3zefowi B\u00f3g objawi\u0142 przez anio\u0142a tajemnic\u0119 przyj\u015bcia Syna Bo\u017cego na \u015bwiat. Pos\u0142uszny natchnieniu Bo\u017cemu \u015bw. J\u00f3zef przyj\u0105\u0142 pod sw\u00f3j dach Maryj\u0119, b\u0119d\u0105c\u0105 w stanie b\u0142ogos\u0142awionym. Przez to da\u0142 schronienie samemu Jezusowi \u2014 Odkupicielowi \u015bwiata, kt\u00f3rego Maryja pod swym sercem wnios\u0142a do jego domu.<\/p>\n<p>Pole\u0107my Bogu i opiece \u015bw. J\u00f3zefa wszystkich narzeczonych oraz tych, kt\u00f3rzy maj\u0105 zamiar za\u0142o\u017cy\u0107 rodzin\u0119.<\/p>\n<p><span style=\"color: #ff0000;\"><b>MODLITWA NOWENNY: <\/b><\/span>Prosimy Ci\u0119, Bo\u017ce, przez zas\u0142ugi \u015bw. J\u00f3zefa, Oblubie\u0144ca Naj\u015bwi\u0119tszej Bo\u017cej Rodzicielki i Opiekuna \u015awi\u0119tej Rodziny, pob\u0142ogos\u0142aw narzeczonym, kt\u00f3rzy pragn\u0105 za\u0142o\u017cy\u0107 ognisko rodzinne. Nape\u0142nij ich serca duchem mi\u0142o\u015bci, ofiary oraz pobo\u017cno\u015bci. Podejmuj\u0105c si\u0119 tego zadania, niech to uczyni\u0105 wed\u0142ug wzoru \u015bw. J\u00f3zefa, sk\u0142adaj\u0105c z ufno\u015bci\u0105 przysz\u0142o\u015b\u0107 powstaj\u0105cej rodziny w mi\u0142uj\u0105ce r\u0119ce Boga. \u015aw. J\u00f3zefie, zamieszkaj w ich domu wraz z Jezusem i Maryj\u0105. Amen.<br \/>\n<em><b><br \/>\nLitania do \u015bw. J\u00f3zefa<br \/>\nOjcze nasz\u2026<\/b><\/em><i><b><br \/>\n<\/b><\/i><em><b>Zdrowa\u015b Maryjo\u2026<\/b><\/em><i><b><br \/>\n<\/b><\/i><em><b>\u015aw. J\u00f3zefie, Patronie narzeczonych, m\u00f3dl si\u0119 za nami.<\/b><\/em><\/p>\n<p><b><span style=\"color: #ff0000;\">Litania do \u015bw. J\u00f3zefa<\/span><br \/>\n<\/b>Kyrie eleison, <strong>Chryste eleison, Kyrie eleison.<\/strong><br \/>\nChryste, us\u0142ysz nas. <strong>Chryste, wys\u0142uchaj nas.<\/strong><br \/>\nOjcze z nieba, Bo\u017ce, \u00a0<strong>zmi\u0142uj si\u0119 nad nami.<\/strong><br \/>\nSynu Odkupicielu \u015bwiata, Bo\u017ce,<br \/>\nDuchu \u015awi\u0119ty, Bo\u017ce,<br \/>\n\u015awi\u0119ta Tr\u00f3jco, jedyny Bo\u017ce,<br \/>\n\u015awi\u0119ta Maryjo, \u2013 m\u00f3dl si\u0119 za nami.<br \/>\n\u015awi\u0119ty J\u00f3zefie,<br \/>\nPrzes\u0142awny potomku Dawida,<br \/>\n\u015awiat\u0142o Patriarch\u00f3w,<br \/>\nOblubie\u0144cze Bogarodzicy,<br \/>\nOpiekunie Odkupiciela,<br \/>\nPrzeczysty str\u00f3\u017cu Dziewicy,<br \/>\n\u017bywicielu Syna Bo\u017cego,<br \/>\nTroskliwy obro\u0144co Chrystusa,<br \/>\nS\u0142ugo Chrystusa,<br \/>\nS\u0142ugo zbawienia,<br \/>\nG\u0142owo Naj\u015bwi\u0119tszej Rodziny,<br \/>\nJ\u00f3zefie najsprawiedliwszy,<br \/>\nJ\u00f3zefie najczystszy,<br \/>\nJ\u00f3zefie najroztropniejszy,<br \/>\nJ\u00f3zefie najm\u0119\u017cniejszy,<br \/>\nJ\u00f3zefie najpos\u0142uszniejszy,<br \/>\nJ\u00f3zefie najwierniejszy,<br \/>\nZwierciad\u0142o cierpliwo\u015bci,<br \/>\nMi\u0142o\u015bniku ub\u00f3stwa,<br \/>\nWzorze pracuj\u0105cych,<br \/>\nOzdobo \u017cycia rodzinnego,<br \/>\nOpiekunie dziewic,<br \/>\nPodporo rodzin,<br \/>\nPodporo w trudno\u015bciach,<br \/>\nPociecho nieszcz\u0119\u015bliwych,<br \/>\nNadziejo chorych,<br \/>\nPatronie wygna\u0144c\u00f3w,<br \/>\nPatronie cierpi\u0105cych,<br \/>\nPatronie ubogich,<br \/>\nPatronie umieraj\u0105cych,<br \/>\nPostrachu duch\u00f3w piekielnych,<br \/>\nOpiekunie Ko\u015bcio\u0142a \u015bwi\u0119tego,<br \/>\n<strong><br \/>\n<\/strong>Baranku Bo\u017cy, kt\u00f3ry g\u0142adzisz grzechy \u015bwiata, \u2014 przepu\u015b\u0107 nam, Panie.<br \/>\nBaranku Bo\u017cy, kt\u00f3ry g\u0142adzisz grzechy \u015bwiata, \u2014 wys\u0142uchaj nas, Panie.<br \/>\nBaranku Bo\u017cy, kt\u00f3ry g\u0142adzisz grzechy \u015bwiata, \u2014 zmi\u0142uj si\u0119 nad nami.<\/p>\n<p>P: Ustanowi\u0142 go panem domu swego.<br \/>\nW: I zarz\u0105dc\u0105 wszystkich posiad\u0142o\u015bci swoich.<br \/>\nM\u00f3dlmy si\u0119:<br \/>\nBo\u017ce, Ty w niewys\u0142owionej Opatrzno\u015bci wybra\u0142e\u015b \u015bwi\u0119tego J\u00f3zefa na Oblubie\u0144ca Naj\u015bwi\u0119tszej Rodzicielki Twojego Syna, spraw, aby\u015bmy oddaj\u0105c Mu na ziemi cze\u015b\u0107 jako Opiekunowi, zas\u0142u\u017cyli na jego or\u0119downictwo w niebie. Przez Chrystusa, Pana naszego. Amen.<\/p>\n<p><b><span style=\"color: #ff0000;\">Dzie\u0144 II (11 marca)<\/span> \u2013 OPIEKUN BEZDOMNYCH<\/b><\/p>\n<p><b>ROZWA\u017bANIE: <\/b>\u015aw. J\u00f3zef bardzo bola\u0142, nie mog\u0105c w Betlejem znale\u017a\u0107 godnego miejsca na narodzenie si\u0119 oczekiwanego Zbawiciela. B\u00f3l ten jednak zni\u00f3s\u0142 w milczeniu, poddaj\u0105c si\u0119 z pokor\u0105 woli Bo\u017cej i ufaj\u0105c bezgranicznie Opatrzno\u015bci Boga.<\/p>\n<p>Bez szemrania znosi\u0142 wszelkie niedogodno\u015bci oraz trudy, na jakie napotyka\u0142 w \u017cyciu. Pole\u0107my Bogu i opiece \u015bw. J\u00f3zefa rodziny bezdomne, poszukuj\u0105ce mieszkania i cierpi\u0105ce z powodu ciasnoty mieszkaniowej.<\/p>\n<p><b>MODLITWA NOWENNY: <\/b>\u015aw. J\u00f3zefie, Ty znasz b\u00f3le i cierpienia rodz\u0105ce si\u0119 z troski o dach nad g\u0142ow\u0105. Sam do\u015bwiadczy\u0142e\u015b tego zar\u00f3wno w Betlejem jak i na wygnaniu w Egipcie. We\u017a w opiek\u0119 rodziny nie maj\u0105ce mieszkania, szczeg\u00f3lnie za\u015b matki z ma\u0142ymi dzie\u0107mi oraz wszystkich zmuszonych \u017cy\u0107 poza granicami swojej ojczyzny. Otocz opiek\u0105 matki w b\u0142ogos\u0142awionym stanie i wszystkie rodziny czekaj\u0105ce na narodzenie si\u0119 dziecka. Naucz je w cicho\u015bci i spokoju znosi\u0107 niepewno\u015b\u0107 jutra oraz wszelkie trudy \u017cycia z poddaniem si\u0119 ufnie Opatrzno\u015bci Bo\u017cej. Amen.<\/p>\n<p><em><b>Litania do \u015bw. J\u00f3zefa<\/b><\/em><i><b><br \/>\n<\/b><\/i><em><b>Ojcze nasz\u2026<\/b><\/em><i><b><br \/>\n<\/b><\/i><em><b>Zdrowa\u015b Maryjo\u2026<\/b><\/em><i><b><br \/>\n<\/b><\/i><em><b>\u015aw. J\u00f3zefie, opiekunie bezdomnych, m\u00f3dl si\u0119 za nami.<\/b><\/em><\/p>\n<p><b><span style=\"color: #ff0000;\">Dzie\u0144 III (12 marca)<\/span> \u2013 PATRON OJC\u00d3W RODZIN<\/b><\/p>\n<p><b>ROZWA\u017bANIE: <\/b>\u015aw. J\u00f3zef z wielkim przej\u0119ciem oczekiwa\u0142 przyj\u015bcia na \u015bwiat Jezusa Chrystusa. Adorowa\u0142 Bo\u017ce Dzieci\u0119 z\u0142o\u017cone w ubogim \u017c\u0142obie na sianie w Betlejem, troszczy\u0142 si\u0119 o Jego bezpiecze\u0144stwo uciekaj\u0105c do Egiptu oraz z mi\u0142o\u015bci\u0105 stara\u0142 si\u0119 o zaspokojenie wszelkich potrzeb \u017cyciowych Bo\u017cego Syna w Nazarecie.<\/p>\n<p>Jako przybrany ojciec Pana Jezusa przebywa\u0142 wraz z Nim, mieszka\u0142, pracowa\u0142, modli\u0142 si\u0119. Jezus za\u015b, b\u0119d\u0105c Dzieci\u0119ciem i M\u0142odzie\u0144cem, kocha\u0142 Go i szanowa\u0142, jak dobre dziecko swego ojca.<\/p>\n<p>M\u00f3dlmy si\u0119, za ojc\u00f3w, kt\u00f3rzy z trudno\u015bci\u0105 spe\u0142niaj\u0105 rol\u0119 ojca, nie zawsze z w\u0142asnej winy. Niech wspomagani pomoc\u0105 \u015bwi\u0119tego J\u00f3zefa z odpowiedzialno\u015bci\u0105 wype\u0142niaj\u0105 obowi\u0105zki g\u0142owy rodziny.<\/p>\n<p><b>MODLITWA NOWENNY: <\/b>\u015aw. J\u00f3zefie, wzorze i patronie wszystkich ojc\u00f3w rodzin, naucz ich chrze\u015bcija\u0144skiego traktowania swych obowi\u0105zk\u00f3w, nape\u0142nij prawdziw\u0105 rado\u015bci\u0105 serca rodzic\u00f3w, kt\u00f3rzy przekazuj\u0105 \u017cycie swym dzieciom. Niech ojcowie tak opiekuj\u0105 si\u0119 swymi rodzinami, jak Ty opiekowa\u0142e\u015b si\u0119 \u015bwi\u0119t\u0105 Rodzin\u0105 w Nazarecie. \u017bycie rodzinne niech im up\u0142ywa w obecno\u015bci Jezusa. Spraw, by \u017cadne trudno\u015bci nie zdo\u0142a\u0142y ich oddali\u0107 od Boga i ozi\u0119bi\u0107 wzajemnej mi\u0142o\u015bci. Pole\u0107 \u015bwi\u0119ty J\u00f3zefie Bogu, ojc\u00f3w zatroskanych o swe rodziny, zw\u0142aszcza tych, kt\u00f3rym trudno jest podo\u0142a\u0107 swym obowi\u0105zkom. Amen.<\/p>\n<p><em><b>Litania do \u015bw. J\u00f3zefa<\/b><\/em><i><b><br \/>\n<\/b><\/i><em><b>Ojcze nasz\u2026<\/b><\/em><i><b><br \/>\n<\/b><\/i><em><b>Zdrowa\u015b Maryjo\u2026<\/b><\/em><i><b><br \/>\n<\/b><\/i><em><b>\u015aw. J\u00f3zefie, Patronie ojc\u00f3w rodzin, m\u00f3dl si\u0119 za nami.<\/b><\/em><\/p>\n<p><b><span style=\"color: #ff0000;\">Dzie\u0144 IV (13 marca)<\/span> \u2013 OPIEKUN UBOGICH<\/b><\/p>\n<p><b>ROZWA\u017bANIE: <\/b>\u015aw. Rodzina zalicza\u0142a si\u0119 do ludzi ubogich, Mimo ci\u0119\u017ckiej pracy \u015bw. J\u00f3zefa, nie posiada\u0142a maj\u0105tku. Z pewno\u015bci\u0105 \u015bw. J\u00f3zef, jako g\u0142owa rodziny, prze\u017cywa\u0142 to, i\u017c nie m\u00f3g\u0142 zapewni\u0107 Chrystusowi dostatku i warunk\u00f3w godnych Jego osoby. W takiej jednaj w\u0142a\u015bnie rodzinie Pan Jezus zechcia\u0142 zamieszka\u0107 i \u017cy\u0107. Nie mo\u017cemy w\u0105tpi\u0107, \u017ce \u015bw. J\u00f3zef wyr\u00f3\u017cnia\u0142 si\u0119 w\u015br\u00f3d swoich s\u0105siad\u00f3w i krewnych. Z pewno\u015bci\u0105 by\u0142 uczynny, \u017cyczliwy i zatroskany o dobro drugich. Spieszy\u0142 im z pomoc\u0105 o dobr\u0105 rad\u0105. Nie m\u00f3g\u0142 inaczej przecie\u017c post\u0119powa\u0107, skoro spe\u0142nia\u0142 tak wznios\u0142e zadanie i zaszczytny obowi\u0105zek.<\/p>\n<p>M\u00f3dlmy si\u0119 za rodziny ubogie i za tych, kt\u00f3rzy swymi dobrami materialnymi potrafi\u0105 dzieli\u0107 si\u0119 z biedniejszymi od siebie.<\/p>\n<p><b>MODLITWA NOWENNY: <\/b>\u015aw. J\u00f3zefie, kt\u00f3ry b\u0119d\u0105 ubogim, nie wstydzi\u0142e\u015b si\u0119 swego niedostatku i bez szemrania zgadza\u0142e\u015b si\u0119 z wol\u0105 Bo\u017c\u0105, umocnij w naszych sercach \u017cyw\u0105 wiar\u0119, \u017ce B\u00f3g nie opu\u015bci nigdy tych, kt\u00f3rzy Mu ufaj\u0105 i wiernie Mu s\u0142u\u017c\u0105. Wypro\u015b potrzebne \u0142aski dla wszystkich, kt\u00f3rzy dzi\u015b cierpi\u0105 niedostatek. Wszyscy za\u015b, kt\u00f3rzy \u015bpiesz\u0105 ubogim rodzicom z pomoc\u0105 duchow\u0105 oraz materialn\u0105, dziel\u0105c si\u0119 swymi dobrami, niech od Boga otrzymaj\u0105 pomy\u015blno\u015b\u0107 za \u017cycia i obfit\u0105 nagrod\u0119 w wieczno\u015bci. Amen.<\/p>\n<p><em><b>Litania do \u015bw. J\u00f3zefa<\/b><\/em><i><b><br \/>\n<\/b><\/i><em><b>Ojcze nasz\u2026<\/b><\/em><i><b><br \/>\n<\/b><\/i><em><b>Zdrowa\u015b Maryjo\u2026<\/b><\/em><i><b><br \/>\n<\/b><\/i><em><b>\u015aw. J\u00f3zefie, Opiekunie ubogich, m\u00f3dl si\u0119 za nami.<\/b><\/em><\/p>\n<p><b><span style=\"color: #ff0000;\">Dzie\u0144 V (14 marca)<\/span> \u2013 WZ\u00d3R PRACUJ\u0104CYCH<\/b><\/p>\n<p><b>ROZWA\u017bANIE: <\/b>Praca jest obowi\u0105zkiem ka\u017cdego cz\u0142owieka i \u015bw. J\u00f3zef nie by\u0142 od niego zwolniony, chocia\u017c B\u00f3g wybra\u0142 Go na Opiekuna Syna Bo\u017cego. Jako cie\u015bla ci\u0119\u017cko pracowa\u0142 na utrzymanie \u015awi\u0119tej Rodziny. Zakosztowa\u0142 niepewno\u015bci jutra i trudu podejmowanego wysi\u0142ku. Z pewno\u015bci\u0105 Pan Jezus pomaga\u0142 swemu Opiekunowi jako dorastaj\u0105cy m\u0142odzieniec i jako doros\u0142y m\u0119\u017cczyzna.<\/p>\n<p>M\u00f3dlmy si\u0119 za ludzi ci\u0119\u017cko pracuj\u0105cych na utrzymanie siebie i w\u0142asnej rodziny. Pro\u015bmy Boga szczeg\u00f3lnie za bezrobotnych, aby mogli zapewni\u0107 utrzymanie swym najbli\u017cszym, przez znalezienie nale\u017cytego zaj\u0119cia.<\/p>\n<p><b>MODLITWA NOWENNY: <\/b>\u015aw. J\u00f3zefie, kt\u00f3ry znasz cen\u0119 trudu i krople potu ci\u0119\u017ckiej pracy jak\u0105 podejmowa\u0142e\u015b, by zapewni\u0107 godne warunki \u017cycia \u015bw. Rodzinie, prosimy Ci\u0119 zwr\u00f3\u0107 swe zatroskane serce na wszystkich ci\u0119\u017cko pracuj\u0105cych. We\u017a ich pod swoj\u0105 opiek\u0119. Niech wszyscy uzyskaj\u0105 sprawiedliwe wynagrodzenie za sw\u00f3j trud, aby ich rodziny nie cierpia\u0142y g\u0142odu i nie \u017cy\u0142y w niedostatku. Nie zapominaj \u017cywicielu \u015bw. Rodziny o tych, kt\u00f3rzy nie maj\u0105 pracy i bezskutecznie jej poszukuj\u0105. Amen.<\/p>\n<p><em><b>Litania do \u015bw. J\u00f3zefa<\/b><\/em><i><b><br \/>\n<\/b><\/i><em><b>Ojcze nasz\u2026<\/b><\/em><i><b><br \/>\n<\/b><\/i><em><b>Zdrowa\u015b Maryjo\u2026<\/b><\/em><i><b><br \/>\n<\/b><\/i><em><b>\u015aw. J\u00f3zefie, wzorze pracuj\u0105cych, m\u00f3dl si\u0119 za nami.<\/b><\/em><\/p>\n<p><b><span style=\"color: #ff0000;\">Dzie\u0144 VI (15 marca)<\/span> \u2013 PRZYK\u0141AD MODL\u0104CYCH SI\u0118<\/b><\/p>\n<p><b>ROZWA\u017bANIE: <\/b>\u015aw. J\u00f3zef \u2013 Opiekun Jezusa \u017cy\u0142, pracowa\u0142, modli\u0142 si\u0119 w Jego obecno\u015bci. \u015awiadomo\u015b\u0107, i\u017c czyni\u0142 to wszystko dla Boga staraj\u0105c si\u0119 o potrzeby Jego Syna, dodawa\u0142a Mu si\u0142y i wytrwa\u0142o\u015bci. Tym bardziej, \u017ce na ka\u017cdym niemal kroku obecno\u015b\u0107 Jezusa wynagradza\u0142a Jego ofiary oraz po\u015bwi\u0119cenia, jakich wymaga\u0142o \u017cycie. Opiekowa\u0142 si\u0119, karmi\u0142, przyodziewa\u0142 i obcowa\u0142 na co dzie\u0144 z Tym, Kt\u00f3rego oczekiwa\u0142o tylu prorok\u00f3w, pragn\u0119\u0142o Go widzie\u0107 i chocia\u017c Go dotkn\u0105\u0107.<\/p>\n<p>M\u00f3dlmy si\u0119, by\u015bmy, podobnie jak \u015bw. J\u00f3zef, wszystko czynili w obecno\u015bci Jezusa, \u015bwiadomi Jego blisko\u015bci w rozmodleniu, pami\u0119taj\u0105c o obecno\u015bci Bo\u017cej.<\/p>\n<p><b>MODLITWA NOWENNY: <\/b>\u015awi\u0119ty J\u00f3zefie, kt\u00f3ry \u017cy\u0142e\u015b, pracowa\u0142e\u015b i modli\u0142e\u015b si\u0119 w obecno\u015bci Jezusa. Z wiar\u0105 wpatrywa\u0142e\u015b si\u0119 w Niego i z Jego blisko\u015bci czerpa\u0142e\u015b si\u0142\u0119 do gorliwego spe\u0142niania codziennych obowi\u0105zk\u00f3w. Naucz nas nieustannej pami\u0119ci o obecno\u015bci Bo\u017cej w naszym \u017cyciu, by\u015bmy nieustannie \u017cyli i wykonywali swoje obowi\u0105zki, \u015bwiadomi obecno\u015bci Jezusa w naszych domach i naszych sercach.<\/p>\n<p>Prosimy Ci\u0119 za wszystkich, kt\u00f3rzy modlitw\u0105 i pobo\u017cno\u015bci\u0105 os\u0142adzaj\u0105 swoje codzienne zaj\u0119cia, za nas samych i naszych najbli\u017cszych, by\u015bmy wszystkie nasze czynno\u015bci umieli \u0142\u0105czy\u0107 z gor\u0105c\u0105 modlitw\u0105, \u015bwiadomi tego, i\u017c B\u00f3g wszystko widzi i nieustannie otacza nas swoj\u0105 opiek\u0105. Amen.<\/p>\n<p><em><b>Litania do \u015bw. J\u00f3zefa<\/b><\/em><i><b><br \/>\n<\/b><\/i><em><b>Ojcze nasz\u2026<\/b><\/em><i><b><br \/>\n<\/b><\/i><em><b>Zdrowa\u015b Maryjo\u2026<\/b><\/em><i><b><br \/>\n<\/b><\/i><em><b>\u015aw. J\u00f3zefie, przyk\u0142adzie modl\u0105cych si\u0119, m\u00f3dl si\u0119 za nami.<\/b><\/em><\/p>\n<p><b><span style=\"color: #ff0000;\">Dzie\u0144 VII (16 marca)<\/span> \u2013 WIERNIE UFAJ\u0104CY BOGU<\/b><\/p>\n<p><b>ROZWA\u017bANIE: <\/b>W \u017cyciu \u015bw. J\u00f3zefa widzimy Jego wielk\u0105 wiar\u0119 i zaufanie Panu Bogu. Z jakim przej\u0119ciem i pos\u0142usze\u0144stwem realizuje On wol\u0119 Bo\u017c\u0105.<\/p>\n<p>Pan B\u00f3g rozwia\u0142 Jego w\u0105tpliwo\u015bci wynagradzaj\u0105c Jego wiar\u0119 w\u00f3wczas, gdy: przyjmuje Maryj\u0119 do swego domu, pos\u0142usznie ratuje Dzieci\u0119 Jezus w ucieczce do Egiptu, z poddaniem si\u0119 woli Bo\u017cej wraca do Nazaretu, z b\u00f3lem serca szuka Jezusa zaginionego podczas do Jerozolimy. W duchu wiary, zaufania, pos\u0142usze\u0144stwa i pobo\u017cno\u015bci realizuje wyznaczone Mu przez Boga powo\u0142anie.<\/p>\n<p>Ufa w tych zdarzeniach, i\u017c wszystko to, co si\u0119 dzieje, jest przez dobrego Boga zlecone Mu do spe\u0142nienia. Pro\u015bmy \u015bw. J\u00f3zefa, by nas nauczy\u0142 wierno\u015bci w pobo\u017cnym zaufaniu Bogu. Niech wspiera tych, kt\u00f3rzy nie maj\u0105 ufno\u015bci, wzgl\u0119dnie zatracili j\u0105 w trudach \u017cycia.<\/p>\n<p><b>MODLITWA NOWENNY: <\/b>\u015aw. J\u00f3zefie, wzorze i patronie nasz, sta\u0142e\u015b si\u0119 dla nas szczeg\u00f3lnym przyk\u0142adem w zgadzaniu si\u0119 we wszystkim w codziennym naszym \u017cyciu z wol\u0105 Bo\u017c\u0105, kt\u00f3r\u0105 wsz\u0119dzie mamy dostrzega\u0107. Przebywa\u0142e\u015b najbli\u017cej Jezusa i Maryi w swej szarej codzienno\u015bci. Kierowa\u0142e\u015b si\u0119 zawsze wol\u0105 Bo\u017c\u0105 przy podejmowaniu decyzji, ufaj\u0105c bezgranicznie g\u0142osowi us\u0142yszanemu w g\u0142\u0119bi serca. Naucz nas ws\u0142uchiwania si\u0119 w g\u0142os Opatrzno\u015bci, przez kt\u00f3ry B\u00f3g rz\u0105dzi naszym \u017cyciem i naszymi krokami w doczesno\u015bci, a nakierowuje ku \u017cyciu wiecznemu. Amen.<\/p>\n<p><em><b>Litania do \u015bw. J\u00f3zefa<\/b><\/em><i><b><br \/>\n<\/b><\/i><em><b>Ojcze nasz\u2026<\/b><\/em><i><b><br \/>\n<\/b><\/i><em><b>Zdrowa\u015b Maryjo\u2026<\/b><\/em><i><b><br \/>\n<\/b><\/i><em><b>\u015aw. J\u00f3zefie, wiernie ufaj\u0105cy Bogu, m\u00f3dl si\u0119 za nami.<\/b><\/em><\/p>\n<p><b><span style=\"color: #ff0000;\">Dzie\u0144 VIII (17 marca)<\/span> \u2013 PATRON UMIERAJ\u0104CYCH<\/b><\/p>\n<p><b>ROZWA\u017bANIE: <\/b>\u015aw. J\u00f3zef jako g\u0142owa \u015bw. Rodziny umiera\u0142 \u2014 jak nam m\u00f3wi tradycja \u2014 w obecno\u015bci Jezusa i Maryi. Przez ca\u0142e \u017cycie stara\u0142 si\u0119 o ich bezpiecze\u0144stwo. Trudzi\u0142 si\u0119, by zapewni\u0107 im odpowiednie warunki \u017cycia. Swoje obowi\u0105zki, jako g\u0142owa rodziny, spe\u0142nia\u0142 sumiennie i uczciwie.<\/p>\n<p>Nie mo\u017cna w\u0105tpi\u0107, \u017ce Jezus i Maryja odnosili si\u0119 z szacunkiem i mi\u0142o\u015bci\u0105 do swego \u017bywiciela. Tym bardziej otaczali Go trosk\u0105 pod koniec Jego ziemskich dni. Jak\u017ce w tej godzinie \u015bw. J\u00f3zef czu\u0142 si\u0119 bezpieczny, widz\u0105c przy \u0142o\u017cu \u015bmierci te Naj\u015bwi\u0119tsze Osoby.<\/p>\n<p>Pole\u0107my wszystkich, kt\u00f3rzy zbli\u017caj\u0105 si\u0119 do ko\u0144ca \u017cycia oraz umieraj\u0105cych, a tak\u017ce godzin\u0119 naszej \u015bmierci, wstawiennictwu \u015bw. J\u00f3zefa, patrona szcz\u0119\u015bliwie umieraj\u0105cych.<\/p>\n<p><b>MODLITWA NOWENNY: <\/b>\u015aw. J\u00f3zefie, kt\u00f3ry\u015b \u017cycie ziemskie zako\u0144czy\u0142 na r\u0119kach Jezusa i Maryi, upro\u015b nam wytrwanie w \u0142asce Bo\u017cej do ko\u0144ca ziemskiej w\u0119dr\u00f3wki i razem z Jezusem i Maryj\u0105 przyjd\u017a po nas w ostatni\u0105 godzin\u0119, by\u015bmy szcz\u0119\u015bliwie mogli przej\u015b\u0107 do kr\u00f3lestwa \u015bwiat\u0142o\u015bci i pokoju. Polecamy Ci wszystkich, kt\u00f3rzy zbli\u017caj\u0105 si\u0119 do ko\u0144ca ziemskiej pielgrzymki, niech maj\u0105 szcz\u0119\u015bcie zej\u015bcia z tego \u015bwiata w obecno\u015bci Jezusa i Maryi i Twojej \u2014 Patronie umieraj\u0105cych. Amen.<\/p>\n<p><em><b>Litania do \u015bw. J\u00f3zefa<\/b><\/em><i><b><br \/>\n<\/b><\/i><em><b>Ojcze nasz\u2026<\/b><\/em><i><b><br \/>\n<\/b><\/i><em><b>Zdrowa\u015b Maryjo\u2026<\/b><\/em><i><b><br \/>\n<\/b><\/i><em><b>\u015aw. J\u00f3zefie, Patronie umieraj\u0105cych, m\u00f3dl si\u0119 za nami.<\/b><\/em><\/p>\n<p><b><span style=\"color: #ff0000;\">Dzie\u0144 IX (18 marca)<\/span> \u2013 OR\u0118DOWNIK W NIEBIE<\/b><\/p>\n<p><b>ROZWA\u017bANIE: <\/b>B\u00f3g, kt\u00f3ry zleci\u0142 \u015bw. J\u00f3zefowi na ziemi opiek\u0119 nad Swoim Synem Jezusem i Jego Niepokalan\u0105 Matk\u0105 Maryj\u0105, wynagrodzi\u0142 hojnie t\u0119 wiern\u0105 s\u0142u\u017cb\u0119 szcz\u0119\u015bciem w niebie. My natomiast wpatruj\u0105c si\u0119 w osob\u0119 tego \u015bwi\u0119tego m\u0119\u017ca, jako na nasz wz\u00f3r, tutaj na ziemi, upatrujemy w Nim r\u00f3wnie\u017c Or\u0119downika przed Bo\u017cym tronem w niebie. Zwracamy si\u0119 do Niego, by wstawi\u0142 si\u0119 za nami, by\u015bmy post\u0119puj\u0105c w tym \u017cyciu wed\u0142ug Jego przyk\u0142adu, \u017cyj\u0105c pokornie jak On, umierali tak\u017ce w obecno\u015bci Jezusa i Maryi oraz ogl\u0105dali z Nim Oblicze Boga. Polecajmy si\u0119 zawsze or\u0119downictwu \u015bw. J\u00f3zefa, szczeg\u00f3lnie za\u015b w r\u00f3\u017cnych potrzebach i trudnych sytuacjach \u017cyciowych.<\/p>\n<p><b>MODLITWA NOWENNY: <\/b>\u015aw. J\u00f3zefie, kt\u00f3ry\u015b jako m\u0105\u017c sprawiedliwy, pobo\u017cny, kochaj\u0105cy Oblubieniec Maryi, jako Obro\u0144ca i Opiekun Jezusa otrzyma\u0142 w niebie szczeg\u00f3ln\u0105 chwa\u0142\u0119, b\u0105d\u017a zawsze naszym or\u0119downikiem przed obliczem Boga, by\u015bmy z Twoj\u0105 pomoc\u0105 \u015bwi\u0119cie \u017cyli, szcz\u0119\u015bliwie umierali i otrzymali od Boga wieczn\u0105 rado\u015b\u0107.<\/p>\n<p>Pom\u00f3\u017c nam otrzyma\u0107 po naszej \u015bmierci z r\u0105k samego Ojca naszego w niebie mieszkanie, kt\u00f3re Jezus nam przygotowa\u0142 w swoim kr\u00f3lestwie. Amen.<\/p>\n<p><em><b>Litania do \u015bw. J\u00f3zefa<\/b><\/em><i><b><br \/>\n<\/b><\/i><em><b>Ojcze nasz\u2026<\/b><\/em><i><b><br \/>\n<\/b><\/i><em><b>Zdrowa\u015b Maryjo\u2026<\/b><\/em><i><b><br \/>\n<\/b><\/i><em><b>\u015aw. J\u00f3zefie, Or\u0119downiku w niebie, m\u00f3dl si\u0119 za nami.<\/b><\/em><\/p>\n<p><span style=\"color: #ff0000;\"><b>ZAKO\u0143CZENIE NOWENNY: <\/b><\/span>\u015aw. J\u00f3zefie, Wspomo\u017cycielu we wszystkich potrzebach i Pocieszycielu smutnych, cierpi\u0105cych, pokrzywdzonych i upokorzonych, przyjmij \u0142askawie t\u0119 nowenn\u0119 modlitw, kt\u00f3re przez Twe przemo\u017cne wstawiennictwo o\u015bmieli\u0142em si\u0119 kierowa\u0107 do samego Boga w niebie. Opiekunie m\u00f3j wys\u0142uchaj moje wo\u0142anie i przedstaw moje pro\u015bby Chrystusowi. B\u00f3g wyznaczy\u0142 Ci na ziemi rol\u0119 Opiekuna swego Syna. Masz wi\u0119c wielk\u0105 mo\u017cliwo\u015b\u0107 \u0142atwego dost\u0119pu do Jego Serca jako mego Zbawiciela.<\/p>\n<p>Przez wszystkie dobra, kt\u00f3rymi zosta\u0142e\u015b wyr\u00f3\u017cniony, prosz\u0119 Ci\u0119 z pokor\u0105: miej wzgl\u0105d na mnie s\u0142abego i wyjednaj mi t\u0119 \u0142ask\u0119, by B\u00f3g w Swym Mi\u0142osierdziu raczy\u0142 mnie wys\u0142ucha\u0107 w sprawach, z jakimi si\u0119 do Niego przez Twe po\u015brednictwo z ufno\u015bci\u0105 udaj\u0119, je\u017celi spe\u0142nienie ich nie stanie mi na przeszkodzie w osi\u0105gni\u0119ciu zbawienia.<\/p>\n<p>Niech me wo\u0142anie, poparte Twoim po\u015brednictwem dojdzie do Boga. Ja natomiast, s\u0142aby cz\u0142owiek, wys\u0142uchany w moich potrzebach\u2026 uczyni\u0119 wszystko, by swym \u017cyciem dzi\u0119kowa\u0107 za to Bogu i Tobie \u2014 m\u00f3j \u015bwi\u0119ty Patronie i Opiekunie. Amen.<\/p>\n<\/div>\n","protected":false},"excerpt":{"rendered":"<p>Nowenna do \u015awi\u0119tego J\u00f3zefa (10 \u2013 18 marca) Dzie\u0144 I (10 marca) \u2013 PATRON I WZ\u00d3R NARZECZONYCH ROZWA\u017bANIE: \u015awi\u0119temu J\u00f3zefowi B\u00f3g objawi\u0142 przez anio\u0142a tajemnic\u0119 przyj\u015bcia Syna Bo\u017cego na \u015bwiat. Pos\u0142uszny natchnieniu Bo\u017cemu \u015bw. J\u00f3zef przyj\u0105\u0142 pod sw\u00f3j dach Maryj\u0119, b\u0119d\u0105c\u0105 w stanie b\u0142ogos\u0142awionym. Przez to da\u0142 schronienie samemu Jezusowi \u2014 Odkupicielowi \u015bwiata, kt\u00f3rego Maryja &hellip;<\/p>\n","protected":false},"author":2,"featured_media":22047,"comment_status":"closed","ping_status":"closed","sticky":false,"template":"","format":"standard","meta":{"_mi_skip_tracking":false,"_exactmetrics_sitenote_active":false,"_exactmetrics_sitenote_note":"","_exactmetrics_sitenote_category":0},"categories":[14],"tags":[],"yoast_head":"<!-- This site is optimized with the Yoast SEO plugin v18.1 - https:\/\/yoast.com\/wordpress\/plugins\/seo\/ -->\n<title>Nowenna do \u015awi\u0119tego J\u00f3zefa od 10 \u2013 18 marca - Pako\u015b\u0107 \u2013 Kalwaria<\/title>\n<meta name=\"robots\" content=\"index, follow, max-snippet:-1, max-image-preview:large, max-video-preview:-1\" \/>\n<link rel=\"canonical\" href=\"https:\/\/pakosc-kalwaria.franciszkanie.net\/index.php\/2022\/03\/16\/nowenna-do-swietego-jozefa-od-10-18-marca-2\/\" \/>\n<meta property=\"og:locale\" content=\"pl_PL\" \/>\n<meta property=\"og:type\" content=\"article\" \/>\n<meta property=\"og:title\" content=\"Nowenna do \u015awi\u0119tego J\u00f3zefa od 10 \u2013 18 marca - Pako\u015b\u0107 \u2013 Kalwaria\" \/>\n<meta property=\"og:description\" content=\"Nowenna do \u015awi\u0119tego J\u00f3zefa (10 \u2013 18 marca) Dzie\u0144 I (10 marca) \u2013 PATRON I WZ\u00d3R NARZECZONYCH ROZWA\u017bANIE: \u015awi\u0119temu J\u00f3zefowi B\u00f3g objawi\u0142 przez anio\u0142a tajemnic\u0119 przyj\u015bcia Syna Bo\u017cego na \u015bwiat. Pos\u0142uszny natchnieniu Bo\u017cemu \u015bw. J\u00f3zef przyj\u0105\u0142 pod sw\u00f3j dach Maryj\u0119, b\u0119d\u0105c\u0105 w stanie b\u0142ogos\u0142awionym. Przez to da\u0142 schronienie samemu Jezusowi \u2014 Odkupicielowi \u015bwiata, kt\u00f3rego Maryja &hellip;\" \/>\n<meta property=\"og:url\" content=\"https:\/\/pakosc-kalwaria.franciszkanie.net\/index.php\/2022\/03\/16\/nowenna-do-swietego-jozefa-od-10-18-marca-2\/\" \/>\n<meta property=\"og:site_name\" content=\"Pako\u015b\u0107 \u2013 Kalwaria\" \/>\n<meta property=\"article:author\" content=\"https:\/\/www.facebook.com\/KalwariaPakosc\/\" \/>\n<meta property=\"article:published_time\" content=\"2022-03-16T11:15:37+00:00\" \/>\n<meta property=\"article:modified_time\" content=\"2022-03-17T09:36:39+00:00\" \/>\n<meta property=\"og:image\" content=\"https:\/\/pakosc-kalwaria.franciszkanie.net\/wp-content\/uploads\/2022\/03\/sw.-jozef.jpg\" \/>\n\t<meta property=\"og:image:width\" content=\"200\" \/>\n\t<meta property=\"og:image:height\" content=\"328\" \/>\n\t<meta property=\"og:image:type\" content=\"image\/jpeg\" \/>\n<meta name=\"twitter:card\" content=\"summary\" \/>\n<meta name=\"twitter:label1\" content=\"Napisane przez\" \/>\n\t<meta name=\"twitter:data1\" content=\"pakosc-kalwaria\" \/>\n\t<meta name=\"twitter:label2\" content=\"Szacowany czas czytania\" \/>\n\t<meta name=\"twitter:data2\" content=\"13 minut\" \/>\n<script type=\"application\/ld+json\" class=\"yoast-schema-graph\">{\"@context\":\"https:\/\/schema.org\",\"@graph\":[{\"@type\":\"WebSite\",\"@id\":\"https:\/\/pakosc-kalwaria.franciszkanie.net\/#website\",\"url\":\"https:\/\/pakosc-kalwaria.franciszkanie.net\/\",\"name\":\"Pako\u015b\u0107 \u2013 Kalwaria\",\"description\":\"Parafia Rzymsko \u2013 Katolicka p.w. Pana Jezusa Ukrzy\u017cowanego i  Matki Bo\u017cej Bolesnej ul. Barci\u0144ska 60, 88\u2013170 Pako\u015b\u0107 \u2013 Kalwaria\",\"potentialAction\":[{\"@type\":\"SearchAction\",\"target\":{\"@type\":\"EntryPoint\",\"urlTemplate\":\"https:\/\/pakosc-kalwaria.franciszkanie.net\/?s={search_term_string}\"},\"query-input\":\"required name=search_term_string\"}],\"inLanguage\":\"pl-PL\"},{\"@type\":\"ImageObject\",\"@id\":\"https:\/\/pakosc-kalwaria.franciszkanie.net\/index.php\/2022\/03\/16\/nowenna-do-swietego-jozefa-od-10-18-marca-2\/#primaryimage\",\"inLanguage\":\"pl-PL\",\"url\":\"https:\/\/pakosc-kalwaria.franciszkanie.net\/wp-content\/uploads\/2022\/03\/sw.-jozef.jpg\",\"contentUrl\":\"https:\/\/pakosc-kalwaria.franciszkanie.net\/wp-content\/uploads\/2022\/03\/sw.-jozef.jpg\",\"width\":200,\"height\":328},{\"@type\":\"WebPage\",\"@id\":\"https:\/\/pakosc-kalwaria.franciszkanie.net\/index.php\/2022\/03\/16\/nowenna-do-swietego-jozefa-od-10-18-marca-2\/#webpage\",\"url\":\"https:\/\/pakosc-kalwaria.franciszkanie.net\/index.php\/2022\/03\/16\/nowenna-do-swietego-jozefa-od-10-18-marca-2\/\",\"name\":\"Nowenna do \u015awi\u0119tego J\u00f3zefa od 10 \u2013 18 marca - Pako\u015b\u0107 \u2013 Kalwaria\",\"isPartOf\":{\"@id\":\"https:\/\/pakosc-kalwaria.franciszkanie.net\/#website\"},\"primaryImageOfPage\":{\"@id\":\"https:\/\/pakosc-kalwaria.franciszkanie.net\/index.php\/2022\/03\/16\/nowenna-do-swietego-jozefa-od-10-18-marca-2\/#primaryimage\"},\"datePublished\":\"2022-03-16T11:15:37+00:00\",\"dateModified\":\"2022-03-17T09:36:39+00:00\",\"author\":{\"@id\":\"https:\/\/pakosc-kalwaria.franciszkanie.net\/#\/schema\/person\/af10b943be0760709227d060eadcb2aa\"},\"breadcrumb\":{\"@id\":\"https:\/\/pakosc-kalwaria.franciszkanie.net\/index.php\/2022\/03\/16\/nowenna-do-swietego-jozefa-od-10-18-marca-2\/#breadcrumb\"},\"inLanguage\":\"pl-PL\",\"potentialAction\":[{\"@type\":\"ReadAction\",\"target\":[\"https:\/\/pakosc-kalwaria.franciszkanie.net\/index.php\/2022\/03\/16\/nowenna-do-swietego-jozefa-od-10-18-marca-2\/\"]}]},{\"@type\":\"BreadcrumbList\",\"@id\":\"https:\/\/pakosc-kalwaria.franciszkanie.net\/index.php\/2022\/03\/16\/nowenna-do-swietego-jozefa-od-10-18-marca-2\/#breadcrumb\",\"itemListElement\":[{\"@type\":\"ListItem\",\"position\":1,\"name\":\"Strona g\u0142\u00f3wna\",\"item\":\"https:\/\/pakosc-kalwaria.franciszkanie.net\/\"},{\"@type\":\"ListItem\",\"position\":2,\"name\":\"Nowenna do \u015awi\u0119tego J\u00f3zefa od 10 \u2013 18 marca\"}]},{\"@type\":\"Person\",\"@id\":\"https:\/\/pakosc-kalwaria.franciszkanie.net\/#\/schema\/person\/af10b943be0760709227d060eadcb2aa\",\"name\":\"pakosc-kalwaria\",\"image\":{\"@type\":\"ImageObject\",\"@id\":\"https:\/\/pakosc-kalwaria.franciszkanie.net\/#personlogo\",\"inLanguage\":\"pl-PL\",\"url\":\"https:\/\/secure.gravatar.com\/avatar\/e7049d338b55eac6a0027ff3218b8d02?s=96&d=mm&r=g\",\"contentUrl\":\"https:\/\/secure.gravatar.com\/avatar\/e7049d338b55eac6a0027ff3218b8d02?s=96&d=mm&r=g\",\"caption\":\"pakosc-kalwaria\"},\"sameAs\":[\"https:\/\/www.facebook.com\/KalwariaPakosc\/\"],\"url\":\"https:\/\/pakosc-kalwaria.franciszkanie.net\/index.php\/author\/pakosc-kalwaria\/\"}]}<\/script>\n<!-- \/ Yoast SEO plugin. -->","yoast_head_json":{"title":"Nowenna do \u015awi\u0119tego J\u00f3zefa od 10 \u2013 18 marca - Pako\u015b\u0107 \u2013 Kalwaria","robots":{"index":"index","follow":"follow","max-snippet":"max-snippet:-1","max-image-preview":"max-image-preview:large","max-video-preview":"max-video-preview:-1"},"canonical":"https:\/\/pakosc-kalwaria.franciszkanie.net\/index.php\/2022\/03\/16\/nowenna-do-swietego-jozefa-od-10-18-marca-2\/","og_locale":"pl_PL","og_type":"article","og_title":"Nowenna do \u015awi\u0119tego J\u00f3zefa od 10 \u2013 18 marca - Pako\u015b\u0107 \u2013 Kalwaria","og_description":"Nowenna do \u015awi\u0119tego J\u00f3zefa (10 \u2013 18 marca) Dzie\u0144 I (10 marca) \u2013 PATRON I WZ\u00d3R NARZECZONYCH ROZWA\u017bANIE: \u015awi\u0119temu J\u00f3zefowi B\u00f3g objawi\u0142 przez anio\u0142a tajemnic\u0119 przyj\u015bcia Syna Bo\u017cego na \u015bwiat. Pos\u0142uszny natchnieniu Bo\u017cemu \u015bw. J\u00f3zef przyj\u0105\u0142 pod sw\u00f3j dach Maryj\u0119, b\u0119d\u0105c\u0105 w stanie b\u0142ogos\u0142awionym. Przez to da\u0142 schronienie samemu Jezusowi \u2014 Odkupicielowi \u015bwiata, kt\u00f3rego Maryja &hellip;","og_url":"https:\/\/pakosc-kalwaria.franciszkanie.net\/index.php\/2022\/03\/16\/nowenna-do-swietego-jozefa-od-10-18-marca-2\/","og_site_name":"Pako\u015b\u0107 \u2013 Kalwaria","article_author":"https:\/\/www.facebook.com\/KalwariaPakosc\/","article_published_time":"2022-03-16T11:15:37+00:00","article_modified_time":"2022-03-17T09:36:39+00:00","og_image":[{"width":200,"height":328,"url":"https:\/\/pakosc-kalwaria.franciszkanie.net\/wp-content\/uploads\/2022\/03\/sw.-jozef.jpg","type":"image\/jpeg"}],"twitter_card":"summary","twitter_misc":{"Napisane przez":"pakosc-kalwaria","Szacowany czas czytania":"13 minut"},"schema":{"@context":"https:\/\/schema.org","@graph":[{"@type":"WebSite","@id":"https:\/\/pakosc-kalwaria.franciszkanie.net\/#website","url":"https:\/\/pakosc-kalwaria.franciszkanie.net\/","name":"Pako\u015b\u0107 \u2013 Kalwaria","description":"Parafia Rzymsko \u2013 Katolicka p.w. Pana Jezusa Ukrzy\u017cowanego i  Matki Bo\u017cej Bolesnej ul. Barci\u0144ska 60, 88\u2013170 Pako\u015b\u0107 \u2013 Kalwaria","potentialAction":[{"@type":"SearchAction","target":{"@type":"EntryPoint","urlTemplate":"https:\/\/pakosc-kalwaria.franciszkanie.net\/?s={search_term_string}"},"query-input":"required name=search_term_string"}],"inLanguage":"pl-PL"},{"@type":"ImageObject","@id":"https:\/\/pakosc-kalwaria.franciszkanie.net\/index.php\/2022\/03\/16\/nowenna-do-swietego-jozefa-od-10-18-marca-2\/#primaryimage","inLanguage":"pl-PL","url":"https:\/\/pakosc-kalwaria.franciszkanie.net\/wp-content\/uploads\/2022\/03\/sw.-jozef.jpg","contentUrl":"https:\/\/pakosc-kalwaria.franciszkanie.net\/wp-content\/uploads\/2022\/03\/sw.-jozef.jpg","width":200,"height":328},{"@type":"WebPage","@id":"https:\/\/pakosc-kalwaria.franciszkanie.net\/index.php\/2022\/03\/16\/nowenna-do-swietego-jozefa-od-10-18-marca-2\/#webpage","url":"https:\/\/pakosc-kalwaria.franciszkanie.net\/index.php\/2022\/03\/16\/nowenna-do-swietego-jozefa-od-10-18-marca-2\/","name":"Nowenna do \u015awi\u0119tego J\u00f3zefa od 10 \u2013 18 marca - Pako\u015b\u0107 \u2013 Kalwaria","isPartOf":{"@id":"https:\/\/pakosc-kalwaria.franciszkanie.net\/#website"},"primaryImageOfPage":{"@id":"https:\/\/pakosc-kalwaria.franciszkanie.net\/index.php\/2022\/03\/16\/nowenna-do-swietego-jozefa-od-10-18-marca-2\/#primaryimage"},"datePublished":"2022-03-16T11:15:37+00:00","dateModified":"2022-03-17T09:36:39+00:00","author":{"@id":"https:\/\/pakosc-kalwaria.franciszkanie.net\/#\/schema\/person\/af10b943be0760709227d060eadcb2aa"},"breadcrumb":{"@id":"https:\/\/pakosc-kalwaria.franciszkanie.net\/index.php\/2022\/03\/16\/nowenna-do-swietego-jozefa-od-10-18-marca-2\/#breadcrumb"},"inLanguage":"pl-PL","potentialAction":[{"@type":"ReadAction","target":["https:\/\/pakosc-kalwaria.franciszkanie.net\/index.php\/2022\/03\/16\/nowenna-do-swietego-jozefa-od-10-18-marca-2\/"]}]},{"@type":"BreadcrumbList","@id":"https:\/\/pakosc-kalwaria.franciszkanie.net\/index.php\/2022\/03\/16\/nowenna-do-swietego-jozefa-od-10-18-marca-2\/#breadcrumb","itemListElement":[{"@type":"ListItem","position":1,"name":"Strona g\u0142\u00f3wna","item":"https:\/\/pakosc-kalwaria.franciszkanie.net\/"},{"@type":"ListItem","position":2,"name":"Nowenna do \u015awi\u0119tego J\u00f3zefa od 10 \u2013 18 marca"}]},{"@type":"Person","@id":"https:\/\/pakosc-kalwaria.franciszkanie.net\/#\/schema\/person\/af10b943be0760709227d060eadcb2aa","name":"pakosc-kalwaria","image":{"@type":"ImageObject","@id":"https:\/\/pakosc-kalwaria.franciszkanie.net\/#personlogo","inLanguage":"pl-PL","url":"https:\/\/secure.gravatar.com\/avatar\/e7049d338b55eac6a0027ff3218b8d02?s=96&d=mm&r=g","contentUrl":"https:\/\/secure.gravatar.com\/avatar\/e7049d338b55eac6a0027ff3218b8d02?s=96&d=mm&r=g","caption":"pakosc-kalwaria"},"sameAs":["https:\/\/www.facebook.com\/KalwariaPakosc\/"],"url":"https:\/\/pakosc-kalwaria.franciszkanie.net\/index.php\/author\/pakosc-kalwaria\/"}]}},"_links":{"self":[{"href":"https:\/\/pakosc-kalwaria.franciszkanie.net\/index.php\/wp-json\/wp\/v2\/posts\/22046"}],"collection":[{"href":"https:\/\/pakosc-kalwaria.franciszkanie.net\/index.php\/wp-json\/wp\/v2\/posts"}],"about":[{"href":"https:\/\/pakosc-kalwaria.franciszkanie.net\/index.php\/wp-json\/wp\/v2\/types\/post"}],"author":[{"embeddable":true,"href":"https:\/\/pakosc-kalwaria.franciszkanie.net\/index.php\/wp-json\/wp\/v2\/users\/2"}],"replies":[{"embeddable":true,"href":"https:\/\/pakosc-kalwaria.franciszkanie.net\/index.php\/wp-json\/wp\/v2\/comments?post=22046"}],"version-history":[{"count":2,"href":"https:\/\/pakosc-kalwaria.franciszkanie.net\/index.php\/wp-json\/wp\/v2\/posts\/22046\/revisions"}],"predecessor-version":[{"id":22184,"href":"https:\/\/pakosc-kalwaria.franciszkanie.net\/index.php\/wp-json\/wp\/v2\/posts\/22046\/revisions\/22184"}],"wp:featuredmedia":[{"embeddable":true,"href":"https:\/\/pakosc-kalwaria.franciszkanie.net\/index.php\/wp-json\/wp\/v2\/media\/22047"}],"wp:attachment":[{"href":"https:\/\/pakosc-kalwaria.franciszkanie.net\/index.php\/wp-json\/wp\/v2\/media?parent=22046"}],"wp:term":[{"taxonomy":"category","embeddable":true,"href":"https:\/\/pakosc-kalwaria.franciszkanie.net\/index.php\/wp-json\/wp\/v2\/categories?post=22046"},{"taxonomy":"post_tag","embeddable":true,"href":"https:\/\/pakosc-kalwaria.franciszkanie.net\/index.php\/wp-json\/wp\/v2\/tags?post=22046"}],"curies":[{"name":"wp","href":"https:\/\/api.w.org\/{rel}","templated":true}]}}