{"id":22192,"date":"2022-03-12T09:05:40","date_gmt":"2022-03-12T08:05:40","guid":{"rendered":"http:\/\/pakosc-kalwaria.franciszkanie.net\/?p=22192"},"modified":"2022-03-15T10:54:12","modified_gmt":"2022-03-15T09:54:12","slug":"ogloszenia-duszpasterskie-ii-niedziela-wielkiego-postu-5","status":"publish","type":"post","link":"https:\/\/pakosc-kalwaria.franciszkanie.net\/index.php\/2022\/03\/12\/ogloszenia-duszpasterskie-ii-niedziela-wielkiego-postu-5\/","title":{"rendered":"Og\u0142oszenia duszpasterskie &#8211; II Niedziela Wielkiego Postu"},"content":{"rendered":"<p><span style=\"color: #ff0000;\"><strong><em><u>W niedziel\u0119\u00a0 (13.03.)<\/u><\/em><\/strong> <\/span><strong><span style=\"color: #ff0000;\">\u2013 Dzie\u0144 Modlitwy, Postu i Solidarno\u015bci z Misjonarzami.<\/span> Z tej okazji zbi\u00f3rka do puszek na cele misyjne.<br \/>\n<span style=\"color: #ff0000;\">O 15.00 Gorzkie \u017bale<\/span> z kazaniem pasyjnym, a po nich Msza \u015awi\u0119ta.<br \/>\nDzisiaj przypada 9 Rocznica wyboru papie\u017ca Franciszka na Stolic\u0119 Piotrow\u0105 (13.03.2013). Pami\u0119tajmy w naszych modlitwach o Ojcu \u015awi\u0119tym.<\/strong><\/p>\n<p><strong>W tym tygodniu <span style=\"color: #ff0000;\">o 18.00 spotkania dla m\u0142odzie\u017cy<\/span> przygotowuj\u0105cej si\u0119 do Sakramentu Bierzmowania: <em><span style=\"color: #ff0000;\"><u>W poniedzia\u0142ek (14.03.)<\/u><\/span> \u2013<\/em> z klas I ponadpodstawowych, <span style=\"color: #ff0000;\"><em><u>we wtorek (15.03. ) <\/u><\/em><\/span>\u2013 z klas VIII.<\/strong><\/p>\n<p><strong><span style=\"color: #ff0000;\"><span style=\"text-decoration: underline;\"><span style=\"color: #800080; text-decoration: underline;\"><em>Od poniedzia\u0142ku (14.03. ) <\/em><\/span><\/span><span style=\"color: #000000;\">\u2013 codziennie w naszym Sanktuarium <span style=\"color: #ff0000;\">godzinn\u0105 modlitw\u0105 wspomagamy Ukrain\u0119,<\/span> ofiary wojny i wszystkich kt\u00f3rzy pomagaj\u0105. <span style=\"color: #ff0000;\">O 16.30<\/span> R\u00f3\u017caniec przed Naj\u015bwi\u0119tszym Sakramentem, <span style=\"color: #ff0000;\">o 17.00 Msza \u015bwi\u0119ta.<\/span> \u00a0Zapraszamy do gorliwej modlitwy w ko\u015bciele i w domach! \u00a0\u00a0\u00a0\u00a0\u00a0\u00a0\u00a0\u00a0 <\/span><u><\/u><\/span><\/strong><\/p>\n<p><span style=\"text-decoration: underline;\"><strong><span style=\"color: #ff0000; text-decoration: underline;\">W pi\u0105tki Wielkiego Postu zapraszamy na Drogi Krzy\u017cowe: \u00a0\u00a0\u00a0\u00a0<\/span><\/strong><\/span><br \/>\n<strong><span style=\"color: #ff0000;\">O 17.00<\/span> Droga Krzy\u017cowa w naszym ko\u015bciele i uczczenie Relikwii Krzy\u017ca \u015awi\u0119tego. <span style=\"color: #ff0000;\">O 17.30 Msza \u015awi\u0119ta<\/span> w intencjach zbiorowych do Bo\u017cego Mi\u0142osierdzia, kt\u00f3re mo\u017cna sk\u0142ada\u0107 do skarbonki pod ch\u00f3rem lub w zakrystii.<\/strong><\/p>\n<p><strong><span style=\"color: #ff0000;\">Drogi Krzy\u017cowe na Kalwarii:<\/span> o 9.00, 16.30 i 19.00. Rozpocz\u0119cie przy kaplicy Pi\u0142ata. <\/strong><strong>Po Drogach Krzy\u017cowych o 9.00 i 16.30 Msza \u015bw. w naszym ko\u015bciele. Po Drodze Krzy\u017cowej o 19.00 w naszym ko\u015bciele Obrz\u0119d Komunii \u015bwi\u0119tej. \u00a0\u00a0\u00a0\u00a0\u00a0\u00a0\u00a0\u00a0\u00a0\u00a0\u00a0\u00a0\u00a0\u00a0\u00a0\u00a0\u00a0\u00a0\u00a0\u00a0\u00a0\u00a0\u00a0\u00a0\u00a0\u00a0\u00a0\u00a0\u00a0\u00a0\u00a0\u00a0\u00a0\u00a0\u00a0\u00a0\u00a0\u00a0\u00a0\u00a0\u00a0\u00a0\u00a0\u00a0\u00a0\u00a0\u00a0\u00a0\u00a0\u00a0\u00a0\u00a0\u00a0\u00a0\u00a0\u00a0\u00a0\u00a0\u00a0\u00a0\u00a0\u00a0\u00a0\u00a0\u00a0\u00a0\u00a0\u00a0\u00a0\u00a0\u00a0\u00a0\u00a0\u00a0\u00a0\u00a0\u00a0\u00a0\u00a0\u00a0\u00a0 \u00a0\u00a0\u00a0\u00a0\u00a0\u00a0\u00a0\u00a0\u00a0\u00a0\u00a0 <\/strong><br \/>\n<strong>Zapraszamy wszystkich do licznego udzia\u0142u w Drogach Krzy\u017cowych. Za udzia\u0142 w Nabo\u017ce\u0144stwach Pasyjnych mo\u017cna zyska\u0107 odpust zupe\u0142ny pod zwyk\u0142ymi warunkami.<\/strong><\/p>\n<p><span style=\"color: #ff0000;\"><em><strong><u>W sobot\u0119 (19.03.)<\/u><\/strong><\/em> <\/span><strong><span style=\"color: #ff0000;\">\u2013 Uroczysto\u015b\u0107 \u015bw. J\u00f3zefa<\/span>, <\/strong><strong>Oblubie\u0144ca NMP, Patrona Ko\u015bcio\u0142a Powszechnego.<br \/>\n<span style=\"color: #ff0000;\">Msza \u015bw. o 10.00. <span style=\"color: #000000;\">Do Uroczysto\u015bci przygotowujemy przez Nowenn\u0119.\u00a0<\/span><\/span><\/strong><\/p>\n<p><strong><span style=\"color: #000000;\"><span style=\"color: #ff0000;\">W sobot\u0119 19 marca o 11.00<\/span> w bazylice prymasowskiej w Gnie\u017anie <span style=\"color: #ff0000;\">Ks. Rados\u0142aw Orchowicz przyjmie \u015bwi\u0119cenia biskupie.<\/span> G\u0142\u00f3wnym konsekratorem b\u0119dzie Prymas Polski abp Wojciech Polak.\u00a0<\/span><\/strong><\/p>\n<p><strong><span style=\"color: #ff0000;\"><em><u>W przysz\u0142\u0105\u00a0 niedziel\u0119\u00a0 (20.03.)<\/u><\/em> \u2013 Msze \u015awi\u0119te o 9.00, 11.00.<\/span> <span style=\"color: #ff0000;\">O 15.00 Gorzkie \u017bale z<\/span> kazaniem pasyjnym, a po nich <span style=\"color: #ff0000;\">Msza \u015awi\u0119ta.\u00a0<\/span> Kolekta przeznaczona na ogrzewania naszego ko\u015bcio\u0142a i na renowacj\u0119 prezbiterium. Za ka\u017cd\u0105 ofiar\u0119 sk\u0142adamy serdeczne \u201eB\u00f3g zap\u0142a\u0107\u201d.<\/strong><\/p>\n<p><strong><span style=\"color: #ff0000;\"><u>Od 19 \u2013 25 marca Tydzie\u0144 Modlitw o Ochron\u0119 \u017bycia.<\/u><br \/>\n<span style=\"text-decoration: underline;\">W pi\u0105tek 25 marca,<\/span><\/span> w uroczysto\u015b\u0107 Zwiastowania Pa\u0144skiego, <span style=\"color: #ff0000;\">w czasie Mszy \u015bw. o 17.30<\/span> b\u0119dzie mo\u017cna w naszym Sanktuarium z\u0142o\u017cy\u0107 <span style=\"color: #ff0000;\">przyrzeczenia Duchowej Adopcji Dziecka Pocz\u0119tego.<\/span> Informatory i deklaracje znajduj\u0105 si\u0119 na stoliku pod ch\u00f3rem. Deklaracje przynosimy do zakrystii lub do biura parafialnego <span style=\"color: #ff0000;\">do czwartku 24 marca.<\/span> Zach\u0119camy do podj\u0119cia tego uczynku mi\u0142osierdzia wobec dzieci pocz\u0119tych, kt\u00f3rych \u017cycie jest zagro\u017cone oraz za ich rodzic\u00f3w. <span style=\"color: #ff0000;\">Rocznie zabijanych jest na \u015bwiecie ok. 70 milion\u00f3w dzieci nienarodzonych!!&#8230; W czasie pandemii przez dwa lata zmar\u0142o z powodu koronawirusa ponad 5 milion\u00f3w ludzi\u2026 \u00a0\u00a0\u00a0\u00a0\u00a0\u00a0\u00a0\u00a0\u00a0\u00a0\u00a0\u00a0\u00a0\u00a0\u00a0\u00a0\u00a0\u00a0\u00a0\u00a0\u00a0<\/span><\/strong><\/p>\n<p><strong><span style=\"color: #ff0000;\"><u>W sobot\u0119 26 marca<\/u> w Markowicach od 9.30 do 13.00 Dzie\u0144 Skupienia dla \u017bywego R\u00f3\u017ca\u0144ca.<\/span> Zg\u0142oszenie udzia\u0142u u zelatorek \u017bywego R\u00f3\u017ca\u0144ca w naszej Parafii <span style=\"color: #ff0000;\">do czwartku 17 marca.<\/span><\/strong><\/p>\n<p><strong>Zwracamy si\u0119 z pro\u015bb\u0105 o przekazanie <span style=\"color: #ff0000;\">1% podatku na rzecz Fundacji \u201eKalwaria Pakoska\u201d<\/span>, na dalsz\u0105 renowacj\u0119 i promocj\u0119 naszej Kalwarii &#8211; KRS 0000282780.<\/strong><\/p>\n<p><strong>Osoby, kt\u00f3re podj\u0119\u0142y abstynencj\u0119 od napoj\u00f3w alkoholowych na czas Wielkiego Postu mog\u0105 wpisa\u0107 si\u0119 do <span style=\"color: #ff0000;\">Ksi\u0119gi Trze\u017awo\u015bci<\/span> wy\u0142o\u017conej na bocznym o\u0142tarzu.<\/strong><br \/>\n<strong>Do skarbonki pod ch\u00f3rem\u00a0 mo\u017cna sk\u0142ada\u0107 <span style=\"color: #ff0000;\">Ja\u0142mu\u017cn\u0119 Wielkopostn\u0105<\/span> oraz ofiary na <span style=\"color: #ff0000;\">kwiaty do Bo\u017cego Grobu.<\/span><\/strong><br \/>\n<strong>Pod ch\u00f3rem do nabycia: Przewodnik Katolicki, ksi\u0105\u017ceczki z tekstami pie\u015bni wielkopostnych i Gorzkich \u017bali, ksi\u0105\u017ceczki z rozwa\u017caniami Drogi Krzy\u017cowej Ks. Abpa Henryka Muszy\u0144skiego.<\/strong><\/p>\n<p><strong>Wyra\u017camy wdzi\u0119czno\u015b\u0107 za wsp\u00f3ln\u0105 modlitw\u0119 oraz za ka\u017cde Wasze duchowe i materialne wsparcie.<\/strong><br \/>\n<strong>Starajmy si\u0119 w Wielkim Po\u015bcie podejmowa\u0107 wysi\u0142ek nawr\u00f3cenia przez modlitw\u0119, post i uczynki\u00a0 mi\u0142osierdzia. <span style=\"color: #ff0000;\">Uczestniczmy jak najcz\u0119\u015bciej we Mszy \u015bw.<\/span>, tak\u017ce w tygodniu, i <span style=\"color: #ff0000;\">przyst\u0119pujmy cz\u0119sto do Komunii \u015bwi\u0119tej.<\/span>\u00a0 <span style=\"color: #ff0000;\">Okazja do Spowiedzi \u015bwi\u0119tej<\/span> w tygodniu i w niedziele przed ka\u017cd\u0105 Msz\u0105 \u015bwi\u0119t\u0105.<\/strong><br \/>\n<strong>Codziennie w modlitwie zawierzajmy siebie samych, nasze Rodziny i ca\u0142y \u015bwiat Bo\u017cemu Mi\u0142osierdziu, Jezusowi Ukrzy\u017cowanemu oraz Matce Bo\u017cej Bolesnej.<\/strong><\/p>\n<p><strong>Z darem modlitwy Bracia Mniejsi Franciszkanie z Pako\u015bci &#8211; Kalwarii\u00a0\u00a0<\/strong><\/p>\n","protected":false},"excerpt":{"rendered":"<p>W niedziel\u0119\u00a0 (13.03.) \u2013 Dzie\u0144 Modlitwy, Postu i Solidarno\u015bci z Misjonarzami. Z tej okazji zbi\u00f3rka do puszek na cele misyjne. O 15.00 Gorzkie \u017bale z kazaniem pasyjnym, a po nich Msza \u015awi\u0119ta. Dzisiaj przypada 9 Rocznica wyboru papie\u017ca Franciszka na Stolic\u0119 Piotrow\u0105 (13.03.2013). Pami\u0119tajmy w naszych modlitwach o Ojcu \u015awi\u0119tym. W tym tygodniu o 18.00 &hellip;<\/p>\n","protected":false},"author":2,"featured_media":22189,"comment_status":"closed","ping_status":"closed","sticky":false,"template":"","format":"standard","meta":{"_mi_skip_tracking":false,"_exactmetrics_sitenote_active":false,"_exactmetrics_sitenote_note":"","_exactmetrics_sitenote_category":0},"categories":[5],"tags":[],"yoast_head":"<!-- This site is optimized with the Yoast SEO plugin v18.1 - https:\/\/yoast.com\/wordpress\/plugins\/seo\/ -->\n<title>Og\u0142oszenia duszpasterskie - II Niedziela Wielkiego Postu - Pako\u015b\u0107 \u2013 Kalwaria<\/title>\n<meta name=\"robots\" content=\"index, follow, max-snippet:-1, max-image-preview:large, max-video-preview:-1\" \/>\n<link rel=\"canonical\" href=\"https:\/\/pakosc-kalwaria.franciszkanie.net\/index.php\/2022\/03\/12\/ogloszenia-duszpasterskie-ii-niedziela-wielkiego-postu-5\/\" \/>\n<meta property=\"og:locale\" content=\"pl_PL\" \/>\n<meta property=\"og:type\" content=\"article\" \/>\n<meta property=\"og:title\" content=\"Og\u0142oszenia duszpasterskie - II Niedziela Wielkiego Postu - Pako\u015b\u0107 \u2013 Kalwaria\" \/>\n<meta property=\"og:description\" content=\"W niedziel\u0119\u00a0 (13.03.) \u2013 Dzie\u0144 Modlitwy, Postu i Solidarno\u015bci z Misjonarzami. Z tej okazji zbi\u00f3rka do puszek na cele misyjne. O 15.00 Gorzkie \u017bale z kazaniem pasyjnym, a po nich Msza \u015awi\u0119ta. Dzisiaj przypada 9 Rocznica wyboru papie\u017ca Franciszka na Stolic\u0119 Piotrow\u0105 (13.03.2013). Pami\u0119tajmy w naszych modlitwach o Ojcu \u015awi\u0119tym. W tym tygodniu o 18.00 &hellip;\" \/>\n<meta property=\"og:url\" content=\"https:\/\/pakosc-kalwaria.franciszkanie.net\/index.php\/2022\/03\/12\/ogloszenia-duszpasterskie-ii-niedziela-wielkiego-postu-5\/\" \/>\n<meta property=\"og:site_name\" content=\"Pako\u015b\u0107 \u2013 Kalwaria\" \/>\n<meta property=\"article:author\" content=\"https:\/\/www.facebook.com\/KalwariaPakosc\/\" \/>\n<meta property=\"article:published_time\" content=\"2022-03-12T08:05:40+00:00\" \/>\n<meta property=\"article:modified_time\" content=\"2022-03-15T09:54:12+00:00\" \/>\n<meta property=\"og:image\" content=\"https:\/\/pakosc-kalwaria.franciszkanie.net\/wp-content\/uploads\/2022\/03\/II-Niedziela-W.-Postu.jpg\" \/>\n\t<meta property=\"og:image:width\" content=\"300\" \/>\n\t<meta property=\"og:image:height\" content=\"226\" \/>\n\t<meta property=\"og:image:type\" content=\"image\/jpeg\" \/>\n<meta name=\"twitter:card\" content=\"summary\" \/>\n<meta name=\"twitter:label1\" content=\"Napisane przez\" \/>\n\t<meta name=\"twitter:data1\" content=\"pakosc-kalwaria\" \/>\n\t<meta name=\"twitter:label2\" content=\"Szacowany czas czytania\" \/>\n\t<meta name=\"twitter:data2\" content=\"4 minuty\" \/>\n<script type=\"application\/ld+json\" class=\"yoast-schema-graph\">{\"@context\":\"https:\/\/schema.org\",\"@graph\":[{\"@type\":\"WebSite\",\"@id\":\"https:\/\/pakosc-kalwaria.franciszkanie.net\/#website\",\"url\":\"https:\/\/pakosc-kalwaria.franciszkanie.net\/\",\"name\":\"Pako\u015b\u0107 \u2013 Kalwaria\",\"description\":\"Parafia Rzymsko \u2013 Katolicka p.w. Pana Jezusa Ukrzy\u017cowanego i  Matki Bo\u017cej Bolesnej ul. Barci\u0144ska 60, 88\u2013170 Pako\u015b\u0107 \u2013 Kalwaria\",\"potentialAction\":[{\"@type\":\"SearchAction\",\"target\":{\"@type\":\"EntryPoint\",\"urlTemplate\":\"https:\/\/pakosc-kalwaria.franciszkanie.net\/?s={search_term_string}\"},\"query-input\":\"required name=search_term_string\"}],\"inLanguage\":\"pl-PL\"},{\"@type\":\"ImageObject\",\"@id\":\"https:\/\/pakosc-kalwaria.franciszkanie.net\/index.php\/2022\/03\/12\/ogloszenia-duszpasterskie-ii-niedziela-wielkiego-postu-5\/#primaryimage\",\"inLanguage\":\"pl-PL\",\"url\":\"https:\/\/pakosc-kalwaria.franciszkanie.net\/wp-content\/uploads\/2022\/03\/II-Niedziela-W.-Postu.jpg\",\"contentUrl\":\"https:\/\/pakosc-kalwaria.franciszkanie.net\/wp-content\/uploads\/2022\/03\/II-Niedziela-W.-Postu.jpg\",\"width\":300,\"height\":226},{\"@type\":\"WebPage\",\"@id\":\"https:\/\/pakosc-kalwaria.franciszkanie.net\/index.php\/2022\/03\/12\/ogloszenia-duszpasterskie-ii-niedziela-wielkiego-postu-5\/#webpage\",\"url\":\"https:\/\/pakosc-kalwaria.franciszkanie.net\/index.php\/2022\/03\/12\/ogloszenia-duszpasterskie-ii-niedziela-wielkiego-postu-5\/\",\"name\":\"Og\u0142oszenia duszpasterskie - II Niedziela Wielkiego Postu - Pako\u015b\u0107 \u2013 Kalwaria\",\"isPartOf\":{\"@id\":\"https:\/\/pakosc-kalwaria.franciszkanie.net\/#website\"},\"primaryImageOfPage\":{\"@id\":\"https:\/\/pakosc-kalwaria.franciszkanie.net\/index.php\/2022\/03\/12\/ogloszenia-duszpasterskie-ii-niedziela-wielkiego-postu-5\/#primaryimage\"},\"datePublished\":\"2022-03-12T08:05:40+00:00\",\"dateModified\":\"2022-03-15T09:54:12+00:00\",\"author\":{\"@id\":\"https:\/\/pakosc-kalwaria.franciszkanie.net\/#\/schema\/person\/af10b943be0760709227d060eadcb2aa\"},\"breadcrumb\":{\"@id\":\"https:\/\/pakosc-kalwaria.franciszkanie.net\/index.php\/2022\/03\/12\/ogloszenia-duszpasterskie-ii-niedziela-wielkiego-postu-5\/#breadcrumb\"},\"inLanguage\":\"pl-PL\",\"potentialAction\":[{\"@type\":\"ReadAction\",\"target\":[\"https:\/\/pakosc-kalwaria.franciszkanie.net\/index.php\/2022\/03\/12\/ogloszenia-duszpasterskie-ii-niedziela-wielkiego-postu-5\/\"]}]},{\"@type\":\"BreadcrumbList\",\"@id\":\"https:\/\/pakosc-kalwaria.franciszkanie.net\/index.php\/2022\/03\/12\/ogloszenia-duszpasterskie-ii-niedziela-wielkiego-postu-5\/#breadcrumb\",\"itemListElement\":[{\"@type\":\"ListItem\",\"position\":1,\"name\":\"Strona g\u0142\u00f3wna\",\"item\":\"https:\/\/pakosc-kalwaria.franciszkanie.net\/\"},{\"@type\":\"ListItem\",\"position\":2,\"name\":\"Og\u0142oszenia duszpasterskie &#8211; II Niedziela Wielkiego Postu\"}]},{\"@type\":\"Person\",\"@id\":\"https:\/\/pakosc-kalwaria.franciszkanie.net\/#\/schema\/person\/af10b943be0760709227d060eadcb2aa\",\"name\":\"pakosc-kalwaria\",\"image\":{\"@type\":\"ImageObject\",\"@id\":\"https:\/\/pakosc-kalwaria.franciszkanie.net\/#personlogo\",\"inLanguage\":\"pl-PL\",\"url\":\"https:\/\/secure.gravatar.com\/avatar\/e7049d338b55eac6a0027ff3218b8d02?s=96&d=mm&r=g\",\"contentUrl\":\"https:\/\/secure.gravatar.com\/avatar\/e7049d338b55eac6a0027ff3218b8d02?s=96&d=mm&r=g\",\"caption\":\"pakosc-kalwaria\"},\"sameAs\":[\"https:\/\/www.facebook.com\/KalwariaPakosc\/\"],\"url\":\"https:\/\/pakosc-kalwaria.franciszkanie.net\/index.php\/author\/pakosc-kalwaria\/\"}]}<\/script>\n<!-- \/ Yoast SEO plugin. -->","yoast_head_json":{"title":"Og\u0142oszenia duszpasterskie - II Niedziela Wielkiego Postu - Pako\u015b\u0107 \u2013 Kalwaria","robots":{"index":"index","follow":"follow","max-snippet":"max-snippet:-1","max-image-preview":"max-image-preview:large","max-video-preview":"max-video-preview:-1"},"canonical":"https:\/\/pakosc-kalwaria.franciszkanie.net\/index.php\/2022\/03\/12\/ogloszenia-duszpasterskie-ii-niedziela-wielkiego-postu-5\/","og_locale":"pl_PL","og_type":"article","og_title":"Og\u0142oszenia duszpasterskie - II Niedziela Wielkiego Postu - Pako\u015b\u0107 \u2013 Kalwaria","og_description":"W niedziel\u0119\u00a0 (13.03.) \u2013 Dzie\u0144 Modlitwy, Postu i Solidarno\u015bci z Misjonarzami. Z tej okazji zbi\u00f3rka do puszek na cele misyjne. O 15.00 Gorzkie \u017bale z kazaniem pasyjnym, a po nich Msza \u015awi\u0119ta. Dzisiaj przypada 9 Rocznica wyboru papie\u017ca Franciszka na Stolic\u0119 Piotrow\u0105 (13.03.2013). Pami\u0119tajmy w naszych modlitwach o Ojcu \u015awi\u0119tym. W tym tygodniu o 18.00 &hellip;","og_url":"https:\/\/pakosc-kalwaria.franciszkanie.net\/index.php\/2022\/03\/12\/ogloszenia-duszpasterskie-ii-niedziela-wielkiego-postu-5\/","og_site_name":"Pako\u015b\u0107 \u2013 Kalwaria","article_author":"https:\/\/www.facebook.com\/KalwariaPakosc\/","article_published_time":"2022-03-12T08:05:40+00:00","article_modified_time":"2022-03-15T09:54:12+00:00","og_image":[{"width":300,"height":226,"url":"https:\/\/pakosc-kalwaria.franciszkanie.net\/wp-content\/uploads\/2022\/03\/II-Niedziela-W.-Postu.jpg","type":"image\/jpeg"}],"twitter_card":"summary","twitter_misc":{"Napisane przez":"pakosc-kalwaria","Szacowany czas czytania":"4 minuty"},"schema":{"@context":"https:\/\/schema.org","@graph":[{"@type":"WebSite","@id":"https:\/\/pakosc-kalwaria.franciszkanie.net\/#website","url":"https:\/\/pakosc-kalwaria.franciszkanie.net\/","name":"Pako\u015b\u0107 \u2013 Kalwaria","description":"Parafia Rzymsko \u2013 Katolicka p.w. Pana Jezusa Ukrzy\u017cowanego i  Matki Bo\u017cej Bolesnej ul. Barci\u0144ska 60, 88\u2013170 Pako\u015b\u0107 \u2013 Kalwaria","potentialAction":[{"@type":"SearchAction","target":{"@type":"EntryPoint","urlTemplate":"https:\/\/pakosc-kalwaria.franciszkanie.net\/?s={search_term_string}"},"query-input":"required name=search_term_string"}],"inLanguage":"pl-PL"},{"@type":"ImageObject","@id":"https:\/\/pakosc-kalwaria.franciszkanie.net\/index.php\/2022\/03\/12\/ogloszenia-duszpasterskie-ii-niedziela-wielkiego-postu-5\/#primaryimage","inLanguage":"pl-PL","url":"https:\/\/pakosc-kalwaria.franciszkanie.net\/wp-content\/uploads\/2022\/03\/II-Niedziela-W.-Postu.jpg","contentUrl":"https:\/\/pakosc-kalwaria.franciszkanie.net\/wp-content\/uploads\/2022\/03\/II-Niedziela-W.-Postu.jpg","width":300,"height":226},{"@type":"WebPage","@id":"https:\/\/pakosc-kalwaria.franciszkanie.net\/index.php\/2022\/03\/12\/ogloszenia-duszpasterskie-ii-niedziela-wielkiego-postu-5\/#webpage","url":"https:\/\/pakosc-kalwaria.franciszkanie.net\/index.php\/2022\/03\/12\/ogloszenia-duszpasterskie-ii-niedziela-wielkiego-postu-5\/","name":"Og\u0142oszenia duszpasterskie - II Niedziela Wielkiego Postu - Pako\u015b\u0107 \u2013 Kalwaria","isPartOf":{"@id":"https:\/\/pakosc-kalwaria.franciszkanie.net\/#website"},"primaryImageOfPage":{"@id":"https:\/\/pakosc-kalwaria.franciszkanie.net\/index.php\/2022\/03\/12\/ogloszenia-duszpasterskie-ii-niedziela-wielkiego-postu-5\/#primaryimage"},"datePublished":"2022-03-12T08:05:40+00:00","dateModified":"2022-03-15T09:54:12+00:00","author":{"@id":"https:\/\/pakosc-kalwaria.franciszkanie.net\/#\/schema\/person\/af10b943be0760709227d060eadcb2aa"},"breadcrumb":{"@id":"https:\/\/pakosc-kalwaria.franciszkanie.net\/index.php\/2022\/03\/12\/ogloszenia-duszpasterskie-ii-niedziela-wielkiego-postu-5\/#breadcrumb"},"inLanguage":"pl-PL","potentialAction":[{"@type":"ReadAction","target":["https:\/\/pakosc-kalwaria.franciszkanie.net\/index.php\/2022\/03\/12\/ogloszenia-duszpasterskie-ii-niedziela-wielkiego-postu-5\/"]}]},{"@type":"BreadcrumbList","@id":"https:\/\/pakosc-kalwaria.franciszkanie.net\/index.php\/2022\/03\/12\/ogloszenia-duszpasterskie-ii-niedziela-wielkiego-postu-5\/#breadcrumb","itemListElement":[{"@type":"ListItem","position":1,"name":"Strona g\u0142\u00f3wna","item":"https:\/\/pakosc-kalwaria.franciszkanie.net\/"},{"@type":"ListItem","position":2,"name":"Og\u0142oszenia duszpasterskie &#8211; II Niedziela Wielkiego Postu"}]},{"@type":"Person","@id":"https:\/\/pakosc-kalwaria.franciszkanie.net\/#\/schema\/person\/af10b943be0760709227d060eadcb2aa","name":"pakosc-kalwaria","image":{"@type":"ImageObject","@id":"https:\/\/pakosc-kalwaria.franciszkanie.net\/#personlogo","inLanguage":"pl-PL","url":"https:\/\/secure.gravatar.com\/avatar\/e7049d338b55eac6a0027ff3218b8d02?s=96&d=mm&r=g","contentUrl":"https:\/\/secure.gravatar.com\/avatar\/e7049d338b55eac6a0027ff3218b8d02?s=96&d=mm&r=g","caption":"pakosc-kalwaria"},"sameAs":["https:\/\/www.facebook.com\/KalwariaPakosc\/"],"url":"https:\/\/pakosc-kalwaria.franciszkanie.net\/index.php\/author\/pakosc-kalwaria\/"}]}},"_links":{"self":[{"href":"https:\/\/pakosc-kalwaria.franciszkanie.net\/index.php\/wp-json\/wp\/v2\/posts\/22192"}],"collection":[{"href":"https:\/\/pakosc-kalwaria.franciszkanie.net\/index.php\/wp-json\/wp\/v2\/posts"}],"about":[{"href":"https:\/\/pakosc-kalwaria.franciszkanie.net\/index.php\/wp-json\/wp\/v2\/types\/post"}],"author":[{"embeddable":true,"href":"https:\/\/pakosc-kalwaria.franciszkanie.net\/index.php\/wp-json\/wp\/v2\/users\/2"}],"replies":[{"embeddable":true,"href":"https:\/\/pakosc-kalwaria.franciszkanie.net\/index.php\/wp-json\/wp\/v2\/comments?post=22192"}],"version-history":[{"count":7,"href":"https:\/\/pakosc-kalwaria.franciszkanie.net\/index.php\/wp-json\/wp\/v2\/posts\/22192\/revisions"}],"predecessor-version":[{"id":22232,"href":"https:\/\/pakosc-kalwaria.franciszkanie.net\/index.php\/wp-json\/wp\/v2\/posts\/22192\/revisions\/22232"}],"wp:featuredmedia":[{"embeddable":true,"href":"https:\/\/pakosc-kalwaria.franciszkanie.net\/index.php\/wp-json\/wp\/v2\/media\/22189"}],"wp:attachment":[{"href":"https:\/\/pakosc-kalwaria.franciszkanie.net\/index.php\/wp-json\/wp\/v2\/media?parent=22192"}],"wp:term":[{"taxonomy":"category","embeddable":true,"href":"https:\/\/pakosc-kalwaria.franciszkanie.net\/index.php\/wp-json\/wp\/v2\/categories?post=22192"},{"taxonomy":"post_tag","embeddable":true,"href":"https:\/\/pakosc-kalwaria.franciszkanie.net\/index.php\/wp-json\/wp\/v2\/tags?post=22192"}],"curies":[{"name":"wp","href":"https:\/\/api.w.org\/{rel}","templated":true}]}}