{"id":22203,"date":"2022-03-21T11:15:59","date_gmt":"2022-03-21T10:15:59","guid":{"rendered":"http:\/\/pakosc-kalwaria.franciszkanie.net\/?p=22203"},"modified":"2022-03-21T21:02:34","modified_gmt":"2022-03-21T20:02:34","slug":"wlacz-sie-w-tydzien-modlitw-o-ochrone-zycia-od-19-marca","status":"publish","type":"post","link":"https:\/\/pakosc-kalwaria.franciszkanie.net\/index.php\/2022\/03\/21\/wlacz-sie-w-tydzien-modlitw-o-ochrone-zycia-od-19-marca\/","title":{"rendered":"W\u0142\u0105cz si\u0119 w \u201eTydzie\u0144 Modlitw o Ochron\u0119 \u017bycia\u201d!! &#8211;  od 19 do 25 marca"},"content":{"rendered":"<p><span style=\"color: #ff0000;\"><strong>Tydzie\u0144 Modlitw o Ochron\u0119 \u017bycia 19 &#8211; 25 marca.<br \/>\n<\/strong><\/span><\/p>\n<p><span style=\"color: #ff0000;\"><strong>Tydzie\u0144 Modlitw o\u00a0Ochron\u0119 \u017bycia rozpocznie si\u0119 w\u00a0liturgiczne wspomnienie \u015bw. J\u00f3zefa (19 marca), a\u00a0zako\u0144czy w\u00a0Dzie\u0144 \u015awi\u0119to\u015bci \u017bycia (25 marca). <\/strong><\/span><strong>Codziennie b\u0119dziemy odmawia\u0107 litani\u0119 do \u015awi\u0119tej Rodziny, modlitw\u0119 u\u0142o\u017con\u0105 przez \u015bw. Jana Paw\u0142a II i\u00a0zaczerpni\u0119t\u0105 z\u00a0encykliki <\/strong><strong><em>Evangelium vitae<\/em> oraz kr\u00f3tkie rozwa\u017canie.<\/strong><\/p>\n<p><strong>\u017bycie jest darem. Bezcennym, cho\u0107 kruchym. Najpi\u0119kniejszym, cho\u0107 czasem trudnym do przyj\u0119cia.<\/strong> <strong>Hojnym, cho\u0107 czasem mo\u017ce wydawa\u0107 si\u0119 nie w por\u0119.<br \/>\n<span style=\"color: #ff0000;\">\u017bycia to dar od Boga dla cz\u0142owieka!!!&#8230;\u00a0<\/span><\/strong> <span style=\"color: #ff0000;\"><strong>W ostatnich latach rocznie na ca\u0142ym \u015bwiecie zabijanych jest ok. 70 milion\u00f3w dzieci nienarodzonych!!!<\/strong> <\/span><br \/>\n<strong><br \/>\nNasz\u0105 modlitw\u0105 chcemy w\u00a0nim obj\u0105\u0107 wszystkie dzieci nienarodzone i\u00a0ich rodzic\u00f3w<\/strong>, szczeg\u00f3lnie gdy otrzymuj\u0105 trudn\u0105 diagnoz\u0119 prenataln\u0105. B\u0119dziemy si\u0119 modli\u0107 za m\u0142odzie\u017c, by by\u0142a wierna chrze\u015bcija\u0144skim warto\u015bciom, za piel\u0119gniarki, po\u0142o\u017cne, lekarzy i farmaceut\u00f3w, a tak\u017ce za polityk\u00f3w i dziennikarzy. B\u0119dziemy te\u017c modli\u0107 si\u0119 o sprawiedliwo\u015b\u0107 spo\u0142eczn\u0105, przejawiaj\u0105c\u0105 si\u0119 w zwi\u0119kszeniu wsparcia finansowego dla rodzic\u00f3w dzieci z niepe\u0142nosprawno\u015bci\u0105.<br \/>\n<strong><br \/>\nTydzie\u0144 Modlitw o\u00a0Ochron\u0119 \u017bycia<\/strong> to te\u017c zaproszenie do czynnego w\u0142\u0105czenia si\u0119 w\u00a0dzia\u0142ania pro-life na miar\u0119 naszych mo\u017cliwo\u015bci. To okazja, by siebie samych zapyta\u0107, czy pomogli\u015bmy innym rodzicom pokocha\u0107 ich dzieci.<br \/>\n&#8211; Co zrobili\u015bmy, kiedy w ich oczach widzieli\u015bmy strach?<br \/>\n&#8211; Czy byli\u015bmy oparciem dla swojej kole\u017canki, znajomej z pracy, s\u0105siadki, kt\u00f3ra zosta\u0142a matk\u0105, cho\u0107 tego nie planowa\u0142a?<br \/>\n&#8211; Czy byli\u015bmy \u017cyczliwi dla rodzin wielodzietnych? Czy zaoferowali\u015bmy cho\u0107by najmniejsze wsparcie organizacyjne lub finansowe rodzicom, kt\u00f3rzy wychowuj\u0105 dziecko z niepe\u0142nosprawno\u015bci\u0105, bo nawet ta najmniejsza pomoc jest lepsza od najwi\u0119kszego wsp\u00f3\u0142czucia?<br \/>\n<strong>Naszym zadaniem jest pom\u00f3c wszystkim rodzicom w przyj\u0119ciu ich dziecka takim, jakie jest.<\/strong> Nawet je\u015bli z\u00a0ludzkiego punktu widzenia wydaje nam si\u0119, \u017ce pocz\u0119\u0142o si\u0119 nie w\u00a0por\u0119.<br \/>\n<strong><br \/>\nZapro\u015bmy do wsp\u00f3lnej modlitwy cz\u0142onk\u00f3w Rodziny, Przyjaci\u00f3\u0142, Znajomych ze Wsp\u00f3lnot.<\/strong> W\u00a0\u015bwiecie, kt\u00f3ry dzieli dzieci na \u201echciane\u201d i \u201eniechciane\u201d; w\u00a0\u015bwiecie, w\u00a0kt\u00f3rym zabija oboj\u0119tno\u015b\u0107 i\u00a0fa\u0142szywa lito\u015b\u0107, potrzebujemy na nowo us\u0142ysze\u0107 <strong>Ewangeli\u0119 \u017cycia<\/strong>. <strong>Chcemy na nowo us\u0142ysze\u0107 Ewangeli\u0119 \u017cycia w \u015bwiecie, w kt\u00f3rym w wielu krajach nast\u0119puje liberalizacja prawa aborcyjnego.<br \/>\n<\/strong><\/p>\n<p><strong>\u201eDzieci s\u0105 kochane, zanim przyjd\u0105 na \u015bwiat\u201d<\/strong> <strong>napisa\u0142 papie\u017c Franciszek w\u00a0adhortacji <em>Amoris laetitia.<\/em><\/strong> Sp\u00f3r o prawo do \u017cycia trwa i b\u0119dzie trwa\u0142 zawsze. Organizacje proaborcyjne otwarcie m\u00f3wi\u0105, \u017ce chc\u0105 aborcji do porodu. Prezydent Francji Emmanuel Macron chce, by prawo do aborcji zosta\u0142o wpisane do Karty praw podstawowych Unii Europejskiej. W\u0142adze Madrytu zdecydowa\u0142y, \u017ce organizatorzy protest\u00f3w pod klinikami aborcyjnymi, ale te\u017c podmioty publikuj\u0105ce pro-life\u2019owe tre\u015bci w internecie maj\u0105 by\u0107 pozbawione subsydi\u00f3w z bud\u017cetu hiszpa\u0144skiej stolicy. Walka o aborcj\u0119 na \u017cyczenie toczy si\u0119 na naszych oczach w wielu krajach na \u015bwiecie, tak\u017ce na polskim podw\u00f3rku, gdzie organizacje anti-life \u017c\u0105daj\u0105, by zr\u00f3wna\u0107 j\u0105 z innymi \u015bwiadczeniami medycznymi. Musimy by\u0107 gotowi do podj\u0119cia merytorycznej dyskusji, pozytywnej edukacji pro-life oraz \u2013 je\u015bli jeste\u015bmy osobami wierz\u0105cymi \u2013 do modlitwy w intencjach ochrony \u017cycia ludzkiego. Sprawa szacunku do \u017cycia nie jest kwesti\u0105 religijn\u0105 i nie mo\u017cna jej zepchn\u0105\u0107 do kategorii rozwa\u017ca\u0144 filozoficznych.<strong> Prawo do \u017cycia jest uniwersalne, ponadwyznaniowe. Ale poniewa\u017c jeste\u015bmy katolikami, chcemy t\u0119 kwesti\u0119 w\u0142\u0105czy\u0107 do naszej modlitwy. <\/strong><strong>W ubieg\u0142ym roku w\u00a0modlitw\u0119 w\u0142\u0105czy\u0142o si\u0119 ponad 100 tys. os\u00f3b. Mamy nadziej\u0119, \u017ce w\u00a0tym roku r\u00f3wnie\u017c wiele os\u00f3b zechce modli\u0107 si\u0119 w\u00a0intencjach obrony \u017cycia ludzkiego.<\/strong><\/p>\n<p><strong>Modlitwa jest bardzo wa\u017cna.<\/strong> Wiedz\u0105 o\u00a0tym tak\u017ce zwolennicy aborcji. Z\u00a0jednej strony wy\u015bmiewaj\u0105 si\u0119 z\u00a0os\u00f3b z\u00a0r\u00f3\u017ca\u0144cami, kt\u00f3re modl\u0105 si\u0119 przed klinikami aborcyjnymi, nazywaj\u0105c je fanatykami, z\u00a0drugiej podejmuj\u0105 wszelkie kroki, aby prawnie tej modlitwy zakaza\u0107 np. w\u00a0Hiszpanii. Przyznaj\u0105 tym samym, \u017ce wbrew temu, co g\u0142osz\u0105, wierz\u0105 w\u00a0jej si\u0142\u0119. Modlitwa pro-lifer\u00f3w ratuje \u017cycie nienarodzonych dzieci. Odk\u0105d kilka lat temu po drugiej stronie ulicy, blisko kliniki Planned Parenthood w\u00a0Saint Louis, zamieszka\u0142y siostry zakonne, modl\u0105ce si\u0119 w\u00a0intencjach pro-life, nast\u0105pi\u0142 spadek liczby aborcji dokonywanych w\u00a0tej klinice i\u00a0w ca\u0142ym stanie Missouri. Mocy modlitwy do\u015bwiadczy\u0142a te\u017c Abby Johnson, ameryka\u0144ska pro-liferka, by\u0142a dyrektorka kliniki aborcyjnej Planned Parenthood w\u00a0Teksasie. Abby przyzna\u0142a, \u017ce ogromne wra\u017cenie wywar\u0142 na niej widok twarzy zakonnicy modl\u0105cej si\u0119 na kolanach przed jej klinik\u0105.<\/p>\n<p><span style=\"color: #ff0000;\"><strong><span style=\"text-decoration: underline;\">Modlitwa na ka\u017cdy dzie\u0144:<\/span><br \/>\n<\/strong><\/span><strong>1. Rozwa\u017canie na ka\u017cdy dzie\u0144 z adhortacji <em>Amoris laetitia <\/em>papie\u017ca Franciszka<\/strong><br \/>\n<strong>2. Litania do \u015awi\u0119tej Rodziny<\/strong><br \/>\n<strong>3. Modlitwa \u015bw. Jana Paw\u0142a II z encykliki <em>Evangelium\u00a0vitae<\/em><\/strong><\/p>\n<p><strong><span style=\"color: #ff0000;\">Dzie\u0144 1 (19 marca) &#8211; <\/span><\/strong><span style=\"color: #ff0000;\"><strong>Za rodzic\u00f3w i\u00a0wychowawc\u00f3w \u2013 o\u00a0przyj\u0119cie ka\u017cdego dziecka z\u00a0mi\u0142o\u015bci\u0105, o\u00a0m\u0105dre na\u015bladowanie \u015awi\u0119tej Rodziny z\u00a0Nazaretu: Maryi i\u00a0J\u00f3zefa oraz o\u00a0gotowo\u015b\u0107 szukania u\u00a0Nich rady w\u00a0trudno\u015bciach wychowawczych.<br \/>\n<\/strong><\/span><strong>Z adhortacji <em>Amoris laetitia <\/em>papie\u017ca Franciszka: \u201e<\/strong>[Rodzina] Musi wzi\u0105\u0107 pod uwag\u0119, na co mog\u0105 by\u0107 nara\u017cone jej dzieci. W\u00a0tym celu nie mo\u017ce unika\u0107 pyta\u0144 o\u00a0to, kim s\u0105 ci, kt\u00f3rzy zajmuj\u0105 si\u0119 zapewnianiem im zabawy i\u00a0rozrywki, kt\u00f3rzy wchodz\u0105 do ich dom\u00f3w przez ekrany, kim s\u0105 ci, kt\u00f3rym je powierza, aby je prowadzili w\u00a0wolnym czasie. Tylko chwile, jakie z\u00a0nimi sp\u0119dzamy, rozmawiaj\u0105c z\u00a0prostot\u0105 i\u00a0mi\u0142o\u015bci\u0105 o\u00a0rzeczach wa\u017cnych i\u00a0stwarzanie przez nas godnych mo\u017cliwo\u015bci, kt\u00f3re mog\u0142yby wype\u0142ni\u0107 ich czas wolny, pozwalaj\u0105 na unikni\u0119cie szkodliwej inwazji. (\u2026) Czy staramy si\u0119 zrozumie\u0107, \u00abgdzie\u00bb naprawd\u0119 s\u0105 dzieci w\u00a0swojej w\u0119dr\u00f3wce? Gdzie naprawd\u0119 jest ich dusza, czy wiemy? A\u00a0przede wszystkim \u2013 czy chcemy to wiedzie\u0107?\u201d.<br \/>\n<strong>M\u00f3dlmy si\u0119 <\/strong>za rodzic\u00f3w, by na wz\u00f3r \u015awi\u0119tej Rodziny pragn\u0119li budowa\u0107 swoje rodziny jako przestrze\u0144 mi\u0142o\u015bci Boga i\u00a0siebie nawzajem. Wspom\u00f3\u017c ich, Panie Bo\u017ce, w\u00a0przezwyci\u0119\u017caniu wszelkich trudno\u015bci. Wspieraj swoj\u0105 \u0142ask\u0105 szczeg\u00f3lnie wtedy, kiedy boj\u0105 si\u0119, \u017ce nie podo\u0142aj\u0105 wychowaniu kolejnego dziecka. Umacniaj w\u00a0mi\u0142o\u015bci ma\u0142\u017ce\u0144stwa borykaj\u0105ce si\u0119 z\u00a0problemem niep\u0142odno\u015bci i\u00a0utraty dziecka. Niech szukaj\u0105 otuchy i\u00a0inspiracji w\u00a0modlitwie, zwracaj\u0105c si\u0119 do Maryi i\u00a0\u015bw. J\u00f3zefa. M\u00f3dlmy si\u0119 tak\u017ce za wychowawc\u00f3w, aby swoj\u0105 wiedz\u0105 i\u00a0do\u015bwiadczeniem skutecznie wspierali rodzic\u00f3w, a\u00a0swoim wychowankom przybli\u017cali Boga, kt\u00f3ry mi\u0142uje\u00a0\u017cycie.<br \/>\n<strong>Po rozwa\u017caniu odmawiamy Litani\u0119 do \u015awi\u0119tej Rodziny oraz modlitw\u0119 \u015bw. Jana Paw\u0142a II.<\/strong><\/p>\n<p><strong><span style=\"color: #ff0000;\">Dzie\u0144 2 (20 marca) <\/span><span style=\"color: #ff0000;\">&#8211; Za dzieci i\u00a0m\u0142odzie\u017c \u2013 o\u00a0dobre \u017cyciowe decyzje, wierno\u015b\u0107 chrze\u015bcija\u0144skim warto\u015bciom i\u00a0umiej\u0119tno\u015b\u0107 odr\u00f3\u017cniania prawdy, dobra i\u00a0pi\u0119kna od tego, co jest ich zaprzeczeniem.<br \/>\n<\/span><\/strong><strong>Z adhortacji <em>Amoris laetitia <\/em>papie\u017ca Franciszka: \u201e<\/strong>Formacja etyczna czasami budzi wzgard\u0119 z\u00a0powodu do\u015bwiadcze\u0144 porzucenia, rozczarowania, brak\u00f3w emocjonalnych lub z\u0142ego obrazu rodzic\u00f3w. (\u2026) Dlatego trzeba pom\u00f3c m\u0142odzie\u017cy (\u2026) Rodzice, kt\u00f3rzy chc\u0105 wspomaga\u0107 wiar\u0119 swoich dzieci powinni dostrzega\u0107 zachodz\u0105ce w\u00a0nich zmiany, wiedz\u0105c, \u017ce do\u015bwiadczenie duchowe nie mo\u017ce by\u0107 narzucone, ale powinno by\u0107 zaproponowane ich wolno\u015bci. Istotne znaczenie ma to, aby dzieci widzia\u0142y w\u00a0konkretny spos\u00f3b, \u017ce dla ich rodzic\u00f3w modlitwa jest naprawd\u0119 wa\u017cna. Dlatego chwile modlitwy rodzinnej i\u00a0przejawy pobo\u017cno\u015bci ludowej mog\u0105 mie\u0107 wi\u0119ksz\u0105 si\u0142\u0119 ewangelizacyjn\u0105 od wszelkich katechez i\u00a0wszystkich przem\u00f3wie\u0144. Pragn\u0119 wyrazi\u0107 szczeg\u00f3ln\u0105 wdzi\u0119czno\u015b\u0107 wszystkim matkom, kt\u00f3re modl\u0105 si\u0119 nieustannie, podobnie jak \u015bw. Monika, za dzieci, kt\u00f3re oddali\u0142y si\u0119 od Chrystusa\u201d.<br \/>\n<strong>M\u00f3dlmy si\u0119 <\/strong>za dzieci i\u00a0m\u0142odzie\u017c, aby nie ulegali z\u0142ym przyk\u0142adom i\u00a0zgorszeniom, ale umieli rozpozna\u0107 prawdziwe dobro i\u00a0pi\u0119kno. Panie Bo\u017ce, pom\u00f3\u017c m\u0142odym ludziom wytrwa\u0107 w\u00a0dobrych postanowieniach. Niech z\u00a0sakramentu pokuty i\u00a0pojednania, Eucharystii oraz sakramentu bierzmowania czerpi\u0105 na co dzie\u0144 odwag\u0119, by z\u00a0rado\u015bci\u0105 przyznawa\u0107 si\u0119 do wiary i\u00a0m\u0119\u017cnie broni\u0107 \u017cycia dzieci nienarodzonych. Pro\u015bmy te\u017c \u015bwi\u0119tych patron\u00f3w \u2013 tych, kt\u00f3rym ju\u017c w\u00a0m\u0142odo\u015bci uda\u0142o si\u0119 zrealizowa\u0107 doskona\u0142o\u015b\u0107 ewangeliczn\u0105 \u2013 aby byli dla polskiej m\u0142odzie\u017cy poci\u0105gaj\u0105cym wzorem.<br \/>\n<strong>Po rozwa\u017caniu odmawiamy Litani\u0119 do \u015awi\u0119tej Rodziny oraz modlitw\u0119 \u015bw. Jana Paw\u0142a II.<\/strong><\/p>\n<p><strong><span style=\"color: #ff0000;\">Dzie\u0144 3 (21 marca) &#8211; Za matki i ojc\u00f3w spodziewaj\u0105cych si\u0119 narodzin dziecka \u2013 o przyj\u0119cie go z mi\u0142o\u015bci\u0105 tak\u017ce wtedy, gdy z ludzkiego punktu widzenia pojawi\u0142o si\u0119 nie w por\u0119.<br \/>\n<\/span><\/strong><strong>Z adhortacji <em>Amoris laetitia <\/em>papie\u017ca Franciszka: \u201e<\/strong>Ka\u017cde nowe \u017cycie pozwala nam odkry\u0107 najbardziej bezinteresowny wymiar mi\u0142o\u015bci, nieustannie nas zadziwiaj\u0105cy. To pi\u0119kno bycia kochanymi najpierw: dzieci s\u0105 kochane, zanim przyjd\u0105 na \u015bwiat. (\u2026) Jednak wiele dzieci od pocz\u0105tku jest odrzucanych, s\u0105 opuszczane, okradane z\u00a0dzieci\u0144stwa i\u00a0przysz\u0142o\u015bci. Niekt\u00f3rzy \u2013 jakby na usprawiedliwienie \u2013 o\u015bmielaj\u0105 si\u0119 m\u00f3wi\u0107, \u017ce b\u0142\u0119dem by\u0142o wydanie ich na \u015bwiat. To haniebne! (\u2026) Na co nam uroczyste deklaracje praw cz\u0142owieka i\u00a0praw dziecka, je\u015bli potem karzemy dzieci za b\u0142\u0119dy doros\u0142ych? Je\u015bli dziecko przychodzi na \u015bwiat w\u00a0niechcianych okoliczno\u015bciach, to rodzice lub inni cz\u0142onkowie rodziny powinni uczyni\u0107 wszystko, co w\u00a0ich mocy, aby je przyj\u0105\u0107 jako dar Boga i\u00a0podj\u0105\u0107 odpowiedzialno\u015b\u0107, aby je przyj\u0105\u0107 z\u00a0otwarto\u015bci\u0105 i\u00a0mi\u0142o\u015bci\u0105. Bo kiedy chodzi o\u00a0dzieci, kt\u00f3re przychodz\u0105 na \u015bwiat, \u017cadne po\u015bwi\u0119cenie doros\u0142ych nie b\u0119dzie uwa\u017cane za zbyt kosztowne lub zbyt wielkie, aby nie dopu\u015bci\u0107 do tego, by jakie\u015b dziecko my\u015bla\u0142o, \u017ce jest pomy\u0142k\u0105, \u017ce nie jest nic warte i\u00a0\u017ce zosta\u0142o wystawione na zranienia \u017cyciowe i\u00a0przemoc ludzi. (\u2026) Ka\u017cd\u0105 kobiet\u0119 w\u00a0ci\u0105\u017cy pragn\u0119 z\u00a0mi\u0142o\u015bci\u0105 prosi\u0107: dbaj o\u00a0swoj\u0105 rado\u015b\u0107, niech nic ci nie odbiera wewn\u0119trznej rado\u015bci macierzy\u0144stwa. To dziecko zas\u0142uguje na twoj\u0105 rado\u015b\u0107. Nie pozw\u00f3l, aby l\u0119ki, obawy, komentarze innych os\u00f3b lub problemy przygasi\u0142y szcz\u0119\u015bcie bycia narz\u0119dziem Boga, aby wnie\u015b\u0107 na \u015bwiat nowe\u00a0\u017cycie\u201d.<br \/>\n<strong>M\u00f3dlmy si\u0119 <\/strong>za rodzic\u00f3w spodziewaj\u0105cych si\u0119 narodzin dziecka, aby bez wzgl\u0119du na okoliczno\u015bci pocz\u0119cia widzieli w\u00a0nim wyraz hojnej mi\u0142o\u015bci Boga. Pro\u015bmy dla nich o\u00a0rado\u015b\u0107 i\u00a0pok\u00f3j serca, by trudne warunki materialne, choroba czy osamotnienie nie przy\u0107mi\u0142y nadziei, kt\u00f3r\u0105 przynosi cud pocz\u0119cia. M\u00f3dlmy si\u0119 te\u017c za nasze wsp\u00f3lnoty parafialne o\u00a0m\u0105dre towarzyszenie rodzicom oczekuj\u0105cym narodzin dziecka i\u00a0o odwag\u0119 niesienia im pomocy, by nigdy nie czuli si\u0119 pozostawieni sami\u00a0sobie.<br \/>\n<strong>Po rozwa\u017caniu odmawiamy Litani\u0119 do \u015awi\u0119tej Rodziny oraz modlitw\u0119 \u015bw. Jana Paw\u0142a II.<\/strong><\/p>\n<p><span style=\"color: #ff0000;\">D<strong>zie\u0144 4 (22 marca) &#8211; Za lekarzy i farmaceut\u00f3w \u2013 o wierno\u015b\u0107 zasadom etyki chrze\u015bcija\u0144skiej, by swoj\u0105 wiedz\u0119 i do\u015bwiadczenie zawsze wykorzystywali dla s\u0142u\u017cby \u017cyciu.<br \/>\n<\/strong><\/span><strong>Z adhortacji <em>Amoris laetitia <\/em>papie\u017ca Franciszka: \u201e<\/strong>Warto\u015b\u0107 \u017cycia ludzkiego jest tak wielka, tak niezbywalne jest prawo do \u017cycia niewinnego dziecka rozwijaj\u0105cego si\u0119 w\u00a0\u0142onie swojej matki, \u017ce w\u00a0\u017caden spos\u00f3b nie mo\u017cna przedstawia\u0107 mo\u017cliwo\u015bci podejmowania decyzji w\u00a0odniesieniu do tego \u017cycia, jakby chodzi\u0142o o\u00a0prawo do w\u0142asnego cia\u0142a. \u017bycie to jest celem samym w\u00a0sobie i\u00a0\u017cadn\u0105 miar\u0105 nie mo\u017ce by\u0107 przedmiotem dominacji ze strony innej istoty ludzkiej. Rodzina chroni \u017cycie na wszystkich jego etapach, a\u00a0tak\u017ce u\u00a0jego kresu. Tak wi\u0119c tym, kt\u00f3rzy pracuj\u0105 w\u00a0plac\u00f3wkach s\u0142u\u017cby zdrowia przypomina si\u0119 o\u00a0moralnym obowi\u0105zku sprzeciwu sumienia\u201d.<br \/>\n<strong>M\u00f3dlmy si\u0119 <\/strong>za pracownik\u00f3w s\u0142u\u017cby zdrowia, aby wykonuj\u0105c zaw\u00f3d b\u0119d\u0105cy powo\u0142aniem w\u00a0spos\u00f3b szczeg\u00f3lny czuli si\u0119 wezwani do ochrony ludzkiego \u017cycia od pocz\u0119cia do naturalnej \u015bmierci. Panie Bo\u017ce, daj im prawe sumienie i\u00a0cnot\u0119 m\u0119stwa, aby mogli przeciwstawi\u0107 si\u0119 b\u0142\u0119dnym opiniom na temat \u017cycia cz\u0142owieka.<br \/>\n<strong>Po rozwa\u017caniu odmawiamy Litani\u0119 do \u015awi\u0119tej Rodziny oraz modlitw\u0119 \u015bw. Jana Paw\u0142a II.<\/strong><\/p>\n<p><span style=\"color: #ff0000;\"><strong>Dzie\u0144 5 (23 marca) &#8211; Za polityk\u00f3w, aby stanowione przez nich prawo sta\u0142o na stra\u017cy godno\u015bci ma\u0142\u017ce\u0144stwa i rodziny oraz szanowa\u0142o nienaruszalno\u015b\u0107 i \u015bwi\u0119to\u015b\u0107 ludzkiego \u017cycia.<br \/>\n<\/strong><\/span><strong>Z adhortacji <em>Amoris laetitia <\/em>papie\u017ca Franciszka: \u201e<\/strong>Spadek liczby ludno\u015bci, spowodowany mentalno\u015bci\u0105 antynatalistyczn\u0105 i\u00a0krzewiony przez globalne polityki \u00abzdrowia reprodukcyjnego\u00bb, nie tylko determinuje sytuacj\u0119, w\u00a0kt\u00f3rej nie jest ju\u017c zapewniona zast\u0119powalno\u015b\u0107 pokole\u0144, ale z\u00a0czasem grozi doprowadzeniem do zubo\u017cenia gospodarczego i\u00a0utraty nadziei na przysz\u0142o\u015b\u0107. (\u2026) Spo\u0142ecze\u0144stwo konsumpcyjne mo\u017ce r\u00f3wnie\u017c zniech\u0119ca\u0107 ludzi do posiadania dzieci, aby tylko zachowa\u0107 swoj\u0105 wolno\u015b\u0107 i\u00a0w\u0142asny styl \u017cycia. Prawd\u0105 jest, \u017ce prawe sumienie ma\u0142\u017conk\u00f3w, je\u015bli byli dot\u0105d bardzo hojni w\u00a0przekazywaniu \u017cycia, mo\u017ce prowadzi\u0107 do decyzji o\u00a0ograniczeniu liczby dzieci z\u00a0wystarczaj\u0105co powa\u017cnych powod\u00f3w, ale tak\u017ce prawd\u0105 jest, \u017ce ze wzgl\u0119du na umi\u0142owanie tej godno\u015bci sumienia Ko\u015bci\u00f3\u0142 odrzuca ze wszystkich si\u0142 dzia\u0142ania pa\u0144stwa przymuszaj\u0105ce do antykoncepcji, sterylizacji, czy wr\u0119cz aborcji. \u015arodki te s\u0105 nie do przyj\u0119cia tak\u017ce w\u00a0miejscach o\u00a0wysokim przyro\u015bcie naturalnym, ale trzeba zwr\u00f3ci\u0107 uwag\u0119, \u017ce politycy zach\u0119caj\u0105 do nich tak\u017ce w\u00a0niekt\u00f3rych krajach prze\u017cywaj\u0105cych dramat bardzo niskiego wska\u017anika urodze\u0144\u2026 Jest to dzia\u0142anie niekonsekwentne i\u00a0sprzeczne z\u00a0ich zadaniem\u201d.<br \/>\n<strong>M\u00f3dlmy si\u0119 <\/strong>za polityk\u00f3w, aby pami\u0119tali, \u017ce wykonywany zaw\u00f3d nie zwalnia ich z\u00a0obowi\u0105zku przestrzegania przykaza\u0144 Bo\u017cych i\u00a0wskaza\u0144 prawego sumienia. Panie Bo\u017ce, natchnij wielu z\u00a0nich, aby w\u00a0szczeg\u00f3lny spos\u00f3b po\u015bwi\u0119cili si\u0119 misji ochrony ludzkiego \u017cycia. Pozw\u00f3l im kiedy\u015b stan\u0105\u0107 przed Tob\u0105 z\u00a0czystym sumieniem i\u00a0rado\u015bci\u0105, \u017ce swoj\u0105 prac\u0105 przyczynili si\u0119 do ratowania dzieci przed aborcj\u0105.<br \/>\n<strong>Po rozwa\u017caniu odmawiamy Litani\u0119 do \u015awi\u0119tej Rodziny oraz modlitw\u0119 \u015bw. Jana Paw\u0142a II.<\/strong><\/p>\n<p><span style=\"color: #ff0000;\"><strong>Dzie\u0144 6 (24 marca) &#8211; O sprawiedliwo\u015b\u0107 spo\u0142eczn\u0105, kt\u00f3ra przejawia si\u0119 m.in. w realnej pomocy pa\u0144stwa osobom niepe\u0142nosprawnym, a tak\u017ce o rozw\u00f3j i promocj\u0119 hospicj\u00f3w perinatalnych.<br \/>\n<\/strong><\/span><strong>Z adhortacji <em>Amoris laetitia <\/em>papie\u017ca Franciszka: \u201e<\/strong>Musimy domaga\u0107 si\u0119 praw rodziny, a\u00a0nie tylko praw jednostki. Rodzina jest dobrem, bez kt\u00f3rego spo\u0142ecze\u0144stwo nie mo\u017ce si\u0119 obej\u015b\u0107, kt\u00f3re musi by\u0107 chronione. (\u2026) Niekiedy rodziny prze\u017cywaj\u0105 dramatyczne cierpienia, kiedy w\u00a0obliczu choroby osoby bliskiej, nie maj\u0105 dost\u0119pu do odpowiedniej opieki zdrowotnej, lub gdy wyd\u0142u\u017ca si\u0119 czas bez dost\u0119pu do godnej pracy\u2026 Na wielki podziw zas\u0142uguj\u0105 rodziny, kt\u00f3re z\u00a0mi\u0142o\u015bci\u0105 akceptuj\u0105 trudne do\u015bwiadczenie dziecka niepe\u0142nosprawnego. Daj\u0105 one Ko\u015bcio\u0142owi i\u00a0spo\u0142ecze\u0144stwu cenne \u015bwiadectwo wierno\u015bci wobec daru \u017cycia. (\u2026) Rodzina, kt\u00f3ra akceptuje w\u00a0duchu wiary obecno\u015b\u0107 os\u00f3b niepe\u0142nosprawnych, b\u0119dzie w\u00a0stanie rozpozna\u0107 i\u00a0zagwarantowa\u0107 jako\u015b\u0107 i\u00a0warto\u015b\u0107 ka\u017cdego \u017cycia, z\u00a0jego potrzebami, prawami i\u00a0mo\u017cliwo\u015bciami. B\u0119dzie ona pobudza\u0107 do opieki i\u00a0troski oraz b\u0119dzie promowa\u0107 towarzyszenie i\u00a0mi\u0142o\u015b\u0107 na ka\u017cdym etapie\u00a0\u017cycia\u201d.<br \/>\n<strong>M\u00f3dlmy si\u0119 <\/strong>o\u00a0dobre rozeznanie i\u00a0wra\u017cliwo\u015b\u0107 dla os\u00f3b odpowiedzialnych za dystrybucj\u0119 d\u00f3br spo\u0142ecznych. Oby nigdy nie zabrak\u0142o \u015brodk\u00f3w dla i\u00a0rodzin najbardziej potrzebuj\u0105cych oraz dla instytucji s\u0142u\u017c\u0105cych ci\u0119\u017cko do\u015bwiadczonym przez okoliczno\u015bci \u017cycia. W\u00a0szczeg\u00f3lny spos\u00f3b prosimy Ci\u0119, Panie Bo\u017ce, za lekarzy i\u00a0piel\u0119gniarki pracuj\u0105ce w\u00a0hospicjach perinatalnych, gdzie dzieci urodzone z\u00a0wadami letalnymi, otoczone mi\u0142o\u015bci\u0105, mog\u0105 godnie prze\u017cy\u0107 swoje kr\u00f3tkie \u017cycie, kt\u00f3re Ty sam im ofiarowa\u0142e\u015b. Prosimy o\u00a0rozw\u00f3j hospicj\u00f3w, aby z\u00a0ich czu\u0142ej i\u00a0profesjonalnej pomocy mogli skorzysta\u0107 wszyscy rodzice, kt\u00f3rzy tego potrzebuj\u0105.<br \/>\n<strong>Po rozwa\u017caniu odmawiamy Litani\u0119 do \u015awi\u0119tej Rodziny oraz modlitw\u0119 \u015bw. Jana Paw\u0142a II.<\/strong><\/p>\n<p><span style=\"color: #ff0000;\"><strong>Dzie\u0144 7 (25 marca)\u00a0 &#8211; Za dziennikarzy i ludzi medi\u00f3w \u2013 o to, by dost\u0119pne im narz\u0119dzia wykorzystywali do odwa\u017cnego g\u0142oszenia prawdy o \u017cyciu i godno\u015bci cz\u0142owieka.<br \/>\n<\/strong><\/span><strong>Z adhortacji <em>Amoris laetitia <\/em>papie\u017ca Franciszka: \u201e<\/strong>Niestety, cz\u0119sto wp\u0142yw program\u00f3w telewizyjnych lub pewnych form reklamy oddzia\u0142uje negatywnie i\u00a0os\u0142abia warto\u015bci otrzymane w\u00a0\u017cyciu rodzinnym\u2026 Spotkanie edukacyjne mi\u0119dzy rodzicami a\u00a0dzie\u0107mi mo\u017ce by\u0107 u\u0142atwione lub utrudnione przez coraz bardziej zaawansowane technologie komunikacji i\u00a0rozrywki. (\u2026) Wiemy, \u017ce czasami te \u015brodki oddalaj\u0105, a\u00a0nie zbli\u017caj\u0105, jak na przyk\u0142ad, kiedy w\u00a0porze posi\u0142ku ka\u017cdy zajmuje si\u0119 swoim telefonem kom\u00f3rkowym lub kiedy jedno z\u00a0ma\u0142\u017conk\u00f3w zasypia czekaj\u0105c na drugiego, kt\u00f3ry sp\u0119dza ca\u0142e godziny przy jakim\u015b urz\u0105dzeniu elektronicznym. (\u2026) [Dzieci i\u00a0m\u0142odzie\u017c] czasem staj\u0105 si\u0119 bezwolne, wyrwane z\u00a0realnego \u015bwiata. Ten \u00abautyzm technologiczny\u00bb \u0142atwiej nara\u017ca je na manipulacje tych, kt\u00f3rzy chc\u0105 wej\u015b\u0107 w\u00a0g\u0142\u0119bi\u0119 ich \u017cycia z\u00a0egoistycznymi interesami\u201d.<br \/>\n<strong>M\u00f3dlmy si\u0119<\/strong>, aby dziennikarze i\u00a0ludzie medi\u00f3w s\u0142u\u017cyli prawdzie, nie przemilczaj\u0105c tej o\u00a0ludzkim \u017cyciu. Niech wywieraj\u0105 zawsze dobry wp\u0142yw na ludzkie opinie, nie propaguj\u0105 postaw niemoralnych. M\u00f3dlmy si\u0119, aby nie przedk\u0142adali popularno\u015bci i\u00a0korzy\u015bci finansowych ponad wymogi etyki dziennikarskiej.<br \/>\n<strong>Po rozwa\u017caniu odmawiamy Litani\u0119 do \u015awi\u0119tej Rodziny oraz modlitw\u0119 \u015bw. Jana Paw\u0142a II.<\/strong><\/p>\n<p><span style=\"color: #ff0000;\"><strong><br \/>\n<span style=\"text-decoration: underline;\">Litania do \u015awi\u0119tej Rodziny<\/span><br \/>\n<\/strong><\/span>Kyrie elejson \u2013 Chryste elejson, Kyrie elejson.<br \/>\nChryste, us\u0142ysz nas \u2013 Chryste, wys\u0142uchaj\u00a0nas.<br \/>\nOjcze z\u00a0nieba, Bo\u017ce, <strong>\u2013 zmi\u0142uj si\u0119 nad\u00a0nami.<br \/>\n<\/strong>Synu, Odkupicielu \u015bwiata,\u00a0Bo\u017ce,<br \/>\nDuchu \u015awi\u0119ty,\u00a0Bo\u017ce,<br \/>\n\u015awi\u0119ta Tr\u00f3jco, Jedyny\u00a0Bo\u017ce,<br \/>\nJezu, Synu Boga \u017cywego, kt\u00f3ry staj\u0105c si\u0119 cz\u0142owiekiem z mi\u0142o\u015bci ku nam, u\u015bwi\u0119ci\u0142e\u015b wi\u0119zy rodzinne, <strong>zmi\u0142uj si\u0119 nad nami.<\/strong><\/p>\n<p>\u015awi\u0119ta Rodzino, obrazie Tr\u00f3jcy Przenaj\u015bwi\u0119tszej na ziemi <strong>\u2013 wspomagaj\u00a0nas.<br \/>\n<\/strong>\u015awi\u0119ta Rodzino, doskona\u0142y wzorze wszelkich\u00a0cn\u00f3t,<br \/>\n\u015awi\u0119ta Rodzino, wzgardzona w\u00a0Betlejem od ludzi, ale uczczona \u015bpiewem anio\u0142\u00f3w,<br \/>\n\u015awi\u0119ta Rodzino, odbieraj\u0105ca ho\u0142d pasterzy i\u00a0m\u0119drc\u00f3w,<br \/>\n\u015awi\u0119ta Rodzino, wys\u0142awiona przez starca Symeona,<br \/>\n\u015awi\u0119ta Rodzino, prze\u015bladowana i\u00a0wygnana do obcej\u00a0ziemi,<br \/>\n\u015awi\u0119ta Rodzino, \u017cyj\u0105ca w\u00a0ukryciu i\u00a0nieznana,<br \/>\n\u015awi\u0119ta Rodzino, wierna przepisom prawa Pa\u0144skiego,<br \/>\n\u015awi\u0119ta Rodzino, kt\u00f3rej Opiekun jest wzorem mi\u0142o\u015bci ojcowskiej,<br \/>\n\u015awi\u0119ta Rodzino, kt\u00f3rej Matka jest wzorem mi\u0142o\u015bci macierzy\u0144skiej,<br \/>\n\u015awi\u0119ta Rodzino, kt\u00f3rej Dzieci\u0119 jest wzorem pos\u0142usze\u0144stwa i mi\u0142o\u015bci synowskiej,<br \/>\n\u015awi\u0119ta Rodzino, patronko i\u00a0opiekunko wszystkich rodzin,<br \/>\n\u015awi\u0119ta Rodzino, ucieczko nasza w\u00a0\u017cyciu i\u00a0nadziejo w\u00a0godzin\u0119 \u015bmierci,<\/p>\n<p>Od wszystkiego, co by mog\u0142o zak\u0142\u00f3ca\u0107 spok\u00f3j i\u00a0jedno\u015b\u0107 serc <strong>\u2013 zachowaj nas \u015awi\u0119ta Rodzino.<br \/>\n<\/strong>Od rozproszenia umys\u0142u i\u00a0serca,<br \/>\nOd ozi\u0119b\u0142o\u015bci w\u00a0s\u0142u\u017cbie\u00a0Bo\u017cej,<br \/>\nOd szukania przyjemno\u015bci i\u00a0wyg\u00f3d \u015bwiatowych,<br \/>\nOd przywi\u0105zania do d\u00f3br ziemskich,<br \/>\nOd pragnienia pr\u00f3\u017cnej chwa\u0142y,<br \/>\nOd z\u0142ej \u015bmierci,<\/p>\n<p>Przez najdoskonalsze z\u0142\u0105czenie serc Waszych <strong>\u2013 wys\u0142uchaj nas \u015awi\u0119ta Rodzino.<br \/>\n<\/strong>Przez Wasze ub\u00f3stwo i\u00a0pokor\u0119,<br \/>\nPrzez Wasze doskona\u0142e pos\u0142usze\u0144stwo,<br \/>\nPrzez smutki i\u00a0bolesne przej\u015bcia\u00a0Wasze,<br \/>\nPrzez prace i\u00a0trudy\u00a0Wasze,<br \/>\nPrzez modlitwy i\u00a0milczenie\u00a0Wasze,<br \/>\nPrzez doskona\u0142o\u015b\u0107 czyn\u00f3w Waszych,<\/p>\n<p>Baranku Bo\u017cy, kt\u00f3ry g\u0142adzisz grzechy \u015bwiata, <strong>\u2013 przepu\u015b\u0107 nam,\u00a0Panie.<br \/>\n<\/strong>Baranku Bo\u017cy, kt\u00f3ry g\u0142adzisz grzechy \u015bwiata, <strong>\u2013 wys\u0142uchaj nas,\u00a0Panie.<br \/>\n<\/strong>Baranku Bo\u017cy, kt\u00f3ry g\u0142adzisz grzechy \u015bwiata, <strong>\u2013 zmi\u0142uj si\u0119 nad\u00a0nami.<\/strong><\/p>\n<p><strong>Rodzino \u015awi\u0119ta i\u00a0czcigodna, uciekamy si\u0119 do Ciebie z\u00a0mi\u0142o\u015bci\u0105 i\u00a0nadziej\u0105.<\/strong><br \/>\n<strong>Daj nam pozna\u0107 skutki Twej zbawiennej opieki.<br \/>\n<\/strong><strong>M\u00f3dlmy si\u0119: <\/strong>Bo\u017ce, Ty w\u00a0\u015awi\u0119tej Rodzinie da\u0142e\u015b nam wz\u00f3r \u017cycia, spraw, aby\u015bmy z\u0142\u0105czeni wzajemn\u0105 mi\u0142o\u015bci\u0105 na\u015bladowali w\u00a0naszych rodzinach Jej cnoty i\u00a0doszli do wiecznej rado\u015bci w\u00a0Twoim domu. Przez Chrystusa Pana naszego.\u00a0Amen.<\/p>\n<p><span style=\"color: #ff0000;\"><strong><span style=\"text-decoration: underline;\">Modlitwa \u015bw. Jana Paw\u0142a II z\u00a0encykliki <\/span><em><span style=\"text-decoration: underline;\">Evangelium\u00a0vitae<\/span><br \/>\n<\/em><\/strong><\/span><strong>O Maryjo, jutrzenko nowego \u015bwiata, Matko \u017cyj\u0105cych, Tobie zawierzamy spraw\u0119 \u017cycia: sp\u00f3jrz, o Matko, na niezliczone rzesze dzieci, kt\u00f3rym nie pozwala si\u0119 przyj\u015b\u0107 na \u015bwiat, ubogich, kt\u00f3rzy zmagaj\u0105 si\u0119 z trudno\u015bciami \u017cycia, m\u0119\u017cczyzn i kobiet \u2013 ofiary nieludzkiej przemocy, starc\u00f3w i chorych zabitych przez oboj\u0119tno\u015b\u0107 albo fa\u0142szyw\u0105 lito\u015b\u0107. Spraw, aby wszyscy wierz\u0105cy w Twojego Syna potrafili otwarcie i z mi\u0142o\u015bci\u0105 g\u0142osi\u0107 ludziom naszej epoki Ewangeli\u0119 \u017cycia. Wyjednaj im \u0142ask\u0119 przyj\u0119cia jej jako zawsze nowego daru, rado\u015b\u0107 wys\u0142awiania jej z\u00a0wdzi\u0119czno\u015bci\u0105 w\u00a0ca\u0142ym \u017cyciu oraz odwag\u0119 czynnego i\u00a0wytrwa\u0142ego \u015bwiadczenia o\u00a0niej, aby mogli budowa\u0107, wraz z\u00a0wszystkimi lud\u017ami dobrej woli, cywilizacj\u0119 prawdy i\u00a0mi\u0142o\u015bci na cze\u015b\u0107 i\u00a0chwa\u0142\u0119 Boga Stw\u00f3rcy, kt\u00f3ry mi\u0142uje \u017cycie.\u00a0Amen.<\/strong><\/p>\n","protected":false},"excerpt":{"rendered":"<p>Tydzie\u0144 Modlitw o Ochron\u0119 \u017bycia 19 &#8211; 25 marca. Tydzie\u0144 Modlitw o\u00a0Ochron\u0119 \u017bycia rozpocznie si\u0119 w\u00a0liturgiczne wspomnienie \u015bw. J\u00f3zefa (19 marca), a\u00a0zako\u0144czy w\u00a0Dzie\u0144 \u015awi\u0119to\u015bci \u017bycia (25 marca). Codziennie b\u0119dziemy odmawia\u0107 litani\u0119 do \u015awi\u0119tej Rodziny, modlitw\u0119 u\u0142o\u017con\u0105 przez \u015bw. Jana Paw\u0142a II i\u00a0zaczerpni\u0119t\u0105 z\u00a0encykliki Evangelium vitae oraz kr\u00f3tkie rozwa\u017canie. \u017bycie jest darem. Bezcennym, cho\u0107 kruchym. Najpi\u0119kniejszym, &hellip;<\/p>\n","protected":false},"author":2,"featured_media":22205,"comment_status":"closed","ping_status":"closed","sticky":false,"template":"","format":"standard","meta":{"_mi_skip_tracking":false,"_exactmetrics_sitenote_active":false,"_exactmetrics_sitenote_note":"","_exactmetrics_sitenote_category":0},"categories":[14],"tags":[],"yoast_head":"<!-- This site is optimized with the Yoast SEO plugin v18.1 - https:\/\/yoast.com\/wordpress\/plugins\/seo\/ -->\n<title>W\u0142\u0105cz si\u0119 w \u201eTydzie\u0144 Modlitw o Ochron\u0119 \u017bycia\u201d!! - od 19 do 25 marca - Pako\u015b\u0107 \u2013 Kalwaria<\/title>\n<meta name=\"robots\" content=\"index, follow, max-snippet:-1, max-image-preview:large, max-video-preview:-1\" \/>\n<link rel=\"canonical\" href=\"https:\/\/pakosc-kalwaria.franciszkanie.net\/index.php\/2022\/03\/21\/wlacz-sie-w-tydzien-modlitw-o-ochrone-zycia-od-19-marca\/\" \/>\n<meta property=\"og:locale\" content=\"pl_PL\" \/>\n<meta property=\"og:type\" content=\"article\" \/>\n<meta property=\"og:title\" content=\"W\u0142\u0105cz si\u0119 w \u201eTydzie\u0144 Modlitw o Ochron\u0119 \u017bycia\u201d!! - od 19 do 25 marca - Pako\u015b\u0107 \u2013 Kalwaria\" \/>\n<meta property=\"og:description\" content=\"Tydzie\u0144 Modlitw o Ochron\u0119 \u017bycia 19 &#8211; 25 marca. Tydzie\u0144 Modlitw o\u00a0Ochron\u0119 \u017bycia rozpocznie si\u0119 w\u00a0liturgiczne wspomnienie \u015bw. J\u00f3zefa (19 marca), a\u00a0zako\u0144czy w\u00a0Dzie\u0144 \u015awi\u0119to\u015bci \u017bycia (25 marca). Codziennie b\u0119dziemy odmawia\u0107 litani\u0119 do \u015awi\u0119tej Rodziny, modlitw\u0119 u\u0142o\u017con\u0105 przez \u015bw. Jana Paw\u0142a II i\u00a0zaczerpni\u0119t\u0105 z\u00a0encykliki Evangelium vitae oraz kr\u00f3tkie rozwa\u017canie. \u017bycie jest darem. Bezcennym, cho\u0107 kruchym. Najpi\u0119kniejszym, &hellip;\" \/>\n<meta property=\"og:url\" content=\"https:\/\/pakosc-kalwaria.franciszkanie.net\/index.php\/2022\/03\/21\/wlacz-sie-w-tydzien-modlitw-o-ochrone-zycia-od-19-marca\/\" \/>\n<meta property=\"og:site_name\" content=\"Pako\u015b\u0107 \u2013 Kalwaria\" \/>\n<meta property=\"article:author\" content=\"https:\/\/www.facebook.com\/KalwariaPakosc\/\" \/>\n<meta property=\"article:published_time\" content=\"2022-03-21T10:15:59+00:00\" \/>\n<meta property=\"article:modified_time\" content=\"2022-03-21T20:02:34+00:00\" \/>\n<meta property=\"og:image\" content=\"https:\/\/pakosc-kalwaria.franciszkanie.net\/wp-content\/uploads\/2022\/03\/Tydzien-pro-life.jpg\" \/>\n\t<meta property=\"og:image:width\" content=\"400\" \/>\n\t<meta property=\"og:image:height\" content=\"225\" \/>\n\t<meta property=\"og:image:type\" content=\"image\/jpeg\" \/>\n<meta name=\"twitter:card\" content=\"summary\" \/>\n<meta name=\"twitter:label1\" content=\"Napisane przez\" \/>\n\t<meta name=\"twitter:data1\" content=\"pakosc-kalwaria\" \/>\n\t<meta name=\"twitter:label2\" content=\"Szacowany czas czytania\" \/>\n\t<meta name=\"twitter:data2\" content=\"17 minut\" \/>\n<script type=\"application\/ld+json\" class=\"yoast-schema-graph\">{\"@context\":\"https:\/\/schema.org\",\"@graph\":[{\"@type\":\"WebSite\",\"@id\":\"https:\/\/pakosc-kalwaria.franciszkanie.net\/#website\",\"url\":\"https:\/\/pakosc-kalwaria.franciszkanie.net\/\",\"name\":\"Pako\u015b\u0107 \u2013 Kalwaria\",\"description\":\"Parafia Rzymsko \u2013 Katolicka p.w. Pana Jezusa Ukrzy\u017cowanego i  Matki Bo\u017cej Bolesnej ul. Barci\u0144ska 60, 88\u2013170 Pako\u015b\u0107 \u2013 Kalwaria\",\"potentialAction\":[{\"@type\":\"SearchAction\",\"target\":{\"@type\":\"EntryPoint\",\"urlTemplate\":\"https:\/\/pakosc-kalwaria.franciszkanie.net\/?s={search_term_string}\"},\"query-input\":\"required name=search_term_string\"}],\"inLanguage\":\"pl-PL\"},{\"@type\":\"ImageObject\",\"@id\":\"https:\/\/pakosc-kalwaria.franciszkanie.net\/index.php\/2022\/03\/21\/wlacz-sie-w-tydzien-modlitw-o-ochrone-zycia-od-19-marca\/#primaryimage\",\"inLanguage\":\"pl-PL\",\"url\":\"https:\/\/pakosc-kalwaria.franciszkanie.net\/wp-content\/uploads\/2022\/03\/Tydzien-pro-life.jpg\",\"contentUrl\":\"https:\/\/pakosc-kalwaria.franciszkanie.net\/wp-content\/uploads\/2022\/03\/Tydzien-pro-life.jpg\",\"width\":400,\"height\":225},{\"@type\":\"WebPage\",\"@id\":\"https:\/\/pakosc-kalwaria.franciszkanie.net\/index.php\/2022\/03\/21\/wlacz-sie-w-tydzien-modlitw-o-ochrone-zycia-od-19-marca\/#webpage\",\"url\":\"https:\/\/pakosc-kalwaria.franciszkanie.net\/index.php\/2022\/03\/21\/wlacz-sie-w-tydzien-modlitw-o-ochrone-zycia-od-19-marca\/\",\"name\":\"W\u0142\u0105cz si\u0119 w \u201eTydzie\u0144 Modlitw o Ochron\u0119 \u017bycia\u201d!! - od 19 do 25 marca - Pako\u015b\u0107 \u2013 Kalwaria\",\"isPartOf\":{\"@id\":\"https:\/\/pakosc-kalwaria.franciszkanie.net\/#website\"},\"primaryImageOfPage\":{\"@id\":\"https:\/\/pakosc-kalwaria.franciszkanie.net\/index.php\/2022\/03\/21\/wlacz-sie-w-tydzien-modlitw-o-ochrone-zycia-od-19-marca\/#primaryimage\"},\"datePublished\":\"2022-03-21T10:15:59+00:00\",\"dateModified\":\"2022-03-21T20:02:34+00:00\",\"author\":{\"@id\":\"https:\/\/pakosc-kalwaria.franciszkanie.net\/#\/schema\/person\/af10b943be0760709227d060eadcb2aa\"},\"breadcrumb\":{\"@id\":\"https:\/\/pakosc-kalwaria.franciszkanie.net\/index.php\/2022\/03\/21\/wlacz-sie-w-tydzien-modlitw-o-ochrone-zycia-od-19-marca\/#breadcrumb\"},\"inLanguage\":\"pl-PL\",\"potentialAction\":[{\"@type\":\"ReadAction\",\"target\":[\"https:\/\/pakosc-kalwaria.franciszkanie.net\/index.php\/2022\/03\/21\/wlacz-sie-w-tydzien-modlitw-o-ochrone-zycia-od-19-marca\/\"]}]},{\"@type\":\"BreadcrumbList\",\"@id\":\"https:\/\/pakosc-kalwaria.franciszkanie.net\/index.php\/2022\/03\/21\/wlacz-sie-w-tydzien-modlitw-o-ochrone-zycia-od-19-marca\/#breadcrumb\",\"itemListElement\":[{\"@type\":\"ListItem\",\"position\":1,\"name\":\"Strona g\u0142\u00f3wna\",\"item\":\"https:\/\/pakosc-kalwaria.franciszkanie.net\/\"},{\"@type\":\"ListItem\",\"position\":2,\"name\":\"W\u0142\u0105cz si\u0119 w \u201eTydzie\u0144 Modlitw o Ochron\u0119 \u017bycia\u201d!! &#8211; od 19 do 25 marca\"}]},{\"@type\":\"Person\",\"@id\":\"https:\/\/pakosc-kalwaria.franciszkanie.net\/#\/schema\/person\/af10b943be0760709227d060eadcb2aa\",\"name\":\"pakosc-kalwaria\",\"image\":{\"@type\":\"ImageObject\",\"@id\":\"https:\/\/pakosc-kalwaria.franciszkanie.net\/#personlogo\",\"inLanguage\":\"pl-PL\",\"url\":\"https:\/\/secure.gravatar.com\/avatar\/e7049d338b55eac6a0027ff3218b8d02?s=96&d=mm&r=g\",\"contentUrl\":\"https:\/\/secure.gravatar.com\/avatar\/e7049d338b55eac6a0027ff3218b8d02?s=96&d=mm&r=g\",\"caption\":\"pakosc-kalwaria\"},\"sameAs\":[\"https:\/\/www.facebook.com\/KalwariaPakosc\/\"],\"url\":\"https:\/\/pakosc-kalwaria.franciszkanie.net\/index.php\/author\/pakosc-kalwaria\/\"}]}<\/script>\n<!-- \/ Yoast SEO plugin. -->","yoast_head_json":{"title":"W\u0142\u0105cz si\u0119 w \u201eTydzie\u0144 Modlitw o Ochron\u0119 \u017bycia\u201d!! - od 19 do 25 marca - Pako\u015b\u0107 \u2013 Kalwaria","robots":{"index":"index","follow":"follow","max-snippet":"max-snippet:-1","max-image-preview":"max-image-preview:large","max-video-preview":"max-video-preview:-1"},"canonical":"https:\/\/pakosc-kalwaria.franciszkanie.net\/index.php\/2022\/03\/21\/wlacz-sie-w-tydzien-modlitw-o-ochrone-zycia-od-19-marca\/","og_locale":"pl_PL","og_type":"article","og_title":"W\u0142\u0105cz si\u0119 w \u201eTydzie\u0144 Modlitw o Ochron\u0119 \u017bycia\u201d!! - od 19 do 25 marca - Pako\u015b\u0107 \u2013 Kalwaria","og_description":"Tydzie\u0144 Modlitw o Ochron\u0119 \u017bycia 19 &#8211; 25 marca. Tydzie\u0144 Modlitw o\u00a0Ochron\u0119 \u017bycia rozpocznie si\u0119 w\u00a0liturgiczne wspomnienie \u015bw. J\u00f3zefa (19 marca), a\u00a0zako\u0144czy w\u00a0Dzie\u0144 \u015awi\u0119to\u015bci \u017bycia (25 marca). Codziennie b\u0119dziemy odmawia\u0107 litani\u0119 do \u015awi\u0119tej Rodziny, modlitw\u0119 u\u0142o\u017con\u0105 przez \u015bw. Jana Paw\u0142a II i\u00a0zaczerpni\u0119t\u0105 z\u00a0encykliki Evangelium vitae oraz kr\u00f3tkie rozwa\u017canie. \u017bycie jest darem. Bezcennym, cho\u0107 kruchym. Najpi\u0119kniejszym, &hellip;","og_url":"https:\/\/pakosc-kalwaria.franciszkanie.net\/index.php\/2022\/03\/21\/wlacz-sie-w-tydzien-modlitw-o-ochrone-zycia-od-19-marca\/","og_site_name":"Pako\u015b\u0107 \u2013 Kalwaria","article_author":"https:\/\/www.facebook.com\/KalwariaPakosc\/","article_published_time":"2022-03-21T10:15:59+00:00","article_modified_time":"2022-03-21T20:02:34+00:00","og_image":[{"width":400,"height":225,"url":"https:\/\/pakosc-kalwaria.franciszkanie.net\/wp-content\/uploads\/2022\/03\/Tydzien-pro-life.jpg","type":"image\/jpeg"}],"twitter_card":"summary","twitter_misc":{"Napisane przez":"pakosc-kalwaria","Szacowany czas czytania":"17 minut"},"schema":{"@context":"https:\/\/schema.org","@graph":[{"@type":"WebSite","@id":"https:\/\/pakosc-kalwaria.franciszkanie.net\/#website","url":"https:\/\/pakosc-kalwaria.franciszkanie.net\/","name":"Pako\u015b\u0107 \u2013 Kalwaria","description":"Parafia Rzymsko \u2013 Katolicka p.w. Pana Jezusa Ukrzy\u017cowanego i  Matki Bo\u017cej Bolesnej ul. Barci\u0144ska 60, 88\u2013170 Pako\u015b\u0107 \u2013 Kalwaria","potentialAction":[{"@type":"SearchAction","target":{"@type":"EntryPoint","urlTemplate":"https:\/\/pakosc-kalwaria.franciszkanie.net\/?s={search_term_string}"},"query-input":"required name=search_term_string"}],"inLanguage":"pl-PL"},{"@type":"ImageObject","@id":"https:\/\/pakosc-kalwaria.franciszkanie.net\/index.php\/2022\/03\/21\/wlacz-sie-w-tydzien-modlitw-o-ochrone-zycia-od-19-marca\/#primaryimage","inLanguage":"pl-PL","url":"https:\/\/pakosc-kalwaria.franciszkanie.net\/wp-content\/uploads\/2022\/03\/Tydzien-pro-life.jpg","contentUrl":"https:\/\/pakosc-kalwaria.franciszkanie.net\/wp-content\/uploads\/2022\/03\/Tydzien-pro-life.jpg","width":400,"height":225},{"@type":"WebPage","@id":"https:\/\/pakosc-kalwaria.franciszkanie.net\/index.php\/2022\/03\/21\/wlacz-sie-w-tydzien-modlitw-o-ochrone-zycia-od-19-marca\/#webpage","url":"https:\/\/pakosc-kalwaria.franciszkanie.net\/index.php\/2022\/03\/21\/wlacz-sie-w-tydzien-modlitw-o-ochrone-zycia-od-19-marca\/","name":"W\u0142\u0105cz si\u0119 w \u201eTydzie\u0144 Modlitw o Ochron\u0119 \u017bycia\u201d!! - od 19 do 25 marca - Pako\u015b\u0107 \u2013 Kalwaria","isPartOf":{"@id":"https:\/\/pakosc-kalwaria.franciszkanie.net\/#website"},"primaryImageOfPage":{"@id":"https:\/\/pakosc-kalwaria.franciszkanie.net\/index.php\/2022\/03\/21\/wlacz-sie-w-tydzien-modlitw-o-ochrone-zycia-od-19-marca\/#primaryimage"},"datePublished":"2022-03-21T10:15:59+00:00","dateModified":"2022-03-21T20:02:34+00:00","author":{"@id":"https:\/\/pakosc-kalwaria.franciszkanie.net\/#\/schema\/person\/af10b943be0760709227d060eadcb2aa"},"breadcrumb":{"@id":"https:\/\/pakosc-kalwaria.franciszkanie.net\/index.php\/2022\/03\/21\/wlacz-sie-w-tydzien-modlitw-o-ochrone-zycia-od-19-marca\/#breadcrumb"},"inLanguage":"pl-PL","potentialAction":[{"@type":"ReadAction","target":["https:\/\/pakosc-kalwaria.franciszkanie.net\/index.php\/2022\/03\/21\/wlacz-sie-w-tydzien-modlitw-o-ochrone-zycia-od-19-marca\/"]}]},{"@type":"BreadcrumbList","@id":"https:\/\/pakosc-kalwaria.franciszkanie.net\/index.php\/2022\/03\/21\/wlacz-sie-w-tydzien-modlitw-o-ochrone-zycia-od-19-marca\/#breadcrumb","itemListElement":[{"@type":"ListItem","position":1,"name":"Strona g\u0142\u00f3wna","item":"https:\/\/pakosc-kalwaria.franciszkanie.net\/"},{"@type":"ListItem","position":2,"name":"W\u0142\u0105cz si\u0119 w \u201eTydzie\u0144 Modlitw o Ochron\u0119 \u017bycia\u201d!! &#8211; od 19 do 25 marca"}]},{"@type":"Person","@id":"https:\/\/pakosc-kalwaria.franciszkanie.net\/#\/schema\/person\/af10b943be0760709227d060eadcb2aa","name":"pakosc-kalwaria","image":{"@type":"ImageObject","@id":"https:\/\/pakosc-kalwaria.franciszkanie.net\/#personlogo","inLanguage":"pl-PL","url":"https:\/\/secure.gravatar.com\/avatar\/e7049d338b55eac6a0027ff3218b8d02?s=96&d=mm&r=g","contentUrl":"https:\/\/secure.gravatar.com\/avatar\/e7049d338b55eac6a0027ff3218b8d02?s=96&d=mm&r=g","caption":"pakosc-kalwaria"},"sameAs":["https:\/\/www.facebook.com\/KalwariaPakosc\/"],"url":"https:\/\/pakosc-kalwaria.franciszkanie.net\/index.php\/author\/pakosc-kalwaria\/"}]}},"_links":{"self":[{"href":"https:\/\/pakosc-kalwaria.franciszkanie.net\/index.php\/wp-json\/wp\/v2\/posts\/22203"}],"collection":[{"href":"https:\/\/pakosc-kalwaria.franciszkanie.net\/index.php\/wp-json\/wp\/v2\/posts"}],"about":[{"href":"https:\/\/pakosc-kalwaria.franciszkanie.net\/index.php\/wp-json\/wp\/v2\/types\/post"}],"author":[{"embeddable":true,"href":"https:\/\/pakosc-kalwaria.franciszkanie.net\/index.php\/wp-json\/wp\/v2\/users\/2"}],"replies":[{"embeddable":true,"href":"https:\/\/pakosc-kalwaria.franciszkanie.net\/index.php\/wp-json\/wp\/v2\/comments?post=22203"}],"version-history":[{"count":11,"href":"https:\/\/pakosc-kalwaria.franciszkanie.net\/index.php\/wp-json\/wp\/v2\/posts\/22203\/revisions"}],"predecessor-version":[{"id":22281,"href":"https:\/\/pakosc-kalwaria.franciszkanie.net\/index.php\/wp-json\/wp\/v2\/posts\/22203\/revisions\/22281"}],"wp:featuredmedia":[{"embeddable":true,"href":"https:\/\/pakosc-kalwaria.franciszkanie.net\/index.php\/wp-json\/wp\/v2\/media\/22205"}],"wp:attachment":[{"href":"https:\/\/pakosc-kalwaria.franciszkanie.net\/index.php\/wp-json\/wp\/v2\/media?parent=22203"}],"wp:term":[{"taxonomy":"category","embeddable":true,"href":"https:\/\/pakosc-kalwaria.franciszkanie.net\/index.php\/wp-json\/wp\/v2\/categories?post=22203"},{"taxonomy":"post_tag","embeddable":true,"href":"https:\/\/pakosc-kalwaria.franciszkanie.net\/index.php\/wp-json\/wp\/v2\/tags?post=22203"}],"curies":[{"name":"wp","href":"https:\/\/api.w.org\/{rel}","templated":true}]}}