{"id":22218,"date":"2022-04-06T20:00:07","date_gmt":"2022-04-06T18:00:07","guid":{"rendered":"http:\/\/pakosc-kalwaria.franciszkanie.net\/?p=22218"},"modified":"2022-04-13T14:28:27","modified_gmt":"2022-04-13T12:28:27","slug":"pomagajmy-codziennie-modlitwa-zapraszamy-do-wspolnej-godzinnej-modlitwy","status":"publish","type":"post","link":"https:\/\/pakosc-kalwaria.franciszkanie.net\/index.php\/2022\/04\/06\/pomagajmy-codziennie-modlitwa-zapraszamy-do-wspolnej-godzinnej-modlitwy\/","title":{"rendered":"Pomagajmy Ukrainie codziennie modlitw\u0105!"},"content":{"rendered":"<p><strong>Zapraszamy na kalwaryjskie Wzg\u00f3rze wszystkich, kt\u00f3re pragn\u0105 przez godzin\u0119, <span style=\"color: #ff0000;\">od poniedzia\u0142ku do soboty,<\/span> wsp\u00f3lnie modli\u0107 si\u0119 w Sanktuarium u st\u00f3p Jezusa Ukrzy\u017cowanego i Mi\u0142osiernego:<br \/>\n<span style=\"color: #ff0000;\">&#8211; o 16.30 R\u00f3\u017caniec \u015bwi\u0119ty przed Naj\u015bwi\u0119tszym Sakramentem i okazja do Spowiedzi \u015bwi\u0119tej<\/span><br \/>\n<span style=\"color: #ff0000;\">&#8211; o 17.00 Msza \u015bwi\u0119ta &#8211; przyst\u0119pujmy tak\u017ce do Komunii \u015bwi\u0119tej\u00a0\u00a0\u00a0\u00a0\u00a0\u00a0\u00a0\u00a0<\/span><br \/>\n<\/strong><\/p>\n<p><strong>Kto nie mo\u017ce uczestniczy\u0107 w modlitwie w ko\u015bciele niech przeznaczy codziennie godzin\u0119 na modlitw\u0119 w domu! Ta modlitwa to wielki sprawdzian naszej Wiary, Mi\u0142o\u015bci i Nadziei pok\u0142adanej w Bogu<br \/>\ni w Matce Bo\u017cej oraz uczynek mi\u0142osierdzia wobec bli\u017anich b\u0119d\u0105cych w potrzebie!! <\/strong><strong>Pami\u0119tajmy o zapewnieniu Jezusa: \u201eOtrzymacie wszystko, o co na modlitwie z wiar\u0105 prosi\u0107 b\u0119dziecie\u201d <\/strong>(Mt 21,19-22)<strong>\u2026 \u201eTen za\u015b rodzaj z\u0142ych duch\u00f3w wyrzuca si\u0119 tylko modlitw\u0105 i postem\u201d <\/strong>(Mt 17, 21)<strong>. Pan Jezus modl\u0105c si\u0119 w Ogrodzie Oliwnym, w obliczu wielkiego swojego cierpienia, konania i \u015bmierci, powiedzia\u0142 do swoich uczni\u00f3w: \u201eTak, jednej godziny nie mogli\u015bcie czuwa\u0107 ze Mn\u0105?<sup>\u00a0 <\/sup>Czuwajcie i m\u00f3dlcie si\u0119, aby\u015bcie nie ulegli pokusie; duch wprawdzie ochoczy, ale cia\u0142o s\u0142abe\u201d (Mt 26,40-41).\u00a0 Zach\u0119camy wi\u0119c do codziennej godzinnej modlitwy zar\u00f3wno w ko\u015bcio\u0142ach jak i w waszych\u00a0 domach, w intencjach zwi\u0105zanych z wojn\u0105 na Ukrainie.<\/strong><\/p>\n<p><strong><br \/>\n\u201eSk\u0105d si\u0119 bior\u0105 wojny i sk\u0105d k\u0142\u00f3tnie mi\u0119dzy wami? Nie sk\u0105din\u0105d, tylko z waszych \u017c\u0105dz, kt\u00f3re walcz\u0105 w cz\u0142onkach waszych.\u00a0Po\u017c\u0105dacie, a nie macie, \u017cywicie mordercz\u0105 zazdro\u015b\u0107, a nie mo\u017cecie osi\u0105gn\u0105\u0107. Prowadzicie walki i k\u0142\u00f3tnie, a nic nie posiadacie, gdy\u017c si\u0119 nie modlicie. Modlicie si\u0119, a nie otrzymujecie, bo si\u0119 \u017ale modlicie, staraj\u0105c si\u0119 jedynie o zaspokojenie swych \u017c\u0105dz\u201d. (Jk 4, 1-4)<\/strong><\/p>\n<p>W obecnym czasie wielu w r\u00f3\u017cny spos\u00f3b anga\u017cuje si\u0119 w spraw\u0119 wolno\u015bci i pokoju na Ukrainie, wielu walczy nara\u017caj\u0105c swoje \u017cycie, wielu \u00a0wolontariuszy i osoby dobrej woli s\u0142u\u017c\u0105 swoj\u0105 pomoc\u0105; wielu otwiera swoje serca i domy oraz dzieli si\u0119 dobrami materialnymi\u2026, <strong>ale nieustannie bardzo potrzebne s\u0105 osoby, kt\u00f3re codziennie b\u0119d\u0105 modli\u0107 si\u0119 i prosi\u0107 Boga o pok\u00f3j, o ustanie wojny, o \u015bwiat\u0142o Ducha \u015awi\u0119tego dla rz\u0105dz\u0105cych, o nawr\u00f3cenie tych, kt\u00f3rzy t\u0119 wojn\u0119 wywo\u0142ali, o mi\u0142osierdzie dla \u017cyj\u0105cych i zmar\u0142ych ofiar wojny, o si\u0142y i potrzebne \u0142aski dla wszystkich, kt\u00f3rzy z wielkim po\u015bwi\u0119ceniem pomagaj\u0105 bli\u017anim potrzebuj\u0105cych pomocy\u2026 !<\/strong><\/p>\n","protected":false},"excerpt":{"rendered":"<p>Zapraszamy na kalwaryjskie Wzg\u00f3rze wszystkich, kt\u00f3re pragn\u0105 przez godzin\u0119, od poniedzia\u0142ku do soboty, wsp\u00f3lnie modli\u0107 si\u0119 w Sanktuarium u st\u00f3p Jezusa Ukrzy\u017cowanego i Mi\u0142osiernego: &#8211; o 16.30 R\u00f3\u017caniec \u015bwi\u0119ty przed Naj\u015bwi\u0119tszym Sakramentem i okazja do Spowiedzi \u015bwi\u0119tej &#8211; o 17.00 Msza \u015bwi\u0119ta &#8211; przyst\u0119pujmy tak\u017ce do Komunii \u015bwi\u0119tej\u00a0\u00a0\u00a0\u00a0\u00a0\u00a0\u00a0\u00a0 Kto nie mo\u017ce uczestniczy\u0107 w modlitwie w &hellip;<\/p>\n","protected":false},"author":2,"featured_media":22219,"comment_status":"closed","ping_status":"closed","sticky":false,"template":"","format":"standard","meta":{"_mi_skip_tracking":false,"_exactmetrics_sitenote_active":false,"_exactmetrics_sitenote_note":"","_exactmetrics_sitenote_category":0},"categories":[14],"tags":[],"yoast_head":"<!-- This site is optimized with the Yoast SEO plugin v18.1 - https:\/\/yoast.com\/wordpress\/plugins\/seo\/ -->\n<title>Pomagajmy Ukrainie codziennie modlitw\u0105! - Pako\u015b\u0107 \u2013 Kalwaria<\/title>\n<meta name=\"robots\" content=\"index, follow, max-snippet:-1, max-image-preview:large, max-video-preview:-1\" \/>\n<link rel=\"canonical\" href=\"https:\/\/pakosc-kalwaria.franciszkanie.net\/index.php\/2022\/04\/06\/pomagajmy-codziennie-modlitwa-zapraszamy-do-wspolnej-godzinnej-modlitwy\/\" \/>\n<meta property=\"og:locale\" content=\"pl_PL\" \/>\n<meta property=\"og:type\" content=\"article\" \/>\n<meta property=\"og:title\" content=\"Pomagajmy Ukrainie codziennie modlitw\u0105! - Pako\u015b\u0107 \u2013 Kalwaria\" \/>\n<meta property=\"og:description\" content=\"Zapraszamy na kalwaryjskie Wzg\u00f3rze wszystkich, kt\u00f3re pragn\u0105 przez godzin\u0119, od poniedzia\u0142ku do soboty, wsp\u00f3lnie modli\u0107 si\u0119 w Sanktuarium u st\u00f3p Jezusa Ukrzy\u017cowanego i Mi\u0142osiernego: &#8211; o 16.30 R\u00f3\u017caniec \u015bwi\u0119ty przed Naj\u015bwi\u0119tszym Sakramentem i okazja do Spowiedzi \u015bwi\u0119tej &#8211; o 17.00 Msza \u015bwi\u0119ta &#8211; przyst\u0119pujmy tak\u017ce do Komunii \u015bwi\u0119tej\u00a0\u00a0\u00a0\u00a0\u00a0\u00a0\u00a0\u00a0 Kto nie mo\u017ce uczestniczy\u0107 w modlitwie w &hellip;\" \/>\n<meta property=\"og:url\" content=\"https:\/\/pakosc-kalwaria.franciszkanie.net\/index.php\/2022\/04\/06\/pomagajmy-codziennie-modlitwa-zapraszamy-do-wspolnej-godzinnej-modlitwy\/\" \/>\n<meta property=\"og:site_name\" content=\"Pako\u015b\u0107 \u2013 Kalwaria\" \/>\n<meta property=\"article:author\" content=\"https:\/\/www.facebook.com\/KalwariaPakosc\/\" \/>\n<meta property=\"article:published_time\" content=\"2022-04-06T18:00:07+00:00\" \/>\n<meta property=\"article:modified_time\" content=\"2022-04-13T12:28:27+00:00\" \/>\n<meta property=\"og:image\" content=\"https:\/\/pakosc-kalwaria.franciszkanie.net\/wp-content\/uploads\/2022\/03\/Tajemnica-pierwsza-MODLITWA-PANA-JEZUSA-W-OGROJCU.jpg\" \/>\n\t<meta property=\"og:image:width\" content=\"400\" \/>\n\t<meta property=\"og:image:height\" content=\"240\" \/>\n\t<meta property=\"og:image:type\" content=\"image\/jpeg\" \/>\n<meta name=\"twitter:card\" content=\"summary\" \/>\n<meta name=\"twitter:label1\" content=\"Napisane przez\" \/>\n\t<meta name=\"twitter:data1\" content=\"pakosc-kalwaria\" \/>\n\t<meta name=\"twitter:label2\" content=\"Szacowany czas czytania\" \/>\n\t<meta name=\"twitter:data2\" content=\"3 minuty\" \/>\n<script type=\"application\/ld+json\" class=\"yoast-schema-graph\">{\"@context\":\"https:\/\/schema.org\",\"@graph\":[{\"@type\":\"WebSite\",\"@id\":\"https:\/\/pakosc-kalwaria.franciszkanie.net\/#website\",\"url\":\"https:\/\/pakosc-kalwaria.franciszkanie.net\/\",\"name\":\"Pako\u015b\u0107 \u2013 Kalwaria\",\"description\":\"Parafia Rzymsko \u2013 Katolicka p.w. Pana Jezusa Ukrzy\u017cowanego i  Matki Bo\u017cej Bolesnej ul. Barci\u0144ska 60, 88\u2013170 Pako\u015b\u0107 \u2013 Kalwaria\",\"potentialAction\":[{\"@type\":\"SearchAction\",\"target\":{\"@type\":\"EntryPoint\",\"urlTemplate\":\"https:\/\/pakosc-kalwaria.franciszkanie.net\/?s={search_term_string}\"},\"query-input\":\"required name=search_term_string\"}],\"inLanguage\":\"pl-PL\"},{\"@type\":\"ImageObject\",\"@id\":\"https:\/\/pakosc-kalwaria.franciszkanie.net\/index.php\/2022\/04\/06\/pomagajmy-codziennie-modlitwa-zapraszamy-do-wspolnej-godzinnej-modlitwy\/#primaryimage\",\"inLanguage\":\"pl-PL\",\"url\":\"https:\/\/pakosc-kalwaria.franciszkanie.net\/wp-content\/uploads\/2022\/03\/Tajemnica-pierwsza-MODLITWA-PANA-JEZUSA-W-OGROJCU.jpg\",\"contentUrl\":\"https:\/\/pakosc-kalwaria.franciszkanie.net\/wp-content\/uploads\/2022\/03\/Tajemnica-pierwsza-MODLITWA-PANA-JEZUSA-W-OGROJCU.jpg\",\"width\":400,\"height\":240},{\"@type\":\"WebPage\",\"@id\":\"https:\/\/pakosc-kalwaria.franciszkanie.net\/index.php\/2022\/04\/06\/pomagajmy-codziennie-modlitwa-zapraszamy-do-wspolnej-godzinnej-modlitwy\/#webpage\",\"url\":\"https:\/\/pakosc-kalwaria.franciszkanie.net\/index.php\/2022\/04\/06\/pomagajmy-codziennie-modlitwa-zapraszamy-do-wspolnej-godzinnej-modlitwy\/\",\"name\":\"Pomagajmy Ukrainie codziennie modlitw\u0105! - Pako\u015b\u0107 \u2013 Kalwaria\",\"isPartOf\":{\"@id\":\"https:\/\/pakosc-kalwaria.franciszkanie.net\/#website\"},\"primaryImageOfPage\":{\"@id\":\"https:\/\/pakosc-kalwaria.franciszkanie.net\/index.php\/2022\/04\/06\/pomagajmy-codziennie-modlitwa-zapraszamy-do-wspolnej-godzinnej-modlitwy\/#primaryimage\"},\"datePublished\":\"2022-04-06T18:00:07+00:00\",\"dateModified\":\"2022-04-13T12:28:27+00:00\",\"author\":{\"@id\":\"https:\/\/pakosc-kalwaria.franciszkanie.net\/#\/schema\/person\/af10b943be0760709227d060eadcb2aa\"},\"breadcrumb\":{\"@id\":\"https:\/\/pakosc-kalwaria.franciszkanie.net\/index.php\/2022\/04\/06\/pomagajmy-codziennie-modlitwa-zapraszamy-do-wspolnej-godzinnej-modlitwy\/#breadcrumb\"},\"inLanguage\":\"pl-PL\",\"potentialAction\":[{\"@type\":\"ReadAction\",\"target\":[\"https:\/\/pakosc-kalwaria.franciszkanie.net\/index.php\/2022\/04\/06\/pomagajmy-codziennie-modlitwa-zapraszamy-do-wspolnej-godzinnej-modlitwy\/\"]}]},{\"@type\":\"BreadcrumbList\",\"@id\":\"https:\/\/pakosc-kalwaria.franciszkanie.net\/index.php\/2022\/04\/06\/pomagajmy-codziennie-modlitwa-zapraszamy-do-wspolnej-godzinnej-modlitwy\/#breadcrumb\",\"itemListElement\":[{\"@type\":\"ListItem\",\"position\":1,\"name\":\"Strona g\u0142\u00f3wna\",\"item\":\"https:\/\/pakosc-kalwaria.franciszkanie.net\/\"},{\"@type\":\"ListItem\",\"position\":2,\"name\":\"Pomagajmy Ukrainie codziennie modlitw\u0105!\"}]},{\"@type\":\"Person\",\"@id\":\"https:\/\/pakosc-kalwaria.franciszkanie.net\/#\/schema\/person\/af10b943be0760709227d060eadcb2aa\",\"name\":\"pakosc-kalwaria\",\"image\":{\"@type\":\"ImageObject\",\"@id\":\"https:\/\/pakosc-kalwaria.franciszkanie.net\/#personlogo\",\"inLanguage\":\"pl-PL\",\"url\":\"https:\/\/secure.gravatar.com\/avatar\/e7049d338b55eac6a0027ff3218b8d02?s=96&d=mm&r=g\",\"contentUrl\":\"https:\/\/secure.gravatar.com\/avatar\/e7049d338b55eac6a0027ff3218b8d02?s=96&d=mm&r=g\",\"caption\":\"pakosc-kalwaria\"},\"sameAs\":[\"https:\/\/www.facebook.com\/KalwariaPakosc\/\"],\"url\":\"https:\/\/pakosc-kalwaria.franciszkanie.net\/index.php\/author\/pakosc-kalwaria\/\"}]}<\/script>\n<!-- \/ Yoast SEO plugin. -->","yoast_head_json":{"title":"Pomagajmy Ukrainie codziennie modlitw\u0105! - Pako\u015b\u0107 \u2013 Kalwaria","robots":{"index":"index","follow":"follow","max-snippet":"max-snippet:-1","max-image-preview":"max-image-preview:large","max-video-preview":"max-video-preview:-1"},"canonical":"https:\/\/pakosc-kalwaria.franciszkanie.net\/index.php\/2022\/04\/06\/pomagajmy-codziennie-modlitwa-zapraszamy-do-wspolnej-godzinnej-modlitwy\/","og_locale":"pl_PL","og_type":"article","og_title":"Pomagajmy Ukrainie codziennie modlitw\u0105! - Pako\u015b\u0107 \u2013 Kalwaria","og_description":"Zapraszamy na kalwaryjskie Wzg\u00f3rze wszystkich, kt\u00f3re pragn\u0105 przez godzin\u0119, od poniedzia\u0142ku do soboty, wsp\u00f3lnie modli\u0107 si\u0119 w Sanktuarium u st\u00f3p Jezusa Ukrzy\u017cowanego i Mi\u0142osiernego: &#8211; o 16.30 R\u00f3\u017caniec \u015bwi\u0119ty przed Naj\u015bwi\u0119tszym Sakramentem i okazja do Spowiedzi \u015bwi\u0119tej &#8211; o 17.00 Msza \u015bwi\u0119ta &#8211; przyst\u0119pujmy tak\u017ce do Komunii \u015bwi\u0119tej\u00a0\u00a0\u00a0\u00a0\u00a0\u00a0\u00a0\u00a0 Kto nie mo\u017ce uczestniczy\u0107 w modlitwie w &hellip;","og_url":"https:\/\/pakosc-kalwaria.franciszkanie.net\/index.php\/2022\/04\/06\/pomagajmy-codziennie-modlitwa-zapraszamy-do-wspolnej-godzinnej-modlitwy\/","og_site_name":"Pako\u015b\u0107 \u2013 Kalwaria","article_author":"https:\/\/www.facebook.com\/KalwariaPakosc\/","article_published_time":"2022-04-06T18:00:07+00:00","article_modified_time":"2022-04-13T12:28:27+00:00","og_image":[{"width":400,"height":240,"url":"https:\/\/pakosc-kalwaria.franciszkanie.net\/wp-content\/uploads\/2022\/03\/Tajemnica-pierwsza-MODLITWA-PANA-JEZUSA-W-OGROJCU.jpg","type":"image\/jpeg"}],"twitter_card":"summary","twitter_misc":{"Napisane przez":"pakosc-kalwaria","Szacowany czas czytania":"3 minuty"},"schema":{"@context":"https:\/\/schema.org","@graph":[{"@type":"WebSite","@id":"https:\/\/pakosc-kalwaria.franciszkanie.net\/#website","url":"https:\/\/pakosc-kalwaria.franciszkanie.net\/","name":"Pako\u015b\u0107 \u2013 Kalwaria","description":"Parafia Rzymsko \u2013 Katolicka p.w. Pana Jezusa Ukrzy\u017cowanego i  Matki Bo\u017cej Bolesnej ul. Barci\u0144ska 60, 88\u2013170 Pako\u015b\u0107 \u2013 Kalwaria","potentialAction":[{"@type":"SearchAction","target":{"@type":"EntryPoint","urlTemplate":"https:\/\/pakosc-kalwaria.franciszkanie.net\/?s={search_term_string}"},"query-input":"required name=search_term_string"}],"inLanguage":"pl-PL"},{"@type":"ImageObject","@id":"https:\/\/pakosc-kalwaria.franciszkanie.net\/index.php\/2022\/04\/06\/pomagajmy-codziennie-modlitwa-zapraszamy-do-wspolnej-godzinnej-modlitwy\/#primaryimage","inLanguage":"pl-PL","url":"https:\/\/pakosc-kalwaria.franciszkanie.net\/wp-content\/uploads\/2022\/03\/Tajemnica-pierwsza-MODLITWA-PANA-JEZUSA-W-OGROJCU.jpg","contentUrl":"https:\/\/pakosc-kalwaria.franciszkanie.net\/wp-content\/uploads\/2022\/03\/Tajemnica-pierwsza-MODLITWA-PANA-JEZUSA-W-OGROJCU.jpg","width":400,"height":240},{"@type":"WebPage","@id":"https:\/\/pakosc-kalwaria.franciszkanie.net\/index.php\/2022\/04\/06\/pomagajmy-codziennie-modlitwa-zapraszamy-do-wspolnej-godzinnej-modlitwy\/#webpage","url":"https:\/\/pakosc-kalwaria.franciszkanie.net\/index.php\/2022\/04\/06\/pomagajmy-codziennie-modlitwa-zapraszamy-do-wspolnej-godzinnej-modlitwy\/","name":"Pomagajmy Ukrainie codziennie modlitw\u0105! - Pako\u015b\u0107 \u2013 Kalwaria","isPartOf":{"@id":"https:\/\/pakosc-kalwaria.franciszkanie.net\/#website"},"primaryImageOfPage":{"@id":"https:\/\/pakosc-kalwaria.franciszkanie.net\/index.php\/2022\/04\/06\/pomagajmy-codziennie-modlitwa-zapraszamy-do-wspolnej-godzinnej-modlitwy\/#primaryimage"},"datePublished":"2022-04-06T18:00:07+00:00","dateModified":"2022-04-13T12:28:27+00:00","author":{"@id":"https:\/\/pakosc-kalwaria.franciszkanie.net\/#\/schema\/person\/af10b943be0760709227d060eadcb2aa"},"breadcrumb":{"@id":"https:\/\/pakosc-kalwaria.franciszkanie.net\/index.php\/2022\/04\/06\/pomagajmy-codziennie-modlitwa-zapraszamy-do-wspolnej-godzinnej-modlitwy\/#breadcrumb"},"inLanguage":"pl-PL","potentialAction":[{"@type":"ReadAction","target":["https:\/\/pakosc-kalwaria.franciszkanie.net\/index.php\/2022\/04\/06\/pomagajmy-codziennie-modlitwa-zapraszamy-do-wspolnej-godzinnej-modlitwy\/"]}]},{"@type":"BreadcrumbList","@id":"https:\/\/pakosc-kalwaria.franciszkanie.net\/index.php\/2022\/04\/06\/pomagajmy-codziennie-modlitwa-zapraszamy-do-wspolnej-godzinnej-modlitwy\/#breadcrumb","itemListElement":[{"@type":"ListItem","position":1,"name":"Strona g\u0142\u00f3wna","item":"https:\/\/pakosc-kalwaria.franciszkanie.net\/"},{"@type":"ListItem","position":2,"name":"Pomagajmy Ukrainie codziennie modlitw\u0105!"}]},{"@type":"Person","@id":"https:\/\/pakosc-kalwaria.franciszkanie.net\/#\/schema\/person\/af10b943be0760709227d060eadcb2aa","name":"pakosc-kalwaria","image":{"@type":"ImageObject","@id":"https:\/\/pakosc-kalwaria.franciszkanie.net\/#personlogo","inLanguage":"pl-PL","url":"https:\/\/secure.gravatar.com\/avatar\/e7049d338b55eac6a0027ff3218b8d02?s=96&d=mm&r=g","contentUrl":"https:\/\/secure.gravatar.com\/avatar\/e7049d338b55eac6a0027ff3218b8d02?s=96&d=mm&r=g","caption":"pakosc-kalwaria"},"sameAs":["https:\/\/www.facebook.com\/KalwariaPakosc\/"],"url":"https:\/\/pakosc-kalwaria.franciszkanie.net\/index.php\/author\/pakosc-kalwaria\/"}]}},"_links":{"self":[{"href":"https:\/\/pakosc-kalwaria.franciszkanie.net\/index.php\/wp-json\/wp\/v2\/posts\/22218"}],"collection":[{"href":"https:\/\/pakosc-kalwaria.franciszkanie.net\/index.php\/wp-json\/wp\/v2\/posts"}],"about":[{"href":"https:\/\/pakosc-kalwaria.franciszkanie.net\/index.php\/wp-json\/wp\/v2\/types\/post"}],"author":[{"embeddable":true,"href":"https:\/\/pakosc-kalwaria.franciszkanie.net\/index.php\/wp-json\/wp\/v2\/users\/2"}],"replies":[{"embeddable":true,"href":"https:\/\/pakosc-kalwaria.franciszkanie.net\/index.php\/wp-json\/wp\/v2\/comments?post=22218"}],"version-history":[{"count":12,"href":"https:\/\/pakosc-kalwaria.franciszkanie.net\/index.php\/wp-json\/wp\/v2\/posts\/22218\/revisions"}],"predecessor-version":[{"id":22521,"href":"https:\/\/pakosc-kalwaria.franciszkanie.net\/index.php\/wp-json\/wp\/v2\/posts\/22218\/revisions\/22521"}],"wp:featuredmedia":[{"embeddable":true,"href":"https:\/\/pakosc-kalwaria.franciszkanie.net\/index.php\/wp-json\/wp\/v2\/media\/22219"}],"wp:attachment":[{"href":"https:\/\/pakosc-kalwaria.franciszkanie.net\/index.php\/wp-json\/wp\/v2\/media?parent=22218"}],"wp:term":[{"taxonomy":"category","embeddable":true,"href":"https:\/\/pakosc-kalwaria.franciszkanie.net\/index.php\/wp-json\/wp\/v2\/categories?post=22218"},{"taxonomy":"post_tag","embeddable":true,"href":"https:\/\/pakosc-kalwaria.franciszkanie.net\/index.php\/wp-json\/wp\/v2\/tags?post=22218"}],"curies":[{"name":"wp","href":"https:\/\/api.w.org\/{rel}","templated":true}]}}