{"id":22284,"date":"2022-03-25T17:00:55","date_gmt":"2022-03-25T16:00:55","guid":{"rendered":"http:\/\/pakosc-kalwaria.franciszkanie.net\/?p=22284"},"modified":"2022-03-27T10:20:19","modified_gmt":"2022-03-27T08:20:19","slug":"akt-poswiecenia-niepokalanemu-sercu-najswietszej-maryi-panny-25-marca","status":"publish","type":"post","link":"https:\/\/pakosc-kalwaria.franciszkanie.net\/index.php\/2022\/03\/25\/akt-poswiecenia-niepokalanemu-sercu-najswietszej-maryi-panny-25-marca\/","title":{"rendered":"Akt po\u015bwi\u0119cenia Niepokalanemu Sercu Naj\u015bwi\u0119tszej Maryi Panny"},"content":{"rendered":"<p><strong><span style=\"color: #ff0000;\">W dniu 25 marca 2022r. w Bazylice \u015aw. Piotra Papie\u017c Franciszek<\/span> przewodniczy\u0142 nabo\u017ce\u0144stwu pokutnemu po\u0142\u0105czonemu z aktem zawierzenia Matce Bo\u017cej ca\u0142ego \u015bwiata, szczeg\u00f3lnie Ukrainy i Rosji. Podkre\u015bli\u0142, \u017ce w tych dniach, kiedy bomby niszcz\u0105 domy Ukrai\u0144c\u00f3w, szczeg\u00f3lnie potrzebujemy Boga, kt\u00f3ry jako jedyny usuwa z\u0142o, \u0142agodzi urazy i przywraca sercom pok\u00f3j.<\/strong><\/p>\n<p>Papie\u017c po\u015bwi\u0119ci\u0142 swoj\u0105 homili\u0119 sakramentowi pokuty i pojednania. Zaznaczy\u0142, \u017ce w centrum spowiedzi s\u0105 nie nasze grzechy, ale Bo\u017ce przebaczenie. Pojednanie jest przede wszystkim wyj\u015bciem mi\u0142osiernego Ojca ku nam, a nie tylko naszym krokiem skierowanym ku Bogu. \u201eOdkryjmy spowied\u017a na nowo jako sakrament rado\u015bci, gdzie z\u0142o, kt\u00f3re nas zawstydza, staje si\u0119 okazj\u0105 do do\u015bwiadczenia serdecznego u\u015bcisku Ojca. To jest w\u0142a\u015bnie sedno spowiedzi\u201d \u2013 wskaza\u0142 Franciszek. Podkre\u015bli\u0142, \u017ce na drodze przebaczenia zawsze towarzyszy nam Maryja, kt\u00f3ra podczas zwiastowania, b\u0119d\u0105cego dla niej \u017ar\u00f3d\u0142em niepokoju, z ufno\u015bci\u0105 powierza si\u0119 Bogu. \u201eWystarczy\u0142o jej zapewnienie Boga \u2013 \u00abnie l\u0119kaj si\u0119\u00bb. Przylgn\u0119\u0142a do Niego, tak jak my chcemy to uczyni\u0107 tego wieczoru\u201d \u2013 powiedzia\u0142 Papie\u017c. Papie\u017c zauwa\u017cy\u0142, \u017ce okrutna wojna, tocz\u0105ca si\u0119 na Ukrainie, powoduje \u015bmier\u0107 i wywo\u0142uje u wszystkich przera\u017cenie. \u201eMamy poczucie bezsilno\u015bci i niewystarczalno\u015bci. Trzeba, by nam te\u017c powiedziano: \u00abnie l\u0119kaj si\u0119\u00bb. Ale ludzkie uspokojenia nie wystarczaj\u0105, potrzebujemy pewno\u015bci Bo\u017cego przebaczenia\u201d \u2013 powiedzia\u0142 Ojciec \u015awi\u0119ty. Franciszek podkre\u015bli\u0142, \u017ce je\u017celi chcemy, aby \u015bwiat si\u0119 zmieni\u0142, to przede wszystkim musz\u0105 zmieni\u0107 si\u0119 nasze serca. \u201eW jej sercu nie ma \u015bladu z\u0142a i dlatego z Ni\u0105 B\u00f3g m\u00f3g\u0142 rozpocz\u0105\u0107 now\u0105 histori\u0119 zbawienia i pokoju. B\u00f3g zmieni\u0142 histori\u0119, pukaj\u0105c do Serca Maryi\u201d \u2013 powiedzia\u0142 Papie\u017c.<\/p>\n<div>\n<p>\u0141ukasz So\u015bniak SJ\/ www.vaticannews.va<\/p>\n<\/div>\n<p>&nbsp;<\/p>\n<p><strong>W naszym kalwaryjskim Sanktuarium, w duchowej jedno\u015bci z papie\u017cem Franciszkiem, Akt po\u015bwi\u0119cenia Niepokalanemu Sercu Maryi odm\u00f3wili\u015bmy w pi\u0105tek 25 marca o 17.00 przed rozpocz\u0119ciem Drogi Krzy\u017cowej w ko\u015bciele.<\/strong><\/p>\n<p><span style=\"color: #ff0000;\"><strong>AKT PO\u015aWI\u0118CENIA <\/strong><\/span><strong><span style=\"color: #ff0000;\">NIEPOKALANEMU SERCU NAJ\u015aWI\u0118TSZEJ MARYI PANNY &#8211; 25 MARCA 2022r.<\/span><br \/>\n<\/strong><\/p>\n<p>O Maryjo, Matko Boga i nasza Matko, uciekamy si\u0119 do Ciebie w tej godzinie cierpienia. Jeste\u015b nasz\u0105 Matk\u0105, mi\u0142ujesz nas i znasz nas: nic, co nosimy w sercu, nie jest przed Tob\u0105 ukryte. Matko mi\u0142osierdzia, tak wiele razy do\u015bwiadczyli\u015bmy Twojej opatrzno\u015bciowej czu\u0142o\u015bci, Twojej obecno\u015bci, kt\u00f3ra przywraca nam pok\u00f3j, poniewa\u017c Ty zawsze prowadzisz nas do Jezusa, Ksi\u0119cia Pokoju.<\/p>\n<p>My jednak zgubili\u015bmy drog\u0119 do pokoju. Zapomnieli\u015bmy o nauce p\u0142yn\u0105cej z tragedii minionego wieku, o po\u015bwi\u0119ceniu milion\u00f3w poleg\u0142ych podczas wojen \u015bwiatowych. Zlekcewa\u017cyli\u015bmy zobowi\u0105zania podj\u0119te jako Wsp\u00f3lnota Narod\u00f3w i wci\u0105\u017c zdradzamy marzenia narod\u00f3w o pokoju oraz nadzieje ludzi m\u0142odych. Stali\u015bmy si\u0119 chorzy z chciwo\u015bci, zamkn\u0119li\u015bmy si\u0119 w nacjonalistycznych interesach, pozwolili\u015bmy, by sparali\u017cowa\u0142y nas oboj\u0119tno\u015b\u0107 i egoizm. Woleli\u015bmy lekcewa\u017cy\u0107 Boga, \u017cy\u0107 w naszym fa\u0142szu, podsyca\u0107 agresj\u0119, niszczy\u0107 \u017cycie i gromadzi\u0107 bro\u0144, zapominaj\u0105c, \u017ce jeste\u015bmy opiekunami naszego bli\u017aniego i wsp\u00f3lnego domu, kt\u00f3ry dzielimy. Poprzez wojn\u0119 rozszarpali\u015bmy Ziemski ogr\u00f3d, grzechem zranili\u015bmy serce naszego Ojca, kt\u00f3ry pragnie, aby\u015bmy byli bra\u0107mi i siostrami. Stali\u015bmy si\u0119 oboj\u0119tni na wszystkich i wszystko z wyj\u0105tkiem nas samych. A teraz ze wstydem m\u00f3wimy: przebacz nam, Panie!<\/p>\n<p>W n\u0119dzy grzechu, w naszych trudach i s\u0142abo\u015bciach, w tajemnicy nieprawo\u015bci z\u0142a i wojny, Ty, Naj\u015bwi\u0119tsza Matko, przypominasz nam, \u017ce B\u00f3g nas nie opuszcza, ale wci\u0105\u017c patrzy na nas z mi\u0142o\u015bci\u0105, pragn\u0105c nam przebaczy\u0107 i nas podnie\u015b\u0107. To On da\u0142 nam Ciebie a Twoje Niepokalane Serce uczyni\u0142 schronieniem dla Ko\u015bcio\u0142a i ludzko\u015bci. Z Bo\u017cej dobroci jeste\u015b z nami i przeprowadzasz nas z czu\u0142o\u015bci\u0105 nawet przez najbardziej skomplikowane dziejowe zakr\u0119ty.<\/p>\n<p>Zatem uciekamy si\u0119 do Ciebie, pukamy do drzwi Twego Serca, my, Twoje umi\u0142owane dzieci, kt\u00f3re w ka\u017cdym czasie niestrudzenie nawiedzasz i zach\u0119casz do nawr\u00f3cenia. W tej mrocznej godzinie przyjd\u017a nam z pomoc\u0105 i pociesz nas. Powtarzaj ka\u017cdemu z nas: \u201eCzy\u017c oto nie jestem tu Ja, twoja Matka?\u201d. Ty wiesz, jak rozpl\u0105ta\u0107 p\u0119ta naszego serca i w\u0119z\u0142y naszego czasu. W Tobie pok\u0142adamy nadziej\u0119. Jeste\u015bmy pewni, \u017ce Ty, zw\u0142aszcza w chwili pr\u00f3by, nie gardzisz naszymi pro\u015bbami i przychodzisz nam z pomoc\u0105.<\/p>\n<p>Tak w\u0142a\u015bnie uczyni\u0142a\u015b w Kanie Galilejskiej, gdy przyspieszy\u0142a\u015b godzin\u0119 dzia\u0142ania Jezusa i zapowiedzia\u0142a\u015b Jego pierwszy znak w \u015bwiecie. Gdy uczta zamieni\u0142a si\u0119 w smutek, powiedzia\u0142a\u015b Mu: \u201eNie maj\u0105 wina\u201d (<em>J<\/em> 2, 3). O Matko, raz jeszcze powt\u00f3rz to Bogu, bowiem dzi\u015b zabrak\u0142o nam wina nadziei, znikn\u0119\u0142a rado\u015b\u0107, rozmy\u0142o si\u0119 braterstwo. Zagubili\u015bmy cz\u0142owiecze\u0144stwo, zmarnowali\u015bmy pok\u00f3j. Stali\u015bmy si\u0119 zdolni do wszelkiej przemocy i wszelkiego zniszczenia. Jak\u017ce pilnie potrzebujemy Twojej matczynej interwencji.<\/p>\n<p>Przyjmij wi\u0119c, o Matko, to nasze b\u0142aganie.<\/p>\n<p>Ty, Gwiazdo morza, nie pozw\u00f3l, by\u015bmy zostali rozbitkami w czasie wojennej burzy.<\/p>\n<p>Ty, Arko Nowego Przymierza, inspiruj plany i drogi pojednania.<\/p>\n<p>Ty, \u201eZiemio nieba\u201d, zaprowad\u017a w \u015bwiecie Bo\u017c\u0105 zgod\u0119.<\/p>\n<p>Uga\u015b nienawi\u015b\u0107, usu\u0144 pragnienie zemsty, naucz nas przebaczenia.<\/p>\n<p>Uwolnij nas od wojny, zachowaj \u015bwiat od zagro\u017cenia nuklearnego.<\/p>\n<p>Kr\u00f3lowo R\u00f3\u017ca\u0144ca \u015awi\u0119tego, rozbud\u017a w nas pragnienie modlitwy i mi\u0142o\u015bci.<\/p>\n<p>Kr\u00f3lowo rodziny ludzkiej, wska\u017c narodom drog\u0119 braterstwa.<\/p>\n<p>Kr\u00f3lowo pokoju, wyjednaj \u015bwiatu pok\u00f3j.<\/p>\n<p>Niech Tw\u00f3j p\u0142acz, o Matko, poruszy nasze zatwardzia\u0142e serca. Niech \u0142zy, kt\u00f3re za nas przela\u0142a\u015b, sprawi\u0105, \u017ce zn\u00f3w zakwitnie owa dolina, kt\u00f3r\u0105 wysuszy\u0142a nasza nienawi\u015b\u0107. I cho\u0107 nie milknie zgie\u0142k broni, niech Twoja modlitwa usposabia nas do pokoju. Niech Twoje matczyne d\u0142onie b\u0119d\u0105 ukojeniem dla tych, kt\u00f3rzy cierpi\u0105 i uciekaj\u0105 pod ci\u0119\u017carem bomb. Niech Twoje macierzy\u0144skie obj\u0119cie pocieszy tych, kt\u00f3rzy zostali zmuszeni do opuszczenia swoich dom\u00f3w i swej ojczyzny. Niech Twoje bolej\u0105ce Serce poruszy nas do wsp\u00f3\u0142czucia i przynagli do otwarcia drzwi i opieki nad zranion\u0105 i odrzucon\u0105 ludzko\u015bci\u0105.<\/p>\n<p>\u015awi\u0119ta Bo\u017ca Rodzicielko, gdy sta\u0142a\u015b pod krzy\u017cem, Jezus, wskazuj\u0105c na ucznia obok Ciebie, powiedzia\u0142 Ci: \u201eOto syn Tw\u00f3j\u201d (<em>J<\/em>\u00a019,\u00a026): w ten spos\u00f3b zawierzy\u0142 Tobie ka\u017cdego z nas. Nast\u0119pnie do ucznia, do ka\u017cdego z nas, rzek\u0142: \u201eOto Matka twoja\u201d (w. 27). Matko, chcemy Ci\u0119 teraz przyj\u0105\u0107 w naszym \u017cyciu i w naszej historii. W tej godzinie ludzko\u015b\u0107, wyczerpana i zrozpaczona, stoi wraz z Tob\u0105 pod krzy\u017cem. I potrzebuje zawierzy\u0107 si\u0119 Tobie, potrzebuje poprzez Ciebie po\u015bwi\u0119ci\u0107 si\u0119 Chrystusowi. Nar\u00f3d ukrai\u0144ski i nar\u00f3d rosyjski, kt\u00f3re czcz\u0105 Ci\u0119 z mi\u0142o\u015bci\u0105, uciekaj\u0105 si\u0119 do Ciebie, a Twoje Serce bije dla nich i dla wszystkich narod\u00f3w zdziesi\u0105tkowanych przez wojn\u0119, g\u0142\u00f3d, niesprawiedliwo\u015b\u0107 i n\u0119dz\u0119.<\/p>\n<p>My zatem, Matko Boga i nasza Matko, uroczy\u015bcie zawierzamy i po\u015bwi\u0119camy Twojemu Niepokalanemu Sercu siebie samych, Ko\u015bci\u00f3\u0142 i ca\u0142\u0105 ludzko\u015b\u0107, a zw\u0142aszcza Rosj\u0119 i Ukrain\u0119. Przyjmij ten nasz akt, kt\u00f3rego dokonujemy z ufno\u015bci\u0105 i mi\u0142o\u015bci\u0105; spraw, aby usta\u0142y wojny, i zapewnij \u015bwiatu pok\u00f3j. Niech \u201etak\u201d, kt\u00f3re wyp\u0142yn\u0119\u0142o z Twojego Serca, otworzy bramy dziej\u00f3w dla Ksi\u0119cia Pokoju; ufamy, \u017ce poprzez Twoje Serce, nastanie jeszcze pok\u00f3j. Tobie wi\u0119c po\u015bwi\u0119camy przysz\u0142o\u015b\u0107 ca\u0142ej rodziny ludzkiej, potrzeby i oczekiwania narod\u00f3w, niepokoje i nadzieje \u015bwiata.<\/p>\n<p>Niech za Twoim po\u015brednictwem Bo\u017ce Mi\u0142osierdzie rozleje si\u0119 na ziemi\u0119 i niech s\u0142odki rytm pokoju na nowo kszta\u0142tuje nasze dni. Niewiasto, kt\u00f3ra\u015b powiedzia\u0142a Bogu \u201etak\u201d i na kt\u00f3r\u0105 zst\u0105pi\u0142 Duch \u015awi\u0119ty, przywr\u00f3\u0107 po\u015br\u00f3d nas Bo\u017c\u0105 harmoni\u0119. O\u017cyw nasze osch\u0142e serca, Ty, kt\u00f3ra\u015b jest \u201e\u017cyw\u0105 nadziei krynic\u0105\u201d. Ty, kt\u00f3ra\u015b utka\u0142a cz\u0142owiecze\u0144stwo Jezusa, uczy\u0144 nas budowniczymi komunii. Ty, kt\u00f3ra przemierza\u0142a\u015b nasze drogi, prowad\u017a nas drogami pokoju. Amen.<\/p>\n","protected":false},"excerpt":{"rendered":"<p>W dniu 25 marca 2022r. w Bazylice \u015aw. Piotra Papie\u017c Franciszek przewodniczy\u0142 nabo\u017ce\u0144stwu pokutnemu po\u0142\u0105czonemu z aktem zawierzenia Matce Bo\u017cej ca\u0142ego \u015bwiata, szczeg\u00f3lnie Ukrainy i Rosji. Podkre\u015bli\u0142, \u017ce w tych dniach, kiedy bomby niszcz\u0105 domy Ukrai\u0144c\u00f3w, szczeg\u00f3lnie potrzebujemy Boga, kt\u00f3ry jako jedyny usuwa z\u0142o, \u0142agodzi urazy i przywraca sercom pok\u00f3j. Papie\u017c po\u015bwi\u0119ci\u0142 swoj\u0105 homili\u0119 sakramentowi &hellip;<\/p>\n","protected":false},"author":2,"featured_media":22285,"comment_status":"closed","ping_status":"closed","sticky":false,"template":"","format":"standard","meta":{"_mi_skip_tracking":false,"_exactmetrics_sitenote_active":false,"_exactmetrics_sitenote_note":"","_exactmetrics_sitenote_category":0},"categories":[13,14],"tags":[],"yoast_head":"<!-- This site is optimized with the Yoast SEO plugin v18.1 - https:\/\/yoast.com\/wordpress\/plugins\/seo\/ -->\n<title>Akt po\u015bwi\u0119cenia Niepokalanemu Sercu Naj\u015bwi\u0119tszej Maryi Panny - Pako\u015b\u0107 \u2013 Kalwaria<\/title>\n<meta name=\"robots\" content=\"index, follow, max-snippet:-1, max-image-preview:large, max-video-preview:-1\" \/>\n<link rel=\"canonical\" href=\"https:\/\/pakosc-kalwaria.franciszkanie.net\/index.php\/2022\/03\/25\/akt-poswiecenia-niepokalanemu-sercu-najswietszej-maryi-panny-25-marca\/\" \/>\n<meta property=\"og:locale\" content=\"pl_PL\" \/>\n<meta property=\"og:type\" content=\"article\" \/>\n<meta property=\"og:title\" content=\"Akt po\u015bwi\u0119cenia Niepokalanemu Sercu Naj\u015bwi\u0119tszej Maryi Panny - Pako\u015b\u0107 \u2013 Kalwaria\" \/>\n<meta property=\"og:description\" content=\"W dniu 25 marca 2022r. w Bazylice \u015aw. Piotra Papie\u017c Franciszek przewodniczy\u0142 nabo\u017ce\u0144stwu pokutnemu po\u0142\u0105czonemu z aktem zawierzenia Matce Bo\u017cej ca\u0142ego \u015bwiata, szczeg\u00f3lnie Ukrainy i Rosji. Podkre\u015bli\u0142, \u017ce w tych dniach, kiedy bomby niszcz\u0105 domy Ukrai\u0144c\u00f3w, szczeg\u00f3lnie potrzebujemy Boga, kt\u00f3ry jako jedyny usuwa z\u0142o, \u0142agodzi urazy i przywraca sercom pok\u00f3j. Papie\u017c po\u015bwi\u0119ci\u0142 swoj\u0105 homili\u0119 sakramentowi &hellip;\" \/>\n<meta property=\"og:url\" content=\"https:\/\/pakosc-kalwaria.franciszkanie.net\/index.php\/2022\/03\/25\/akt-poswiecenia-niepokalanemu-sercu-najswietszej-maryi-panny-25-marca\/\" \/>\n<meta property=\"og:site_name\" content=\"Pako\u015b\u0107 \u2013 Kalwaria\" \/>\n<meta property=\"article:author\" content=\"https:\/\/www.facebook.com\/KalwariaPakosc\/\" \/>\n<meta property=\"article:published_time\" content=\"2022-03-25T16:00:55+00:00\" \/>\n<meta property=\"article:modified_time\" content=\"2022-03-27T08:20:19+00:00\" \/>\n<meta property=\"og:image\" content=\"https:\/\/pakosc-kalwaria.franciszkanie.net\/wp-content\/uploads\/2022\/03\/38-324x235-1.jpg\" \/>\n\t<meta property=\"og:image:width\" content=\"324\" \/>\n\t<meta property=\"og:image:height\" content=\"235\" \/>\n\t<meta property=\"og:image:type\" content=\"image\/jpeg\" \/>\n<meta name=\"twitter:card\" content=\"summary\" \/>\n<meta name=\"twitter:label1\" content=\"Napisane przez\" \/>\n\t<meta name=\"twitter:data1\" content=\"pakosc-kalwaria\" \/>\n\t<meta name=\"twitter:label2\" content=\"Szacowany czas czytania\" \/>\n\t<meta name=\"twitter:data2\" content=\"5 minut\" \/>\n<script type=\"application\/ld+json\" class=\"yoast-schema-graph\">{\"@context\":\"https:\/\/schema.org\",\"@graph\":[{\"@type\":\"WebSite\",\"@id\":\"https:\/\/pakosc-kalwaria.franciszkanie.net\/#website\",\"url\":\"https:\/\/pakosc-kalwaria.franciszkanie.net\/\",\"name\":\"Pako\u015b\u0107 \u2013 Kalwaria\",\"description\":\"Parafia Rzymsko \u2013 Katolicka p.w. Pana Jezusa Ukrzy\u017cowanego i  Matki Bo\u017cej Bolesnej ul. Barci\u0144ska 60, 88\u2013170 Pako\u015b\u0107 \u2013 Kalwaria\",\"potentialAction\":[{\"@type\":\"SearchAction\",\"target\":{\"@type\":\"EntryPoint\",\"urlTemplate\":\"https:\/\/pakosc-kalwaria.franciszkanie.net\/?s={search_term_string}\"},\"query-input\":\"required name=search_term_string\"}],\"inLanguage\":\"pl-PL\"},{\"@type\":\"ImageObject\",\"@id\":\"https:\/\/pakosc-kalwaria.franciszkanie.net\/index.php\/2022\/03\/25\/akt-poswiecenia-niepokalanemu-sercu-najswietszej-maryi-panny-25-marca\/#primaryimage\",\"inLanguage\":\"pl-PL\",\"url\":\"https:\/\/pakosc-kalwaria.franciszkanie.net\/wp-content\/uploads\/2022\/03\/38-324x235-1.jpg\",\"contentUrl\":\"https:\/\/pakosc-kalwaria.franciszkanie.net\/wp-content\/uploads\/2022\/03\/38-324x235-1.jpg\",\"width\":324,\"height\":235},{\"@type\":\"WebPage\",\"@id\":\"https:\/\/pakosc-kalwaria.franciszkanie.net\/index.php\/2022\/03\/25\/akt-poswiecenia-niepokalanemu-sercu-najswietszej-maryi-panny-25-marca\/#webpage\",\"url\":\"https:\/\/pakosc-kalwaria.franciszkanie.net\/index.php\/2022\/03\/25\/akt-poswiecenia-niepokalanemu-sercu-najswietszej-maryi-panny-25-marca\/\",\"name\":\"Akt po\u015bwi\u0119cenia Niepokalanemu Sercu Naj\u015bwi\u0119tszej Maryi Panny - Pako\u015b\u0107 \u2013 Kalwaria\",\"isPartOf\":{\"@id\":\"https:\/\/pakosc-kalwaria.franciszkanie.net\/#website\"},\"primaryImageOfPage\":{\"@id\":\"https:\/\/pakosc-kalwaria.franciszkanie.net\/index.php\/2022\/03\/25\/akt-poswiecenia-niepokalanemu-sercu-najswietszej-maryi-panny-25-marca\/#primaryimage\"},\"datePublished\":\"2022-03-25T16:00:55+00:00\",\"dateModified\":\"2022-03-27T08:20:19+00:00\",\"author\":{\"@id\":\"https:\/\/pakosc-kalwaria.franciszkanie.net\/#\/schema\/person\/af10b943be0760709227d060eadcb2aa\"},\"breadcrumb\":{\"@id\":\"https:\/\/pakosc-kalwaria.franciszkanie.net\/index.php\/2022\/03\/25\/akt-poswiecenia-niepokalanemu-sercu-najswietszej-maryi-panny-25-marca\/#breadcrumb\"},\"inLanguage\":\"pl-PL\",\"potentialAction\":[{\"@type\":\"ReadAction\",\"target\":[\"https:\/\/pakosc-kalwaria.franciszkanie.net\/index.php\/2022\/03\/25\/akt-poswiecenia-niepokalanemu-sercu-najswietszej-maryi-panny-25-marca\/\"]}]},{\"@type\":\"BreadcrumbList\",\"@id\":\"https:\/\/pakosc-kalwaria.franciszkanie.net\/index.php\/2022\/03\/25\/akt-poswiecenia-niepokalanemu-sercu-najswietszej-maryi-panny-25-marca\/#breadcrumb\",\"itemListElement\":[{\"@type\":\"ListItem\",\"position\":1,\"name\":\"Strona g\u0142\u00f3wna\",\"item\":\"https:\/\/pakosc-kalwaria.franciszkanie.net\/\"},{\"@type\":\"ListItem\",\"position\":2,\"name\":\"Akt po\u015bwi\u0119cenia Niepokalanemu Sercu Naj\u015bwi\u0119tszej Maryi Panny\"}]},{\"@type\":\"Person\",\"@id\":\"https:\/\/pakosc-kalwaria.franciszkanie.net\/#\/schema\/person\/af10b943be0760709227d060eadcb2aa\",\"name\":\"pakosc-kalwaria\",\"image\":{\"@type\":\"ImageObject\",\"@id\":\"https:\/\/pakosc-kalwaria.franciszkanie.net\/#personlogo\",\"inLanguage\":\"pl-PL\",\"url\":\"https:\/\/secure.gravatar.com\/avatar\/e7049d338b55eac6a0027ff3218b8d02?s=96&d=mm&r=g\",\"contentUrl\":\"https:\/\/secure.gravatar.com\/avatar\/e7049d338b55eac6a0027ff3218b8d02?s=96&d=mm&r=g\",\"caption\":\"pakosc-kalwaria\"},\"sameAs\":[\"https:\/\/www.facebook.com\/KalwariaPakosc\/\"],\"url\":\"https:\/\/pakosc-kalwaria.franciszkanie.net\/index.php\/author\/pakosc-kalwaria\/\"}]}<\/script>\n<!-- \/ Yoast SEO plugin. -->","yoast_head_json":{"title":"Akt po\u015bwi\u0119cenia Niepokalanemu Sercu Naj\u015bwi\u0119tszej Maryi Panny - Pako\u015b\u0107 \u2013 Kalwaria","robots":{"index":"index","follow":"follow","max-snippet":"max-snippet:-1","max-image-preview":"max-image-preview:large","max-video-preview":"max-video-preview:-1"},"canonical":"https:\/\/pakosc-kalwaria.franciszkanie.net\/index.php\/2022\/03\/25\/akt-poswiecenia-niepokalanemu-sercu-najswietszej-maryi-panny-25-marca\/","og_locale":"pl_PL","og_type":"article","og_title":"Akt po\u015bwi\u0119cenia Niepokalanemu Sercu Naj\u015bwi\u0119tszej Maryi Panny - Pako\u015b\u0107 \u2013 Kalwaria","og_description":"W dniu 25 marca 2022r. w Bazylice \u015aw. Piotra Papie\u017c Franciszek przewodniczy\u0142 nabo\u017ce\u0144stwu pokutnemu po\u0142\u0105czonemu z aktem zawierzenia Matce Bo\u017cej ca\u0142ego \u015bwiata, szczeg\u00f3lnie Ukrainy i Rosji. Podkre\u015bli\u0142, \u017ce w tych dniach, kiedy bomby niszcz\u0105 domy Ukrai\u0144c\u00f3w, szczeg\u00f3lnie potrzebujemy Boga, kt\u00f3ry jako jedyny usuwa z\u0142o, \u0142agodzi urazy i przywraca sercom pok\u00f3j. Papie\u017c po\u015bwi\u0119ci\u0142 swoj\u0105 homili\u0119 sakramentowi &hellip;","og_url":"https:\/\/pakosc-kalwaria.franciszkanie.net\/index.php\/2022\/03\/25\/akt-poswiecenia-niepokalanemu-sercu-najswietszej-maryi-panny-25-marca\/","og_site_name":"Pako\u015b\u0107 \u2013 Kalwaria","article_author":"https:\/\/www.facebook.com\/KalwariaPakosc\/","article_published_time":"2022-03-25T16:00:55+00:00","article_modified_time":"2022-03-27T08:20:19+00:00","og_image":[{"width":324,"height":235,"url":"https:\/\/pakosc-kalwaria.franciszkanie.net\/wp-content\/uploads\/2022\/03\/38-324x235-1.jpg","type":"image\/jpeg"}],"twitter_card":"summary","twitter_misc":{"Napisane przez":"pakosc-kalwaria","Szacowany czas czytania":"5 minut"},"schema":{"@context":"https:\/\/schema.org","@graph":[{"@type":"WebSite","@id":"https:\/\/pakosc-kalwaria.franciszkanie.net\/#website","url":"https:\/\/pakosc-kalwaria.franciszkanie.net\/","name":"Pako\u015b\u0107 \u2013 Kalwaria","description":"Parafia Rzymsko \u2013 Katolicka p.w. Pana Jezusa Ukrzy\u017cowanego i  Matki Bo\u017cej Bolesnej ul. Barci\u0144ska 60, 88\u2013170 Pako\u015b\u0107 \u2013 Kalwaria","potentialAction":[{"@type":"SearchAction","target":{"@type":"EntryPoint","urlTemplate":"https:\/\/pakosc-kalwaria.franciszkanie.net\/?s={search_term_string}"},"query-input":"required name=search_term_string"}],"inLanguage":"pl-PL"},{"@type":"ImageObject","@id":"https:\/\/pakosc-kalwaria.franciszkanie.net\/index.php\/2022\/03\/25\/akt-poswiecenia-niepokalanemu-sercu-najswietszej-maryi-panny-25-marca\/#primaryimage","inLanguage":"pl-PL","url":"https:\/\/pakosc-kalwaria.franciszkanie.net\/wp-content\/uploads\/2022\/03\/38-324x235-1.jpg","contentUrl":"https:\/\/pakosc-kalwaria.franciszkanie.net\/wp-content\/uploads\/2022\/03\/38-324x235-1.jpg","width":324,"height":235},{"@type":"WebPage","@id":"https:\/\/pakosc-kalwaria.franciszkanie.net\/index.php\/2022\/03\/25\/akt-poswiecenia-niepokalanemu-sercu-najswietszej-maryi-panny-25-marca\/#webpage","url":"https:\/\/pakosc-kalwaria.franciszkanie.net\/index.php\/2022\/03\/25\/akt-poswiecenia-niepokalanemu-sercu-najswietszej-maryi-panny-25-marca\/","name":"Akt po\u015bwi\u0119cenia Niepokalanemu Sercu Naj\u015bwi\u0119tszej Maryi Panny - Pako\u015b\u0107 \u2013 Kalwaria","isPartOf":{"@id":"https:\/\/pakosc-kalwaria.franciszkanie.net\/#website"},"primaryImageOfPage":{"@id":"https:\/\/pakosc-kalwaria.franciszkanie.net\/index.php\/2022\/03\/25\/akt-poswiecenia-niepokalanemu-sercu-najswietszej-maryi-panny-25-marca\/#primaryimage"},"datePublished":"2022-03-25T16:00:55+00:00","dateModified":"2022-03-27T08:20:19+00:00","author":{"@id":"https:\/\/pakosc-kalwaria.franciszkanie.net\/#\/schema\/person\/af10b943be0760709227d060eadcb2aa"},"breadcrumb":{"@id":"https:\/\/pakosc-kalwaria.franciszkanie.net\/index.php\/2022\/03\/25\/akt-poswiecenia-niepokalanemu-sercu-najswietszej-maryi-panny-25-marca\/#breadcrumb"},"inLanguage":"pl-PL","potentialAction":[{"@type":"ReadAction","target":["https:\/\/pakosc-kalwaria.franciszkanie.net\/index.php\/2022\/03\/25\/akt-poswiecenia-niepokalanemu-sercu-najswietszej-maryi-panny-25-marca\/"]}]},{"@type":"BreadcrumbList","@id":"https:\/\/pakosc-kalwaria.franciszkanie.net\/index.php\/2022\/03\/25\/akt-poswiecenia-niepokalanemu-sercu-najswietszej-maryi-panny-25-marca\/#breadcrumb","itemListElement":[{"@type":"ListItem","position":1,"name":"Strona g\u0142\u00f3wna","item":"https:\/\/pakosc-kalwaria.franciszkanie.net\/"},{"@type":"ListItem","position":2,"name":"Akt po\u015bwi\u0119cenia Niepokalanemu Sercu Naj\u015bwi\u0119tszej Maryi Panny"}]},{"@type":"Person","@id":"https:\/\/pakosc-kalwaria.franciszkanie.net\/#\/schema\/person\/af10b943be0760709227d060eadcb2aa","name":"pakosc-kalwaria","image":{"@type":"ImageObject","@id":"https:\/\/pakosc-kalwaria.franciszkanie.net\/#personlogo","inLanguage":"pl-PL","url":"https:\/\/secure.gravatar.com\/avatar\/e7049d338b55eac6a0027ff3218b8d02?s=96&d=mm&r=g","contentUrl":"https:\/\/secure.gravatar.com\/avatar\/e7049d338b55eac6a0027ff3218b8d02?s=96&d=mm&r=g","caption":"pakosc-kalwaria"},"sameAs":["https:\/\/www.facebook.com\/KalwariaPakosc\/"],"url":"https:\/\/pakosc-kalwaria.franciszkanie.net\/index.php\/author\/pakosc-kalwaria\/"}]}},"_links":{"self":[{"href":"https:\/\/pakosc-kalwaria.franciszkanie.net\/index.php\/wp-json\/wp\/v2\/posts\/22284"}],"collection":[{"href":"https:\/\/pakosc-kalwaria.franciszkanie.net\/index.php\/wp-json\/wp\/v2\/posts"}],"about":[{"href":"https:\/\/pakosc-kalwaria.franciszkanie.net\/index.php\/wp-json\/wp\/v2\/types\/post"}],"author":[{"embeddable":true,"href":"https:\/\/pakosc-kalwaria.franciszkanie.net\/index.php\/wp-json\/wp\/v2\/users\/2"}],"replies":[{"embeddable":true,"href":"https:\/\/pakosc-kalwaria.franciszkanie.net\/index.php\/wp-json\/wp\/v2\/comments?post=22284"}],"version-history":[{"count":5,"href":"https:\/\/pakosc-kalwaria.franciszkanie.net\/index.php\/wp-json\/wp\/v2\/posts\/22284\/revisions"}],"predecessor-version":[{"id":22306,"href":"https:\/\/pakosc-kalwaria.franciszkanie.net\/index.php\/wp-json\/wp\/v2\/posts\/22284\/revisions\/22306"}],"wp:featuredmedia":[{"embeddable":true,"href":"https:\/\/pakosc-kalwaria.franciszkanie.net\/index.php\/wp-json\/wp\/v2\/media\/22285"}],"wp:attachment":[{"href":"https:\/\/pakosc-kalwaria.franciszkanie.net\/index.php\/wp-json\/wp\/v2\/media?parent=22284"}],"wp:term":[{"taxonomy":"category","embeddable":true,"href":"https:\/\/pakosc-kalwaria.franciszkanie.net\/index.php\/wp-json\/wp\/v2\/categories?post=22284"},{"taxonomy":"post_tag","embeddable":true,"href":"https:\/\/pakosc-kalwaria.franciszkanie.net\/index.php\/wp-json\/wp\/v2\/tags?post=22284"}],"curies":[{"name":"wp","href":"https:\/\/api.w.org\/{rel}","templated":true}]}}