{"id":22308,"date":"2022-03-28T21:01:25","date_gmt":"2022-03-28T19:01:25","guid":{"rendered":"http:\/\/pakosc-kalwaria.franciszkanie.net\/?p=22308"},"modified":"2022-03-28T21:20:25","modified_gmt":"2022-03-28T19:20:25","slug":"dni-odnowy-wewnetrznej-kwiecien-2022","status":"publish","type":"post","link":"https:\/\/pakosc-kalwaria.franciszkanie.net\/index.php\/2022\/03\/28\/dni-odnowy-wewnetrznej-kwiecien-2022\/","title":{"rendered":"Dni Odnowy Wewn\u0119trznej &#8211; kwiecie\u0144 2022"},"content":{"rendered":"<p><strong>Zach\u0119camy w Rodzinach do comiesi\u0119cznej Spowiedzi \u015bwi\u0119tej oraz do pierwszopi\u0105tkowej Komunii \u015bwi\u0119tej<\/strong><\/p>\n<p><strong><u><span style=\"color: #ff0000;\">PIERWSZY\u00a0 PI\u0104TEK\u00a0 MIESI\u0104CA \u2013 1 kwietnia 2022r.<\/span><br \/>\n<\/u><\/strong><strong>Komunia \u015bw. wynagradzaj\u0105ca Naj\u015bwi\u0119tszemu Sercu Pana Jezusa<br \/>\n<\/strong><strong>9.00, 16.30, 19.00 \u00a0\u2013 Droga Krzy\u017cowa na Kalwarii<br \/>\n10.15 \u2013 Spowied\u017a \u015bwi\u0119ta<br \/>\n<\/strong><span style=\"color: #ff0000;\"><strong>10.15<\/strong> <\/span><strong><span style=\"color: #ff0000;\">\u2013 Msza \u015bwi\u0119ta\u00a0<\/span><br \/>\n16.30 \u2013 Spowied\u017a \u015bwi\u0119ta<br \/>\n<span style=\"color: #ff0000;\">17.00 \u2013 Droga Krzy\u017cowa w ko\u015bciele<\/span><br \/>\n17.30 \u2013 Spowied\u017a \u015bwi\u0119ta<br \/>\n<\/strong><span style=\"color: #ff0000;\"><strong>17.30<\/strong> <strong>\u2013 Msza \u015bwi\u0119ta<\/strong><\/span> <strong>w intencjach zbiorowych do Bo\u017cego Mi\u0142osierdzia oraz za\u00a0 zmar\u0142ych polecanych w rocznych wypominkach <\/strong>(intencje mo\u017cna sk\u0142ada\u0107 w ko\u015bciele do skarbonki lub w zakrystii)<br \/>\n<strong>&#8211; po Mszy \u015bw. nabo\u017ce\u0144stwo do Naj\u015bwi\u0119tszego Serca Pana Jezusa<br \/>\n<span style=\"color: #ff0000;\">20.00 \u2013 Obrz\u0119d Komunii \u015bwi\u0119tej<\/span> \u00a0\u00a0\u00a0\u00a0\u00a0\u00a0\u00a0\u00a0 <\/strong><\/p>\n<p><span style=\"color: #ff0000;\"><strong><u>PIERWSZA SOBOTA MIESI\u0104CA \u2013 2 kwietnia 2022r.<\/u><\/strong><\/span><strong><span style=\"color: #ff0000;\">\u00a0<\/span> \u00a0\u00a0 <\/strong><strong><br \/>\n<\/strong><strong>Nabo\u017ce\u0144stwo wynagradzaj\u0105ce Niepokalanemu Sercu Maryi.<\/strong><strong><br \/>\n<\/strong><strong>Duchowe przygotowanie do Nawiedzenia Kopii Obrazu Matki Bo\u017cej Jasnog\u00f3rskiej w Archidiecezji Gnie\u017anie\u0144skiej i w pakoskich Parafiach<br \/>\n16.30 \u2013 Spowied\u017a \u015bw.<br \/>\n16.30 &#8211; Koronka do Siedmiu Bole\u015bci Matki Bo\u017cej<br \/>\n<span style=\"color: #ff0000;\">17.00<\/span><\/strong> <strong><span style=\"color: #ff0000;\">\u2013 Msza \u015bw.<\/span> w intencji \u017bywego R\u00f3\u017ca\u0144ca i modlitwa do MB Bolesnej<br \/>\n<span style=\"color: #ff0000;\">&#8211; po Mszy \u015bwi\u0119tej<\/span> \u2013 wystawienie Naj\u015bwi\u0119tszego Sakramentu, R\u00f3\u017caniec wynagradzaj\u0105cy Niepokalanemu Sercu Maryi, 15. minutowe rozwa\u017canie tajemnic r\u00f3\u017ca\u0144cowych,<\/strong> <strong><span style=\"color: #ff0000;\">zako\u0144czenie Apelem Jasnog\u00f3rskim<\/span><br \/>\n<\/strong><strong><u><br \/>\n<span style=\"color: #ff0000;\">PIERWSZY\u00a0 CZWARTEK\u00a0 MIESI\u0104CA \u00a0&#8211;\u00a0 7 kwietnia 2022r.<\/span><br \/>\n<\/u><\/strong><strong>Komunia \u015bwi\u0119ta pod dwoma postaciami<br \/>\n<\/strong><strong>16.30<\/strong><strong> \u2013 Spowied\u017a \u015bwi\u0119ta<br \/>\n<span style=\"color: #ff0000;\">17.00 \u2013 Msza \u015bw.<\/span><\/strong> <strong>o nowe powo\u0142ania\u00a0 kap\u0142a\u0144skie i zakonne oraz w intencji Liturgicznej S\u0142u\u017cby O\u0142tarza i ich Rodzin<br \/>\n<\/strong><strong>&#8211; po Mszy \u015bw. nabo\u017ce\u0144stwo pierwszoczwartkowe<br \/>\n<span style=\"color: #ff0000;\">19.00 \u2013 20.00 \u00a0Adoracja Naj\u015bwi\u0119tszego Sakramentu<\/span> i Spowied\u017a \u015bwi\u0119ta, na zako\u0144czenie adoracji indywidualne b\u0142ogos\u0142awie\u0144stwo Naj\u015bwi\u0119tszym Sakramentem ma\u0142\u017ce\u0144stw, rodzin i os\u00f3b<\/strong><\/p>\n<p><strong>Serdecznie zapraszaj\u0105<br \/>\nBracia Mniejsi Franciszkanie \u00a0z Pako\u015bci &#8211; Kalwarii <\/strong><\/p>\n","protected":false},"excerpt":{"rendered":"<p>Zach\u0119camy w Rodzinach do comiesi\u0119cznej Spowiedzi \u015bwi\u0119tej oraz do pierwszopi\u0105tkowej Komunii \u015bwi\u0119tej PIERWSZY\u00a0 PI\u0104TEK\u00a0 MIESI\u0104CA \u2013 1 kwietnia 2022r. Komunia \u015bw. wynagradzaj\u0105ca Naj\u015bwi\u0119tszemu Sercu Pana Jezusa 9.00, 16.30, 19.00 \u00a0\u2013 Droga Krzy\u017cowa na Kalwarii 10.15 \u2013 Spowied\u017a \u015bwi\u0119ta 10.15 \u2013 Msza \u015bwi\u0119ta\u00a0 16.30 \u2013 Spowied\u017a \u015bwi\u0119ta 17.00 \u2013 Droga Krzy\u017cowa w ko\u015bciele 17.30 \u2013 Spowied\u017a &hellip;<\/p>\n","protected":false},"author":2,"featured_media":22309,"comment_status":"closed","ping_status":"closed","sticky":false,"template":"","format":"standard","meta":{"_mi_skip_tracking":false,"_exactmetrics_sitenote_active":false,"_exactmetrics_sitenote_note":"","_exactmetrics_sitenote_category":0},"categories":[13,14],"tags":[],"yoast_head":"<!-- This site is optimized with the Yoast SEO plugin v18.1 - https:\/\/yoast.com\/wordpress\/plugins\/seo\/ -->\n<title>Dni Odnowy Wewn\u0119trznej - kwiecie\u0144 2022 - Pako\u015b\u0107 \u2013 Kalwaria<\/title>\n<meta name=\"robots\" content=\"index, follow, max-snippet:-1, max-image-preview:large, max-video-preview:-1\" \/>\n<link rel=\"canonical\" href=\"https:\/\/pakosc-kalwaria.franciszkanie.net\/index.php\/2022\/03\/28\/dni-odnowy-wewnetrznej-kwiecien-2022\/\" \/>\n<meta property=\"og:locale\" content=\"pl_PL\" \/>\n<meta property=\"og:type\" content=\"article\" \/>\n<meta property=\"og:title\" content=\"Dni Odnowy Wewn\u0119trznej - kwiecie\u0144 2022 - Pako\u015b\u0107 \u2013 Kalwaria\" \/>\n<meta property=\"og:description\" content=\"Zach\u0119camy w Rodzinach do comiesi\u0119cznej Spowiedzi \u015bwi\u0119tej oraz do pierwszopi\u0105tkowej Komunii \u015bwi\u0119tej PIERWSZY\u00a0 PI\u0104TEK\u00a0 MIESI\u0104CA \u2013 1 kwietnia 2022r. Komunia \u015bw. wynagradzaj\u0105ca Naj\u015bwi\u0119tszemu Sercu Pana Jezusa 9.00, 16.30, 19.00 \u00a0\u2013 Droga Krzy\u017cowa na Kalwarii 10.15 \u2013 Spowied\u017a \u015bwi\u0119ta 10.15 \u2013 Msza \u015bwi\u0119ta\u00a0 16.30 \u2013 Spowied\u017a \u015bwi\u0119ta 17.00 \u2013 Droga Krzy\u017cowa w ko\u015bciele 17.30 \u2013 Spowied\u017a &hellip;\" \/>\n<meta property=\"og:url\" content=\"https:\/\/pakosc-kalwaria.franciszkanie.net\/index.php\/2022\/03\/28\/dni-odnowy-wewnetrznej-kwiecien-2022\/\" \/>\n<meta property=\"og:site_name\" content=\"Pako\u015b\u0107 \u2013 Kalwaria\" \/>\n<meta property=\"article:author\" content=\"https:\/\/www.facebook.com\/KalwariaPakosc\/\" \/>\n<meta property=\"article:published_time\" content=\"2022-03-28T19:01:25+00:00\" \/>\n<meta property=\"article:modified_time\" content=\"2022-03-28T19:20:25+00:00\" \/>\n<meta property=\"og:image\" content=\"https:\/\/pakosc-kalwaria.franciszkanie.net\/wp-content\/uploads\/2022\/03\/jezus-i-maryja.jpg\" \/>\n\t<meta property=\"og:image:width\" content=\"300\" \/>\n\t<meta property=\"og:image:height\" content=\"214\" \/>\n\t<meta property=\"og:image:type\" content=\"image\/jpeg\" \/>\n<meta name=\"twitter:card\" content=\"summary\" \/>\n<meta name=\"twitter:label1\" content=\"Napisane przez\" \/>\n\t<meta name=\"twitter:data1\" content=\"pakosc-kalwaria\" \/>\n\t<meta name=\"twitter:label2\" content=\"Szacowany czas czytania\" \/>\n\t<meta name=\"twitter:data2\" content=\"1 minuta\" \/>\n<script type=\"application\/ld+json\" class=\"yoast-schema-graph\">{\"@context\":\"https:\/\/schema.org\",\"@graph\":[{\"@type\":\"WebSite\",\"@id\":\"https:\/\/pakosc-kalwaria.franciszkanie.net\/#website\",\"url\":\"https:\/\/pakosc-kalwaria.franciszkanie.net\/\",\"name\":\"Pako\u015b\u0107 \u2013 Kalwaria\",\"description\":\"Parafia Rzymsko \u2013 Katolicka p.w. Pana Jezusa Ukrzy\u017cowanego i  Matki Bo\u017cej Bolesnej ul. Barci\u0144ska 60, 88\u2013170 Pako\u015b\u0107 \u2013 Kalwaria\",\"potentialAction\":[{\"@type\":\"SearchAction\",\"target\":{\"@type\":\"EntryPoint\",\"urlTemplate\":\"https:\/\/pakosc-kalwaria.franciszkanie.net\/?s={search_term_string}\"},\"query-input\":\"required name=search_term_string\"}],\"inLanguage\":\"pl-PL\"},{\"@type\":\"ImageObject\",\"@id\":\"https:\/\/pakosc-kalwaria.franciszkanie.net\/index.php\/2022\/03\/28\/dni-odnowy-wewnetrznej-kwiecien-2022\/#primaryimage\",\"inLanguage\":\"pl-PL\",\"url\":\"https:\/\/pakosc-kalwaria.franciszkanie.net\/wp-content\/uploads\/2022\/03\/jezus-i-maryja.jpg\",\"contentUrl\":\"https:\/\/pakosc-kalwaria.franciszkanie.net\/wp-content\/uploads\/2022\/03\/jezus-i-maryja.jpg\",\"width\":300,\"height\":214},{\"@type\":\"WebPage\",\"@id\":\"https:\/\/pakosc-kalwaria.franciszkanie.net\/index.php\/2022\/03\/28\/dni-odnowy-wewnetrznej-kwiecien-2022\/#webpage\",\"url\":\"https:\/\/pakosc-kalwaria.franciszkanie.net\/index.php\/2022\/03\/28\/dni-odnowy-wewnetrznej-kwiecien-2022\/\",\"name\":\"Dni Odnowy Wewn\u0119trznej - kwiecie\u0144 2022 - Pako\u015b\u0107 \u2013 Kalwaria\",\"isPartOf\":{\"@id\":\"https:\/\/pakosc-kalwaria.franciszkanie.net\/#website\"},\"primaryImageOfPage\":{\"@id\":\"https:\/\/pakosc-kalwaria.franciszkanie.net\/index.php\/2022\/03\/28\/dni-odnowy-wewnetrznej-kwiecien-2022\/#primaryimage\"},\"datePublished\":\"2022-03-28T19:01:25+00:00\",\"dateModified\":\"2022-03-28T19:20:25+00:00\",\"author\":{\"@id\":\"https:\/\/pakosc-kalwaria.franciszkanie.net\/#\/schema\/person\/af10b943be0760709227d060eadcb2aa\"},\"breadcrumb\":{\"@id\":\"https:\/\/pakosc-kalwaria.franciszkanie.net\/index.php\/2022\/03\/28\/dni-odnowy-wewnetrznej-kwiecien-2022\/#breadcrumb\"},\"inLanguage\":\"pl-PL\",\"potentialAction\":[{\"@type\":\"ReadAction\",\"target\":[\"https:\/\/pakosc-kalwaria.franciszkanie.net\/index.php\/2022\/03\/28\/dni-odnowy-wewnetrznej-kwiecien-2022\/\"]}]},{\"@type\":\"BreadcrumbList\",\"@id\":\"https:\/\/pakosc-kalwaria.franciszkanie.net\/index.php\/2022\/03\/28\/dni-odnowy-wewnetrznej-kwiecien-2022\/#breadcrumb\",\"itemListElement\":[{\"@type\":\"ListItem\",\"position\":1,\"name\":\"Strona g\u0142\u00f3wna\",\"item\":\"https:\/\/pakosc-kalwaria.franciszkanie.net\/\"},{\"@type\":\"ListItem\",\"position\":2,\"name\":\"Dni Odnowy Wewn\u0119trznej &#8211; kwiecie\u0144 2022\"}]},{\"@type\":\"Person\",\"@id\":\"https:\/\/pakosc-kalwaria.franciszkanie.net\/#\/schema\/person\/af10b943be0760709227d060eadcb2aa\",\"name\":\"pakosc-kalwaria\",\"image\":{\"@type\":\"ImageObject\",\"@id\":\"https:\/\/pakosc-kalwaria.franciszkanie.net\/#personlogo\",\"inLanguage\":\"pl-PL\",\"url\":\"https:\/\/secure.gravatar.com\/avatar\/e7049d338b55eac6a0027ff3218b8d02?s=96&d=mm&r=g\",\"contentUrl\":\"https:\/\/secure.gravatar.com\/avatar\/e7049d338b55eac6a0027ff3218b8d02?s=96&d=mm&r=g\",\"caption\":\"pakosc-kalwaria\"},\"sameAs\":[\"https:\/\/www.facebook.com\/KalwariaPakosc\/\"],\"url\":\"https:\/\/pakosc-kalwaria.franciszkanie.net\/index.php\/author\/pakosc-kalwaria\/\"}]}<\/script>\n<!-- \/ Yoast SEO plugin. -->","yoast_head_json":{"title":"Dni Odnowy Wewn\u0119trznej - kwiecie\u0144 2022 - Pako\u015b\u0107 \u2013 Kalwaria","robots":{"index":"index","follow":"follow","max-snippet":"max-snippet:-1","max-image-preview":"max-image-preview:large","max-video-preview":"max-video-preview:-1"},"canonical":"https:\/\/pakosc-kalwaria.franciszkanie.net\/index.php\/2022\/03\/28\/dni-odnowy-wewnetrznej-kwiecien-2022\/","og_locale":"pl_PL","og_type":"article","og_title":"Dni Odnowy Wewn\u0119trznej - kwiecie\u0144 2022 - Pako\u015b\u0107 \u2013 Kalwaria","og_description":"Zach\u0119camy w Rodzinach do comiesi\u0119cznej Spowiedzi \u015bwi\u0119tej oraz do pierwszopi\u0105tkowej Komunii \u015bwi\u0119tej PIERWSZY\u00a0 PI\u0104TEK\u00a0 MIESI\u0104CA \u2013 1 kwietnia 2022r. Komunia \u015bw. wynagradzaj\u0105ca Naj\u015bwi\u0119tszemu Sercu Pana Jezusa 9.00, 16.30, 19.00 \u00a0\u2013 Droga Krzy\u017cowa na Kalwarii 10.15 \u2013 Spowied\u017a \u015bwi\u0119ta 10.15 \u2013 Msza \u015bwi\u0119ta\u00a0 16.30 \u2013 Spowied\u017a \u015bwi\u0119ta 17.00 \u2013 Droga Krzy\u017cowa w ko\u015bciele 17.30 \u2013 Spowied\u017a &hellip;","og_url":"https:\/\/pakosc-kalwaria.franciszkanie.net\/index.php\/2022\/03\/28\/dni-odnowy-wewnetrznej-kwiecien-2022\/","og_site_name":"Pako\u015b\u0107 \u2013 Kalwaria","article_author":"https:\/\/www.facebook.com\/KalwariaPakosc\/","article_published_time":"2022-03-28T19:01:25+00:00","article_modified_time":"2022-03-28T19:20:25+00:00","og_image":[{"width":300,"height":214,"url":"https:\/\/pakosc-kalwaria.franciszkanie.net\/wp-content\/uploads\/2022\/03\/jezus-i-maryja.jpg","type":"image\/jpeg"}],"twitter_card":"summary","twitter_misc":{"Napisane przez":"pakosc-kalwaria","Szacowany czas czytania":"1 minuta"},"schema":{"@context":"https:\/\/schema.org","@graph":[{"@type":"WebSite","@id":"https:\/\/pakosc-kalwaria.franciszkanie.net\/#website","url":"https:\/\/pakosc-kalwaria.franciszkanie.net\/","name":"Pako\u015b\u0107 \u2013 Kalwaria","description":"Parafia Rzymsko \u2013 Katolicka p.w. Pana Jezusa Ukrzy\u017cowanego i  Matki Bo\u017cej Bolesnej ul. Barci\u0144ska 60, 88\u2013170 Pako\u015b\u0107 \u2013 Kalwaria","potentialAction":[{"@type":"SearchAction","target":{"@type":"EntryPoint","urlTemplate":"https:\/\/pakosc-kalwaria.franciszkanie.net\/?s={search_term_string}"},"query-input":"required name=search_term_string"}],"inLanguage":"pl-PL"},{"@type":"ImageObject","@id":"https:\/\/pakosc-kalwaria.franciszkanie.net\/index.php\/2022\/03\/28\/dni-odnowy-wewnetrznej-kwiecien-2022\/#primaryimage","inLanguage":"pl-PL","url":"https:\/\/pakosc-kalwaria.franciszkanie.net\/wp-content\/uploads\/2022\/03\/jezus-i-maryja.jpg","contentUrl":"https:\/\/pakosc-kalwaria.franciszkanie.net\/wp-content\/uploads\/2022\/03\/jezus-i-maryja.jpg","width":300,"height":214},{"@type":"WebPage","@id":"https:\/\/pakosc-kalwaria.franciszkanie.net\/index.php\/2022\/03\/28\/dni-odnowy-wewnetrznej-kwiecien-2022\/#webpage","url":"https:\/\/pakosc-kalwaria.franciszkanie.net\/index.php\/2022\/03\/28\/dni-odnowy-wewnetrznej-kwiecien-2022\/","name":"Dni Odnowy Wewn\u0119trznej - kwiecie\u0144 2022 - Pako\u015b\u0107 \u2013 Kalwaria","isPartOf":{"@id":"https:\/\/pakosc-kalwaria.franciszkanie.net\/#website"},"primaryImageOfPage":{"@id":"https:\/\/pakosc-kalwaria.franciszkanie.net\/index.php\/2022\/03\/28\/dni-odnowy-wewnetrznej-kwiecien-2022\/#primaryimage"},"datePublished":"2022-03-28T19:01:25+00:00","dateModified":"2022-03-28T19:20:25+00:00","author":{"@id":"https:\/\/pakosc-kalwaria.franciszkanie.net\/#\/schema\/person\/af10b943be0760709227d060eadcb2aa"},"breadcrumb":{"@id":"https:\/\/pakosc-kalwaria.franciszkanie.net\/index.php\/2022\/03\/28\/dni-odnowy-wewnetrznej-kwiecien-2022\/#breadcrumb"},"inLanguage":"pl-PL","potentialAction":[{"@type":"ReadAction","target":["https:\/\/pakosc-kalwaria.franciszkanie.net\/index.php\/2022\/03\/28\/dni-odnowy-wewnetrznej-kwiecien-2022\/"]}]},{"@type":"BreadcrumbList","@id":"https:\/\/pakosc-kalwaria.franciszkanie.net\/index.php\/2022\/03\/28\/dni-odnowy-wewnetrznej-kwiecien-2022\/#breadcrumb","itemListElement":[{"@type":"ListItem","position":1,"name":"Strona g\u0142\u00f3wna","item":"https:\/\/pakosc-kalwaria.franciszkanie.net\/"},{"@type":"ListItem","position":2,"name":"Dni Odnowy Wewn\u0119trznej &#8211; kwiecie\u0144 2022"}]},{"@type":"Person","@id":"https:\/\/pakosc-kalwaria.franciszkanie.net\/#\/schema\/person\/af10b943be0760709227d060eadcb2aa","name":"pakosc-kalwaria","image":{"@type":"ImageObject","@id":"https:\/\/pakosc-kalwaria.franciszkanie.net\/#personlogo","inLanguage":"pl-PL","url":"https:\/\/secure.gravatar.com\/avatar\/e7049d338b55eac6a0027ff3218b8d02?s=96&d=mm&r=g","contentUrl":"https:\/\/secure.gravatar.com\/avatar\/e7049d338b55eac6a0027ff3218b8d02?s=96&d=mm&r=g","caption":"pakosc-kalwaria"},"sameAs":["https:\/\/www.facebook.com\/KalwariaPakosc\/"],"url":"https:\/\/pakosc-kalwaria.franciszkanie.net\/index.php\/author\/pakosc-kalwaria\/"}]}},"_links":{"self":[{"href":"https:\/\/pakosc-kalwaria.franciszkanie.net\/index.php\/wp-json\/wp\/v2\/posts\/22308"}],"collection":[{"href":"https:\/\/pakosc-kalwaria.franciszkanie.net\/index.php\/wp-json\/wp\/v2\/posts"}],"about":[{"href":"https:\/\/pakosc-kalwaria.franciszkanie.net\/index.php\/wp-json\/wp\/v2\/types\/post"}],"author":[{"embeddable":true,"href":"https:\/\/pakosc-kalwaria.franciszkanie.net\/index.php\/wp-json\/wp\/v2\/users\/2"}],"replies":[{"embeddable":true,"href":"https:\/\/pakosc-kalwaria.franciszkanie.net\/index.php\/wp-json\/wp\/v2\/comments?post=22308"}],"version-history":[{"count":2,"href":"https:\/\/pakosc-kalwaria.franciszkanie.net\/index.php\/wp-json\/wp\/v2\/posts\/22308\/revisions"}],"predecessor-version":[{"id":22319,"href":"https:\/\/pakosc-kalwaria.franciszkanie.net\/index.php\/wp-json\/wp\/v2\/posts\/22308\/revisions\/22319"}],"wp:featuredmedia":[{"embeddable":true,"href":"https:\/\/pakosc-kalwaria.franciszkanie.net\/index.php\/wp-json\/wp\/v2\/media\/22309"}],"wp:attachment":[{"href":"https:\/\/pakosc-kalwaria.franciszkanie.net\/index.php\/wp-json\/wp\/v2\/media?parent=22308"}],"wp:term":[{"taxonomy":"category","embeddable":true,"href":"https:\/\/pakosc-kalwaria.franciszkanie.net\/index.php\/wp-json\/wp\/v2\/categories?post=22308"},{"taxonomy":"post_tag","embeddable":true,"href":"https:\/\/pakosc-kalwaria.franciszkanie.net\/index.php\/wp-json\/wp\/v2\/tags?post=22308"}],"curies":[{"name":"wp","href":"https:\/\/api.w.org\/{rel}","templated":true}]}}