{"id":22320,"date":"2022-04-01T15:10:40","date_gmt":"2022-04-01T13:10:40","guid":{"rendered":"http:\/\/pakosc-kalwaria.franciszkanie.net\/?p=22320"},"modified":"2022-04-08T14:54:47","modified_gmt":"2022-04-08T12:54:47","slug":"papieska-intencja-apostolstwa-modlitwy-kwiecien-2022","status":"publish","type":"post","link":"https:\/\/pakosc-kalwaria.franciszkanie.net\/index.php\/2022\/04\/01\/papieska-intencja-apostolstwa-modlitwy-kwiecien-2022\/","title":{"rendered":"Papieska Intencja Apostolstwa Modlitwy \u2013 Kwiecie\u0144 2022"},"content":{"rendered":"<p><span style=\"color: #ff0000;\"><strong>Intencja:<\/strong> <\/span><strong><span style=\"color: #ff0000;\">Za pracownik\u00f3w s\u0142u\u017cby zdrowia.<\/span><br \/>\n<\/strong><strong>M\u00f3dlmy si\u0119, aby zaanga\u017cowanie pracownik\u00f3w s\u0142u\u017cby zdrowia w opiek\u0119 nad osobami chorymi i starszymi, szczeg\u00f3lnie w krajach najubo\u017cszych, by\u0142o wspierane przez rz\u0105dy i lokalne wsp\u00f3lnoty.<\/strong><\/p>\n<p><strong>\u017bywy R\u00f3\u017caniec w naszej Parafii modli si\u0119 <span style=\"color: #ff0000;\">w kwietniu wed\u0142ug \u201ezestawu nr 5\u201d.<\/span><br \/>\nZach\u0119camy do w\u0142\u0105czenia si\u0119 w \u017bywy R\u00f3\u017caniec w naszej kalwaryjskiej Parafii. Powstaje <span style=\"color: #ff0000;\">R\u00f3\u017ca R\u00f3\u017ca\u0144cowa pod wezwaniem Matki Bo\u017cej Cz\u0119stochowskiej<\/span> (brakuje jeszzce 5 os\u00f3b).<\/strong><\/p>\n<p>&nbsp;<\/p>\n<p>W ksi\u0105\u017cce <em>Powr\u00f3\u0107my do marze\u0144. Droga ku lepszej przysz\u0142o\u015bci<\/em> papie\u017c Franciszek wspomina sw\u00f3j pobyt w szpitalu jeszcze w czasach seminarium. Z imienia i nazwiska zapami\u0119ta\u0142 dwie piel\u0119gniarki, kt\u00f3rych pomoc okaza\u0142a si\u0119 wr\u0119cz opatrzno\u015bciowa. Pierwsza, widz\u0105c jego stan, podwoi\u0142a dawk\u0119 \u015brodk\u00f3w, kt\u00f3re przepisa\u0142 lekarz. Papie\u017c wyznaje: <em>Wiedzia\u0142a, \u017ce umieram. <strong>Ona uratowa\u0142a mi \u017cycie<\/strong><strong>. <\/strong>Ze swojego do\u015bwiadczenia, dzi\u0119ki regularnym kontaktom z chorymi, lepiej ni\u017c lekarz rozumia\u0142a, czego potrzebuj\u0105, i mia\u0142a odwag\u0119 dzia\u0142a\u0107 w oparciu o swoj\u0105 wiedz\u0119<\/em>. Druga, w sytuacji niezno\u015bnego b\u00f3lu, ratowa\u0142a \u00f3wczesnego kleryka \u015brodkami przeciwb\u00f3lowymi. Po wielu latach nie tylko modli si\u0119 za nie jako papie\u017c. Wprost przyznaje: <em>Uczy\u0142y mnie, co to znaczy korzysta\u0107 z\u00a0nauki, ale tak\u017ce wiedzie\u0107, kiedy wyj\u015b\u0107 poza ni\u0105, by zaspokoi\u0107 okre\u015blone potrzeby<\/em>.<\/p>\n<p>W kwietniu, miesi\u0105cu, w kt\u00f3rym rozwa\u017camy m\u0119k\u0119 Pana Jezusa i Jego zmartwychwstanie, papie\u017c Franciszek prosi nas o modlitw\u0119 za pracownik\u00f3w s\u0142u\u017cby zdrowia, kt\u00f3rzy opiekuj\u0105 si\u0119 osobami chorymi i starszymi. Jak Weronika zwyczajn\u0105 chust\u0105 potrafi\u0142a pom\u00f3c Jezusowi na drodze krzy\u017cowej, tak ka\u017cdy cz\u0142owiek mo\u017ce okaza\u0107 serce drugiemu w potrzebie. Pracownicy s\u0142u\u017cby zdrowia codziennie spotykaj\u0105 chorych, codziennie s\u0105 \u015bwiadkami kolejnych etap\u00f3w ich osobistej drogi krzy\u017ca. Ludzie starsi, do\u015bwiadczeni chorob\u0105, cz\u0119sto bywaj\u0105 wr\u0119cz bezradni, s\u0105 zdani na pomoc innych. Dlatego tak cenna jest wra\u017cliwo\u015b\u0107 personelu medycznego, kt\u00f3ry pr\u00f3cz kompetencji zawodowych umie w pacjencie zobaczy\u0107 najpierw cz\u0142owieka, a potem jego chorob\u0119. Ka\u017cdy gest serca w takiej sytuacji budzi nadziej\u0119. Mo\u017ce nie tylko przywraca\u0107 zdrowie fizyczne, ale i duchowe si\u0142y do dalszego \u017cycia. Zgodnie z papiesk\u0105 intencj\u0105 m\u00f3dlmy si\u0119 zatem, aby to zaanga\u017cowanie pracownik\u00f3w s\u0142u\u017cby zdrowia by\u0142o odpowiednio wspierane przez rz\u0105dy i lokalne wsp\u00f3lnoty, zw\u0142aszcza w krajach najubo\u017cszych.<br \/>\n\/am.polska\/<\/p>\n","protected":false},"excerpt":{"rendered":"<p>Intencja: Za pracownik\u00f3w s\u0142u\u017cby zdrowia. M\u00f3dlmy si\u0119, aby zaanga\u017cowanie pracownik\u00f3w s\u0142u\u017cby zdrowia w opiek\u0119 nad osobami chorymi i starszymi, szczeg\u00f3lnie w krajach najubo\u017cszych, by\u0142o wspierane przez rz\u0105dy i lokalne wsp\u00f3lnoty. \u017bywy R\u00f3\u017caniec w naszej Parafii modli si\u0119 w kwietniu wed\u0142ug \u201ezestawu nr 5\u201d. Zach\u0119camy do w\u0142\u0105czenia si\u0119 w \u017bywy R\u00f3\u017caniec w naszej kalwaryjskiej Parafii. Powstaje &hellip;<\/p>\n","protected":false},"author":2,"featured_media":22321,"comment_status":"closed","ping_status":"closed","sticky":false,"template":"","format":"standard","meta":{"_mi_skip_tracking":false,"_exactmetrics_sitenote_active":false,"_exactmetrics_sitenote_note":"","_exactmetrics_sitenote_category":0},"categories":[14,6],"tags":[],"yoast_head":"<!-- This site is optimized with the Yoast SEO plugin v18.1 - https:\/\/yoast.com\/wordpress\/plugins\/seo\/ -->\n<title>Papieska Intencja Apostolstwa Modlitwy \u2013 Kwiecie\u0144 2022 - Pako\u015b\u0107 \u2013 Kalwaria<\/title>\n<meta name=\"robots\" content=\"index, follow, max-snippet:-1, max-image-preview:large, max-video-preview:-1\" \/>\n<link rel=\"canonical\" href=\"https:\/\/pakosc-kalwaria.franciszkanie.net\/index.php\/2022\/04\/01\/papieska-intencja-apostolstwa-modlitwy-kwiecien-2022\/\" \/>\n<meta property=\"og:locale\" content=\"pl_PL\" \/>\n<meta property=\"og:type\" content=\"article\" \/>\n<meta property=\"og:title\" content=\"Papieska Intencja Apostolstwa Modlitwy \u2013 Kwiecie\u0144 2022 - Pako\u015b\u0107 \u2013 Kalwaria\" \/>\n<meta property=\"og:description\" content=\"Intencja: Za pracownik\u00f3w s\u0142u\u017cby zdrowia. M\u00f3dlmy si\u0119, aby zaanga\u017cowanie pracownik\u00f3w s\u0142u\u017cby zdrowia w opiek\u0119 nad osobami chorymi i starszymi, szczeg\u00f3lnie w krajach najubo\u017cszych, by\u0142o wspierane przez rz\u0105dy i lokalne wsp\u00f3lnoty. \u017bywy R\u00f3\u017caniec w naszej Parafii modli si\u0119 w kwietniu wed\u0142ug \u201ezestawu nr 5\u201d. Zach\u0119camy do w\u0142\u0105czenia si\u0119 w \u017bywy R\u00f3\u017caniec w naszej kalwaryjskiej Parafii. Powstaje &hellip;\" \/>\n<meta property=\"og:url\" content=\"https:\/\/pakosc-kalwaria.franciszkanie.net\/index.php\/2022\/04\/01\/papieska-intencja-apostolstwa-modlitwy-kwiecien-2022\/\" \/>\n<meta property=\"og:site_name\" content=\"Pako\u015b\u0107 \u2013 Kalwaria\" \/>\n<meta property=\"article:author\" content=\"https:\/\/www.facebook.com\/KalwariaPakosc\/\" \/>\n<meta property=\"article:published_time\" content=\"2022-04-01T13:10:40+00:00\" \/>\n<meta property=\"article:modified_time\" content=\"2022-04-08T12:54:47+00:00\" \/>\n<meta property=\"og:image\" content=\"https:\/\/pakosc-kalwaria.franciszkanie.net\/wp-content\/uploads\/2022\/03\/papa-francesco.jpg\" \/>\n\t<meta property=\"og:image:width\" content=\"300\" \/>\n\t<meta property=\"og:image:height\" content=\"200\" \/>\n\t<meta property=\"og:image:type\" content=\"image\/jpeg\" \/>\n<meta name=\"twitter:card\" content=\"summary\" \/>\n<meta name=\"twitter:label1\" content=\"Napisane przez\" \/>\n\t<meta name=\"twitter:data1\" content=\"pakosc-kalwaria\" \/>\n\t<meta name=\"twitter:label2\" content=\"Szacowany czas czytania\" \/>\n\t<meta name=\"twitter:data2\" content=\"1 minuta\" \/>\n<script type=\"application\/ld+json\" class=\"yoast-schema-graph\">{\"@context\":\"https:\/\/schema.org\",\"@graph\":[{\"@type\":\"WebSite\",\"@id\":\"https:\/\/pakosc-kalwaria.franciszkanie.net\/#website\",\"url\":\"https:\/\/pakosc-kalwaria.franciszkanie.net\/\",\"name\":\"Pako\u015b\u0107 \u2013 Kalwaria\",\"description\":\"Parafia Rzymsko \u2013 Katolicka p.w. Pana Jezusa Ukrzy\u017cowanego i  Matki Bo\u017cej Bolesnej ul. Barci\u0144ska 60, 88\u2013170 Pako\u015b\u0107 \u2013 Kalwaria\",\"potentialAction\":[{\"@type\":\"SearchAction\",\"target\":{\"@type\":\"EntryPoint\",\"urlTemplate\":\"https:\/\/pakosc-kalwaria.franciszkanie.net\/?s={search_term_string}\"},\"query-input\":\"required name=search_term_string\"}],\"inLanguage\":\"pl-PL\"},{\"@type\":\"ImageObject\",\"@id\":\"https:\/\/pakosc-kalwaria.franciszkanie.net\/index.php\/2022\/04\/01\/papieska-intencja-apostolstwa-modlitwy-kwiecien-2022\/#primaryimage\",\"inLanguage\":\"pl-PL\",\"url\":\"https:\/\/pakosc-kalwaria.franciszkanie.net\/wp-content\/uploads\/2022\/03\/papa-francesco.jpg\",\"contentUrl\":\"https:\/\/pakosc-kalwaria.franciszkanie.net\/wp-content\/uploads\/2022\/03\/papa-francesco.jpg\",\"width\":300,\"height\":200},{\"@type\":\"WebPage\",\"@id\":\"https:\/\/pakosc-kalwaria.franciszkanie.net\/index.php\/2022\/04\/01\/papieska-intencja-apostolstwa-modlitwy-kwiecien-2022\/#webpage\",\"url\":\"https:\/\/pakosc-kalwaria.franciszkanie.net\/index.php\/2022\/04\/01\/papieska-intencja-apostolstwa-modlitwy-kwiecien-2022\/\",\"name\":\"Papieska Intencja Apostolstwa Modlitwy \u2013 Kwiecie\u0144 2022 - Pako\u015b\u0107 \u2013 Kalwaria\",\"isPartOf\":{\"@id\":\"https:\/\/pakosc-kalwaria.franciszkanie.net\/#website\"},\"primaryImageOfPage\":{\"@id\":\"https:\/\/pakosc-kalwaria.franciszkanie.net\/index.php\/2022\/04\/01\/papieska-intencja-apostolstwa-modlitwy-kwiecien-2022\/#primaryimage\"},\"datePublished\":\"2022-04-01T13:10:40+00:00\",\"dateModified\":\"2022-04-08T12:54:47+00:00\",\"author\":{\"@id\":\"https:\/\/pakosc-kalwaria.franciszkanie.net\/#\/schema\/person\/af10b943be0760709227d060eadcb2aa\"},\"breadcrumb\":{\"@id\":\"https:\/\/pakosc-kalwaria.franciszkanie.net\/index.php\/2022\/04\/01\/papieska-intencja-apostolstwa-modlitwy-kwiecien-2022\/#breadcrumb\"},\"inLanguage\":\"pl-PL\",\"potentialAction\":[{\"@type\":\"ReadAction\",\"target\":[\"https:\/\/pakosc-kalwaria.franciszkanie.net\/index.php\/2022\/04\/01\/papieska-intencja-apostolstwa-modlitwy-kwiecien-2022\/\"]}]},{\"@type\":\"BreadcrumbList\",\"@id\":\"https:\/\/pakosc-kalwaria.franciszkanie.net\/index.php\/2022\/04\/01\/papieska-intencja-apostolstwa-modlitwy-kwiecien-2022\/#breadcrumb\",\"itemListElement\":[{\"@type\":\"ListItem\",\"position\":1,\"name\":\"Strona g\u0142\u00f3wna\",\"item\":\"https:\/\/pakosc-kalwaria.franciszkanie.net\/\"},{\"@type\":\"ListItem\",\"position\":2,\"name\":\"Papieska Intencja Apostolstwa Modlitwy \u2013 Kwiecie\u0144 2022\"}]},{\"@type\":\"Person\",\"@id\":\"https:\/\/pakosc-kalwaria.franciszkanie.net\/#\/schema\/person\/af10b943be0760709227d060eadcb2aa\",\"name\":\"pakosc-kalwaria\",\"image\":{\"@type\":\"ImageObject\",\"@id\":\"https:\/\/pakosc-kalwaria.franciszkanie.net\/#personlogo\",\"inLanguage\":\"pl-PL\",\"url\":\"https:\/\/secure.gravatar.com\/avatar\/e7049d338b55eac6a0027ff3218b8d02?s=96&d=mm&r=g\",\"contentUrl\":\"https:\/\/secure.gravatar.com\/avatar\/e7049d338b55eac6a0027ff3218b8d02?s=96&d=mm&r=g\",\"caption\":\"pakosc-kalwaria\"},\"sameAs\":[\"https:\/\/www.facebook.com\/KalwariaPakosc\/\"],\"url\":\"https:\/\/pakosc-kalwaria.franciszkanie.net\/index.php\/author\/pakosc-kalwaria\/\"}]}<\/script>\n<!-- \/ Yoast SEO plugin. -->","yoast_head_json":{"title":"Papieska Intencja Apostolstwa Modlitwy \u2013 Kwiecie\u0144 2022 - Pako\u015b\u0107 \u2013 Kalwaria","robots":{"index":"index","follow":"follow","max-snippet":"max-snippet:-1","max-image-preview":"max-image-preview:large","max-video-preview":"max-video-preview:-1"},"canonical":"https:\/\/pakosc-kalwaria.franciszkanie.net\/index.php\/2022\/04\/01\/papieska-intencja-apostolstwa-modlitwy-kwiecien-2022\/","og_locale":"pl_PL","og_type":"article","og_title":"Papieska Intencja Apostolstwa Modlitwy \u2013 Kwiecie\u0144 2022 - Pako\u015b\u0107 \u2013 Kalwaria","og_description":"Intencja: Za pracownik\u00f3w s\u0142u\u017cby zdrowia. M\u00f3dlmy si\u0119, aby zaanga\u017cowanie pracownik\u00f3w s\u0142u\u017cby zdrowia w opiek\u0119 nad osobami chorymi i starszymi, szczeg\u00f3lnie w krajach najubo\u017cszych, by\u0142o wspierane przez rz\u0105dy i lokalne wsp\u00f3lnoty. \u017bywy R\u00f3\u017caniec w naszej Parafii modli si\u0119 w kwietniu wed\u0142ug \u201ezestawu nr 5\u201d. Zach\u0119camy do w\u0142\u0105czenia si\u0119 w \u017bywy R\u00f3\u017caniec w naszej kalwaryjskiej Parafii. Powstaje &hellip;","og_url":"https:\/\/pakosc-kalwaria.franciszkanie.net\/index.php\/2022\/04\/01\/papieska-intencja-apostolstwa-modlitwy-kwiecien-2022\/","og_site_name":"Pako\u015b\u0107 \u2013 Kalwaria","article_author":"https:\/\/www.facebook.com\/KalwariaPakosc\/","article_published_time":"2022-04-01T13:10:40+00:00","article_modified_time":"2022-04-08T12:54:47+00:00","og_image":[{"width":300,"height":200,"url":"https:\/\/pakosc-kalwaria.franciszkanie.net\/wp-content\/uploads\/2022\/03\/papa-francesco.jpg","type":"image\/jpeg"}],"twitter_card":"summary","twitter_misc":{"Napisane przez":"pakosc-kalwaria","Szacowany czas czytania":"1 minuta"},"schema":{"@context":"https:\/\/schema.org","@graph":[{"@type":"WebSite","@id":"https:\/\/pakosc-kalwaria.franciszkanie.net\/#website","url":"https:\/\/pakosc-kalwaria.franciszkanie.net\/","name":"Pako\u015b\u0107 \u2013 Kalwaria","description":"Parafia Rzymsko \u2013 Katolicka p.w. Pana Jezusa Ukrzy\u017cowanego i  Matki Bo\u017cej Bolesnej ul. Barci\u0144ska 60, 88\u2013170 Pako\u015b\u0107 \u2013 Kalwaria","potentialAction":[{"@type":"SearchAction","target":{"@type":"EntryPoint","urlTemplate":"https:\/\/pakosc-kalwaria.franciszkanie.net\/?s={search_term_string}"},"query-input":"required name=search_term_string"}],"inLanguage":"pl-PL"},{"@type":"ImageObject","@id":"https:\/\/pakosc-kalwaria.franciszkanie.net\/index.php\/2022\/04\/01\/papieska-intencja-apostolstwa-modlitwy-kwiecien-2022\/#primaryimage","inLanguage":"pl-PL","url":"https:\/\/pakosc-kalwaria.franciszkanie.net\/wp-content\/uploads\/2022\/03\/papa-francesco.jpg","contentUrl":"https:\/\/pakosc-kalwaria.franciszkanie.net\/wp-content\/uploads\/2022\/03\/papa-francesco.jpg","width":300,"height":200},{"@type":"WebPage","@id":"https:\/\/pakosc-kalwaria.franciszkanie.net\/index.php\/2022\/04\/01\/papieska-intencja-apostolstwa-modlitwy-kwiecien-2022\/#webpage","url":"https:\/\/pakosc-kalwaria.franciszkanie.net\/index.php\/2022\/04\/01\/papieska-intencja-apostolstwa-modlitwy-kwiecien-2022\/","name":"Papieska Intencja Apostolstwa Modlitwy \u2013 Kwiecie\u0144 2022 - Pako\u015b\u0107 \u2013 Kalwaria","isPartOf":{"@id":"https:\/\/pakosc-kalwaria.franciszkanie.net\/#website"},"primaryImageOfPage":{"@id":"https:\/\/pakosc-kalwaria.franciszkanie.net\/index.php\/2022\/04\/01\/papieska-intencja-apostolstwa-modlitwy-kwiecien-2022\/#primaryimage"},"datePublished":"2022-04-01T13:10:40+00:00","dateModified":"2022-04-08T12:54:47+00:00","author":{"@id":"https:\/\/pakosc-kalwaria.franciszkanie.net\/#\/schema\/person\/af10b943be0760709227d060eadcb2aa"},"breadcrumb":{"@id":"https:\/\/pakosc-kalwaria.franciszkanie.net\/index.php\/2022\/04\/01\/papieska-intencja-apostolstwa-modlitwy-kwiecien-2022\/#breadcrumb"},"inLanguage":"pl-PL","potentialAction":[{"@type":"ReadAction","target":["https:\/\/pakosc-kalwaria.franciszkanie.net\/index.php\/2022\/04\/01\/papieska-intencja-apostolstwa-modlitwy-kwiecien-2022\/"]}]},{"@type":"BreadcrumbList","@id":"https:\/\/pakosc-kalwaria.franciszkanie.net\/index.php\/2022\/04\/01\/papieska-intencja-apostolstwa-modlitwy-kwiecien-2022\/#breadcrumb","itemListElement":[{"@type":"ListItem","position":1,"name":"Strona g\u0142\u00f3wna","item":"https:\/\/pakosc-kalwaria.franciszkanie.net\/"},{"@type":"ListItem","position":2,"name":"Papieska Intencja Apostolstwa Modlitwy \u2013 Kwiecie\u0144 2022"}]},{"@type":"Person","@id":"https:\/\/pakosc-kalwaria.franciszkanie.net\/#\/schema\/person\/af10b943be0760709227d060eadcb2aa","name":"pakosc-kalwaria","image":{"@type":"ImageObject","@id":"https:\/\/pakosc-kalwaria.franciszkanie.net\/#personlogo","inLanguage":"pl-PL","url":"https:\/\/secure.gravatar.com\/avatar\/e7049d338b55eac6a0027ff3218b8d02?s=96&d=mm&r=g","contentUrl":"https:\/\/secure.gravatar.com\/avatar\/e7049d338b55eac6a0027ff3218b8d02?s=96&d=mm&r=g","caption":"pakosc-kalwaria"},"sameAs":["https:\/\/www.facebook.com\/KalwariaPakosc\/"],"url":"https:\/\/pakosc-kalwaria.franciszkanie.net\/index.php\/author\/pakosc-kalwaria\/"}]}},"_links":{"self":[{"href":"https:\/\/pakosc-kalwaria.franciszkanie.net\/index.php\/wp-json\/wp\/v2\/posts\/22320"}],"collection":[{"href":"https:\/\/pakosc-kalwaria.franciszkanie.net\/index.php\/wp-json\/wp\/v2\/posts"}],"about":[{"href":"https:\/\/pakosc-kalwaria.franciszkanie.net\/index.php\/wp-json\/wp\/v2\/types\/post"}],"author":[{"embeddable":true,"href":"https:\/\/pakosc-kalwaria.franciszkanie.net\/index.php\/wp-json\/wp\/v2\/users\/2"}],"replies":[{"embeddable":true,"href":"https:\/\/pakosc-kalwaria.franciszkanie.net\/index.php\/wp-json\/wp\/v2\/comments?post=22320"}],"version-history":[{"count":6,"href":"https:\/\/pakosc-kalwaria.franciszkanie.net\/index.php\/wp-json\/wp\/v2\/posts\/22320\/revisions"}],"predecessor-version":[{"id":22353,"href":"https:\/\/pakosc-kalwaria.franciszkanie.net\/index.php\/wp-json\/wp\/v2\/posts\/22320\/revisions\/22353"}],"wp:featuredmedia":[{"embeddable":true,"href":"https:\/\/pakosc-kalwaria.franciszkanie.net\/index.php\/wp-json\/wp\/v2\/media\/22321"}],"wp:attachment":[{"href":"https:\/\/pakosc-kalwaria.franciszkanie.net\/index.php\/wp-json\/wp\/v2\/media?parent=22320"}],"wp:term":[{"taxonomy":"category","embeddable":true,"href":"https:\/\/pakosc-kalwaria.franciszkanie.net\/index.php\/wp-json\/wp\/v2\/categories?post=22320"},{"taxonomy":"post_tag","embeddable":true,"href":"https:\/\/pakosc-kalwaria.franciszkanie.net\/index.php\/wp-json\/wp\/v2\/tags?post=22320"}],"curies":[{"name":"wp","href":"https:\/\/api.w.org\/{rel}","templated":true}]}}