{"id":22329,"date":"2022-04-01T18:30:39","date_gmt":"2022-04-01T16:30:39","guid":{"rendered":"http:\/\/pakosc-kalwaria.franciszkanie.net\/?p=22329"},"modified":"2022-04-01T16:19:15","modified_gmt":"2022-04-01T14:19:15","slug":"do-medytacji-z-kalwaryjskiego-wzgorza-piatek-01-04-2022r","status":"publish","type":"post","link":"https:\/\/pakosc-kalwaria.franciszkanie.net\/index.php\/2022\/04\/01\/do-medytacji-z-kalwaryjskiego-wzgorza-piatek-01-04-2022r\/","title":{"rendered":"Do medytacji z kalwaryjskiego Wzg\u00f3rza \u2013 pi\u0105tek 01.04.2022r."},"content":{"rendered":"<p><strong><span style=\"color: #ff0000;\">Z kazania na kalwaryjskim Wzg\u00f3rzu \u2013 01.04.2022r.<\/span><\/strong><\/p>\n<p><strong>Modlitwa pokarmem duszy.<br \/>\n<\/strong>Trwamy w czasie naszego wielkopostnego nawr\u00f3cenia, do kt\u00f3rego wzywa nas B\u00f3g. Wa\u017cnym uczynkiem, kt\u00f3ry opr\u00f3cz postu i ja\u0142mu\u017cny, pomaga w owocnym prze\u017cyciu Wielkiego Postu to modlitwa. Ewangelie ukazuj\u0105 nam cz\u0119sto Jezusa, kt\u00f3ry nie tylko m\u00f3wi nam o potrzebie modlitwy, nie tylko uczy jak mamy si\u0119 modli\u0107, ale r\u00f3wnie\u017c sam praktykuje modlitw\u0119. To bardzo wa\u017cna wskaz\u00f3wka dla ka\u017cdego\u00a0 z nas. By\u0107 mo\u017ce w Wielkim Po\u015bcie, niekt\u00f3rzy z nas podj\u0119li jakie\u015b postanowienia zwi\u0105zane z modlitw\u0105? Mo\u017ce bardziej pilnujemy tego by si\u0119 cz\u0119\u015bciej, a nawet codziennie modli\u0107. I dobrze, \u017ce tak si\u0119 dzieje. Ale musimy pami\u0119ta\u0107, \u017ce modlitwa ma by\u0107 nasz\u0105 sta\u0142\u0105 praktyk\u0105 wynikaj\u0105c\u0105 z naszej wiary i mi\u0142o\u015bci do Boga, a nie tylko jakim\u015b wielkopostnym zrywem. Tak jak nie da si\u0119 naje\u015b\u0107 na jaki\u015b d\u0142u\u017cszy czas, tak nie da si\u0119 namodli\u0107 na zapas. Jak potrzebujmy jedzenia i codziennego pokarmu do w\u0142a\u015bciwego funkcjonowania cia\u0142a, tak potrzebujemy codziennej modlitwy do w\u0142a\u015bciwego funkcjonowania naszej duszy i do prowadzenia w\u0142a\u015bciwego chrze\u015bcija\u0144skiego \u017cycia. Ka\u017cdy kto dba o swoje zdrowie i zdrowie swojego cia\u0142a, dba tak\u017ce o w\u0142a\u015bciwe po\u017cywienie. Podobnie ka\u017cdy kto w\u0142a\u015bciwie dba o swoj\u0105 dusz\u0119, b\u0119dzie tak\u017ce dba\u0142 o w\u0142a\u015bciwy pokarm dla niej jakim jest modlitwa i p\u0142yn\u0105ce z niej od Boga \u0142aski.<br \/>\nModlitwa jest pokarmem duszy, bez kt\u00f3rego cz\u0142owiek wierz\u0105cy w Boga nie mo\u017ce w\u0142a\u015bciwie funkcjonowa\u0107 i dobrze \u017cy\u0107! Dlatego tak bardzo wa\u017cna jest regularno\u015b\u0107 w modlitwie. \u00a0 W modlitwie, co jest bardzo wa\u017cne, chodzi przede wszystkim o nasze zjednoczeniem z Bogiem, kt\u00f3ry jest naszym Ojcem. Modlitwa jest otwarciem naszego serca przed Bogiem i dla Boga. Jest wyznaniem naszej wiary w Boga i ukazaniem naszej mi\u0142o\u015bci do Niego. Modlitwa to czas, kt\u00f3ry ka\u017cdego dnia planujemy i przeznaczamy dla Boga w kt\u00f3rego wierzymy i kt\u00f3rego kochamy!<br \/>\n\u015aw. Faustyna w swoim Dzienniczku zapisa\u0142a: \u201eW jakimkolwiek dusza jest stanie, powinna si\u0119 modli\u0107. Musi si\u0119 modli\u0107 dusza czysta i pi\u0119kna, bo inaczej utraci\u0142aby swoj\u0105 pi\u0119kno\u015b\u0107;\u2026 musi si\u0119 modli\u0107 dusza co nawr\u00f3cona, bo inaczej upad\u0142aby z powrotem; musi si\u0119 modli\u0107 dusza grzeszna, pogr\u0105\u017cona w grzechach, aby mog\u0142a powsta\u0107. I nie ma duszy, kt\u00f3ra by nie by\u0142a zobowi\u0105zana do modlitwy, bo wszelka \u0142aska (czyli udzielania si\u0119 Boga cz\u0142owiekowi) sp\u0142ywa przez modlitw\u0119. Niech dusza wie, \u017ce aby si\u0119 modli\u0107 i wytrwa\u0107 w modlitwie, musi si\u0119 uzbroi\u0107 w cierpliwo\u015b\u0107 i m\u0119\u017cnie pokonywa\u0107 trudno\u015bci zewn\u0119trzne i wewn\u0119trzne\u2026 zniech\u0119cenie, osch\u0142o\u015b\u0107, oci\u0119\u017ca\u0142o\u015b\u0107, \u2026 wzgl\u0105d ludzki \u2013 i uszanowa\u0107 chwile, kt\u00f3re s\u0105 przeznaczone na modlitw\u0119\u2026\u201d. \u015aw. Faustyna pisz\u0105c o modlitwie podkre\u015bla\u0142a: \u201ePo chwilach modlitwy jestem nape\u0142niona si\u0142\u0105, dziwn\u0105 odwag\u0105 do cierpie\u0144 i walki, nic mnie nie przera\u017ca, chocia\u017cby ca\u0142y \u015bwiat by\u0142 przeciwko mnie\u2026, bo w mojej g\u0142\u0119bi mieszka B\u00f3g, kt\u00f3ry mnie umacnia, kt\u00f3ry mnie nape\u0142nia\u2026\u201d<br \/>\nPami\u0119tajmy, \u017ce najwa\u017cniejsz\u0105 i najbardziej warto\u015bciow\u0105 form\u0105 modlitwy jest Msza \u015awi\u0119ta, dlatego \u015bw. o. Pio radzi: \u201eGdy uczestniczysz we Mszy \u015bwi\u0119tej, staraj si\u0119 rozbudza\u0107 twoj\u0105 wiar\u0119 i rozwa\u017caj, jak wielki dar by\u0142 ofiarowany, z\u0142o\u017cony za ciebie Bo\u017cej sprawiedliwo\u015bci, aby j\u0105 ub\u0142aga\u0107 i uprosi\u0107 jej \u0142askawo\u015b\u0107. Nie odchod\u017a od o\u0142tarza bez wylania \u0142ez b\u00f3lu i mi\u0142o\u015bci do Jezusa, kt\u00f3ry zosta\u0142 ukrzy\u017cowany ze wzgl\u0119du na twoje wieczne zbawienie. Ka\u017cda Msza \u015bwi\u0119ta, w kt\u00f3rej z pobo\u017cno\u015bci\u0105 i dobrze uczestniczymy, ubogaca nas w dary duchowe i materialne, o kt\u00f3rych nawet sami nie wiemy. Maj\u0105c to na uwadze, nie \u017ca\u0142uj twego symbolicznego denara; je\u015bli go wydajesz na dobra bez warto\u015bci, to nie \u017ca\u0142uj go na ofiar\u0119 (\u2026) \u015awiat m\u00f3g\u0142by istnie\u0107 tak\u017ce bez s\u0142o\u0144ca, ale nie mo\u017ce istnie\u0107 bez Mszy \u015bwi\u0119tej\u201d.<br \/>\nSp\u0119dzajmy wi\u0119cej czasu na codziennej modlitwie przed Bogiem i z Bogiem. Nabierzmy przekonania do cz\u0119stej modlitwy na Mszy \u015bwi\u0119tej. I wtedy zobaczymy jak pi\u0119kne b\u0119d\u0105 owoce naszego nawr\u00f3cenia. Za\u015b \u015bwiadectwo naszego rozmodlonego chrze\u015bcija\u0144skiego \u017cycia, b\u0119dzie poci\u0105ga\u0142o innych do Boga i kierowa\u0142o na drogi prowadz\u0105ce do zbawienia. Amen.<br \/>\n(o.R.)<\/p>\n","protected":false},"excerpt":{"rendered":"<p>Z kazania na kalwaryjskim Wzg\u00f3rzu \u2013 01.04.2022r. Modlitwa pokarmem duszy. Trwamy w czasie naszego wielkopostnego nawr\u00f3cenia, do kt\u00f3rego wzywa nas B\u00f3g. Wa\u017cnym uczynkiem, kt\u00f3ry opr\u00f3cz postu i ja\u0142mu\u017cny, pomaga w owocnym prze\u017cyciu Wielkiego Postu to modlitwa. Ewangelie ukazuj\u0105 nam cz\u0119sto Jezusa, kt\u00f3ry nie tylko m\u00f3wi nam o potrzebie modlitwy, nie tylko uczy jak mamy si\u0119 &hellip;<\/p>\n","protected":false},"author":2,"featured_media":22200,"comment_status":"closed","ping_status":"closed","sticky":false,"template":"","format":"standard","meta":{"_mi_skip_tracking":false,"_exactmetrics_sitenote_active":false,"_exactmetrics_sitenote_note":"","_exactmetrics_sitenote_category":0},"categories":[14],"tags":[],"yoast_head":"<!-- This site is optimized with the Yoast SEO plugin v18.1 - https:\/\/yoast.com\/wordpress\/plugins\/seo\/ -->\n<title>Do medytacji z kalwaryjskiego Wzg\u00f3rza \u2013 pi\u0105tek 01.04.2022r. - Pako\u015b\u0107 \u2013 Kalwaria<\/title>\n<meta name=\"robots\" content=\"index, follow, max-snippet:-1, max-image-preview:large, max-video-preview:-1\" \/>\n<link rel=\"canonical\" href=\"https:\/\/pakosc-kalwaria.franciszkanie.net\/index.php\/2022\/04\/01\/do-medytacji-z-kalwaryjskiego-wzgorza-piatek-01-04-2022r\/\" \/>\n<meta property=\"og:locale\" content=\"pl_PL\" \/>\n<meta property=\"og:type\" content=\"article\" \/>\n<meta property=\"og:title\" content=\"Do medytacji z kalwaryjskiego Wzg\u00f3rza \u2013 pi\u0105tek 01.04.2022r. - Pako\u015b\u0107 \u2013 Kalwaria\" \/>\n<meta property=\"og:description\" content=\"Z kazania na kalwaryjskim Wzg\u00f3rzu \u2013 01.04.2022r. Modlitwa pokarmem duszy. Trwamy w czasie naszego wielkopostnego nawr\u00f3cenia, do kt\u00f3rego wzywa nas B\u00f3g. Wa\u017cnym uczynkiem, kt\u00f3ry opr\u00f3cz postu i ja\u0142mu\u017cny, pomaga w owocnym prze\u017cyciu Wielkiego Postu to modlitwa. Ewangelie ukazuj\u0105 nam cz\u0119sto Jezusa, kt\u00f3ry nie tylko m\u00f3wi nam o potrzebie modlitwy, nie tylko uczy jak mamy si\u0119 &hellip;\" \/>\n<meta property=\"og:url\" content=\"https:\/\/pakosc-kalwaria.franciszkanie.net\/index.php\/2022\/04\/01\/do-medytacji-z-kalwaryjskiego-wzgorza-piatek-01-04-2022r\/\" \/>\n<meta property=\"og:site_name\" content=\"Pako\u015b\u0107 \u2013 Kalwaria\" \/>\n<meta property=\"article:author\" content=\"https:\/\/www.facebook.com\/KalwariaPakosc\/\" \/>\n<meta property=\"article:published_time\" content=\"2022-04-01T16:30:39+00:00\" \/>\n<meta property=\"article:modified_time\" content=\"2022-04-01T14:19:15+00:00\" \/>\n<meta property=\"og:image\" content=\"https:\/\/pakosc-kalwaria.franciszkanie.net\/wp-content\/uploads\/2022\/03\/W.-Post.jpg\" \/>\n\t<meta property=\"og:image:width\" content=\"400\" \/>\n\t<meta property=\"og:image:height\" content=\"225\" \/>\n\t<meta property=\"og:image:type\" content=\"image\/jpeg\" \/>\n<meta name=\"twitter:card\" content=\"summary\" \/>\n<meta name=\"twitter:label1\" content=\"Napisane przez\" \/>\n\t<meta name=\"twitter:data1\" content=\"pakosc-kalwaria\" \/>\n\t<meta name=\"twitter:label2\" content=\"Szacowany czas czytania\" \/>\n\t<meta name=\"twitter:data2\" content=\"4 minuty\" \/>\n<script type=\"application\/ld+json\" class=\"yoast-schema-graph\">{\"@context\":\"https:\/\/schema.org\",\"@graph\":[{\"@type\":\"WebSite\",\"@id\":\"https:\/\/pakosc-kalwaria.franciszkanie.net\/#website\",\"url\":\"https:\/\/pakosc-kalwaria.franciszkanie.net\/\",\"name\":\"Pako\u015b\u0107 \u2013 Kalwaria\",\"description\":\"Parafia Rzymsko \u2013 Katolicka p.w. Pana Jezusa Ukrzy\u017cowanego i  Matki Bo\u017cej Bolesnej ul. Barci\u0144ska 60, 88\u2013170 Pako\u015b\u0107 \u2013 Kalwaria\",\"potentialAction\":[{\"@type\":\"SearchAction\",\"target\":{\"@type\":\"EntryPoint\",\"urlTemplate\":\"https:\/\/pakosc-kalwaria.franciszkanie.net\/?s={search_term_string}\"},\"query-input\":\"required name=search_term_string\"}],\"inLanguage\":\"pl-PL\"},{\"@type\":\"ImageObject\",\"@id\":\"https:\/\/pakosc-kalwaria.franciszkanie.net\/index.php\/2022\/04\/01\/do-medytacji-z-kalwaryjskiego-wzgorza-piatek-01-04-2022r\/#primaryimage\",\"inLanguage\":\"pl-PL\",\"url\":\"https:\/\/pakosc-kalwaria.franciszkanie.net\/wp-content\/uploads\/2022\/03\/W.-Post.jpg\",\"contentUrl\":\"https:\/\/pakosc-kalwaria.franciszkanie.net\/wp-content\/uploads\/2022\/03\/W.-Post.jpg\",\"width\":400,\"height\":225},{\"@type\":\"WebPage\",\"@id\":\"https:\/\/pakosc-kalwaria.franciszkanie.net\/index.php\/2022\/04\/01\/do-medytacji-z-kalwaryjskiego-wzgorza-piatek-01-04-2022r\/#webpage\",\"url\":\"https:\/\/pakosc-kalwaria.franciszkanie.net\/index.php\/2022\/04\/01\/do-medytacji-z-kalwaryjskiego-wzgorza-piatek-01-04-2022r\/\",\"name\":\"Do medytacji z kalwaryjskiego Wzg\u00f3rza \u2013 pi\u0105tek 01.04.2022r. - Pako\u015b\u0107 \u2013 Kalwaria\",\"isPartOf\":{\"@id\":\"https:\/\/pakosc-kalwaria.franciszkanie.net\/#website\"},\"primaryImageOfPage\":{\"@id\":\"https:\/\/pakosc-kalwaria.franciszkanie.net\/index.php\/2022\/04\/01\/do-medytacji-z-kalwaryjskiego-wzgorza-piatek-01-04-2022r\/#primaryimage\"},\"datePublished\":\"2022-04-01T16:30:39+00:00\",\"dateModified\":\"2022-04-01T14:19:15+00:00\",\"author\":{\"@id\":\"https:\/\/pakosc-kalwaria.franciszkanie.net\/#\/schema\/person\/af10b943be0760709227d060eadcb2aa\"},\"breadcrumb\":{\"@id\":\"https:\/\/pakosc-kalwaria.franciszkanie.net\/index.php\/2022\/04\/01\/do-medytacji-z-kalwaryjskiego-wzgorza-piatek-01-04-2022r\/#breadcrumb\"},\"inLanguage\":\"pl-PL\",\"potentialAction\":[{\"@type\":\"ReadAction\",\"target\":[\"https:\/\/pakosc-kalwaria.franciszkanie.net\/index.php\/2022\/04\/01\/do-medytacji-z-kalwaryjskiego-wzgorza-piatek-01-04-2022r\/\"]}]},{\"@type\":\"BreadcrumbList\",\"@id\":\"https:\/\/pakosc-kalwaria.franciszkanie.net\/index.php\/2022\/04\/01\/do-medytacji-z-kalwaryjskiego-wzgorza-piatek-01-04-2022r\/#breadcrumb\",\"itemListElement\":[{\"@type\":\"ListItem\",\"position\":1,\"name\":\"Strona g\u0142\u00f3wna\",\"item\":\"https:\/\/pakosc-kalwaria.franciszkanie.net\/\"},{\"@type\":\"ListItem\",\"position\":2,\"name\":\"Do medytacji z kalwaryjskiego Wzg\u00f3rza \u2013 pi\u0105tek 01.04.2022r.\"}]},{\"@type\":\"Person\",\"@id\":\"https:\/\/pakosc-kalwaria.franciszkanie.net\/#\/schema\/person\/af10b943be0760709227d060eadcb2aa\",\"name\":\"pakosc-kalwaria\",\"image\":{\"@type\":\"ImageObject\",\"@id\":\"https:\/\/pakosc-kalwaria.franciszkanie.net\/#personlogo\",\"inLanguage\":\"pl-PL\",\"url\":\"https:\/\/secure.gravatar.com\/avatar\/e7049d338b55eac6a0027ff3218b8d02?s=96&d=mm&r=g\",\"contentUrl\":\"https:\/\/secure.gravatar.com\/avatar\/e7049d338b55eac6a0027ff3218b8d02?s=96&d=mm&r=g\",\"caption\":\"pakosc-kalwaria\"},\"sameAs\":[\"https:\/\/www.facebook.com\/KalwariaPakosc\/\"],\"url\":\"https:\/\/pakosc-kalwaria.franciszkanie.net\/index.php\/author\/pakosc-kalwaria\/\"}]}<\/script>\n<!-- \/ Yoast SEO plugin. -->","yoast_head_json":{"title":"Do medytacji z kalwaryjskiego Wzg\u00f3rza \u2013 pi\u0105tek 01.04.2022r. - Pako\u015b\u0107 \u2013 Kalwaria","robots":{"index":"index","follow":"follow","max-snippet":"max-snippet:-1","max-image-preview":"max-image-preview:large","max-video-preview":"max-video-preview:-1"},"canonical":"https:\/\/pakosc-kalwaria.franciszkanie.net\/index.php\/2022\/04\/01\/do-medytacji-z-kalwaryjskiego-wzgorza-piatek-01-04-2022r\/","og_locale":"pl_PL","og_type":"article","og_title":"Do medytacji z kalwaryjskiego Wzg\u00f3rza \u2013 pi\u0105tek 01.04.2022r. - Pako\u015b\u0107 \u2013 Kalwaria","og_description":"Z kazania na kalwaryjskim Wzg\u00f3rzu \u2013 01.04.2022r. Modlitwa pokarmem duszy. Trwamy w czasie naszego wielkopostnego nawr\u00f3cenia, do kt\u00f3rego wzywa nas B\u00f3g. Wa\u017cnym uczynkiem, kt\u00f3ry opr\u00f3cz postu i ja\u0142mu\u017cny, pomaga w owocnym prze\u017cyciu Wielkiego Postu to modlitwa. Ewangelie ukazuj\u0105 nam cz\u0119sto Jezusa, kt\u00f3ry nie tylko m\u00f3wi nam o potrzebie modlitwy, nie tylko uczy jak mamy si\u0119 &hellip;","og_url":"https:\/\/pakosc-kalwaria.franciszkanie.net\/index.php\/2022\/04\/01\/do-medytacji-z-kalwaryjskiego-wzgorza-piatek-01-04-2022r\/","og_site_name":"Pako\u015b\u0107 \u2013 Kalwaria","article_author":"https:\/\/www.facebook.com\/KalwariaPakosc\/","article_published_time":"2022-04-01T16:30:39+00:00","article_modified_time":"2022-04-01T14:19:15+00:00","og_image":[{"width":400,"height":225,"url":"https:\/\/pakosc-kalwaria.franciszkanie.net\/wp-content\/uploads\/2022\/03\/W.-Post.jpg","type":"image\/jpeg"}],"twitter_card":"summary","twitter_misc":{"Napisane przez":"pakosc-kalwaria","Szacowany czas czytania":"4 minuty"},"schema":{"@context":"https:\/\/schema.org","@graph":[{"@type":"WebSite","@id":"https:\/\/pakosc-kalwaria.franciszkanie.net\/#website","url":"https:\/\/pakosc-kalwaria.franciszkanie.net\/","name":"Pako\u015b\u0107 \u2013 Kalwaria","description":"Parafia Rzymsko \u2013 Katolicka p.w. Pana Jezusa Ukrzy\u017cowanego i  Matki Bo\u017cej Bolesnej ul. Barci\u0144ska 60, 88\u2013170 Pako\u015b\u0107 \u2013 Kalwaria","potentialAction":[{"@type":"SearchAction","target":{"@type":"EntryPoint","urlTemplate":"https:\/\/pakosc-kalwaria.franciszkanie.net\/?s={search_term_string}"},"query-input":"required name=search_term_string"}],"inLanguage":"pl-PL"},{"@type":"ImageObject","@id":"https:\/\/pakosc-kalwaria.franciszkanie.net\/index.php\/2022\/04\/01\/do-medytacji-z-kalwaryjskiego-wzgorza-piatek-01-04-2022r\/#primaryimage","inLanguage":"pl-PL","url":"https:\/\/pakosc-kalwaria.franciszkanie.net\/wp-content\/uploads\/2022\/03\/W.-Post.jpg","contentUrl":"https:\/\/pakosc-kalwaria.franciszkanie.net\/wp-content\/uploads\/2022\/03\/W.-Post.jpg","width":400,"height":225},{"@type":"WebPage","@id":"https:\/\/pakosc-kalwaria.franciszkanie.net\/index.php\/2022\/04\/01\/do-medytacji-z-kalwaryjskiego-wzgorza-piatek-01-04-2022r\/#webpage","url":"https:\/\/pakosc-kalwaria.franciszkanie.net\/index.php\/2022\/04\/01\/do-medytacji-z-kalwaryjskiego-wzgorza-piatek-01-04-2022r\/","name":"Do medytacji z kalwaryjskiego Wzg\u00f3rza \u2013 pi\u0105tek 01.04.2022r. - Pako\u015b\u0107 \u2013 Kalwaria","isPartOf":{"@id":"https:\/\/pakosc-kalwaria.franciszkanie.net\/#website"},"primaryImageOfPage":{"@id":"https:\/\/pakosc-kalwaria.franciszkanie.net\/index.php\/2022\/04\/01\/do-medytacji-z-kalwaryjskiego-wzgorza-piatek-01-04-2022r\/#primaryimage"},"datePublished":"2022-04-01T16:30:39+00:00","dateModified":"2022-04-01T14:19:15+00:00","author":{"@id":"https:\/\/pakosc-kalwaria.franciszkanie.net\/#\/schema\/person\/af10b943be0760709227d060eadcb2aa"},"breadcrumb":{"@id":"https:\/\/pakosc-kalwaria.franciszkanie.net\/index.php\/2022\/04\/01\/do-medytacji-z-kalwaryjskiego-wzgorza-piatek-01-04-2022r\/#breadcrumb"},"inLanguage":"pl-PL","potentialAction":[{"@type":"ReadAction","target":["https:\/\/pakosc-kalwaria.franciszkanie.net\/index.php\/2022\/04\/01\/do-medytacji-z-kalwaryjskiego-wzgorza-piatek-01-04-2022r\/"]}]},{"@type":"BreadcrumbList","@id":"https:\/\/pakosc-kalwaria.franciszkanie.net\/index.php\/2022\/04\/01\/do-medytacji-z-kalwaryjskiego-wzgorza-piatek-01-04-2022r\/#breadcrumb","itemListElement":[{"@type":"ListItem","position":1,"name":"Strona g\u0142\u00f3wna","item":"https:\/\/pakosc-kalwaria.franciszkanie.net\/"},{"@type":"ListItem","position":2,"name":"Do medytacji z kalwaryjskiego Wzg\u00f3rza \u2013 pi\u0105tek 01.04.2022r."}]},{"@type":"Person","@id":"https:\/\/pakosc-kalwaria.franciszkanie.net\/#\/schema\/person\/af10b943be0760709227d060eadcb2aa","name":"pakosc-kalwaria","image":{"@type":"ImageObject","@id":"https:\/\/pakosc-kalwaria.franciszkanie.net\/#personlogo","inLanguage":"pl-PL","url":"https:\/\/secure.gravatar.com\/avatar\/e7049d338b55eac6a0027ff3218b8d02?s=96&d=mm&r=g","contentUrl":"https:\/\/secure.gravatar.com\/avatar\/e7049d338b55eac6a0027ff3218b8d02?s=96&d=mm&r=g","caption":"pakosc-kalwaria"},"sameAs":["https:\/\/www.facebook.com\/KalwariaPakosc\/"],"url":"https:\/\/pakosc-kalwaria.franciszkanie.net\/index.php\/author\/pakosc-kalwaria\/"}]}},"_links":{"self":[{"href":"https:\/\/pakosc-kalwaria.franciszkanie.net\/index.php\/wp-json\/wp\/v2\/posts\/22329"}],"collection":[{"href":"https:\/\/pakosc-kalwaria.franciszkanie.net\/index.php\/wp-json\/wp\/v2\/posts"}],"about":[{"href":"https:\/\/pakosc-kalwaria.franciszkanie.net\/index.php\/wp-json\/wp\/v2\/types\/post"}],"author":[{"embeddable":true,"href":"https:\/\/pakosc-kalwaria.franciszkanie.net\/index.php\/wp-json\/wp\/v2\/users\/2"}],"replies":[{"embeddable":true,"href":"https:\/\/pakosc-kalwaria.franciszkanie.net\/index.php\/wp-json\/wp\/v2\/comments?post=22329"}],"version-history":[{"count":3,"href":"https:\/\/pakosc-kalwaria.franciszkanie.net\/index.php\/wp-json\/wp\/v2\/posts\/22329\/revisions"}],"predecessor-version":[{"id":22339,"href":"https:\/\/pakosc-kalwaria.franciszkanie.net\/index.php\/wp-json\/wp\/v2\/posts\/22329\/revisions\/22339"}],"wp:featuredmedia":[{"embeddable":true,"href":"https:\/\/pakosc-kalwaria.franciszkanie.net\/index.php\/wp-json\/wp\/v2\/media\/22200"}],"wp:attachment":[{"href":"https:\/\/pakosc-kalwaria.franciszkanie.net\/index.php\/wp-json\/wp\/v2\/media?parent=22329"}],"wp:term":[{"taxonomy":"category","embeddable":true,"href":"https:\/\/pakosc-kalwaria.franciszkanie.net\/index.php\/wp-json\/wp\/v2\/categories?post=22329"},{"taxonomy":"post_tag","embeddable":true,"href":"https:\/\/pakosc-kalwaria.franciszkanie.net\/index.php\/wp-json\/wp\/v2\/tags?post=22329"}],"curies":[{"name":"wp","href":"https:\/\/api.w.org\/{rel}","templated":true}]}}