{"id":22333,"date":"2022-04-02T09:05:21","date_gmt":"2022-04-02T07:05:21","guid":{"rendered":"http:\/\/pakosc-kalwaria.franciszkanie.net\/?p=22333"},"modified":"2022-04-02T08:43:53","modified_gmt":"2022-04-02T06:43:53","slug":"ogloszenia-duszpasterskie-v-niedziela-wielkiego-postu-5","status":"publish","type":"post","link":"https:\/\/pakosc-kalwaria.franciszkanie.net\/index.php\/2022\/04\/02\/ogloszenia-duszpasterskie-v-niedziela-wielkiego-postu-5\/","title":{"rendered":"Og\u0142oszenia duszpasterskie &#8211; V Niedziela Wielkiego Postu"},"content":{"rendered":"<p><span style=\"color: #ff0000;\"><strong><em><u>W przysz\u0142\u0105 niedziel\u0119\u00a0 (03.04.)<\/u><\/em><\/strong><\/span><strong> \u2013 Msze \u015awi\u0119te<\/strong><strong> o 9.00, 11.00. <span style=\"color: #ff0000;\">O 15.00 Gorzkie \u017bale<\/span> z kazaniem pasyjnym i Msza \u015awi\u0119ta.<\/strong><\/p>\n<p><strong><em>W<\/em> naszym Sanktuarium <span style=\"color: #ff0000;\">codziennie godzinn\u0105 modlitw\u0105 wspomagamy Ukrain\u0119,<\/span> ofiary wojny i wszystkich kt\u00f3rzy pomagaj\u0105. O 16.30 R\u00f3\u017caniec przed Naj\u015bwi\u0119tszym Sakramentem, o 17.00 Msza \u015bwi\u0119ta.\u00a0 Zach\u0119camy do gorliwej modlitwy w ko\u015bciele i w domach!<\/strong><\/p>\n<p><strong>W tym tygodniu <span style=\"color: #ff0000;\">o 18.00 spotkania dla m\u0142odzie\u017cy przygotowuj\u0105cej si\u0119 do Sakramentu Bierzmowania<em>: <\/em>w poniedzia\u0142ek (04.04.) &#8211; kl. I ponadpodstawowe, we wtorek (05.04.)<em> &#8211; <\/em>kl. VIII. \u00a0\u00a0\u00a0\u00a0 \u00a0\u00a0\u00a0\u00a0\u00a0\u00a0\u00a0\u00a0<\/span><\/strong><\/p>\n<p><strong><span style=\"color: #800080;\"><em><u>W \u015brod\u0119 (06.04.)<\/u><\/em><\/span> &#8211; przed po\u0142udniem, ostatnie przed \u015awi\u0119tami, o<span style=\"color: #ff0000;\">dwiedziny Chorych z Komuni\u0105 \u015bw.<\/span> Dodatkowych Chorych prosimy zg\u0142osi\u0107 w zakrystii lub w Biurze parafialnym.<\/strong><\/p>\n<p><strong><span style=\"color: #ff0000;\"><em><u>W pierwszy czwartek (07.04.)<\/u> <\/em>\u2013 o 17.00 Msza \u015awi\u0119ta<\/span> o nowe powo\u0142ania kap\u0142a\u0144skie i zakonne oraz za Liturgiczn\u0105 S\u0142u\u017cb\u0119 O\u0142tarza i ich Rodziny. Komunia \u015bwi\u0119ta jest udzielana pod dwoma postaciami.<\/strong><br \/>\n<strong><span style=\"color: #ff0000;\">Od 19.00 \u2013 20.00 adoracja Naj\u015bwi\u0119tszego Sakramentu<\/span> (\u201eGodzina \u015awi\u0119ta\u201d) z okazj\u0105 do Spowiedzi. W ramach przygotowania do \u015awiatowego spotkania Rodzin z papie\u017cem Franciszkiem, do czerwca adoracje s\u0105 po\u0142\u0105czone z modlitw\u0105 za Rodziny oraz <span style=\"color: #ff0000;\">indywidualnym b\u0142ogos\u0142awie\u0144stwem Naj\u015bwi\u0119tszym Sakramentem Ma\u0142\u017ce\u0144stw i Rodzin.<\/span> Serdecznie zapraszamy do wsp\u00f3lnej ma\u0142\u017ce\u0144skiej i rodzinnej modlitwy.<\/strong><\/p>\n<p><strong><span style=\"color: #800080;\"><em><u>W pi\u0105tek (08.04.)<\/u><\/em> <\/span>\u2013 <span style=\"color: #ff0000;\">o 17.00 Droga Krzy\u017cowa w ko\u015bciele.<br \/>\nO 17.30 Msza \u015awi\u0119ta<\/span> w intencjach zbiorowych do Bo\u017cego Mi\u0142osierdzia.<\/strong><br \/>\n<strong><span style=\"color: #ff0000;\"><br \/>\nDrogi Krzy\u017cowe na Kalwarii w pi\u0105tek o 9.00, 16.30 i 19.00.<\/span> Rozpocz\u0119cie przy kaplicy Pi\u0142ata. Po Drogach Krzy\u017cowych o 9.00 i 16.30 Msza \u015bw. w naszym ko\u015bciele. Po Drodze Krzy\u017cowej o 19.00 w naszym ko\u015bciele Obrz\u0119d Komunii \u015bw. Zach\u0119camy wszystkich do licznego udzia\u0142u w Drogach Krzy\u017cowych na Kalwarii.<em>\u00a0\u00a0\u00a0\u00a0\u00a0\u00a0\u00a0\u00a0\u00a0 \u00a0\u00a0\u00a0\u00a0\u00a0\u00a0\u00a0\u00a0 <\/em><\/strong><br \/>\n<strong>Za udzia\u0142 w nabo\u017ce\u0144stwach pasyjnych mo\u017cna zyska\u0107 odpust zupe\u0142ny pod zwyk\u0142ymi warunkami.<\/strong><\/p>\n<p><strong><span style=\"color: #800080;\"><em><u>W sobot\u0119 (09.04.)<\/u><\/em> <\/span>\u2013<span style=\"color: #ff0000;\"> o 12.00<\/span> zbi\u00f3rka dla\u00a0 Liturgicznej S\u0142u\u017cby O\u0142tarza.<\/strong><br \/>\n<strong>Okazja do Spowiedzi \u015bwi\u0119tej w naszym ko\u015bciele w tygodniu i w niedziele przed ka\u017cd\u0105 Msz\u0105 \u015bwi\u0119t\u0105. Szczeg\u00f3lna okazja do Spowiedzi \u015bwi\u0119tej <span style=\"color: #ff0000;\">w ko\u015bciele \u015bw. Bonawentury<\/span> z udzia\u0142em kap\u0142an\u00f3w z dekanatu <span style=\"color: #ff0000;\">w sobot\u0119 9 kwietnia od 10.00 \u2013 11.00 i od 16.00 \u2013 17.30.<\/span> Przyst\u0105pmy do Sakramentu Pokuty przed \u015awi\u0119tami wielkanocnymi.<\/strong><\/p>\n<p><strong><span style=\"color: #ff0000;\"><em><u>W przysz\u0142\u0105 niedziel\u0119 (10.04.)<\/u><\/em> \u2013 Niedziela Palmowa.<span style=\"color: #000000;\"> Po\u015bwi\u0119cenie palm na ka\u017cdej Mszy \u015bwi\u0119tej.<\/span> Uroczysta procesja w palmami na Mszy \u015bwi\u0119tej o 11.00.<br \/>\n<span style=\"color: #000000;\">W Niedziel\u0119 Palmow\u0105 <span style=\"color: #ff0000;\">ch\u0142opcy z LSO z klas VIII otrzymaj\u0105 alby.<\/span><\/span> <span style=\"color: #000000;\">Polecamy ich waszej modlitwie.<\/span><br \/>\n<span style=\"color: #000000;\">W przysz\u0142\u0105 niedziel\u0119 zbi\u00f3rka do puszek na kwiaty do Bo\u017cego Grobu. \u00a0\u00a0\u00a0<\/span>\u00a0\u00a0\u00a0\u00a0\u00a0\u00a0 <\/span><\/strong><\/p>\n<p><strong><span style=\"color: #ff0000;\">Osoby, kt\u00f3re podj\u0119\u0142y abstynencj\u0119 od napoj\u00f3w alkoholowych na czas Wielkiego Postu mog\u0105 wpisa\u0107 si\u0119 do<\/span> K<span style=\"color: #ff0000;\">si\u0119gi Trze\u017awo\u015bci<\/span> wy\u0142o\u017conej na bocznym o\u0142tarzu.<br \/>\nDo skarbonki pod ch\u00f3rem\u00a0 mo\u017cna sk\u0142ada\u0107 Ja\u0142mu\u017cn\u0119 Wielkopostn\u0105 dla ubogich oraz ofiary na <span style=\"color: #ff0000;\">kwiaty do Bo\u017cego Grobu.\u00a0\u00a0<\/span><\/strong><\/p>\n<p><strong>Zwracamy si\u0119 z pro\u015bb\u0105 o przekazanie <span style=\"color: #ff0000;\">1% podatku na rzecz Fundacji \u201eKalwaria Pakoska\u201d<\/span>, na dalsz\u0105 renowacj\u0119 i promocj\u0119 naszej Kalwarii, w ramach przygotowania do Jubileuszu 400-lecia powstania naszej Kalwarii (1628 \u2013 2028). <span style=\"color: #ff0000;\">KRS 0000282780.\u00a0\u00a0<\/span><br \/>\nPod ch\u00f3rem do nabycia: Przewodnik Katolicki, ksi\u0105\u017ceczki z tekstami pie\u015bni wielkopostnych i Gorzkich \u017bali, ksi\u0105\u017ceczki z rozwa\u017caniami Drogi Krzy\u017cowej Ks. Abpa Henryka Muszy\u0144skiego.<\/strong><\/p>\n<p><strong>Dzi\u0119kujemy Wam za wsp\u00f3ln\u0105 modlitw\u0119, za z\u0142o\u017cone ofiary oraz za ka\u017cde Wasze duchowe i materialne wsparcie.<\/strong><br \/>\n<strong>W Wielkim Po\u015bcie podejmujmy nadal wysi\u0142ek nawr\u00f3cenia przez modlitw\u0119, post i uczynki\u00a0 mi\u0142osierdzia. Starajmy si\u0119 r\u00f3wnie\u017c uczestniczy\u0107 jak najcz\u0119\u015bciej we Mszy \u015bw., tak\u017ce w tygodniu, i przyst\u0119pujmy cz\u0119sto do Komunii \u015bw.<\/strong><br \/>\n<strong>Zawierzajmy w modlitwie codzienne \u017cycie Bo\u017cemu Mi\u0142osierdziu, Jezusowi Ukrzy\u017cowanemu i Matce Bo\u017cej Bolesnej.\u00a0\u00a0\u00a0\u00a0 \u00a0\u00a0\u00a0\u00a0<\/strong><\/p>\n<p><strong>Z darem modlitwy Bracia Mniejsi Franciszkanie z Pako\u015bci &#8211; Kalwarii\u00a0\u00a0\u00a0\u00a0\u00a0\u00a0 <\/strong><\/p>\n","protected":false},"excerpt":{"rendered":"<p>W przysz\u0142\u0105 niedziel\u0119\u00a0 (03.04.) \u2013 Msze \u015awi\u0119te o 9.00, 11.00. O 15.00 Gorzkie \u017bale z kazaniem pasyjnym i Msza \u015awi\u0119ta. W naszym Sanktuarium codziennie godzinn\u0105 modlitw\u0105 wspomagamy Ukrain\u0119, ofiary wojny i wszystkich kt\u00f3rzy pomagaj\u0105. O 16.30 R\u00f3\u017caniec przed Naj\u015bwi\u0119tszym Sakramentem, o 17.00 Msza \u015bwi\u0119ta.\u00a0 Zach\u0119camy do gorliwej modlitwy w ko\u015bciele i w domach! W tym &hellip;<\/p>\n","protected":false},"author":2,"featured_media":22334,"comment_status":"closed","ping_status":"closed","sticky":false,"template":"","format":"standard","meta":{"_mi_skip_tracking":false,"_exactmetrics_sitenote_active":false,"_exactmetrics_sitenote_note":"","_exactmetrics_sitenote_category":0},"categories":[5],"tags":[],"yoast_head":"<!-- This site is optimized with the Yoast SEO plugin v18.1 - https:\/\/yoast.com\/wordpress\/plugins\/seo\/ -->\n<title>Og\u0142oszenia duszpasterskie - V Niedziela Wielkiego Postu - Pako\u015b\u0107 \u2013 Kalwaria<\/title>\n<meta name=\"robots\" content=\"index, follow, max-snippet:-1, max-image-preview:large, max-video-preview:-1\" \/>\n<link rel=\"canonical\" href=\"https:\/\/pakosc-kalwaria.franciszkanie.net\/index.php\/2022\/04\/02\/ogloszenia-duszpasterskie-v-niedziela-wielkiego-postu-5\/\" \/>\n<meta property=\"og:locale\" content=\"pl_PL\" \/>\n<meta property=\"og:type\" content=\"article\" \/>\n<meta property=\"og:title\" content=\"Og\u0142oszenia duszpasterskie - V Niedziela Wielkiego Postu - Pako\u015b\u0107 \u2013 Kalwaria\" \/>\n<meta property=\"og:description\" content=\"W przysz\u0142\u0105 niedziel\u0119\u00a0 (03.04.) \u2013 Msze \u015awi\u0119te o 9.00, 11.00. O 15.00 Gorzkie \u017bale z kazaniem pasyjnym i Msza \u015awi\u0119ta. W naszym Sanktuarium codziennie godzinn\u0105 modlitw\u0105 wspomagamy Ukrain\u0119, ofiary wojny i wszystkich kt\u00f3rzy pomagaj\u0105. O 16.30 R\u00f3\u017caniec przed Naj\u015bwi\u0119tszym Sakramentem, o 17.00 Msza \u015bwi\u0119ta.\u00a0 Zach\u0119camy do gorliwej modlitwy w ko\u015bciele i w domach! W tym &hellip;\" \/>\n<meta property=\"og:url\" content=\"https:\/\/pakosc-kalwaria.franciszkanie.net\/index.php\/2022\/04\/02\/ogloszenia-duszpasterskie-v-niedziela-wielkiego-postu-5\/\" \/>\n<meta property=\"og:site_name\" content=\"Pako\u015b\u0107 \u2013 Kalwaria\" \/>\n<meta property=\"article:author\" content=\"https:\/\/www.facebook.com\/KalwariaPakosc\/\" \/>\n<meta property=\"article:published_time\" content=\"2022-04-02T07:05:21+00:00\" \/>\n<meta property=\"article:modified_time\" content=\"2022-04-02T06:43:53+00:00\" \/>\n<meta property=\"og:image\" content=\"https:\/\/pakosc-kalwaria.franciszkanie.net\/wp-content\/uploads\/2022\/03\/images.jpg\" \/>\n\t<meta property=\"og:image:width\" content=\"300\" \/>\n\t<meta property=\"og:image:height\" content=\"210\" \/>\n\t<meta property=\"og:image:type\" content=\"image\/jpeg\" \/>\n<meta name=\"twitter:card\" content=\"summary\" \/>\n<meta name=\"twitter:label1\" content=\"Napisane przez\" \/>\n\t<meta name=\"twitter:data1\" content=\"pakosc-kalwaria\" \/>\n\t<meta name=\"twitter:label2\" content=\"Szacowany czas czytania\" \/>\n\t<meta name=\"twitter:data2\" content=\"3 minuty\" \/>\n<script type=\"application\/ld+json\" class=\"yoast-schema-graph\">{\"@context\":\"https:\/\/schema.org\",\"@graph\":[{\"@type\":\"WebSite\",\"@id\":\"https:\/\/pakosc-kalwaria.franciszkanie.net\/#website\",\"url\":\"https:\/\/pakosc-kalwaria.franciszkanie.net\/\",\"name\":\"Pako\u015b\u0107 \u2013 Kalwaria\",\"description\":\"Parafia Rzymsko \u2013 Katolicka p.w. Pana Jezusa Ukrzy\u017cowanego i  Matki Bo\u017cej Bolesnej ul. Barci\u0144ska 60, 88\u2013170 Pako\u015b\u0107 \u2013 Kalwaria\",\"potentialAction\":[{\"@type\":\"SearchAction\",\"target\":{\"@type\":\"EntryPoint\",\"urlTemplate\":\"https:\/\/pakosc-kalwaria.franciszkanie.net\/?s={search_term_string}\"},\"query-input\":\"required name=search_term_string\"}],\"inLanguage\":\"pl-PL\"},{\"@type\":\"ImageObject\",\"@id\":\"https:\/\/pakosc-kalwaria.franciszkanie.net\/index.php\/2022\/04\/02\/ogloszenia-duszpasterskie-v-niedziela-wielkiego-postu-5\/#primaryimage\",\"inLanguage\":\"pl-PL\",\"url\":\"https:\/\/pakosc-kalwaria.franciszkanie.net\/wp-content\/uploads\/2022\/03\/images.jpg\",\"contentUrl\":\"https:\/\/pakosc-kalwaria.franciszkanie.net\/wp-content\/uploads\/2022\/03\/images.jpg\",\"width\":300,\"height\":210},{\"@type\":\"WebPage\",\"@id\":\"https:\/\/pakosc-kalwaria.franciszkanie.net\/index.php\/2022\/04\/02\/ogloszenia-duszpasterskie-v-niedziela-wielkiego-postu-5\/#webpage\",\"url\":\"https:\/\/pakosc-kalwaria.franciszkanie.net\/index.php\/2022\/04\/02\/ogloszenia-duszpasterskie-v-niedziela-wielkiego-postu-5\/\",\"name\":\"Og\u0142oszenia duszpasterskie - V Niedziela Wielkiego Postu - Pako\u015b\u0107 \u2013 Kalwaria\",\"isPartOf\":{\"@id\":\"https:\/\/pakosc-kalwaria.franciszkanie.net\/#website\"},\"primaryImageOfPage\":{\"@id\":\"https:\/\/pakosc-kalwaria.franciszkanie.net\/index.php\/2022\/04\/02\/ogloszenia-duszpasterskie-v-niedziela-wielkiego-postu-5\/#primaryimage\"},\"datePublished\":\"2022-04-02T07:05:21+00:00\",\"dateModified\":\"2022-04-02T06:43:53+00:00\",\"author\":{\"@id\":\"https:\/\/pakosc-kalwaria.franciszkanie.net\/#\/schema\/person\/af10b943be0760709227d060eadcb2aa\"},\"breadcrumb\":{\"@id\":\"https:\/\/pakosc-kalwaria.franciszkanie.net\/index.php\/2022\/04\/02\/ogloszenia-duszpasterskie-v-niedziela-wielkiego-postu-5\/#breadcrumb\"},\"inLanguage\":\"pl-PL\",\"potentialAction\":[{\"@type\":\"ReadAction\",\"target\":[\"https:\/\/pakosc-kalwaria.franciszkanie.net\/index.php\/2022\/04\/02\/ogloszenia-duszpasterskie-v-niedziela-wielkiego-postu-5\/\"]}]},{\"@type\":\"BreadcrumbList\",\"@id\":\"https:\/\/pakosc-kalwaria.franciszkanie.net\/index.php\/2022\/04\/02\/ogloszenia-duszpasterskie-v-niedziela-wielkiego-postu-5\/#breadcrumb\",\"itemListElement\":[{\"@type\":\"ListItem\",\"position\":1,\"name\":\"Strona g\u0142\u00f3wna\",\"item\":\"https:\/\/pakosc-kalwaria.franciszkanie.net\/\"},{\"@type\":\"ListItem\",\"position\":2,\"name\":\"Og\u0142oszenia duszpasterskie &#8211; V Niedziela Wielkiego Postu\"}]},{\"@type\":\"Person\",\"@id\":\"https:\/\/pakosc-kalwaria.franciszkanie.net\/#\/schema\/person\/af10b943be0760709227d060eadcb2aa\",\"name\":\"pakosc-kalwaria\",\"image\":{\"@type\":\"ImageObject\",\"@id\":\"https:\/\/pakosc-kalwaria.franciszkanie.net\/#personlogo\",\"inLanguage\":\"pl-PL\",\"url\":\"https:\/\/secure.gravatar.com\/avatar\/e7049d338b55eac6a0027ff3218b8d02?s=96&d=mm&r=g\",\"contentUrl\":\"https:\/\/secure.gravatar.com\/avatar\/e7049d338b55eac6a0027ff3218b8d02?s=96&d=mm&r=g\",\"caption\":\"pakosc-kalwaria\"},\"sameAs\":[\"https:\/\/www.facebook.com\/KalwariaPakosc\/\"],\"url\":\"https:\/\/pakosc-kalwaria.franciszkanie.net\/index.php\/author\/pakosc-kalwaria\/\"}]}<\/script>\n<!-- \/ Yoast SEO plugin. -->","yoast_head_json":{"title":"Og\u0142oszenia duszpasterskie - V Niedziela Wielkiego Postu - Pako\u015b\u0107 \u2013 Kalwaria","robots":{"index":"index","follow":"follow","max-snippet":"max-snippet:-1","max-image-preview":"max-image-preview:large","max-video-preview":"max-video-preview:-1"},"canonical":"https:\/\/pakosc-kalwaria.franciszkanie.net\/index.php\/2022\/04\/02\/ogloszenia-duszpasterskie-v-niedziela-wielkiego-postu-5\/","og_locale":"pl_PL","og_type":"article","og_title":"Og\u0142oszenia duszpasterskie - V Niedziela Wielkiego Postu - Pako\u015b\u0107 \u2013 Kalwaria","og_description":"W przysz\u0142\u0105 niedziel\u0119\u00a0 (03.04.) \u2013 Msze \u015awi\u0119te o 9.00, 11.00. O 15.00 Gorzkie \u017bale z kazaniem pasyjnym i Msza \u015awi\u0119ta. W naszym Sanktuarium codziennie godzinn\u0105 modlitw\u0105 wspomagamy Ukrain\u0119, ofiary wojny i wszystkich kt\u00f3rzy pomagaj\u0105. O 16.30 R\u00f3\u017caniec przed Naj\u015bwi\u0119tszym Sakramentem, o 17.00 Msza \u015bwi\u0119ta.\u00a0 Zach\u0119camy do gorliwej modlitwy w ko\u015bciele i w domach! W tym &hellip;","og_url":"https:\/\/pakosc-kalwaria.franciszkanie.net\/index.php\/2022\/04\/02\/ogloszenia-duszpasterskie-v-niedziela-wielkiego-postu-5\/","og_site_name":"Pako\u015b\u0107 \u2013 Kalwaria","article_author":"https:\/\/www.facebook.com\/KalwariaPakosc\/","article_published_time":"2022-04-02T07:05:21+00:00","article_modified_time":"2022-04-02T06:43:53+00:00","og_image":[{"width":300,"height":210,"url":"https:\/\/pakosc-kalwaria.franciszkanie.net\/wp-content\/uploads\/2022\/03\/images.jpg","type":"image\/jpeg"}],"twitter_card":"summary","twitter_misc":{"Napisane przez":"pakosc-kalwaria","Szacowany czas czytania":"3 minuty"},"schema":{"@context":"https:\/\/schema.org","@graph":[{"@type":"WebSite","@id":"https:\/\/pakosc-kalwaria.franciszkanie.net\/#website","url":"https:\/\/pakosc-kalwaria.franciszkanie.net\/","name":"Pako\u015b\u0107 \u2013 Kalwaria","description":"Parafia Rzymsko \u2013 Katolicka p.w. Pana Jezusa Ukrzy\u017cowanego i  Matki Bo\u017cej Bolesnej ul. Barci\u0144ska 60, 88\u2013170 Pako\u015b\u0107 \u2013 Kalwaria","potentialAction":[{"@type":"SearchAction","target":{"@type":"EntryPoint","urlTemplate":"https:\/\/pakosc-kalwaria.franciszkanie.net\/?s={search_term_string}"},"query-input":"required name=search_term_string"}],"inLanguage":"pl-PL"},{"@type":"ImageObject","@id":"https:\/\/pakosc-kalwaria.franciszkanie.net\/index.php\/2022\/04\/02\/ogloszenia-duszpasterskie-v-niedziela-wielkiego-postu-5\/#primaryimage","inLanguage":"pl-PL","url":"https:\/\/pakosc-kalwaria.franciszkanie.net\/wp-content\/uploads\/2022\/03\/images.jpg","contentUrl":"https:\/\/pakosc-kalwaria.franciszkanie.net\/wp-content\/uploads\/2022\/03\/images.jpg","width":300,"height":210},{"@type":"WebPage","@id":"https:\/\/pakosc-kalwaria.franciszkanie.net\/index.php\/2022\/04\/02\/ogloszenia-duszpasterskie-v-niedziela-wielkiego-postu-5\/#webpage","url":"https:\/\/pakosc-kalwaria.franciszkanie.net\/index.php\/2022\/04\/02\/ogloszenia-duszpasterskie-v-niedziela-wielkiego-postu-5\/","name":"Og\u0142oszenia duszpasterskie - V Niedziela Wielkiego Postu - Pako\u015b\u0107 \u2013 Kalwaria","isPartOf":{"@id":"https:\/\/pakosc-kalwaria.franciszkanie.net\/#website"},"primaryImageOfPage":{"@id":"https:\/\/pakosc-kalwaria.franciszkanie.net\/index.php\/2022\/04\/02\/ogloszenia-duszpasterskie-v-niedziela-wielkiego-postu-5\/#primaryimage"},"datePublished":"2022-04-02T07:05:21+00:00","dateModified":"2022-04-02T06:43:53+00:00","author":{"@id":"https:\/\/pakosc-kalwaria.franciszkanie.net\/#\/schema\/person\/af10b943be0760709227d060eadcb2aa"},"breadcrumb":{"@id":"https:\/\/pakosc-kalwaria.franciszkanie.net\/index.php\/2022\/04\/02\/ogloszenia-duszpasterskie-v-niedziela-wielkiego-postu-5\/#breadcrumb"},"inLanguage":"pl-PL","potentialAction":[{"@type":"ReadAction","target":["https:\/\/pakosc-kalwaria.franciszkanie.net\/index.php\/2022\/04\/02\/ogloszenia-duszpasterskie-v-niedziela-wielkiego-postu-5\/"]}]},{"@type":"BreadcrumbList","@id":"https:\/\/pakosc-kalwaria.franciszkanie.net\/index.php\/2022\/04\/02\/ogloszenia-duszpasterskie-v-niedziela-wielkiego-postu-5\/#breadcrumb","itemListElement":[{"@type":"ListItem","position":1,"name":"Strona g\u0142\u00f3wna","item":"https:\/\/pakosc-kalwaria.franciszkanie.net\/"},{"@type":"ListItem","position":2,"name":"Og\u0142oszenia duszpasterskie &#8211; V Niedziela Wielkiego Postu"}]},{"@type":"Person","@id":"https:\/\/pakosc-kalwaria.franciszkanie.net\/#\/schema\/person\/af10b943be0760709227d060eadcb2aa","name":"pakosc-kalwaria","image":{"@type":"ImageObject","@id":"https:\/\/pakosc-kalwaria.franciszkanie.net\/#personlogo","inLanguage":"pl-PL","url":"https:\/\/secure.gravatar.com\/avatar\/e7049d338b55eac6a0027ff3218b8d02?s=96&d=mm&r=g","contentUrl":"https:\/\/secure.gravatar.com\/avatar\/e7049d338b55eac6a0027ff3218b8d02?s=96&d=mm&r=g","caption":"pakosc-kalwaria"},"sameAs":["https:\/\/www.facebook.com\/KalwariaPakosc\/"],"url":"https:\/\/pakosc-kalwaria.franciszkanie.net\/index.php\/author\/pakosc-kalwaria\/"}]}},"_links":{"self":[{"href":"https:\/\/pakosc-kalwaria.franciszkanie.net\/index.php\/wp-json\/wp\/v2\/posts\/22333"}],"collection":[{"href":"https:\/\/pakosc-kalwaria.franciszkanie.net\/index.php\/wp-json\/wp\/v2\/posts"}],"about":[{"href":"https:\/\/pakosc-kalwaria.franciszkanie.net\/index.php\/wp-json\/wp\/v2\/types\/post"}],"author":[{"embeddable":true,"href":"https:\/\/pakosc-kalwaria.franciszkanie.net\/index.php\/wp-json\/wp\/v2\/users\/2"}],"replies":[{"embeddable":true,"href":"https:\/\/pakosc-kalwaria.franciszkanie.net\/index.php\/wp-json\/wp\/v2\/comments?post=22333"}],"version-history":[{"count":5,"href":"https:\/\/pakosc-kalwaria.franciszkanie.net\/index.php\/wp-json\/wp\/v2\/posts\/22333\/revisions"}],"predecessor-version":[{"id":22344,"href":"https:\/\/pakosc-kalwaria.franciszkanie.net\/index.php\/wp-json\/wp\/v2\/posts\/22333\/revisions\/22344"}],"wp:featuredmedia":[{"embeddable":true,"href":"https:\/\/pakosc-kalwaria.franciszkanie.net\/index.php\/wp-json\/wp\/v2\/media\/22334"}],"wp:attachment":[{"href":"https:\/\/pakosc-kalwaria.franciszkanie.net\/index.php\/wp-json\/wp\/v2\/media?parent=22333"}],"wp:term":[{"taxonomy":"category","embeddable":true,"href":"https:\/\/pakosc-kalwaria.franciszkanie.net\/index.php\/wp-json\/wp\/v2\/categories?post=22333"},{"taxonomy":"post_tag","embeddable":true,"href":"https:\/\/pakosc-kalwaria.franciszkanie.net\/index.php\/wp-json\/wp\/v2\/tags?post=22333"}],"curies":[{"name":"wp","href":"https:\/\/api.w.org\/{rel}","templated":true}]}}