{"id":22354,"date":"2022-04-03T16:00:41","date_gmt":"2022-04-03T14:00:41","guid":{"rendered":"http:\/\/pakosc-kalwaria.franciszkanie.net\/?p=22354"},"modified":"2022-04-03T13:10:46","modified_gmt":"2022-04-03T11:10:46","slug":"do-medytacji-z-kalwaryjskiego-wzgorza-niedziela-03-04-2022r","status":"publish","type":"post","link":"https:\/\/pakosc-kalwaria.franciszkanie.net\/index.php\/2022\/04\/03\/do-medytacji-z-kalwaryjskiego-wzgorza-niedziela-03-04-2022r\/","title":{"rendered":"Do medytacji z kalwaryjskiego Wzg\u00f3rza \u2013 niedziela 03.04.2022r."},"content":{"rendered":"<p><span style=\"color: #ff0000;\"><strong>Z liturgii V Niedzieli Wielkiego Postu \u2013 3 kwietnia 2022r.<\/strong><\/span><\/p>\n<p><strong><span style=\"color: #ff0000;\">1. czytanie<\/span><\/strong> (Iz 43, 16-21) <em>Obietnica nowego wyzwolenia<br \/>\n<\/em><strong>Czytanie z Ksi\u0119gi proroka Izajasza<br \/>\n<\/strong>Tak m\u00f3wi Pan, kt\u00f3ry otworzy\u0142 drog\u0119 przez morze i \u015bcie\u017ck\u0119 przez pot\u0119\u017cne wody; kt\u00f3ry wyprowadzi\u0142 wozy i konie, tak\u017ce i pot\u0119\u017cne wojsko; upadli, ju\u017c nie powstan\u0105, zga\u015bli, jak knotek zostali zdmuchni\u0119ci. \u00abNie wspominajcie wydarze\u0144 minionych, nie roztrz\u0105sajcie w my\u015bli dawnych rzeczy. Oto Ja dokonuj\u0119 rzeczy nowej; pojawia si\u0119 w\u0142a\u015bnie. Czy\u017c jej nie poznajecie? Otworz\u0119 te\u017c drog\u0119 na pustyni, \u015bcie\u017cyny na pustkowiu. S\u0142awi\u0107 Mnie b\u0119d\u0105 zwierz\u0119ta polne, szakale i strusie, gdy\u017c na pustyni dostarcz\u0119 wody i rzek na pustkowiu, aby napoi\u0107 m\u00f3j lud wybrany. Lud ten, kt\u00f3ry sobie utworzy\u0142em, opowiada\u0107 b\u0119dzie moj\u0105 chwa\u0142\u0119\u00bb. Oto S\u0142owo Bo\u017ce.<\/p>\n<p><span style=\"color: #ff0000;\"><strong>Psalm<\/strong> <\/span>(Ps 126 (125), 1b-2b. 2c-3. 4-5. 6 (R.: por. 3a))<br \/>\n<strong>Pan B\u00f3g uczyni\u0142 wielkie rzeczy dla nas<br \/>\n<\/strong>Gdy Pan odmieni\u0142 los Syjonu, *<br \/>\nwydawa\u0142o si\u0119 nam, \u017ce \u015bnimy.<br \/>\nUsta nasze by\u0142y pe\u0142ne \u015bmiechu, *<br \/>\na j\u0119zyk \u015bpiewa\u0142 z rado\u015bci.<\/p>\n<div id=\"tabnowy0all\" class=\"tab-pane fade active in\">\n<p><strong>Pan B\u00f3g uczyni\u0142 wielkie rzeczy dla nas<br \/>\n<\/strong>M\u00f3wiono wtedy mi\u0119dzy narodami: *<br \/>\n\u00abWielkie rzeczy im Pan uczyni\u0142\u00bb.<br \/>\nPan uczyni\u0142 nam wielkie rzeczy *<br \/>\ni rado\u015b\u0107 nas ogarn\u0119\u0142a.<\/p>\n<p><strong>Pan B\u00f3g uczyni\u0142 wielkie rzeczy dla nas<br \/>\n<\/strong>Odmie\u0144 znowu nasz los, o Panie, *<br \/>\njak odmieniasz strumienie na Po\u0142udniu.<br \/>\nCi, kt\u00f3rzy we \u0142zach siej\u0105, *<br \/>\n\u017c\u0105\u0107 b\u0119d\u0105 w rado\u015bci.<\/p>\n<p><strong>Pan B\u00f3g uczyni\u0142 wielkie rzeczy dla nas<br \/>\n<\/strong>Id\u0105 i p\u0142acz\u0105, *<br \/>\nnios\u0105c ziarno na zasiew,<br \/>\nlecz powr\u00f3c\u0105 z rado\u015bci\u0105, *<br \/>\nnios\u0105c swoje snopy.<br \/>\n<strong>Pan B\u00f3g uczyni\u0142 wielkie rzeczy dla nas<\/strong><\/p>\n<p><strong><span style=\"color: #ff0000;\">2. czytanie<\/span><\/strong> (Flp 3, 8-14) <em>Upodabniaj\u0105c si\u0119 do \u015bmierci Chrystusa, dojd\u0119 do powstania z martwych<br \/>\n<\/em><strong>Czytanie z Listu \u015awi\u0119tego Paw\u0142a Aposto\u0142a do Filipian<br \/>\n<\/strong>Bracia: Wszystko uznaj\u0119 za strat\u0119 ze wzgl\u0119du na najwy\u017csz\u0105 warto\u015b\u0107 poznania Chrystusa Jezusa, mojego Pana. Dla Niego wyzu\u0142em si\u0119 ze wszystkiego i uznaj\u0119 to za \u015bmieci, bylebym pozyska\u0142 Chrystusa i znalaz\u0142 si\u0119 w Nim \u2013 nie maj\u0105c mojej sprawiedliwo\u015bci, pochodz\u0105cej z Prawa, lecz Bo\u017c\u0105 sprawiedliwo\u015b\u0107, otrzyman\u0105 dzi\u0119ki wierze w Chrystusa, sprawiedliwo\u015b\u0107 pochodz\u0105c\u0105 od Boga, opart\u0105 na wierze \u2013 przez poznanie Go: zar\u00f3wno mocy Jego zmartwychwstania, jak i udzia\u0142u w Jego cierpieniach \u2013 w nadziei, \u017ce upodabniaj\u0105c si\u0119 do Jego \u015bmierci, dojd\u0119 jako\u015b do pe\u0142nego powstania z martwych. Nie m\u00f3wi\u0119, \u017ce ju\u017c to osi\u0105gn\u0105\u0142em i ju\u017c si\u0119 sta\u0142em doskona\u0142y, lecz p\u0119dz\u0119, abym te\u017c to zdoby\u0142, bo i sam zosta\u0142em zdobyty przez Chrystusa Jezusa. Bracia, ja nie s\u0105dz\u0119 o sobie samym, \u017ce ju\u017c zdoby\u0142em, ale to jedno czyni\u0119: zapominaj\u0105c o tym, co za mn\u0105, a wyt\u0119\u017caj\u0105c si\u0142y ku temu, co przede mn\u0105, p\u0119dz\u0119 ku wyznaczonej mecie, ku nagrodzie, do jakiej B\u00f3g wzywa w g\u00f3r\u0119, w Chrystusie Jezusie. Oto S\u0142owo Bo\u017ce.<\/p>\n<p><span style=\"color: #ff0000;\"><strong>Aklamacja<\/strong><\/span> (Jl 2, 13bc)<br \/>\n<strong>Chwa\u0142a Tobie, S\u0142owo Bo\u017ce<br \/>\n<\/strong>Nawr\u00f3\u0107cie si\u0119 do Boga waszego,<br \/>\nOn bowiem jest \u0142askawy i mi\u0142osierny.<br \/>\n<strong>Chwa\u0142a Tobie, S\u0142owo Bo\u017ce<\/strong><\/p>\n<p><strong><span style=\"color: #ff0000;\">Ewangelia<\/span><\/strong> (J 8, 1-11) <em>Od tej chwili ju\u017c nie grzesz<br \/>\n<\/em><strong>S\u0142owa Ewangelii wed\u0142ug \u015awi\u0119tego Jana<br \/>\n<\/strong>Jezus uda\u0142 si\u0119 na G\u00f3r\u0119 Oliwn\u0105, ale o brzasku zjawi\u0142 si\u0119 zn\u00f3w w \u015bwi\u0105tyni. Ca\u0142y lud schodzi\u0142 si\u0119 do Niego, a On, usiad\u0142szy, naucza\u0142 ich. W\u00f3wczas uczeni w Pi\u015bmie i faryzeusze przyprowadzili do Niego kobiet\u0119, kt\u00f3r\u0105 dopiero co pochwycono na cudzo\u0142\u00f3stwie, a postawiwszy j\u0105 po\u015brodku, powiedzieli do Niego: \u00abNauczycielu, t\u0119 kobiet\u0119 dopiero co pochwycono na cudzo\u0142\u00f3stwie. W Prawie Moj\u017cesz nakaza\u0142 nam takie kamienowa\u0107. A Ty co powiesz?\u00bb M\u00f3wili to, wystawiaj\u0105c Go na pr\u00f3b\u0119, aby mieli o co Go oskar\u017cy\u0107. Lecz Jezus, schyliwszy si\u0119, pisa\u0142 palcem po ziemi. A kiedy w dalszym ci\u0105gu Go pytali, podni\u00f3s\u0142 si\u0119 i rzek\u0142 do nich: \u00abKto z was jest bez grzechu, niech pierwszy rzuci w ni\u0105 kamieniem\u00bb. I powt\u00f3rnie schyliwszy si\u0119, pisa\u0142 na ziemi. Kiedy to us\u0142yszeli, jeden po drugim zacz\u0119li odchodzi\u0107, poczynaj\u0105c od starszych, a\u017c do ostatnich. Pozosta\u0142 tylko Jezus i kobieta stoj\u0105ca na \u015brodku. W\u00f3wczas Jezus, podni\u00f3s\u0142szy si\u0119, rzek\u0142 do niej: \u00abKobieto, gdzie\u017c oni s\u0105? Nikt ci\u0119 nie pot\u0119pi\u0142?\u00bb A ona odrzek\u0142a: \u00abNikt, Panie!\u00bb Rzek\u0142 do niej Jezus: \u00abI Ja ciebie nie pot\u0119piam. Id\u017a i odt\u0105d ju\u017c nie grzesz\u00bb. Oto S\u0142owo Pa\u0144skie.<\/p>\n<p><strong><span style=\"color: #ff0000;\">Z kazania na kalwaryjskim Wzg\u00f3rzu \u2013 03.04.2022r.<\/span><br \/>\n<\/strong><strong>Wiara w Boga, kt\u00f3ry jest mi\u0142osierny.<br \/>\n<\/strong>Nie ma w \u017cyciu lepszej inwestycji ni\u017c g\u0142\u0119boka wiara w Boga, oddanie Bogu wszystkich swoich spraw i wsp\u00f3\u0142dzia\u0142anie na co dzie\u0144 z Jego wol\u0105. To z g\u0142\u0119bokiej wiary p\u0142ynie ca\u0142kowite zaufanie do Boga, i to w ka\u017cdej, nawet najtrudniejszej sytuacji. A w takiej w\u0142a\u015bnie beznadziejnej sytuacji i po ludzku my\u015bl\u0105c sytuacji \u201ebez wyj\u015bcia\u201d, znalaz\u0142a si\u0119 ta kobieta z dzisiejszej Ewangelii. Owa kobieta zosta\u0142a pochwycona na cudzo\u0142\u00f3stwie, zosta\u0142a upokorzona na oczach t\u0142umu i mia\u0142a zosta\u0107 skazana na \u015bmier\u0107. Jezus poprzez to wydarzenie, pokazuje, \u017ce dla cz\u0142owieka mocno wierz\u0105cego w Boga, nie ma sytuacji \u201ebez wyj\u015bcia\u201d, \u017ce cz\u0142owiek zawsze mo\u017ce liczy\u0107 na Boga i Jego Mi\u0142osierdzie. B\u00f3g ma rozwi\u0105zanie na ka\u017cdy nasz problem, nawet na ten najtrudniejszy. Dlaczego? Bo B\u00f3g kocha nas mi\u0142o\u015bci\u0105, kt\u00f3ra jest cierpliwa, kt\u00f3ra nigdy nie ustaje i kt\u00f3ra wszystko przetrzyma. B\u00f3g nigdy nie pot\u0119pia cz\u0142owieka, ale zawsze zach\u0119ca: \u201eId\u017a i nie grzesz wi\u0119cej\u201d.<br \/>\nTej niesamowitej mi\u0142o\u015bci Boga i Bo\u017cego Mi\u0142osierdzia do\u015bwiadczamy szczeg\u00f3lnie w Sakramencie Pokuty. Do Spowiedzi mo\u017ce podej\u015b\u0107 ka\u017cdy cz\u0142owiek ochrzczony i to bez wzgl\u0119du na to jakie pope\u0142ni\u0142 grzechy. Zawsze te\u017c mo\u017ce prosi\u0107 Boga o ich przebaczenie i to przebaczenie otrzyma. Trzeba tylko mocno wierzy\u0107 w Boga i wierzy\u0107 w Jego Mi\u0142osierdzie! Jak mawia papie\u017c Franciszek: \u201eB\u00f3g nigdy nie m\u0119czy si\u0119 przebaczaniem, to my m\u0119czymy si\u0119 proszeniem Go o przebaczenie\u201d. Szkoda, \u017ce w naszych czasach tak wielu ludzi, zar\u00f3wno m\u0142odych, jak i starszych, zrezygnowa\u0142o z cz\u0119stego przyst\u0119powania do Spowiedzi \u015bwi\u0119tej. Niestety \u017cyj\u0105c na co dzie\u0144 w grzechach cz\u0142owiek szybko os\u0142abia swoj\u0105 wiar\u0119 w Boga i w Jego Mi\u0142osierdzie oraz oddala si\u0119 coraz bardziej od Boga.<br \/>\nWielkiej mi\u0142o\u015bci Boga i Jego Mi\u0142osierdzia do\u015bwiadczamy tak\u017ce w czasie Eucharystii. Mimo, \u017ce jeste\u015bmy grzesznikami i cz\u0119sto obra\u017camy Boga swoimi grzechami, to jednak zawsze, kiedy tylko tego pragniemy, mo\u017cemy przyj\u015b\u0107 na Msz\u0119 \u015bwi\u0119t\u0105. I B\u00f3g zawsze nas przyjmie i ugo\u015bci na przygotowanej przez Jezusa Uczcie. Co wi\u0119cej na ka\u017cdej Mszy \u015bwi\u0119tej \u00a0Jezus nas grzesznik\u00f3w zaprasza do spo\u017cywania Komunii \u015bwi\u0119tej, poprzez kt\u00f3r\u0105 B\u00f3g daje nam si\u0142y do dobrego chrze\u015bcija\u0144skiego \u017cycia i g\u0142adzi nasze codzienne grzechy lekkie! Jezus karmi nas swoim Boskim Cia\u0142em, bo nas bardzo kocha! Jezus wie, \u017ce bardzo potrzebujemy Eucharystii, jako \u017ar\u00f3d\u0142a z kt\u00f3rego mo\u017cemy czerpa\u0107 \u0142aski potrzebne nam w codziennym \u017cyciu. I znowu zobaczmy jak w\u0142a\u015bnie brak wiary w Boga i w Bo\u017ce Mi\u0142osierdzie, utrudnia dzisiaj dzieciom, m\u0142odzie\u017cy i doros\u0142ym uczestnictwo we Mszy \u015bwi\u0119tej, w ka\u017cd\u0105 niedziel\u0119 i w \u015bwi\u0119ta nakazane! Dlatego tak bardzo wa\u017cna jest nieustanie troska o wiar\u0119 w rodzinach, szczeg\u00f3lnie troska rodzic\u00f3w o swoj\u0105 wiar\u0119 w Boga i o wiar\u0119 swoich dzieci!<br \/>\nB\u0142. kard. Stefan Wyszy\u0144ski 15 sierpnia 1978r. na Jasnej G\u00f3rze powiedzia\u0142: \u201eWiara jest umacniana i rozkrzewiana w \u015bwi\u0105tyniach, gdzie przychodz\u0105 wierni, aby s\u0142ucha\u0107 o Bogu, aby si\u0119 z Nim spotka\u0107 i w sakramentach \u015bwi\u0119tych zjednoczy\u0107. Aby ludzie przyszli do \u015bwi\u0105tyni, musz\u0105 tego pragn\u0105\u0107, musz\u0105 wierzy\u0107, a prawdy wiary musz\u0105 pozna\u0107 w rodzinie. Rodzina jest niejako pierwsz\u0105 \u015bwi\u0105tyni\u0105, gdzie dzieci dowiaduj\u0105 si\u0119 o Bogu, jest pierwsz\u0105 szkol\u0105 wychowania chrze\u015bcija\u0144skiego. To co ojciec i matka przeka\u017c\u0105 dziecku z prawd wiary, tak zapada w dusze, jest tak\u0105 si\u0142\u0105 i pot\u0119g\u0105, \u017ce pozostaje niezatarte w sercu cz\u0142owieka nieraz do ko\u0144ca \u017cycia, cho\u0107by przeszed\u0142 on przez ca\u0142e okresy b\u0142\u0119dnych dr\u00f3g. Zdarza si\u0119, \u017ce po latach odej\u015bcia od Boga, a mo\u017ce i wojowania z Nim, cz\u0142owiek udr\u0119czony \u017cyciem wraca do prawd, kt\u00f3re wpoili mu matka i ojciec\u201d.<br \/>\nW Wielkim Po\u015bcie cz\u0119sto spogl\u0105damy na Krzy\u017c \u2013 wielk\u0105 tajemnic\u0119 naszej wiary. \u00a0\u00a0\u00a0\u00a0\u00a0\u00a0 I cho\u0107 od V Niedzieli Wielkiego Postu tradycja nakazuje nam zas\u0142anianie krzy\u017cy w ko\u015bcio\u0142ach, a\u017c do Wielkiego Pi\u0105tku, to jednak ka\u017cde spojrzenie na Krzy\u017c daje nam zaufanie do Boga pe\u0142nego Mi\u0142osierdzia. Daje nam pewno\u015b\u0107, \u017ce Ten kt\u00f3ry nas do ko\u0144ca umi\u0142owa\u0142, jest nasz\u0105 pomoc\u0105 i wsparciem, w ka\u017cdej nawet najtrudniejszej \u017cyciowej sytuacji. Pami\u0119tajmy, \u017ce \u017caden grzech nie stanowi dla Boga przeszkody, by okaza\u0107 cz\u0142owiekowi swoje Mi\u0142osierdzie. Pragnieniem Boga jest przebaczanie grzech\u00f3w, by cz\u0142owiek w swoim sercu i w \u017cyciu m\u00f3g\u0142 do\u015bwiadczy\u0107 pokoju i rado\u015bci. Amen.<br \/>\n(o.R.)<\/p>\n<\/div>\n","protected":false},"excerpt":{"rendered":"<p>Z liturgii V Niedzieli Wielkiego Postu \u2013 3 kwietnia 2022r. 1. czytanie (Iz 43, 16-21) Obietnica nowego wyzwolenia Czytanie z Ksi\u0119gi proroka Izajasza Tak m\u00f3wi Pan, kt\u00f3ry otworzy\u0142 drog\u0119 przez morze i \u015bcie\u017ck\u0119 przez pot\u0119\u017cne wody; kt\u00f3ry wyprowadzi\u0142 wozy i konie, tak\u017ce i pot\u0119\u017cne wojsko; upadli, ju\u017c nie powstan\u0105, zga\u015bli, jak knotek zostali zdmuchni\u0119ci. \u00abNie &hellip;<\/p>\n","protected":false},"author":2,"featured_media":22259,"comment_status":"closed","ping_status":"closed","sticky":false,"template":"","format":"standard","meta":{"_mi_skip_tracking":false,"_exactmetrics_sitenote_active":false,"_exactmetrics_sitenote_note":"","_exactmetrics_sitenote_category":0},"categories":[14],"tags":[],"yoast_head":"<!-- This site is optimized with the Yoast SEO plugin v18.1 - https:\/\/yoast.com\/wordpress\/plugins\/seo\/ -->\n<title>Do medytacji z kalwaryjskiego Wzg\u00f3rza \u2013 niedziela 03.04.2022r. - Pako\u015b\u0107 \u2013 Kalwaria<\/title>\n<meta name=\"robots\" content=\"index, follow, max-snippet:-1, max-image-preview:large, max-video-preview:-1\" \/>\n<link rel=\"canonical\" href=\"https:\/\/pakosc-kalwaria.franciszkanie.net\/index.php\/2022\/04\/03\/do-medytacji-z-kalwaryjskiego-wzgorza-niedziela-03-04-2022r\/\" \/>\n<meta property=\"og:locale\" content=\"pl_PL\" \/>\n<meta property=\"og:type\" content=\"article\" \/>\n<meta property=\"og:title\" content=\"Do medytacji z kalwaryjskiego Wzg\u00f3rza \u2013 niedziela 03.04.2022r. - Pako\u015b\u0107 \u2013 Kalwaria\" \/>\n<meta property=\"og:description\" content=\"Z liturgii V Niedzieli Wielkiego Postu \u2013 3 kwietnia 2022r. 1. czytanie (Iz 43, 16-21) Obietnica nowego wyzwolenia Czytanie z Ksi\u0119gi proroka Izajasza Tak m\u00f3wi Pan, kt\u00f3ry otworzy\u0142 drog\u0119 przez morze i \u015bcie\u017ck\u0119 przez pot\u0119\u017cne wody; kt\u00f3ry wyprowadzi\u0142 wozy i konie, tak\u017ce i pot\u0119\u017cne wojsko; upadli, ju\u017c nie powstan\u0105, zga\u015bli, jak knotek zostali zdmuchni\u0119ci. \u00abNie &hellip;\" \/>\n<meta property=\"og:url\" content=\"https:\/\/pakosc-kalwaria.franciszkanie.net\/index.php\/2022\/04\/03\/do-medytacji-z-kalwaryjskiego-wzgorza-niedziela-03-04-2022r\/\" \/>\n<meta property=\"og:site_name\" content=\"Pako\u015b\u0107 \u2013 Kalwaria\" \/>\n<meta property=\"article:author\" content=\"https:\/\/www.facebook.com\/KalwariaPakosc\/\" \/>\n<meta property=\"article:published_time\" content=\"2022-04-03T14:00:41+00:00\" \/>\n<meta property=\"article:modified_time\" content=\"2022-04-03T11:10:46+00:00\" \/>\n<meta property=\"og:image\" content=\"https:\/\/pakosc-kalwaria.franciszkanie.net\/wp-content\/uploads\/2022\/03\/W.-Post-2.jpg\" \/>\n\t<meta property=\"og:image:width\" content=\"400\" \/>\n\t<meta property=\"og:image:height\" content=\"225\" \/>\n\t<meta property=\"og:image:type\" content=\"image\/jpeg\" \/>\n<meta name=\"twitter:card\" content=\"summary\" \/>\n<meta name=\"twitter:label1\" content=\"Napisane przez\" \/>\n\t<meta name=\"twitter:data1\" content=\"pakosc-kalwaria\" \/>\n\t<meta name=\"twitter:label2\" content=\"Szacowany czas czytania\" \/>\n\t<meta name=\"twitter:data2\" content=\"8 minut\" \/>\n<script type=\"application\/ld+json\" class=\"yoast-schema-graph\">{\"@context\":\"https:\/\/schema.org\",\"@graph\":[{\"@type\":\"WebSite\",\"@id\":\"https:\/\/pakosc-kalwaria.franciszkanie.net\/#website\",\"url\":\"https:\/\/pakosc-kalwaria.franciszkanie.net\/\",\"name\":\"Pako\u015b\u0107 \u2013 Kalwaria\",\"description\":\"Parafia Rzymsko \u2013 Katolicka p.w. Pana Jezusa Ukrzy\u017cowanego i  Matki Bo\u017cej Bolesnej ul. Barci\u0144ska 60, 88\u2013170 Pako\u015b\u0107 \u2013 Kalwaria\",\"potentialAction\":[{\"@type\":\"SearchAction\",\"target\":{\"@type\":\"EntryPoint\",\"urlTemplate\":\"https:\/\/pakosc-kalwaria.franciszkanie.net\/?s={search_term_string}\"},\"query-input\":\"required name=search_term_string\"}],\"inLanguage\":\"pl-PL\"},{\"@type\":\"ImageObject\",\"@id\":\"https:\/\/pakosc-kalwaria.franciszkanie.net\/index.php\/2022\/04\/03\/do-medytacji-z-kalwaryjskiego-wzgorza-niedziela-03-04-2022r\/#primaryimage\",\"inLanguage\":\"pl-PL\",\"url\":\"https:\/\/pakosc-kalwaria.franciszkanie.net\/wp-content\/uploads\/2022\/03\/W.-Post-2.jpg\",\"contentUrl\":\"https:\/\/pakosc-kalwaria.franciszkanie.net\/wp-content\/uploads\/2022\/03\/W.-Post-2.jpg\",\"width\":400,\"height\":225},{\"@type\":\"WebPage\",\"@id\":\"https:\/\/pakosc-kalwaria.franciszkanie.net\/index.php\/2022\/04\/03\/do-medytacji-z-kalwaryjskiego-wzgorza-niedziela-03-04-2022r\/#webpage\",\"url\":\"https:\/\/pakosc-kalwaria.franciszkanie.net\/index.php\/2022\/04\/03\/do-medytacji-z-kalwaryjskiego-wzgorza-niedziela-03-04-2022r\/\",\"name\":\"Do medytacji z kalwaryjskiego Wzg\u00f3rza \u2013 niedziela 03.04.2022r. - Pako\u015b\u0107 \u2013 Kalwaria\",\"isPartOf\":{\"@id\":\"https:\/\/pakosc-kalwaria.franciszkanie.net\/#website\"},\"primaryImageOfPage\":{\"@id\":\"https:\/\/pakosc-kalwaria.franciszkanie.net\/index.php\/2022\/04\/03\/do-medytacji-z-kalwaryjskiego-wzgorza-niedziela-03-04-2022r\/#primaryimage\"},\"datePublished\":\"2022-04-03T14:00:41+00:00\",\"dateModified\":\"2022-04-03T11:10:46+00:00\",\"author\":{\"@id\":\"https:\/\/pakosc-kalwaria.franciszkanie.net\/#\/schema\/person\/af10b943be0760709227d060eadcb2aa\"},\"breadcrumb\":{\"@id\":\"https:\/\/pakosc-kalwaria.franciszkanie.net\/index.php\/2022\/04\/03\/do-medytacji-z-kalwaryjskiego-wzgorza-niedziela-03-04-2022r\/#breadcrumb\"},\"inLanguage\":\"pl-PL\",\"potentialAction\":[{\"@type\":\"ReadAction\",\"target\":[\"https:\/\/pakosc-kalwaria.franciszkanie.net\/index.php\/2022\/04\/03\/do-medytacji-z-kalwaryjskiego-wzgorza-niedziela-03-04-2022r\/\"]}]},{\"@type\":\"BreadcrumbList\",\"@id\":\"https:\/\/pakosc-kalwaria.franciszkanie.net\/index.php\/2022\/04\/03\/do-medytacji-z-kalwaryjskiego-wzgorza-niedziela-03-04-2022r\/#breadcrumb\",\"itemListElement\":[{\"@type\":\"ListItem\",\"position\":1,\"name\":\"Strona g\u0142\u00f3wna\",\"item\":\"https:\/\/pakosc-kalwaria.franciszkanie.net\/\"},{\"@type\":\"ListItem\",\"position\":2,\"name\":\"Do medytacji z kalwaryjskiego Wzg\u00f3rza \u2013 niedziela 03.04.2022r.\"}]},{\"@type\":\"Person\",\"@id\":\"https:\/\/pakosc-kalwaria.franciszkanie.net\/#\/schema\/person\/af10b943be0760709227d060eadcb2aa\",\"name\":\"pakosc-kalwaria\",\"image\":{\"@type\":\"ImageObject\",\"@id\":\"https:\/\/pakosc-kalwaria.franciszkanie.net\/#personlogo\",\"inLanguage\":\"pl-PL\",\"url\":\"https:\/\/secure.gravatar.com\/avatar\/e7049d338b55eac6a0027ff3218b8d02?s=96&d=mm&r=g\",\"contentUrl\":\"https:\/\/secure.gravatar.com\/avatar\/e7049d338b55eac6a0027ff3218b8d02?s=96&d=mm&r=g\",\"caption\":\"pakosc-kalwaria\"},\"sameAs\":[\"https:\/\/www.facebook.com\/KalwariaPakosc\/\"],\"url\":\"https:\/\/pakosc-kalwaria.franciszkanie.net\/index.php\/author\/pakosc-kalwaria\/\"}]}<\/script>\n<!-- \/ Yoast SEO plugin. -->","yoast_head_json":{"title":"Do medytacji z kalwaryjskiego Wzg\u00f3rza \u2013 niedziela 03.04.2022r. - Pako\u015b\u0107 \u2013 Kalwaria","robots":{"index":"index","follow":"follow","max-snippet":"max-snippet:-1","max-image-preview":"max-image-preview:large","max-video-preview":"max-video-preview:-1"},"canonical":"https:\/\/pakosc-kalwaria.franciszkanie.net\/index.php\/2022\/04\/03\/do-medytacji-z-kalwaryjskiego-wzgorza-niedziela-03-04-2022r\/","og_locale":"pl_PL","og_type":"article","og_title":"Do medytacji z kalwaryjskiego Wzg\u00f3rza \u2013 niedziela 03.04.2022r. - Pako\u015b\u0107 \u2013 Kalwaria","og_description":"Z liturgii V Niedzieli Wielkiego Postu \u2013 3 kwietnia 2022r. 1. czytanie (Iz 43, 16-21) Obietnica nowego wyzwolenia Czytanie z Ksi\u0119gi proroka Izajasza Tak m\u00f3wi Pan, kt\u00f3ry otworzy\u0142 drog\u0119 przez morze i \u015bcie\u017ck\u0119 przez pot\u0119\u017cne wody; kt\u00f3ry wyprowadzi\u0142 wozy i konie, tak\u017ce i pot\u0119\u017cne wojsko; upadli, ju\u017c nie powstan\u0105, zga\u015bli, jak knotek zostali zdmuchni\u0119ci. \u00abNie &hellip;","og_url":"https:\/\/pakosc-kalwaria.franciszkanie.net\/index.php\/2022\/04\/03\/do-medytacji-z-kalwaryjskiego-wzgorza-niedziela-03-04-2022r\/","og_site_name":"Pako\u015b\u0107 \u2013 Kalwaria","article_author":"https:\/\/www.facebook.com\/KalwariaPakosc\/","article_published_time":"2022-04-03T14:00:41+00:00","article_modified_time":"2022-04-03T11:10:46+00:00","og_image":[{"width":400,"height":225,"url":"https:\/\/pakosc-kalwaria.franciszkanie.net\/wp-content\/uploads\/2022\/03\/W.-Post-2.jpg","type":"image\/jpeg"}],"twitter_card":"summary","twitter_misc":{"Napisane przez":"pakosc-kalwaria","Szacowany czas czytania":"8 minut"},"schema":{"@context":"https:\/\/schema.org","@graph":[{"@type":"WebSite","@id":"https:\/\/pakosc-kalwaria.franciszkanie.net\/#website","url":"https:\/\/pakosc-kalwaria.franciszkanie.net\/","name":"Pako\u015b\u0107 \u2013 Kalwaria","description":"Parafia Rzymsko \u2013 Katolicka p.w. Pana Jezusa Ukrzy\u017cowanego i  Matki Bo\u017cej Bolesnej ul. Barci\u0144ska 60, 88\u2013170 Pako\u015b\u0107 \u2013 Kalwaria","potentialAction":[{"@type":"SearchAction","target":{"@type":"EntryPoint","urlTemplate":"https:\/\/pakosc-kalwaria.franciszkanie.net\/?s={search_term_string}"},"query-input":"required name=search_term_string"}],"inLanguage":"pl-PL"},{"@type":"ImageObject","@id":"https:\/\/pakosc-kalwaria.franciszkanie.net\/index.php\/2022\/04\/03\/do-medytacji-z-kalwaryjskiego-wzgorza-niedziela-03-04-2022r\/#primaryimage","inLanguage":"pl-PL","url":"https:\/\/pakosc-kalwaria.franciszkanie.net\/wp-content\/uploads\/2022\/03\/W.-Post-2.jpg","contentUrl":"https:\/\/pakosc-kalwaria.franciszkanie.net\/wp-content\/uploads\/2022\/03\/W.-Post-2.jpg","width":400,"height":225},{"@type":"WebPage","@id":"https:\/\/pakosc-kalwaria.franciszkanie.net\/index.php\/2022\/04\/03\/do-medytacji-z-kalwaryjskiego-wzgorza-niedziela-03-04-2022r\/#webpage","url":"https:\/\/pakosc-kalwaria.franciszkanie.net\/index.php\/2022\/04\/03\/do-medytacji-z-kalwaryjskiego-wzgorza-niedziela-03-04-2022r\/","name":"Do medytacji z kalwaryjskiego Wzg\u00f3rza \u2013 niedziela 03.04.2022r. - Pako\u015b\u0107 \u2013 Kalwaria","isPartOf":{"@id":"https:\/\/pakosc-kalwaria.franciszkanie.net\/#website"},"primaryImageOfPage":{"@id":"https:\/\/pakosc-kalwaria.franciszkanie.net\/index.php\/2022\/04\/03\/do-medytacji-z-kalwaryjskiego-wzgorza-niedziela-03-04-2022r\/#primaryimage"},"datePublished":"2022-04-03T14:00:41+00:00","dateModified":"2022-04-03T11:10:46+00:00","author":{"@id":"https:\/\/pakosc-kalwaria.franciszkanie.net\/#\/schema\/person\/af10b943be0760709227d060eadcb2aa"},"breadcrumb":{"@id":"https:\/\/pakosc-kalwaria.franciszkanie.net\/index.php\/2022\/04\/03\/do-medytacji-z-kalwaryjskiego-wzgorza-niedziela-03-04-2022r\/#breadcrumb"},"inLanguage":"pl-PL","potentialAction":[{"@type":"ReadAction","target":["https:\/\/pakosc-kalwaria.franciszkanie.net\/index.php\/2022\/04\/03\/do-medytacji-z-kalwaryjskiego-wzgorza-niedziela-03-04-2022r\/"]}]},{"@type":"BreadcrumbList","@id":"https:\/\/pakosc-kalwaria.franciszkanie.net\/index.php\/2022\/04\/03\/do-medytacji-z-kalwaryjskiego-wzgorza-niedziela-03-04-2022r\/#breadcrumb","itemListElement":[{"@type":"ListItem","position":1,"name":"Strona g\u0142\u00f3wna","item":"https:\/\/pakosc-kalwaria.franciszkanie.net\/"},{"@type":"ListItem","position":2,"name":"Do medytacji z kalwaryjskiego Wzg\u00f3rza \u2013 niedziela 03.04.2022r."}]},{"@type":"Person","@id":"https:\/\/pakosc-kalwaria.franciszkanie.net\/#\/schema\/person\/af10b943be0760709227d060eadcb2aa","name":"pakosc-kalwaria","image":{"@type":"ImageObject","@id":"https:\/\/pakosc-kalwaria.franciszkanie.net\/#personlogo","inLanguage":"pl-PL","url":"https:\/\/secure.gravatar.com\/avatar\/e7049d338b55eac6a0027ff3218b8d02?s=96&d=mm&r=g","contentUrl":"https:\/\/secure.gravatar.com\/avatar\/e7049d338b55eac6a0027ff3218b8d02?s=96&d=mm&r=g","caption":"pakosc-kalwaria"},"sameAs":["https:\/\/www.facebook.com\/KalwariaPakosc\/"],"url":"https:\/\/pakosc-kalwaria.franciszkanie.net\/index.php\/author\/pakosc-kalwaria\/"}]}},"_links":{"self":[{"href":"https:\/\/pakosc-kalwaria.franciszkanie.net\/index.php\/wp-json\/wp\/v2\/posts\/22354"}],"collection":[{"href":"https:\/\/pakosc-kalwaria.franciszkanie.net\/index.php\/wp-json\/wp\/v2\/posts"}],"about":[{"href":"https:\/\/pakosc-kalwaria.franciszkanie.net\/index.php\/wp-json\/wp\/v2\/types\/post"}],"author":[{"embeddable":true,"href":"https:\/\/pakosc-kalwaria.franciszkanie.net\/index.php\/wp-json\/wp\/v2\/users\/2"}],"replies":[{"embeddable":true,"href":"https:\/\/pakosc-kalwaria.franciszkanie.net\/index.php\/wp-json\/wp\/v2\/comments?post=22354"}],"version-history":[{"count":2,"href":"https:\/\/pakosc-kalwaria.franciszkanie.net\/index.php\/wp-json\/wp\/v2\/posts\/22354\/revisions"}],"predecessor-version":[{"id":22356,"href":"https:\/\/pakosc-kalwaria.franciszkanie.net\/index.php\/wp-json\/wp\/v2\/posts\/22354\/revisions\/22356"}],"wp:featuredmedia":[{"embeddable":true,"href":"https:\/\/pakosc-kalwaria.franciszkanie.net\/index.php\/wp-json\/wp\/v2\/media\/22259"}],"wp:attachment":[{"href":"https:\/\/pakosc-kalwaria.franciszkanie.net\/index.php\/wp-json\/wp\/v2\/media?parent=22354"}],"wp:term":[{"taxonomy":"category","embeddable":true,"href":"https:\/\/pakosc-kalwaria.franciszkanie.net\/index.php\/wp-json\/wp\/v2\/categories?post=22354"},{"taxonomy":"post_tag","embeddable":true,"href":"https:\/\/pakosc-kalwaria.franciszkanie.net\/index.php\/wp-json\/wp\/v2\/tags?post=22354"}],"curies":[{"name":"wp","href":"https:\/\/api.w.org\/{rel}","templated":true}]}}