{"id":22357,"date":"2022-04-14T07:15:31","date_gmt":"2022-04-14T05:15:31","guid":{"rendered":"http:\/\/pakosc-kalwaria.franciszkanie.net\/?p=22357"},"modified":"2022-04-20T20:14:23","modified_gmt":"2022-04-20T18:14:23","slug":"wazne-informacje-przed-bierzmowaniem-20-kwietnia","status":"publish","type":"post","link":"https:\/\/pakosc-kalwaria.franciszkanie.net\/index.php\/2022\/04\/14\/wazne-informacje-przed-bierzmowaniem-20-kwietnia\/","title":{"rendered":"Przed Bierzmowaniem 20 kwietnia"},"content":{"rendered":"<p><strong><span style=\"color: #ff0000;\">W ko\u015bciele \u015bw. Bonawentury<\/span> spotkania dla m\u0142odzie\u017cy obu pakoskich parafii przygotowuj\u0105ce do uroczysto\u015bci Sakramentu Bierzmowania:<\/strong><br \/>\n<strong>&#8211; w sobot\u0119 9 kwietnia<\/strong> <strong>o 18.00<\/strong> <strong>&#8211; Msza \u015bw. i spotkanie dla m\u0142odzie\u017cy <\/strong><br \/>\n<strong>&#8211; w Wielki Wtorek 12 kwietnia o 16.00 &#8211; pr\u00f3ba w ko\u015bciele i po niej Spowied\u017a \u015bwi\u0119ta<\/strong><br \/>\n<strong>&#8211; w Wielk\u0105 \u015arod\u0119 13 kwietnia o 16.00<\/strong> <strong>&#8211; pr\u00f3ba w ko\u015bciele<\/strong><br \/>\n<strong>&#8211; we wtorek 19 kwietnia\u00a0<\/strong> &#8211;<strong> pr\u00f3ba w ko\u015bciele (godzina zostanie podana)<\/strong><br \/>\n<span style=\"color: #ff0000;\"><strong><br \/>\nWe wtorek 19 kwietnia\u00a0 o 17.00 Msza \u015bwi\u0119ta na Wzg\u00f3rzu kalwaryjskim, <span style=\"color: #000000;\">w kt\u00f3rej uczestniczy m\u0142odzie\u017c przygotowuj\u0105ca si\u0119 do Bierzmowania w kalwaryjskiej Parafii. Po Mszy \u015bwi\u0119tej m\u0142odzie\u017c otrzyma\u00a0 kartki upowa\u017cniaj\u0105ce do przyj\u0119cia Sakramentu Bierzmowania.<\/span><\/strong> <\/span><\/p>\n<p><span style=\"color: #ff0000;\"><strong><span style=\"color: #ff0000;\">W\u00a0 \u015brod\u0119 20 kwietnia w ko\u015bciele \u015bw. Bonawentury o 17.00 Msza \u015bwi\u0119ta po\u0142\u0105czon<\/span>a z uroczysto\u015bci\u0105 udzielania Sakramentu Bierzmowania przez J. E. Ks.Biskupa Rados\u0142awa Orchowicza\u00a0<\/strong><\/span><\/p>\n","protected":false},"excerpt":{"rendered":"<p>W ko\u015bciele \u015bw. Bonawentury spotkania dla m\u0142odzie\u017cy obu pakoskich parafii przygotowuj\u0105ce do uroczysto\u015bci Sakramentu Bierzmowania: &#8211; w sobot\u0119 9 kwietnia o 18.00 &#8211; Msza \u015bw. i spotkanie dla m\u0142odzie\u017cy &#8211; w Wielki Wtorek 12 kwietnia o 16.00 &#8211; pr\u00f3ba w ko\u015bciele i po niej Spowied\u017a \u015bwi\u0119ta &#8211; w Wielk\u0105 \u015arod\u0119 13 kwietnia o 16.00 &#8211; &hellip;<\/p>\n","protected":false},"author":2,"featured_media":22358,"comment_status":"closed","ping_status":"closed","sticky":false,"template":"","format":"standard","meta":{"_mi_skip_tracking":false,"_exactmetrics_sitenote_active":false,"_exactmetrics_sitenote_note":"","_exactmetrics_sitenote_category":0},"categories":[13],"tags":[],"yoast_head":"<!-- This site is optimized with the Yoast SEO plugin v18.1 - https:\/\/yoast.com\/wordpress\/plugins\/seo\/ -->\n<title>Przed Bierzmowaniem 20 kwietnia - Pako\u015b\u0107 \u2013 Kalwaria<\/title>\n<meta name=\"robots\" content=\"index, follow, max-snippet:-1, max-image-preview:large, max-video-preview:-1\" \/>\n<link rel=\"canonical\" href=\"https:\/\/pakosc-kalwaria.franciszkanie.net\/index.php\/2022\/04\/14\/wazne-informacje-przed-bierzmowaniem-20-kwietnia\/\" \/>\n<meta property=\"og:locale\" content=\"pl_PL\" \/>\n<meta property=\"og:type\" content=\"article\" \/>\n<meta property=\"og:title\" content=\"Przed Bierzmowaniem 20 kwietnia - Pako\u015b\u0107 \u2013 Kalwaria\" \/>\n<meta property=\"og:description\" content=\"W ko\u015bciele \u015bw. Bonawentury spotkania dla m\u0142odzie\u017cy obu pakoskich parafii przygotowuj\u0105ce do uroczysto\u015bci Sakramentu Bierzmowania: &#8211; w sobot\u0119 9 kwietnia o 18.00 &#8211; Msza \u015bw. i spotkanie dla m\u0142odzie\u017cy &#8211; w Wielki Wtorek 12 kwietnia o 16.00 &#8211; pr\u00f3ba w ko\u015bciele i po niej Spowied\u017a \u015bwi\u0119ta &#8211; w Wielk\u0105 \u015arod\u0119 13 kwietnia o 16.00 &#8211; &hellip;\" \/>\n<meta property=\"og:url\" content=\"https:\/\/pakosc-kalwaria.franciszkanie.net\/index.php\/2022\/04\/14\/wazne-informacje-przed-bierzmowaniem-20-kwietnia\/\" \/>\n<meta property=\"og:site_name\" content=\"Pako\u015b\u0107 \u2013 Kalwaria\" \/>\n<meta property=\"article:author\" content=\"https:\/\/www.facebook.com\/KalwariaPakosc\/\" \/>\n<meta property=\"article:published_time\" content=\"2022-04-14T05:15:31+00:00\" \/>\n<meta property=\"article:modified_time\" content=\"2022-04-20T18:14:23+00:00\" \/>\n<meta property=\"og:image\" content=\"https:\/\/pakosc-kalwaria.franciszkanie.net\/wp-content\/uploads\/2022\/04\/Bierzmowanie.png\" \/>\n\t<meta property=\"og:image:width\" content=\"300\" \/>\n\t<meta property=\"og:image:height\" content=\"209\" \/>\n\t<meta property=\"og:image:type\" content=\"image\/png\" \/>\n<meta name=\"twitter:card\" content=\"summary\" \/>\n<meta name=\"twitter:label1\" content=\"Napisane przez\" \/>\n\t<meta name=\"twitter:data1\" content=\"pakosc-kalwaria\" \/>\n\t<meta name=\"twitter:label2\" content=\"Szacowany czas czytania\" \/>\n\t<meta name=\"twitter:data2\" content=\"1 minuta\" \/>\n<script type=\"application\/ld+json\" class=\"yoast-schema-graph\">{\"@context\":\"https:\/\/schema.org\",\"@graph\":[{\"@type\":\"WebSite\",\"@id\":\"https:\/\/pakosc-kalwaria.franciszkanie.net\/#website\",\"url\":\"https:\/\/pakosc-kalwaria.franciszkanie.net\/\",\"name\":\"Pako\u015b\u0107 \u2013 Kalwaria\",\"description\":\"Parafia Rzymsko \u2013 Katolicka p.w. Pana Jezusa Ukrzy\u017cowanego i  Matki Bo\u017cej Bolesnej ul. Barci\u0144ska 60, 88\u2013170 Pako\u015b\u0107 \u2013 Kalwaria\",\"potentialAction\":[{\"@type\":\"SearchAction\",\"target\":{\"@type\":\"EntryPoint\",\"urlTemplate\":\"https:\/\/pakosc-kalwaria.franciszkanie.net\/?s={search_term_string}\"},\"query-input\":\"required name=search_term_string\"}],\"inLanguage\":\"pl-PL\"},{\"@type\":\"ImageObject\",\"@id\":\"https:\/\/pakosc-kalwaria.franciszkanie.net\/index.php\/2022\/04\/14\/wazne-informacje-przed-bierzmowaniem-20-kwietnia\/#primaryimage\",\"inLanguage\":\"pl-PL\",\"url\":\"https:\/\/pakosc-kalwaria.franciszkanie.net\/wp-content\/uploads\/2022\/04\/Bierzmowanie.png\",\"contentUrl\":\"https:\/\/pakosc-kalwaria.franciszkanie.net\/wp-content\/uploads\/2022\/04\/Bierzmowanie.png\",\"width\":300,\"height\":209},{\"@type\":\"WebPage\",\"@id\":\"https:\/\/pakosc-kalwaria.franciszkanie.net\/index.php\/2022\/04\/14\/wazne-informacje-przed-bierzmowaniem-20-kwietnia\/#webpage\",\"url\":\"https:\/\/pakosc-kalwaria.franciszkanie.net\/index.php\/2022\/04\/14\/wazne-informacje-przed-bierzmowaniem-20-kwietnia\/\",\"name\":\"Przed Bierzmowaniem 20 kwietnia - Pako\u015b\u0107 \u2013 Kalwaria\",\"isPartOf\":{\"@id\":\"https:\/\/pakosc-kalwaria.franciszkanie.net\/#website\"},\"primaryImageOfPage\":{\"@id\":\"https:\/\/pakosc-kalwaria.franciszkanie.net\/index.php\/2022\/04\/14\/wazne-informacje-przed-bierzmowaniem-20-kwietnia\/#primaryimage\"},\"datePublished\":\"2022-04-14T05:15:31+00:00\",\"dateModified\":\"2022-04-20T18:14:23+00:00\",\"author\":{\"@id\":\"https:\/\/pakosc-kalwaria.franciszkanie.net\/#\/schema\/person\/af10b943be0760709227d060eadcb2aa\"},\"breadcrumb\":{\"@id\":\"https:\/\/pakosc-kalwaria.franciszkanie.net\/index.php\/2022\/04\/14\/wazne-informacje-przed-bierzmowaniem-20-kwietnia\/#breadcrumb\"},\"inLanguage\":\"pl-PL\",\"potentialAction\":[{\"@type\":\"ReadAction\",\"target\":[\"https:\/\/pakosc-kalwaria.franciszkanie.net\/index.php\/2022\/04\/14\/wazne-informacje-przed-bierzmowaniem-20-kwietnia\/\"]}]},{\"@type\":\"BreadcrumbList\",\"@id\":\"https:\/\/pakosc-kalwaria.franciszkanie.net\/index.php\/2022\/04\/14\/wazne-informacje-przed-bierzmowaniem-20-kwietnia\/#breadcrumb\",\"itemListElement\":[{\"@type\":\"ListItem\",\"position\":1,\"name\":\"Strona g\u0142\u00f3wna\",\"item\":\"https:\/\/pakosc-kalwaria.franciszkanie.net\/\"},{\"@type\":\"ListItem\",\"position\":2,\"name\":\"Przed Bierzmowaniem 20 kwietnia\"}]},{\"@type\":\"Person\",\"@id\":\"https:\/\/pakosc-kalwaria.franciszkanie.net\/#\/schema\/person\/af10b943be0760709227d060eadcb2aa\",\"name\":\"pakosc-kalwaria\",\"image\":{\"@type\":\"ImageObject\",\"@id\":\"https:\/\/pakosc-kalwaria.franciszkanie.net\/#personlogo\",\"inLanguage\":\"pl-PL\",\"url\":\"https:\/\/secure.gravatar.com\/avatar\/e7049d338b55eac6a0027ff3218b8d02?s=96&d=mm&r=g\",\"contentUrl\":\"https:\/\/secure.gravatar.com\/avatar\/e7049d338b55eac6a0027ff3218b8d02?s=96&d=mm&r=g\",\"caption\":\"pakosc-kalwaria\"},\"sameAs\":[\"https:\/\/www.facebook.com\/KalwariaPakosc\/\"],\"url\":\"https:\/\/pakosc-kalwaria.franciszkanie.net\/index.php\/author\/pakosc-kalwaria\/\"}]}<\/script>\n<!-- \/ Yoast SEO plugin. -->","yoast_head_json":{"title":"Przed Bierzmowaniem 20 kwietnia - Pako\u015b\u0107 \u2013 Kalwaria","robots":{"index":"index","follow":"follow","max-snippet":"max-snippet:-1","max-image-preview":"max-image-preview:large","max-video-preview":"max-video-preview:-1"},"canonical":"https:\/\/pakosc-kalwaria.franciszkanie.net\/index.php\/2022\/04\/14\/wazne-informacje-przed-bierzmowaniem-20-kwietnia\/","og_locale":"pl_PL","og_type":"article","og_title":"Przed Bierzmowaniem 20 kwietnia - Pako\u015b\u0107 \u2013 Kalwaria","og_description":"W ko\u015bciele \u015bw. Bonawentury spotkania dla m\u0142odzie\u017cy obu pakoskich parafii przygotowuj\u0105ce do uroczysto\u015bci Sakramentu Bierzmowania: &#8211; w sobot\u0119 9 kwietnia o 18.00 &#8211; Msza \u015bw. i spotkanie dla m\u0142odzie\u017cy &#8211; w Wielki Wtorek 12 kwietnia o 16.00 &#8211; pr\u00f3ba w ko\u015bciele i po niej Spowied\u017a \u015bwi\u0119ta &#8211; w Wielk\u0105 \u015arod\u0119 13 kwietnia o 16.00 &#8211; &hellip;","og_url":"https:\/\/pakosc-kalwaria.franciszkanie.net\/index.php\/2022\/04\/14\/wazne-informacje-przed-bierzmowaniem-20-kwietnia\/","og_site_name":"Pako\u015b\u0107 \u2013 Kalwaria","article_author":"https:\/\/www.facebook.com\/KalwariaPakosc\/","article_published_time":"2022-04-14T05:15:31+00:00","article_modified_time":"2022-04-20T18:14:23+00:00","og_image":[{"width":300,"height":209,"url":"https:\/\/pakosc-kalwaria.franciszkanie.net\/wp-content\/uploads\/2022\/04\/Bierzmowanie.png","type":"image\/png"}],"twitter_card":"summary","twitter_misc":{"Napisane przez":"pakosc-kalwaria","Szacowany czas czytania":"1 minuta"},"schema":{"@context":"https:\/\/schema.org","@graph":[{"@type":"WebSite","@id":"https:\/\/pakosc-kalwaria.franciszkanie.net\/#website","url":"https:\/\/pakosc-kalwaria.franciszkanie.net\/","name":"Pako\u015b\u0107 \u2013 Kalwaria","description":"Parafia Rzymsko \u2013 Katolicka p.w. Pana Jezusa Ukrzy\u017cowanego i  Matki Bo\u017cej Bolesnej ul. Barci\u0144ska 60, 88\u2013170 Pako\u015b\u0107 \u2013 Kalwaria","potentialAction":[{"@type":"SearchAction","target":{"@type":"EntryPoint","urlTemplate":"https:\/\/pakosc-kalwaria.franciszkanie.net\/?s={search_term_string}"},"query-input":"required name=search_term_string"}],"inLanguage":"pl-PL"},{"@type":"ImageObject","@id":"https:\/\/pakosc-kalwaria.franciszkanie.net\/index.php\/2022\/04\/14\/wazne-informacje-przed-bierzmowaniem-20-kwietnia\/#primaryimage","inLanguage":"pl-PL","url":"https:\/\/pakosc-kalwaria.franciszkanie.net\/wp-content\/uploads\/2022\/04\/Bierzmowanie.png","contentUrl":"https:\/\/pakosc-kalwaria.franciszkanie.net\/wp-content\/uploads\/2022\/04\/Bierzmowanie.png","width":300,"height":209},{"@type":"WebPage","@id":"https:\/\/pakosc-kalwaria.franciszkanie.net\/index.php\/2022\/04\/14\/wazne-informacje-przed-bierzmowaniem-20-kwietnia\/#webpage","url":"https:\/\/pakosc-kalwaria.franciszkanie.net\/index.php\/2022\/04\/14\/wazne-informacje-przed-bierzmowaniem-20-kwietnia\/","name":"Przed Bierzmowaniem 20 kwietnia - Pako\u015b\u0107 \u2013 Kalwaria","isPartOf":{"@id":"https:\/\/pakosc-kalwaria.franciszkanie.net\/#website"},"primaryImageOfPage":{"@id":"https:\/\/pakosc-kalwaria.franciszkanie.net\/index.php\/2022\/04\/14\/wazne-informacje-przed-bierzmowaniem-20-kwietnia\/#primaryimage"},"datePublished":"2022-04-14T05:15:31+00:00","dateModified":"2022-04-20T18:14:23+00:00","author":{"@id":"https:\/\/pakosc-kalwaria.franciszkanie.net\/#\/schema\/person\/af10b943be0760709227d060eadcb2aa"},"breadcrumb":{"@id":"https:\/\/pakosc-kalwaria.franciszkanie.net\/index.php\/2022\/04\/14\/wazne-informacje-przed-bierzmowaniem-20-kwietnia\/#breadcrumb"},"inLanguage":"pl-PL","potentialAction":[{"@type":"ReadAction","target":["https:\/\/pakosc-kalwaria.franciszkanie.net\/index.php\/2022\/04\/14\/wazne-informacje-przed-bierzmowaniem-20-kwietnia\/"]}]},{"@type":"BreadcrumbList","@id":"https:\/\/pakosc-kalwaria.franciszkanie.net\/index.php\/2022\/04\/14\/wazne-informacje-przed-bierzmowaniem-20-kwietnia\/#breadcrumb","itemListElement":[{"@type":"ListItem","position":1,"name":"Strona g\u0142\u00f3wna","item":"https:\/\/pakosc-kalwaria.franciszkanie.net\/"},{"@type":"ListItem","position":2,"name":"Przed Bierzmowaniem 20 kwietnia"}]},{"@type":"Person","@id":"https:\/\/pakosc-kalwaria.franciszkanie.net\/#\/schema\/person\/af10b943be0760709227d060eadcb2aa","name":"pakosc-kalwaria","image":{"@type":"ImageObject","@id":"https:\/\/pakosc-kalwaria.franciszkanie.net\/#personlogo","inLanguage":"pl-PL","url":"https:\/\/secure.gravatar.com\/avatar\/e7049d338b55eac6a0027ff3218b8d02?s=96&d=mm&r=g","contentUrl":"https:\/\/secure.gravatar.com\/avatar\/e7049d338b55eac6a0027ff3218b8d02?s=96&d=mm&r=g","caption":"pakosc-kalwaria"},"sameAs":["https:\/\/www.facebook.com\/KalwariaPakosc\/"],"url":"https:\/\/pakosc-kalwaria.franciszkanie.net\/index.php\/author\/pakosc-kalwaria\/"}]}},"_links":{"self":[{"href":"https:\/\/pakosc-kalwaria.franciszkanie.net\/index.php\/wp-json\/wp\/v2\/posts\/22357"}],"collection":[{"href":"https:\/\/pakosc-kalwaria.franciszkanie.net\/index.php\/wp-json\/wp\/v2\/posts"}],"about":[{"href":"https:\/\/pakosc-kalwaria.franciszkanie.net\/index.php\/wp-json\/wp\/v2\/types\/post"}],"author":[{"embeddable":true,"href":"https:\/\/pakosc-kalwaria.franciszkanie.net\/index.php\/wp-json\/wp\/v2\/users\/2"}],"replies":[{"embeddable":true,"href":"https:\/\/pakosc-kalwaria.franciszkanie.net\/index.php\/wp-json\/wp\/v2\/comments?post=22357"}],"version-history":[{"count":2,"href":"https:\/\/pakosc-kalwaria.franciszkanie.net\/index.php\/wp-json\/wp\/v2\/posts\/22357\/revisions"}],"predecessor-version":[{"id":22549,"href":"https:\/\/pakosc-kalwaria.franciszkanie.net\/index.php\/wp-json\/wp\/v2\/posts\/22357\/revisions\/22549"}],"wp:featuredmedia":[{"embeddable":true,"href":"https:\/\/pakosc-kalwaria.franciszkanie.net\/index.php\/wp-json\/wp\/v2\/media\/22358"}],"wp:attachment":[{"href":"https:\/\/pakosc-kalwaria.franciszkanie.net\/index.php\/wp-json\/wp\/v2\/media?parent=22357"}],"wp:term":[{"taxonomy":"category","embeddable":true,"href":"https:\/\/pakosc-kalwaria.franciszkanie.net\/index.php\/wp-json\/wp\/v2\/categories?post=22357"},{"taxonomy":"post_tag","embeddable":true,"href":"https:\/\/pakosc-kalwaria.franciszkanie.net\/index.php\/wp-json\/wp\/v2\/tags?post=22357"}],"curies":[{"name":"wp","href":"https:\/\/api.w.org\/{rel}","templated":true}]}}