{"id":22426,"date":"2022-04-07T22:57:11","date_gmt":"2022-04-07T20:57:11","guid":{"rendered":"http:\/\/pakosc-kalwaria.franciszkanie.net\/?p=22426"},"modified":"2022-04-07T22:57:32","modified_gmt":"2022-04-07T20:57:32","slug":"z-kalwaryjskiego-wzgorza-z-adoracji-i-modlitwy-za-malzenstwa-i-rodziny-z-7-kwietnia","status":"publish","type":"post","link":"https:\/\/pakosc-kalwaria.franciszkanie.net\/index.php\/2022\/04\/07\/z-kalwaryjskiego-wzgorza-z-adoracji-i-modlitwy-za-malzenstwa-i-rodziny-z-7-kwietnia\/","title":{"rendered":"Z kalwaryjskiego Wzg\u00f3rza z adoracji i modlitwy za Ma\u0142\u017ce\u0144stwa i Rodziny z 7 kwietnia"},"content":{"rendered":"<p><strong>Pie\u015b\u0144: <\/strong><strong>Wystawienie Naj\u015bwi\u0119tszego Sakramentu<br \/>\n<\/strong><strong><span style=\"color: #ff0000;\">Wprowadzenie:<\/span><br \/>\n<\/strong>\u00a0Panie Jezu, przywo\u0142ujemy na my\u015bl Ogr\u00f3d Oliwny zwany Getsemani i wypowiedziane tam ze smutkiem przez Ciebie s\u0142owa do Piotra: <strong>Tak, jednej godziny nie mogli\u015bcie czuwa\u0107 ze Mn\u0105?.<\/strong> Dzisiaj, w ramach przygotowania do X \u015awiatowego Spotkania Rodzin, kt\u00f3re odb\u0119dzie si\u0119 w czerwcu br. w Rzymie, pragniemy w\u0142a\u015bnie przez jedn\u0105 godzin\u0119 by\u0107 przy Tobie i adorowa\u0107 Ciebie, ukrytego pod postaci\u0105 chleba w Naj\u015bwi\u0119tszym Sakramencie. Nasz Odkupicielu i Zbawicielu, w trakcie tej adoracji chcemy, tak jak podczas Ostatniej Wieczerzy uczyni\u0142 to Tw\u00f3j umi\u0142owany ucze\u0144 \u015bw. Jan, oprze\u0107 g\u0142ow\u0119 na Twojej piersi i przylgn\u0105\u0107 do Twojego mi\u0142osiernego serca. Ws\u0142uchuj\u0105c si\u0119 w s\u0142owa Ewangelii oraz fragmenty adhortacji Amoris Laetitia Ojca \u015awi\u0119tego Franciszka a tak\u017ce modl\u0105c si\u0119 i \u015bpiewaj\u0105c pragniemy podj\u0105\u0107 z Tob\u0105 mi\u0142osny dialog o nas samych, o \u00a0ma\u0142\u017ce\u0144stwach i rodzinach. W chwilach ciszy, kontempluj\u0105c prawd\u0119 o rodzinie, kt\u00f3rej fundamentem jest Sakrament Ma\u0142\u017ce\u0144stwa b\u0119dziemy w pokorze otwiera\u0107 na o\u015bcie\u017c serce i umys\u0142, aby w Twojej obecno\u015bci uzmys\u0142owi\u0107 sobie na nowo to, co jest wsp\u00f3\u0142cze\u015bnie niebezpieczne dla ma\u0142\u017conk\u00f3w, dzieci i rodzin. To, co niszczy mi\u0142o\u015b\u0107 ma\u0142\u017ce\u0144sk\u0105 i rodzicielsk\u0105. Panie Jezu, obecny w Eucharystycznym Chlebie kl\u0119kaj\u0105c przed Tob\u0105 prosimy Ci\u0119, aby\u015b moc\u0105 Ducha \u015awi\u0119tego uzdolni\u0142 nas i naszych bliskich do odwa\u017cnego stawiania czo\u0142a wyzwaniom, kt\u00f3rych podj\u0119cie jest nieodzowne, aby ochroni\u0107 rodziny przed naporem cywilizacji \u015bmierci. Kochany Panie Jezu, przymn\u00f3\u017c nam wiary, nadziei i mi\u0142o\u015bci, aby\u015bmy byli w naszych ma\u0142\u017ce\u0144stwach i rodzinach Twoimi \u015bwiadkami, a przez to mogli w swoich wsp\u00f3lnotach do\u015bwiadcza\u0107 rado\u015bci mi\u0142o\u015bci, kt\u00f3ra w Tobie ma swoje niewyczerpuj\u0105ce si\u0119 \u017ar\u00f3d\u0142o.<\/p>\n<p><strong><span style=\"color: #ff0000;\">Czytanie S\u0142owa Bo\u017cego i rozwa\u017canie w ciszy serca<\/span><br \/>\n<\/strong><strong>Ws\u0142uchuj\u0105c si\u0119 w s\u0142owa Ewangelii \u015bw. Mateusza rozwa\u017cmy w g\u0142\u0119bi serca, czy rzeczywi\u015bcie bezwarunkowo uznajemy nierozerwalno\u015b\u0107 ma\u0142\u017ce\u0144stwa.<br \/>\nZ Ewangelii \u015bw. Mateusza (Mt 19, 1-9) <\/strong>\u201cGdy Jezus doko\u0144czy\u0142 tych m\u00f3w, opu\u015bci\u0142 Galile\u0119 i przeni\u00f3s\u0142 si\u0119 w granice Judei za Jordan. Posz\u0142y za Nim wielkie t\u0142umy, i tam ich uzdrowi\u0142. Wtedy przyst\u0105pili do Niego faryzeusze, chc\u0105c Go wystawi\u0107 na pr\u00f3b\u0119, i zadali Mu pytanie: \u00abCzy wolno oddali\u0107 swoj\u0105 \u017con\u0119 z jakiegokolwiek powodu?\u00bb On odpowiedzia\u0142: \u00abCzy nie czytali\u015bcie, \u017ce Stw\u00f3rca od pocz\u0105tku stworzy\u0142 ich jako m\u0119\u017cczyzn\u0119 i kobiet\u0119? I rzek\u0142: Dlatego opu\u015bci cz\u0142owiek ojca i matk\u0119 i z\u0142\u0105czy si\u0119 ze swoj\u0105 \u017con\u0105, i b\u0119d\u0105 oboje jednym cia\u0142em. A tak ju\u017c nie s\u0105 dwoje, lecz jedno cia\u0142o. Co wi\u0119c B\u00f3g z\u0142\u0105czy\u0142, niech cz\u0142owiek nie rozdziela\u00bb. Odparli Mu: \u00abCzemu wi\u0119c Moj\u017cesz poleci\u0142 da\u0107 jej list rozwodowy i odprawi\u0107 j\u0105?\u00bb Odpowiedzia\u0142 im: \u00abPrzez wzgl\u0105d na zatwardzia\u0142o\u015b\u0107 serc waszych pozwoli\u0142 wam Moj\u017cesz oddala\u0107 wasze \u017cony; lecz od pocz\u0105tku tak nie by\u0142o. A powiadam wam: Kto oddala swoj\u0105 \u017con\u0119 &#8211; chyba w wypadku nierz\u0105du &#8211; a bierze inn\u0105, pope\u0142nia cudzo\u0142\u00f3stwo. I kto oddalon\u0105 bierze za \u017con\u0119, pope\u0142nia cudzo\u0142\u00f3stwo\u00bb.\u201d<strong> \u00a0\u00a0\u00a0\u00a0 <\/strong><\/p>\n<p><strong><span style=\"color: #ff0000;\">Odczytanie fragment\u00f3w z Amoris Laetitia i rozmy\u015blanie nad postawionymi pytaniami<\/span><\/strong><br \/>\n<strong>1\/<\/strong> \u201c\u0141atwo dzi\u015b pomyli\u0107 prawdziw\u0105 wolno\u015b\u0107 z ide\u0105, \u017ce ka\u017cdy os\u0105dza wed\u0142ug w\u0142asnego widzi mi si\u0119, jakby poza indywidualnymi osobami nie by\u0142o \u017cadnych prawd, warto\u015bci, zasad, kt\u00f3re nas ukierunkowuj\u0105, jak gdyby wszystko by\u0142o r\u00f3wne i na wszystko powinno si\u0119 pozwoli\u0107. W tym kontek\u015bcie idea\u0142 ma\u0142\u017ce\u0144stwa, z zaanga\u017cowaniem wy\u0142\u0105czno\u015bci i stabilno\u015bci, okazuje si\u0119 zniszczony przez okoliczno\u015bciowe konwenanse lub kaprysy wra\u017cliwo\u015bci. Ludzie obawiaj\u0105 si\u0119 samotno\u015bci, pragn\u0105 przestrzeni ochrony i wierno\u015bci, ale jednocze\u015bnie zwi\u0119ksza si\u0119 strach przed uwi\u0119zieniem przez relacj\u0119, kt\u00f3ra mog\u0142aby odroczy\u0107 osi\u0105gni\u0119cie aspiracji osobistych. \u201c (AL 34) <strong>Czy nasza hierarchia warto\u015bci jest chrze\u015bcija\u0144ska?<\/strong>\u00a0<strong> \u00a0\u00a0\u00a0\u00a0\u00a0\u00a0\u00a0\u00a0 <\/strong><\/p>\n<p><strong>2\/ <\/strong>\u201cPrawd\u0105 jest, \u017ce prawe sumienie ma\u0142\u017conk\u00f3w, je\u015bli byli dot\u0105d bardzo hojni w przekazywaniu \u017cycia, mo\u017ce prowadzi\u0107 do decyzji o ograniczeniu liczby dzieci z wystarczaj\u0105co powa\u017cnych powod\u00f3w, ale tak\u017ce prawd\u0105 jest, \u017ce \u201eze wzgl\u0119du na umi\u0142owanie tej godno\u015bci sumienia Ko\u015bci\u00f3\u0142 odrzuca ze wszystkich si\u0142 dzia\u0142ania pa\u0144stwa przymuszaj\u0105ce do antykoncepcji, sterylizacji, czy wr\u0119cz aborcji\u201d. \u015arodki te s\u0105 nie do przyj\u0119cia,\u201d (AL 42). <strong>Czy mamy \u015bwiadomo\u015b\u0107 grzeszno\u015bci stosowania antykoncepcji?<\/strong><br \/>\n<strong><br \/>\n3\/ <\/strong>\u201cNie dostrzega si\u0119 ju\u017c wyra\u017anie, \u017ce tylko wy\u0142\u0105czny i nierozerwalny zwi\u0105zek mi\u0119dzy m\u0119\u017cczyzn\u0105 a kobiet\u0105 realizuje w pe\u0142ni funkcj\u0119 spo\u0142eczn\u0105, b\u0119d\u0105c zaanga\u017cowaniem stabilnym i umo\u017cliwiaj\u0105cym p\u0142odno\u015b\u0107. Musimy uzna\u0107 wiele r\u00f3\u017cnych sytuacji rodzinnych, kt\u00f3re mog\u0105 zapewni\u0107 jak\u0105\u015b regu\u0142\u0119 \u017cycia, ale zwi\u0105zk\u00f3w nieformalnych lub na przyk\u0142ad mi\u0119dzy osobami tej samej p\u0142ci, nie mo\u017cna zwyczajnie zr\u00f3wnywa\u0107 z ma\u0142\u017ce\u0144stwem. \u017baden zwi\u0105zek niepewny lub zamkni\u0119ty na przekazywanie \u017cycia nie zapewnia nam przysz\u0142o\u015bci spo\u0142ecze\u0144stwa.\u201d (AL 52) <strong>Czy uto\u017csamiam si\u0119 z ocen\u0105 moraln\u0105 Ko\u015bcio\u0142a na temat ideologii gender?\u00a0 <\/strong>\u00a0\u00a0\u00a0 <strong><br \/>\n<\/strong><\/p>\n<p><span style=\"color: #ff0000;\"><strong>Adoracja w ciszy nad tekstem z adhortacji AMORIS LAETITIA <\/strong><\/span><em>\u201c<\/em>Wielu nie dostrzega, \u017ce or\u0119dzie Ko\u015bcio\u0142a o ma\u0142\u017ce\u0144stwie i rodzinie jest wyra\u017anym, jasnym odzwierciedleniem nauczania i postawy Pana Jezusa, kt\u00f3ry proponuj\u0105c wymagaj\u0105cy idea\u0142 jednocze\u015bnie nigdy nie straci\u0142 wsp\u00f3\u0142czuj\u0105cej blisko\u015bci wobec os\u00f3b s\u0142abych, jak Samarytanka czy kobieta cudzo\u0142o\u017cna.<em>\u201d <\/em>(AL 38) <strong>\u2013<\/strong> <strong>okazja do \u00a0Spowiedzi \u015bwi\u0119tej <\/strong><\/p>\n<p><span style=\"color: #ff0000;\"><strong>\u00a0<\/strong><strong>Modlitwa dzi\u0119kczynna: <\/strong><\/span><strong><span style=\"color: #ff0000;\">Dzi\u0119kujemy Ci, nasz Zbawicielu<\/span><br \/>\n<\/strong>&#8211; za ma\u0142\u017ce\u0144stwa i rodziny Bogiem silne<br \/>\n&#8211; za sakrament pokuty i pojednania, kt\u00f3ry jest szko\u0142\u0105 mi\u0142owania prawdy<br \/>\n&#8211; za r\u00f3wn\u0105 godno\u015b\u0107 m\u0119\u017cczyzny i kobiety<br \/>\n&#8211; za osoby i instytucje wspieraj\u0105ce rodziny<br \/>\n&#8211; za napominaj\u0105cych nas z mi\u0142o\u015bci\u0105<br \/>\n&#8211; za rodziny anga\u017cuj\u0105ce si\u0119 w Ko\u015bciele<\/p>\n<p><span style=\"color: #ff0000;\"><strong>Modlitwa przeproszenia: <\/strong><\/span><strong><span style=\"color: #ff0000;\">Przepraszamy Ci\u0119, nasz Odkupicielu<\/span><br \/>\n<\/strong>&#8211; Za akty agresji w rodzinach<br \/>\n&#8211; Za indywidualizm, kt\u00f3ry niszczy wi\u0119zi rodzinne<br \/>\n&#8211; Za stawianie siebie w miejsce Boga<br \/>\n&#8211; Za odrzucanie daru p\u0142odno\u015bci<br \/>\n&#8211; Za b\u0142\u0119dy i brak troski w religijnym wychowywaniu dzieci<br \/>\n&#8211; Za chwile zniech\u0119cenia w s\u0142u\u017cbie ma\u0142\u017ce\u0144stwom i rodzinom<\/p>\n<p><span style=\"color: #ff0000;\"><strong>\u00a0<\/strong><strong>Modlitwa pro\u015bby:<\/strong><\/span><strong><span style=\"color: #ff0000;\"> Prosimy Ci\u0119, kochany Panie<\/span><br \/>\n<\/strong>&#8211; o ustanie przemocy w ma\u0142\u017ce\u0144stwach i rodzinach<br \/>\n&#8211; o umiej\u0119tno\u015b\u0107 szanowania os\u00f3b niepe\u0142nosprawnych i starszych<br \/>\n&#8211; o ochron\u0119 naszych rodzin przed genderow\u0105 deprawacj\u0105<br \/>\n&#8211; o zapa\u0142 do czynienia dobra<br \/>\n&#8211; o \u0142ask\u0119 konsekwentnej i pe\u0142nej po\u015bwi\u0119cenia wiary<br \/>\n&#8211; o rodziny, w kt\u00f3rych rodzicielski wzorzec b\u0119dzie sprzyja\u0142 odkryciu przez m\u0142odych powo\u0142ania do kap\u0142a\u0144stwa i \u017cycia konsekrowanego<\/p>\n<p><span style=\"color: #ff0000;\"><strong>Modlitwa uwielbienia: <\/strong><\/span><strong><span style=\"color: #ff0000;\">Uwielbiamy Ci\u0119, nasz Kr\u00f3lu<\/span><br \/>\n<\/strong>&#8211; w ka\u017cdym uratowanym od rozpadu ma\u0142\u017ce\u0144stwie<br \/>\n&#8211; w porzuconych ma\u0142\u017conkach, kt\u00f3rzy pozostaj\u0105 wierni ma\u0142\u017ce\u0144skiemu przymierzu<br \/>\n&#8211; w przezwyci\u0119\u017caniu konflikt\u00f3w ma\u0142\u017ce\u0144skich i rodzinnych<br \/>\n&#8211; w pocz\u0119tych i jeszcze nienarodzonych dzieciach<br \/>\n&#8211; w \u017cyciu naszych bab\u0107 i dziadk\u00f3w<br \/>\n&#8211; w ka\u017cdej rodzinie przyznaj\u0105cej si\u0119 do Ciebie i Twojej Matki Maryi Dziewicy<\/p>\n<p><span style=\"color: #ff0000;\"><strong>10. R\u00f3\u017ca\u0144ca <\/strong>&#8211; <\/span><strong><span style=\"color: #ff0000;\">w intencji ma\u0142\u017ce\u0144stw zagro\u017conych rozpadem i rodzin prze\u017cywaj\u0105cych trudno\u015bci<\/span><br \/>\n<\/strong><strong>IV Tajemnica Bolesna R\u00f3\u017ca\u0144ca \u015awi\u0119tego: Droga krzy\u017cowa Pana Jezusa na Kalwari\u0119.<br \/>\n<\/strong>Mi\u0142o\u015b\u0107 i krzy\u017c to nierozerwalna jedno\u015b\u0107. W obliczu przeciwno\u015bci z jakimi przychodzi mierzy\u0107 si\u0119 ma\u0142\u017ce\u0144stwom i rodzinom nie wolno zapomina\u0107 o tym, \u017ce ich pokonywaniu zawsze towarzyszy Pan Jezus. Nikogo nie pozostawia samego. A kiedy cierpimy broni\u0105c prawdy i pi\u0119kna ma\u0142\u017ce\u0144stwa i rodziny, On cierpi wraz z nami. Oby\u015bmy nigdy nie ulegli pokusie \u0142atwych rozwi\u0105za\u0144 i nie porzucili krzy\u017ca zagro\u017ce\u0144 i wyzwa\u0144 ma\u0142\u017ce\u0144sko-rodzinnych, cho\u0107by nie wiadomo, jak by\u0142 ci\u0119\u017cki. Nie \u0142ud\u017amy si\u0119, mi\u0142o\u015bci bez krzy\u017ca nie znajdziemy, a krzy\u017ca bez mi\u0142o\u015bci nie ud\u017awigniemy, jak zauwa\u017cy\u0142 \u015bw. Jan Pawe\u0142 II.<\/p>\n<p><strong><span style=\"color: #ff0000;\">MODLITWA OJCA \u015aWI\u0118TEGO FRANCISZKA DO \u015aWI\u0118TEJ RODZINY &#8211; ZA RODZINY<\/span><br \/>\n<\/strong>Jezusie, Maryjo i J\u00f3zefie ku Wam, \u015awi\u0119ta Rodzino z Nazaretu, kierujemy dzi\u015b nasze spojrzenie z podziwem i zaufaniem; w Was rozwa\u017camy pi\u0119kno jedno\u015bci w mi\u0142o\u015bci prawdziwej; Wam polecamy wszystkie nasze rodziny, aby odnowi\u0142y si\u0119 w nich cuda \u0142aski. \u015awi\u0119ta Rodzino z Nazaretu, poci\u0105gaj\u0105ca szko\u0142o \u015bwi\u0119tej Ewangelii: Naucz nas na\u015bladowa\u0107 Twoje cnoty m\u0105dr\u0105 dyscyplin\u0105 duchow\u0105, daj nam jasne spojrzenie umiej\u0105ce rozpozna\u0107 dzie\u0142o Opatrzno\u015bci w codziennych realiach \u017cycia. \u015awi\u0119ta Rodzino z Nazaretu, wierna stra\u017cniczko tajemnicy zbawienia: spraw, by odrodzi\u0142 si\u0119 w nas szacunek dla milczenia, uczy\u0144 nasze rodziny Wieczernikami modlitwy i przekszta\u0142ci\u0107 je w ma\u0142e Ko\u015bcio\u0142y domowe, odn\u00f3w pragnienie \u015bwi\u0119to\u015bci, wspieraj szlachetny trud pracy, wychowania, s\u0142uchania, wzajemnego zrozumienia i przebaczenia. \u015awi\u0119ta Rodzina z Nazaretu, rozbud\u017a w naszym spo\u0142ecze\u0144stwie \u015bwiadomo\u015b\u0107 sakralnego i nienaruszalnego charakteru rodziny, dobra nieocenionego, kt\u00f3rego nic nie mo\u017ce zast\u0105pi\u0107. Niech ka\u017cda rodzina stanie si\u0119 go\u015bcinnym mieszkaniem dobroci i pokoju dla dzieci i os\u00f3b starszych, dla chorych i samotnych, dla ubogich i potrzebuj\u0105cych pomocy. Jezusie, Maryjo i J\u00f3zefie z ufno\u015bci\u0105 Was b\u0142agamy, Wam si\u0119 z rado\u015bci\u0105 powierzamy.<\/p>\n<p><strong>Indywidualne b\u0142ogos\u0142awie\u0144stwo <\/strong><strong>Naj\u015bwi\u0119tszym Sakramentem <\/strong><strong>ma\u0142\u017conk\u00f3w, rodzin, os\u00f3b <\/strong>\u2013 na kl\u0119czniku<br \/>\n<strong>Modlitwa na ko\u0144cowe b\u0142ogos\u0142awie\u0144stwo<\/strong><br \/>\n<strong>B\u0142ogos\u0142awie\u0144stwo og\u00f3lne <\/strong><\/p>\n","protected":false},"excerpt":{"rendered":"<p>Pie\u015b\u0144: Wystawienie Naj\u015bwi\u0119tszego Sakramentu Wprowadzenie: \u00a0Panie Jezu, przywo\u0142ujemy na my\u015bl Ogr\u00f3d Oliwny zwany Getsemani i wypowiedziane tam ze smutkiem przez Ciebie s\u0142owa do Piotra: Tak, jednej godziny nie mogli\u015bcie czuwa\u0107 ze Mn\u0105?. Dzisiaj, w ramach przygotowania do X \u015awiatowego Spotkania Rodzin, kt\u00f3re odb\u0119dzie si\u0119 w czerwcu br. w Rzymie, pragniemy w\u0142a\u015bnie przez jedn\u0105 godzin\u0119 by\u0107 &hellip;<\/p>\n","protected":false},"author":2,"featured_media":22346,"comment_status":"closed","ping_status":"closed","sticky":false,"template":"","format":"standard","meta":{"_mi_skip_tracking":false,"_exactmetrics_sitenote_active":false,"_exactmetrics_sitenote_note":"","_exactmetrics_sitenote_category":0},"categories":[14],"tags":[],"yoast_head":"<!-- This site is optimized with the Yoast SEO plugin v18.1 - https:\/\/yoast.com\/wordpress\/plugins\/seo\/ -->\n<title>Z kalwaryjskiego Wzg\u00f3rza z adoracji i modlitwy za Ma\u0142\u017ce\u0144stwa i Rodziny z 7 kwietnia - Pako\u015b\u0107 \u2013 Kalwaria<\/title>\n<meta name=\"robots\" content=\"index, follow, max-snippet:-1, max-image-preview:large, max-video-preview:-1\" \/>\n<link rel=\"canonical\" href=\"https:\/\/pakosc-kalwaria.franciszkanie.net\/index.php\/2022\/04\/07\/z-kalwaryjskiego-wzgorza-z-adoracji-i-modlitwy-za-malzenstwa-i-rodziny-z-7-kwietnia\/\" \/>\n<meta property=\"og:locale\" content=\"pl_PL\" \/>\n<meta property=\"og:type\" content=\"article\" \/>\n<meta property=\"og:title\" content=\"Z kalwaryjskiego Wzg\u00f3rza z adoracji i modlitwy za Ma\u0142\u017ce\u0144stwa i Rodziny z 7 kwietnia - Pako\u015b\u0107 \u2013 Kalwaria\" \/>\n<meta property=\"og:description\" content=\"Pie\u015b\u0144: Wystawienie Naj\u015bwi\u0119tszego Sakramentu Wprowadzenie: \u00a0Panie Jezu, przywo\u0142ujemy na my\u015bl Ogr\u00f3d Oliwny zwany Getsemani i wypowiedziane tam ze smutkiem przez Ciebie s\u0142owa do Piotra: Tak, jednej godziny nie mogli\u015bcie czuwa\u0107 ze Mn\u0105?. Dzisiaj, w ramach przygotowania do X \u015awiatowego Spotkania Rodzin, kt\u00f3re odb\u0119dzie si\u0119 w czerwcu br. w Rzymie, pragniemy w\u0142a\u015bnie przez jedn\u0105 godzin\u0119 by\u0107 &hellip;\" \/>\n<meta property=\"og:url\" content=\"https:\/\/pakosc-kalwaria.franciszkanie.net\/index.php\/2022\/04\/07\/z-kalwaryjskiego-wzgorza-z-adoracji-i-modlitwy-za-malzenstwa-i-rodziny-z-7-kwietnia\/\" \/>\n<meta property=\"og:site_name\" content=\"Pako\u015b\u0107 \u2013 Kalwaria\" \/>\n<meta property=\"article:author\" content=\"https:\/\/www.facebook.com\/KalwariaPakosc\/\" \/>\n<meta property=\"article:published_time\" content=\"2022-04-07T20:57:11+00:00\" \/>\n<meta property=\"article:modified_time\" content=\"2022-04-07T20:57:32+00:00\" \/>\n<meta property=\"og:image\" content=\"https:\/\/pakosc-kalwaria.franciszkanie.net\/wp-content\/uploads\/2022\/04\/IMG_5717.jpg\" \/>\n\t<meta property=\"og:image:width\" content=\"350\" \/>\n\t<meta property=\"og:image:height\" content=\"233\" \/>\n\t<meta property=\"og:image:type\" content=\"image\/jpeg\" \/>\n<meta name=\"twitter:card\" content=\"summary\" \/>\n<meta name=\"twitter:label1\" content=\"Napisane przez\" \/>\n\t<meta name=\"twitter:data1\" content=\"pakosc-kalwaria\" \/>\n\t<meta name=\"twitter:label2\" content=\"Szacowany czas czytania\" \/>\n\t<meta name=\"twitter:data2\" content=\"8 minut\" \/>\n<script type=\"application\/ld+json\" class=\"yoast-schema-graph\">{\"@context\":\"https:\/\/schema.org\",\"@graph\":[{\"@type\":\"WebSite\",\"@id\":\"https:\/\/pakosc-kalwaria.franciszkanie.net\/#website\",\"url\":\"https:\/\/pakosc-kalwaria.franciszkanie.net\/\",\"name\":\"Pako\u015b\u0107 \u2013 Kalwaria\",\"description\":\"Parafia Rzymsko \u2013 Katolicka p.w. Pana Jezusa Ukrzy\u017cowanego i  Matki Bo\u017cej Bolesnej ul. Barci\u0144ska 60, 88\u2013170 Pako\u015b\u0107 \u2013 Kalwaria\",\"potentialAction\":[{\"@type\":\"SearchAction\",\"target\":{\"@type\":\"EntryPoint\",\"urlTemplate\":\"https:\/\/pakosc-kalwaria.franciszkanie.net\/?s={search_term_string}\"},\"query-input\":\"required name=search_term_string\"}],\"inLanguage\":\"pl-PL\"},{\"@type\":\"ImageObject\",\"@id\":\"https:\/\/pakosc-kalwaria.franciszkanie.net\/index.php\/2022\/04\/07\/z-kalwaryjskiego-wzgorza-z-adoracji-i-modlitwy-za-malzenstwa-i-rodziny-z-7-kwietnia\/#primaryimage\",\"inLanguage\":\"pl-PL\",\"url\":\"https:\/\/pakosc-kalwaria.franciszkanie.net\/wp-content\/uploads\/2022\/04\/IMG_5717.jpg\",\"contentUrl\":\"https:\/\/pakosc-kalwaria.franciszkanie.net\/wp-content\/uploads\/2022\/04\/IMG_5717.jpg\",\"width\":350,\"height\":233},{\"@type\":\"WebPage\",\"@id\":\"https:\/\/pakosc-kalwaria.franciszkanie.net\/index.php\/2022\/04\/07\/z-kalwaryjskiego-wzgorza-z-adoracji-i-modlitwy-za-malzenstwa-i-rodziny-z-7-kwietnia\/#webpage\",\"url\":\"https:\/\/pakosc-kalwaria.franciszkanie.net\/index.php\/2022\/04\/07\/z-kalwaryjskiego-wzgorza-z-adoracji-i-modlitwy-za-malzenstwa-i-rodziny-z-7-kwietnia\/\",\"name\":\"Z kalwaryjskiego Wzg\u00f3rza z adoracji i modlitwy za Ma\u0142\u017ce\u0144stwa i Rodziny z 7 kwietnia - Pako\u015b\u0107 \u2013 Kalwaria\",\"isPartOf\":{\"@id\":\"https:\/\/pakosc-kalwaria.franciszkanie.net\/#website\"},\"primaryImageOfPage\":{\"@id\":\"https:\/\/pakosc-kalwaria.franciszkanie.net\/index.php\/2022\/04\/07\/z-kalwaryjskiego-wzgorza-z-adoracji-i-modlitwy-za-malzenstwa-i-rodziny-z-7-kwietnia\/#primaryimage\"},\"datePublished\":\"2022-04-07T20:57:11+00:00\",\"dateModified\":\"2022-04-07T20:57:32+00:00\",\"author\":{\"@id\":\"https:\/\/pakosc-kalwaria.franciszkanie.net\/#\/schema\/person\/af10b943be0760709227d060eadcb2aa\"},\"breadcrumb\":{\"@id\":\"https:\/\/pakosc-kalwaria.franciszkanie.net\/index.php\/2022\/04\/07\/z-kalwaryjskiego-wzgorza-z-adoracji-i-modlitwy-za-malzenstwa-i-rodziny-z-7-kwietnia\/#breadcrumb\"},\"inLanguage\":\"pl-PL\",\"potentialAction\":[{\"@type\":\"ReadAction\",\"target\":[\"https:\/\/pakosc-kalwaria.franciszkanie.net\/index.php\/2022\/04\/07\/z-kalwaryjskiego-wzgorza-z-adoracji-i-modlitwy-za-malzenstwa-i-rodziny-z-7-kwietnia\/\"]}]},{\"@type\":\"BreadcrumbList\",\"@id\":\"https:\/\/pakosc-kalwaria.franciszkanie.net\/index.php\/2022\/04\/07\/z-kalwaryjskiego-wzgorza-z-adoracji-i-modlitwy-za-malzenstwa-i-rodziny-z-7-kwietnia\/#breadcrumb\",\"itemListElement\":[{\"@type\":\"ListItem\",\"position\":1,\"name\":\"Strona g\u0142\u00f3wna\",\"item\":\"https:\/\/pakosc-kalwaria.franciszkanie.net\/\"},{\"@type\":\"ListItem\",\"position\":2,\"name\":\"Z kalwaryjskiego Wzg\u00f3rza z adoracji i modlitwy za Ma\u0142\u017ce\u0144stwa i Rodziny z 7 kwietnia\"}]},{\"@type\":\"Person\",\"@id\":\"https:\/\/pakosc-kalwaria.franciszkanie.net\/#\/schema\/person\/af10b943be0760709227d060eadcb2aa\",\"name\":\"pakosc-kalwaria\",\"image\":{\"@type\":\"ImageObject\",\"@id\":\"https:\/\/pakosc-kalwaria.franciszkanie.net\/#personlogo\",\"inLanguage\":\"pl-PL\",\"url\":\"https:\/\/secure.gravatar.com\/avatar\/e7049d338b55eac6a0027ff3218b8d02?s=96&d=mm&r=g\",\"contentUrl\":\"https:\/\/secure.gravatar.com\/avatar\/e7049d338b55eac6a0027ff3218b8d02?s=96&d=mm&r=g\",\"caption\":\"pakosc-kalwaria\"},\"sameAs\":[\"https:\/\/www.facebook.com\/KalwariaPakosc\/\"],\"url\":\"https:\/\/pakosc-kalwaria.franciszkanie.net\/index.php\/author\/pakosc-kalwaria\/\"}]}<\/script>\n<!-- \/ Yoast SEO plugin. -->","yoast_head_json":{"title":"Z kalwaryjskiego Wzg\u00f3rza z adoracji i modlitwy za Ma\u0142\u017ce\u0144stwa i Rodziny z 7 kwietnia - Pako\u015b\u0107 \u2013 Kalwaria","robots":{"index":"index","follow":"follow","max-snippet":"max-snippet:-1","max-image-preview":"max-image-preview:large","max-video-preview":"max-video-preview:-1"},"canonical":"https:\/\/pakosc-kalwaria.franciszkanie.net\/index.php\/2022\/04\/07\/z-kalwaryjskiego-wzgorza-z-adoracji-i-modlitwy-za-malzenstwa-i-rodziny-z-7-kwietnia\/","og_locale":"pl_PL","og_type":"article","og_title":"Z kalwaryjskiego Wzg\u00f3rza z adoracji i modlitwy za Ma\u0142\u017ce\u0144stwa i Rodziny z 7 kwietnia - Pako\u015b\u0107 \u2013 Kalwaria","og_description":"Pie\u015b\u0144: Wystawienie Naj\u015bwi\u0119tszego Sakramentu Wprowadzenie: \u00a0Panie Jezu, przywo\u0142ujemy na my\u015bl Ogr\u00f3d Oliwny zwany Getsemani i wypowiedziane tam ze smutkiem przez Ciebie s\u0142owa do Piotra: Tak, jednej godziny nie mogli\u015bcie czuwa\u0107 ze Mn\u0105?. Dzisiaj, w ramach przygotowania do X \u015awiatowego Spotkania Rodzin, kt\u00f3re odb\u0119dzie si\u0119 w czerwcu br. w Rzymie, pragniemy w\u0142a\u015bnie przez jedn\u0105 godzin\u0119 by\u0107 &hellip;","og_url":"https:\/\/pakosc-kalwaria.franciszkanie.net\/index.php\/2022\/04\/07\/z-kalwaryjskiego-wzgorza-z-adoracji-i-modlitwy-za-malzenstwa-i-rodziny-z-7-kwietnia\/","og_site_name":"Pako\u015b\u0107 \u2013 Kalwaria","article_author":"https:\/\/www.facebook.com\/KalwariaPakosc\/","article_published_time":"2022-04-07T20:57:11+00:00","article_modified_time":"2022-04-07T20:57:32+00:00","og_image":[{"width":350,"height":233,"url":"https:\/\/pakosc-kalwaria.franciszkanie.net\/wp-content\/uploads\/2022\/04\/IMG_5717.jpg","type":"image\/jpeg"}],"twitter_card":"summary","twitter_misc":{"Napisane przez":"pakosc-kalwaria","Szacowany czas czytania":"8 minut"},"schema":{"@context":"https:\/\/schema.org","@graph":[{"@type":"WebSite","@id":"https:\/\/pakosc-kalwaria.franciszkanie.net\/#website","url":"https:\/\/pakosc-kalwaria.franciszkanie.net\/","name":"Pako\u015b\u0107 \u2013 Kalwaria","description":"Parafia Rzymsko \u2013 Katolicka p.w. Pana Jezusa Ukrzy\u017cowanego i  Matki Bo\u017cej Bolesnej ul. Barci\u0144ska 60, 88\u2013170 Pako\u015b\u0107 \u2013 Kalwaria","potentialAction":[{"@type":"SearchAction","target":{"@type":"EntryPoint","urlTemplate":"https:\/\/pakosc-kalwaria.franciszkanie.net\/?s={search_term_string}"},"query-input":"required name=search_term_string"}],"inLanguage":"pl-PL"},{"@type":"ImageObject","@id":"https:\/\/pakosc-kalwaria.franciszkanie.net\/index.php\/2022\/04\/07\/z-kalwaryjskiego-wzgorza-z-adoracji-i-modlitwy-za-malzenstwa-i-rodziny-z-7-kwietnia\/#primaryimage","inLanguage":"pl-PL","url":"https:\/\/pakosc-kalwaria.franciszkanie.net\/wp-content\/uploads\/2022\/04\/IMG_5717.jpg","contentUrl":"https:\/\/pakosc-kalwaria.franciszkanie.net\/wp-content\/uploads\/2022\/04\/IMG_5717.jpg","width":350,"height":233},{"@type":"WebPage","@id":"https:\/\/pakosc-kalwaria.franciszkanie.net\/index.php\/2022\/04\/07\/z-kalwaryjskiego-wzgorza-z-adoracji-i-modlitwy-za-malzenstwa-i-rodziny-z-7-kwietnia\/#webpage","url":"https:\/\/pakosc-kalwaria.franciszkanie.net\/index.php\/2022\/04\/07\/z-kalwaryjskiego-wzgorza-z-adoracji-i-modlitwy-za-malzenstwa-i-rodziny-z-7-kwietnia\/","name":"Z kalwaryjskiego Wzg\u00f3rza z adoracji i modlitwy za Ma\u0142\u017ce\u0144stwa i Rodziny z 7 kwietnia - Pako\u015b\u0107 \u2013 Kalwaria","isPartOf":{"@id":"https:\/\/pakosc-kalwaria.franciszkanie.net\/#website"},"primaryImageOfPage":{"@id":"https:\/\/pakosc-kalwaria.franciszkanie.net\/index.php\/2022\/04\/07\/z-kalwaryjskiego-wzgorza-z-adoracji-i-modlitwy-za-malzenstwa-i-rodziny-z-7-kwietnia\/#primaryimage"},"datePublished":"2022-04-07T20:57:11+00:00","dateModified":"2022-04-07T20:57:32+00:00","author":{"@id":"https:\/\/pakosc-kalwaria.franciszkanie.net\/#\/schema\/person\/af10b943be0760709227d060eadcb2aa"},"breadcrumb":{"@id":"https:\/\/pakosc-kalwaria.franciszkanie.net\/index.php\/2022\/04\/07\/z-kalwaryjskiego-wzgorza-z-adoracji-i-modlitwy-za-malzenstwa-i-rodziny-z-7-kwietnia\/#breadcrumb"},"inLanguage":"pl-PL","potentialAction":[{"@type":"ReadAction","target":["https:\/\/pakosc-kalwaria.franciszkanie.net\/index.php\/2022\/04\/07\/z-kalwaryjskiego-wzgorza-z-adoracji-i-modlitwy-za-malzenstwa-i-rodziny-z-7-kwietnia\/"]}]},{"@type":"BreadcrumbList","@id":"https:\/\/pakosc-kalwaria.franciszkanie.net\/index.php\/2022\/04\/07\/z-kalwaryjskiego-wzgorza-z-adoracji-i-modlitwy-za-malzenstwa-i-rodziny-z-7-kwietnia\/#breadcrumb","itemListElement":[{"@type":"ListItem","position":1,"name":"Strona g\u0142\u00f3wna","item":"https:\/\/pakosc-kalwaria.franciszkanie.net\/"},{"@type":"ListItem","position":2,"name":"Z kalwaryjskiego Wzg\u00f3rza z adoracji i modlitwy za Ma\u0142\u017ce\u0144stwa i Rodziny z 7 kwietnia"}]},{"@type":"Person","@id":"https:\/\/pakosc-kalwaria.franciszkanie.net\/#\/schema\/person\/af10b943be0760709227d060eadcb2aa","name":"pakosc-kalwaria","image":{"@type":"ImageObject","@id":"https:\/\/pakosc-kalwaria.franciszkanie.net\/#personlogo","inLanguage":"pl-PL","url":"https:\/\/secure.gravatar.com\/avatar\/e7049d338b55eac6a0027ff3218b8d02?s=96&d=mm&r=g","contentUrl":"https:\/\/secure.gravatar.com\/avatar\/e7049d338b55eac6a0027ff3218b8d02?s=96&d=mm&r=g","caption":"pakosc-kalwaria"},"sameAs":["https:\/\/www.facebook.com\/KalwariaPakosc\/"],"url":"https:\/\/pakosc-kalwaria.franciszkanie.net\/index.php\/author\/pakosc-kalwaria\/"}]}},"_links":{"self":[{"href":"https:\/\/pakosc-kalwaria.franciszkanie.net\/index.php\/wp-json\/wp\/v2\/posts\/22426"}],"collection":[{"href":"https:\/\/pakosc-kalwaria.franciszkanie.net\/index.php\/wp-json\/wp\/v2\/posts"}],"about":[{"href":"https:\/\/pakosc-kalwaria.franciszkanie.net\/index.php\/wp-json\/wp\/v2\/types\/post"}],"author":[{"embeddable":true,"href":"https:\/\/pakosc-kalwaria.franciszkanie.net\/index.php\/wp-json\/wp\/v2\/users\/2"}],"replies":[{"embeddable":true,"href":"https:\/\/pakosc-kalwaria.franciszkanie.net\/index.php\/wp-json\/wp\/v2\/comments?post=22426"}],"version-history":[{"count":2,"href":"https:\/\/pakosc-kalwaria.franciszkanie.net\/index.php\/wp-json\/wp\/v2\/posts\/22426\/revisions"}],"predecessor-version":[{"id":22428,"href":"https:\/\/pakosc-kalwaria.franciszkanie.net\/index.php\/wp-json\/wp\/v2\/posts\/22426\/revisions\/22428"}],"wp:featuredmedia":[{"embeddable":true,"href":"https:\/\/pakosc-kalwaria.franciszkanie.net\/index.php\/wp-json\/wp\/v2\/media\/22346"}],"wp:attachment":[{"href":"https:\/\/pakosc-kalwaria.franciszkanie.net\/index.php\/wp-json\/wp\/v2\/media?parent=22426"}],"wp:term":[{"taxonomy":"category","embeddable":true,"href":"https:\/\/pakosc-kalwaria.franciszkanie.net\/index.php\/wp-json\/wp\/v2\/categories?post=22426"},{"taxonomy":"post_tag","embeddable":true,"href":"https:\/\/pakosc-kalwaria.franciszkanie.net\/index.php\/wp-json\/wp\/v2\/tags?post=22426"}],"curies":[{"name":"wp","href":"https:\/\/api.w.org\/{rel}","templated":true}]}}