{"id":22434,"date":"2022-04-11T20:00:40","date_gmt":"2022-04-11T18:00:40","guid":{"rendered":"http:\/\/pakosc-kalwaria.franciszkanie.net\/?p=22434"},"modified":"2022-04-17T08:43:32","modified_gmt":"2022-04-17T06:43:32","slug":"swiete-triduum-paschalne-plan-adoracji-najswietszego-sakramentu","status":"publish","type":"post","link":"https:\/\/pakosc-kalwaria.franciszkanie.net\/index.php\/2022\/04\/11\/swiete-triduum-paschalne-plan-adoracji-najswietszego-sakramentu\/","title":{"rendered":"\u015awi\u0119te Triduum Paschalne &#8211; Plan adoracji Naj\u015bwi\u0119tszego Sakramentu"},"content":{"rendered":"<p><span style=\"color: #ff0000;\"><strong><u>WIELKI CZWARTEK -14 kwietnia 2022r.<\/u><\/strong> <strong><br \/>\n<\/strong><strong>17.00 &#8211; Msza \u015bw. Wieczerzy Pa\u0144skiej<\/strong><\/span><strong><span style=\"color: #ff0000;\"> \u00a0<\/span>\u00a0 <\/strong><br \/>\n<strong>Ciemnica<\/strong><strong> przypomina nam o sytuacji Jezusa, kt\u00f3ry po Ostatniej Wieczerzy w ogromnych cierpieniach duchowych i fizycznych przygotowuje si\u0119 na \u015bmier\u0107.\u00a0 Ciemnica to\u00a0 specjale miejsce adoracji w ciszy i zadumie. Towarzyszmy Jezusowi nasz\u0105 modlitw\u0105, adoruj\u0105c Naj\u015bwi\u0119tszy Sakrament w Ciemnicy.<br \/>\n<\/strong><span style=\"color: #ff0000;\"><strong>Adoracja w Ciemnicy w ko\u015bciele 19.00 &#8211; 22.00 <\/strong><\/span><strong><br \/>\n<\/strong><strong>19.00 &#8211; 20.00<\/strong><strong>\u00a0\u00a0 <\/strong>Ludkowo, ul. Barci\u0144ska, ul Pi\u0142sudskiego, ul. Wyszy\u0144skiego<br \/>\n<strong>20.00 &#8211; 21.00<\/strong><strong> \u00a0\u00a0<\/strong>ul. Cmentarna, Rad\u0142owo, Rad\u0142owska, ul. Krzy\u017canowskiego\u00a0\u00a0\u00a0\u00a0\u00a0 <strong><br \/>\n21.00 &#8211; 22.00<\/strong> \u00a0\u00a0Pozosta\u0142e ulice Parafii<\/p>\n<p><strong><span style=\"color: #ff0000;\"><u>WIELKI PI\u0104TEK \u2013 15 kwietnia 2022r.<\/u> <\/span><br \/>\n<\/strong><strong><span style=\"color: #ff0000;\">Adoracja w Ciemnicy w ko\u015bciele 8.00 &#8211; 17.00<\/span><br \/>\n<\/strong><strong>8.00 &#8211;\u00a0\u00a0 9.00\u00a0 lub 14.00 &#8211; 15.00\u00a0 <\/strong>R\u00f3\u017ca R\u00f3\u017ca\u0144cowa<strong> Matki Bo\u017cej Bolesnej<br \/>\n9.00 &#8211; 10.00\u00a0 lub 15.00 &#8211; 16.00 \u00a0<\/strong>R\u00f3\u017ca R\u00f3\u017ca\u0144cowa<strong> Matki Bo\u017cej Fatimskiej<br \/>\n10.00 &#8211; 11.00\u00a0 lub 16.00 &#8211; 17.00 \u00a0<\/strong>R\u00f3\u017ca R\u00f3\u017ca\u0144cowa<strong> \u015aw. Jana Paw\u0142a II<br \/>\n11.00 &#8211; 12.00\u00a0 <\/strong>R\u00f3\u017ca R\u00f3\u017ca\u0144cowa<strong> Matki Bo\u017cej Nieustaj\u0105cej Pomocy<br \/>\n12.00 &#8211; 13.00\u00a0 <\/strong>R\u00f3\u017ca R\u00f3\u017ca\u0144cowa<strong> Matki Bo\u017cej Cz\u0119stochowskiej<br \/>\n13.00 &#8211; 14.00\u00a0 Towarzystwo \u015awi\u0119tego Wojciecha<br \/>\n<\/strong><strong><span style=\"color: #ff0000;\">Do udzia\u0142u w adoracji\u00a0 zapraszamy wszystkich mieszka\u0144c\u00f3w Parafii \u00a0\u00a0<\/span> <\/strong><br \/>\n<span style=\"color: #ff0000;\"><strong><br \/>\n17.30 &#8211; Droga Krzy\u017cowa<\/strong><strong> w ko\u015bciele\u00a0\u00a0\u00a0\u00a0 <\/strong><\/span><br \/>\n<span style=\"color: #ff0000;\"><strong>18.00 &#8211; Ceremonie ku czci M\u0119ki Pa\u0144skiej<\/strong><strong><br \/>\n<\/strong><\/span><strong>W naszej tradycji bezpo\u015brednie oczekiwanie na Wielkanoc kojarzy si\u0119 z adoracj\u0105 Naj\u015bwi\u0119tszego Sakramentu przy Grobie Pa\u0144skim. Nie mo\u017cemy tej modlitwy opu\u015bci\u0107 ani zlekcewa\u017cy\u0107, bo Gr\u00f3b kryje w sobie tajemnic\u0119 naszego wiecznego \u017cycia. Adorujmy wi\u0119c Jezusa z wiar\u0105 i mi\u0142o\u015bci\u0105 w sercu.<br \/>\n<\/strong><strong><span style=\"color: #ff0000;\">Adoracja przy Grobie Pa\u0144skim 20.00 &#8211; 22.00<\/span><br \/>\n<\/strong><strong>20.00 \u2013 21.00<\/strong>\u00a0 R\u00f3\u017ca R\u00f3\u017ca\u0144cowa <strong>Matki Bo\u017cej Nieustaj\u0105cej Pomocy<\/strong><br \/>\n<strong>21.00 \u2013 22.00 \u00a0<\/strong>R\u00f3\u017ca R\u00f3\u017ca\u0144cowa <strong>Matki Bo\u017cej Cz\u0119stochowskiej<br \/>\n<span style=\"color: #ff0000;\">Do udzia\u0142u w adoracji\u00a0 zapraszamy wszystkich mieszka\u0144c\u00f3w Parafii<\/span><\/strong><\/p>\n<p><span style=\"color: #ff0000;\"><strong><u>WIELKA SOBOTA \u2013 16 kwietnia 2022r.<\/u><\/strong><strong><br \/>\n<\/strong><strong>Adoracja przy Grobie Pa\u0144skim 8.00 &#8211; 19.00<br \/>\n<\/strong><\/span><strong>8.00 &#8211;\u00a0\u00a0 9.00\u00a0 lub 14.00 &#8211; 15.00\u00a0 <\/strong>R\u00f3\u017ca R\u00f3\u017ca\u0144cowa <strong>Matki Bo\u017cej Bolesnej<br \/>\n9.00 &#8211; 10.00\u00a0 lub 15.00 &#8211; 16.00 \u00a0\u00a0<\/strong>R\u00f3\u017ca R\u00f3\u017ca\u0144cowa<strong> Matki Bo\u017cej Fatimskiej<br \/>\n10.00 &#8211; 11.00\u00a0 lub 16.00 &#8211; 17.00 \u00a0<\/strong>R\u00f3\u017ca R\u00f3\u017ca\u0144cowa<strong> \u015aw. Jana Paw\u0142a II<br \/>\n11.00 &#8211; 12.00\u00a0 lub 17.00 \u2013 18.00\u00a0 <\/strong>R\u00f3\u017ca R\u00f3\u017ca\u0144cowa<strong> Matki Bo\u017cej Nieustaj\u0105cej Pomocy<br \/>\n12.00 &#8211; 13.00\u00a0 lub 18.00 \u2013 19.00\u00a0 <\/strong>R\u00f3\u017ca R\u00f3\u017ca\u0144cowa<strong> Matki Bo\u017cej Cz\u0119stochowskiej<br \/>\n13.00 &#8211; 14.00\u00a0 Towarzystwo \u015awi\u0119tego Wojciecha<br \/>\n<span style=\"color: #ff0000;\">Do udzia\u0142u w adoracji\u00a0 zapraszamy wszystkich mieszka\u0144c\u00f3w Parafii<br \/>\n<\/span><\/strong><span style=\"color: #ff0000;\"><strong><br \/>\nO 20.00 \u2013 Wigilia Paschalna<\/strong> <\/span><strong><span style=\"color: #ff0000;\">w Wielk\u0105 Noc!! \u00a0<\/span><br \/>\n<\/strong><strong>Wigilia Paschalna jest najwa\u017cniejsz\u0105 i najbardziej uroczyst\u0105 celebracj\u0105 Roku Liturgicznego. Tej \u015awi\u0119tej Nocy Ko\u015bci\u00f3\u0142 oczekuje zmartwychwstania\u00a0 Pana Jezusa i jednocze\u015bnie dzi\u0119ki Duchowi \u015awi\u0119temu w spos\u00f3b sakramentalny uobecnia to wydarzenie, jakim by\u0142o przej\u015bcie (pascha) Jezusa ze \u015bmierci do nowego \u017cycia. Symbolika Wigilii Paschalnej nawi\u0105zuj\u0105 do \u017cycia. Takie znaki jak \u015bwiat\u0142o, s\u0142owo, woda i uczta, stanowi\u0105 tre\u015b\u0107 kolejnych cz\u0119\u015bci Liturgii Wielkiej Nocy. <span style=\"color: #ff0000;\">Na Wigili\u0119 Paschaln\u0105 przynosimy ze sob\u0105 \u015bwiece.\u00a0 <\/span><\/strong><\/p>\n","protected":false},"excerpt":{"rendered":"<p>WIELKI CZWARTEK -14 kwietnia 2022r. 17.00 &#8211; Msza \u015bw. Wieczerzy Pa\u0144skiej \u00a0\u00a0 Ciemnica przypomina nam o sytuacji Jezusa, kt\u00f3ry po Ostatniej Wieczerzy w ogromnych cierpieniach duchowych i fizycznych przygotowuje si\u0119 na \u015bmier\u0107.\u00a0 Ciemnica to\u00a0 specjale miejsce adoracji w ciszy i zadumie. Towarzyszmy Jezusowi nasz\u0105 modlitw\u0105, adoruj\u0105c Naj\u015bwi\u0119tszy Sakrament w Ciemnicy. Adoracja w Ciemnicy w ko\u015bciele &hellip;<\/p>\n","protected":false},"author":2,"featured_media":22435,"comment_status":"closed","ping_status":"closed","sticky":false,"template":"","format":"standard","meta":{"_mi_skip_tracking":false,"_exactmetrics_sitenote_active":false,"_exactmetrics_sitenote_note":"","_exactmetrics_sitenote_category":0},"categories":[13,14,5],"tags":[],"yoast_head":"<!-- This site is optimized with the Yoast SEO plugin v18.1 - https:\/\/yoast.com\/wordpress\/plugins\/seo\/ -->\n<title>\u015awi\u0119te Triduum Paschalne - Plan adoracji Naj\u015bwi\u0119tszego Sakramentu - Pako\u015b\u0107 \u2013 Kalwaria<\/title>\n<meta name=\"robots\" content=\"index, follow, max-snippet:-1, max-image-preview:large, max-video-preview:-1\" \/>\n<link rel=\"canonical\" href=\"https:\/\/pakosc-kalwaria.franciszkanie.net\/index.php\/2022\/04\/11\/swiete-triduum-paschalne-plan-adoracji-najswietszego-sakramentu\/\" \/>\n<meta property=\"og:locale\" content=\"pl_PL\" \/>\n<meta property=\"og:type\" content=\"article\" \/>\n<meta property=\"og:title\" content=\"\u015awi\u0119te Triduum Paschalne - Plan adoracji Naj\u015bwi\u0119tszego Sakramentu - Pako\u015b\u0107 \u2013 Kalwaria\" \/>\n<meta property=\"og:description\" content=\"WIELKI CZWARTEK -14 kwietnia 2022r. 17.00 &#8211; Msza \u015bw. Wieczerzy Pa\u0144skiej \u00a0\u00a0 Ciemnica przypomina nam o sytuacji Jezusa, kt\u00f3ry po Ostatniej Wieczerzy w ogromnych cierpieniach duchowych i fizycznych przygotowuje si\u0119 na \u015bmier\u0107.\u00a0 Ciemnica to\u00a0 specjale miejsce adoracji w ciszy i zadumie. Towarzyszmy Jezusowi nasz\u0105 modlitw\u0105, adoruj\u0105c Naj\u015bwi\u0119tszy Sakrament w Ciemnicy. Adoracja w Ciemnicy w ko\u015bciele &hellip;\" \/>\n<meta property=\"og:url\" content=\"https:\/\/pakosc-kalwaria.franciszkanie.net\/index.php\/2022\/04\/11\/swiete-triduum-paschalne-plan-adoracji-najswietszego-sakramentu\/\" \/>\n<meta property=\"og:site_name\" content=\"Pako\u015b\u0107 \u2013 Kalwaria\" \/>\n<meta property=\"article:author\" content=\"https:\/\/www.facebook.com\/KalwariaPakosc\/\" \/>\n<meta property=\"article:published_time\" content=\"2022-04-11T18:00:40+00:00\" \/>\n<meta property=\"article:modified_time\" content=\"2022-04-17T06:43:32+00:00\" \/>\n<meta property=\"og:image\" content=\"https:\/\/pakosc-kalwaria.franciszkanie.net\/wp-content\/uploads\/2022\/04\/adoracja.jpg\" \/>\n\t<meta property=\"og:image:width\" content=\"320\" \/>\n\t<meta property=\"og:image:height\" content=\"240\" \/>\n\t<meta property=\"og:image:type\" content=\"image\/jpeg\" \/>\n<meta name=\"twitter:card\" content=\"summary\" \/>\n<meta name=\"twitter:label1\" content=\"Napisane przez\" \/>\n\t<meta name=\"twitter:data1\" content=\"pakosc-kalwaria\" \/>\n\t<meta name=\"twitter:label2\" content=\"Szacowany czas czytania\" \/>\n\t<meta name=\"twitter:data2\" content=\"2 minuty\" \/>\n<script type=\"application\/ld+json\" class=\"yoast-schema-graph\">{\"@context\":\"https:\/\/schema.org\",\"@graph\":[{\"@type\":\"WebSite\",\"@id\":\"https:\/\/pakosc-kalwaria.franciszkanie.net\/#website\",\"url\":\"https:\/\/pakosc-kalwaria.franciszkanie.net\/\",\"name\":\"Pako\u015b\u0107 \u2013 Kalwaria\",\"description\":\"Parafia Rzymsko \u2013 Katolicka p.w. Pana Jezusa Ukrzy\u017cowanego i  Matki Bo\u017cej Bolesnej ul. Barci\u0144ska 60, 88\u2013170 Pako\u015b\u0107 \u2013 Kalwaria\",\"potentialAction\":[{\"@type\":\"SearchAction\",\"target\":{\"@type\":\"EntryPoint\",\"urlTemplate\":\"https:\/\/pakosc-kalwaria.franciszkanie.net\/?s={search_term_string}\"},\"query-input\":\"required name=search_term_string\"}],\"inLanguage\":\"pl-PL\"},{\"@type\":\"ImageObject\",\"@id\":\"https:\/\/pakosc-kalwaria.franciszkanie.net\/index.php\/2022\/04\/11\/swiete-triduum-paschalne-plan-adoracji-najswietszego-sakramentu\/#primaryimage\",\"inLanguage\":\"pl-PL\",\"url\":\"https:\/\/pakosc-kalwaria.franciszkanie.net\/wp-content\/uploads\/2022\/04\/adoracja.jpg\",\"contentUrl\":\"https:\/\/pakosc-kalwaria.franciszkanie.net\/wp-content\/uploads\/2022\/04\/adoracja.jpg\",\"width\":320,\"height\":240},{\"@type\":\"WebPage\",\"@id\":\"https:\/\/pakosc-kalwaria.franciszkanie.net\/index.php\/2022\/04\/11\/swiete-triduum-paschalne-plan-adoracji-najswietszego-sakramentu\/#webpage\",\"url\":\"https:\/\/pakosc-kalwaria.franciszkanie.net\/index.php\/2022\/04\/11\/swiete-triduum-paschalne-plan-adoracji-najswietszego-sakramentu\/\",\"name\":\"\u015awi\u0119te Triduum Paschalne - Plan adoracji Naj\u015bwi\u0119tszego Sakramentu - Pako\u015b\u0107 \u2013 Kalwaria\",\"isPartOf\":{\"@id\":\"https:\/\/pakosc-kalwaria.franciszkanie.net\/#website\"},\"primaryImageOfPage\":{\"@id\":\"https:\/\/pakosc-kalwaria.franciszkanie.net\/index.php\/2022\/04\/11\/swiete-triduum-paschalne-plan-adoracji-najswietszego-sakramentu\/#primaryimage\"},\"datePublished\":\"2022-04-11T18:00:40+00:00\",\"dateModified\":\"2022-04-17T06:43:32+00:00\",\"author\":{\"@id\":\"https:\/\/pakosc-kalwaria.franciszkanie.net\/#\/schema\/person\/af10b943be0760709227d060eadcb2aa\"},\"breadcrumb\":{\"@id\":\"https:\/\/pakosc-kalwaria.franciszkanie.net\/index.php\/2022\/04\/11\/swiete-triduum-paschalne-plan-adoracji-najswietszego-sakramentu\/#breadcrumb\"},\"inLanguage\":\"pl-PL\",\"potentialAction\":[{\"@type\":\"ReadAction\",\"target\":[\"https:\/\/pakosc-kalwaria.franciszkanie.net\/index.php\/2022\/04\/11\/swiete-triduum-paschalne-plan-adoracji-najswietszego-sakramentu\/\"]}]},{\"@type\":\"BreadcrumbList\",\"@id\":\"https:\/\/pakosc-kalwaria.franciszkanie.net\/index.php\/2022\/04\/11\/swiete-triduum-paschalne-plan-adoracji-najswietszego-sakramentu\/#breadcrumb\",\"itemListElement\":[{\"@type\":\"ListItem\",\"position\":1,\"name\":\"Strona g\u0142\u00f3wna\",\"item\":\"https:\/\/pakosc-kalwaria.franciszkanie.net\/\"},{\"@type\":\"ListItem\",\"position\":2,\"name\":\"\u015awi\u0119te Triduum Paschalne &#8211; Plan adoracji Naj\u015bwi\u0119tszego Sakramentu\"}]},{\"@type\":\"Person\",\"@id\":\"https:\/\/pakosc-kalwaria.franciszkanie.net\/#\/schema\/person\/af10b943be0760709227d060eadcb2aa\",\"name\":\"pakosc-kalwaria\",\"image\":{\"@type\":\"ImageObject\",\"@id\":\"https:\/\/pakosc-kalwaria.franciszkanie.net\/#personlogo\",\"inLanguage\":\"pl-PL\",\"url\":\"https:\/\/secure.gravatar.com\/avatar\/e7049d338b55eac6a0027ff3218b8d02?s=96&d=mm&r=g\",\"contentUrl\":\"https:\/\/secure.gravatar.com\/avatar\/e7049d338b55eac6a0027ff3218b8d02?s=96&d=mm&r=g\",\"caption\":\"pakosc-kalwaria\"},\"sameAs\":[\"https:\/\/www.facebook.com\/KalwariaPakosc\/\"],\"url\":\"https:\/\/pakosc-kalwaria.franciszkanie.net\/index.php\/author\/pakosc-kalwaria\/\"}]}<\/script>\n<!-- \/ Yoast SEO plugin. -->","yoast_head_json":{"title":"\u015awi\u0119te Triduum Paschalne - Plan adoracji Naj\u015bwi\u0119tszego Sakramentu - Pako\u015b\u0107 \u2013 Kalwaria","robots":{"index":"index","follow":"follow","max-snippet":"max-snippet:-1","max-image-preview":"max-image-preview:large","max-video-preview":"max-video-preview:-1"},"canonical":"https:\/\/pakosc-kalwaria.franciszkanie.net\/index.php\/2022\/04\/11\/swiete-triduum-paschalne-plan-adoracji-najswietszego-sakramentu\/","og_locale":"pl_PL","og_type":"article","og_title":"\u015awi\u0119te Triduum Paschalne - Plan adoracji Naj\u015bwi\u0119tszego Sakramentu - Pako\u015b\u0107 \u2013 Kalwaria","og_description":"WIELKI CZWARTEK -14 kwietnia 2022r. 17.00 &#8211; Msza \u015bw. Wieczerzy Pa\u0144skiej \u00a0\u00a0 Ciemnica przypomina nam o sytuacji Jezusa, kt\u00f3ry po Ostatniej Wieczerzy w ogromnych cierpieniach duchowych i fizycznych przygotowuje si\u0119 na \u015bmier\u0107.\u00a0 Ciemnica to\u00a0 specjale miejsce adoracji w ciszy i zadumie. Towarzyszmy Jezusowi nasz\u0105 modlitw\u0105, adoruj\u0105c Naj\u015bwi\u0119tszy Sakrament w Ciemnicy. Adoracja w Ciemnicy w ko\u015bciele &hellip;","og_url":"https:\/\/pakosc-kalwaria.franciszkanie.net\/index.php\/2022\/04\/11\/swiete-triduum-paschalne-plan-adoracji-najswietszego-sakramentu\/","og_site_name":"Pako\u015b\u0107 \u2013 Kalwaria","article_author":"https:\/\/www.facebook.com\/KalwariaPakosc\/","article_published_time":"2022-04-11T18:00:40+00:00","article_modified_time":"2022-04-17T06:43:32+00:00","og_image":[{"width":320,"height":240,"url":"https:\/\/pakosc-kalwaria.franciszkanie.net\/wp-content\/uploads\/2022\/04\/adoracja.jpg","type":"image\/jpeg"}],"twitter_card":"summary","twitter_misc":{"Napisane przez":"pakosc-kalwaria","Szacowany czas czytania":"2 minuty"},"schema":{"@context":"https:\/\/schema.org","@graph":[{"@type":"WebSite","@id":"https:\/\/pakosc-kalwaria.franciszkanie.net\/#website","url":"https:\/\/pakosc-kalwaria.franciszkanie.net\/","name":"Pako\u015b\u0107 \u2013 Kalwaria","description":"Parafia Rzymsko \u2013 Katolicka p.w. Pana Jezusa Ukrzy\u017cowanego i  Matki Bo\u017cej Bolesnej ul. Barci\u0144ska 60, 88\u2013170 Pako\u015b\u0107 \u2013 Kalwaria","potentialAction":[{"@type":"SearchAction","target":{"@type":"EntryPoint","urlTemplate":"https:\/\/pakosc-kalwaria.franciszkanie.net\/?s={search_term_string}"},"query-input":"required name=search_term_string"}],"inLanguage":"pl-PL"},{"@type":"ImageObject","@id":"https:\/\/pakosc-kalwaria.franciszkanie.net\/index.php\/2022\/04\/11\/swiete-triduum-paschalne-plan-adoracji-najswietszego-sakramentu\/#primaryimage","inLanguage":"pl-PL","url":"https:\/\/pakosc-kalwaria.franciszkanie.net\/wp-content\/uploads\/2022\/04\/adoracja.jpg","contentUrl":"https:\/\/pakosc-kalwaria.franciszkanie.net\/wp-content\/uploads\/2022\/04\/adoracja.jpg","width":320,"height":240},{"@type":"WebPage","@id":"https:\/\/pakosc-kalwaria.franciszkanie.net\/index.php\/2022\/04\/11\/swiete-triduum-paschalne-plan-adoracji-najswietszego-sakramentu\/#webpage","url":"https:\/\/pakosc-kalwaria.franciszkanie.net\/index.php\/2022\/04\/11\/swiete-triduum-paschalne-plan-adoracji-najswietszego-sakramentu\/","name":"\u015awi\u0119te Triduum Paschalne - Plan adoracji Naj\u015bwi\u0119tszego Sakramentu - Pako\u015b\u0107 \u2013 Kalwaria","isPartOf":{"@id":"https:\/\/pakosc-kalwaria.franciszkanie.net\/#website"},"primaryImageOfPage":{"@id":"https:\/\/pakosc-kalwaria.franciszkanie.net\/index.php\/2022\/04\/11\/swiete-triduum-paschalne-plan-adoracji-najswietszego-sakramentu\/#primaryimage"},"datePublished":"2022-04-11T18:00:40+00:00","dateModified":"2022-04-17T06:43:32+00:00","author":{"@id":"https:\/\/pakosc-kalwaria.franciszkanie.net\/#\/schema\/person\/af10b943be0760709227d060eadcb2aa"},"breadcrumb":{"@id":"https:\/\/pakosc-kalwaria.franciszkanie.net\/index.php\/2022\/04\/11\/swiete-triduum-paschalne-plan-adoracji-najswietszego-sakramentu\/#breadcrumb"},"inLanguage":"pl-PL","potentialAction":[{"@type":"ReadAction","target":["https:\/\/pakosc-kalwaria.franciszkanie.net\/index.php\/2022\/04\/11\/swiete-triduum-paschalne-plan-adoracji-najswietszego-sakramentu\/"]}]},{"@type":"BreadcrumbList","@id":"https:\/\/pakosc-kalwaria.franciszkanie.net\/index.php\/2022\/04\/11\/swiete-triduum-paschalne-plan-adoracji-najswietszego-sakramentu\/#breadcrumb","itemListElement":[{"@type":"ListItem","position":1,"name":"Strona g\u0142\u00f3wna","item":"https:\/\/pakosc-kalwaria.franciszkanie.net\/"},{"@type":"ListItem","position":2,"name":"\u015awi\u0119te Triduum Paschalne &#8211; Plan adoracji Naj\u015bwi\u0119tszego Sakramentu"}]},{"@type":"Person","@id":"https:\/\/pakosc-kalwaria.franciszkanie.net\/#\/schema\/person\/af10b943be0760709227d060eadcb2aa","name":"pakosc-kalwaria","image":{"@type":"ImageObject","@id":"https:\/\/pakosc-kalwaria.franciszkanie.net\/#personlogo","inLanguage":"pl-PL","url":"https:\/\/secure.gravatar.com\/avatar\/e7049d338b55eac6a0027ff3218b8d02?s=96&d=mm&r=g","contentUrl":"https:\/\/secure.gravatar.com\/avatar\/e7049d338b55eac6a0027ff3218b8d02?s=96&d=mm&r=g","caption":"pakosc-kalwaria"},"sameAs":["https:\/\/www.facebook.com\/KalwariaPakosc\/"],"url":"https:\/\/pakosc-kalwaria.franciszkanie.net\/index.php\/author\/pakosc-kalwaria\/"}]}},"_links":{"self":[{"href":"https:\/\/pakosc-kalwaria.franciszkanie.net\/index.php\/wp-json\/wp\/v2\/posts\/22434"}],"collection":[{"href":"https:\/\/pakosc-kalwaria.franciszkanie.net\/index.php\/wp-json\/wp\/v2\/posts"}],"about":[{"href":"https:\/\/pakosc-kalwaria.franciszkanie.net\/index.php\/wp-json\/wp\/v2\/types\/post"}],"author":[{"embeddable":true,"href":"https:\/\/pakosc-kalwaria.franciszkanie.net\/index.php\/wp-json\/wp\/v2\/users\/2"}],"replies":[{"embeddable":true,"href":"https:\/\/pakosc-kalwaria.franciszkanie.net\/index.php\/wp-json\/wp\/v2\/comments?post=22434"}],"version-history":[{"count":4,"href":"https:\/\/pakosc-kalwaria.franciszkanie.net\/index.php\/wp-json\/wp\/v2\/posts\/22434\/revisions"}],"predecessor-version":[{"id":22512,"href":"https:\/\/pakosc-kalwaria.franciszkanie.net\/index.php\/wp-json\/wp\/v2\/posts\/22434\/revisions\/22512"}],"wp:featuredmedia":[{"embeddable":true,"href":"https:\/\/pakosc-kalwaria.franciszkanie.net\/index.php\/wp-json\/wp\/v2\/media\/22435"}],"wp:attachment":[{"href":"https:\/\/pakosc-kalwaria.franciszkanie.net\/index.php\/wp-json\/wp\/v2\/media?parent=22434"}],"wp:term":[{"taxonomy":"category","embeddable":true,"href":"https:\/\/pakosc-kalwaria.franciszkanie.net\/index.php\/wp-json\/wp\/v2\/categories?post=22434"},{"taxonomy":"post_tag","embeddable":true,"href":"https:\/\/pakosc-kalwaria.franciszkanie.net\/index.php\/wp-json\/wp\/v2\/tags?post=22434"}],"curies":[{"name":"wp","href":"https:\/\/api.w.org\/{rel}","templated":true}]}}