{"id":22437,"date":"2022-04-13T07:30:36","date_gmt":"2022-04-13T05:30:36","guid":{"rendered":"http:\/\/pakosc-kalwaria.franciszkanie.net\/?p=22437"},"modified":"2022-04-13T07:34:56","modified_gmt":"2022-04-13T05:34:56","slug":"program-triduum-paschalnego-w-kosciele-ukrzyzowania-i-na-kalwarii-pakoskiej","status":"publish","type":"post","link":"https:\/\/pakosc-kalwaria.franciszkanie.net\/index.php\/2022\/04\/13\/program-triduum-paschalnego-w-kosciele-ukrzyzowania-i-na-kalwarii-pakoskiej\/","title":{"rendered":"Program Triduum Paschalnego w Ko\u015bciele Ukrzy\u017cowania i na Kalwarii Pakoskiej"},"content":{"rendered":"<p><span style=\"color: #ff0000;\"><strong><u>WIELKI CZWARTEK \u2013 14 kwietnia\u00a0 2022r. <\/u><\/strong><strong>\u00a0\u00a0\u00a0\u00a0\u00a0\u00a0\u00a0\u00a0 <\/strong><strong><br \/>\n<\/strong><strong><u>O 17.00 MSZA \u015aWI\u0118TA WIECZERZY PA\u0143SKIEJ<\/u><\/strong><\/span><strong> &#8211; na pami\u0105tk\u0119 ustanowienia Sakrament\u00f3w Eucharystii i Kap\u0142a\u0144stwa. Komunia \u015bw. b\u0119dzie udzielana pod dwoma postaciami.<br \/>\nPo Mszy \u015bwi\u0119tej przeniesienie Naj\u015bwi\u0119tszego Sakramentu do \u201eCiemnicy\u201d (w ko\u015bciele) &#8211; <span style=\"color: #ff0000;\">adoracja do 22.00<\/span><br \/>\n<\/strong><strong><span style=\"color: #ff0000;\">O 20.00<\/span> pierwsza cz\u0119\u015b\u0107 Obchod\u00f3w Kalwaryjskich \u201eDroga Pojmania\u201d<\/strong><strong> &#8211; do Kaplicy Kajfasza. Rozpocz\u0119cie w ko\u015bciele \u015bw. Bonawentury<\/strong><\/p>\n<p><span style=\"color: #ff0000;\"><strong><u>WIELKI PI\u0104TEK \u2013 15 kwietnia 2022r. <\/u><\/strong><\/span><strong><span style=\"color: #ff0000;\">\u00a0<\/span><br \/>\n<\/strong><strong><span style=\"color: #ff0000;\">O 3.00<\/span> nad ranem druga cz\u0119\u015b\u0107 Obchod\u00f3w Kalwaryjskich \u201eDroga M\u0119ki\u201d<\/strong><strong> &#8211; od Kaplicy Kajfasz \u2013 Wi\u0119zienie na kalwaryjskie Wzg\u00f3rze<br \/>\n<span style=\"color: #ff0000;\">O 9.00<\/span> &#8211; Droga Krzy\u017cowa na Kalwarii &#8211; od Kaplicy Pi\u0142ata<br \/>\n<span style=\"color: #ff0000;\">Od 8.00 \u2013 18.00 adoracja Naj\u015bwi\u0119tszego Sakramentu w \u201eCiemnicy\u201d\u00a0 (w ko\u015bciele) \u00a0<\/span><br \/>\n<span style=\"color: #ff0000;\">O 15.00<\/span> rozpocz\u0119cie Nowenny przed \u015awi\u0119tem Bo\u017cego Mi\u0142osierdzia<\/strong><strong><br \/>\n<\/strong><span style=\"color: #ff0000;\"><strong>O 17.30<\/strong><\/span><strong> &#8211; Droga Krzy\u017cowa w ko\u015bciele<br \/>\n<span style=\"color: #ff0000;\"><u>O 18.00 CEREMONIE WIELKOPI\u0104TKOWE NA CZE\u015a\u0106 M\u0118KI PA\u0143SKIEJ<\/u>\u00a0<\/span><br \/>\nPo ceremoniach przeniesienie Naj\u015bwi\u0119tszego Sakramentu do Grobu Pa\u0144skiego (w ko\u015bciele) &#8211; <span style=\"color: #ff0000;\">adoracja do 22.00\u00a0<\/span><\/strong><\/p>\n<p><strong><span style=\"color: #ff0000;\">Ofiary<\/span> sk\u0142adane do skarbonki przy adoracji Krzy\u017ca \u015bwi\u0119tego przeznaczone s\u0105 na utrzymanie Sanktuari\u00f3w w Ziemi \u015awi\u0119tej.<\/strong><br \/>\n<strong>W Wielki Pi\u0105tek obowi\u0105zuje <span style=\"color: #ff0000;\">post \u015bcis\u0142y<\/span> (jako\u015bciowy i ilo\u015bciowy) &#8211; post od potraw mi\u0119snych, spo\u017cy\u0107 mo\u017cna trzy posi\u0142ki, w tym jeden do syta. Od tego postu nie ma dyspensy<\/strong><\/p>\n<p><span style=\"color: #ff0000;\"><strong><u>WIELKA SOBOTA \u2013 16 kwietnia 2022r. <\/u><\/strong><\/span><strong><span style=\"color: #ff0000;\">\u00a0<\/span>\u00a0\u00a0\u00a0\u00a0 <\/strong><strong><br \/>\n<\/strong><strong>Zaleca si\u0119 zachowanie postu jako\u015bciowego od potraw mi\u0119snych.<br \/>\n<span style=\"color: #ff0000;\">Od 8.00 \u2013 19.00 adoracja Naj\u015bwi\u0119tszego Sakramentu przy Grobie Pa\u0144skim (w ko\u015bciele)\u00a0\u00a0\u00a0\u00a0<\/span><br \/>\n<span style=\"color: #ff0000;\">Od 9.00 do 14.00<\/span> (co godzin\u0119) &#8211; w ko\u015bciele po\u015bwi\u0119cenie pokarm\u00f3w na st\u00f3\u0142 wielkanocny.<br \/>\n<span style=\"color: #ff0000;\">15.00 &#8211; <\/span>Nowenna i Koronka do Bo\u017cego Mi\u0142osierdzia<br \/>\n<span style=\"color: #ff0000;\"><u>O 20.00 WIGILIA PASCHALNA W WIELK\u0104 NOC<\/u>,<\/span> po\u015bwi\u0119cenie ognia i pascha\u0142u oraz uroczysta Msza \u015bw. z odnowieniem przyrzecze\u0144 Chrztu \u015bwi\u0119tego <span style=\"color: #ff0000;\">(przynosimy ze sob\u0105 \u015bwiece)<\/span>. Jest to najwa\u017cniejsza Liturgia w ca\u0142ym Roku Liturgicznym w Ko\u015bciele, dlatego zapraszamy wszystkich do licznego udzia\u0142u. \u00a0\u00a0\u00a0\u00a0\u00a0\u00a0\u00a0\u00a0\u00a0\u00a0\u00a0 <\/strong><\/p>\n<p><span style=\"color: #ff0000;\"><strong><u>NIEDZIELA\u00a0 \u00a0ZMARTWYCHWSTANIA \u00a0PA\u0143SKIEGO \u2013 17 kwietnia 2022r<\/u><\/strong><strong>. \u00a0\u00a0\u00a0\u00a0 <\/strong><strong><br \/>\n<\/strong><\/span><strong><span style=\"color: #ff0000;\">O 6.00 PROCESJA REZUREKCYJNA i uroczysta MSZA \u015aW. REZUREKCYJNA<\/span> w intencji Parafian i Dobrodziej\u00f3w.<br \/>\n<\/strong><strong><span style=\"color: #ff0000;\">Pozosta\u0142e Msze \u015bw. o 9.00 i 11.00. \u00a0<\/span><\/strong><\/p>\n<p><strong><span style=\"color: #ff0000;\"><u>PONIEDZIA\u0141EK WIELKANOCNY \u2013 18 kwietnia 2022r<\/u>. \u00a0<\/span><br \/>\n<\/strong><strong><span style=\"color: #ff0000;\">Msze \u015bw. o 9.00 i 11.00.<\/span> Kolekta na Katolicki Uniwersytet Lubelski.<br \/>\n<span style=\"color: #ff0000;\">O 14.00<\/span> w ko\u015bciele \u015bw. Bonawentury pocz\u0105tek <span style=\"color: #ff0000;\">Odpustu Emaus<\/span> &#8211; procesja na kalwaryjskie Wzg\u00f3rze.<\/strong><\/p>\n<p><strong><span style=\"color: #ff0000;\"><u>OKTAWA WIELKIEJ NOCY<\/u><\/span> &#8211; ko\u0144czy si\u0119 Niedziel\u0105 Bo\u017cego Mi\u0142osierdzia (24.04.2022r.)<\/strong><br \/>\n<strong><span style=\"color: #ff0000;\">&#8211; Msze \u015bw. od wtorku do soboty (19 &#8211; 23.04.) &#8211; o 17.00\u00a0\u00a0\u00a0\u00a0<\/span><\/strong><br \/>\n<strong><span style=\"color: #ff0000;\">&#8211; Msze \u015bw. w niedziele (24.04.) &#8211; o 9.00;\u00a0 11.00; \u00a015.00<\/span> (z Koronk\u0105 do Bo\u017cego Mi\u0142osierdzia)\u00a0\u00a0\u00a0\u00a0\u00a0\u00a0\u00a0\u00a0 \u00a0\u00a0\u00a0<\/strong><\/p>\n<p><strong>\u017byczymy Wam g\u0142\u0119bokiego w wierze prze\u017cycia \u015awi\u0119tego Triduum Paschalnego oraz na powy\u017csze uroczysto\u015bci\u00a0 serdecznie zapraszamy zapewniaj\u0105c o modlitwie &#8211; Franciszkanie z Pako\u015bci<\/strong><strong> \u00a0\u00a0\u00a0\u00a0\u00a0\u00a0\u00a0\u00a0\u00a0\u00a0\u00a0\u00a0\u00a0\u00a0\u00a0\u00a0\u00a0\u00a0\u00a0\u00a0\u00a0\u00a0\u00a0\u00a0\u00a0\u00a0\u00a0\u00a0\u00a0\u00a0\u00a0\u00a0\u00a0\u00a0\u00a0 \u00a0\u00a0\u00a0\u00a0\u00a0\u00a0\u00a0\u00a0\u00a0\u00a0\u00a0 <\/strong><\/p>\n","protected":false},"excerpt":{"rendered":"<p>WIELKI CZWARTEK \u2013 14 kwietnia\u00a0 2022r. \u00a0\u00a0\u00a0\u00a0\u00a0\u00a0\u00a0\u00a0 O 17.00 MSZA \u015aWI\u0118TA WIECZERZY PA\u0143SKIEJ &#8211; na pami\u0105tk\u0119 ustanowienia Sakrament\u00f3w Eucharystii i Kap\u0142a\u0144stwa. Komunia \u015bw. b\u0119dzie udzielana pod dwoma postaciami. Po Mszy \u015bwi\u0119tej przeniesienie Naj\u015bwi\u0119tszego Sakramentu do \u201eCiemnicy\u201d (w ko\u015bciele) &#8211; adoracja do 22.00 O 20.00 pierwsza cz\u0119\u015b\u0107 Obchod\u00f3w Kalwaryjskich \u201eDroga Pojmania\u201d &#8211; do Kaplicy Kajfasza. Rozpocz\u0119cie &hellip;<\/p>\n","protected":false},"author":2,"featured_media":22439,"comment_status":"closed","ping_status":"closed","sticky":false,"template":"","format":"standard","meta":{"_mi_skip_tracking":false,"_exactmetrics_sitenote_active":false,"_exactmetrics_sitenote_note":"","_exactmetrics_sitenote_category":0},"categories":[13,5],"tags":[],"yoast_head":"<!-- This site is optimized with the Yoast SEO plugin v18.1 - https:\/\/yoast.com\/wordpress\/plugins\/seo\/ -->\n<title>Program Triduum Paschalnego w Ko\u015bciele Ukrzy\u017cowania i na Kalwarii Pakoskiej - Pako\u015b\u0107 \u2013 Kalwaria<\/title>\n<meta name=\"robots\" content=\"index, follow, max-snippet:-1, max-image-preview:large, max-video-preview:-1\" \/>\n<link rel=\"canonical\" href=\"https:\/\/pakosc-kalwaria.franciszkanie.net\/index.php\/2022\/04\/13\/program-triduum-paschalnego-w-kosciele-ukrzyzowania-i-na-kalwarii-pakoskiej\/\" \/>\n<meta property=\"og:locale\" content=\"pl_PL\" \/>\n<meta property=\"og:type\" content=\"article\" \/>\n<meta property=\"og:title\" content=\"Program Triduum Paschalnego w Ko\u015bciele Ukrzy\u017cowania i na Kalwarii Pakoskiej - Pako\u015b\u0107 \u2013 Kalwaria\" \/>\n<meta property=\"og:description\" content=\"WIELKI CZWARTEK \u2013 14 kwietnia\u00a0 2022r. \u00a0\u00a0\u00a0\u00a0\u00a0\u00a0\u00a0\u00a0 O 17.00 MSZA \u015aWI\u0118TA WIECZERZY PA\u0143SKIEJ &#8211; na pami\u0105tk\u0119 ustanowienia Sakrament\u00f3w Eucharystii i Kap\u0142a\u0144stwa. Komunia \u015bw. b\u0119dzie udzielana pod dwoma postaciami. Po Mszy \u015bwi\u0119tej przeniesienie Naj\u015bwi\u0119tszego Sakramentu do \u201eCiemnicy\u201d (w ko\u015bciele) &#8211; adoracja do 22.00 O 20.00 pierwsza cz\u0119\u015b\u0107 Obchod\u00f3w Kalwaryjskich \u201eDroga Pojmania\u201d &#8211; do Kaplicy Kajfasza. Rozpocz\u0119cie &hellip;\" \/>\n<meta property=\"og:url\" content=\"https:\/\/pakosc-kalwaria.franciszkanie.net\/index.php\/2022\/04\/13\/program-triduum-paschalnego-w-kosciele-ukrzyzowania-i-na-kalwarii-pakoskiej\/\" \/>\n<meta property=\"og:site_name\" content=\"Pako\u015b\u0107 \u2013 Kalwaria\" \/>\n<meta property=\"article:author\" content=\"https:\/\/www.facebook.com\/KalwariaPakosc\/\" \/>\n<meta property=\"article:published_time\" content=\"2022-04-13T05:30:36+00:00\" \/>\n<meta property=\"article:modified_time\" content=\"2022-04-13T05:34:56+00:00\" \/>\n<meta property=\"og:image\" content=\"https:\/\/pakosc-kalwaria.franciszkanie.net\/wp-content\/uploads\/2022\/04\/Triduum_Paschalne.jpg\" \/>\n\t<meta property=\"og:image:width\" content=\"350\" \/>\n\t<meta property=\"og:image:height\" content=\"233\" \/>\n\t<meta property=\"og:image:type\" content=\"image\/jpeg\" \/>\n<meta name=\"twitter:card\" content=\"summary\" \/>\n<meta name=\"twitter:label1\" content=\"Napisane przez\" \/>\n\t<meta name=\"twitter:data1\" content=\"pakosc-kalwaria\" \/>\n\t<meta name=\"twitter:label2\" content=\"Szacowany czas czytania\" \/>\n\t<meta name=\"twitter:data2\" content=\"3 minuty\" \/>\n<script type=\"application\/ld+json\" class=\"yoast-schema-graph\">{\"@context\":\"https:\/\/schema.org\",\"@graph\":[{\"@type\":\"WebSite\",\"@id\":\"https:\/\/pakosc-kalwaria.franciszkanie.net\/#website\",\"url\":\"https:\/\/pakosc-kalwaria.franciszkanie.net\/\",\"name\":\"Pako\u015b\u0107 \u2013 Kalwaria\",\"description\":\"Parafia Rzymsko \u2013 Katolicka p.w. Pana Jezusa Ukrzy\u017cowanego i  Matki Bo\u017cej Bolesnej ul. Barci\u0144ska 60, 88\u2013170 Pako\u015b\u0107 \u2013 Kalwaria\",\"potentialAction\":[{\"@type\":\"SearchAction\",\"target\":{\"@type\":\"EntryPoint\",\"urlTemplate\":\"https:\/\/pakosc-kalwaria.franciszkanie.net\/?s={search_term_string}\"},\"query-input\":\"required name=search_term_string\"}],\"inLanguage\":\"pl-PL\"},{\"@type\":\"ImageObject\",\"@id\":\"https:\/\/pakosc-kalwaria.franciszkanie.net\/index.php\/2022\/04\/13\/program-triduum-paschalnego-w-kosciele-ukrzyzowania-i-na-kalwarii-pakoskiej\/#primaryimage\",\"inLanguage\":\"pl-PL\",\"url\":\"https:\/\/pakosc-kalwaria.franciszkanie.net\/wp-content\/uploads\/2022\/04\/Triduum_Paschalne.jpg\",\"contentUrl\":\"https:\/\/pakosc-kalwaria.franciszkanie.net\/wp-content\/uploads\/2022\/04\/Triduum_Paschalne.jpg\",\"width\":350,\"height\":233},{\"@type\":\"WebPage\",\"@id\":\"https:\/\/pakosc-kalwaria.franciszkanie.net\/index.php\/2022\/04\/13\/program-triduum-paschalnego-w-kosciele-ukrzyzowania-i-na-kalwarii-pakoskiej\/#webpage\",\"url\":\"https:\/\/pakosc-kalwaria.franciszkanie.net\/index.php\/2022\/04\/13\/program-triduum-paschalnego-w-kosciele-ukrzyzowania-i-na-kalwarii-pakoskiej\/\",\"name\":\"Program Triduum Paschalnego w Ko\u015bciele Ukrzy\u017cowania i na Kalwarii Pakoskiej - Pako\u015b\u0107 \u2013 Kalwaria\",\"isPartOf\":{\"@id\":\"https:\/\/pakosc-kalwaria.franciszkanie.net\/#website\"},\"primaryImageOfPage\":{\"@id\":\"https:\/\/pakosc-kalwaria.franciszkanie.net\/index.php\/2022\/04\/13\/program-triduum-paschalnego-w-kosciele-ukrzyzowania-i-na-kalwarii-pakoskiej\/#primaryimage\"},\"datePublished\":\"2022-04-13T05:30:36+00:00\",\"dateModified\":\"2022-04-13T05:34:56+00:00\",\"author\":{\"@id\":\"https:\/\/pakosc-kalwaria.franciszkanie.net\/#\/schema\/person\/af10b943be0760709227d060eadcb2aa\"},\"breadcrumb\":{\"@id\":\"https:\/\/pakosc-kalwaria.franciszkanie.net\/index.php\/2022\/04\/13\/program-triduum-paschalnego-w-kosciele-ukrzyzowania-i-na-kalwarii-pakoskiej\/#breadcrumb\"},\"inLanguage\":\"pl-PL\",\"potentialAction\":[{\"@type\":\"ReadAction\",\"target\":[\"https:\/\/pakosc-kalwaria.franciszkanie.net\/index.php\/2022\/04\/13\/program-triduum-paschalnego-w-kosciele-ukrzyzowania-i-na-kalwarii-pakoskiej\/\"]}]},{\"@type\":\"BreadcrumbList\",\"@id\":\"https:\/\/pakosc-kalwaria.franciszkanie.net\/index.php\/2022\/04\/13\/program-triduum-paschalnego-w-kosciele-ukrzyzowania-i-na-kalwarii-pakoskiej\/#breadcrumb\",\"itemListElement\":[{\"@type\":\"ListItem\",\"position\":1,\"name\":\"Strona g\u0142\u00f3wna\",\"item\":\"https:\/\/pakosc-kalwaria.franciszkanie.net\/\"},{\"@type\":\"ListItem\",\"position\":2,\"name\":\"Program Triduum Paschalnego w Ko\u015bciele Ukrzy\u017cowania i na Kalwarii Pakoskiej\"}]},{\"@type\":\"Person\",\"@id\":\"https:\/\/pakosc-kalwaria.franciszkanie.net\/#\/schema\/person\/af10b943be0760709227d060eadcb2aa\",\"name\":\"pakosc-kalwaria\",\"image\":{\"@type\":\"ImageObject\",\"@id\":\"https:\/\/pakosc-kalwaria.franciszkanie.net\/#personlogo\",\"inLanguage\":\"pl-PL\",\"url\":\"https:\/\/secure.gravatar.com\/avatar\/e7049d338b55eac6a0027ff3218b8d02?s=96&d=mm&r=g\",\"contentUrl\":\"https:\/\/secure.gravatar.com\/avatar\/e7049d338b55eac6a0027ff3218b8d02?s=96&d=mm&r=g\",\"caption\":\"pakosc-kalwaria\"},\"sameAs\":[\"https:\/\/www.facebook.com\/KalwariaPakosc\/\"],\"url\":\"https:\/\/pakosc-kalwaria.franciszkanie.net\/index.php\/author\/pakosc-kalwaria\/\"}]}<\/script>\n<!-- \/ Yoast SEO plugin. -->","yoast_head_json":{"title":"Program Triduum Paschalnego w Ko\u015bciele Ukrzy\u017cowania i na Kalwarii Pakoskiej - Pako\u015b\u0107 \u2013 Kalwaria","robots":{"index":"index","follow":"follow","max-snippet":"max-snippet:-1","max-image-preview":"max-image-preview:large","max-video-preview":"max-video-preview:-1"},"canonical":"https:\/\/pakosc-kalwaria.franciszkanie.net\/index.php\/2022\/04\/13\/program-triduum-paschalnego-w-kosciele-ukrzyzowania-i-na-kalwarii-pakoskiej\/","og_locale":"pl_PL","og_type":"article","og_title":"Program Triduum Paschalnego w Ko\u015bciele Ukrzy\u017cowania i na Kalwarii Pakoskiej - Pako\u015b\u0107 \u2013 Kalwaria","og_description":"WIELKI CZWARTEK \u2013 14 kwietnia\u00a0 2022r. \u00a0\u00a0\u00a0\u00a0\u00a0\u00a0\u00a0\u00a0 O 17.00 MSZA \u015aWI\u0118TA WIECZERZY PA\u0143SKIEJ &#8211; na pami\u0105tk\u0119 ustanowienia Sakrament\u00f3w Eucharystii i Kap\u0142a\u0144stwa. Komunia \u015bw. b\u0119dzie udzielana pod dwoma postaciami. Po Mszy \u015bwi\u0119tej przeniesienie Naj\u015bwi\u0119tszego Sakramentu do \u201eCiemnicy\u201d (w ko\u015bciele) &#8211; adoracja do 22.00 O 20.00 pierwsza cz\u0119\u015b\u0107 Obchod\u00f3w Kalwaryjskich \u201eDroga Pojmania\u201d &#8211; do Kaplicy Kajfasza. Rozpocz\u0119cie &hellip;","og_url":"https:\/\/pakosc-kalwaria.franciszkanie.net\/index.php\/2022\/04\/13\/program-triduum-paschalnego-w-kosciele-ukrzyzowania-i-na-kalwarii-pakoskiej\/","og_site_name":"Pako\u015b\u0107 \u2013 Kalwaria","article_author":"https:\/\/www.facebook.com\/KalwariaPakosc\/","article_published_time":"2022-04-13T05:30:36+00:00","article_modified_time":"2022-04-13T05:34:56+00:00","og_image":[{"width":350,"height":233,"url":"https:\/\/pakosc-kalwaria.franciszkanie.net\/wp-content\/uploads\/2022\/04\/Triduum_Paschalne.jpg","type":"image\/jpeg"}],"twitter_card":"summary","twitter_misc":{"Napisane przez":"pakosc-kalwaria","Szacowany czas czytania":"3 minuty"},"schema":{"@context":"https:\/\/schema.org","@graph":[{"@type":"WebSite","@id":"https:\/\/pakosc-kalwaria.franciszkanie.net\/#website","url":"https:\/\/pakosc-kalwaria.franciszkanie.net\/","name":"Pako\u015b\u0107 \u2013 Kalwaria","description":"Parafia Rzymsko \u2013 Katolicka p.w. Pana Jezusa Ukrzy\u017cowanego i  Matki Bo\u017cej Bolesnej ul. Barci\u0144ska 60, 88\u2013170 Pako\u015b\u0107 \u2013 Kalwaria","potentialAction":[{"@type":"SearchAction","target":{"@type":"EntryPoint","urlTemplate":"https:\/\/pakosc-kalwaria.franciszkanie.net\/?s={search_term_string}"},"query-input":"required name=search_term_string"}],"inLanguage":"pl-PL"},{"@type":"ImageObject","@id":"https:\/\/pakosc-kalwaria.franciszkanie.net\/index.php\/2022\/04\/13\/program-triduum-paschalnego-w-kosciele-ukrzyzowania-i-na-kalwarii-pakoskiej\/#primaryimage","inLanguage":"pl-PL","url":"https:\/\/pakosc-kalwaria.franciszkanie.net\/wp-content\/uploads\/2022\/04\/Triduum_Paschalne.jpg","contentUrl":"https:\/\/pakosc-kalwaria.franciszkanie.net\/wp-content\/uploads\/2022\/04\/Triduum_Paschalne.jpg","width":350,"height":233},{"@type":"WebPage","@id":"https:\/\/pakosc-kalwaria.franciszkanie.net\/index.php\/2022\/04\/13\/program-triduum-paschalnego-w-kosciele-ukrzyzowania-i-na-kalwarii-pakoskiej\/#webpage","url":"https:\/\/pakosc-kalwaria.franciszkanie.net\/index.php\/2022\/04\/13\/program-triduum-paschalnego-w-kosciele-ukrzyzowania-i-na-kalwarii-pakoskiej\/","name":"Program Triduum Paschalnego w Ko\u015bciele Ukrzy\u017cowania i na Kalwarii Pakoskiej - Pako\u015b\u0107 \u2013 Kalwaria","isPartOf":{"@id":"https:\/\/pakosc-kalwaria.franciszkanie.net\/#website"},"primaryImageOfPage":{"@id":"https:\/\/pakosc-kalwaria.franciszkanie.net\/index.php\/2022\/04\/13\/program-triduum-paschalnego-w-kosciele-ukrzyzowania-i-na-kalwarii-pakoskiej\/#primaryimage"},"datePublished":"2022-04-13T05:30:36+00:00","dateModified":"2022-04-13T05:34:56+00:00","author":{"@id":"https:\/\/pakosc-kalwaria.franciszkanie.net\/#\/schema\/person\/af10b943be0760709227d060eadcb2aa"},"breadcrumb":{"@id":"https:\/\/pakosc-kalwaria.franciszkanie.net\/index.php\/2022\/04\/13\/program-triduum-paschalnego-w-kosciele-ukrzyzowania-i-na-kalwarii-pakoskiej\/#breadcrumb"},"inLanguage":"pl-PL","potentialAction":[{"@type":"ReadAction","target":["https:\/\/pakosc-kalwaria.franciszkanie.net\/index.php\/2022\/04\/13\/program-triduum-paschalnego-w-kosciele-ukrzyzowania-i-na-kalwarii-pakoskiej\/"]}]},{"@type":"BreadcrumbList","@id":"https:\/\/pakosc-kalwaria.franciszkanie.net\/index.php\/2022\/04\/13\/program-triduum-paschalnego-w-kosciele-ukrzyzowania-i-na-kalwarii-pakoskiej\/#breadcrumb","itemListElement":[{"@type":"ListItem","position":1,"name":"Strona g\u0142\u00f3wna","item":"https:\/\/pakosc-kalwaria.franciszkanie.net\/"},{"@type":"ListItem","position":2,"name":"Program Triduum Paschalnego w Ko\u015bciele Ukrzy\u017cowania i na Kalwarii Pakoskiej"}]},{"@type":"Person","@id":"https:\/\/pakosc-kalwaria.franciszkanie.net\/#\/schema\/person\/af10b943be0760709227d060eadcb2aa","name":"pakosc-kalwaria","image":{"@type":"ImageObject","@id":"https:\/\/pakosc-kalwaria.franciszkanie.net\/#personlogo","inLanguage":"pl-PL","url":"https:\/\/secure.gravatar.com\/avatar\/e7049d338b55eac6a0027ff3218b8d02?s=96&d=mm&r=g","contentUrl":"https:\/\/secure.gravatar.com\/avatar\/e7049d338b55eac6a0027ff3218b8d02?s=96&d=mm&r=g","caption":"pakosc-kalwaria"},"sameAs":["https:\/\/www.facebook.com\/KalwariaPakosc\/"],"url":"https:\/\/pakosc-kalwaria.franciszkanie.net\/index.php\/author\/pakosc-kalwaria\/"}]}},"_links":{"self":[{"href":"https:\/\/pakosc-kalwaria.franciszkanie.net\/index.php\/wp-json\/wp\/v2\/posts\/22437"}],"collection":[{"href":"https:\/\/pakosc-kalwaria.franciszkanie.net\/index.php\/wp-json\/wp\/v2\/posts"}],"about":[{"href":"https:\/\/pakosc-kalwaria.franciszkanie.net\/index.php\/wp-json\/wp\/v2\/types\/post"}],"author":[{"embeddable":true,"href":"https:\/\/pakosc-kalwaria.franciszkanie.net\/index.php\/wp-json\/wp\/v2\/users\/2"}],"replies":[{"embeddable":true,"href":"https:\/\/pakosc-kalwaria.franciszkanie.net\/index.php\/wp-json\/wp\/v2\/comments?post=22437"}],"version-history":[{"count":4,"href":"https:\/\/pakosc-kalwaria.franciszkanie.net\/index.php\/wp-json\/wp\/v2\/posts\/22437\/revisions"}],"predecessor-version":[{"id":22459,"href":"https:\/\/pakosc-kalwaria.franciszkanie.net\/index.php\/wp-json\/wp\/v2\/posts\/22437\/revisions\/22459"}],"wp:featuredmedia":[{"embeddable":true,"href":"https:\/\/pakosc-kalwaria.franciszkanie.net\/index.php\/wp-json\/wp\/v2\/media\/22439"}],"wp:attachment":[{"href":"https:\/\/pakosc-kalwaria.franciszkanie.net\/index.php\/wp-json\/wp\/v2\/media?parent=22437"}],"wp:term":[{"taxonomy":"category","embeddable":true,"href":"https:\/\/pakosc-kalwaria.franciszkanie.net\/index.php\/wp-json\/wp\/v2\/categories?post=22437"},{"taxonomy":"post_tag","embeddable":true,"href":"https:\/\/pakosc-kalwaria.franciszkanie.net\/index.php\/wp-json\/wp\/v2\/tags?post=22437"}],"curies":[{"name":"wp","href":"https:\/\/api.w.org\/{rel}","templated":true}]}}