{"id":22448,"date":"2022-04-09T09:05:35","date_gmt":"2022-04-09T07:05:35","guid":{"rendered":"http:\/\/pakosc-kalwaria.franciszkanie.net\/?p=22448"},"modified":"2022-04-08T15:32:52","modified_gmt":"2022-04-08T13:32:52","slug":"ogloszenia-duszpasterskie-niedziela-palmowa-meki-panskiej-5","status":"publish","type":"post","link":"https:\/\/pakosc-kalwaria.franciszkanie.net\/index.php\/2022\/04\/09\/ogloszenia-duszpasterskie-niedziela-palmowa-meki-panskiej-5\/","title":{"rendered":"Og\u0142oszenia duszpasterskie &#8211; Niedziela Palmowa M\u0119ki Pa\u0144skiej"},"content":{"rendered":"<p><span style=\"color: #ff0000;\"><span style=\"text-decoration: underline;\"><strong><em>W <\/em><\/strong><strong>NIEDZIEL\u0118\u00a0 PALMOW<em>\u0104<\/em><\/strong><\/span><strong><em><u> (10.04.)<\/u><\/em><\/strong><\/span><strong> \u2013\u00a0 p<\/strong><strong>o\u015bwi\u0119cenie palm na ka\u017cdej Mszy \u015bwi\u0119tej. Uroczysta procesja w palmami na Mszy \u015bwi\u0119tej o 11.00.<br \/>\n<span style=\"color: #ff0000;\">O 15.00 Gorzkie \u017bale<\/span> z kazaniem pasyjnym <span style=\"color: #ff0000;\">i Msza \u015bw. \u00a0\u00a0<\/span><br \/>\nPrzed ko\u015bcio\u0142em zbi\u00f3rka do puszek <span style=\"color: #ff0000;\">na kwiaty do Bo\u017cego Grobu.<\/span> Do skarbonki pod ch\u00f3rem\u00a0 mo\u017cna \u00a0sk\u0142ada\u0107 <span style=\"color: #ff0000;\">Ja\u0142mu\u017cn\u0119 Wielkopostn\u0105.<\/span><\/strong><\/p>\n<p><strong><em>W<\/em> naszym Sanktuarium codziennie <span style=\"color: #ff0000;\">godzinn\u0105 modlitw\u0105 wspomagamy Ukrain\u0119,<\/span> ofiary wojny i wszystkich kt\u00f3rzy pomagaj\u0105. O 16.30 R\u00f3\u017caniec przed Naj\u015bwi\u0119tszym Sakramentem, o 17.00 Msza \u015bwi\u0119ta.\u00a0 Zach\u0119camy do gorliwej modlitwy w ko\u015bciele i w domach!<\/strong><\/p>\n<p><span style=\"color: #800080;\"><strong><u>O<em>d poniedzia\u0142ku do \u015brody\u00a0 (11 &#8211; 13.04.)<\/em><\/u><\/strong><\/span> <strong>\u2013 w naszym ko\u015bciele okazja do Spowiedzi \u015bwi\u0119tej od 16.30 \u2013 17.00; <span style=\"color: #ff0000;\">w ko\u015bciele \u015bw. Bonawentury we wtorek (12.04.) od 17.00 do 21.00.\u00a0\u00a0<\/span><\/strong><\/p>\n<p><strong><br \/>\n<span style=\"color: #ff0000;\">W WIELKIM TYGODNIU<\/span> prze\u017cywa\u0107 b\u0119dziemy <span style=\"color: #ff0000;\"><u>TRIDUUM PASCHALNE.<\/u><br \/>\n<\/span><span style=\"color: #ff0000;\"><em><u>W WIELKI CZWARTEK (14.04.)<\/u><\/em><\/span><\/strong><br \/>\n<strong><span style=\"color: #ff0000;\">O 10.00<\/span> zbi\u00f3rka Liturgicznej S\u0142u\u017cby O\u0142tarza<\/strong><br \/>\n<strong><span style=\"color: #ff0000;\">O 17.00 MSZA \u015aW. WIECZERZY PA\u0143SKIEJ<\/span> na pami\u0105tk\u0119 ustanowienia Sakrament\u00f3w: Eucharystii i Kap\u0142a\u0144stwa. Po Mszy \u015bw. przeniesienie Naj\u015bwi\u0119tszego Sakramentu do Ciemnicy (w ko\u015bciele) i <span style=\"color: #ff0000;\">adoracja do 22.00 \u00a0<\/span><\/strong><br \/>\n<strong><span style=\"color: #ff0000;\">O 20.00<\/span> pierwsza cz\u0119\u015b\u0107 Obchod\u00f3w Kalwaryjskich \u2013 \u201eDroga Pojmania\u201d. Rozpocz\u0119cie w ko\u015bciele \u015bw. Bonawentury<\/strong><br \/>\n<strong>W dniu 14 kwietnia przypada \u015awi\u0119to Chrztu Polski<\/strong><\/p>\n<p><strong><span style=\"color: #ff0000;\"><em><u>W WIELKI PI\u0104TEK (15.04.)<\/u><\/em><br \/>\nO 3.00<\/span> nad ranem druga cz\u0119\u015b\u0107 Obchod\u00f3w Kalwaryjskich &#8211; \u201eDroga M\u0119ki\u201d &#8211; od Kaplicy Wi\u0119zienie<\/strong><br \/>\n<strong><span style=\"color: #ff0000;\">O 9.00<\/span> Droga Krzy\u017cowa na Kalwarii &#8211; od Kaplicy Pi\u0142ata<\/strong><br \/>\n<strong><span style=\"color: #ff0000;\">Od 8.00 \u2013 17.00 adoracja Naj\u015bwi\u0119tszego Sakramentu w Ciemnicy (w ko\u015bciele) \u00a0\u00a0\u00a0<\/span><\/strong><br \/>\n<strong><span style=\"color: #ff0000;\">O 15.00<\/span> rozpoczynamy Nowenn\u0119 przed \u015awi\u0119tem Bo\u017cego Mi\u0142osierdzia<\/strong><br \/>\n<strong><span style=\"color: #ff0000;\">O 17.30<\/span> Droga Krzy\u017cowa w naszym ko\u015bciele<\/strong><br \/>\n<strong><span style=\"color: #ff0000;\">O 18.00 CEREMONIE WIELKOPI\u0104TKOWE na cze\u015b\u0107 M\u0119ki Pa\u0144skiej. <span style=\"color: #000000;\">Po ceremoniach <\/span><\/span>przeniesienie Naj\u015bwi\u0119tszego Sakramentu do Grobu Pa\u0144skiego (w ko\u015bciele) i <span style=\"color: #ff0000;\">adoracja do 22.00.<\/span><\/strong><br \/>\n<strong><span style=\"color: #ff0000;\">Ofiary<\/span> sk\u0142adane do skarbonki przy adoracji Krzy\u017ca \u015awi\u0119tego s\u0105 przeznaczone na utrzymanie Sanktuari\u00f3w w Ziemi \u015awi\u0119tej<\/strong><br \/>\n<strong>W Wielki Pi\u0105tek obowi\u0105zuje <span style=\"color: #ff0000;\">post \u015bcis\u0142y<\/span> (jako\u015bciowy i ilo\u015bciowy), czyli post od potraw mi\u0119snych; mo\u017cna spo\u017cy\u0107 trzy posi\u0142ki, w tym tylko jeden do syta. Od tego postu nie ma dyspensy<\/strong><\/p>\n<p><strong><span style=\"color: #ff0000;\"><em><u>W WIELK\u0104 SOBOT\u0118 (16.04.)<\/u><\/em><br \/>\n<\/span>Zaleca si\u0119 zachowanie postu jako\u015bciowego od potraw mi\u0119snych.<\/strong><br \/>\n<strong><span style=\"color: #ff0000;\">Od 8.00 \u2013 19.00 adoracja Naj\u015bwi\u0119tszego Sakramentu przy Grobie Pa\u0144skim (w ko\u015bciele)<\/span><\/strong><br \/>\n<strong><span style=\"color: #ff0000;\">Od 9.00 do 14.00<\/span> (co godzin\u0119) w ko\u015bciele p<\/strong><strong>o\u015bwi\u0119cenie pokarm\u00f3w na st\u00f3\u0142 wielkanocny<br \/>\n<span style=\"color: #ff0000;\">O 15.00<\/span> II dzie\u0144 Nowenny przed \u015awi\u0119tem Bo\u017cego Mi\u0142osierdzia.<br \/>\n<span style=\"color: #ff0000;\">O 20.00 WIGILIA PASCHALNA w Wielk\u0105 Noc,<\/span> po\u015bwi\u0119cenie ognia i pascha\u0142u oraz <span style=\"color: #ff0000;\">uroczysta<\/span> <span style=\"color: #ff0000;\">MSZA \u015aWI\u0118TA z odnowieniem przyrzecze\u0144 Chrztu \u015bwi\u0119tego<\/span> <span style=\"color: #ff0000;\">(przynosimy ze sob\u0105 \u015bwiece)<\/span>. Jest to najwa\u017cniejsza Liturgia w ca\u0142ym Roku Liturgicznym w Ko\u015bciele.<\/strong><\/p>\n<p><span style=\"color: #ff0000;\"><strong><em><u>W NIEDZIEL\u0118\u00a0 \u00a0ZMARTWYCHWSTANIA \u00a0PA\u0143SKIEGO (17.04.<\/u><\/em><\/strong><strong><em>)<\/em><\/strong><\/span><strong><span style=\"color: #ff0000;\"> \u00a0\u00a0\u00a0\u00a0\u00a0\u00a0\u00a0\u00a0\u00a0\u00a0\u00a0\u00a0\u00a0\u00a0\u00a0\u00a0\u00a0\u00a0\u00a0\u00a0\u00a0\u00a0\u00a0\u00a0\u00a0\u00a0\u00a0\u00a0\u00a0\u00a0\u00a0\u00a0\u00a0\u00a0\u00a0\u00a0\u00a0\u00a0\u00a0\u00a0\u00a0\u00a0\u00a0\u00a0\u00a0\u00a0\u00a0\u00a0\u00a0\u00a0\u00a0\u00a0\u00a0\u00a0\u00a0\u00a0 <\/span><br \/>\n<span style=\"color: #ff0000;\">O 6.00 PROCESJA REZUREKCYJNA i uroczysta MSZA \u015aWI\u0118TA REZUREKCYJNA<\/span> w intencji Parafian i Dobrodziej\u00f3w<br \/>\n<\/strong><strong><span style=\"color: #ff0000;\">Pozosta\u0142e Msze \u015bwi\u0119te o 9.00 i 11.00<\/span><\/strong><\/p>\n<p><span style=\"color: #ff0000;\"><strong><em><u>W PONIEDZIA\u0141EK WIELKANOCNY (18.04.)<\/u><\/em><\/strong><\/span><strong><span style=\"color: #ff0000;\"> \u2013 II Dzie\u0144 \u015awi\u0105t Wielkanocnych \u00a0\u00a0\u00a0 <\/span><br \/>\n<span style=\"color: #ff0000;\">Msze \u015bwi\u0119te o 9.00 i 11.00. <\/span><\/strong><strong>Kolekta na Katolicki Uniwersytet Lubelski.<br \/>\nW II Dzie\u0144 \u015awi\u0105t kalwaryjski <span style=\"color: #ff0000;\">odpust EMAUS. Rozpocz\u0119cie o 14.00 w ko\u015bciele \u015bw. Bonawentury<\/span> i procesja na kalwaryjskie Wzg\u00f3rze.<\/strong><\/p>\n<p><strong>Pod ch\u00f3rem do nabycia czasopisma: Przewodnik Katolicki (8 z\u0142.).\u00a0\u00a0\u00a0\u00a0\u00a0 |<\/strong><br \/>\n<strong>Wyra\u017camy wdzi\u0119czno\u015b\u0107 za wsp\u00f3ln\u0105 modlitw\u0119 \u00a0oraz za wszelk\u0105 \u017cyczliwo\u015b\u0107 i wsparcie.<br \/>\nWszystkim \u017cyczymy g\u0142\u0119bokiego w wierze prze\u017cycia \u015awi\u0119tego Triduum Paschalnego i \u015awi\u0105t Zmartwychwstania Pa\u0144skiego.<\/strong><\/p>\n<p><strong>Z darem modlitwy Bracia Mniejsi Franciszkanie z Pako\u015bci &#8211; Kalwarii<\/strong><\/p>\n","protected":false},"excerpt":{"rendered":"<p>W NIEDZIEL\u0118\u00a0 PALMOW\u0104 (10.04.) \u2013\u00a0 po\u015bwi\u0119cenie palm na ka\u017cdej Mszy \u015bwi\u0119tej. Uroczysta procesja w palmami na Mszy \u015bwi\u0119tej o 11.00. O 15.00 Gorzkie \u017bale z kazaniem pasyjnym i Msza \u015bw. \u00a0\u00a0 Przed ko\u015bcio\u0142em zbi\u00f3rka do puszek na kwiaty do Bo\u017cego Grobu. Do skarbonki pod ch\u00f3rem\u00a0 mo\u017cna \u00a0sk\u0142ada\u0107 Ja\u0142mu\u017cn\u0119 Wielkopostn\u0105. W naszym Sanktuarium codziennie godzinn\u0105 modlitw\u0105 &hellip;<\/p>\n","protected":false},"author":2,"featured_media":22449,"comment_status":"closed","ping_status":"closed","sticky":false,"template":"","format":"standard","meta":{"_mi_skip_tracking":false,"_exactmetrics_sitenote_active":false,"_exactmetrics_sitenote_note":"","_exactmetrics_sitenote_category":0},"categories":[5],"tags":[],"yoast_head":"<!-- This site is optimized with the Yoast SEO plugin v18.1 - https:\/\/yoast.com\/wordpress\/plugins\/seo\/ -->\n<title>Og\u0142oszenia duszpasterskie - Niedziela Palmowa M\u0119ki Pa\u0144skiej - Pako\u015b\u0107 \u2013 Kalwaria<\/title>\n<meta name=\"robots\" content=\"index, follow, max-snippet:-1, max-image-preview:large, max-video-preview:-1\" \/>\n<link rel=\"canonical\" href=\"https:\/\/pakosc-kalwaria.franciszkanie.net\/index.php\/2022\/04\/09\/ogloszenia-duszpasterskie-niedziela-palmowa-meki-panskiej-5\/\" \/>\n<meta property=\"og:locale\" content=\"pl_PL\" \/>\n<meta property=\"og:type\" content=\"article\" \/>\n<meta property=\"og:title\" content=\"Og\u0142oszenia duszpasterskie - Niedziela Palmowa M\u0119ki Pa\u0144skiej - Pako\u015b\u0107 \u2013 Kalwaria\" \/>\n<meta property=\"og:description\" content=\"W NIEDZIEL\u0118\u00a0 PALMOW\u0104 (10.04.) \u2013\u00a0 po\u015bwi\u0119cenie palm na ka\u017cdej Mszy \u015bwi\u0119tej. Uroczysta procesja w palmami na Mszy \u015bwi\u0119tej o 11.00. O 15.00 Gorzkie \u017bale z kazaniem pasyjnym i Msza \u015bw. \u00a0\u00a0 Przed ko\u015bcio\u0142em zbi\u00f3rka do puszek na kwiaty do Bo\u017cego Grobu. Do skarbonki pod ch\u00f3rem\u00a0 mo\u017cna \u00a0sk\u0142ada\u0107 Ja\u0142mu\u017cn\u0119 Wielkopostn\u0105. W naszym Sanktuarium codziennie godzinn\u0105 modlitw\u0105 &hellip;\" \/>\n<meta property=\"og:url\" content=\"https:\/\/pakosc-kalwaria.franciszkanie.net\/index.php\/2022\/04\/09\/ogloszenia-duszpasterskie-niedziela-palmowa-meki-panskiej-5\/\" \/>\n<meta property=\"og:site_name\" content=\"Pako\u015b\u0107 \u2013 Kalwaria\" \/>\n<meta property=\"article:author\" content=\"https:\/\/www.facebook.com\/KalwariaPakosc\/\" \/>\n<meta property=\"article:published_time\" content=\"2022-04-09T07:05:35+00:00\" \/>\n<meta property=\"article:modified_time\" content=\"2022-04-08T13:32:52+00:00\" \/>\n<meta property=\"og:image\" content=\"https:\/\/pakosc-kalwaria.franciszkanie.net\/wp-content\/uploads\/2022\/04\/Gify-Niedziela-Palmowa.jpg\" \/>\n\t<meta property=\"og:image:width\" content=\"350\" \/>\n\t<meta property=\"og:image:height\" content=\"211\" \/>\n\t<meta property=\"og:image:type\" content=\"image\/jpeg\" \/>\n<meta name=\"twitter:card\" content=\"summary\" \/>\n<meta name=\"twitter:label1\" content=\"Napisane przez\" \/>\n\t<meta name=\"twitter:data1\" content=\"pakosc-kalwaria\" \/>\n\t<meta name=\"twitter:label2\" content=\"Szacowany czas czytania\" \/>\n\t<meta name=\"twitter:data2\" content=\"3 minuty\" \/>\n<script type=\"application\/ld+json\" class=\"yoast-schema-graph\">{\"@context\":\"https:\/\/schema.org\",\"@graph\":[{\"@type\":\"WebSite\",\"@id\":\"https:\/\/pakosc-kalwaria.franciszkanie.net\/#website\",\"url\":\"https:\/\/pakosc-kalwaria.franciszkanie.net\/\",\"name\":\"Pako\u015b\u0107 \u2013 Kalwaria\",\"description\":\"Parafia Rzymsko \u2013 Katolicka p.w. Pana Jezusa Ukrzy\u017cowanego i  Matki Bo\u017cej Bolesnej ul. Barci\u0144ska 60, 88\u2013170 Pako\u015b\u0107 \u2013 Kalwaria\",\"potentialAction\":[{\"@type\":\"SearchAction\",\"target\":{\"@type\":\"EntryPoint\",\"urlTemplate\":\"https:\/\/pakosc-kalwaria.franciszkanie.net\/?s={search_term_string}\"},\"query-input\":\"required name=search_term_string\"}],\"inLanguage\":\"pl-PL\"},{\"@type\":\"ImageObject\",\"@id\":\"https:\/\/pakosc-kalwaria.franciszkanie.net\/index.php\/2022\/04\/09\/ogloszenia-duszpasterskie-niedziela-palmowa-meki-panskiej-5\/#primaryimage\",\"inLanguage\":\"pl-PL\",\"url\":\"https:\/\/pakosc-kalwaria.franciszkanie.net\/wp-content\/uploads\/2022\/04\/Gify-Niedziela-Palmowa.jpg\",\"contentUrl\":\"https:\/\/pakosc-kalwaria.franciszkanie.net\/wp-content\/uploads\/2022\/04\/Gify-Niedziela-Palmowa.jpg\",\"width\":350,\"height\":211},{\"@type\":\"WebPage\",\"@id\":\"https:\/\/pakosc-kalwaria.franciszkanie.net\/index.php\/2022\/04\/09\/ogloszenia-duszpasterskie-niedziela-palmowa-meki-panskiej-5\/#webpage\",\"url\":\"https:\/\/pakosc-kalwaria.franciszkanie.net\/index.php\/2022\/04\/09\/ogloszenia-duszpasterskie-niedziela-palmowa-meki-panskiej-5\/\",\"name\":\"Og\u0142oszenia duszpasterskie - Niedziela Palmowa M\u0119ki Pa\u0144skiej - Pako\u015b\u0107 \u2013 Kalwaria\",\"isPartOf\":{\"@id\":\"https:\/\/pakosc-kalwaria.franciszkanie.net\/#website\"},\"primaryImageOfPage\":{\"@id\":\"https:\/\/pakosc-kalwaria.franciszkanie.net\/index.php\/2022\/04\/09\/ogloszenia-duszpasterskie-niedziela-palmowa-meki-panskiej-5\/#primaryimage\"},\"datePublished\":\"2022-04-09T07:05:35+00:00\",\"dateModified\":\"2022-04-08T13:32:52+00:00\",\"author\":{\"@id\":\"https:\/\/pakosc-kalwaria.franciszkanie.net\/#\/schema\/person\/af10b943be0760709227d060eadcb2aa\"},\"breadcrumb\":{\"@id\":\"https:\/\/pakosc-kalwaria.franciszkanie.net\/index.php\/2022\/04\/09\/ogloszenia-duszpasterskie-niedziela-palmowa-meki-panskiej-5\/#breadcrumb\"},\"inLanguage\":\"pl-PL\",\"potentialAction\":[{\"@type\":\"ReadAction\",\"target\":[\"https:\/\/pakosc-kalwaria.franciszkanie.net\/index.php\/2022\/04\/09\/ogloszenia-duszpasterskie-niedziela-palmowa-meki-panskiej-5\/\"]}]},{\"@type\":\"BreadcrumbList\",\"@id\":\"https:\/\/pakosc-kalwaria.franciszkanie.net\/index.php\/2022\/04\/09\/ogloszenia-duszpasterskie-niedziela-palmowa-meki-panskiej-5\/#breadcrumb\",\"itemListElement\":[{\"@type\":\"ListItem\",\"position\":1,\"name\":\"Strona g\u0142\u00f3wna\",\"item\":\"https:\/\/pakosc-kalwaria.franciszkanie.net\/\"},{\"@type\":\"ListItem\",\"position\":2,\"name\":\"Og\u0142oszenia duszpasterskie &#8211; Niedziela Palmowa M\u0119ki Pa\u0144skiej\"}]},{\"@type\":\"Person\",\"@id\":\"https:\/\/pakosc-kalwaria.franciszkanie.net\/#\/schema\/person\/af10b943be0760709227d060eadcb2aa\",\"name\":\"pakosc-kalwaria\",\"image\":{\"@type\":\"ImageObject\",\"@id\":\"https:\/\/pakosc-kalwaria.franciszkanie.net\/#personlogo\",\"inLanguage\":\"pl-PL\",\"url\":\"https:\/\/secure.gravatar.com\/avatar\/e7049d338b55eac6a0027ff3218b8d02?s=96&d=mm&r=g\",\"contentUrl\":\"https:\/\/secure.gravatar.com\/avatar\/e7049d338b55eac6a0027ff3218b8d02?s=96&d=mm&r=g\",\"caption\":\"pakosc-kalwaria\"},\"sameAs\":[\"https:\/\/www.facebook.com\/KalwariaPakosc\/\"],\"url\":\"https:\/\/pakosc-kalwaria.franciszkanie.net\/index.php\/author\/pakosc-kalwaria\/\"}]}<\/script>\n<!-- \/ Yoast SEO plugin. -->","yoast_head_json":{"title":"Og\u0142oszenia duszpasterskie - Niedziela Palmowa M\u0119ki Pa\u0144skiej - Pako\u015b\u0107 \u2013 Kalwaria","robots":{"index":"index","follow":"follow","max-snippet":"max-snippet:-1","max-image-preview":"max-image-preview:large","max-video-preview":"max-video-preview:-1"},"canonical":"https:\/\/pakosc-kalwaria.franciszkanie.net\/index.php\/2022\/04\/09\/ogloszenia-duszpasterskie-niedziela-palmowa-meki-panskiej-5\/","og_locale":"pl_PL","og_type":"article","og_title":"Og\u0142oszenia duszpasterskie - Niedziela Palmowa M\u0119ki Pa\u0144skiej - Pako\u015b\u0107 \u2013 Kalwaria","og_description":"W NIEDZIEL\u0118\u00a0 PALMOW\u0104 (10.04.) \u2013\u00a0 po\u015bwi\u0119cenie palm na ka\u017cdej Mszy \u015bwi\u0119tej. Uroczysta procesja w palmami na Mszy \u015bwi\u0119tej o 11.00. O 15.00 Gorzkie \u017bale z kazaniem pasyjnym i Msza \u015bw. \u00a0\u00a0 Przed ko\u015bcio\u0142em zbi\u00f3rka do puszek na kwiaty do Bo\u017cego Grobu. Do skarbonki pod ch\u00f3rem\u00a0 mo\u017cna \u00a0sk\u0142ada\u0107 Ja\u0142mu\u017cn\u0119 Wielkopostn\u0105. W naszym Sanktuarium codziennie godzinn\u0105 modlitw\u0105 &hellip;","og_url":"https:\/\/pakosc-kalwaria.franciszkanie.net\/index.php\/2022\/04\/09\/ogloszenia-duszpasterskie-niedziela-palmowa-meki-panskiej-5\/","og_site_name":"Pako\u015b\u0107 \u2013 Kalwaria","article_author":"https:\/\/www.facebook.com\/KalwariaPakosc\/","article_published_time":"2022-04-09T07:05:35+00:00","article_modified_time":"2022-04-08T13:32:52+00:00","og_image":[{"width":350,"height":211,"url":"https:\/\/pakosc-kalwaria.franciszkanie.net\/wp-content\/uploads\/2022\/04\/Gify-Niedziela-Palmowa.jpg","type":"image\/jpeg"}],"twitter_card":"summary","twitter_misc":{"Napisane przez":"pakosc-kalwaria","Szacowany czas czytania":"3 minuty"},"schema":{"@context":"https:\/\/schema.org","@graph":[{"@type":"WebSite","@id":"https:\/\/pakosc-kalwaria.franciszkanie.net\/#website","url":"https:\/\/pakosc-kalwaria.franciszkanie.net\/","name":"Pako\u015b\u0107 \u2013 Kalwaria","description":"Parafia Rzymsko \u2013 Katolicka p.w. Pana Jezusa Ukrzy\u017cowanego i  Matki Bo\u017cej Bolesnej ul. Barci\u0144ska 60, 88\u2013170 Pako\u015b\u0107 \u2013 Kalwaria","potentialAction":[{"@type":"SearchAction","target":{"@type":"EntryPoint","urlTemplate":"https:\/\/pakosc-kalwaria.franciszkanie.net\/?s={search_term_string}"},"query-input":"required name=search_term_string"}],"inLanguage":"pl-PL"},{"@type":"ImageObject","@id":"https:\/\/pakosc-kalwaria.franciszkanie.net\/index.php\/2022\/04\/09\/ogloszenia-duszpasterskie-niedziela-palmowa-meki-panskiej-5\/#primaryimage","inLanguage":"pl-PL","url":"https:\/\/pakosc-kalwaria.franciszkanie.net\/wp-content\/uploads\/2022\/04\/Gify-Niedziela-Palmowa.jpg","contentUrl":"https:\/\/pakosc-kalwaria.franciszkanie.net\/wp-content\/uploads\/2022\/04\/Gify-Niedziela-Palmowa.jpg","width":350,"height":211},{"@type":"WebPage","@id":"https:\/\/pakosc-kalwaria.franciszkanie.net\/index.php\/2022\/04\/09\/ogloszenia-duszpasterskie-niedziela-palmowa-meki-panskiej-5\/#webpage","url":"https:\/\/pakosc-kalwaria.franciszkanie.net\/index.php\/2022\/04\/09\/ogloszenia-duszpasterskie-niedziela-palmowa-meki-panskiej-5\/","name":"Og\u0142oszenia duszpasterskie - Niedziela Palmowa M\u0119ki Pa\u0144skiej - Pako\u015b\u0107 \u2013 Kalwaria","isPartOf":{"@id":"https:\/\/pakosc-kalwaria.franciszkanie.net\/#website"},"primaryImageOfPage":{"@id":"https:\/\/pakosc-kalwaria.franciszkanie.net\/index.php\/2022\/04\/09\/ogloszenia-duszpasterskie-niedziela-palmowa-meki-panskiej-5\/#primaryimage"},"datePublished":"2022-04-09T07:05:35+00:00","dateModified":"2022-04-08T13:32:52+00:00","author":{"@id":"https:\/\/pakosc-kalwaria.franciszkanie.net\/#\/schema\/person\/af10b943be0760709227d060eadcb2aa"},"breadcrumb":{"@id":"https:\/\/pakosc-kalwaria.franciszkanie.net\/index.php\/2022\/04\/09\/ogloszenia-duszpasterskie-niedziela-palmowa-meki-panskiej-5\/#breadcrumb"},"inLanguage":"pl-PL","potentialAction":[{"@type":"ReadAction","target":["https:\/\/pakosc-kalwaria.franciszkanie.net\/index.php\/2022\/04\/09\/ogloszenia-duszpasterskie-niedziela-palmowa-meki-panskiej-5\/"]}]},{"@type":"BreadcrumbList","@id":"https:\/\/pakosc-kalwaria.franciszkanie.net\/index.php\/2022\/04\/09\/ogloszenia-duszpasterskie-niedziela-palmowa-meki-panskiej-5\/#breadcrumb","itemListElement":[{"@type":"ListItem","position":1,"name":"Strona g\u0142\u00f3wna","item":"https:\/\/pakosc-kalwaria.franciszkanie.net\/"},{"@type":"ListItem","position":2,"name":"Og\u0142oszenia duszpasterskie &#8211; Niedziela Palmowa M\u0119ki Pa\u0144skiej"}]},{"@type":"Person","@id":"https:\/\/pakosc-kalwaria.franciszkanie.net\/#\/schema\/person\/af10b943be0760709227d060eadcb2aa","name":"pakosc-kalwaria","image":{"@type":"ImageObject","@id":"https:\/\/pakosc-kalwaria.franciszkanie.net\/#personlogo","inLanguage":"pl-PL","url":"https:\/\/secure.gravatar.com\/avatar\/e7049d338b55eac6a0027ff3218b8d02?s=96&d=mm&r=g","contentUrl":"https:\/\/secure.gravatar.com\/avatar\/e7049d338b55eac6a0027ff3218b8d02?s=96&d=mm&r=g","caption":"pakosc-kalwaria"},"sameAs":["https:\/\/www.facebook.com\/KalwariaPakosc\/"],"url":"https:\/\/pakosc-kalwaria.franciszkanie.net\/index.php\/author\/pakosc-kalwaria\/"}]}},"_links":{"self":[{"href":"https:\/\/pakosc-kalwaria.franciszkanie.net\/index.php\/wp-json\/wp\/v2\/posts\/22448"}],"collection":[{"href":"https:\/\/pakosc-kalwaria.franciszkanie.net\/index.php\/wp-json\/wp\/v2\/posts"}],"about":[{"href":"https:\/\/pakosc-kalwaria.franciszkanie.net\/index.php\/wp-json\/wp\/v2\/types\/post"}],"author":[{"embeddable":true,"href":"https:\/\/pakosc-kalwaria.franciszkanie.net\/index.php\/wp-json\/wp\/v2\/users\/2"}],"replies":[{"embeddable":true,"href":"https:\/\/pakosc-kalwaria.franciszkanie.net\/index.php\/wp-json\/wp\/v2\/comments?post=22448"}],"version-history":[{"count":3,"href":"https:\/\/pakosc-kalwaria.franciszkanie.net\/index.php\/wp-json\/wp\/v2\/posts\/22448\/revisions"}],"predecessor-version":[{"id":22452,"href":"https:\/\/pakosc-kalwaria.franciszkanie.net\/index.php\/wp-json\/wp\/v2\/posts\/22448\/revisions\/22452"}],"wp:featuredmedia":[{"embeddable":true,"href":"https:\/\/pakosc-kalwaria.franciszkanie.net\/index.php\/wp-json\/wp\/v2\/media\/22449"}],"wp:attachment":[{"href":"https:\/\/pakosc-kalwaria.franciszkanie.net\/index.php\/wp-json\/wp\/v2\/media?parent=22448"}],"wp:term":[{"taxonomy":"category","embeddable":true,"href":"https:\/\/pakosc-kalwaria.franciszkanie.net\/index.php\/wp-json\/wp\/v2\/categories?post=22448"},{"taxonomy":"post_tag","embeddable":true,"href":"https:\/\/pakosc-kalwaria.franciszkanie.net\/index.php\/wp-json\/wp\/v2\/tags?post=22448"}],"curies":[{"name":"wp","href":"https:\/\/api.w.org\/{rel}","templated":true}]}}