{"id":22454,"date":"2022-04-08T18:00:50","date_gmt":"2022-04-08T16:00:50","guid":{"rendered":"http:\/\/pakosc-kalwaria.franciszkanie.net\/?p=22454"},"modified":"2022-04-08T16:21:39","modified_gmt":"2022-04-08T14:21:39","slug":"do-medytacji-z-kalwaryjskiego-wzgorza-piatek-08-04-2022r","status":"publish","type":"post","link":"https:\/\/pakosc-kalwaria.franciszkanie.net\/index.php\/2022\/04\/08\/do-medytacji-z-kalwaryjskiego-wzgorza-piatek-08-04-2022r\/","title":{"rendered":"Do medytacji z kalwaryjskiego Wzg\u00f3rza \u2013 pi\u0105tek 08.04.2022r."},"content":{"rendered":"<p><strong><span style=\"color: #ff0000;\">Z kazania na kalwaryjskim Wzg\u00f3rzu \u2013 08.04.2022r.<\/span><\/strong><\/p>\n<p><strong>Wyrz\u0105dzonego z\u0142a nie da si\u0119 cofn\u0105\u0107.<\/strong><strong><br \/>\n<\/strong>W codziennym \u017cyciu docieraj\u0105 do nas r\u00f3\u017cne wiadomo\u015bci, zar\u00f3wno dobre, jak i z\u0142e. Okazuje si\u0119, \u017ce bardziej no\u015bne s\u0105 te z\u0142e wiadomo\u015bci. Ch\u0119tnie ich s\u0142uchamy i przekazujemy dalej, cz\u0119sto nawet nie zastanawiaj\u0105c si\u0119 nad ich prawdziwo\u015bci\u0105. W ten spos\u00f3b niestety \u0142atwo mo\u017cemy zniszczy\u0107 komu\u015b \u017cycie, zszarga\u0107 czyje\u015b dobre imi\u0119. Nieraz mo\u017cna to zrobi\u0107 nawet nie\u015bwiadomie. Podobnie mo\u017ce zdarzy\u0107 si\u0119, gdy opanuje nas gniew. Okazuje si\u0119, \u017ce pod wp\u0142ywem z\u0142ych emocji jeste\u015bmy w stanie wykrzycze\u0107 wiele gorzkich s\u0142\u00f3w, kt\u00f3re mog\u0105 bardzo zrani\u0107 drugiego cz\u0142owieka, a nie zawsze musz\u0105 opiera\u0107 si\u0119 na prawdzie. Wypowiedziane w z\u0142ych emocjach s\u0142owa niestety pozostaj\u0105 potem na d\u0142ugi czas w ludzkiej pami\u0119ci. To co \u0142\u0105czy te dwa nasze zachowania to \u015bwiadomo\u015b\u0107, \u017ce wyrz\u0105dzonego w ten spos\u00f3b z\u0142a nie da si\u0119 cofn\u0105\u0107. Wypowiedziane, czy uczynione z\u0142o jest nieodwracalne. Jedyne co mo\u017cna wtedy zrobi\u0107, to uzna\u0107 sw\u00f3j b\u0142\u0105d, prosi\u0107 o przebaczenie i pr\u00f3bowa\u0107 wynagrodzi\u0107 dobrem za wyrz\u0105dzone krzywdy i z\u0142o.<br \/>\nOkazuje si\u0119, \u017ce B\u00f3g w swojej niesko\u0144czonej mi\u0142o\u015bci mi\u0142osiernej potrafi nawet z najwi\u0119kszego z\u0142a i wyrz\u0105dzonej krzywdy wyprowadzi\u0107 dobro. Gdy w okresie Wielkiego Postu czytamy Ewangeli\u0119, to zapewne zdumiewa nas, z jak\u0105 nienawi\u015bci\u0105 ze strony ludzi spotyka\u0142 si\u0119 Jezus z powodu swojego nauczania. Dawano o Jezusie z\u0142e \u015bwiadectwo. Wielu Jego s\u0142uchaczy by\u0142o wprost \u015blepych na dobro i moc Jego czyn\u00f3w. W gniewie pr\u00f3bowano Jezusa zniszczy\u0107 i zabi\u0107. Niekt\u00f3rzy nawet z Jego najbli\u017cszej rodziny uwa\u017cali, \u017ce postrada\u0142 zmys\u0142y. W naszych czasach jest podobnie. Nadal s\u0105 ludzie, kt\u00f3rzy z nienawi\u015bci\u0105 w sercu kieruj\u0105 si\u0119 ku Jezusowi, Jego Ko\u015bcio\u0142owi i Jego uczniom. Nauczanie p\u0142yn\u0105ce z Ewangelii u wielu budzi niepok\u00f3j, op\u00f3r a nawet gniew. W naszych czasach, tak\u017ce w naszej Ojczy\u017anie, s\u0105 ludzie, kt\u00f3rzy wiele czyni\u0105, by zniszczy\u0107 Jezusa i Jego dzie\u0142o na ziemi. Nie zawsze to co m\u00f3wi\u0105 i czyni\u0105 oparte jest na prawdzie. I w tym przypadku, wyrz\u0105dzonego przez nich z\u0142a nie da si\u0119 cofn\u0105\u0107. Czy kiedy\u015b uznaj\u0105 sw\u00f3j b\u0142\u0105d? Czy kiedy\u015b za wyrz\u0105dzone z\u0142o przeprosz\u0105 i spr\u00f3buj\u0105 zado\u015b\u0107uczyni\u0107 Jezusowi, Ko\u015bcio\u0142owi i tym kt\u00f3rzy wiernie trwaj\u0105 przy Jezusie?<br \/>\nW Niedziel\u0119 Palmow\u0105 i Wielki Pi\u0105tek, zapewne z wiar\u0105 i wielkim wzruszeniem, wys\u0142uchamy kolejny raz opisu M\u0119ki Jezusa Chrystusa, naszego Pana i Zbawiciela. Niewinny Jezus \u2013 oczerniony, niesprawiedliwie skazany, nieludzko pobity i okaleczony, publicznie wyszydzony i pozbawiony godno\u015bci, poni\u00f3s\u0142 najhaniebniejsz\u0105 wtedy z kar, i umar\u0142 przybity do Krzy\u017ca. Jak czytamy w Ewangelii wtedy \u201emrok ogarn\u0105\u0142 ca\u0142\u0105 ziemi\u0119\u2026, s\u0142o\u0144ce si\u0119 za\u0107mi\u0142o i zas\u0142ona przybytku rozdar\u0142a si\u0119 przez \u015brodek\u201d. Ten opis sprawia wra\u017cenie jakby ca\u0142y wszech\u015bwiat wstydzi\u0142 si\u0119 wtedy za ludzko\u015b\u0107, kt\u00f3ra skaza\u0142a na \u015bmier\u0107 swojego Boga i Stw\u00f3rc\u0119. Ciemno\u015bci, kt\u00f3re na ten czas zapanowa\u0142y nad \u015bwiatem s\u0105 symbolem chwilowego triumfu z\u0142a. Jezus kt\u00f3ry jest \u015awiat\u0142o\u015bci\u0105 \u015bwiata wisi bezradny na Krzy\u017cu. Po jak\u017ce wyczerpuj\u0105cej Drodze Krzy\u017cowej i trzygodzinnej agonii na Krzy\u017cu, Jezus potwierdza swoj\u0105 dobrowoln\u0105 ofiar\u0119 z samego siebie, dope\u0142nia dzie\u0142a zbawienia i oddaje si\u0119 swojemu Ojcu: \u201eOjcze w Twoje r\u0119ce powierzam ducha mojego. Po tych s\u0142owach wyzion\u0105\u0142 ducha\u201d. W ten spos\u00f3b \u017cycie i \u015bmier\u0107 Jezusa sta\u0142o si\u0119 wzorem \u017cycia i umierania w zjednoczeniu z Bogiem Ojcem.<br \/>\nNic nie jest w stanie cofn\u0105\u0107 z\u0142a, gniewu i nienawi\u015bci,\u00a0 kt\u00f3rych Jezus do\u015bwiadczy\u0142 i nadal do\u015bwiadcza od ludzi na ziemi. Nic nie jest w stanie cofn\u0105\u0107 pope\u0142nianych przez nas i przez innych grzech\u00f3w, kt\u00f3re rani\u0105 Zbawiciela i przybijaj\u0105 Go do Krzy\u017ca. Ale zawsze mo\u017cemy si\u0119 nawr\u00f3ci\u0107! Mo\u017cemy postara\u0107 si\u0119 zmieni\u0107 swoje \u017cycie na lepsze i mniej grzeszy\u0107. Mo\u017cemy stan\u0105\u0107 przed Bogiem w prawdzie o sobie, przeprosi\u0107 Boga za swoje grzechy i postara\u0107 si\u0119 zado\u015b\u0107uczyni\u0107 Bogu za pope\u0142nione grzechy. B\u00f3g mimo, \u017ce\u00a0 do\u015bwiadczy\u0142 ze strony ludzi tak wielkiego z\u0142a, krzywdy, cierpienia, i tak wielkiej niesprawiedliwo\u015bci, to w\u0142a\u015bnie na Krzy\u017cu odkupi\u0142 ludzi i ludzkie grzechy. Jezus nadal nieustannie czeka na ludzi, na Krzy\u017cu i na Eucharystii, we wsp\u00f3lnocie Ko\u015bcio\u0142a i w \u015bwi\u0119tych Sakramentach, aby obdarza\u0107 nas \u00a0swoj\u0105 Mi\u0142o\u015bci\u0105, Mi\u0142osierdziem i Przebaczeniem. Wyrz\u0105dzonego Jezusowi i Bogu z\u0142a nie da si\u0119 cofn\u0105\u0107, ale jak widzimy i g\u0142\u0119boko w to wierzymy, \u017ce B\u00f3g nawet z najwi\u0119kszego z\u0142a potrafi wyprowadzi\u0107 dla ludzi wiele dobra. Amen.<br \/>\n(o.R.)<\/p>\n","protected":false},"excerpt":{"rendered":"<p>Z kazania na kalwaryjskim Wzg\u00f3rzu \u2013 08.04.2022r. Wyrz\u0105dzonego z\u0142a nie da si\u0119 cofn\u0105\u0107. W codziennym \u017cyciu docieraj\u0105 do nas r\u00f3\u017cne wiadomo\u015bci, zar\u00f3wno dobre, jak i z\u0142e. Okazuje si\u0119, \u017ce bardziej no\u015bne s\u0105 te z\u0142e wiadomo\u015bci. Ch\u0119tnie ich s\u0142uchamy i przekazujemy dalej, cz\u0119sto nawet nie zastanawiaj\u0105c si\u0119 nad ich prawdziwo\u015bci\u0105. W ten spos\u00f3b niestety \u0142atwo mo\u017cemy &hellip;<\/p>\n","protected":false},"author":2,"featured_media":22259,"comment_status":"closed","ping_status":"closed","sticky":false,"template":"","format":"standard","meta":{"_mi_skip_tracking":false,"_exactmetrics_sitenote_active":false,"_exactmetrics_sitenote_note":"","_exactmetrics_sitenote_category":0},"categories":[14],"tags":[],"yoast_head":"<!-- This site is optimized with the Yoast SEO plugin v18.1 - https:\/\/yoast.com\/wordpress\/plugins\/seo\/ -->\n<title>Do medytacji z kalwaryjskiego Wzg\u00f3rza \u2013 pi\u0105tek 08.04.2022r. - Pako\u015b\u0107 \u2013 Kalwaria<\/title>\n<meta name=\"robots\" content=\"index, follow, max-snippet:-1, max-image-preview:large, max-video-preview:-1\" \/>\n<link rel=\"canonical\" href=\"https:\/\/pakosc-kalwaria.franciszkanie.net\/index.php\/2022\/04\/08\/do-medytacji-z-kalwaryjskiego-wzgorza-piatek-08-04-2022r\/\" \/>\n<meta property=\"og:locale\" content=\"pl_PL\" \/>\n<meta property=\"og:type\" content=\"article\" \/>\n<meta property=\"og:title\" content=\"Do medytacji z kalwaryjskiego Wzg\u00f3rza \u2013 pi\u0105tek 08.04.2022r. - Pako\u015b\u0107 \u2013 Kalwaria\" \/>\n<meta property=\"og:description\" content=\"Z kazania na kalwaryjskim Wzg\u00f3rzu \u2013 08.04.2022r. Wyrz\u0105dzonego z\u0142a nie da si\u0119 cofn\u0105\u0107. W codziennym \u017cyciu docieraj\u0105 do nas r\u00f3\u017cne wiadomo\u015bci, zar\u00f3wno dobre, jak i z\u0142e. Okazuje si\u0119, \u017ce bardziej no\u015bne s\u0105 te z\u0142e wiadomo\u015bci. Ch\u0119tnie ich s\u0142uchamy i przekazujemy dalej, cz\u0119sto nawet nie zastanawiaj\u0105c si\u0119 nad ich prawdziwo\u015bci\u0105. W ten spos\u00f3b niestety \u0142atwo mo\u017cemy &hellip;\" \/>\n<meta property=\"og:url\" content=\"https:\/\/pakosc-kalwaria.franciszkanie.net\/index.php\/2022\/04\/08\/do-medytacji-z-kalwaryjskiego-wzgorza-piatek-08-04-2022r\/\" \/>\n<meta property=\"og:site_name\" content=\"Pako\u015b\u0107 \u2013 Kalwaria\" \/>\n<meta property=\"article:author\" content=\"https:\/\/www.facebook.com\/KalwariaPakosc\/\" \/>\n<meta property=\"article:published_time\" content=\"2022-04-08T16:00:50+00:00\" \/>\n<meta property=\"article:modified_time\" content=\"2022-04-08T14:21:39+00:00\" \/>\n<meta property=\"og:image\" content=\"https:\/\/pakosc-kalwaria.franciszkanie.net\/wp-content\/uploads\/2022\/03\/W.-Post-2.jpg\" \/>\n\t<meta property=\"og:image:width\" content=\"400\" \/>\n\t<meta property=\"og:image:height\" content=\"225\" \/>\n\t<meta property=\"og:image:type\" content=\"image\/jpeg\" \/>\n<meta name=\"twitter:card\" content=\"summary\" \/>\n<meta name=\"twitter:label1\" content=\"Napisane przez\" \/>\n\t<meta name=\"twitter:data1\" content=\"pakosc-kalwaria\" \/>\n\t<meta name=\"twitter:label2\" content=\"Szacowany czas czytania\" \/>\n\t<meta name=\"twitter:data2\" content=\"4 minuty\" \/>\n<script type=\"application\/ld+json\" class=\"yoast-schema-graph\">{\"@context\":\"https:\/\/schema.org\",\"@graph\":[{\"@type\":\"WebSite\",\"@id\":\"https:\/\/pakosc-kalwaria.franciszkanie.net\/#website\",\"url\":\"https:\/\/pakosc-kalwaria.franciszkanie.net\/\",\"name\":\"Pako\u015b\u0107 \u2013 Kalwaria\",\"description\":\"Parafia Rzymsko \u2013 Katolicka p.w. Pana Jezusa Ukrzy\u017cowanego i  Matki Bo\u017cej Bolesnej ul. Barci\u0144ska 60, 88\u2013170 Pako\u015b\u0107 \u2013 Kalwaria\",\"potentialAction\":[{\"@type\":\"SearchAction\",\"target\":{\"@type\":\"EntryPoint\",\"urlTemplate\":\"https:\/\/pakosc-kalwaria.franciszkanie.net\/?s={search_term_string}\"},\"query-input\":\"required name=search_term_string\"}],\"inLanguage\":\"pl-PL\"},{\"@type\":\"ImageObject\",\"@id\":\"https:\/\/pakosc-kalwaria.franciszkanie.net\/index.php\/2022\/04\/08\/do-medytacji-z-kalwaryjskiego-wzgorza-piatek-08-04-2022r\/#primaryimage\",\"inLanguage\":\"pl-PL\",\"url\":\"https:\/\/pakosc-kalwaria.franciszkanie.net\/wp-content\/uploads\/2022\/03\/W.-Post-2.jpg\",\"contentUrl\":\"https:\/\/pakosc-kalwaria.franciszkanie.net\/wp-content\/uploads\/2022\/03\/W.-Post-2.jpg\",\"width\":400,\"height\":225},{\"@type\":\"WebPage\",\"@id\":\"https:\/\/pakosc-kalwaria.franciszkanie.net\/index.php\/2022\/04\/08\/do-medytacji-z-kalwaryjskiego-wzgorza-piatek-08-04-2022r\/#webpage\",\"url\":\"https:\/\/pakosc-kalwaria.franciszkanie.net\/index.php\/2022\/04\/08\/do-medytacji-z-kalwaryjskiego-wzgorza-piatek-08-04-2022r\/\",\"name\":\"Do medytacji z kalwaryjskiego Wzg\u00f3rza \u2013 pi\u0105tek 08.04.2022r. - Pako\u015b\u0107 \u2013 Kalwaria\",\"isPartOf\":{\"@id\":\"https:\/\/pakosc-kalwaria.franciszkanie.net\/#website\"},\"primaryImageOfPage\":{\"@id\":\"https:\/\/pakosc-kalwaria.franciszkanie.net\/index.php\/2022\/04\/08\/do-medytacji-z-kalwaryjskiego-wzgorza-piatek-08-04-2022r\/#primaryimage\"},\"datePublished\":\"2022-04-08T16:00:50+00:00\",\"dateModified\":\"2022-04-08T14:21:39+00:00\",\"author\":{\"@id\":\"https:\/\/pakosc-kalwaria.franciszkanie.net\/#\/schema\/person\/af10b943be0760709227d060eadcb2aa\"},\"breadcrumb\":{\"@id\":\"https:\/\/pakosc-kalwaria.franciszkanie.net\/index.php\/2022\/04\/08\/do-medytacji-z-kalwaryjskiego-wzgorza-piatek-08-04-2022r\/#breadcrumb\"},\"inLanguage\":\"pl-PL\",\"potentialAction\":[{\"@type\":\"ReadAction\",\"target\":[\"https:\/\/pakosc-kalwaria.franciszkanie.net\/index.php\/2022\/04\/08\/do-medytacji-z-kalwaryjskiego-wzgorza-piatek-08-04-2022r\/\"]}]},{\"@type\":\"BreadcrumbList\",\"@id\":\"https:\/\/pakosc-kalwaria.franciszkanie.net\/index.php\/2022\/04\/08\/do-medytacji-z-kalwaryjskiego-wzgorza-piatek-08-04-2022r\/#breadcrumb\",\"itemListElement\":[{\"@type\":\"ListItem\",\"position\":1,\"name\":\"Strona g\u0142\u00f3wna\",\"item\":\"https:\/\/pakosc-kalwaria.franciszkanie.net\/\"},{\"@type\":\"ListItem\",\"position\":2,\"name\":\"Do medytacji z kalwaryjskiego Wzg\u00f3rza \u2013 pi\u0105tek 08.04.2022r.\"}]},{\"@type\":\"Person\",\"@id\":\"https:\/\/pakosc-kalwaria.franciszkanie.net\/#\/schema\/person\/af10b943be0760709227d060eadcb2aa\",\"name\":\"pakosc-kalwaria\",\"image\":{\"@type\":\"ImageObject\",\"@id\":\"https:\/\/pakosc-kalwaria.franciszkanie.net\/#personlogo\",\"inLanguage\":\"pl-PL\",\"url\":\"https:\/\/secure.gravatar.com\/avatar\/e7049d338b55eac6a0027ff3218b8d02?s=96&d=mm&r=g\",\"contentUrl\":\"https:\/\/secure.gravatar.com\/avatar\/e7049d338b55eac6a0027ff3218b8d02?s=96&d=mm&r=g\",\"caption\":\"pakosc-kalwaria\"},\"sameAs\":[\"https:\/\/www.facebook.com\/KalwariaPakosc\/\"],\"url\":\"https:\/\/pakosc-kalwaria.franciszkanie.net\/index.php\/author\/pakosc-kalwaria\/\"}]}<\/script>\n<!-- \/ Yoast SEO plugin. -->","yoast_head_json":{"title":"Do medytacji z kalwaryjskiego Wzg\u00f3rza \u2013 pi\u0105tek 08.04.2022r. - Pako\u015b\u0107 \u2013 Kalwaria","robots":{"index":"index","follow":"follow","max-snippet":"max-snippet:-1","max-image-preview":"max-image-preview:large","max-video-preview":"max-video-preview:-1"},"canonical":"https:\/\/pakosc-kalwaria.franciszkanie.net\/index.php\/2022\/04\/08\/do-medytacji-z-kalwaryjskiego-wzgorza-piatek-08-04-2022r\/","og_locale":"pl_PL","og_type":"article","og_title":"Do medytacji z kalwaryjskiego Wzg\u00f3rza \u2013 pi\u0105tek 08.04.2022r. - Pako\u015b\u0107 \u2013 Kalwaria","og_description":"Z kazania na kalwaryjskim Wzg\u00f3rzu \u2013 08.04.2022r. Wyrz\u0105dzonego z\u0142a nie da si\u0119 cofn\u0105\u0107. W codziennym \u017cyciu docieraj\u0105 do nas r\u00f3\u017cne wiadomo\u015bci, zar\u00f3wno dobre, jak i z\u0142e. Okazuje si\u0119, \u017ce bardziej no\u015bne s\u0105 te z\u0142e wiadomo\u015bci. Ch\u0119tnie ich s\u0142uchamy i przekazujemy dalej, cz\u0119sto nawet nie zastanawiaj\u0105c si\u0119 nad ich prawdziwo\u015bci\u0105. W ten spos\u00f3b niestety \u0142atwo mo\u017cemy &hellip;","og_url":"https:\/\/pakosc-kalwaria.franciszkanie.net\/index.php\/2022\/04\/08\/do-medytacji-z-kalwaryjskiego-wzgorza-piatek-08-04-2022r\/","og_site_name":"Pako\u015b\u0107 \u2013 Kalwaria","article_author":"https:\/\/www.facebook.com\/KalwariaPakosc\/","article_published_time":"2022-04-08T16:00:50+00:00","article_modified_time":"2022-04-08T14:21:39+00:00","og_image":[{"width":400,"height":225,"url":"https:\/\/pakosc-kalwaria.franciszkanie.net\/wp-content\/uploads\/2022\/03\/W.-Post-2.jpg","type":"image\/jpeg"}],"twitter_card":"summary","twitter_misc":{"Napisane przez":"pakosc-kalwaria","Szacowany czas czytania":"4 minuty"},"schema":{"@context":"https:\/\/schema.org","@graph":[{"@type":"WebSite","@id":"https:\/\/pakosc-kalwaria.franciszkanie.net\/#website","url":"https:\/\/pakosc-kalwaria.franciszkanie.net\/","name":"Pako\u015b\u0107 \u2013 Kalwaria","description":"Parafia Rzymsko \u2013 Katolicka p.w. Pana Jezusa Ukrzy\u017cowanego i  Matki Bo\u017cej Bolesnej ul. Barci\u0144ska 60, 88\u2013170 Pako\u015b\u0107 \u2013 Kalwaria","potentialAction":[{"@type":"SearchAction","target":{"@type":"EntryPoint","urlTemplate":"https:\/\/pakosc-kalwaria.franciszkanie.net\/?s={search_term_string}"},"query-input":"required name=search_term_string"}],"inLanguage":"pl-PL"},{"@type":"ImageObject","@id":"https:\/\/pakosc-kalwaria.franciszkanie.net\/index.php\/2022\/04\/08\/do-medytacji-z-kalwaryjskiego-wzgorza-piatek-08-04-2022r\/#primaryimage","inLanguage":"pl-PL","url":"https:\/\/pakosc-kalwaria.franciszkanie.net\/wp-content\/uploads\/2022\/03\/W.-Post-2.jpg","contentUrl":"https:\/\/pakosc-kalwaria.franciszkanie.net\/wp-content\/uploads\/2022\/03\/W.-Post-2.jpg","width":400,"height":225},{"@type":"WebPage","@id":"https:\/\/pakosc-kalwaria.franciszkanie.net\/index.php\/2022\/04\/08\/do-medytacji-z-kalwaryjskiego-wzgorza-piatek-08-04-2022r\/#webpage","url":"https:\/\/pakosc-kalwaria.franciszkanie.net\/index.php\/2022\/04\/08\/do-medytacji-z-kalwaryjskiego-wzgorza-piatek-08-04-2022r\/","name":"Do medytacji z kalwaryjskiego Wzg\u00f3rza \u2013 pi\u0105tek 08.04.2022r. - Pako\u015b\u0107 \u2013 Kalwaria","isPartOf":{"@id":"https:\/\/pakosc-kalwaria.franciszkanie.net\/#website"},"primaryImageOfPage":{"@id":"https:\/\/pakosc-kalwaria.franciszkanie.net\/index.php\/2022\/04\/08\/do-medytacji-z-kalwaryjskiego-wzgorza-piatek-08-04-2022r\/#primaryimage"},"datePublished":"2022-04-08T16:00:50+00:00","dateModified":"2022-04-08T14:21:39+00:00","author":{"@id":"https:\/\/pakosc-kalwaria.franciszkanie.net\/#\/schema\/person\/af10b943be0760709227d060eadcb2aa"},"breadcrumb":{"@id":"https:\/\/pakosc-kalwaria.franciszkanie.net\/index.php\/2022\/04\/08\/do-medytacji-z-kalwaryjskiego-wzgorza-piatek-08-04-2022r\/#breadcrumb"},"inLanguage":"pl-PL","potentialAction":[{"@type":"ReadAction","target":["https:\/\/pakosc-kalwaria.franciszkanie.net\/index.php\/2022\/04\/08\/do-medytacji-z-kalwaryjskiego-wzgorza-piatek-08-04-2022r\/"]}]},{"@type":"BreadcrumbList","@id":"https:\/\/pakosc-kalwaria.franciszkanie.net\/index.php\/2022\/04\/08\/do-medytacji-z-kalwaryjskiego-wzgorza-piatek-08-04-2022r\/#breadcrumb","itemListElement":[{"@type":"ListItem","position":1,"name":"Strona g\u0142\u00f3wna","item":"https:\/\/pakosc-kalwaria.franciszkanie.net\/"},{"@type":"ListItem","position":2,"name":"Do medytacji z kalwaryjskiego Wzg\u00f3rza \u2013 pi\u0105tek 08.04.2022r."}]},{"@type":"Person","@id":"https:\/\/pakosc-kalwaria.franciszkanie.net\/#\/schema\/person\/af10b943be0760709227d060eadcb2aa","name":"pakosc-kalwaria","image":{"@type":"ImageObject","@id":"https:\/\/pakosc-kalwaria.franciszkanie.net\/#personlogo","inLanguage":"pl-PL","url":"https:\/\/secure.gravatar.com\/avatar\/e7049d338b55eac6a0027ff3218b8d02?s=96&d=mm&r=g","contentUrl":"https:\/\/secure.gravatar.com\/avatar\/e7049d338b55eac6a0027ff3218b8d02?s=96&d=mm&r=g","caption":"pakosc-kalwaria"},"sameAs":["https:\/\/www.facebook.com\/KalwariaPakosc\/"],"url":"https:\/\/pakosc-kalwaria.franciszkanie.net\/index.php\/author\/pakosc-kalwaria\/"}]}},"_links":{"self":[{"href":"https:\/\/pakosc-kalwaria.franciszkanie.net\/index.php\/wp-json\/wp\/v2\/posts\/22454"}],"collection":[{"href":"https:\/\/pakosc-kalwaria.franciszkanie.net\/index.php\/wp-json\/wp\/v2\/posts"}],"about":[{"href":"https:\/\/pakosc-kalwaria.franciszkanie.net\/index.php\/wp-json\/wp\/v2\/types\/post"}],"author":[{"embeddable":true,"href":"https:\/\/pakosc-kalwaria.franciszkanie.net\/index.php\/wp-json\/wp\/v2\/users\/2"}],"replies":[{"embeddable":true,"href":"https:\/\/pakosc-kalwaria.franciszkanie.net\/index.php\/wp-json\/wp\/v2\/comments?post=22454"}],"version-history":[{"count":3,"href":"https:\/\/pakosc-kalwaria.franciszkanie.net\/index.php\/wp-json\/wp\/v2\/posts\/22454\/revisions"}],"predecessor-version":[{"id":22457,"href":"https:\/\/pakosc-kalwaria.franciszkanie.net\/index.php\/wp-json\/wp\/v2\/posts\/22454\/revisions\/22457"}],"wp:featuredmedia":[{"embeddable":true,"href":"https:\/\/pakosc-kalwaria.franciszkanie.net\/index.php\/wp-json\/wp\/v2\/media\/22259"}],"wp:attachment":[{"href":"https:\/\/pakosc-kalwaria.franciszkanie.net\/index.php\/wp-json\/wp\/v2\/media?parent=22454"}],"wp:term":[{"taxonomy":"category","embeddable":true,"href":"https:\/\/pakosc-kalwaria.franciszkanie.net\/index.php\/wp-json\/wp\/v2\/categories?post=22454"},{"taxonomy":"post_tag","embeddable":true,"href":"https:\/\/pakosc-kalwaria.franciszkanie.net\/index.php\/wp-json\/wp\/v2\/tags?post=22454"}],"curies":[{"name":"wp","href":"https:\/\/api.w.org\/{rel}","templated":true}]}}