{"id":22522,"date":"2022-04-08T07:00:02","date_gmt":"2022-04-08T05:00:02","guid":{"rendered":"http:\/\/pakosc-kalwaria.franciszkanie.net\/?p=22522"},"modified":"2022-04-15T22:21:43","modified_gmt":"2022-04-15T20:21:43","slug":"wielki-piatek-na-kalwaryjskim-wzgorzu","status":"publish","type":"post","link":"https:\/\/pakosc-kalwaria.franciszkanie.net\/index.php\/2022\/04\/08\/wielki-piatek-na-kalwaryjskim-wzgorzu\/","title":{"rendered":"Wielki Pi\u0105tek na Kalwaryjskim Wzg\u00f3rzu"},"content":{"rendered":"<div class=\"entry-content\">\n<div class=\"entry-content\">\n<p><strong><span style=\"color: #ff0000;\">W Wielki Pi\u0105tek 15 kwietnia 2022r. w Sanktuarium Ukrzy\u017cowania\u00a0 na kalwaryjskim Wzg\u00f3rzu:<\/span><br \/>\n<span style=\"color: #ff0000;\">Od 8.00 \u2013 17.00<\/span> adoracja Naj\u015bwi\u0119tszego Sakramentu w \u201eCiemnicy\u201d\u00a0 (w ko\u015bciele).<br \/>\n<\/strong><strong><span style=\"color: #ff0000;\">O 15.00<\/span> rozpocz\u0119cie Nowenny przed \u015awi\u0119tem Bo\u017cego Mi\u0142osierdzia.<br \/>\n<span style=\"color: #ff0000;\">O 17.30<\/span> \u2013 Droga Krzy\u017cowa (w ko\u015bciele).<br \/>\n<\/strong><span style=\"color: #ff0000;\"><strong><br \/>\nO 18.00 CEREMONIE WIELKOPI\u0104TKOWE NA CZE\u015a\u0106 M\u0118KI PA\u0143SKIEJ<\/strong><\/span><strong><span style=\"color: #ff0000;\">\u00a0<\/span><br \/>\nPo Ceremoniach przeniesienie Naj\u015bwi\u0119tszego Sakramentu do Kaplicy Grobu Pa\u0144skiego (w ko\u015bciele) i <span style=\"color: #ff0000;\">adoracja do 22.00.<\/span><br \/>\n<\/strong><strong><span style=\"color: #ff0000;\">Ofiary<\/span> sk\u0142adane do skarbonki przy adoracji Krzy\u017ca \u015bwi\u0119tego przeznaczone s\u0105 na utrzymanie Sanktuari\u00f3w w Ziemi \u015awi\u0119tej.<\/strong><\/p>\n<p><span style=\"color: #ff0000;\"><strong><br \/>\nNa Kalwarii Pakoskiej <\/strong><strong>o<\/strong><\/span><strong><span style=\"color: #ff0000;\"> 3.00 nad ranem druga cz\u0119\u015b\u0107 Obchod\u00f3w Kalwaryjskich \u201eDroga M\u0119ki\u201d \u2013 od Kaplicy Kajfasz \u2013 Wi\u0119zienie.<\/span><br \/>\n<\/strong><strong><span style=\"color: #ff0000;\">O 9.00<\/span> Droga Krzy\u017cowa na Kalwarii \u2013 od Kaplicy Pi\u0142ata.<br \/>\n<\/strong><\/p>\n<p><strong><span style=\"color: #ff0000;\"><br \/>\nW Wielki Pi\u0105tek<\/span> obowi\u0105zuje <span style=\"color: #ff0000;\">post \u015bcis\u0142y<\/span> (jako\u015bciowy i ilo\u015bciowy), czyli post od potraw mi\u0119snych\u00a0 oraz mo\u017cna spo\u017cy\u0107 trzy posi\u0142ki, w tym tylko jeden do syta. Od tego postu nie ma dyspensy.<\/strong><\/p>\n<p><strong><br \/>\nWielki Pi\u0105tek to DZIE\u0143 KRZY\u017bA<\/strong> <strong>\u015aWI\u0118TEGO<\/strong>. Po po\u0142udniu odprawiana jest niepowtarzalna wielkopi\u0105tkowa <strong>LITURGIA M\u0118KI\u00a0 PA\u0143SKIEJ.<\/strong> Celebrans i asysta wchodz\u0105 w ciszy. Przed o\u0142tarzem przez chwil\u0119 le\u017c\u0105 krzy\u017cem, a po modlitwie wst\u0119pnej czytane jest proroctwo o Cierpi\u0105cym S\u0142udze Jahwe i fragment Listu do Hebrajczyk\u00f3w. Nast\u0119pnie czyta si\u0119 lub \u015bpiewa, zwykle z podzia\u0142em na role, opis M\u0119ki Pa\u0144skiej wed\u0142ug \u015bw. Jana.<br \/>\nPo homilii w bardzo uroczystej <strong>MODLITWIE WSTAWIENNICZEJ<\/strong> \u00a0Ko\u015bci\u00f3\u0142 poleca Bogu siebie i ca\u0142y \u015bwiat, wyra\u017caj\u0105c w ten spos\u00f3b pragnienie samego Chrystusa: aby wszyscy byli zbawieni.<\/p>\n<p>Centralnym wydarzeniem liturgii wielkopi\u0105tkowej jest <strong>ADORACJA KRZY\u017bA<\/strong>. Zas\u0142oni\u0119ty fioletowym suknem Krzy\u017c wnosi si\u0119 przed o\u0142tarz. Celebrans stopniowo ods\u0142ania ramiona Krzy\u017ca i \u015bpiewa trzykrotnie: <strong>\u201eOto drzewo Krzy\u017ca, na kt\u00f3rym zawis\u0142o zbawienie \u015bwiata\u201d,<\/strong> na co wierni odpowiadaj\u0105<strong>: \u201eP\u00f3jd\u017amy z pok\u0142onem\u201d.<\/strong><br \/>\nPo liturgii Krzy\u017c zostaje w widocznym i dost\u0119pnym miejscu, tak by ka\u017cdy wierny m\u00f3g\u0142 go adorowa\u0107. Jest on a\u017c do Wigilii Paschalnej najwa\u017cniejszym punktem w ko\u015bciele. Przykl\u0119ka si\u0119 przed nim, tak, jak normalnie przykl\u0119ka si\u0119 przed Naj\u015bwi\u0119tszym Sakramentem.<br \/>\n<strong>Po adoracji Krzy\u017ca, z Ciemnicy przynosi si\u0119 Naj\u015bwi\u0119tszy Sakrament i wiernym udziela si\u0119 Komunii \u015bwi\u0119tej.<\/strong><\/p>\n<p>Ostatni\u0105 cz\u0119\u015bci\u0105 liturgii Wielkiego Pi\u0105tku jest <strong>PROCESJA DO GROBU PA\u0143SKIEGO<\/strong>. Na o\u0142tarzu umieszczonym przy Grobie lub na specjalnym tronie <strong>wystawia si\u0119 Naj\u015bwi\u0119tszy Sakrament w monstrancji okrytej bia\u0142ym przejrzystym welonem <\/strong>\u2013 symbolem ca\u0142unu, w kt\u00f3ry owini\u0119to cia\u0142o zmar\u0142ego Chrystusa. Ca\u0142y wystr\u00f3j tej kaplicy ma kierowa\u0107 uwag\u0119 na Cia\u0142o Pa\u0144skie.<\/p>\n<p>W Wielki Pi\u0105tek odprawiane s\u0105 tak\u017ce <strong>nabo\u017ce\u0144stwa DROGI KRZY\u017bOWEJ.<br \/>\n<\/strong><strong>Wielki Pi\u0105tek to dzie\u0144 w kt\u00f3rym Ko\u015bci\u00f3\u0142 nie sprawuje Mszy \u015bwi\u0119tej.<\/strong><\/p>\n<\/div>\n<\/div>\n","protected":false},"excerpt":{"rendered":"<p>W Wielki Pi\u0105tek 15 kwietnia 2022r. w Sanktuarium Ukrzy\u017cowania\u00a0 na kalwaryjskim Wzg\u00f3rzu: Od 8.00 \u2013 17.00 adoracja Naj\u015bwi\u0119tszego Sakramentu w \u201eCiemnicy\u201d\u00a0 (w ko\u015bciele). O 15.00 rozpocz\u0119cie Nowenny przed \u015awi\u0119tem Bo\u017cego Mi\u0142osierdzia. O 17.30 \u2013 Droga Krzy\u017cowa (w ko\u015bciele). O 18.00 CEREMONIE WIELKOPI\u0104TKOWE NA CZE\u015a\u0106 M\u0118KI PA\u0143SKIEJ\u00a0 Po Ceremoniach przeniesienie Naj\u015bwi\u0119tszego Sakramentu do Kaplicy Grobu Pa\u0144skiego &hellip;<\/p>\n","protected":false},"author":2,"featured_media":22523,"comment_status":"closed","ping_status":"closed","sticky":false,"template":"","format":"standard","meta":{"_mi_skip_tracking":false,"_exactmetrics_sitenote_active":false,"_exactmetrics_sitenote_note":"","_exactmetrics_sitenote_category":0},"categories":[13,14,5],"tags":[],"yoast_head":"<!-- This site is optimized with the Yoast SEO plugin v18.1 - https:\/\/yoast.com\/wordpress\/plugins\/seo\/ -->\n<title>Wielki Pi\u0105tek na Kalwaryjskim Wzg\u00f3rzu - Pako\u015b\u0107 \u2013 Kalwaria<\/title>\n<meta name=\"robots\" content=\"index, follow, max-snippet:-1, max-image-preview:large, max-video-preview:-1\" \/>\n<link rel=\"canonical\" href=\"https:\/\/pakosc-kalwaria.franciszkanie.net\/index.php\/2022\/04\/08\/wielki-piatek-na-kalwaryjskim-wzgorzu\/\" \/>\n<meta property=\"og:locale\" content=\"pl_PL\" \/>\n<meta property=\"og:type\" content=\"article\" \/>\n<meta property=\"og:title\" content=\"Wielki Pi\u0105tek na Kalwaryjskim Wzg\u00f3rzu - Pako\u015b\u0107 \u2013 Kalwaria\" \/>\n<meta property=\"og:description\" content=\"W Wielki Pi\u0105tek 15 kwietnia 2022r. w Sanktuarium Ukrzy\u017cowania\u00a0 na kalwaryjskim Wzg\u00f3rzu: Od 8.00 \u2013 17.00 adoracja Naj\u015bwi\u0119tszego Sakramentu w \u201eCiemnicy\u201d\u00a0 (w ko\u015bciele). O 15.00 rozpocz\u0119cie Nowenny przed \u015awi\u0119tem Bo\u017cego Mi\u0142osierdzia. O 17.30 \u2013 Droga Krzy\u017cowa (w ko\u015bciele). O 18.00 CEREMONIE WIELKOPI\u0104TKOWE NA CZE\u015a\u0106 M\u0118KI PA\u0143SKIEJ\u00a0 Po Ceremoniach przeniesienie Naj\u015bwi\u0119tszego Sakramentu do Kaplicy Grobu Pa\u0144skiego &hellip;\" \/>\n<meta property=\"og:url\" content=\"https:\/\/pakosc-kalwaria.franciszkanie.net\/index.php\/2022\/04\/08\/wielki-piatek-na-kalwaryjskim-wzgorzu\/\" \/>\n<meta property=\"og:site_name\" content=\"Pako\u015b\u0107 \u2013 Kalwaria\" \/>\n<meta property=\"article:author\" content=\"https:\/\/www.facebook.com\/KalwariaPakosc\/\" \/>\n<meta property=\"article:published_time\" content=\"2022-04-08T05:00:02+00:00\" \/>\n<meta property=\"article:modified_time\" content=\"2022-04-15T20:21:43+00:00\" \/>\n<meta property=\"og:image\" content=\"https:\/\/pakosc-kalwaria.franciszkanie.net\/wp-content\/uploads\/2022\/04\/Wielki-Piatek.jpeg\" \/>\n\t<meta property=\"og:image:width\" content=\"300\" \/>\n\t<meta property=\"og:image:height\" content=\"193\" \/>\n\t<meta property=\"og:image:type\" content=\"image\/jpeg\" \/>\n<meta name=\"twitter:card\" content=\"summary\" \/>\n<meta name=\"twitter:label1\" content=\"Napisane przez\" \/>\n\t<meta name=\"twitter:data1\" content=\"pakosc-kalwaria\" \/>\n\t<meta name=\"twitter:label2\" content=\"Szacowany czas czytania\" \/>\n\t<meta name=\"twitter:data2\" content=\"2 minuty\" \/>\n<script type=\"application\/ld+json\" class=\"yoast-schema-graph\">{\"@context\":\"https:\/\/schema.org\",\"@graph\":[{\"@type\":\"WebSite\",\"@id\":\"https:\/\/pakosc-kalwaria.franciszkanie.net\/#website\",\"url\":\"https:\/\/pakosc-kalwaria.franciszkanie.net\/\",\"name\":\"Pako\u015b\u0107 \u2013 Kalwaria\",\"description\":\"Parafia Rzymsko \u2013 Katolicka p.w. Pana Jezusa Ukrzy\u017cowanego i  Matki Bo\u017cej Bolesnej ul. Barci\u0144ska 60, 88\u2013170 Pako\u015b\u0107 \u2013 Kalwaria\",\"potentialAction\":[{\"@type\":\"SearchAction\",\"target\":{\"@type\":\"EntryPoint\",\"urlTemplate\":\"https:\/\/pakosc-kalwaria.franciszkanie.net\/?s={search_term_string}\"},\"query-input\":\"required name=search_term_string\"}],\"inLanguage\":\"pl-PL\"},{\"@type\":\"ImageObject\",\"@id\":\"https:\/\/pakosc-kalwaria.franciszkanie.net\/index.php\/2022\/04\/08\/wielki-piatek-na-kalwaryjskim-wzgorzu\/#primaryimage\",\"inLanguage\":\"pl-PL\",\"url\":\"https:\/\/pakosc-kalwaria.franciszkanie.net\/wp-content\/uploads\/2022\/04\/Wielki-Piatek.jpeg\",\"contentUrl\":\"https:\/\/pakosc-kalwaria.franciszkanie.net\/wp-content\/uploads\/2022\/04\/Wielki-Piatek.jpeg\",\"width\":300,\"height\":193},{\"@type\":\"WebPage\",\"@id\":\"https:\/\/pakosc-kalwaria.franciszkanie.net\/index.php\/2022\/04\/08\/wielki-piatek-na-kalwaryjskim-wzgorzu\/#webpage\",\"url\":\"https:\/\/pakosc-kalwaria.franciszkanie.net\/index.php\/2022\/04\/08\/wielki-piatek-na-kalwaryjskim-wzgorzu\/\",\"name\":\"Wielki Pi\u0105tek na Kalwaryjskim Wzg\u00f3rzu - Pako\u015b\u0107 \u2013 Kalwaria\",\"isPartOf\":{\"@id\":\"https:\/\/pakosc-kalwaria.franciszkanie.net\/#website\"},\"primaryImageOfPage\":{\"@id\":\"https:\/\/pakosc-kalwaria.franciszkanie.net\/index.php\/2022\/04\/08\/wielki-piatek-na-kalwaryjskim-wzgorzu\/#primaryimage\"},\"datePublished\":\"2022-04-08T05:00:02+00:00\",\"dateModified\":\"2022-04-15T20:21:43+00:00\",\"author\":{\"@id\":\"https:\/\/pakosc-kalwaria.franciszkanie.net\/#\/schema\/person\/af10b943be0760709227d060eadcb2aa\"},\"breadcrumb\":{\"@id\":\"https:\/\/pakosc-kalwaria.franciszkanie.net\/index.php\/2022\/04\/08\/wielki-piatek-na-kalwaryjskim-wzgorzu\/#breadcrumb\"},\"inLanguage\":\"pl-PL\",\"potentialAction\":[{\"@type\":\"ReadAction\",\"target\":[\"https:\/\/pakosc-kalwaria.franciszkanie.net\/index.php\/2022\/04\/08\/wielki-piatek-na-kalwaryjskim-wzgorzu\/\"]}]},{\"@type\":\"BreadcrumbList\",\"@id\":\"https:\/\/pakosc-kalwaria.franciszkanie.net\/index.php\/2022\/04\/08\/wielki-piatek-na-kalwaryjskim-wzgorzu\/#breadcrumb\",\"itemListElement\":[{\"@type\":\"ListItem\",\"position\":1,\"name\":\"Strona g\u0142\u00f3wna\",\"item\":\"https:\/\/pakosc-kalwaria.franciszkanie.net\/\"},{\"@type\":\"ListItem\",\"position\":2,\"name\":\"Wielki Pi\u0105tek na Kalwaryjskim Wzg\u00f3rzu\"}]},{\"@type\":\"Person\",\"@id\":\"https:\/\/pakosc-kalwaria.franciszkanie.net\/#\/schema\/person\/af10b943be0760709227d060eadcb2aa\",\"name\":\"pakosc-kalwaria\",\"image\":{\"@type\":\"ImageObject\",\"@id\":\"https:\/\/pakosc-kalwaria.franciszkanie.net\/#personlogo\",\"inLanguage\":\"pl-PL\",\"url\":\"https:\/\/secure.gravatar.com\/avatar\/e7049d338b55eac6a0027ff3218b8d02?s=96&d=mm&r=g\",\"contentUrl\":\"https:\/\/secure.gravatar.com\/avatar\/e7049d338b55eac6a0027ff3218b8d02?s=96&d=mm&r=g\",\"caption\":\"pakosc-kalwaria\"},\"sameAs\":[\"https:\/\/www.facebook.com\/KalwariaPakosc\/\"],\"url\":\"https:\/\/pakosc-kalwaria.franciszkanie.net\/index.php\/author\/pakosc-kalwaria\/\"}]}<\/script>\n<!-- \/ Yoast SEO plugin. -->","yoast_head_json":{"title":"Wielki Pi\u0105tek na Kalwaryjskim Wzg\u00f3rzu - Pako\u015b\u0107 \u2013 Kalwaria","robots":{"index":"index","follow":"follow","max-snippet":"max-snippet:-1","max-image-preview":"max-image-preview:large","max-video-preview":"max-video-preview:-1"},"canonical":"https:\/\/pakosc-kalwaria.franciszkanie.net\/index.php\/2022\/04\/08\/wielki-piatek-na-kalwaryjskim-wzgorzu\/","og_locale":"pl_PL","og_type":"article","og_title":"Wielki Pi\u0105tek na Kalwaryjskim Wzg\u00f3rzu - Pako\u015b\u0107 \u2013 Kalwaria","og_description":"W Wielki Pi\u0105tek 15 kwietnia 2022r. w Sanktuarium Ukrzy\u017cowania\u00a0 na kalwaryjskim Wzg\u00f3rzu: Od 8.00 \u2013 17.00 adoracja Naj\u015bwi\u0119tszego Sakramentu w \u201eCiemnicy\u201d\u00a0 (w ko\u015bciele). O 15.00 rozpocz\u0119cie Nowenny przed \u015awi\u0119tem Bo\u017cego Mi\u0142osierdzia. O 17.30 \u2013 Droga Krzy\u017cowa (w ko\u015bciele). O 18.00 CEREMONIE WIELKOPI\u0104TKOWE NA CZE\u015a\u0106 M\u0118KI PA\u0143SKIEJ\u00a0 Po Ceremoniach przeniesienie Naj\u015bwi\u0119tszego Sakramentu do Kaplicy Grobu Pa\u0144skiego &hellip;","og_url":"https:\/\/pakosc-kalwaria.franciszkanie.net\/index.php\/2022\/04\/08\/wielki-piatek-na-kalwaryjskim-wzgorzu\/","og_site_name":"Pako\u015b\u0107 \u2013 Kalwaria","article_author":"https:\/\/www.facebook.com\/KalwariaPakosc\/","article_published_time":"2022-04-08T05:00:02+00:00","article_modified_time":"2022-04-15T20:21:43+00:00","og_image":[{"width":300,"height":193,"url":"https:\/\/pakosc-kalwaria.franciszkanie.net\/wp-content\/uploads\/2022\/04\/Wielki-Piatek.jpeg","type":"image\/jpeg"}],"twitter_card":"summary","twitter_misc":{"Napisane przez":"pakosc-kalwaria","Szacowany czas czytania":"2 minuty"},"schema":{"@context":"https:\/\/schema.org","@graph":[{"@type":"WebSite","@id":"https:\/\/pakosc-kalwaria.franciszkanie.net\/#website","url":"https:\/\/pakosc-kalwaria.franciszkanie.net\/","name":"Pako\u015b\u0107 \u2013 Kalwaria","description":"Parafia Rzymsko \u2013 Katolicka p.w. Pana Jezusa Ukrzy\u017cowanego i  Matki Bo\u017cej Bolesnej ul. Barci\u0144ska 60, 88\u2013170 Pako\u015b\u0107 \u2013 Kalwaria","potentialAction":[{"@type":"SearchAction","target":{"@type":"EntryPoint","urlTemplate":"https:\/\/pakosc-kalwaria.franciszkanie.net\/?s={search_term_string}"},"query-input":"required name=search_term_string"}],"inLanguage":"pl-PL"},{"@type":"ImageObject","@id":"https:\/\/pakosc-kalwaria.franciszkanie.net\/index.php\/2022\/04\/08\/wielki-piatek-na-kalwaryjskim-wzgorzu\/#primaryimage","inLanguage":"pl-PL","url":"https:\/\/pakosc-kalwaria.franciszkanie.net\/wp-content\/uploads\/2022\/04\/Wielki-Piatek.jpeg","contentUrl":"https:\/\/pakosc-kalwaria.franciszkanie.net\/wp-content\/uploads\/2022\/04\/Wielki-Piatek.jpeg","width":300,"height":193},{"@type":"WebPage","@id":"https:\/\/pakosc-kalwaria.franciszkanie.net\/index.php\/2022\/04\/08\/wielki-piatek-na-kalwaryjskim-wzgorzu\/#webpage","url":"https:\/\/pakosc-kalwaria.franciszkanie.net\/index.php\/2022\/04\/08\/wielki-piatek-na-kalwaryjskim-wzgorzu\/","name":"Wielki Pi\u0105tek na Kalwaryjskim Wzg\u00f3rzu - Pako\u015b\u0107 \u2013 Kalwaria","isPartOf":{"@id":"https:\/\/pakosc-kalwaria.franciszkanie.net\/#website"},"primaryImageOfPage":{"@id":"https:\/\/pakosc-kalwaria.franciszkanie.net\/index.php\/2022\/04\/08\/wielki-piatek-na-kalwaryjskim-wzgorzu\/#primaryimage"},"datePublished":"2022-04-08T05:00:02+00:00","dateModified":"2022-04-15T20:21:43+00:00","author":{"@id":"https:\/\/pakosc-kalwaria.franciszkanie.net\/#\/schema\/person\/af10b943be0760709227d060eadcb2aa"},"breadcrumb":{"@id":"https:\/\/pakosc-kalwaria.franciszkanie.net\/index.php\/2022\/04\/08\/wielki-piatek-na-kalwaryjskim-wzgorzu\/#breadcrumb"},"inLanguage":"pl-PL","potentialAction":[{"@type":"ReadAction","target":["https:\/\/pakosc-kalwaria.franciszkanie.net\/index.php\/2022\/04\/08\/wielki-piatek-na-kalwaryjskim-wzgorzu\/"]}]},{"@type":"BreadcrumbList","@id":"https:\/\/pakosc-kalwaria.franciszkanie.net\/index.php\/2022\/04\/08\/wielki-piatek-na-kalwaryjskim-wzgorzu\/#breadcrumb","itemListElement":[{"@type":"ListItem","position":1,"name":"Strona g\u0142\u00f3wna","item":"https:\/\/pakosc-kalwaria.franciszkanie.net\/"},{"@type":"ListItem","position":2,"name":"Wielki Pi\u0105tek na Kalwaryjskim Wzg\u00f3rzu"}]},{"@type":"Person","@id":"https:\/\/pakosc-kalwaria.franciszkanie.net\/#\/schema\/person\/af10b943be0760709227d060eadcb2aa","name":"pakosc-kalwaria","image":{"@type":"ImageObject","@id":"https:\/\/pakosc-kalwaria.franciszkanie.net\/#personlogo","inLanguage":"pl-PL","url":"https:\/\/secure.gravatar.com\/avatar\/e7049d338b55eac6a0027ff3218b8d02?s=96&d=mm&r=g","contentUrl":"https:\/\/secure.gravatar.com\/avatar\/e7049d338b55eac6a0027ff3218b8d02?s=96&d=mm&r=g","caption":"pakosc-kalwaria"},"sameAs":["https:\/\/www.facebook.com\/KalwariaPakosc\/"],"url":"https:\/\/pakosc-kalwaria.franciszkanie.net\/index.php\/author\/pakosc-kalwaria\/"}]}},"_links":{"self":[{"href":"https:\/\/pakosc-kalwaria.franciszkanie.net\/index.php\/wp-json\/wp\/v2\/posts\/22522"}],"collection":[{"href":"https:\/\/pakosc-kalwaria.franciszkanie.net\/index.php\/wp-json\/wp\/v2\/posts"}],"about":[{"href":"https:\/\/pakosc-kalwaria.franciszkanie.net\/index.php\/wp-json\/wp\/v2\/types\/post"}],"author":[{"embeddable":true,"href":"https:\/\/pakosc-kalwaria.franciszkanie.net\/index.php\/wp-json\/wp\/v2\/users\/2"}],"replies":[{"embeddable":true,"href":"https:\/\/pakosc-kalwaria.franciszkanie.net\/index.php\/wp-json\/wp\/v2\/comments?post=22522"}],"version-history":[{"count":1,"href":"https:\/\/pakosc-kalwaria.franciszkanie.net\/index.php\/wp-json\/wp\/v2\/posts\/22522\/revisions"}],"predecessor-version":[{"id":22524,"href":"https:\/\/pakosc-kalwaria.franciszkanie.net\/index.php\/wp-json\/wp\/v2\/posts\/22522\/revisions\/22524"}],"wp:featuredmedia":[{"embeddable":true,"href":"https:\/\/pakosc-kalwaria.franciszkanie.net\/index.php\/wp-json\/wp\/v2\/media\/22523"}],"wp:attachment":[{"href":"https:\/\/pakosc-kalwaria.franciszkanie.net\/index.php\/wp-json\/wp\/v2\/media?parent=22522"}],"wp:term":[{"taxonomy":"category","embeddable":true,"href":"https:\/\/pakosc-kalwaria.franciszkanie.net\/index.php\/wp-json\/wp\/v2\/categories?post=22522"},{"taxonomy":"post_tag","embeddable":true,"href":"https:\/\/pakosc-kalwaria.franciszkanie.net\/index.php\/wp-json\/wp\/v2\/tags?post=22522"}],"curies":[{"name":"wp","href":"https:\/\/api.w.org\/{rel}","templated":true}]}}