{"id":22529,"date":"2022-04-08T07:15:09","date_gmt":"2022-04-08T05:15:09","guid":{"rendered":"http:\/\/pakosc-kalwaria.franciszkanie.net\/?p=22529"},"modified":"2022-04-14T22:47:56","modified_gmt":"2022-04-14T20:47:56","slug":"swieto-chrztu-polski-14-kwietnia-2","status":"publish","type":"post","link":"https:\/\/pakosc-kalwaria.franciszkanie.net\/index.php\/2022\/04\/08\/swieto-chrztu-polski-14-kwietnia-2\/","title":{"rendered":"\u015awi\u0119to Chrztu Polski &#8211; 14 kwietnia"},"content":{"rendered":"<article>\n<div class=\"art-main-image\"><span style=\"color: #ff0000;\"><strong>W \u015brod\u0119 14 kwietnia 2022r. przypada, obchodzone po raz trzeci a ustanowione przez Sejm RP, \u015awi\u0119to Chrztu Polski.<\/strong> <\/span>Ma ono sk\u0142ania\u0107 nas Polak\u00f3w do manifestowania patriotyzmu i podejmowania dzia\u0142a\u0144 na rzecz dobra wsp\u00f3lnego w Ojczy\u017anie. Przypomina te\u017c, \u017ce chrzest by\u0142 elementem, od kt\u00f3rego zacz\u0119\u0142a si\u0119 historia Polski i jej chrze\u015bcija\u0144skie dziedzictwo.<\/div>\n<div class=\"content xtxt\">\n<p data-wtg-lazy=\"0\"><strong>\u015awi\u0119to Chrztu Polski zosta\u0142o ustanowione przez Sejm RP 22 lutego 2019 r.<\/strong> Ma ono upami\u0119tnia\u0107 wydarzenie, kt\u00f3re leg\u0142o u fundament\u00f3w pa\u0144stwa polskiego i jednocze\u015bnie sk\u0142ania\u0107 do wdzi\u0119czno\u015bci, zadumy i zastanowienia si\u0119 nad tym, co ka\u017cdy z nas mo\u017ce dla dobra Ojczyzny zrobi\u0107.<\/p>\n<p data-wtg-lazy=\"1\">W my\u015bl przyj\u0119tej ustawy 14 kwietnia ma by\u0107 dniem \u201enarodowej refleksji nad dziedzictwem naszych ojc\u00f3w, nad odpowiedzialno\u015bci\u0105 wszelkich w\u0142adz pa\u0144stwowych, wszystkich obywateli i ka\u017cdego z osoba za nasz\u0105 Ojczyzn\u0119, za jej przysz\u0142o\u015b\u0107 i pomy\u015blno\u015b\u0107\u201d. \u015awi\u0119to powinno s\u0142u\u017cy\u0107 inspiracji do podejmowania dzia\u0142a\u0144 na rzecz dobra wsp\u00f3lnego. Ze wzgl\u0119du na pa\u0144stwowy charakter, <strong>Polacy s\u0105 tego dnia zach\u0119cani do wywieszenia bia\u0142o-czerwonych flag.<\/strong> Wywieszanie w tym dniu flagi pa\u0144stwowej nie tylko podkre\u015bla wag\u0119 tego \u015awi\u0119ta w naszej Ojczy\u017anie, ale te\u017c pokazuje \u015bcis\u0142y zwi\u0105zek naszego chrze\u015bcija\u0144skiego fundamentu i polskiej pa\u0144stwowo\u015bci.<\/p>\n<\/div>\n<\/article>\n<div class=\"wtgLazyWrapper\" data-wtg-lazy=\"17\">\n<div id=\"wtgLazy-2\" class=\"w2g wtgLazy-2-loaded\"><\/div>\n<\/div>\n","protected":false},"excerpt":{"rendered":"<p>W \u015brod\u0119 14 kwietnia 2022r. przypada, obchodzone po raz trzeci a ustanowione przez Sejm RP, \u015awi\u0119to Chrztu Polski. Ma ono sk\u0142ania\u0107 nas Polak\u00f3w do manifestowania patriotyzmu i podejmowania dzia\u0142a\u0144 na rzecz dobra wsp\u00f3lnego w Ojczy\u017anie. Przypomina te\u017c, \u017ce chrzest by\u0142 elementem, od kt\u00f3rego zacz\u0119\u0142a si\u0119 historia Polski i jej chrze\u015bcija\u0144skie dziedzictwo. \u015awi\u0119to Chrztu Polski zosta\u0142o &hellip;<\/p>\n","protected":false},"author":2,"featured_media":22531,"comment_status":"closed","ping_status":"closed","sticky":false,"template":"","format":"standard","meta":{"_mi_skip_tracking":false,"_exactmetrics_sitenote_active":false,"_exactmetrics_sitenote_note":"","_exactmetrics_sitenote_category":0},"categories":[13],"tags":[],"yoast_head":"<!-- This site is optimized with the Yoast SEO plugin v18.1 - https:\/\/yoast.com\/wordpress\/plugins\/seo\/ -->\n<title>\u015awi\u0119to Chrztu Polski - 14 kwietnia - Pako\u015b\u0107 \u2013 Kalwaria<\/title>\n<meta name=\"robots\" content=\"index, follow, max-snippet:-1, max-image-preview:large, max-video-preview:-1\" \/>\n<link rel=\"canonical\" href=\"https:\/\/pakosc-kalwaria.franciszkanie.net\/index.php\/2022\/04\/08\/swieto-chrztu-polski-14-kwietnia-2\/\" \/>\n<meta property=\"og:locale\" content=\"pl_PL\" \/>\n<meta property=\"og:type\" content=\"article\" \/>\n<meta property=\"og:title\" content=\"\u015awi\u0119to Chrztu Polski - 14 kwietnia - Pako\u015b\u0107 \u2013 Kalwaria\" \/>\n<meta property=\"og:description\" content=\"W \u015brod\u0119 14 kwietnia 2022r. przypada, obchodzone po raz trzeci a ustanowione przez Sejm RP, \u015awi\u0119to Chrztu Polski. Ma ono sk\u0142ania\u0107 nas Polak\u00f3w do manifestowania patriotyzmu i podejmowania dzia\u0142a\u0144 na rzecz dobra wsp\u00f3lnego w Ojczy\u017anie. Przypomina te\u017c, \u017ce chrzest by\u0142 elementem, od kt\u00f3rego zacz\u0119\u0142a si\u0119 historia Polski i jej chrze\u015bcija\u0144skie dziedzictwo. \u015awi\u0119to Chrztu Polski zosta\u0142o &hellip;\" \/>\n<meta property=\"og:url\" content=\"https:\/\/pakosc-kalwaria.franciszkanie.net\/index.php\/2022\/04\/08\/swieto-chrztu-polski-14-kwietnia-2\/\" \/>\n<meta property=\"og:site_name\" content=\"Pako\u015b\u0107 \u2013 Kalwaria\" \/>\n<meta property=\"article:author\" content=\"https:\/\/www.facebook.com\/KalwariaPakosc\/\" \/>\n<meta property=\"article:published_time\" content=\"2022-04-08T05:15:09+00:00\" \/>\n<meta property=\"article:modified_time\" content=\"2022-04-14T20:47:56+00:00\" \/>\n<meta property=\"og:image\" content=\"https:\/\/pakosc-kalwaria.franciszkanie.net\/wp-content\/uploads\/2022\/04\/images.jpg\" \/>\n\t<meta property=\"og:image:width\" content=\"350\" \/>\n\t<meta property=\"og:image:height\" content=\"262\" \/>\n\t<meta property=\"og:image:type\" content=\"image\/jpeg\" \/>\n<meta name=\"twitter:card\" content=\"summary\" \/>\n<meta name=\"twitter:label1\" content=\"Napisane przez\" \/>\n\t<meta name=\"twitter:data1\" content=\"pakosc-kalwaria\" \/>\n\t<meta name=\"twitter:label2\" content=\"Szacowany czas czytania\" \/>\n\t<meta name=\"twitter:data2\" content=\"1 minuta\" \/>\n<script type=\"application\/ld+json\" class=\"yoast-schema-graph\">{\"@context\":\"https:\/\/schema.org\",\"@graph\":[{\"@type\":\"WebSite\",\"@id\":\"https:\/\/pakosc-kalwaria.franciszkanie.net\/#website\",\"url\":\"https:\/\/pakosc-kalwaria.franciszkanie.net\/\",\"name\":\"Pako\u015b\u0107 \u2013 Kalwaria\",\"description\":\"Parafia Rzymsko \u2013 Katolicka p.w. Pana Jezusa Ukrzy\u017cowanego i  Matki Bo\u017cej Bolesnej ul. Barci\u0144ska 60, 88\u2013170 Pako\u015b\u0107 \u2013 Kalwaria\",\"potentialAction\":[{\"@type\":\"SearchAction\",\"target\":{\"@type\":\"EntryPoint\",\"urlTemplate\":\"https:\/\/pakosc-kalwaria.franciszkanie.net\/?s={search_term_string}\"},\"query-input\":\"required name=search_term_string\"}],\"inLanguage\":\"pl-PL\"},{\"@type\":\"ImageObject\",\"@id\":\"https:\/\/pakosc-kalwaria.franciszkanie.net\/index.php\/2022\/04\/08\/swieto-chrztu-polski-14-kwietnia-2\/#primaryimage\",\"inLanguage\":\"pl-PL\",\"url\":\"https:\/\/pakosc-kalwaria.franciszkanie.net\/wp-content\/uploads\/2022\/04\/images.jpg\",\"contentUrl\":\"https:\/\/pakosc-kalwaria.franciszkanie.net\/wp-content\/uploads\/2022\/04\/images.jpg\",\"width\":350,\"height\":262},{\"@type\":\"WebPage\",\"@id\":\"https:\/\/pakosc-kalwaria.franciszkanie.net\/index.php\/2022\/04\/08\/swieto-chrztu-polski-14-kwietnia-2\/#webpage\",\"url\":\"https:\/\/pakosc-kalwaria.franciszkanie.net\/index.php\/2022\/04\/08\/swieto-chrztu-polski-14-kwietnia-2\/\",\"name\":\"\u015awi\u0119to Chrztu Polski - 14 kwietnia - Pako\u015b\u0107 \u2013 Kalwaria\",\"isPartOf\":{\"@id\":\"https:\/\/pakosc-kalwaria.franciszkanie.net\/#website\"},\"primaryImageOfPage\":{\"@id\":\"https:\/\/pakosc-kalwaria.franciszkanie.net\/index.php\/2022\/04\/08\/swieto-chrztu-polski-14-kwietnia-2\/#primaryimage\"},\"datePublished\":\"2022-04-08T05:15:09+00:00\",\"dateModified\":\"2022-04-14T20:47:56+00:00\",\"author\":{\"@id\":\"https:\/\/pakosc-kalwaria.franciszkanie.net\/#\/schema\/person\/af10b943be0760709227d060eadcb2aa\"},\"breadcrumb\":{\"@id\":\"https:\/\/pakosc-kalwaria.franciszkanie.net\/index.php\/2022\/04\/08\/swieto-chrztu-polski-14-kwietnia-2\/#breadcrumb\"},\"inLanguage\":\"pl-PL\",\"potentialAction\":[{\"@type\":\"ReadAction\",\"target\":[\"https:\/\/pakosc-kalwaria.franciszkanie.net\/index.php\/2022\/04\/08\/swieto-chrztu-polski-14-kwietnia-2\/\"]}]},{\"@type\":\"BreadcrumbList\",\"@id\":\"https:\/\/pakosc-kalwaria.franciszkanie.net\/index.php\/2022\/04\/08\/swieto-chrztu-polski-14-kwietnia-2\/#breadcrumb\",\"itemListElement\":[{\"@type\":\"ListItem\",\"position\":1,\"name\":\"Strona g\u0142\u00f3wna\",\"item\":\"https:\/\/pakosc-kalwaria.franciszkanie.net\/\"},{\"@type\":\"ListItem\",\"position\":2,\"name\":\"\u015awi\u0119to Chrztu Polski &#8211; 14 kwietnia\"}]},{\"@type\":\"Person\",\"@id\":\"https:\/\/pakosc-kalwaria.franciszkanie.net\/#\/schema\/person\/af10b943be0760709227d060eadcb2aa\",\"name\":\"pakosc-kalwaria\",\"image\":{\"@type\":\"ImageObject\",\"@id\":\"https:\/\/pakosc-kalwaria.franciszkanie.net\/#personlogo\",\"inLanguage\":\"pl-PL\",\"url\":\"https:\/\/secure.gravatar.com\/avatar\/e7049d338b55eac6a0027ff3218b8d02?s=96&d=mm&r=g\",\"contentUrl\":\"https:\/\/secure.gravatar.com\/avatar\/e7049d338b55eac6a0027ff3218b8d02?s=96&d=mm&r=g\",\"caption\":\"pakosc-kalwaria\"},\"sameAs\":[\"https:\/\/www.facebook.com\/KalwariaPakosc\/\"],\"url\":\"https:\/\/pakosc-kalwaria.franciszkanie.net\/index.php\/author\/pakosc-kalwaria\/\"}]}<\/script>\n<!-- \/ Yoast SEO plugin. -->","yoast_head_json":{"title":"\u015awi\u0119to Chrztu Polski - 14 kwietnia - Pako\u015b\u0107 \u2013 Kalwaria","robots":{"index":"index","follow":"follow","max-snippet":"max-snippet:-1","max-image-preview":"max-image-preview:large","max-video-preview":"max-video-preview:-1"},"canonical":"https:\/\/pakosc-kalwaria.franciszkanie.net\/index.php\/2022\/04\/08\/swieto-chrztu-polski-14-kwietnia-2\/","og_locale":"pl_PL","og_type":"article","og_title":"\u015awi\u0119to Chrztu Polski - 14 kwietnia - Pako\u015b\u0107 \u2013 Kalwaria","og_description":"W \u015brod\u0119 14 kwietnia 2022r. przypada, obchodzone po raz trzeci a ustanowione przez Sejm RP, \u015awi\u0119to Chrztu Polski. Ma ono sk\u0142ania\u0107 nas Polak\u00f3w do manifestowania patriotyzmu i podejmowania dzia\u0142a\u0144 na rzecz dobra wsp\u00f3lnego w Ojczy\u017anie. Przypomina te\u017c, \u017ce chrzest by\u0142 elementem, od kt\u00f3rego zacz\u0119\u0142a si\u0119 historia Polski i jej chrze\u015bcija\u0144skie dziedzictwo. \u015awi\u0119to Chrztu Polski zosta\u0142o &hellip;","og_url":"https:\/\/pakosc-kalwaria.franciszkanie.net\/index.php\/2022\/04\/08\/swieto-chrztu-polski-14-kwietnia-2\/","og_site_name":"Pako\u015b\u0107 \u2013 Kalwaria","article_author":"https:\/\/www.facebook.com\/KalwariaPakosc\/","article_published_time":"2022-04-08T05:15:09+00:00","article_modified_time":"2022-04-14T20:47:56+00:00","og_image":[{"width":350,"height":262,"url":"https:\/\/pakosc-kalwaria.franciszkanie.net\/wp-content\/uploads\/2022\/04\/images.jpg","type":"image\/jpeg"}],"twitter_card":"summary","twitter_misc":{"Napisane przez":"pakosc-kalwaria","Szacowany czas czytania":"1 minuta"},"schema":{"@context":"https:\/\/schema.org","@graph":[{"@type":"WebSite","@id":"https:\/\/pakosc-kalwaria.franciszkanie.net\/#website","url":"https:\/\/pakosc-kalwaria.franciszkanie.net\/","name":"Pako\u015b\u0107 \u2013 Kalwaria","description":"Parafia Rzymsko \u2013 Katolicka p.w. Pana Jezusa Ukrzy\u017cowanego i  Matki Bo\u017cej Bolesnej ul. Barci\u0144ska 60, 88\u2013170 Pako\u015b\u0107 \u2013 Kalwaria","potentialAction":[{"@type":"SearchAction","target":{"@type":"EntryPoint","urlTemplate":"https:\/\/pakosc-kalwaria.franciszkanie.net\/?s={search_term_string}"},"query-input":"required name=search_term_string"}],"inLanguage":"pl-PL"},{"@type":"ImageObject","@id":"https:\/\/pakosc-kalwaria.franciszkanie.net\/index.php\/2022\/04\/08\/swieto-chrztu-polski-14-kwietnia-2\/#primaryimage","inLanguage":"pl-PL","url":"https:\/\/pakosc-kalwaria.franciszkanie.net\/wp-content\/uploads\/2022\/04\/images.jpg","contentUrl":"https:\/\/pakosc-kalwaria.franciszkanie.net\/wp-content\/uploads\/2022\/04\/images.jpg","width":350,"height":262},{"@type":"WebPage","@id":"https:\/\/pakosc-kalwaria.franciszkanie.net\/index.php\/2022\/04\/08\/swieto-chrztu-polski-14-kwietnia-2\/#webpage","url":"https:\/\/pakosc-kalwaria.franciszkanie.net\/index.php\/2022\/04\/08\/swieto-chrztu-polski-14-kwietnia-2\/","name":"\u015awi\u0119to Chrztu Polski - 14 kwietnia - Pako\u015b\u0107 \u2013 Kalwaria","isPartOf":{"@id":"https:\/\/pakosc-kalwaria.franciszkanie.net\/#website"},"primaryImageOfPage":{"@id":"https:\/\/pakosc-kalwaria.franciszkanie.net\/index.php\/2022\/04\/08\/swieto-chrztu-polski-14-kwietnia-2\/#primaryimage"},"datePublished":"2022-04-08T05:15:09+00:00","dateModified":"2022-04-14T20:47:56+00:00","author":{"@id":"https:\/\/pakosc-kalwaria.franciszkanie.net\/#\/schema\/person\/af10b943be0760709227d060eadcb2aa"},"breadcrumb":{"@id":"https:\/\/pakosc-kalwaria.franciszkanie.net\/index.php\/2022\/04\/08\/swieto-chrztu-polski-14-kwietnia-2\/#breadcrumb"},"inLanguage":"pl-PL","potentialAction":[{"@type":"ReadAction","target":["https:\/\/pakosc-kalwaria.franciszkanie.net\/index.php\/2022\/04\/08\/swieto-chrztu-polski-14-kwietnia-2\/"]}]},{"@type":"BreadcrumbList","@id":"https:\/\/pakosc-kalwaria.franciszkanie.net\/index.php\/2022\/04\/08\/swieto-chrztu-polski-14-kwietnia-2\/#breadcrumb","itemListElement":[{"@type":"ListItem","position":1,"name":"Strona g\u0142\u00f3wna","item":"https:\/\/pakosc-kalwaria.franciszkanie.net\/"},{"@type":"ListItem","position":2,"name":"\u015awi\u0119to Chrztu Polski &#8211; 14 kwietnia"}]},{"@type":"Person","@id":"https:\/\/pakosc-kalwaria.franciszkanie.net\/#\/schema\/person\/af10b943be0760709227d060eadcb2aa","name":"pakosc-kalwaria","image":{"@type":"ImageObject","@id":"https:\/\/pakosc-kalwaria.franciszkanie.net\/#personlogo","inLanguage":"pl-PL","url":"https:\/\/secure.gravatar.com\/avatar\/e7049d338b55eac6a0027ff3218b8d02?s=96&d=mm&r=g","contentUrl":"https:\/\/secure.gravatar.com\/avatar\/e7049d338b55eac6a0027ff3218b8d02?s=96&d=mm&r=g","caption":"pakosc-kalwaria"},"sameAs":["https:\/\/www.facebook.com\/KalwariaPakosc\/"],"url":"https:\/\/pakosc-kalwaria.franciszkanie.net\/index.php\/author\/pakosc-kalwaria\/"}]}},"_links":{"self":[{"href":"https:\/\/pakosc-kalwaria.franciszkanie.net\/index.php\/wp-json\/wp\/v2\/posts\/22529"}],"collection":[{"href":"https:\/\/pakosc-kalwaria.franciszkanie.net\/index.php\/wp-json\/wp\/v2\/posts"}],"about":[{"href":"https:\/\/pakosc-kalwaria.franciszkanie.net\/index.php\/wp-json\/wp\/v2\/types\/post"}],"author":[{"embeddable":true,"href":"https:\/\/pakosc-kalwaria.franciszkanie.net\/index.php\/wp-json\/wp\/v2\/users\/2"}],"replies":[{"embeddable":true,"href":"https:\/\/pakosc-kalwaria.franciszkanie.net\/index.php\/wp-json\/wp\/v2\/comments?post=22529"}],"version-history":[{"count":1,"href":"https:\/\/pakosc-kalwaria.franciszkanie.net\/index.php\/wp-json\/wp\/v2\/posts\/22529\/revisions"}],"predecessor-version":[{"id":22532,"href":"https:\/\/pakosc-kalwaria.franciszkanie.net\/index.php\/wp-json\/wp\/v2\/posts\/22529\/revisions\/22532"}],"wp:featuredmedia":[{"embeddable":true,"href":"https:\/\/pakosc-kalwaria.franciszkanie.net\/index.php\/wp-json\/wp\/v2\/media\/22531"}],"wp:attachment":[{"href":"https:\/\/pakosc-kalwaria.franciszkanie.net\/index.php\/wp-json\/wp\/v2\/media?parent=22529"}],"wp:term":[{"taxonomy":"category","embeddable":true,"href":"https:\/\/pakosc-kalwaria.franciszkanie.net\/index.php\/wp-json\/wp\/v2\/categories?post=22529"},{"taxonomy":"post_tag","embeddable":true,"href":"https:\/\/pakosc-kalwaria.franciszkanie.net\/index.php\/wp-json\/wp\/v2\/tags?post=22529"}],"curies":[{"name":"wp","href":"https:\/\/api.w.org\/{rel}","templated":true}]}}