{"id":22533,"date":"2022-04-14T18:30:10","date_gmt":"2022-04-14T16:30:10","guid":{"rendered":"http:\/\/pakosc-kalwaria.franciszkanie.net\/?p=22533"},"modified":"2022-04-14T22:45:59","modified_gmt":"2022-04-14T20:45:59","slug":"do-medytacji-z-kalwaryjskiego-wzgorza-wielki-czwartek-14-04-2022r","status":"publish","type":"post","link":"https:\/\/pakosc-kalwaria.franciszkanie.net\/index.php\/2022\/04\/14\/do-medytacji-z-kalwaryjskiego-wzgorza-wielki-czwartek-14-04-2022r\/","title":{"rendered":"Do medytacji z kalwaryjskiego Wzg\u00f3rza \u2013 Wielki Czwartek 14.04.2022r."},"content":{"rendered":"<p><strong><span style=\"color: #ff0000;\">Wielki Czwartek Msza Wieczerzy Pa\u0144skiej \u2013 14.04.2022r.<\/span><\/strong><\/p>\n<p><span style=\"color: #ff0000;\"><strong>1. czytanie<\/strong><\/span> (Wj 12, 1-8. 11-14) <em>Przepisy o wieczerzy paschalnej<br \/>\n<\/em><strong>Czytanie z Ksi\u0119gi Wyj\u015bcia<br \/>\n<\/strong>Pan powiedzia\u0142 do Moj\u017cesza i Aarona w ziemi egipskiej: \u00abMiesi\u0105c ten b\u0119dzie dla was pocz\u0105tkiem miesi\u0119cy, b\u0119dzie pierwszym miesi\u0105cem roku! Powiedzcie ca\u0142emu zgromadzeniu Izraela tak: \u201eDziesi\u0105tego dnia tego miesi\u0105ca niech si\u0119 ka\u017cdy postara o baranka dla rodziny, o baranka dla domu. Je\u015bliby za\u015b rodzina by\u0142a za ma\u0142a do spo\u017cycia baranka, to niech si\u0119 postara o niego razem ze swym s\u0105siadem, kt\u00f3ry mieszka najbli\u017cej jego domu, aby by\u0142a odpowiednia liczba os\u00f3b. Liczy\u0107 je za\u015b b\u0119dziecie dla spo\u017cycia baranka wed\u0142ug tego, co ka\u017cdy mo\u017ce spo\u017cy\u0107. Baranek b\u0119dzie bez skazy, samiec, jednoroczny; wzi\u0105\u0107 mo\u017cecie jagni\u0119 albo ko\u017al\u0119. B\u0119dziecie go strzec a\u017c do czternastego dnia tego miesi\u0105ca, a wtedy zabije go ca\u0142e zgromadzenie Izraela o zmierzchu. I wezm\u0105 krew baranka, i pokropi\u0105 ni\u0105 odrzwia i progi domu, w kt\u00f3rym b\u0119d\u0105 go spo\u017cywa\u0107. I tej samej nocy spo\u017cyj\u0105 mi\u0119so pieczone w ogniu, i chleby prza\u015bne b\u0119d\u0105 spo\u017cywali z gorzkimi zio\u0142ami. Tak za\u015b spo\u017cywa\u0107 go b\u0119dziecie: biodra wasze b\u0119d\u0105 przepasane, sanda\u0142y na waszych nogach i laska w waszym r\u0119ku. Spo\u017cywa\u0107 b\u0119dziecie po\u015bpiesznie, gdy\u017c jest to Pascha na cze\u015b\u0107 Pana. Tej nocy przejd\u0119 przez Egipt, zabij\u0119 wszystko pierworodne w ziemi egipskiej, od cz\u0142owieka a\u017c po byd\u0142o, i odb\u0119d\u0119 s\u0105d nad wszystkimi bogami Egiptu \u2013 Ja, Pan. Krew pos\u0142u\u017cy wam do oznaczenia dom\u00f3w, w kt\u00f3rych b\u0119dziecie przebywa\u0107. Gdy ujrz\u0119 krew, przejd\u0119 obok i nie b\u0119dzie po\u015br\u00f3d was plagi niszczycielskiej, gdy b\u0119d\u0119 kara\u0142 ziemi\u0119 egipsk\u0105. Dzie\u0144 ten b\u0119dzie dla was dniem pami\u0119tnym i obchodzi\u0107 go b\u0119dziecie jako \u015bwi\u0119to dla uczczenia Pana. Po wszystkie pokolenia \u2013 na zawsze w tym dniu b\u0119dziecie obchodzi\u0107 \u015bwi\u0119to\u201d\u00bb. Oto S\u0142owo Bo\u017ce.<\/p>\n<p><span style=\"color: #ff0000;\"><strong>Psalm<\/strong> <\/span>(Ps 116B (115), 12-13. 15 i 16bc. 17-18 (R.: por. 1 Kor 10, 16))<br \/>\n<strong>Kielich Przymierza to Krew Zbawiciela<br \/>\n<\/strong>Czym si\u0119 Panu odp\u0142ac\u0119 *<br \/>\nza wszystko, co mi wy\u015bwiadczy\u0142?<br \/>\nPodnios\u0119 kielich zbawienia *<br \/>\ni wezw\u0119 imienia Pana.<\/p>\n<p><strong>Kielich Przymierza to Krew Zbawiciela<br \/>\n<\/strong>Cenna jest w oczach Pana *<br \/>\n\u015bmier\u0107 Jego wyznawc\u00f3w.<br \/>\nJestem Twym s\u0142ug\u0105, synem Twojej s\u0142u\u017cebnicy, *<br \/>\nTy rozerwa\u0142e\u015b moje kajdany.<\/p>\n<p><strong>Kielich Przymierza to Krew Zbawiciela<br \/>\n<\/strong>Tobie z\u0142o\u017c\u0119 ofiar\u0119 pochwaln\u0105 *<br \/>\ni wezw\u0119 imienia Pana.<br \/>\nWype\u0142ni\u0119 me \u015bluby dla Pana *<br \/>\nprzed ca\u0142ym Jego ludem.<br \/>\n<strong>Kielich Przymierza to Krew Zbawiciela<\/strong><\/p>\n<p><strong><span style=\"color: #ff0000;\">2. czytanie<\/span> <\/strong>(1 Kor 11, 23-26) <em>Ilekro\u0107 spo\u017cywacie ten chleb i pijecie kielich, \u015bmier\u0107 Pana g\u0142osicie<br \/>\n<\/em><strong>Czytanie z Pierwszego Listu \u015awi\u0119tego Paw\u0142a Aposto\u0142a do Koryntian<br \/>\n<\/strong>Bracia: Ja otrzyma\u0142em od Pana to, co wam przekaza\u0142em, \u017ce Pan Jezus tej nocy, kt\u00f3rej zosta\u0142 wydany, wzi\u0105\u0142 chleb i dzi\u0119ki uczyniwszy, po\u0142ama\u0142 i rzek\u0142: \u00abTo jest Cia\u0142o moje za was wydane. Czy\u0144cie to na moj\u0105 pami\u0105tk\u0119!\u00bb Podobnie, sko\u0144czywszy wieczerz\u0119, wzi\u0105\u0142 kielich, m\u00f3wi\u0105c: \u00abKielich ten jest Nowym Przymierzem we Krwi mojej. Czy\u0144cie to, ile razy pi\u0107 b\u0119dziecie, na moj\u0105 pami\u0105tk\u0119!\u00bb Ilekro\u0107 bowiem spo\u017cywacie ten chleb i pijecie kielich, \u015bmier\u0107 Pana g\u0142osicie, a\u017c przyjdzie. Oto S\u0142owo Bo\u017ce.<\/p>\n<p><span style=\"color: #ff0000;\"><strong>Aklamacja<\/strong><\/span> (J 13, 34)<br \/>\n<strong>Chwa\u0142a Tobie, Kr\u00f3lu wiek\u00f3w<br \/>\n<\/strong>Daj\u0119 wam przykazanie nowe,<br \/>\naby\u015bcie si\u0119 wzajemnie mi\u0142owali,<br \/>\ntak jak Ja was umi\u0142owa\u0142em.<br \/>\n<strong>Chwa\u0142a Tobie, Kr\u00f3lu wiek\u00f3w<\/strong><\/p>\n<p><span style=\"color: #ff0000;\"><strong>Ewangelia<\/strong><\/span> (J 13, 1-15) <em>Do ko\u0144ca ich umi\u0142owa\u0142<br \/>\n<\/em><strong>S\u0142owa Ewangelii wed\u0142ug \u015awi\u0119tego Jana<br \/>\n<\/strong>By\u0142o to przed \u015awi\u0119tem Paschy. Jezus, wiedz\u0105c, \u017ce nadesz\u0142a godzina Jego, by przeszed\u0142 z tego \u015bwiata do Ojca, umi\u0142owawszy swoich na \u015bwiecie, do ko\u0144ca ich umi\u0142owa\u0142. W czasie wieczerzy, gdy diabe\u0142 ju\u017c nak\u0142oni\u0142 serce Judasza Iskarioty, syna Szymona, aby Go wyda\u0142, Jezus, wiedz\u0105c, \u017ce Ojciec odda\u0142 Mu wszystko w r\u0119ce oraz \u017ce od Boga wyszed\u0142 i do Boga idzie, wsta\u0142 od wieczerzy i z\u0142o\u017cy\u0142 szaty. A wzi\u0105wszy prze\u015bcierad\u0142o, nim si\u0119 przepasa\u0142. Potem nala\u0142 wody do misy. I zacz\u0105\u0142 obmywa\u0107 uczniom nogi i ociera\u0107 prze\u015bcierad\u0142em, kt\u00f3rym by\u0142 przepasany. Podszed\u0142 wi\u0119c do Szymona Piotra, a on rzek\u0142 do Niego: \u00abPanie, Ty chcesz mi umy\u0107 nogi?\u00bb Jezus mu odpowiedzia\u0142: \u00abTego, co Ja czyni\u0119, ty teraz nie rozumiesz, ale poznasz to p\u00f3\u017aniej\u00bb. Rzek\u0142 do Niego Piotr: \u00abNie, nigdy mi nie b\u0119dziesz n\u00f3g umywa\u0142\u00bb. Odpowiedzia\u0142 mu Jezus: \u00abJe\u015bli ci\u0119 nie umyj\u0119, nie b\u0119dziesz mia\u0142 udzia\u0142u ze Mn\u0105\u00bb. Rzek\u0142 do Niego Szymon Piotr: \u00abPanie, nie tylko nogi moje, ale i r\u0119ce, i g\u0142ow\u0119!\u00bb Powiedzia\u0142 do niego Jezus: \u00abWyk\u0105pany potrzebuje tylko nogi sobie umy\u0107, bo ca\u0142y jest czysty. I wy jeste\u015bcie czy\u015bci, ale nie wszyscy\u00bb. Wiedzia\u0142 bowiem, kto Go wyda, dlatego powiedzia\u0142: \u00abNie wszyscy jeste\u015bcie czy\u015bci\u00bb. A kiedy im umy\u0142 nogi, przywdzia\u0142 szaty i zn\u00f3w zaj\u0105\u0142 miejsce przy stole, rzek\u0142 do nich: \u00abCzy rozumiecie, co wam uczyni\u0142em? Wy Mnie nazywacie \u201eNauczycielem\u201d i \u201ePanem\u201d, i dobrze m\u00f3wicie, bo nim jestem. Je\u017celi wi\u0119c Ja, Pan i Nauczyciel, umy\u0142em wam nogi, to i wy powinni\u015bcie sobie nawzajem umywa\u0107 nogi. Da\u0142em wam bowiem przyk\u0142ad, aby\u015bcie i wy tak czynili, jak Ja wam uczyni\u0142em\u00bb. Oto S\u0142owo Pa\u0144skie.<\/p>\n<p><span style=\"color: #ff0000;\"><strong>Z kazania na kalwaryjskim Wzg\u00f3rzu \u2013 Wielki Czwartek 14.04.2022r.<br \/>\n<\/strong><\/span><strong>Mi\u0142o\u015b\u0107 to ofiara i s\u0142u\u017cba.<br \/>\n<\/strong>Msz\u0105 Wieczerzy Pa\u0144skiej rozpoczynamy obchody \u015awi\u0119tego Triduum Paschalnego \u2013 jednej\u2026 ale kilkudniowej Liturgii, kt\u00f3r\u0105 zako\u0144czy b\u0142ogos\u0142awie\u0144stwo na zako\u0144czenie Mszy \u015awi\u0119tej ku czci Zmartwychwstania Pa\u0144skiego. Dla nas chrze\u015bcijan jest to najwa\u017cniejszy czas, kt\u00f3ry staramy si\u0119 prze\u017cy\u0107 razem z Jezusem, naszym Panem oraz ze wsp\u00f3lnot\u0105 Ko\u015bcio\u0142a do kt\u00f3rej nale\u017cymy od momentu Chrztu \u015awi\u0119tego.<br \/>\nW Wielki Czwartek, podczas Ostatniej Wieczerzy, Jezus ustanowi\u0142 bardzo wa\u017cne dla naszego zbawienia Sakramenty: Eucharysti\u0119 i Kap\u0142a\u0144stwo. Eucharystia to najwi\u0119kszy dar, kt\u00f3ry otrzymali\u015bmy od Boga w kt\u00f3rego wierzymy, dar kt\u00f3rym jest sam Jezus Chrystus. To obecny w Eucharystii Jezus oczyszcza nasze dusze, umacnia nas i u\u015bwi\u0119ca. To Eucharystia jest \u017ar\u00f3d\u0142em chrze\u015bcija\u0144skiego \u017cycia i wiecznego szcz\u0119\u015bcia w Niebie. Poprzez spo\u017cywanie Cia\u0142a i Krwi Chrystusa mamy dost\u0119p do Boga i mo\u017cliwo\u015b\u0107 przebywania z Nim tu na ziemi, a tak\u017ce po \u015bmierci w wieczno\u015bci.<br \/>\nWszystko co kiedykolwiek Jezus uczyni\u0142 wyp\u0142ywa\u0142o z mi\u0142o\u015bci Boga do cz\u0142owieka. Ca\u0142e \u017cycie Jezusa na ziemi by\u0142o pe\u0142n\u0105 po\u015bwi\u0119cenia s\u0142u\u017cb\u0105 opart\u0105 na mi\u0142o\u015bci. Podczas Ostatniej Wieczerzy, przez umycie n\u00f3g swoim uczniom, Jezus ukaza\u0142 na czym polega mi\u0142o\u015b\u0107. Jednocze\u015bnie podkre\u015bli\u0142, \u017ce nic nie mo\u017ce nas zwolni\u0107 z mi\u0142o\u015bci i ze s\u0142u\u017cby drugiemu cz\u0142owiekowi. Nasze \u017cycie ma by\u0107 na\u015bladowaniem Chrystusa, a wi\u0119c pe\u0142n\u0105 mi\u0142o\u015bci s\u0142u\u017cb\u0105 naszym bli\u017anim. Jezus przypomina nam dzisiaj: \u201eDa\u0142em wam bowiem przyk\u0142ad, aby\u015bcie i wy tak czynili, jak Ja wam uczyni\u0142em\u201d. Kimkolwiek wi\u0119c w \u017cyciu jeste\u015bmy mamy s\u0142u\u017cy\u0107! Je\u015bli jeste\u015b m\u0119\u017cem i ojcem, masz by\u0107 s\u0142ug\u0105 swojej \u017cony i dzieci. Je\u015bli jeste\u015b matk\u0105 i \u017con\u0105, masz ka\u017cdego dnia s\u0142u\u017cy\u0107 swojemu m\u0119\u017cowi i swoim dzieciom. Jeste\u015b dzieckiem, to bez wzgl\u0119du na to ile masz lat, masz s\u0142u\u017cy\u0107 swoim rodzicom. Jeste\u015b nauczycielem masz s\u0142u\u017cy\u0107 uczniom. Kimkolwiek jeste\u015b, pami\u0119taj, \u017ce twoje \u017cycie ma by\u0107 s\u0142u\u017cb\u0105! Tak jak Jezus Chrystus oddaje si\u0119 nam nieustannie w Eucharystii, tak samo i my uczestnicz\u0105c w Eucharystii jeste\u015bmy pos\u0142ani przez Jezusa, by s\u0142u\u017cy\u0107 innym \u00a0i zanie\u015b\u0107 naszym bli\u017anim\u00a0 Chrystusow\u0105 mi\u0142o\u015b\u0107 i Bo\u017cy pok\u00f3j.<br \/>\nUstanowienie przez Jezusa Eucharystii jest nieroz\u0142\u0105cznie zwi\u0105zane z ustanowieniem Sakramentu Kap\u0142a\u0144stwa. \u015aw. Jan Pawe\u0142 II z okazji swojego Jubileuszu 50.lecia kap\u0142a\u0144stwa, nazwa\u0142 kap\u0142a\u0144stwo darem i tajemnic\u0105. Kap\u0142a\u0144stwo to wielki dar od Boga, a zarazem dla nas wszystkich wielka tajemnica Boga. Podobnie jak Eucharystii, tak i Kap\u0142a\u0144stwa nie jeste\u015bmy w stanie po ludzku zrozumie\u0107 i przyj\u0105\u0107. Mo\u017cemy to tylko uczyni\u0107 z wielk\u0105 wiar\u0105 i pokor\u0105 oraz przy pomocy Bo\u017cej \u0142aski. By\u0107 kap\u0142anem na wz\u00f3r Jezusa, to nic innego jak s\u0142u\u017cy\u0107 tym do kt\u00f3rych Pan B\u00f3g nas kap\u0142an\u00f3w posy\u0142a. Kap\u0142a\u0144stwo to Sakrament s\u0142u\u017cby! Dzisiaj w czasie tej wielkoczwartkowej Eucharystii dzi\u0119kujemy za kap\u0142an\u00f3w, kt\u00f3rych B\u00f3g powo\u0142a\u0142 do szczeg\u00f3lnej swojej s\u0142u\u017cby. Dzisiejsza uroczysto\u015b\u0107 przypomina nam, \u017ce nieustannie powinni\u015bmy si\u0119 te\u017c za siebie wzajemnie modli\u0107\u2026, \u00a0wy za nas kap\u0142an\u00f3w, a my za was. Wszyscy bowiem razem s\u0142u\u017cymy temu samemu Jedynemu Bogu w kt\u00f3rego wierzymy.<br \/>\nS\u0142uga Bo\u017cy Ks. Franciszek Blachnicki, za\u0142o\u017cyciel oazowego Ruchu \u201e\u015awiat\u0142o \u2013 \u017bycie\u201d, podkre\u015blaj\u0105c warto\u015b\u0107 Sakramentu Eucharystii m\u00f3wi\u0142, \u017ce \u201eEucharystia to Chrystus Zbawiciel, to ca\u0142y czyn zbawczy Chrystusa dany ka\u017cdemu cz\u0142owiekowi z osobna, to dokonanie dzie\u0142a zbawienia ka\u017cdego konkretnego cz\u0142owieka\u201d. Dlatego dla nas chrze\u015bcijan, to w\u0142a\u015bnie Msza \u015bwi\u0119ta jest najwa\u017cniejszym spotkaniem z Jezusem naszym Zbawicielem. W \u017cadnym innym spotkaniu, ni\u017c na Eucharystii, nie mo\u017cemy by\u0107 tak blisko Jezusa i ws\u0142uchiwa\u0107 w Jego bij\u0105ce mi\u0142o\u015bci\u0105 do nas Serce. W czasie ka\u017cdej Mszy \u015bwi\u0119tej Jezus nie tylko ukazuje swoj\u0105 mi\u0142o\u015b\u0107 do nas, ale pragnie tak\u017ce obdarza\u0107 nas owocami odkupienia i przebaczenia. To szczeg\u00f3lnie spotkania z Jezusem w czasie Mszy \u015bwi\u0119tej i w Komunii \u015bwi\u0119tej, mog\u0105 w cudowny spos\u00f3b przemienia\u0107 nasze serca i codzienne \u017cycie zar\u00f3wno to osobiste, jak r\u00f3wnie\u017c ma\u0142\u017ce\u0144skie, rodzinne i kap\u0142a\u0144skie.<br \/>\nMoi Kochani! Jezus w Eucharystii zawar\u0142 ca\u0142\u0105 swoj\u0105 Ofiar\u0119 na Krzy\u017cu, swoje Cia\u0142o i swoj\u0105 Krew. I pokaza\u0142, \u017ce prawdziwa mi\u0142o\u015b\u0107 i s\u0142u\u017cba prowadzi do oddania swojego \u017cycia dla innych. Dlatego prze\u017cywana z wiar\u0105 Eucharystia niech i nas prowadzi do tego, aby ka\u017cdego dnia, na wz\u00f3r Jezusa oddawa\u0107 siebie w mi\u0142o\u015bci i w s\u0142u\u017cbie Bogu i naszym bli\u017anim. Amen.<br \/>\n(o.R.)<\/p>\n","protected":false},"excerpt":{"rendered":"<p>Wielki Czwartek Msza Wieczerzy Pa\u0144skiej \u2013 14.04.2022r. 1. czytanie (Wj 12, 1-8. 11-14) Przepisy o wieczerzy paschalnej Czytanie z Ksi\u0119gi Wyj\u015bcia Pan powiedzia\u0142 do Moj\u017cesza i Aarona w ziemi egipskiej: \u00abMiesi\u0105c ten b\u0119dzie dla was pocz\u0105tkiem miesi\u0119cy, b\u0119dzie pierwszym miesi\u0105cem roku! Powiedzcie ca\u0142emu zgromadzeniu Izraela tak: \u201eDziesi\u0105tego dnia tego miesi\u0105ca niech si\u0119 ka\u017cdy postara o &hellip;<\/p>\n","protected":false},"author":2,"featured_media":22534,"comment_status":"closed","ping_status":"closed","sticky":false,"template":"","format":"standard","meta":{"_mi_skip_tracking":false,"_exactmetrics_sitenote_active":false,"_exactmetrics_sitenote_note":"","_exactmetrics_sitenote_category":0},"categories":[14],"tags":[],"yoast_head":"<!-- This site is optimized with the Yoast SEO plugin v18.1 - https:\/\/yoast.com\/wordpress\/plugins\/seo\/ -->\n<title>Do medytacji z kalwaryjskiego Wzg\u00f3rza \u2013 Wielki Czwartek 14.04.2022r. - Pako\u015b\u0107 \u2013 Kalwaria<\/title>\n<meta name=\"robots\" content=\"index, follow, max-snippet:-1, max-image-preview:large, max-video-preview:-1\" \/>\n<link rel=\"canonical\" href=\"https:\/\/pakosc-kalwaria.franciszkanie.net\/index.php\/2022\/04\/14\/do-medytacji-z-kalwaryjskiego-wzgorza-wielki-czwartek-14-04-2022r\/\" \/>\n<meta property=\"og:locale\" content=\"pl_PL\" \/>\n<meta property=\"og:type\" content=\"article\" \/>\n<meta property=\"og:title\" content=\"Do medytacji z kalwaryjskiego Wzg\u00f3rza \u2013 Wielki Czwartek 14.04.2022r. - Pako\u015b\u0107 \u2013 Kalwaria\" \/>\n<meta property=\"og:description\" content=\"Wielki Czwartek Msza Wieczerzy Pa\u0144skiej \u2013 14.04.2022r. 1. czytanie (Wj 12, 1-8. 11-14) Przepisy o wieczerzy paschalnej Czytanie z Ksi\u0119gi Wyj\u015bcia Pan powiedzia\u0142 do Moj\u017cesza i Aarona w ziemi egipskiej: \u00abMiesi\u0105c ten b\u0119dzie dla was pocz\u0105tkiem miesi\u0119cy, b\u0119dzie pierwszym miesi\u0105cem roku! Powiedzcie ca\u0142emu zgromadzeniu Izraela tak: \u201eDziesi\u0105tego dnia tego miesi\u0105ca niech si\u0119 ka\u017cdy postara o &hellip;\" \/>\n<meta property=\"og:url\" content=\"https:\/\/pakosc-kalwaria.franciszkanie.net\/index.php\/2022\/04\/14\/do-medytacji-z-kalwaryjskiego-wzgorza-wielki-czwartek-14-04-2022r\/\" \/>\n<meta property=\"og:site_name\" content=\"Pako\u015b\u0107 \u2013 Kalwaria\" \/>\n<meta property=\"article:author\" content=\"https:\/\/www.facebook.com\/KalwariaPakosc\/\" \/>\n<meta property=\"article:published_time\" content=\"2022-04-14T16:30:10+00:00\" \/>\n<meta property=\"article:modified_time\" content=\"2022-04-14T20:45:59+00:00\" \/>\n<meta property=\"og:image\" content=\"https:\/\/pakosc-kalwaria.franciszkanie.net\/wp-content\/uploads\/2022\/04\/Pakosc-Kalwarai-2022-adoracja.jpg\" \/>\n\t<meta property=\"og:image:width\" content=\"250\" \/>\n\t<meta property=\"og:image:height\" content=\"334\" \/>\n\t<meta property=\"og:image:type\" content=\"image\/jpeg\" \/>\n<meta name=\"twitter:card\" content=\"summary\" \/>\n<meta name=\"twitter:label1\" content=\"Napisane przez\" \/>\n\t<meta name=\"twitter:data1\" content=\"pakosc-kalwaria\" \/>\n\t<meta name=\"twitter:label2\" content=\"Szacowany czas czytania\" \/>\n\t<meta name=\"twitter:data2\" content=\"9 minut\" \/>\n<script type=\"application\/ld+json\" class=\"yoast-schema-graph\">{\"@context\":\"https:\/\/schema.org\",\"@graph\":[{\"@type\":\"WebSite\",\"@id\":\"https:\/\/pakosc-kalwaria.franciszkanie.net\/#website\",\"url\":\"https:\/\/pakosc-kalwaria.franciszkanie.net\/\",\"name\":\"Pako\u015b\u0107 \u2013 Kalwaria\",\"description\":\"Parafia Rzymsko \u2013 Katolicka p.w. Pana Jezusa Ukrzy\u017cowanego i  Matki Bo\u017cej Bolesnej ul. Barci\u0144ska 60, 88\u2013170 Pako\u015b\u0107 \u2013 Kalwaria\",\"potentialAction\":[{\"@type\":\"SearchAction\",\"target\":{\"@type\":\"EntryPoint\",\"urlTemplate\":\"https:\/\/pakosc-kalwaria.franciszkanie.net\/?s={search_term_string}\"},\"query-input\":\"required name=search_term_string\"}],\"inLanguage\":\"pl-PL\"},{\"@type\":\"ImageObject\",\"@id\":\"https:\/\/pakosc-kalwaria.franciszkanie.net\/index.php\/2022\/04\/14\/do-medytacji-z-kalwaryjskiego-wzgorza-wielki-czwartek-14-04-2022r\/#primaryimage\",\"inLanguage\":\"pl-PL\",\"url\":\"https:\/\/pakosc-kalwaria.franciszkanie.net\/wp-content\/uploads\/2022\/04\/Pakosc-Kalwarai-2022-adoracja.jpg\",\"contentUrl\":\"https:\/\/pakosc-kalwaria.franciszkanie.net\/wp-content\/uploads\/2022\/04\/Pakosc-Kalwarai-2022-adoracja.jpg\",\"width\":250,\"height\":334},{\"@type\":\"WebPage\",\"@id\":\"https:\/\/pakosc-kalwaria.franciszkanie.net\/index.php\/2022\/04\/14\/do-medytacji-z-kalwaryjskiego-wzgorza-wielki-czwartek-14-04-2022r\/#webpage\",\"url\":\"https:\/\/pakosc-kalwaria.franciszkanie.net\/index.php\/2022\/04\/14\/do-medytacji-z-kalwaryjskiego-wzgorza-wielki-czwartek-14-04-2022r\/\",\"name\":\"Do medytacji z kalwaryjskiego Wzg\u00f3rza \u2013 Wielki Czwartek 14.04.2022r. - Pako\u015b\u0107 \u2013 Kalwaria\",\"isPartOf\":{\"@id\":\"https:\/\/pakosc-kalwaria.franciszkanie.net\/#website\"},\"primaryImageOfPage\":{\"@id\":\"https:\/\/pakosc-kalwaria.franciszkanie.net\/index.php\/2022\/04\/14\/do-medytacji-z-kalwaryjskiego-wzgorza-wielki-czwartek-14-04-2022r\/#primaryimage\"},\"datePublished\":\"2022-04-14T16:30:10+00:00\",\"dateModified\":\"2022-04-14T20:45:59+00:00\",\"author\":{\"@id\":\"https:\/\/pakosc-kalwaria.franciszkanie.net\/#\/schema\/person\/af10b943be0760709227d060eadcb2aa\"},\"breadcrumb\":{\"@id\":\"https:\/\/pakosc-kalwaria.franciszkanie.net\/index.php\/2022\/04\/14\/do-medytacji-z-kalwaryjskiego-wzgorza-wielki-czwartek-14-04-2022r\/#breadcrumb\"},\"inLanguage\":\"pl-PL\",\"potentialAction\":[{\"@type\":\"ReadAction\",\"target\":[\"https:\/\/pakosc-kalwaria.franciszkanie.net\/index.php\/2022\/04\/14\/do-medytacji-z-kalwaryjskiego-wzgorza-wielki-czwartek-14-04-2022r\/\"]}]},{\"@type\":\"BreadcrumbList\",\"@id\":\"https:\/\/pakosc-kalwaria.franciszkanie.net\/index.php\/2022\/04\/14\/do-medytacji-z-kalwaryjskiego-wzgorza-wielki-czwartek-14-04-2022r\/#breadcrumb\",\"itemListElement\":[{\"@type\":\"ListItem\",\"position\":1,\"name\":\"Strona g\u0142\u00f3wna\",\"item\":\"https:\/\/pakosc-kalwaria.franciszkanie.net\/\"},{\"@type\":\"ListItem\",\"position\":2,\"name\":\"Do medytacji z kalwaryjskiego Wzg\u00f3rza \u2013 Wielki Czwartek 14.04.2022r.\"}]},{\"@type\":\"Person\",\"@id\":\"https:\/\/pakosc-kalwaria.franciszkanie.net\/#\/schema\/person\/af10b943be0760709227d060eadcb2aa\",\"name\":\"pakosc-kalwaria\",\"image\":{\"@type\":\"ImageObject\",\"@id\":\"https:\/\/pakosc-kalwaria.franciszkanie.net\/#personlogo\",\"inLanguage\":\"pl-PL\",\"url\":\"https:\/\/secure.gravatar.com\/avatar\/e7049d338b55eac6a0027ff3218b8d02?s=96&d=mm&r=g\",\"contentUrl\":\"https:\/\/secure.gravatar.com\/avatar\/e7049d338b55eac6a0027ff3218b8d02?s=96&d=mm&r=g\",\"caption\":\"pakosc-kalwaria\"},\"sameAs\":[\"https:\/\/www.facebook.com\/KalwariaPakosc\/\"],\"url\":\"https:\/\/pakosc-kalwaria.franciszkanie.net\/index.php\/author\/pakosc-kalwaria\/\"}]}<\/script>\n<!-- \/ Yoast SEO plugin. -->","yoast_head_json":{"title":"Do medytacji z kalwaryjskiego Wzg\u00f3rza \u2013 Wielki Czwartek 14.04.2022r. - Pako\u015b\u0107 \u2013 Kalwaria","robots":{"index":"index","follow":"follow","max-snippet":"max-snippet:-1","max-image-preview":"max-image-preview:large","max-video-preview":"max-video-preview:-1"},"canonical":"https:\/\/pakosc-kalwaria.franciszkanie.net\/index.php\/2022\/04\/14\/do-medytacji-z-kalwaryjskiego-wzgorza-wielki-czwartek-14-04-2022r\/","og_locale":"pl_PL","og_type":"article","og_title":"Do medytacji z kalwaryjskiego Wzg\u00f3rza \u2013 Wielki Czwartek 14.04.2022r. - Pako\u015b\u0107 \u2013 Kalwaria","og_description":"Wielki Czwartek Msza Wieczerzy Pa\u0144skiej \u2013 14.04.2022r. 1. czytanie (Wj 12, 1-8. 11-14) Przepisy o wieczerzy paschalnej Czytanie z Ksi\u0119gi Wyj\u015bcia Pan powiedzia\u0142 do Moj\u017cesza i Aarona w ziemi egipskiej: \u00abMiesi\u0105c ten b\u0119dzie dla was pocz\u0105tkiem miesi\u0119cy, b\u0119dzie pierwszym miesi\u0105cem roku! Powiedzcie ca\u0142emu zgromadzeniu Izraela tak: \u201eDziesi\u0105tego dnia tego miesi\u0105ca niech si\u0119 ka\u017cdy postara o &hellip;","og_url":"https:\/\/pakosc-kalwaria.franciszkanie.net\/index.php\/2022\/04\/14\/do-medytacji-z-kalwaryjskiego-wzgorza-wielki-czwartek-14-04-2022r\/","og_site_name":"Pako\u015b\u0107 \u2013 Kalwaria","article_author":"https:\/\/www.facebook.com\/KalwariaPakosc\/","article_published_time":"2022-04-14T16:30:10+00:00","article_modified_time":"2022-04-14T20:45:59+00:00","og_image":[{"width":250,"height":334,"url":"https:\/\/pakosc-kalwaria.franciszkanie.net\/wp-content\/uploads\/2022\/04\/Pakosc-Kalwarai-2022-adoracja.jpg","type":"image\/jpeg"}],"twitter_card":"summary","twitter_misc":{"Napisane przez":"pakosc-kalwaria","Szacowany czas czytania":"9 minut"},"schema":{"@context":"https:\/\/schema.org","@graph":[{"@type":"WebSite","@id":"https:\/\/pakosc-kalwaria.franciszkanie.net\/#website","url":"https:\/\/pakosc-kalwaria.franciszkanie.net\/","name":"Pako\u015b\u0107 \u2013 Kalwaria","description":"Parafia Rzymsko \u2013 Katolicka p.w. Pana Jezusa Ukrzy\u017cowanego i  Matki Bo\u017cej Bolesnej ul. Barci\u0144ska 60, 88\u2013170 Pako\u015b\u0107 \u2013 Kalwaria","potentialAction":[{"@type":"SearchAction","target":{"@type":"EntryPoint","urlTemplate":"https:\/\/pakosc-kalwaria.franciszkanie.net\/?s={search_term_string}"},"query-input":"required name=search_term_string"}],"inLanguage":"pl-PL"},{"@type":"ImageObject","@id":"https:\/\/pakosc-kalwaria.franciszkanie.net\/index.php\/2022\/04\/14\/do-medytacji-z-kalwaryjskiego-wzgorza-wielki-czwartek-14-04-2022r\/#primaryimage","inLanguage":"pl-PL","url":"https:\/\/pakosc-kalwaria.franciszkanie.net\/wp-content\/uploads\/2022\/04\/Pakosc-Kalwarai-2022-adoracja.jpg","contentUrl":"https:\/\/pakosc-kalwaria.franciszkanie.net\/wp-content\/uploads\/2022\/04\/Pakosc-Kalwarai-2022-adoracja.jpg","width":250,"height":334},{"@type":"WebPage","@id":"https:\/\/pakosc-kalwaria.franciszkanie.net\/index.php\/2022\/04\/14\/do-medytacji-z-kalwaryjskiego-wzgorza-wielki-czwartek-14-04-2022r\/#webpage","url":"https:\/\/pakosc-kalwaria.franciszkanie.net\/index.php\/2022\/04\/14\/do-medytacji-z-kalwaryjskiego-wzgorza-wielki-czwartek-14-04-2022r\/","name":"Do medytacji z kalwaryjskiego Wzg\u00f3rza \u2013 Wielki Czwartek 14.04.2022r. - Pako\u015b\u0107 \u2013 Kalwaria","isPartOf":{"@id":"https:\/\/pakosc-kalwaria.franciszkanie.net\/#website"},"primaryImageOfPage":{"@id":"https:\/\/pakosc-kalwaria.franciszkanie.net\/index.php\/2022\/04\/14\/do-medytacji-z-kalwaryjskiego-wzgorza-wielki-czwartek-14-04-2022r\/#primaryimage"},"datePublished":"2022-04-14T16:30:10+00:00","dateModified":"2022-04-14T20:45:59+00:00","author":{"@id":"https:\/\/pakosc-kalwaria.franciszkanie.net\/#\/schema\/person\/af10b943be0760709227d060eadcb2aa"},"breadcrumb":{"@id":"https:\/\/pakosc-kalwaria.franciszkanie.net\/index.php\/2022\/04\/14\/do-medytacji-z-kalwaryjskiego-wzgorza-wielki-czwartek-14-04-2022r\/#breadcrumb"},"inLanguage":"pl-PL","potentialAction":[{"@type":"ReadAction","target":["https:\/\/pakosc-kalwaria.franciszkanie.net\/index.php\/2022\/04\/14\/do-medytacji-z-kalwaryjskiego-wzgorza-wielki-czwartek-14-04-2022r\/"]}]},{"@type":"BreadcrumbList","@id":"https:\/\/pakosc-kalwaria.franciszkanie.net\/index.php\/2022\/04\/14\/do-medytacji-z-kalwaryjskiego-wzgorza-wielki-czwartek-14-04-2022r\/#breadcrumb","itemListElement":[{"@type":"ListItem","position":1,"name":"Strona g\u0142\u00f3wna","item":"https:\/\/pakosc-kalwaria.franciszkanie.net\/"},{"@type":"ListItem","position":2,"name":"Do medytacji z kalwaryjskiego Wzg\u00f3rza \u2013 Wielki Czwartek 14.04.2022r."}]},{"@type":"Person","@id":"https:\/\/pakosc-kalwaria.franciszkanie.net\/#\/schema\/person\/af10b943be0760709227d060eadcb2aa","name":"pakosc-kalwaria","image":{"@type":"ImageObject","@id":"https:\/\/pakosc-kalwaria.franciszkanie.net\/#personlogo","inLanguage":"pl-PL","url":"https:\/\/secure.gravatar.com\/avatar\/e7049d338b55eac6a0027ff3218b8d02?s=96&d=mm&r=g","contentUrl":"https:\/\/secure.gravatar.com\/avatar\/e7049d338b55eac6a0027ff3218b8d02?s=96&d=mm&r=g","caption":"pakosc-kalwaria"},"sameAs":["https:\/\/www.facebook.com\/KalwariaPakosc\/"],"url":"https:\/\/pakosc-kalwaria.franciszkanie.net\/index.php\/author\/pakosc-kalwaria\/"}]}},"_links":{"self":[{"href":"https:\/\/pakosc-kalwaria.franciszkanie.net\/index.php\/wp-json\/wp\/v2\/posts\/22533"}],"collection":[{"href":"https:\/\/pakosc-kalwaria.franciszkanie.net\/index.php\/wp-json\/wp\/v2\/posts"}],"about":[{"href":"https:\/\/pakosc-kalwaria.franciszkanie.net\/index.php\/wp-json\/wp\/v2\/types\/post"}],"author":[{"embeddable":true,"href":"https:\/\/pakosc-kalwaria.franciszkanie.net\/index.php\/wp-json\/wp\/v2\/users\/2"}],"replies":[{"embeddable":true,"href":"https:\/\/pakosc-kalwaria.franciszkanie.net\/index.php\/wp-json\/wp\/v2\/comments?post=22533"}],"version-history":[{"count":5,"href":"https:\/\/pakosc-kalwaria.franciszkanie.net\/index.php\/wp-json\/wp\/v2\/posts\/22533\/revisions"}],"predecessor-version":[{"id":22544,"href":"https:\/\/pakosc-kalwaria.franciszkanie.net\/index.php\/wp-json\/wp\/v2\/posts\/22533\/revisions\/22544"}],"wp:featuredmedia":[{"embeddable":true,"href":"https:\/\/pakosc-kalwaria.franciszkanie.net\/index.php\/wp-json\/wp\/v2\/media\/22534"}],"wp:attachment":[{"href":"https:\/\/pakosc-kalwaria.franciszkanie.net\/index.php\/wp-json\/wp\/v2\/media?parent=22533"}],"wp:term":[{"taxonomy":"category","embeddable":true,"href":"https:\/\/pakosc-kalwaria.franciszkanie.net\/index.php\/wp-json\/wp\/v2\/categories?post=22533"},{"taxonomy":"post_tag","embeddable":true,"href":"https:\/\/pakosc-kalwaria.franciszkanie.net\/index.php\/wp-json\/wp\/v2\/tags?post=22533"}],"curies":[{"name":"wp","href":"https:\/\/api.w.org\/{rel}","templated":true}]}}