{"id":22545,"date":"2022-04-15T20:00:54","date_gmt":"2022-04-15T18:00:54","guid":{"rendered":"http:\/\/pakosc-kalwaria.franciszkanie.net\/?p=22545"},"modified":"2022-04-15T14:18:17","modified_gmt":"2022-04-15T12:18:17","slug":"do-medytacji-z-kalwaryjskiego-wzgorza-wielki-piatek-15-04-2022r","status":"publish","type":"post","link":"https:\/\/pakosc-kalwaria.franciszkanie.net\/index.php\/2022\/04\/15\/do-medytacji-z-kalwaryjskiego-wzgorza-wielki-piatek-15-04-2022r\/","title":{"rendered":"Do medytacji z kalwaryjskiego Wzg\u00f3rza \u2013 Wielki Pi\u0105tek 15.04.2022r."},"content":{"rendered":"<p><strong><span style=\"color: #ff0000;\">Z kazania na kalwaryjskim Wzg\u00f3rzu \u2013 Wielki Pi\u0105tek 15.04.2022r.<\/span><br \/>\n<\/strong><\/p>\n<p><strong>Krzy\u017c znakiem cierpienia i zbawienia.<br \/>\n<\/strong>Wys\u0142uchali\u015bmy przed chwil\u0105 z wielkim skupieniem i zapewne z wielkim wewn\u0119trznym prze\u017cyciem opisu M\u0119ki naszego Pana Jezusa Chrystusa wed\u0142ug\u00a0 \u015awi\u0119tego Jana. To co si\u0119 wtedy wydarzy\u0142o, trudno nam po ludzku zrozumie\u0107!<br \/>\nOto wspania\u0142y cz\u0142owiek otoczony w swoim \u017cyciu rodzin\u0105 i przyjaci\u00f3\u0142mi, prze\u017cywaj\u0105cy na co dzie\u0144 razem z nimi rado\u015bci i trudy, nagle zostaje pojmany, przez wszystkich opuszczony, w niesamowity spos\u00f3b upokorzony i zmasakrowany, w ko\u0144cu przybity do krzy\u017ca i zabity. Zdumiewaj\u0105cy jest fakt, \u017ce Jezus wiedzia\u0142, co si\u0119 z Nim stanie, a jednak nie pr\u00f3bowa\u0142 tego unikn\u0105\u0107. Nawet w obliczu w\u0142asnego cierpienia troszczy si\u0119 jeszcze o swoich uczni\u00f3w, przestrzega ich, dodaje otuchy, a z krzy\u017ca pocieszaj\u0105c skaza\u0144ca, obiecuje mu po \u015bmierci \u017cycie\u00a0 w raju. Niesamowite, \u017ce w obliczu zbli\u017caj\u0105cej si\u0119 \u015bmierci prosi Boga, by wszystkim Jego oprawcom przebaczy\u0142, bo tak naprawd\u0119 nie wiedz\u0105 co czyni\u0105! Opis M\u0119ki naszego Pana Jezusa Chrystusa wi\u0119kszo\u015b\u0107 z nas us\u0142ysza\u0142a ju\u017c kolejny raz w \u017cyciu. Ale dzisiaj w ten Wielki Pi\u0105tek Roku Pa\u0144skiego 2022, trzeba nam t\u0119 M\u0119k\u0119 Jezusa prze\u017cy\u0107 na nowo. Musimy obudzi\u0107 wra\u017cliwo\u015b\u0107 naszych serc, by zobaczy\u0107 jak\u0105 cen\u0119 zap\u0142aci\u0142 B\u00f3g Ojciec w swoim Umi\u0142owanym Synu, by nas wyrwa\u0107 z niewoli szatana i grzechu, by nas uchroni\u0107 od wiecznej \u015bmierci i wiecznego pot\u0119pienia!<br \/>\n\u201eOto drzewo Krzy\u017ca, na kt\u00f3rym zawis\u0142o Zbawienie \u015bwiata, p\u00f3jd\u017amy z pok\u0142onem\u201d. Na to trzykrotne dzisiaj wezwanie wszyscy oddamy pok\u0142on Krzy\u017cowi i zarazem Jezusowi Chrystusowi naszemu Zbawicielowi. Jak zapowiedzia\u0142 prorok Izajasz w Starym Testamencie: \u201eWzgardzony i odepchni\u0119ty przez ludzi, M\u0105\u017c bole\u015bci, oswojony z cierpieniem, jak kto\u015b, przed kim si\u0119 twarze zakrywa, wzgardzony tak, i\u017c mieli\u015bmy Go za nic\u201d&#8230; \u201eOn si\u0119 obarczy\u0142 naszym cierpieniem, On d\u017awiga\u0142 nasze bole\u015bci\u2026 On by\u0142 przebity za nasze grzechy, zdruzgotany za nasze winy. Spad\u0142a na\u0144 ch\u0142osta zbawienia dla nas, a w Jego ranach jest nasze zdrowie\u201d.<br \/>\nZnak krzy\u017ca znamy od dziecka, bo od pocz\u0105tku towarzyszy on\u00a0 naszemu chrze\u015bcija\u0144skiemu \u017cyciu i b\u0119dzie nam towarzyszy\u0142 a\u017c do naszej \u015bmierci. Dlatego Krzy\u017c, kt\u00f3ry dzisiaj czcimy w spos\u00f3b szczeg\u00f3lny, wspominaj\u0105c M\u0119k\u0119 i \u015amier\u0107 Pana Jezusa, jest znakiem naszego zbawienia. Chrystus \u201eumieraj\u0105c, zniweczy\u0142 nasz\u0105 \u015bmier\u0107, i zmartwychwstaj\u0105c, przywr\u00f3ci\u0142 nam \u017cycie\u201d. Krzy\u017c jest znakiem cierpienia, jest nasza ostoj\u0105 i sil\u0105, jest dla nas nauk\u0105: \u201ew Krzy\u017cu cierpienie, w Krzy\u017cu zbawienie, w Krzy\u017cu mi\u0142o\u015bci nauka&#8230; W Krzy\u017cu os\u0142oda, w Krzy\u017cu och\u0142oda dla duszy, smutkiem zmroczonej\u201d. \u017bycie ka\u017cdego cz\u0142owieka jest naznaczone drog\u0105 krzy\u017cow\u0105 i cierpieniem. I chocia\u017c by\u015bmy robili wszystko co mo\u017cemy, krzy\u017ca i cierpienia w \u017cyciu nie unikniemy. M\u0105dre i z wiar\u0105 podej\u015bcie do krzy\u017ca polega na tym, aby umie\u0107 go nie\u015b\u0107 na\u015bladuj\u0105c Chrystusa i wykorzysta\u0107 go dla osi\u0105gni\u0119cia \u017cycia wiecznego. \u201eJe\u015bli kto chce i\u015b\u0107 za Mn\u0105, niech we\u017amie sw\u00f3j krzy\u017c i niech Mnie na\u015bladuje\u201d.<br \/>\nB\u00f3g, w kt\u00f3rego wierzymy jest dla nas wielk\u0105 tajemnic\u0105! \u00a0Wielk\u0105 tajemnic\u0105 wiary jest Eucharystia! Wielk\u0105 tajemnic\u0105 wiary jest tak\u017ce Krzy\u017c! Cz\u0142owiek w\u0142asnym rozumem i o w\u0142asnych silach nie jest w stanie zg\u0142\u0119bi\u0107 tych wielkich tajemnic naszej wiary. Do tego znowu potrzebna jest nam Bo\u017ca \u0142aska. Cierpienie i krzy\u017c w \u017cyciu cz\u0142owieka s\u0105 Bo\u017cym dopustem, tak jak to by\u0142o w \u017cyciu Chrystusa. Przez cierpienie i niesiony w \u017cyciu krzy\u017c cz\u0142owiek mo\u017ce lepiej zrozumie\u0107 sens i cel swojego \u017cycia. To Krzy\u017c pozwala nam dojrzewa\u0107 do pe\u0142ni naszego chrze\u015bcija\u0144skiego \u017cycia.<br \/>\nW \u015bwietle Jezusowej M\u0119ki i Chrystusowego Krzy\u017ca nale\u017cy z g\u0142\u0119bok\u0105 wiar\u0105 zobaczy\u0107 i zrozumie\u0107 wielk\u0105 warto\u015b\u0107 Eucharystii. M\u0119ka, \u015amier\u0107 i Zmartwychwstanie Chrystusa to \u017ar\u00f3d\u0142o \u0142ask i owoc\u00f3w odkupienia, kt\u00f3re otrzymujemy podczas ka\u017cdej Mszy \u015bwi\u0119tej. Dzi\u0119ki Duchowi \u015awi\u0119temu, kt\u00f3ry uzdalnia nas do przyjmowania tych dar\u00f3w, powinni\u015bmy z g\u0142\u0119bok\u0105 wiar\u0105 i z wielk\u0105 ufno\u015bci\u0105 przychodzi\u0107 jak najcz\u0119\u015bciej do Jezusa na Msz\u0119 \u015awi\u0119t\u0105, by prosi\u0107 o potrzebn\u0105 pomoc w codziennym \u017cyciu, i o pomoc potrzebn\u0105 do zbawienia.<br \/>\nNa zako\u0144czenie powt\u00f3rzmy \u00a0w sercu za \u015bw. Paw\u0142em: \u201eCo do mnie, nie daj Bo\u017ce, bym si\u0119 mia\u0142 chlubi\u0107 z czego innego, jak tylko z Krzy\u017ca Pana naszego Jezusa Chrystusa, dzi\u0119ki kt\u00f3remu \u015bwiat sta\u0142 si\u0119 ukrzy\u017cowany dla mnie, a ja dla \u015bwiata\u201d. Amen.<br \/>\n(o.R.)<\/p>\n","protected":false},"excerpt":{"rendered":"<p>Z kazania na kalwaryjskim Wzg\u00f3rzu \u2013 Wielki Pi\u0105tek 15.04.2022r. Krzy\u017c znakiem cierpienia i zbawienia. Wys\u0142uchali\u015bmy przed chwil\u0105 z wielkim skupieniem i zapewne z wielkim wewn\u0119trznym prze\u017cyciem opisu M\u0119ki naszego Pana Jezusa Chrystusa wed\u0142ug\u00a0 \u015awi\u0119tego Jana. To co si\u0119 wtedy wydarzy\u0142o, trudno nam po ludzku zrozumie\u0107! Oto wspania\u0142y cz\u0142owiek otoczony w swoim \u017cyciu rodzin\u0105 i przyjaci\u00f3\u0142mi, &hellip;<\/p>\n","protected":false},"author":2,"featured_media":22547,"comment_status":"closed","ping_status":"closed","sticky":false,"template":"","format":"standard","meta":{"_mi_skip_tracking":false,"_exactmetrics_sitenote_active":false,"_exactmetrics_sitenote_note":"","_exactmetrics_sitenote_category":0},"categories":[14],"tags":[],"yoast_head":"<!-- This site is optimized with the Yoast SEO plugin v18.1 - https:\/\/yoast.com\/wordpress\/plugins\/seo\/ -->\n<title>Do medytacji z kalwaryjskiego Wzg\u00f3rza \u2013 Wielki Pi\u0105tek 15.04.2022r. - Pako\u015b\u0107 \u2013 Kalwaria<\/title>\n<meta name=\"robots\" content=\"index, follow, max-snippet:-1, max-image-preview:large, max-video-preview:-1\" \/>\n<link rel=\"canonical\" href=\"https:\/\/pakosc-kalwaria.franciszkanie.net\/index.php\/2022\/04\/15\/do-medytacji-z-kalwaryjskiego-wzgorza-wielki-piatek-15-04-2022r\/\" \/>\n<meta property=\"og:locale\" content=\"pl_PL\" \/>\n<meta property=\"og:type\" content=\"article\" \/>\n<meta property=\"og:title\" content=\"Do medytacji z kalwaryjskiego Wzg\u00f3rza \u2013 Wielki Pi\u0105tek 15.04.2022r. - Pako\u015b\u0107 \u2013 Kalwaria\" \/>\n<meta property=\"og:description\" content=\"Z kazania na kalwaryjskim Wzg\u00f3rzu \u2013 Wielki Pi\u0105tek 15.04.2022r. Krzy\u017c znakiem cierpienia i zbawienia. Wys\u0142uchali\u015bmy przed chwil\u0105 z wielkim skupieniem i zapewne z wielkim wewn\u0119trznym prze\u017cyciem opisu M\u0119ki naszego Pana Jezusa Chrystusa wed\u0142ug\u00a0 \u015awi\u0119tego Jana. To co si\u0119 wtedy wydarzy\u0142o, trudno nam po ludzku zrozumie\u0107! Oto wspania\u0142y cz\u0142owiek otoczony w swoim \u017cyciu rodzin\u0105 i przyjaci\u00f3\u0142mi, &hellip;\" \/>\n<meta property=\"og:url\" content=\"https:\/\/pakosc-kalwaria.franciszkanie.net\/index.php\/2022\/04\/15\/do-medytacji-z-kalwaryjskiego-wzgorza-wielki-piatek-15-04-2022r\/\" \/>\n<meta property=\"og:site_name\" content=\"Pako\u015b\u0107 \u2013 Kalwaria\" \/>\n<meta property=\"article:author\" content=\"https:\/\/www.facebook.com\/KalwariaPakosc\/\" \/>\n<meta property=\"article:published_time\" content=\"2022-04-15T18:00:54+00:00\" \/>\n<meta property=\"article:modified_time\" content=\"2022-04-15T12:18:17+00:00\" \/>\n<meta property=\"og:image\" content=\"https:\/\/pakosc-kalwaria.franciszkanie.net\/wp-content\/uploads\/2022\/04\/DSC_0336-\u2014-kopia-1.jpg\" \/>\n\t<meta property=\"og:image:width\" content=\"350\" \/>\n\t<meta property=\"og:image:height\" content=\"232\" \/>\n\t<meta property=\"og:image:type\" content=\"image\/jpeg\" \/>\n<meta name=\"twitter:card\" content=\"summary\" \/>\n<meta name=\"twitter:label1\" content=\"Napisane przez\" \/>\n\t<meta name=\"twitter:data1\" content=\"pakosc-kalwaria\" \/>\n\t<meta name=\"twitter:label2\" content=\"Szacowany czas czytania\" \/>\n\t<meta name=\"twitter:data2\" content=\"4 minuty\" \/>\n<script type=\"application\/ld+json\" class=\"yoast-schema-graph\">{\"@context\":\"https:\/\/schema.org\",\"@graph\":[{\"@type\":\"WebSite\",\"@id\":\"https:\/\/pakosc-kalwaria.franciszkanie.net\/#website\",\"url\":\"https:\/\/pakosc-kalwaria.franciszkanie.net\/\",\"name\":\"Pako\u015b\u0107 \u2013 Kalwaria\",\"description\":\"Parafia Rzymsko \u2013 Katolicka p.w. Pana Jezusa Ukrzy\u017cowanego i  Matki Bo\u017cej Bolesnej ul. Barci\u0144ska 60, 88\u2013170 Pako\u015b\u0107 \u2013 Kalwaria\",\"potentialAction\":[{\"@type\":\"SearchAction\",\"target\":{\"@type\":\"EntryPoint\",\"urlTemplate\":\"https:\/\/pakosc-kalwaria.franciszkanie.net\/?s={search_term_string}\"},\"query-input\":\"required name=search_term_string\"}],\"inLanguage\":\"pl-PL\"},{\"@type\":\"ImageObject\",\"@id\":\"https:\/\/pakosc-kalwaria.franciszkanie.net\/index.php\/2022\/04\/15\/do-medytacji-z-kalwaryjskiego-wzgorza-wielki-piatek-15-04-2022r\/#primaryimage\",\"inLanguage\":\"pl-PL\",\"url\":\"https:\/\/pakosc-kalwaria.franciszkanie.net\/wp-content\/uploads\/2022\/04\/DSC_0336-\u2014-kopia-1.jpg\",\"contentUrl\":\"https:\/\/pakosc-kalwaria.franciszkanie.net\/wp-content\/uploads\/2022\/04\/DSC_0336-\u2014-kopia-1.jpg\",\"width\":350,\"height\":232},{\"@type\":\"WebPage\",\"@id\":\"https:\/\/pakosc-kalwaria.franciszkanie.net\/index.php\/2022\/04\/15\/do-medytacji-z-kalwaryjskiego-wzgorza-wielki-piatek-15-04-2022r\/#webpage\",\"url\":\"https:\/\/pakosc-kalwaria.franciszkanie.net\/index.php\/2022\/04\/15\/do-medytacji-z-kalwaryjskiego-wzgorza-wielki-piatek-15-04-2022r\/\",\"name\":\"Do medytacji z kalwaryjskiego Wzg\u00f3rza \u2013 Wielki Pi\u0105tek 15.04.2022r. - Pako\u015b\u0107 \u2013 Kalwaria\",\"isPartOf\":{\"@id\":\"https:\/\/pakosc-kalwaria.franciszkanie.net\/#website\"},\"primaryImageOfPage\":{\"@id\":\"https:\/\/pakosc-kalwaria.franciszkanie.net\/index.php\/2022\/04\/15\/do-medytacji-z-kalwaryjskiego-wzgorza-wielki-piatek-15-04-2022r\/#primaryimage\"},\"datePublished\":\"2022-04-15T18:00:54+00:00\",\"dateModified\":\"2022-04-15T12:18:17+00:00\",\"author\":{\"@id\":\"https:\/\/pakosc-kalwaria.franciszkanie.net\/#\/schema\/person\/af10b943be0760709227d060eadcb2aa\"},\"breadcrumb\":{\"@id\":\"https:\/\/pakosc-kalwaria.franciszkanie.net\/index.php\/2022\/04\/15\/do-medytacji-z-kalwaryjskiego-wzgorza-wielki-piatek-15-04-2022r\/#breadcrumb\"},\"inLanguage\":\"pl-PL\",\"potentialAction\":[{\"@type\":\"ReadAction\",\"target\":[\"https:\/\/pakosc-kalwaria.franciszkanie.net\/index.php\/2022\/04\/15\/do-medytacji-z-kalwaryjskiego-wzgorza-wielki-piatek-15-04-2022r\/\"]}]},{\"@type\":\"BreadcrumbList\",\"@id\":\"https:\/\/pakosc-kalwaria.franciszkanie.net\/index.php\/2022\/04\/15\/do-medytacji-z-kalwaryjskiego-wzgorza-wielki-piatek-15-04-2022r\/#breadcrumb\",\"itemListElement\":[{\"@type\":\"ListItem\",\"position\":1,\"name\":\"Strona g\u0142\u00f3wna\",\"item\":\"https:\/\/pakosc-kalwaria.franciszkanie.net\/\"},{\"@type\":\"ListItem\",\"position\":2,\"name\":\"Do medytacji z kalwaryjskiego Wzg\u00f3rza \u2013 Wielki Pi\u0105tek 15.04.2022r.\"}]},{\"@type\":\"Person\",\"@id\":\"https:\/\/pakosc-kalwaria.franciszkanie.net\/#\/schema\/person\/af10b943be0760709227d060eadcb2aa\",\"name\":\"pakosc-kalwaria\",\"image\":{\"@type\":\"ImageObject\",\"@id\":\"https:\/\/pakosc-kalwaria.franciszkanie.net\/#personlogo\",\"inLanguage\":\"pl-PL\",\"url\":\"https:\/\/secure.gravatar.com\/avatar\/e7049d338b55eac6a0027ff3218b8d02?s=96&d=mm&r=g\",\"contentUrl\":\"https:\/\/secure.gravatar.com\/avatar\/e7049d338b55eac6a0027ff3218b8d02?s=96&d=mm&r=g\",\"caption\":\"pakosc-kalwaria\"},\"sameAs\":[\"https:\/\/www.facebook.com\/KalwariaPakosc\/\"],\"url\":\"https:\/\/pakosc-kalwaria.franciszkanie.net\/index.php\/author\/pakosc-kalwaria\/\"}]}<\/script>\n<!-- \/ Yoast SEO plugin. -->","yoast_head_json":{"title":"Do medytacji z kalwaryjskiego Wzg\u00f3rza \u2013 Wielki Pi\u0105tek 15.04.2022r. - Pako\u015b\u0107 \u2013 Kalwaria","robots":{"index":"index","follow":"follow","max-snippet":"max-snippet:-1","max-image-preview":"max-image-preview:large","max-video-preview":"max-video-preview:-1"},"canonical":"https:\/\/pakosc-kalwaria.franciszkanie.net\/index.php\/2022\/04\/15\/do-medytacji-z-kalwaryjskiego-wzgorza-wielki-piatek-15-04-2022r\/","og_locale":"pl_PL","og_type":"article","og_title":"Do medytacji z kalwaryjskiego Wzg\u00f3rza \u2013 Wielki Pi\u0105tek 15.04.2022r. - Pako\u015b\u0107 \u2013 Kalwaria","og_description":"Z kazania na kalwaryjskim Wzg\u00f3rzu \u2013 Wielki Pi\u0105tek 15.04.2022r. Krzy\u017c znakiem cierpienia i zbawienia. Wys\u0142uchali\u015bmy przed chwil\u0105 z wielkim skupieniem i zapewne z wielkim wewn\u0119trznym prze\u017cyciem opisu M\u0119ki naszego Pana Jezusa Chrystusa wed\u0142ug\u00a0 \u015awi\u0119tego Jana. To co si\u0119 wtedy wydarzy\u0142o, trudno nam po ludzku zrozumie\u0107! Oto wspania\u0142y cz\u0142owiek otoczony w swoim \u017cyciu rodzin\u0105 i przyjaci\u00f3\u0142mi, &hellip;","og_url":"https:\/\/pakosc-kalwaria.franciszkanie.net\/index.php\/2022\/04\/15\/do-medytacji-z-kalwaryjskiego-wzgorza-wielki-piatek-15-04-2022r\/","og_site_name":"Pako\u015b\u0107 \u2013 Kalwaria","article_author":"https:\/\/www.facebook.com\/KalwariaPakosc\/","article_published_time":"2022-04-15T18:00:54+00:00","article_modified_time":"2022-04-15T12:18:17+00:00","og_image":[{"width":350,"height":232,"url":"https:\/\/pakosc-kalwaria.franciszkanie.net\/wp-content\/uploads\/2022\/04\/DSC_0336-\u2014-kopia-1.jpg","type":"image\/jpeg"}],"twitter_card":"summary","twitter_misc":{"Napisane przez":"pakosc-kalwaria","Szacowany czas czytania":"4 minuty"},"schema":{"@context":"https:\/\/schema.org","@graph":[{"@type":"WebSite","@id":"https:\/\/pakosc-kalwaria.franciszkanie.net\/#website","url":"https:\/\/pakosc-kalwaria.franciszkanie.net\/","name":"Pako\u015b\u0107 \u2013 Kalwaria","description":"Parafia Rzymsko \u2013 Katolicka p.w. Pana Jezusa Ukrzy\u017cowanego i  Matki Bo\u017cej Bolesnej ul. Barci\u0144ska 60, 88\u2013170 Pako\u015b\u0107 \u2013 Kalwaria","potentialAction":[{"@type":"SearchAction","target":{"@type":"EntryPoint","urlTemplate":"https:\/\/pakosc-kalwaria.franciszkanie.net\/?s={search_term_string}"},"query-input":"required name=search_term_string"}],"inLanguage":"pl-PL"},{"@type":"ImageObject","@id":"https:\/\/pakosc-kalwaria.franciszkanie.net\/index.php\/2022\/04\/15\/do-medytacji-z-kalwaryjskiego-wzgorza-wielki-piatek-15-04-2022r\/#primaryimage","inLanguage":"pl-PL","url":"https:\/\/pakosc-kalwaria.franciszkanie.net\/wp-content\/uploads\/2022\/04\/DSC_0336-\u2014-kopia-1.jpg","contentUrl":"https:\/\/pakosc-kalwaria.franciszkanie.net\/wp-content\/uploads\/2022\/04\/DSC_0336-\u2014-kopia-1.jpg","width":350,"height":232},{"@type":"WebPage","@id":"https:\/\/pakosc-kalwaria.franciszkanie.net\/index.php\/2022\/04\/15\/do-medytacji-z-kalwaryjskiego-wzgorza-wielki-piatek-15-04-2022r\/#webpage","url":"https:\/\/pakosc-kalwaria.franciszkanie.net\/index.php\/2022\/04\/15\/do-medytacji-z-kalwaryjskiego-wzgorza-wielki-piatek-15-04-2022r\/","name":"Do medytacji z kalwaryjskiego Wzg\u00f3rza \u2013 Wielki Pi\u0105tek 15.04.2022r. - Pako\u015b\u0107 \u2013 Kalwaria","isPartOf":{"@id":"https:\/\/pakosc-kalwaria.franciszkanie.net\/#website"},"primaryImageOfPage":{"@id":"https:\/\/pakosc-kalwaria.franciszkanie.net\/index.php\/2022\/04\/15\/do-medytacji-z-kalwaryjskiego-wzgorza-wielki-piatek-15-04-2022r\/#primaryimage"},"datePublished":"2022-04-15T18:00:54+00:00","dateModified":"2022-04-15T12:18:17+00:00","author":{"@id":"https:\/\/pakosc-kalwaria.franciszkanie.net\/#\/schema\/person\/af10b943be0760709227d060eadcb2aa"},"breadcrumb":{"@id":"https:\/\/pakosc-kalwaria.franciszkanie.net\/index.php\/2022\/04\/15\/do-medytacji-z-kalwaryjskiego-wzgorza-wielki-piatek-15-04-2022r\/#breadcrumb"},"inLanguage":"pl-PL","potentialAction":[{"@type":"ReadAction","target":["https:\/\/pakosc-kalwaria.franciszkanie.net\/index.php\/2022\/04\/15\/do-medytacji-z-kalwaryjskiego-wzgorza-wielki-piatek-15-04-2022r\/"]}]},{"@type":"BreadcrumbList","@id":"https:\/\/pakosc-kalwaria.franciszkanie.net\/index.php\/2022\/04\/15\/do-medytacji-z-kalwaryjskiego-wzgorza-wielki-piatek-15-04-2022r\/#breadcrumb","itemListElement":[{"@type":"ListItem","position":1,"name":"Strona g\u0142\u00f3wna","item":"https:\/\/pakosc-kalwaria.franciszkanie.net\/"},{"@type":"ListItem","position":2,"name":"Do medytacji z kalwaryjskiego Wzg\u00f3rza \u2013 Wielki Pi\u0105tek 15.04.2022r."}]},{"@type":"Person","@id":"https:\/\/pakosc-kalwaria.franciszkanie.net\/#\/schema\/person\/af10b943be0760709227d060eadcb2aa","name":"pakosc-kalwaria","image":{"@type":"ImageObject","@id":"https:\/\/pakosc-kalwaria.franciszkanie.net\/#personlogo","inLanguage":"pl-PL","url":"https:\/\/secure.gravatar.com\/avatar\/e7049d338b55eac6a0027ff3218b8d02?s=96&d=mm&r=g","contentUrl":"https:\/\/secure.gravatar.com\/avatar\/e7049d338b55eac6a0027ff3218b8d02?s=96&d=mm&r=g","caption":"pakosc-kalwaria"},"sameAs":["https:\/\/www.facebook.com\/KalwariaPakosc\/"],"url":"https:\/\/pakosc-kalwaria.franciszkanie.net\/index.php\/author\/pakosc-kalwaria\/"}]}},"_links":{"self":[{"href":"https:\/\/pakosc-kalwaria.franciszkanie.net\/index.php\/wp-json\/wp\/v2\/posts\/22545"}],"collection":[{"href":"https:\/\/pakosc-kalwaria.franciszkanie.net\/index.php\/wp-json\/wp\/v2\/posts"}],"about":[{"href":"https:\/\/pakosc-kalwaria.franciszkanie.net\/index.php\/wp-json\/wp\/v2\/types\/post"}],"author":[{"embeddable":true,"href":"https:\/\/pakosc-kalwaria.franciszkanie.net\/index.php\/wp-json\/wp\/v2\/users\/2"}],"replies":[{"embeddable":true,"href":"https:\/\/pakosc-kalwaria.franciszkanie.net\/index.php\/wp-json\/wp\/v2\/comments?post=22545"}],"version-history":[{"count":3,"href":"https:\/\/pakosc-kalwaria.franciszkanie.net\/index.php\/wp-json\/wp\/v2\/posts\/22545\/revisions"}],"predecessor-version":[{"id":22555,"href":"https:\/\/pakosc-kalwaria.franciszkanie.net\/index.php\/wp-json\/wp\/v2\/posts\/22545\/revisions\/22555"}],"wp:featuredmedia":[{"embeddable":true,"href":"https:\/\/pakosc-kalwaria.franciszkanie.net\/index.php\/wp-json\/wp\/v2\/media\/22547"}],"wp:attachment":[{"href":"https:\/\/pakosc-kalwaria.franciszkanie.net\/index.php\/wp-json\/wp\/v2\/media?parent=22545"}],"wp:term":[{"taxonomy":"category","embeddable":true,"href":"https:\/\/pakosc-kalwaria.franciszkanie.net\/index.php\/wp-json\/wp\/v2\/categories?post=22545"},{"taxonomy":"post_tag","embeddable":true,"href":"https:\/\/pakosc-kalwaria.franciszkanie.net\/index.php\/wp-json\/wp\/v2\/tags?post=22545"}],"curies":[{"name":"wp","href":"https:\/\/api.w.org\/{rel}","templated":true}]}}