{"id":22550,"date":"2022-04-14T23:00:05","date_gmt":"2022-04-14T21:00:05","guid":{"rendered":"http:\/\/pakosc-kalwaria.franciszkanie.net\/?p=22550"},"modified":"2022-04-20T20:15:35","modified_gmt":"2022-04-20T18:15:35","slug":"swiateczne-zyczenia-wielkanocne","status":"publish","type":"post","link":"https:\/\/pakosc-kalwaria.franciszkanie.net\/index.php\/2022\/04\/14\/swiateczne-zyczenia-wielkanocne\/","title":{"rendered":"\u015awi\u0105teczne \u017byczenia Wielkanocne"},"content":{"rendered":"<p><strong><span style=\"color: #ff0000;\">\u017byczenia na \u015awi\u0119ta Zmartwychwstania Pa\u0144skiego &#8211; Wielkanoc 2022r.<\/span><\/strong><\/p>\n<p><strong><em>\u00a0<span style=\"color: #ff0000;\">\u201eW tym dniu wspania\u0142ym, wszyscy si\u0119 weselmy\u201d! <\/span><\/em><\/strong><br \/>\n<strong><em>Niech rado\u015b\u0107 z Chrystusowego Zmartwychwstania wype\u0142nia nasze Serca i Rodziny.<br \/>\nZwyci\u0119stwo Jezusa nad \u015bmierci\u0105 niech prowadzi do pe\u0142ni \u017bycia, a Bo\u017ca \u0141aska niech umacnia nasz\u0105 wiar\u0119, nadziej\u0119 i mi\u0142o\u015b\u0107.<br \/>\nWierzymy, \u017ce Chrystusa nie ma w Grobie i \u017ce \u017cyje w\u015br\u00f3d nas.<br \/>\nW czasie ka\u017cdej Eucharystii przychodzi do nas na o\u0142tarzu pod postaciami Chleba i Wina.<br \/>\nTa Dobra Nowina o zmartwychwstaniu Jezusa i o Jego obecno\u015bci w Eucharystii, niech o\u017cywi nasz\u0105 wiar\u0119 i obudzi w nas pragnienie uczestniczenia we Mszy \u015bwi\u0119tej w ka\u017cd\u0105 niedziel\u0119 i \u015bwi\u0119to.<\/em><\/strong><strong><br \/>\n<\/strong><strong><em>Niech Jezus Zmartwychwsta\u0142y i \u017cyj\u0105cy w Eucharystii, b\u0119dzie dla nas wezwaniem, a cz\u0119sto przyjmowana Komunia \u015bwi\u0119ta si\u0142\u0105, do dzielenia si\u0119 \u00a0Bo\u017c\u0105 Mi\u0142o\u015bci\u0105 i Bo\u017cym Pokojem w naszych Rodzinach i Wsp\u00f3lnotach.<\/em><\/strong><strong><br \/>\n<\/strong><\/p>\n<p><strong>Z darem modlitwy<br \/>\n<\/strong><strong>Franciszkanie z Pako\u015bci &#8211; Kalwarii<\/strong><\/p>\n","protected":false},"excerpt":{"rendered":"<p>\u017byczenia na \u015awi\u0119ta Zmartwychwstania Pa\u0144skiego &#8211; Wielkanoc 2022r. \u00a0\u201eW tym dniu wspania\u0142ym, wszyscy si\u0119 weselmy\u201d! Niech rado\u015b\u0107 z Chrystusowego Zmartwychwstania wype\u0142nia nasze Serca i Rodziny. Zwyci\u0119stwo Jezusa nad \u015bmierci\u0105 niech prowadzi do pe\u0142ni \u017bycia, a Bo\u017ca \u0141aska niech umacnia nasz\u0105 wiar\u0119, nadziej\u0119 i mi\u0142o\u015b\u0107. Wierzymy, \u017ce Chrystusa nie ma w Grobie i \u017ce \u017cyje w\u015br\u00f3d &hellip;<\/p>\n","protected":false},"author":2,"featured_media":22551,"comment_status":"closed","ping_status":"closed","sticky":false,"template":"","format":"standard","meta":{"_mi_skip_tracking":false,"_exactmetrics_sitenote_active":false,"_exactmetrics_sitenote_note":"","_exactmetrics_sitenote_category":0},"categories":[13],"tags":[],"yoast_head":"<!-- This site is optimized with the Yoast SEO plugin v18.1 - https:\/\/yoast.com\/wordpress\/plugins\/seo\/ -->\n<title>\u015awi\u0105teczne \u017byczenia Wielkanocne - Pako\u015b\u0107 \u2013 Kalwaria<\/title>\n<meta name=\"robots\" content=\"index, follow, max-snippet:-1, max-image-preview:large, max-video-preview:-1\" \/>\n<link rel=\"canonical\" href=\"https:\/\/pakosc-kalwaria.franciszkanie.net\/index.php\/2022\/04\/14\/swiateczne-zyczenia-wielkanocne\/\" \/>\n<meta property=\"og:locale\" content=\"pl_PL\" \/>\n<meta property=\"og:type\" content=\"article\" \/>\n<meta property=\"og:title\" content=\"\u015awi\u0105teczne \u017byczenia Wielkanocne - Pako\u015b\u0107 \u2013 Kalwaria\" \/>\n<meta property=\"og:description\" content=\"\u017byczenia na \u015awi\u0119ta Zmartwychwstania Pa\u0144skiego &#8211; Wielkanoc 2022r. \u00a0\u201eW tym dniu wspania\u0142ym, wszyscy si\u0119 weselmy\u201d! Niech rado\u015b\u0107 z Chrystusowego Zmartwychwstania wype\u0142nia nasze Serca i Rodziny. Zwyci\u0119stwo Jezusa nad \u015bmierci\u0105 niech prowadzi do pe\u0142ni \u017bycia, a Bo\u017ca \u0141aska niech umacnia nasz\u0105 wiar\u0119, nadziej\u0119 i mi\u0142o\u015b\u0107. Wierzymy, \u017ce Chrystusa nie ma w Grobie i \u017ce \u017cyje w\u015br\u00f3d &hellip;\" \/>\n<meta property=\"og:url\" content=\"https:\/\/pakosc-kalwaria.franciszkanie.net\/index.php\/2022\/04\/14\/swiateczne-zyczenia-wielkanocne\/\" \/>\n<meta property=\"og:site_name\" content=\"Pako\u015b\u0107 \u2013 Kalwaria\" \/>\n<meta property=\"article:author\" content=\"https:\/\/www.facebook.com\/KalwariaPakosc\/\" \/>\n<meta property=\"article:published_time\" content=\"2022-04-14T21:00:05+00:00\" \/>\n<meta property=\"article:modified_time\" content=\"2022-04-20T18:15:35+00:00\" \/>\n<meta property=\"og:image\" content=\"https:\/\/pakosc-kalwaria.franciszkanie.net\/wp-content\/uploads\/2022\/04\/9fe6b7f8o_pietkiewicz_pascha.jpg\" \/>\n\t<meta property=\"og:image:width\" content=\"350\" \/>\n\t<meta property=\"og:image:height\" content=\"268\" \/>\n\t<meta property=\"og:image:type\" content=\"image\/jpeg\" \/>\n<meta name=\"twitter:card\" content=\"summary\" \/>\n<meta name=\"twitter:label1\" content=\"Napisane przez\" \/>\n\t<meta name=\"twitter:data1\" content=\"pakosc-kalwaria\" \/>\n\t<meta name=\"twitter:label2\" content=\"Szacowany czas czytania\" \/>\n\t<meta name=\"twitter:data2\" content=\"1 minuta\" \/>\n<script type=\"application\/ld+json\" class=\"yoast-schema-graph\">{\"@context\":\"https:\/\/schema.org\",\"@graph\":[{\"@type\":\"WebSite\",\"@id\":\"https:\/\/pakosc-kalwaria.franciszkanie.net\/#website\",\"url\":\"https:\/\/pakosc-kalwaria.franciszkanie.net\/\",\"name\":\"Pako\u015b\u0107 \u2013 Kalwaria\",\"description\":\"Parafia Rzymsko \u2013 Katolicka p.w. Pana Jezusa Ukrzy\u017cowanego i  Matki Bo\u017cej Bolesnej ul. Barci\u0144ska 60, 88\u2013170 Pako\u015b\u0107 \u2013 Kalwaria\",\"potentialAction\":[{\"@type\":\"SearchAction\",\"target\":{\"@type\":\"EntryPoint\",\"urlTemplate\":\"https:\/\/pakosc-kalwaria.franciszkanie.net\/?s={search_term_string}\"},\"query-input\":\"required name=search_term_string\"}],\"inLanguage\":\"pl-PL\"},{\"@type\":\"ImageObject\",\"@id\":\"https:\/\/pakosc-kalwaria.franciszkanie.net\/index.php\/2022\/04\/14\/swiateczne-zyczenia-wielkanocne\/#primaryimage\",\"inLanguage\":\"pl-PL\",\"url\":\"https:\/\/pakosc-kalwaria.franciszkanie.net\/wp-content\/uploads\/2022\/04\/9fe6b7f8o_pietkiewicz_pascha.jpg\",\"contentUrl\":\"https:\/\/pakosc-kalwaria.franciszkanie.net\/wp-content\/uploads\/2022\/04\/9fe6b7f8o_pietkiewicz_pascha.jpg\",\"width\":350,\"height\":268},{\"@type\":\"WebPage\",\"@id\":\"https:\/\/pakosc-kalwaria.franciszkanie.net\/index.php\/2022\/04\/14\/swiateczne-zyczenia-wielkanocne\/#webpage\",\"url\":\"https:\/\/pakosc-kalwaria.franciszkanie.net\/index.php\/2022\/04\/14\/swiateczne-zyczenia-wielkanocne\/\",\"name\":\"\u015awi\u0105teczne \u017byczenia Wielkanocne - Pako\u015b\u0107 \u2013 Kalwaria\",\"isPartOf\":{\"@id\":\"https:\/\/pakosc-kalwaria.franciszkanie.net\/#website\"},\"primaryImageOfPage\":{\"@id\":\"https:\/\/pakosc-kalwaria.franciszkanie.net\/index.php\/2022\/04\/14\/swiateczne-zyczenia-wielkanocne\/#primaryimage\"},\"datePublished\":\"2022-04-14T21:00:05+00:00\",\"dateModified\":\"2022-04-20T18:15:35+00:00\",\"author\":{\"@id\":\"https:\/\/pakosc-kalwaria.franciszkanie.net\/#\/schema\/person\/af10b943be0760709227d060eadcb2aa\"},\"breadcrumb\":{\"@id\":\"https:\/\/pakosc-kalwaria.franciszkanie.net\/index.php\/2022\/04\/14\/swiateczne-zyczenia-wielkanocne\/#breadcrumb\"},\"inLanguage\":\"pl-PL\",\"potentialAction\":[{\"@type\":\"ReadAction\",\"target\":[\"https:\/\/pakosc-kalwaria.franciszkanie.net\/index.php\/2022\/04\/14\/swiateczne-zyczenia-wielkanocne\/\"]}]},{\"@type\":\"BreadcrumbList\",\"@id\":\"https:\/\/pakosc-kalwaria.franciszkanie.net\/index.php\/2022\/04\/14\/swiateczne-zyczenia-wielkanocne\/#breadcrumb\",\"itemListElement\":[{\"@type\":\"ListItem\",\"position\":1,\"name\":\"Strona g\u0142\u00f3wna\",\"item\":\"https:\/\/pakosc-kalwaria.franciszkanie.net\/\"},{\"@type\":\"ListItem\",\"position\":2,\"name\":\"\u015awi\u0105teczne \u017byczenia Wielkanocne\"}]},{\"@type\":\"Person\",\"@id\":\"https:\/\/pakosc-kalwaria.franciszkanie.net\/#\/schema\/person\/af10b943be0760709227d060eadcb2aa\",\"name\":\"pakosc-kalwaria\",\"image\":{\"@type\":\"ImageObject\",\"@id\":\"https:\/\/pakosc-kalwaria.franciszkanie.net\/#personlogo\",\"inLanguage\":\"pl-PL\",\"url\":\"https:\/\/secure.gravatar.com\/avatar\/e7049d338b55eac6a0027ff3218b8d02?s=96&d=mm&r=g\",\"contentUrl\":\"https:\/\/secure.gravatar.com\/avatar\/e7049d338b55eac6a0027ff3218b8d02?s=96&d=mm&r=g\",\"caption\":\"pakosc-kalwaria\"},\"sameAs\":[\"https:\/\/www.facebook.com\/KalwariaPakosc\/\"],\"url\":\"https:\/\/pakosc-kalwaria.franciszkanie.net\/index.php\/author\/pakosc-kalwaria\/\"}]}<\/script>\n<!-- \/ Yoast SEO plugin. -->","yoast_head_json":{"title":"\u015awi\u0105teczne \u017byczenia Wielkanocne - Pako\u015b\u0107 \u2013 Kalwaria","robots":{"index":"index","follow":"follow","max-snippet":"max-snippet:-1","max-image-preview":"max-image-preview:large","max-video-preview":"max-video-preview:-1"},"canonical":"https:\/\/pakosc-kalwaria.franciszkanie.net\/index.php\/2022\/04\/14\/swiateczne-zyczenia-wielkanocne\/","og_locale":"pl_PL","og_type":"article","og_title":"\u015awi\u0105teczne \u017byczenia Wielkanocne - Pako\u015b\u0107 \u2013 Kalwaria","og_description":"\u017byczenia na \u015awi\u0119ta Zmartwychwstania Pa\u0144skiego &#8211; Wielkanoc 2022r. \u00a0\u201eW tym dniu wspania\u0142ym, wszyscy si\u0119 weselmy\u201d! Niech rado\u015b\u0107 z Chrystusowego Zmartwychwstania wype\u0142nia nasze Serca i Rodziny. Zwyci\u0119stwo Jezusa nad \u015bmierci\u0105 niech prowadzi do pe\u0142ni \u017bycia, a Bo\u017ca \u0141aska niech umacnia nasz\u0105 wiar\u0119, nadziej\u0119 i mi\u0142o\u015b\u0107. Wierzymy, \u017ce Chrystusa nie ma w Grobie i \u017ce \u017cyje w\u015br\u00f3d &hellip;","og_url":"https:\/\/pakosc-kalwaria.franciszkanie.net\/index.php\/2022\/04\/14\/swiateczne-zyczenia-wielkanocne\/","og_site_name":"Pako\u015b\u0107 \u2013 Kalwaria","article_author":"https:\/\/www.facebook.com\/KalwariaPakosc\/","article_published_time":"2022-04-14T21:00:05+00:00","article_modified_time":"2022-04-20T18:15:35+00:00","og_image":[{"width":350,"height":268,"url":"https:\/\/pakosc-kalwaria.franciszkanie.net\/wp-content\/uploads\/2022\/04\/9fe6b7f8o_pietkiewicz_pascha.jpg","type":"image\/jpeg"}],"twitter_card":"summary","twitter_misc":{"Napisane przez":"pakosc-kalwaria","Szacowany czas czytania":"1 minuta"},"schema":{"@context":"https:\/\/schema.org","@graph":[{"@type":"WebSite","@id":"https:\/\/pakosc-kalwaria.franciszkanie.net\/#website","url":"https:\/\/pakosc-kalwaria.franciszkanie.net\/","name":"Pako\u015b\u0107 \u2013 Kalwaria","description":"Parafia Rzymsko \u2013 Katolicka p.w. Pana Jezusa Ukrzy\u017cowanego i  Matki Bo\u017cej Bolesnej ul. Barci\u0144ska 60, 88\u2013170 Pako\u015b\u0107 \u2013 Kalwaria","potentialAction":[{"@type":"SearchAction","target":{"@type":"EntryPoint","urlTemplate":"https:\/\/pakosc-kalwaria.franciszkanie.net\/?s={search_term_string}"},"query-input":"required name=search_term_string"}],"inLanguage":"pl-PL"},{"@type":"ImageObject","@id":"https:\/\/pakosc-kalwaria.franciszkanie.net\/index.php\/2022\/04\/14\/swiateczne-zyczenia-wielkanocne\/#primaryimage","inLanguage":"pl-PL","url":"https:\/\/pakosc-kalwaria.franciszkanie.net\/wp-content\/uploads\/2022\/04\/9fe6b7f8o_pietkiewicz_pascha.jpg","contentUrl":"https:\/\/pakosc-kalwaria.franciszkanie.net\/wp-content\/uploads\/2022\/04\/9fe6b7f8o_pietkiewicz_pascha.jpg","width":350,"height":268},{"@type":"WebPage","@id":"https:\/\/pakosc-kalwaria.franciszkanie.net\/index.php\/2022\/04\/14\/swiateczne-zyczenia-wielkanocne\/#webpage","url":"https:\/\/pakosc-kalwaria.franciszkanie.net\/index.php\/2022\/04\/14\/swiateczne-zyczenia-wielkanocne\/","name":"\u015awi\u0105teczne \u017byczenia Wielkanocne - Pako\u015b\u0107 \u2013 Kalwaria","isPartOf":{"@id":"https:\/\/pakosc-kalwaria.franciszkanie.net\/#website"},"primaryImageOfPage":{"@id":"https:\/\/pakosc-kalwaria.franciszkanie.net\/index.php\/2022\/04\/14\/swiateczne-zyczenia-wielkanocne\/#primaryimage"},"datePublished":"2022-04-14T21:00:05+00:00","dateModified":"2022-04-20T18:15:35+00:00","author":{"@id":"https:\/\/pakosc-kalwaria.franciszkanie.net\/#\/schema\/person\/af10b943be0760709227d060eadcb2aa"},"breadcrumb":{"@id":"https:\/\/pakosc-kalwaria.franciszkanie.net\/index.php\/2022\/04\/14\/swiateczne-zyczenia-wielkanocne\/#breadcrumb"},"inLanguage":"pl-PL","potentialAction":[{"@type":"ReadAction","target":["https:\/\/pakosc-kalwaria.franciszkanie.net\/index.php\/2022\/04\/14\/swiateczne-zyczenia-wielkanocne\/"]}]},{"@type":"BreadcrumbList","@id":"https:\/\/pakosc-kalwaria.franciszkanie.net\/index.php\/2022\/04\/14\/swiateczne-zyczenia-wielkanocne\/#breadcrumb","itemListElement":[{"@type":"ListItem","position":1,"name":"Strona g\u0142\u00f3wna","item":"https:\/\/pakosc-kalwaria.franciszkanie.net\/"},{"@type":"ListItem","position":2,"name":"\u015awi\u0105teczne \u017byczenia Wielkanocne"}]},{"@type":"Person","@id":"https:\/\/pakosc-kalwaria.franciszkanie.net\/#\/schema\/person\/af10b943be0760709227d060eadcb2aa","name":"pakosc-kalwaria","image":{"@type":"ImageObject","@id":"https:\/\/pakosc-kalwaria.franciszkanie.net\/#personlogo","inLanguage":"pl-PL","url":"https:\/\/secure.gravatar.com\/avatar\/e7049d338b55eac6a0027ff3218b8d02?s=96&d=mm&r=g","contentUrl":"https:\/\/secure.gravatar.com\/avatar\/e7049d338b55eac6a0027ff3218b8d02?s=96&d=mm&r=g","caption":"pakosc-kalwaria"},"sameAs":["https:\/\/www.facebook.com\/KalwariaPakosc\/"],"url":"https:\/\/pakosc-kalwaria.franciszkanie.net\/index.php\/author\/pakosc-kalwaria\/"}]}},"_links":{"self":[{"href":"https:\/\/pakosc-kalwaria.franciszkanie.net\/index.php\/wp-json\/wp\/v2\/posts\/22550"}],"collection":[{"href":"https:\/\/pakosc-kalwaria.franciszkanie.net\/index.php\/wp-json\/wp\/v2\/posts"}],"about":[{"href":"https:\/\/pakosc-kalwaria.franciszkanie.net\/index.php\/wp-json\/wp\/v2\/types\/post"}],"author":[{"embeddable":true,"href":"https:\/\/pakosc-kalwaria.franciszkanie.net\/index.php\/wp-json\/wp\/v2\/users\/2"}],"replies":[{"embeddable":true,"href":"https:\/\/pakosc-kalwaria.franciszkanie.net\/index.php\/wp-json\/wp\/v2\/comments?post=22550"}],"version-history":[{"count":2,"href":"https:\/\/pakosc-kalwaria.franciszkanie.net\/index.php\/wp-json\/wp\/v2\/posts\/22550\/revisions"}],"predecessor-version":[{"id":22553,"href":"https:\/\/pakosc-kalwaria.franciszkanie.net\/index.php\/wp-json\/wp\/v2\/posts\/22550\/revisions\/22553"}],"wp:featuredmedia":[{"embeddable":true,"href":"https:\/\/pakosc-kalwaria.franciszkanie.net\/index.php\/wp-json\/wp\/v2\/media\/22551"}],"wp:attachment":[{"href":"https:\/\/pakosc-kalwaria.franciszkanie.net\/index.php\/wp-json\/wp\/v2\/media?parent=22550"}],"wp:term":[{"taxonomy":"category","embeddable":true,"href":"https:\/\/pakosc-kalwaria.franciszkanie.net\/index.php\/wp-json\/wp\/v2\/categories?post=22550"},{"taxonomy":"post_tag","embeddable":true,"href":"https:\/\/pakosc-kalwaria.franciszkanie.net\/index.php\/wp-json\/wp\/v2\/tags?post=22550"}],"curies":[{"name":"wp","href":"https:\/\/api.w.org\/{rel}","templated":true}]}}