{"id":22559,"date":"2022-04-16T09:05:07","date_gmt":"2022-04-16T07:05:07","guid":{"rendered":"http:\/\/pakosc-kalwaria.franciszkanie.net\/?p=22559"},"modified":"2022-04-15T14:33:48","modified_gmt":"2022-04-15T12:33:48","slug":"ogloszenia-duszpasterskie-niedziela-zmartwychwstania-panskiego-4","status":"publish","type":"post","link":"https:\/\/pakosc-kalwaria.franciszkanie.net\/index.php\/2022\/04\/16\/ogloszenia-duszpasterskie-niedziela-zmartwychwstania-panskiego-4\/","title":{"rendered":"Og\u0142oszenia duszpasterskie &#8211; Niedziela Zmartwychwstania  Pa\u0144skiego"},"content":{"rendered":"<p><span style=\"color: #ff0000;\"><strong><em><u>NIEDZIELA ZMARTWYCHWSTANIA PA\u0143SKIEGO (17.04.)<\/u><\/em><\/strong><\/span><strong><span style=\"color: #ff0000;\"><br \/>\nO 6.00 PROCESJA REZUREKCYJNA i MSZA \u015aWI\u0118TA REZUREKCYJNA.<\/span><br \/>\n<\/strong><strong>Pozosta\u0142e Msze \u015bw. <span style=\"color: #ff0000;\">o 9.00 i 11.00.<\/span><\/strong><\/p>\n<p><span style=\"color: #ff0000;\"><strong><em><u>W Poniedzia\u0142ek Wielkanocny (18.04.)<\/u><\/em><\/strong><\/span><strong><span style=\"color: #ff0000;\"> \u2013 II Dzie\u0144 \u015awi\u0105t Wielkanocnych.<\/span><br \/>\n<\/strong><strong>Msze \u015bw. <span style=\"color: #ff0000;\">o 9.00 i 11.00.<\/span> Kolekta na Katolicki Uniwersytet Lubelski.<br \/>\nW II Dzie\u0144 \u015awi\u0105t kalwaryjski <span style=\"color: #ff0000;\">odpust EMAUS. Rozpocz\u0119cie o 14.00 w ko\u015bciele \u015bw. Bonawentury<\/span> i procesja na kalwaryjskie Wzg\u00f3rze. Zapraszamy szczeg\u00f3lnie rodzic\u00f3w z dzie\u0107mi.<\/strong><\/p>\n<p><strong><span style=\"color: #ff0000;\"><u>Oktawa Wielkanocy<\/u> <\/span>\u00a0&#8211; trwa do Niedzieli Mi\u0142osierdzia Bo\u017cego (24 kwietnia). Zach\u0119camy do codziennego udzia\u0142u w Mszach \u015awi\u0119tych. \u00a0\u00a0 <em><br \/>\n<u><br \/>\n<span style=\"color: #ff0000;\">We wtorek\u00a0 (19.04.)<\/span><\/u><\/em> \u2013 m\u0142odzie\u017c przygotowuj\u0105ca si\u0119 do Bierzmowania w naszej Parafii uczestniczy <span style=\"color: #ff0000;\">we Mszy \u015bwi\u0119tej o 17.00. \u00a0\u00a0\u00a0\u00a0\u00a0\u00a0\u00a0\u00a0<\/span><\/strong><br \/>\n<strong><span style=\"color: #ff0000;\">O 18.00<\/span> spotkanie dla rodzic\u00f3w dzieci klas III przygotowuj\u0105cych si\u0119 do Pierwszej Komunii \u015bwi\u0119tej.<\/strong><\/p>\n<p><strong><span style=\"color: #ff0000;\"><u>W \u015brod\u0119 (20.04.)<\/u><\/span><span style=\"color: #ff0000;\"> \u2013 o 17.00 w ko\u015bciele \u015bw. Bonawentury Sakramentu Bierzmowania<\/span> b\u0119dzie udziela\u0142 J. E. Ks. Biskup Rados\u0142aw Orchowicz.<\/strong><\/p>\n<p><strong><span style=\"color: #ff0000;\"><em><u>W czwartek (21.04.)<\/u><\/em> \u2013<\/span><span style=\"color: #ff0000;\"> o 17.30<\/span> nauka przed chrztem dla rodzic\u00f3w i chrzestnych.<br \/>\n<span style=\"color: #ff0000;\">Po Mszy \u015bwi\u0119tej o 17.00<\/span> spotkanie formacyjne dla R\u00f3\u017c R\u00f3\u017ca\u0144cowych MB Bolesnej, MB Nieustaj\u0105cej Pomocy i MB Cz\u0119stochowskiej.<\/strong><\/p>\n<p><strong><span style=\"color: #ff0000;\"><em><u>W pi\u0105tek (22.04.)<\/u><\/em> \u2013 o 15.30 Pierwsza Spowied\u017a \u015bw. dla dzieci klas III. \u00a0\u00a0\u00a0<\/span><\/strong><br \/>\n<strong><span style=\"color: #ff0000;\">O 17.00 Msza \u015bw. w intencjach zbiorowych do Bo\u017cego Mi\u0142osierdzia<\/span> oraz nabo\u017ce\u0144stwo do Bo\u017cego Mi\u0142osierdzia, za kt\u00f3re mo\u017cna zyska\u0107 odpust zupe\u0142ny. Intencje sk\u0142adamy do skarbonki pod ch\u00f3rem lub w zakrystii.<\/strong><br \/>\n<strong><span style=\"color: #ff0000;\">Po Mszy \u015bwi\u0119tej o 17.00<\/span> spotkanie formacyjne dla R\u00f3\u017c R\u00f3\u017ca\u0144cowych MB Fatimskiej i \u015aw. Jana Paw\u0142a II.<\/strong><br \/>\n<strong>W pi\u0105tek ze wzgl\u0119du na Oktaw\u0119 Wielkanocy nie obowi\u0105zuje post od potraw mi\u0119snych.<\/strong><\/p>\n<p><strong><span style=\"color: #ff0000;\"><em><u>W sobot\u0119 (23.04.)<\/u><\/em> \u2013 o 12.00<\/span> zbi\u00f3rka dla LSO.<\/strong><br \/>\n<strong><span style=\"color: #ff0000;\">O 17.00 Msza \u015bw. w intencji Towarzystwa \u015awi\u0119tego Wojciecha<\/span> i spotkanie w salce.<\/strong><\/p>\n<p><strong><span style=\"color: #ff0000;\">W sobot\u0119 23 kwietnia w Katedrze Gnie\u017anie rozpoczyna si\u0119 Nawiedzenie Kopii Jasnog\u00f3rskiego Obrazu w Archidiecezji Gnie\u017anie\u0144skiej.<\/span> W Pako\u015bci Nawiedzenie Maryi od 1 &#8211; 2 czerwca w Parafii<\/strong><br \/>\n<strong>\u015bw. Bonawentury, <span style=\"color: #ff0000;\">2 &#8211; 3 czerwca w naszej kalwaryjskiej Parafii.<\/span><\/strong><\/p>\n<p><strong><span style=\"color: #ff0000;\"><em><u>W przysz\u0142\u0105 niedziel\u0119 (24.04.)<\/u><\/em> \u2013 \u015awi\u0119to Bo\u017cego Mi\u0142osierdzia.<\/span><\/strong><br \/>\n<strong><span style=\"color: #ff0000;\">Msze \u015bw. o 9.00, 11.00 i 15.00<\/span> &#8211; po\u0142\u0105czona z Koronk\u0105 do Bo\u017cego Mi\u0142osierdzia.<\/strong> <strong><span style=\"color: #ff0000;\">Kolekta remontowa.\u00a0\u00a0<\/span><br \/>\n<\/strong><strong>Do \u015awi\u0119ta Bo\u017cego Mi\u0142osierdzia przygotujemy si\u0119 przez <span style=\"color: #ff0000;\">Nowenn\u0119<\/span> odmawian\u0105 po Mszy \u015bw. (tekst na stronie internetowej).<br \/>\nW tym dniu patronalne \u015bwi\u0119to Caritas b\u0119dzie obchodzone jako <span style=\"color: #ff0000;\">\u201eDzie\u0144 Dobra\u201d, po\u0142\u0105czony ze zbi\u00f3rk\u0105 do puszek,<\/span> jako wsparcie dzieci z Ukrainy, kt\u00f3re przebywaj\u0105 na terenie naszej Gminy.<\/strong><\/p>\n<p><strong>Pod ch\u00f3rem do nabycia czasopismo: Przewodnik Katolicki (8 z\u0142.).<\/strong><\/p>\n<p><strong><span style=\"color: #ff0000;\">Wyra\u017camy wdzi\u0119czno\u015b\u0107<\/span> za wsp\u00f3lnie prze\u017cyty czas Wielkiego Postu: za udzia\u0142 w Mszach \u015awi\u0119tych, Gorzkich \u017balach, Drogach Krzy\u017cowych i Triduum Paschalnym, za udzia\u0142 w adoracjach w Ciemnicy i przy Bo\u017cym Grobie.\u00a0 Dzi\u0119kujemy za pomoc w przygotowaniu Liturgii Triduum Paschalnego, \u015awi\u0105t Wielkanocnych i wystroju naszego ko\u015bcio\u0142a. Dzi\u0119kujemy za ofiary na kwiaty do Grobu Pa\u0144skiego. Dzi\u0119kujemy za ka\u017cde Wasze duchowe, a tak\u017ce materialne wsparcie, poprzez ofiary z\u0142o\u017cone w ko\u015bciele i wp\u0142acone na konto naszej kalwaryjskiej Parafii. Dzi\u0119kujemy za przes\u0142ane i przekazane \u017cyczenia oraz za prezenty. Za wszelkie doznane od Was dobro wyra\u017camy serdeczne \u201eB\u00f3g zap\u0142a\u0107\u201d!<\/strong><\/p>\n<p><span style=\"color: #ff0000;\"><strong>\u017byczenia Wielkanocne<\/strong><strong>:<\/strong><\/span><strong> Niech rado\u015b\u0107 z Chrystusowego Zmartwychwstania wype\u0142nia nasze Serca i Rodziny. Zwyci\u0119stwo Jezusa nad \u015bmierci\u0105 niech prowadzi do pe\u0142ni \u017bycia, a Bo\u017ca \u0141aska niech umacnia nasz\u0105 wiar\u0119, nadziej\u0119 i mi\u0142o\u015b\u0107. Wierzymy, \u017ce Chrystusa nie ma w Grobie i \u017ce \u017cyje w\u015br\u00f3d nas. W czasie ka\u017cdej Eucharystii przychodzi do nas na o\u0142tarzu pod postaciami Chleba i Wina. Ta Dobra Nowina o zmartwychwstaniu Jezusa i o Jego obecno\u015bci w Eucharystii, niech o\u017cywi nasz\u0105 wiar\u0119 i obudzi w nas pragnienie uczestniczenia we Mszy \u015bwi\u0119tej w ka\u017cd\u0105 niedziel\u0119 i \u015bwi\u0119to. Niech Jezus Zmartwychwsta\u0142y i \u017cyj\u0105cy w Eucharystii, b\u0119dzie dla nas wezwaniem, a cz\u0119sto przyjmowana Komunia \u015bwi\u0119ta si\u0142\u0105, do dzielenia si\u0119\u00a0 Bo\u017c\u0105 Mi\u0142o\u015bci\u0105 i Bo\u017cym Pokojem w naszych Rodzinach i Wsp\u00f3lnotach.<\/strong><\/p>\n<p><strong>Z darem modlitwy Bracia Mniejsi Franciszkanie z Pako\u015bci \u2013 Kalwarii<\/strong><\/p>\n","protected":false},"excerpt":{"rendered":"<p>NIEDZIELA ZMARTWYCHWSTANIA PA\u0143SKIEGO (17.04.) O 6.00 PROCESJA REZUREKCYJNA i MSZA \u015aWI\u0118TA REZUREKCYJNA. Pozosta\u0142e Msze \u015bw. o 9.00 i 11.00. W Poniedzia\u0142ek Wielkanocny (18.04.) \u2013 II Dzie\u0144 \u015awi\u0105t Wielkanocnych. Msze \u015bw. o 9.00 i 11.00. Kolekta na Katolicki Uniwersytet Lubelski. W II Dzie\u0144 \u015awi\u0105t kalwaryjski odpust EMAUS. Rozpocz\u0119cie o 14.00 w ko\u015bciele \u015bw. Bonawentury i procesja &hellip;<\/p>\n","protected":false},"author":2,"featured_media":22560,"comment_status":"closed","ping_status":"closed","sticky":false,"template":"","format":"standard","meta":{"_mi_skip_tracking":false,"_exactmetrics_sitenote_active":false,"_exactmetrics_sitenote_note":"","_exactmetrics_sitenote_category":0},"categories":[5],"tags":[],"yoast_head":"<!-- This site is optimized with the Yoast SEO plugin v18.1 - https:\/\/yoast.com\/wordpress\/plugins\/seo\/ -->\n<title>Og\u0142oszenia duszpasterskie - Niedziela Zmartwychwstania Pa\u0144skiego - Pako\u015b\u0107 \u2013 Kalwaria<\/title>\n<meta name=\"robots\" content=\"index, follow, max-snippet:-1, max-image-preview:large, max-video-preview:-1\" \/>\n<link rel=\"canonical\" href=\"https:\/\/pakosc-kalwaria.franciszkanie.net\/index.php\/2022\/04\/16\/ogloszenia-duszpasterskie-niedziela-zmartwychwstania-panskiego-4\/\" \/>\n<meta property=\"og:locale\" content=\"pl_PL\" \/>\n<meta property=\"og:type\" content=\"article\" \/>\n<meta property=\"og:title\" content=\"Og\u0142oszenia duszpasterskie - Niedziela Zmartwychwstania Pa\u0144skiego - Pako\u015b\u0107 \u2013 Kalwaria\" \/>\n<meta property=\"og:description\" content=\"NIEDZIELA ZMARTWYCHWSTANIA PA\u0143SKIEGO (17.04.) O 6.00 PROCESJA REZUREKCYJNA i MSZA \u015aWI\u0118TA REZUREKCYJNA. Pozosta\u0142e Msze \u015bw. o 9.00 i 11.00. W Poniedzia\u0142ek Wielkanocny (18.04.) \u2013 II Dzie\u0144 \u015awi\u0105t Wielkanocnych. Msze \u015bw. o 9.00 i 11.00. Kolekta na Katolicki Uniwersytet Lubelski. W II Dzie\u0144 \u015awi\u0105t kalwaryjski odpust EMAUS. Rozpocz\u0119cie o 14.00 w ko\u015bciele \u015bw. Bonawentury i procesja &hellip;\" \/>\n<meta property=\"og:url\" content=\"https:\/\/pakosc-kalwaria.franciszkanie.net\/index.php\/2022\/04\/16\/ogloszenia-duszpasterskie-niedziela-zmartwychwstania-panskiego-4\/\" \/>\n<meta property=\"og:site_name\" content=\"Pako\u015b\u0107 \u2013 Kalwaria\" \/>\n<meta property=\"article:author\" content=\"https:\/\/www.facebook.com\/KalwariaPakosc\/\" \/>\n<meta property=\"article:published_time\" content=\"2022-04-16T07:05:07+00:00\" \/>\n<meta property=\"article:modified_time\" content=\"2022-04-15T12:33:48+00:00\" \/>\n<meta property=\"og:image\" content=\"https:\/\/pakosc-kalwaria.franciszkanie.net\/wp-content\/uploads\/2022\/04\/346169_3.jpg\" \/>\n\t<meta property=\"og:image:width\" content=\"300\" \/>\n\t<meta property=\"og:image:height\" content=\"240\" \/>\n\t<meta property=\"og:image:type\" content=\"image\/jpeg\" \/>\n<meta name=\"twitter:card\" content=\"summary\" \/>\n<meta name=\"twitter:label1\" content=\"Napisane przez\" \/>\n\t<meta name=\"twitter:data1\" content=\"pakosc-kalwaria\" \/>\n\t<meta name=\"twitter:label2\" content=\"Szacowany czas czytania\" \/>\n\t<meta name=\"twitter:data2\" content=\"3 minuty\" \/>\n<script type=\"application\/ld+json\" class=\"yoast-schema-graph\">{\"@context\":\"https:\/\/schema.org\",\"@graph\":[{\"@type\":\"WebSite\",\"@id\":\"https:\/\/pakosc-kalwaria.franciszkanie.net\/#website\",\"url\":\"https:\/\/pakosc-kalwaria.franciszkanie.net\/\",\"name\":\"Pako\u015b\u0107 \u2013 Kalwaria\",\"description\":\"Parafia Rzymsko \u2013 Katolicka p.w. Pana Jezusa Ukrzy\u017cowanego i  Matki Bo\u017cej Bolesnej ul. Barci\u0144ska 60, 88\u2013170 Pako\u015b\u0107 \u2013 Kalwaria\",\"potentialAction\":[{\"@type\":\"SearchAction\",\"target\":{\"@type\":\"EntryPoint\",\"urlTemplate\":\"https:\/\/pakosc-kalwaria.franciszkanie.net\/?s={search_term_string}\"},\"query-input\":\"required name=search_term_string\"}],\"inLanguage\":\"pl-PL\"},{\"@type\":\"ImageObject\",\"@id\":\"https:\/\/pakosc-kalwaria.franciszkanie.net\/index.php\/2022\/04\/16\/ogloszenia-duszpasterskie-niedziela-zmartwychwstania-panskiego-4\/#primaryimage\",\"inLanguage\":\"pl-PL\",\"url\":\"https:\/\/pakosc-kalwaria.franciszkanie.net\/wp-content\/uploads\/2022\/04\/346169_3.jpg\",\"contentUrl\":\"https:\/\/pakosc-kalwaria.franciszkanie.net\/wp-content\/uploads\/2022\/04\/346169_3.jpg\",\"width\":300,\"height\":240},{\"@type\":\"WebPage\",\"@id\":\"https:\/\/pakosc-kalwaria.franciszkanie.net\/index.php\/2022\/04\/16\/ogloszenia-duszpasterskie-niedziela-zmartwychwstania-panskiego-4\/#webpage\",\"url\":\"https:\/\/pakosc-kalwaria.franciszkanie.net\/index.php\/2022\/04\/16\/ogloszenia-duszpasterskie-niedziela-zmartwychwstania-panskiego-4\/\",\"name\":\"Og\u0142oszenia duszpasterskie - Niedziela Zmartwychwstania Pa\u0144skiego - Pako\u015b\u0107 \u2013 Kalwaria\",\"isPartOf\":{\"@id\":\"https:\/\/pakosc-kalwaria.franciszkanie.net\/#website\"},\"primaryImageOfPage\":{\"@id\":\"https:\/\/pakosc-kalwaria.franciszkanie.net\/index.php\/2022\/04\/16\/ogloszenia-duszpasterskie-niedziela-zmartwychwstania-panskiego-4\/#primaryimage\"},\"datePublished\":\"2022-04-16T07:05:07+00:00\",\"dateModified\":\"2022-04-15T12:33:48+00:00\",\"author\":{\"@id\":\"https:\/\/pakosc-kalwaria.franciszkanie.net\/#\/schema\/person\/af10b943be0760709227d060eadcb2aa\"},\"breadcrumb\":{\"@id\":\"https:\/\/pakosc-kalwaria.franciszkanie.net\/index.php\/2022\/04\/16\/ogloszenia-duszpasterskie-niedziela-zmartwychwstania-panskiego-4\/#breadcrumb\"},\"inLanguage\":\"pl-PL\",\"potentialAction\":[{\"@type\":\"ReadAction\",\"target\":[\"https:\/\/pakosc-kalwaria.franciszkanie.net\/index.php\/2022\/04\/16\/ogloszenia-duszpasterskie-niedziela-zmartwychwstania-panskiego-4\/\"]}]},{\"@type\":\"BreadcrumbList\",\"@id\":\"https:\/\/pakosc-kalwaria.franciszkanie.net\/index.php\/2022\/04\/16\/ogloszenia-duszpasterskie-niedziela-zmartwychwstania-panskiego-4\/#breadcrumb\",\"itemListElement\":[{\"@type\":\"ListItem\",\"position\":1,\"name\":\"Strona g\u0142\u00f3wna\",\"item\":\"https:\/\/pakosc-kalwaria.franciszkanie.net\/\"},{\"@type\":\"ListItem\",\"position\":2,\"name\":\"Og\u0142oszenia duszpasterskie &#8211; Niedziela Zmartwychwstania Pa\u0144skiego\"}]},{\"@type\":\"Person\",\"@id\":\"https:\/\/pakosc-kalwaria.franciszkanie.net\/#\/schema\/person\/af10b943be0760709227d060eadcb2aa\",\"name\":\"pakosc-kalwaria\",\"image\":{\"@type\":\"ImageObject\",\"@id\":\"https:\/\/pakosc-kalwaria.franciszkanie.net\/#personlogo\",\"inLanguage\":\"pl-PL\",\"url\":\"https:\/\/secure.gravatar.com\/avatar\/e7049d338b55eac6a0027ff3218b8d02?s=96&d=mm&r=g\",\"contentUrl\":\"https:\/\/secure.gravatar.com\/avatar\/e7049d338b55eac6a0027ff3218b8d02?s=96&d=mm&r=g\",\"caption\":\"pakosc-kalwaria\"},\"sameAs\":[\"https:\/\/www.facebook.com\/KalwariaPakosc\/\"],\"url\":\"https:\/\/pakosc-kalwaria.franciszkanie.net\/index.php\/author\/pakosc-kalwaria\/\"}]}<\/script>\n<!-- \/ Yoast SEO plugin. -->","yoast_head_json":{"title":"Og\u0142oszenia duszpasterskie - Niedziela Zmartwychwstania Pa\u0144skiego - Pako\u015b\u0107 \u2013 Kalwaria","robots":{"index":"index","follow":"follow","max-snippet":"max-snippet:-1","max-image-preview":"max-image-preview:large","max-video-preview":"max-video-preview:-1"},"canonical":"https:\/\/pakosc-kalwaria.franciszkanie.net\/index.php\/2022\/04\/16\/ogloszenia-duszpasterskie-niedziela-zmartwychwstania-panskiego-4\/","og_locale":"pl_PL","og_type":"article","og_title":"Og\u0142oszenia duszpasterskie - Niedziela Zmartwychwstania Pa\u0144skiego - Pako\u015b\u0107 \u2013 Kalwaria","og_description":"NIEDZIELA ZMARTWYCHWSTANIA PA\u0143SKIEGO (17.04.) O 6.00 PROCESJA REZUREKCYJNA i MSZA \u015aWI\u0118TA REZUREKCYJNA. Pozosta\u0142e Msze \u015bw. o 9.00 i 11.00. W Poniedzia\u0142ek Wielkanocny (18.04.) \u2013 II Dzie\u0144 \u015awi\u0105t Wielkanocnych. Msze \u015bw. o 9.00 i 11.00. Kolekta na Katolicki Uniwersytet Lubelski. W II Dzie\u0144 \u015awi\u0105t kalwaryjski odpust EMAUS. Rozpocz\u0119cie o 14.00 w ko\u015bciele \u015bw. Bonawentury i procesja &hellip;","og_url":"https:\/\/pakosc-kalwaria.franciszkanie.net\/index.php\/2022\/04\/16\/ogloszenia-duszpasterskie-niedziela-zmartwychwstania-panskiego-4\/","og_site_name":"Pako\u015b\u0107 \u2013 Kalwaria","article_author":"https:\/\/www.facebook.com\/KalwariaPakosc\/","article_published_time":"2022-04-16T07:05:07+00:00","article_modified_time":"2022-04-15T12:33:48+00:00","og_image":[{"width":300,"height":240,"url":"https:\/\/pakosc-kalwaria.franciszkanie.net\/wp-content\/uploads\/2022\/04\/346169_3.jpg","type":"image\/jpeg"}],"twitter_card":"summary","twitter_misc":{"Napisane przez":"pakosc-kalwaria","Szacowany czas czytania":"3 minuty"},"schema":{"@context":"https:\/\/schema.org","@graph":[{"@type":"WebSite","@id":"https:\/\/pakosc-kalwaria.franciszkanie.net\/#website","url":"https:\/\/pakosc-kalwaria.franciszkanie.net\/","name":"Pako\u015b\u0107 \u2013 Kalwaria","description":"Parafia Rzymsko \u2013 Katolicka p.w. Pana Jezusa Ukrzy\u017cowanego i  Matki Bo\u017cej Bolesnej ul. Barci\u0144ska 60, 88\u2013170 Pako\u015b\u0107 \u2013 Kalwaria","potentialAction":[{"@type":"SearchAction","target":{"@type":"EntryPoint","urlTemplate":"https:\/\/pakosc-kalwaria.franciszkanie.net\/?s={search_term_string}"},"query-input":"required name=search_term_string"}],"inLanguage":"pl-PL"},{"@type":"ImageObject","@id":"https:\/\/pakosc-kalwaria.franciszkanie.net\/index.php\/2022\/04\/16\/ogloszenia-duszpasterskie-niedziela-zmartwychwstania-panskiego-4\/#primaryimage","inLanguage":"pl-PL","url":"https:\/\/pakosc-kalwaria.franciszkanie.net\/wp-content\/uploads\/2022\/04\/346169_3.jpg","contentUrl":"https:\/\/pakosc-kalwaria.franciszkanie.net\/wp-content\/uploads\/2022\/04\/346169_3.jpg","width":300,"height":240},{"@type":"WebPage","@id":"https:\/\/pakosc-kalwaria.franciszkanie.net\/index.php\/2022\/04\/16\/ogloszenia-duszpasterskie-niedziela-zmartwychwstania-panskiego-4\/#webpage","url":"https:\/\/pakosc-kalwaria.franciszkanie.net\/index.php\/2022\/04\/16\/ogloszenia-duszpasterskie-niedziela-zmartwychwstania-panskiego-4\/","name":"Og\u0142oszenia duszpasterskie - Niedziela Zmartwychwstania Pa\u0144skiego - Pako\u015b\u0107 \u2013 Kalwaria","isPartOf":{"@id":"https:\/\/pakosc-kalwaria.franciszkanie.net\/#website"},"primaryImageOfPage":{"@id":"https:\/\/pakosc-kalwaria.franciszkanie.net\/index.php\/2022\/04\/16\/ogloszenia-duszpasterskie-niedziela-zmartwychwstania-panskiego-4\/#primaryimage"},"datePublished":"2022-04-16T07:05:07+00:00","dateModified":"2022-04-15T12:33:48+00:00","author":{"@id":"https:\/\/pakosc-kalwaria.franciszkanie.net\/#\/schema\/person\/af10b943be0760709227d060eadcb2aa"},"breadcrumb":{"@id":"https:\/\/pakosc-kalwaria.franciszkanie.net\/index.php\/2022\/04\/16\/ogloszenia-duszpasterskie-niedziela-zmartwychwstania-panskiego-4\/#breadcrumb"},"inLanguage":"pl-PL","potentialAction":[{"@type":"ReadAction","target":["https:\/\/pakosc-kalwaria.franciszkanie.net\/index.php\/2022\/04\/16\/ogloszenia-duszpasterskie-niedziela-zmartwychwstania-panskiego-4\/"]}]},{"@type":"BreadcrumbList","@id":"https:\/\/pakosc-kalwaria.franciszkanie.net\/index.php\/2022\/04\/16\/ogloszenia-duszpasterskie-niedziela-zmartwychwstania-panskiego-4\/#breadcrumb","itemListElement":[{"@type":"ListItem","position":1,"name":"Strona g\u0142\u00f3wna","item":"https:\/\/pakosc-kalwaria.franciszkanie.net\/"},{"@type":"ListItem","position":2,"name":"Og\u0142oszenia duszpasterskie &#8211; Niedziela Zmartwychwstania Pa\u0144skiego"}]},{"@type":"Person","@id":"https:\/\/pakosc-kalwaria.franciszkanie.net\/#\/schema\/person\/af10b943be0760709227d060eadcb2aa","name":"pakosc-kalwaria","image":{"@type":"ImageObject","@id":"https:\/\/pakosc-kalwaria.franciszkanie.net\/#personlogo","inLanguage":"pl-PL","url":"https:\/\/secure.gravatar.com\/avatar\/e7049d338b55eac6a0027ff3218b8d02?s=96&d=mm&r=g","contentUrl":"https:\/\/secure.gravatar.com\/avatar\/e7049d338b55eac6a0027ff3218b8d02?s=96&d=mm&r=g","caption":"pakosc-kalwaria"},"sameAs":["https:\/\/www.facebook.com\/KalwariaPakosc\/"],"url":"https:\/\/pakosc-kalwaria.franciszkanie.net\/index.php\/author\/pakosc-kalwaria\/"}]}},"_links":{"self":[{"href":"https:\/\/pakosc-kalwaria.franciszkanie.net\/index.php\/wp-json\/wp\/v2\/posts\/22559"}],"collection":[{"href":"https:\/\/pakosc-kalwaria.franciszkanie.net\/index.php\/wp-json\/wp\/v2\/posts"}],"about":[{"href":"https:\/\/pakosc-kalwaria.franciszkanie.net\/index.php\/wp-json\/wp\/v2\/types\/post"}],"author":[{"embeddable":true,"href":"https:\/\/pakosc-kalwaria.franciszkanie.net\/index.php\/wp-json\/wp\/v2\/users\/2"}],"replies":[{"embeddable":true,"href":"https:\/\/pakosc-kalwaria.franciszkanie.net\/index.php\/wp-json\/wp\/v2\/comments?post=22559"}],"version-history":[{"count":2,"href":"https:\/\/pakosc-kalwaria.franciszkanie.net\/index.php\/wp-json\/wp\/v2\/posts\/22559\/revisions"}],"predecessor-version":[{"id":22562,"href":"https:\/\/pakosc-kalwaria.franciszkanie.net\/index.php\/wp-json\/wp\/v2\/posts\/22559\/revisions\/22562"}],"wp:featuredmedia":[{"embeddable":true,"href":"https:\/\/pakosc-kalwaria.franciszkanie.net\/index.php\/wp-json\/wp\/v2\/media\/22560"}],"wp:attachment":[{"href":"https:\/\/pakosc-kalwaria.franciszkanie.net\/index.php\/wp-json\/wp\/v2\/media?parent=22559"}],"wp:term":[{"taxonomy":"category","embeddable":true,"href":"https:\/\/pakosc-kalwaria.franciszkanie.net\/index.php\/wp-json\/wp\/v2\/categories?post=22559"},{"taxonomy":"post_tag","embeddable":true,"href":"https:\/\/pakosc-kalwaria.franciszkanie.net\/index.php\/wp-json\/wp\/v2\/tags?post=22559"}],"curies":[{"name":"wp","href":"https:\/\/api.w.org\/{rel}","templated":true}]}}