{"id":22570,"date":"2022-04-16T22:00:12","date_gmt":"2022-04-16T20:00:12","guid":{"rendered":"http:\/\/pakosc-kalwaria.franciszkanie.net\/?p=22570"},"modified":"2022-04-16T16:27:00","modified_gmt":"2022-04-16T14:27:00","slug":"do-medytacji-z-kalwaryjskiego-wzgorza-wigilia-paschalna-16-04-2022r","status":"publish","type":"post","link":"https:\/\/pakosc-kalwaria.franciszkanie.net\/index.php\/2022\/04\/16\/do-medytacji-z-kalwaryjskiego-wzgorza-wigilia-paschalna-16-04-2022r\/","title":{"rendered":"Do medytacji z kalwaryjskiego Wzg\u00f3rza \u2013 Wigilia Paschalna 16.04.2022r."},"content":{"rendered":"<p><strong><span style=\"color: #ff0000;\">Z kazania na kalwaryjskim Wzg\u00f3rzu \u2013 Wigilia Paschalna 16.04.2022r.<\/span><\/strong><\/p>\n<p><strong>Chrystus zaprasza do Nowego \u017bycia w Bogu i z Bogiem.<\/strong><br \/>\nPrze\u017cywamy Wigili\u0119 Paschaln\u0105, kt\u00f3ra jest celebracj\u0105 najwa\u017cniejszych wydarze\u0144 dotycz\u0105cych zbawienia i zarazem zwie\u0144czeniem ca\u0142ej Liturgii Ko\u015bcio\u0142a. Dlatego Ko\u015bci\u00f3\u0142 w t\u0119 szczeg\u00f3ln\u0105 Noc wzywa nas, swoje dzieci, na czuwanie i modlitw\u0119. Jednocze\u015bnie Ko\u015bci\u00f3\u0142 zapewnia, \u017ce je\u015bli tak b\u0119dziemy obchodzi\u0107 pami\u0105tk\u0119 Paschy Pana, s\u0142uchaj\u0105c s\u0142owa Bo\u017cego i sprawuj\u0105c \u015bwi\u0119te obrz\u0119dy, to mo\u017cemy mie\u0107 nadziej\u0119, \u017ce otrzymamy udzia\u0142 w zwyci\u0119stwie Chrystusa nad \u015bmierci\u0105 i razem z Nim \u017cy\u0107 b\u0119dziemy w Bogu.<br \/>\nWigilia Paschalna rozpocz\u0119\u0142a\u00a0 si\u0119 od Liturgii \u015awiat\u0142a na kt\u00f3r\u0105 z\u0142o\u017cy\u0142o si\u0119 po\u015bwi\u0119cenie ognia, zapalenie pascha\u0142u i naszych \u015bwiec, a nast\u0119pnie zosta\u0142 roz\u015bwietlony ca\u0142y ko\u015bci\u00f3\u0142. Ten moment Liturgii obrazuje nam Jezusa Chrystusa, kt\u00f3ry jako \u015awiat\u0142o\u015b\u0107 \u015bwiata pokonuje ciemno\u015bci \u015bmierci i mroki grzechu. Radosne Or\u0119dzie wielkanocne przypomnia\u0142o nam, \u017ce \u201ejest to sama noc (\u2026) b\u0142ogos\u0142awiona noc, w kt\u00f3rej si\u0119 \u0142\u0105czy niebo z ziemi\u0105, sprawy boskie ze sprawami ludzkimi\u201d. Uczestniczymy wi\u0119c i dzisiaj w tym wielkim wydarzeniu, jakim by\u0142a Pascha, czyli przej\u015bcie Jezusa ze \u015bmierci do Nowego \u017bycia.<br \/>\nNa Wigili\u0119 Paschaln\u0105 sk\u0142ada si\u0119 tak\u017ce bardziej rozbudowana Liturgia S\u0142owa. W skierowanym do nas S\u0142owie B\u00f3g przypomnia\u0142 nam w Ksi\u0119dze Rodzaju \u201e\u017ce wszystko co uczyni\u0142, by\u0142o bardzo dobre\u201d. B\u00f3g stworzy\u0142 \u015bwiat bez jakiekolwiek z\u0142a, a cz\u0142owieka stworzy\u0142 na swoje podobie\u0144stwo. Dopiero grzech wprowadzi\u0142 zam\u0119t, niszcz\u0105c pierwotny zamys\u0142 Boga Stw\u00f3rcy. Fragment z Ksi\u0119gi Wyj\u015bcia przypomnia\u0142 nam jak to w cudowny spos\u00f3b B\u00f3g przeprowadzi\u0142 przez morze Izraelit\u00f3w. To co wyda\u0142o si\u0119 \u015bmierteln\u0105 pu\u0142apka, B\u00f3g przemieni\u0142 w drog\u0119 ocalenia, a sytuacj\u0119 po ludzku beznadziejn\u0105 uczyni\u0142 darem wolno\u015bci i wej\u015bciem do Ziemi Obiecanej. W kolejnym czytaniu z Ksi\u0119gi Izajasza us\u0142yszeli\u015bmy zapowied\u017a nowego i wiecznego Przymierza Boga z lud\u017ami, kt\u00f3re wi\u0105\u017ce si\u0119 z przebaczeniem i b\u0142ogos\u0142awie\u0144stwem ze strony Boga. Za\u015b czytanie z Ksi\u0119gi Ezechiela przypomnia\u0142o nam, \u017ce grzech jest zaprzeczeniem naszej godno\u015bci dziecka Bo\u017cego, kt\u00f3r\u0105 otrzymali\u015bmy na Chrzcie \u015bwi\u0119tym. Dlatego Jezus przyszed\u0142, aby wykupi\u0107 nas z niewoli szatana i przez swoj\u0105 Krew obmy\u0107 nas z brudu naszych grzech\u00f3w.<br \/>\nMoi Kochani! Dzisiaj z wielk\u0105 rado\u015bci\u0105 przyjmujemy prawd\u0119 o kt\u00f3rej napisa\u0142 \u015bw. Pawe\u0142 w Li\u015bcie do Rzymian: \u201eJe\u017celi umarli\u015bmy z Chrystusem, wierzymy, \u017ce z Nim r\u00f3wnie\u017c \u017cy\u0107 b\u0119dziemy\u2026 Bo to, \u017ce umar\u0142, umar\u0142 dla grzechu tylko raz, a \u017ce \u017cyje, \u017cyje dla Boga. Tak i wy rozumiejcie, \u017ce umarli\u015bcie dla grzechu, \u017cyjecie za\u015b dla Boga w Chrystusie Jezusie\u201d. To w Chrzcie \u015bw. zostali\u015bmy zanurzeni w \u015bmierci Chrystusa i razem z Nim umarli\u015bmy dla grzechu. Przez Jego za\u015b Zmartwychwstanie \u017cyjemy Jego \u017cyciem, bo jak czytamy w Dziejach Apostolskich \u201ew Nim bowiem \u017cyjemy, poruszamy si\u0119 i jeste\u015bmy\u201d.<br \/>\nKolejnym elementem Wigilii Paschalnej b\u0119dzie Liturgia Chrzcielna. Ko\u015bci\u00f3\u0142 przypomni nam wielk\u0105 warto\u015b\u0107 i moc wody chrzcielnej: \u201eBo\u017ce\u2026, niechaj ta woda przez Ducha \u015awi\u0119tego otrzyma \u0142ask\u0119 Twojego Jednorodzonego Syna, aby cz\u0142owiek stworzony na Twoje podobie\u0144stwo i przez sakrament Chrztu \u015bwi\u0119tego obmyty z wszelkich brud\u00f3w grzechu, odrodzi\u0142 si\u0119 z wody i z Ducha \u015awi\u0119tego do nowego \u017cycia dziecka Bo\u017cego\u2026, aby wszyscy przez chrzest pogrzebani razem z Chrystusem w \u015bmierci, z Nim te\u017c powstali do nowego \u017cycia\u201d. Nast\u0119pnie przepe\u0142nieni wielk\u0105 wdzi\u0119czno\u015bci\u0105 za otrzymany od Chrystusa Chrzest \u015bwi\u0119ty, odnowimy nasze Przyrzeczenia chrzcielne, by na nowo przyj\u0105\u0107 zaproszenie Chrystusa do Nowego \u017bycia z Bogiem i dla Boga. Wyrzekniemy si\u0119 te\u017c grzechu, szatana i jego spraw, by z jeszcze wi\u0119ksz\u0105 gorliwo\u015bci\u0105 i przekonaniem i\u015b\u0107 za Chrystusem we wsp\u00f3lnocie Jego Ko\u015bcio\u0142a, pod\u0105\u017caj\u0105c ku \u017cyciu wiecznemu.<br \/>\nPo odnowieniu Przyrzecze\u0144 Chrztu \u015bwi\u0119tego nast\u0105pi Liturgia Eucharystyczna. W czasie sprawowanej Mszy \u015bwi\u0119tej, spotkamy si\u0119, tak jak na ka\u017cdej Eucharystii, z \u017cywym Jezusem Chrystusem, kt\u00f3ry za nas umar\u0142 na Krzy\u017cu, dla nas zmartwychwsta\u0142 i pozosta\u0142 z nami pod postaciami Chleba i Wina. Przychodzimy w t\u0119 wyj\u0105tkow\u0105 Noc Zmartwychwstawania Pa\u0144skiego na Msz\u0119 \u015awi\u0119t\u0105, by tak jak wtedy uczniowie: ujrze\u0107 i uwierzy\u0107! Ujrze\u0107 pusty Gr\u00f3b Pana Jezusa, dostrzec Jego \u017cyw\u0105 obecno\u015b\u0107 pod postaciami Chleba i Wina i uwierzy\u0107, \u017ce przyjdzie do naszego serca w Komunii \u015bwi\u0119tej! A po zako\u0144czonej Eucharystii, zostaniemy pos\u0142ani przez Zmartwychwsta\u0142ego Jezusa do \u015bwiata i do naszych rodzin, by zanie\u015b\u0107 im t\u0119 radosn\u0105 wie\u015b\u0107, \u017ce Jezus zmartwychwsta\u0142 i naprawd\u0119 \u017cyje! Alleluja! Alleluja!<br \/>\n(o.R.)<\/p>\n","protected":false},"excerpt":{"rendered":"<p>Z kazania na kalwaryjskim Wzg\u00f3rzu \u2013 Wigilia Paschalna 16.04.2022r. Chrystus zaprasza do Nowego \u017bycia w Bogu i z Bogiem. Prze\u017cywamy Wigili\u0119 Paschaln\u0105, kt\u00f3ra jest celebracj\u0105 najwa\u017cniejszych wydarze\u0144 dotycz\u0105cych zbawienia i zarazem zwie\u0144czeniem ca\u0142ej Liturgii Ko\u015bcio\u0142a. Dlatego Ko\u015bci\u00f3\u0142 w t\u0119 szczeg\u00f3ln\u0105 Noc wzywa nas, swoje dzieci, na czuwanie i modlitw\u0119. Jednocze\u015bnie Ko\u015bci\u00f3\u0142 zapewnia, \u017ce je\u015bli tak &hellip;<\/p>\n","protected":false},"author":2,"featured_media":22571,"comment_status":"closed","ping_status":"closed","sticky":false,"template":"","format":"standard","meta":{"_mi_skip_tracking":false,"_exactmetrics_sitenote_active":false,"_exactmetrics_sitenote_note":"","_exactmetrics_sitenote_category":0},"categories":[14],"tags":[],"yoast_head":"<!-- This site is optimized with the Yoast SEO plugin v18.1 - https:\/\/yoast.com\/wordpress\/plugins\/seo\/ -->\n<title>Do medytacji z kalwaryjskiego Wzg\u00f3rza \u2013 Wigilia Paschalna 16.04.2022r. - Pako\u015b\u0107 \u2013 Kalwaria<\/title>\n<meta name=\"robots\" content=\"index, follow, max-snippet:-1, max-image-preview:large, max-video-preview:-1\" \/>\n<link rel=\"canonical\" href=\"https:\/\/pakosc-kalwaria.franciszkanie.net\/index.php\/2022\/04\/16\/do-medytacji-z-kalwaryjskiego-wzgorza-wigilia-paschalna-16-04-2022r\/\" \/>\n<meta property=\"og:locale\" content=\"pl_PL\" \/>\n<meta property=\"og:type\" content=\"article\" \/>\n<meta property=\"og:title\" content=\"Do medytacji z kalwaryjskiego Wzg\u00f3rza \u2013 Wigilia Paschalna 16.04.2022r. - Pako\u015b\u0107 \u2013 Kalwaria\" \/>\n<meta property=\"og:description\" content=\"Z kazania na kalwaryjskim Wzg\u00f3rzu \u2013 Wigilia Paschalna 16.04.2022r. Chrystus zaprasza do Nowego \u017bycia w Bogu i z Bogiem. Prze\u017cywamy Wigili\u0119 Paschaln\u0105, kt\u00f3ra jest celebracj\u0105 najwa\u017cniejszych wydarze\u0144 dotycz\u0105cych zbawienia i zarazem zwie\u0144czeniem ca\u0142ej Liturgii Ko\u015bcio\u0142a. Dlatego Ko\u015bci\u00f3\u0142 w t\u0119 szczeg\u00f3ln\u0105 Noc wzywa nas, swoje dzieci, na czuwanie i modlitw\u0119. Jednocze\u015bnie Ko\u015bci\u00f3\u0142 zapewnia, \u017ce je\u015bli tak &hellip;\" \/>\n<meta property=\"og:url\" content=\"https:\/\/pakosc-kalwaria.franciszkanie.net\/index.php\/2022\/04\/16\/do-medytacji-z-kalwaryjskiego-wzgorza-wigilia-paschalna-16-04-2022r\/\" \/>\n<meta property=\"og:site_name\" content=\"Pako\u015b\u0107 \u2013 Kalwaria\" \/>\n<meta property=\"article:author\" content=\"https:\/\/www.facebook.com\/KalwariaPakosc\/\" \/>\n<meta property=\"article:published_time\" content=\"2022-04-16T20:00:12+00:00\" \/>\n<meta property=\"article:modified_time\" content=\"2022-04-16T14:27:00+00:00\" \/>\n<meta property=\"og:image\" content=\"https:\/\/pakosc-kalwaria.franciszkanie.net\/wp-content\/uploads\/2022\/04\/P1000129-1.jpg\" \/>\n\t<meta property=\"og:image:width\" content=\"400\" \/>\n\t<meta property=\"og:image:height\" content=\"225\" \/>\n\t<meta property=\"og:image:type\" content=\"image\/jpeg\" \/>\n<meta name=\"twitter:card\" content=\"summary\" \/>\n<meta name=\"twitter:label1\" content=\"Napisane przez\" \/>\n\t<meta name=\"twitter:data1\" content=\"pakosc-kalwaria\" \/>\n\t<meta name=\"twitter:label2\" content=\"Szacowany czas czytania\" \/>\n\t<meta name=\"twitter:data2\" content=\"4 minuty\" \/>\n<script type=\"application\/ld+json\" class=\"yoast-schema-graph\">{\"@context\":\"https:\/\/schema.org\",\"@graph\":[{\"@type\":\"WebSite\",\"@id\":\"https:\/\/pakosc-kalwaria.franciszkanie.net\/#website\",\"url\":\"https:\/\/pakosc-kalwaria.franciszkanie.net\/\",\"name\":\"Pako\u015b\u0107 \u2013 Kalwaria\",\"description\":\"Parafia Rzymsko \u2013 Katolicka p.w. Pana Jezusa Ukrzy\u017cowanego i  Matki Bo\u017cej Bolesnej ul. Barci\u0144ska 60, 88\u2013170 Pako\u015b\u0107 \u2013 Kalwaria\",\"potentialAction\":[{\"@type\":\"SearchAction\",\"target\":{\"@type\":\"EntryPoint\",\"urlTemplate\":\"https:\/\/pakosc-kalwaria.franciszkanie.net\/?s={search_term_string}\"},\"query-input\":\"required name=search_term_string\"}],\"inLanguage\":\"pl-PL\"},{\"@type\":\"ImageObject\",\"@id\":\"https:\/\/pakosc-kalwaria.franciszkanie.net\/index.php\/2022\/04\/16\/do-medytacji-z-kalwaryjskiego-wzgorza-wigilia-paschalna-16-04-2022r\/#primaryimage\",\"inLanguage\":\"pl-PL\",\"url\":\"https:\/\/pakosc-kalwaria.franciszkanie.net\/wp-content\/uploads\/2022\/04\/P1000129-1.jpg\",\"contentUrl\":\"https:\/\/pakosc-kalwaria.franciszkanie.net\/wp-content\/uploads\/2022\/04\/P1000129-1.jpg\",\"width\":400,\"height\":225},{\"@type\":\"WebPage\",\"@id\":\"https:\/\/pakosc-kalwaria.franciszkanie.net\/index.php\/2022\/04\/16\/do-medytacji-z-kalwaryjskiego-wzgorza-wigilia-paschalna-16-04-2022r\/#webpage\",\"url\":\"https:\/\/pakosc-kalwaria.franciszkanie.net\/index.php\/2022\/04\/16\/do-medytacji-z-kalwaryjskiego-wzgorza-wigilia-paschalna-16-04-2022r\/\",\"name\":\"Do medytacji z kalwaryjskiego Wzg\u00f3rza \u2013 Wigilia Paschalna 16.04.2022r. - Pako\u015b\u0107 \u2013 Kalwaria\",\"isPartOf\":{\"@id\":\"https:\/\/pakosc-kalwaria.franciszkanie.net\/#website\"},\"primaryImageOfPage\":{\"@id\":\"https:\/\/pakosc-kalwaria.franciszkanie.net\/index.php\/2022\/04\/16\/do-medytacji-z-kalwaryjskiego-wzgorza-wigilia-paschalna-16-04-2022r\/#primaryimage\"},\"datePublished\":\"2022-04-16T20:00:12+00:00\",\"dateModified\":\"2022-04-16T14:27:00+00:00\",\"author\":{\"@id\":\"https:\/\/pakosc-kalwaria.franciszkanie.net\/#\/schema\/person\/af10b943be0760709227d060eadcb2aa\"},\"breadcrumb\":{\"@id\":\"https:\/\/pakosc-kalwaria.franciszkanie.net\/index.php\/2022\/04\/16\/do-medytacji-z-kalwaryjskiego-wzgorza-wigilia-paschalna-16-04-2022r\/#breadcrumb\"},\"inLanguage\":\"pl-PL\",\"potentialAction\":[{\"@type\":\"ReadAction\",\"target\":[\"https:\/\/pakosc-kalwaria.franciszkanie.net\/index.php\/2022\/04\/16\/do-medytacji-z-kalwaryjskiego-wzgorza-wigilia-paschalna-16-04-2022r\/\"]}]},{\"@type\":\"BreadcrumbList\",\"@id\":\"https:\/\/pakosc-kalwaria.franciszkanie.net\/index.php\/2022\/04\/16\/do-medytacji-z-kalwaryjskiego-wzgorza-wigilia-paschalna-16-04-2022r\/#breadcrumb\",\"itemListElement\":[{\"@type\":\"ListItem\",\"position\":1,\"name\":\"Strona g\u0142\u00f3wna\",\"item\":\"https:\/\/pakosc-kalwaria.franciszkanie.net\/\"},{\"@type\":\"ListItem\",\"position\":2,\"name\":\"Do medytacji z kalwaryjskiego Wzg\u00f3rza \u2013 Wigilia Paschalna 16.04.2022r.\"}]},{\"@type\":\"Person\",\"@id\":\"https:\/\/pakosc-kalwaria.franciszkanie.net\/#\/schema\/person\/af10b943be0760709227d060eadcb2aa\",\"name\":\"pakosc-kalwaria\",\"image\":{\"@type\":\"ImageObject\",\"@id\":\"https:\/\/pakosc-kalwaria.franciszkanie.net\/#personlogo\",\"inLanguage\":\"pl-PL\",\"url\":\"https:\/\/secure.gravatar.com\/avatar\/e7049d338b55eac6a0027ff3218b8d02?s=96&d=mm&r=g\",\"contentUrl\":\"https:\/\/secure.gravatar.com\/avatar\/e7049d338b55eac6a0027ff3218b8d02?s=96&d=mm&r=g\",\"caption\":\"pakosc-kalwaria\"},\"sameAs\":[\"https:\/\/www.facebook.com\/KalwariaPakosc\/\"],\"url\":\"https:\/\/pakosc-kalwaria.franciszkanie.net\/index.php\/author\/pakosc-kalwaria\/\"}]}<\/script>\n<!-- \/ Yoast SEO plugin. -->","yoast_head_json":{"title":"Do medytacji z kalwaryjskiego Wzg\u00f3rza \u2013 Wigilia Paschalna 16.04.2022r. - Pako\u015b\u0107 \u2013 Kalwaria","robots":{"index":"index","follow":"follow","max-snippet":"max-snippet:-1","max-image-preview":"max-image-preview:large","max-video-preview":"max-video-preview:-1"},"canonical":"https:\/\/pakosc-kalwaria.franciszkanie.net\/index.php\/2022\/04\/16\/do-medytacji-z-kalwaryjskiego-wzgorza-wigilia-paschalna-16-04-2022r\/","og_locale":"pl_PL","og_type":"article","og_title":"Do medytacji z kalwaryjskiego Wzg\u00f3rza \u2013 Wigilia Paschalna 16.04.2022r. - Pako\u015b\u0107 \u2013 Kalwaria","og_description":"Z kazania na kalwaryjskim Wzg\u00f3rzu \u2013 Wigilia Paschalna 16.04.2022r. Chrystus zaprasza do Nowego \u017bycia w Bogu i z Bogiem. Prze\u017cywamy Wigili\u0119 Paschaln\u0105, kt\u00f3ra jest celebracj\u0105 najwa\u017cniejszych wydarze\u0144 dotycz\u0105cych zbawienia i zarazem zwie\u0144czeniem ca\u0142ej Liturgii Ko\u015bcio\u0142a. Dlatego Ko\u015bci\u00f3\u0142 w t\u0119 szczeg\u00f3ln\u0105 Noc wzywa nas, swoje dzieci, na czuwanie i modlitw\u0119. Jednocze\u015bnie Ko\u015bci\u00f3\u0142 zapewnia, \u017ce je\u015bli tak &hellip;","og_url":"https:\/\/pakosc-kalwaria.franciszkanie.net\/index.php\/2022\/04\/16\/do-medytacji-z-kalwaryjskiego-wzgorza-wigilia-paschalna-16-04-2022r\/","og_site_name":"Pako\u015b\u0107 \u2013 Kalwaria","article_author":"https:\/\/www.facebook.com\/KalwariaPakosc\/","article_published_time":"2022-04-16T20:00:12+00:00","article_modified_time":"2022-04-16T14:27:00+00:00","og_image":[{"width":400,"height":225,"url":"https:\/\/pakosc-kalwaria.franciszkanie.net\/wp-content\/uploads\/2022\/04\/P1000129-1.jpg","type":"image\/jpeg"}],"twitter_card":"summary","twitter_misc":{"Napisane przez":"pakosc-kalwaria","Szacowany czas czytania":"4 minuty"},"schema":{"@context":"https:\/\/schema.org","@graph":[{"@type":"WebSite","@id":"https:\/\/pakosc-kalwaria.franciszkanie.net\/#website","url":"https:\/\/pakosc-kalwaria.franciszkanie.net\/","name":"Pako\u015b\u0107 \u2013 Kalwaria","description":"Parafia Rzymsko \u2013 Katolicka p.w. Pana Jezusa Ukrzy\u017cowanego i  Matki Bo\u017cej Bolesnej ul. Barci\u0144ska 60, 88\u2013170 Pako\u015b\u0107 \u2013 Kalwaria","potentialAction":[{"@type":"SearchAction","target":{"@type":"EntryPoint","urlTemplate":"https:\/\/pakosc-kalwaria.franciszkanie.net\/?s={search_term_string}"},"query-input":"required name=search_term_string"}],"inLanguage":"pl-PL"},{"@type":"ImageObject","@id":"https:\/\/pakosc-kalwaria.franciszkanie.net\/index.php\/2022\/04\/16\/do-medytacji-z-kalwaryjskiego-wzgorza-wigilia-paschalna-16-04-2022r\/#primaryimage","inLanguage":"pl-PL","url":"https:\/\/pakosc-kalwaria.franciszkanie.net\/wp-content\/uploads\/2022\/04\/P1000129-1.jpg","contentUrl":"https:\/\/pakosc-kalwaria.franciszkanie.net\/wp-content\/uploads\/2022\/04\/P1000129-1.jpg","width":400,"height":225},{"@type":"WebPage","@id":"https:\/\/pakosc-kalwaria.franciszkanie.net\/index.php\/2022\/04\/16\/do-medytacji-z-kalwaryjskiego-wzgorza-wigilia-paschalna-16-04-2022r\/#webpage","url":"https:\/\/pakosc-kalwaria.franciszkanie.net\/index.php\/2022\/04\/16\/do-medytacji-z-kalwaryjskiego-wzgorza-wigilia-paschalna-16-04-2022r\/","name":"Do medytacji z kalwaryjskiego Wzg\u00f3rza \u2013 Wigilia Paschalna 16.04.2022r. - Pako\u015b\u0107 \u2013 Kalwaria","isPartOf":{"@id":"https:\/\/pakosc-kalwaria.franciszkanie.net\/#website"},"primaryImageOfPage":{"@id":"https:\/\/pakosc-kalwaria.franciszkanie.net\/index.php\/2022\/04\/16\/do-medytacji-z-kalwaryjskiego-wzgorza-wigilia-paschalna-16-04-2022r\/#primaryimage"},"datePublished":"2022-04-16T20:00:12+00:00","dateModified":"2022-04-16T14:27:00+00:00","author":{"@id":"https:\/\/pakosc-kalwaria.franciszkanie.net\/#\/schema\/person\/af10b943be0760709227d060eadcb2aa"},"breadcrumb":{"@id":"https:\/\/pakosc-kalwaria.franciszkanie.net\/index.php\/2022\/04\/16\/do-medytacji-z-kalwaryjskiego-wzgorza-wigilia-paschalna-16-04-2022r\/#breadcrumb"},"inLanguage":"pl-PL","potentialAction":[{"@type":"ReadAction","target":["https:\/\/pakosc-kalwaria.franciszkanie.net\/index.php\/2022\/04\/16\/do-medytacji-z-kalwaryjskiego-wzgorza-wigilia-paschalna-16-04-2022r\/"]}]},{"@type":"BreadcrumbList","@id":"https:\/\/pakosc-kalwaria.franciszkanie.net\/index.php\/2022\/04\/16\/do-medytacji-z-kalwaryjskiego-wzgorza-wigilia-paschalna-16-04-2022r\/#breadcrumb","itemListElement":[{"@type":"ListItem","position":1,"name":"Strona g\u0142\u00f3wna","item":"https:\/\/pakosc-kalwaria.franciszkanie.net\/"},{"@type":"ListItem","position":2,"name":"Do medytacji z kalwaryjskiego Wzg\u00f3rza \u2013 Wigilia Paschalna 16.04.2022r."}]},{"@type":"Person","@id":"https:\/\/pakosc-kalwaria.franciszkanie.net\/#\/schema\/person\/af10b943be0760709227d060eadcb2aa","name":"pakosc-kalwaria","image":{"@type":"ImageObject","@id":"https:\/\/pakosc-kalwaria.franciszkanie.net\/#personlogo","inLanguage":"pl-PL","url":"https:\/\/secure.gravatar.com\/avatar\/e7049d338b55eac6a0027ff3218b8d02?s=96&d=mm&r=g","contentUrl":"https:\/\/secure.gravatar.com\/avatar\/e7049d338b55eac6a0027ff3218b8d02?s=96&d=mm&r=g","caption":"pakosc-kalwaria"},"sameAs":["https:\/\/www.facebook.com\/KalwariaPakosc\/"],"url":"https:\/\/pakosc-kalwaria.franciszkanie.net\/index.php\/author\/pakosc-kalwaria\/"}]}},"_links":{"self":[{"href":"https:\/\/pakosc-kalwaria.franciszkanie.net\/index.php\/wp-json\/wp\/v2\/posts\/22570"}],"collection":[{"href":"https:\/\/pakosc-kalwaria.franciszkanie.net\/index.php\/wp-json\/wp\/v2\/posts"}],"about":[{"href":"https:\/\/pakosc-kalwaria.franciszkanie.net\/index.php\/wp-json\/wp\/v2\/types\/post"}],"author":[{"embeddable":true,"href":"https:\/\/pakosc-kalwaria.franciszkanie.net\/index.php\/wp-json\/wp\/v2\/users\/2"}],"replies":[{"embeddable":true,"href":"https:\/\/pakosc-kalwaria.franciszkanie.net\/index.php\/wp-json\/wp\/v2\/comments?post=22570"}],"version-history":[{"count":3,"href":"https:\/\/pakosc-kalwaria.franciszkanie.net\/index.php\/wp-json\/wp\/v2\/posts\/22570\/revisions"}],"predecessor-version":[{"id":22574,"href":"https:\/\/pakosc-kalwaria.franciszkanie.net\/index.php\/wp-json\/wp\/v2\/posts\/22570\/revisions\/22574"}],"wp:featuredmedia":[{"embeddable":true,"href":"https:\/\/pakosc-kalwaria.franciszkanie.net\/index.php\/wp-json\/wp\/v2\/media\/22571"}],"wp:attachment":[{"href":"https:\/\/pakosc-kalwaria.franciszkanie.net\/index.php\/wp-json\/wp\/v2\/media?parent=22570"}],"wp:term":[{"taxonomy":"category","embeddable":true,"href":"https:\/\/pakosc-kalwaria.franciszkanie.net\/index.php\/wp-json\/wp\/v2\/categories?post=22570"},{"taxonomy":"post_tag","embeddable":true,"href":"https:\/\/pakosc-kalwaria.franciszkanie.net\/index.php\/wp-json\/wp\/v2\/tags?post=22570"}],"curies":[{"name":"wp","href":"https:\/\/api.w.org\/{rel}","templated":true}]}}