{"id":22575,"date":"2022-04-14T11:00:36","date_gmt":"2022-04-14T09:00:36","guid":{"rendered":"http:\/\/pakosc-kalwaria.franciszkanie.net\/?p=22575"},"modified":"2022-04-20T20:21:30","modified_gmt":"2022-04-20T18:21:30","slug":"triduum-paschalne-i-oktawa-wielkiej-nocy-2","status":"publish","type":"post","link":"https:\/\/pakosc-kalwaria.franciszkanie.net\/index.php\/2022\/04\/14\/triduum-paschalne-i-oktawa-wielkiej-nocy-2\/","title":{"rendered":"Triduum Paschalne i Oktawa Wielkiej Nocy"},"content":{"rendered":"<div class=\"entry-content\">\n<div class=\"entry-content\">\n<div class=\"entry-content\">\n<div class=\"post_content\">\n<p><strong>Od Wielkiego Czwartku Ko\u015bci\u00f3\u0142 rozpoczyna uroczyste obchody <span style=\"color: #ff0000;\">TRIDUUM PASCHALNEGO,<\/span> w czasie kt\u00f3rego wspomina M\u0119k\u0119, \u015amier\u0107 i Zmartwychwstanie Jezusa Chrystusa.<br \/>\n<\/strong><\/p>\n<p><strong><span style=\"color: #ff0000;\">WIELKI CZWARTEK<\/span><br \/>\n<\/strong>W Wielki Czwartek liturgia uobecnia Ostatni\u0105 Wieczerz\u0119, ustanowienie przez Jezusa sakrament\u00f3w Eucharystii oraz Kap\u0142a\u0144stwa.<\/p>\n<p>Wielki Czwartek jest szczeg\u00f3lnym \u015bwi\u0119tem kap\u0142an\u00f3w. W tym dniu, jeszcze przed \u00a0rozpocz\u0119ciem Triduum Paschalnego, we wszystkich ko\u015bcio\u0142ach katedralnych biskup diecezjalny wraz z kap\u0142anami odprawia <strong>MSZ\u0118 \u015aWI\u0118T\u0104 KRZY\u017bMA .<\/strong> Podczas niej biskup \u015bwi\u0119ci oleje (chorych i krzy\u017cmo), kt\u00f3re przez ca\u0142y rok s\u0142u\u017c\u0105 przy udzielaniu sakrament\u00f3w chrztu, \u015bwi\u0119ce\u0144 kap\u0142a\u0144skich, namaszczenia chorych. Kap\u0142ani koncelebruj\u0105cy ze swoim biskupem odnawiaj\u0105 przyrzeczenia kap\u0142a\u0144skie. Msza Krzy\u017cma jest wyrazem jedno\u015bci i wsp\u00f3lnoty duchowie\u0144stwa diecezji. <strong><br \/>\n<\/strong><\/p>\n<p>Wieczorem w ko\u015bcio\u0142ach parafialnych i zakonnych MSZ\u0104 <strong>\u015aWI\u0118T\u0104 WIECZERZY PA\u0143SKIEJ<\/strong> \u00a0rozpoczyna si\u0119 Triduum Paschalne. Msza \u015bw. ma charakter bardzo uroczysty. Jest dzi\u0119kczynieniem za ustanowienie <strong>EUCHARYSTII<\/strong>\u00a0 oraz <strong>KAP\u0141A\u0143STWA<\/strong>.<strong> Ze wzgl\u0119du na epidemi\u0119 Msza \u015bw. Wieczerzy Pa\u0144skiej zostanie odprawiona bez udzia\u0142u wiernych. <\/strong>Ostania Wieczerza, kt\u00f3r\u0105 Jezus spo\u017cywa\u0142 z aposto\u0142ami, by\u0142a tradycyjn\u0105 uczt\u0105 paschaln\u0105, przypominaj\u0105c\u0105 wyj\u015bcie Izraelit\u00f3w z niewoli egipskiej. Wszystkie gesty i s\u0142owa Jezusa, b\u0142ogos\u0142awie\u0144stwo chleba i wina nawi\u0105zuj\u0105 do \u017cydowskiej tradycji.<\/p>\n<p>Jednak Chrystus nada\u0142 tej uczcie nowy sens. M\u00f3wi\u0105c, \u017ce po\u015bwi\u0119cony chleb jest Jego Cia\u0142em, a wino Krwi\u0105, ustanowi\u0142 Eucharysti\u0119. R\u00f3wnocze\u015bnie nakaza\u0142 aposto\u0142om: \u201eTo czy\u0144cie na Moj\u0105 pami\u0105tk\u0119\u201d. Tradycja upatruje w tych s\u0142owach ustanowienie Kap\u0142a\u0144stwa, szczeg\u00f3lne w\u0142\u0105czenie aposto\u0142\u00f3w i ich nast\u0119pc\u00f3w w jedyne kap\u0142a\u0144stwo Chrystusa.<\/p>\n<p>W liturgii podczas \u015bpiewu hymnu <strong>\u201eChwa\u0142a na wysoko\u015bci Bogu\u201d,<\/strong> kt\u00f3rego nie by\u0142o przez ca\u0142y Wielki Post, bij\u0105 dzwony. Po homilii ma miejsce obrz\u0119d umywania n\u00f3g. G\u0142\u00f3wny celebrans umywa i ca\u0142uje stopy wybranym m\u0119\u017cczyznom. Przypomina to gest Chrystusa i wyra\u017ca prawd\u0119, \u017ce Ko\u015bci\u00f3\u0142, tak jak Chrystus, jest nie po to, \u017ceby mu s\u0142u\u017cono, lecz aby s\u0142u\u017cy\u0107. <strong>Ze wzgl\u0119du na epidemi\u0119 nie b\u0119dzie umywania n\u00f3g.\u00a0 <\/strong><\/p>\n<p>Po zako\u0144czeniu Mszy \u015bw. opr\u00f3\u017cnia si\u0119 <strong>tabernakulum<\/strong>, w kt\u00f3rym przez ca\u0142y rok przechowywany jest Naj\u015bwi\u0119tszy Sakrament. Odt\u0105d a\u017c do Nocy Zmartwychwstania pozostaje ono puste. <strong><br \/>\n<\/strong><\/p>\n<p>Po Mszy \u015bw. rusza procesja do tzw. <strong>CIEMNICY<\/strong>. <strong>Tam rozpoczyna si\u0119 adoracja Naj\u015bwi\u0119tszego Sakramentu, kt\u00f3ra trwa tak\u017ce w Wielki Pi\u0105tek, a\u017c do rozpocz\u0119cia Liturgii na cze\u015b\u0107 M\u0119ki Pa\u0144skiej. <\/strong>Wymownym znakiem odej\u015bcia Jezusa, kt\u00f3ry po Ostatniej Wieczerzy zosta\u0142 pojmany, jest ogo\u0142ocenie centralnego miejsca \u015bwi\u0105tyni, czyli o\u0142tarza. A\u017c do Wigilii Paschalnej o\u0142tarz pozostaje bez obrusu, \u015bwiec i wszelkich ozd\u00f3b.<strong><br \/>\n<\/strong><\/p>\n<p><strong><br \/>\n<span style=\"color: #ff0000;\">WIELKI PI\u0104TEK<\/span><br \/>\n<\/strong>Wielki Pi\u0105tek to <strong>DZIE\u0143 KRZY\u017bA<\/strong> <strong>\u015aWI\u0118TEGO<\/strong>. Po po\u0142udniu odprawiana jest niepowtarzalna wielkopi\u0105tkowa <strong>LITURGIA M\u0118KI\u00a0 PA\u0143SKIEJ. <\/strong>Celebrans i asysta wchodz\u0105 w ciszy. Przed o\u0142tarzem przez chwil\u0119 le\u017c\u0105 krzy\u017cem, a po modlitwie wst\u0119pnej czytane jest proroctwo o Cierpi\u0105cym S\u0142udze Jahwe i fragment Listu do Hebrajczyk\u00f3w. Nast\u0119pnie czyta si\u0119 lub \u015bpiewa, zwykle z podzia\u0142em na role, opis M\u0119ki Pa\u0144skiej wed\u0142ug \u015bw. Jana.<\/p>\n<p>Po homilii w bardzo uroczystej <strong>MODLITWIE WSTAWIENNICZEJ<\/strong> \u00a0Ko\u015bci\u00f3\u0142 poleca Bogu siebie i ca\u0142y \u015bwiat, wyra\u017caj\u0105c w ten spos\u00f3b pragnienie samego Chrystusa: aby wszyscy byli zbawieni. <strong>W tym roku ze wzgl\u0119du na epidemi\u0119 b\u0119dzie do\u0142\u0105czona dodatkowa modlitwa za udr\u0119czonych w okresie epidemii.<\/strong><\/p>\n<p>Centralnym wydarzeniem liturgii wielkopi\u0105tkowej jest <strong>ADORACJA KRZY\u017bA<\/strong>. Zas\u0142oni\u0119ty fioletowym suknem Krzy\u017c wnosi si\u0119 przed o\u0142tarz. Celebrans stopniowo ods\u0142ania ramiona Krzy\u017ca i \u015bpiewa trzykrotnie: <strong>\u201eOto drzewo Krzy\u017ca, na kt\u00f3rym zawis\u0142o zbawienie \u015bwiata\u201d,<\/strong> na co wierni odpowiadaj\u0105<strong>: \u201eP\u00f3jd\u017amy z pok\u0142onem\u201d.<\/strong><br \/>\nPo liturgii Krzy\u017c zostaje w widocznym i dost\u0119pnym miejscu, tak by ka\u017cdy wierny m\u00f3g\u0142 go adorowa\u0107. Jest on a\u017c do Wigilii Paschalnej najwa\u017cniejszym punktem w ko\u015bciele. Przykl\u0119ka si\u0119 przed nim, tak, jak normalnie przykl\u0119ka si\u0119 przed Naj\u015bwi\u0119tszym Sakramentem. <strong>Ze wzgl\u0119du na epidemi\u0119 adoracja odb\u0119dzie si\u0119 w formie pok\u0142onu przed Krzy\u017cem. <\/strong><br \/>\nPo adoracji Krzy\u017ca z ciemnicy przynosi si\u0119 Naj\u015bwi\u0119tszy Sakrament i wiernym udziela si\u0119 Komunii.<\/p>\n<p>Ostatni\u0105 cz\u0119\u015bci\u0105 liturgii Wielkiego Pi\u0105tku jest <strong>PROCESJA DO GROBU PA\u0143SKIEGO<\/strong>. Na o\u0142tarzu umieszczonym przy Grobie lub na specjalnym tronie <strong>wystawia si\u0119 Naj\u015bwi\u0119tszy Sakrament w monstrancji okrytej bia\u0142ym przejrzystym welonem <\/strong>\u2013 symbolem ca\u0142unu, w kt\u00f3ry owini\u0119to cia\u0142o zmar\u0142ego Chrystusa. Ca\u0142y wystr\u00f3j tej kaplicy ma kierowa\u0107 uwag\u0119 na Cia\u0142o Pa\u0144skie. W niekt\u00f3rych ko\u015bcio\u0142ach przez ca\u0142\u0105 noc trwa adoracja.<\/p>\n<p>W Wielki Pi\u0105tek odprawiane s\u0105 tak\u017ce <strong>nabo\u017ce\u0144stwa DROGI KRZY\u017bOWEJ.<br \/>\n<\/strong><\/p>\n<p><strong><br \/>\n<span style=\"color: #ff0000;\">WIELKA SOBOTA<\/span><br \/>\n<\/strong><strong>W Wielk\u0105 Sobot\u0119 trwa adoracja Naj\u015bwi\u0119tszego Sakramentu przy Grobie Pa\u0144skim.<\/strong><\/p>\n<p>Wielka Sobota jest dniem ciszy i oczekiwania. Dla uczni\u00f3w Jezusa by\u0142 to dzie\u0144 najwi\u0119kszej pr\u00f3by. Wed\u0142ug Tradycji aposto\u0142owie rozpierzchli si\u0119 po \u015bmierci Jezusa, a jedyn\u0105 osob\u0105, kt\u00f3ra wytrwa\u0142a w wierze, by\u0142a Maryja Matka Jezusa. Dlatego te\u017c ka\u017cda sobota jest w Ko\u015bciele dniem maryjnym.<\/p>\n<p>Po \u015bmierci krzy\u017cowej i z\u0142o\u017ceniu do grobu wspomina si\u0119 zst\u0105pienie Jezusa do otch\u0142ani. Wiele staro\u017cytnych tekst\u00f3w opisuje Chrystusa, kt\u00f3ry \u201ebudzi\u201d ze snu \u015bmierci do nowego \u017cycia.<\/p>\n<p>Tradycj\u0105 Wielkiej Soboty jest <strong>po\u015bwi\u0119cenie pokarm\u00f3w wielkanocnych<\/strong>: <strong>chleba<\/strong> \u2013 na pami\u0105tk\u0119 tego, kt\u00f3rym Jezus nakarmi\u0142 t\u0142umy na pustyni; <strong>mi\u0119sa<\/strong> \u2013 na pami\u0105tk\u0119 baranka paschalnego, kt\u00f3rego spo\u017cywa\u0142 Jezus podczas uczty paschalnej z uczniami w Wieczerniku oraz <strong>jajek<\/strong>, kt\u00f3re symbolizuj\u0105 nowe \u017cycie. <strong><br \/>\n<\/strong><\/p>\n<p><strong>Wielki Pi\u0105tek i Wielka Sobota to jedyny czas w ci\u0105gu roku, kiedy Ko\u015bci\u00f3\u0142 nie sprawuje Mszy \u015bwi\u0119tej.<\/strong><\/p>\n<p><strong><br \/>\n<span style=\"color: #ff0000;\">WIGILIA PASCHALNA<\/span><br \/>\n<\/strong><strong>WIELKANOC rozpoczyna si\u0119 ju\u017c w sobot\u0119 po zachodzie s\u0142o\u0144ca.<\/strong> Rozpoczyna j\u0105 <strong>LITURGIA<\/strong> <strong>\u015aWIAT\u0141A.<\/strong> Na zewn\u0105trz ko\u015bcio\u0142a kap\u0142an \u015bwi\u0119ci ogie\u0144, od kt\u00f3rego nast\u0119pnie zapala si\u0119 <strong>Pascha\u0142 \u2013<\/strong> wielk\u0105 woskow\u0105 \u015bwiec\u0119, kt\u00f3ra symbolizuje zmartwychwsta\u0142ego Chrystusa. Na paschale kap\u0142an \u017c\u0142obi znak krzy\u017ca, wypowiadaj\u0105c s\u0142owa: \u201eChrystus <strong>wczoraj i dzi\u015b, pocz\u0105tek i koniec, Alfa i Omega. Do Niego nale\u017cy czas i wieczno\u015b\u0107, Jemu chwa\u0142a i panowanie przez wszystkie wieki wiek\u00f3w. Amen\u201d.<\/strong> Umieszcza si\u0119 tam r\u00f3wnie\u017c pi\u0119\u0107 ozdobnych czerwonych gwo\u017adzi, symbolizuj\u0105cych rany Chrystusa oraz aktualn\u0105 dat\u0119.<\/p>\n<p>Nast\u0119pnie Pascha\u0142 wnosi si\u0119 do okrytej mrokiem \u015bwi\u0105tyni, a wierni zapalaj\u0105 od niego swoje \u015bwiece, przekazuj\u0105c sobie wzajemnie \u015bwiat\u0142o. Niezwykle wymowny jest widok rozszerzaj\u0105cej si\u0119 jasno\u015bci, kt\u00f3ra w ko\u0144cu wype\u0142nia ca\u0142y ko\u015bci\u00f3\u0142. Zwie\u0144czeniem obrz\u0119du \u015bwiat\u0142a jest uroczysta pie\u015b\u0144 (Pochwa\u0142a Pascha\u0142u) \u2013 <strong>EXULTET<\/strong>, kt\u00f3ra zaczyna si\u0119 od s\u0142\u00f3w: \u201e<strong>Weselcie si\u0119 ju\u017c zast\u0119py Anio\u0142\u00f3w w niebie! Weselcie si\u0119 s\u0142udzy Boga! Niech zabrzmi\u0105 dzwony g\u0142osz\u0105ce zbawienie, gdy Kr\u00f3l tak wielki odnosi zwyci\u0119stwo!\u201d.<\/strong><\/p>\n<p><strong>Dalsza cz\u0119\u015b\u0107 liturgii paschalnej to czytania przeplatane psalmami.<\/strong> Przypominaj\u0105 one ca\u0142\u0105 histori\u0119 zbawienia, poczynaj\u0105c od stworzenia \u015bwiata, przez wyj\u015bcie Izraelit\u00f3w z niewoli egipskiej, proroctwa zapowiadaj\u0105ce Mesjasza a\u017c do Ewangelii o Zmartwychwstaniu Jezusa. <strong>Tej nocy powraca uroczysty \u015bpiew \u201eAlleluja\u201d.<\/strong><br \/>\nCelebrans dokonuje tak\u017ce <strong>po\u015bwi\u0119cenia wody<\/strong>, kt\u00f3ra przez ca\u0142y rok b\u0119dzie s\u0142u\u017cy\u0142a przede wszystkim do udzielania Chrztu \u015bwi\u0119tego. Czasami, na wz\u00f3r pierwotnych wsp\u00f3lnot chrze\u015bcija\u0144skich, w noc paschaln\u0105 udziela si\u0119 Chrztu \u015awi\u0119tego katechumen\u00f3w, udzielaj\u0105c im zarazem Bierzmowania i Pierwszej Komunii \u015bw. Wszyscy wierni odnawiaj\u0105 swoje <strong>przyrzeczenia chrzcielne<\/strong> wyrzekaj\u0105c si\u0119 grzechu, szatana i wszystkiego, co prowadzi do z\u0142a oraz wyznaj\u0105c wiar\u0119 w Boga Ojca, Syna i Ducha \u015awi\u0119tego.<\/p>\n<p><strong>Wigilia Paschalna ko\u0144czy si\u0119 EUCHARYSTI\u0104 <\/strong>oraz w niekt\u00f3rych parafiach procesj\u0105 rezurekcyjn\u0105, by oznajmi\u0107, \u017ce Chrystus zmartwychwsta\u0142 i zwyci\u0119\u017cy\u0142 \u015bmier\u0107. Zgodnie z dawn\u0105 tradycj\u0105 w wielu miejscach w Polsce<strong> PROCESJA REZUREKCYJNA \u00a0<\/strong>nie odbywa si\u0119 w Noc Zmartwychwstania, ale o \u015bwicie w niedzielny poranek. <strong><br \/>\n<\/strong><\/p>\n<p><strong>NOC PASCHALNA oraz NIEDZIELA WIELKANOCNA to najwi\u0119ksze \u015bwi\u0119to chrze\u015bcija\u0144skie, to w\u0142a\u015bnie \u00f3w pierwszy dzie\u0144 tygodnia, uroczy\u015bcie obchodzony w ka\u017cd\u0105 niedziel\u0119 przez ca\u0142y rok.<\/strong><\/p>\n<p><strong><span style=\"color: #ff0000;\">OKTAWA WIELKIEJ NOCY<\/span><br \/>\n<\/strong><strong>Ko\u015bci\u00f3\u0142 obchodzi tak\u017ce Oktaw\u0119 Wielkiej Nocy \u2013 czyli przez osiem dni bez przerwy wci\u0105\u017c powtarza si\u0119 t\u0119 sam\u0105 prawd\u0119, \u017ce CHRYSTUS\u00a0 ZMARTWYCHWSTA\u0141.<\/strong><\/p>\n<p><strong>Oktawa Wielkanocy jest najwa\u017cniejsz\u0105 spo\u015br\u00f3d oktaw ca\u0142ego roku liturgicznego. Ka\u017cdy jej dzie\u0144 jest obchodzony w randze uroczysto\u015bci, dlatego Oktawa ta znosi wszelkie posty (tak\u017ce pi\u0105tkowy \u2013 wstrzemi\u0119\u017aliwo\u015b\u0107 od pokarm\u00f3w mi\u0119snych). Rado\u015b\u0107, kt\u00f3ra wybucha w Ko\u015bciele z racji tego, \u017ce Chrystus zmartwychwsta\u0142, jest tak wielka, \u017ce Ko\u015bci\u00f3\u0142 przed\u0142u\u017ca j\u0105 na ca\u0142y tydzie\u0144. Oktawa Zmartwychwstania jest obchodzona ju\u017c od III wieku, jest najwa\u017cniejsz\u0105, a jednocze\u015bnie najstarsz\u0105 oktaw\u0105 w liturgii Ko\u015bcio\u0142a.<\/strong><\/p>\n<p><strong>Ostatnim dniem Oktawy jest Bia\u0142a Niedziela, nazywana obecnie tak\u017ce Niedziel\u0105 Mi\u0142osierdzia Bo\u017cego<\/strong>. <strong>\u015aw. Jan Pawe\u0142 II ustanowi\u0142 ten dzie\u0144 \u015bwi\u0119tem Mi\u0142osierdzia Bo\u017cego, kt\u00f3rego wielk\u0105 or\u0119downiczk\u0105 by\u0142a \u015bw. Faustyna Kowalska.<\/strong><\/p>\n<\/div>\n<\/div>\n<\/div>\n<\/div>\n","protected":false},"excerpt":{"rendered":"<p>Od Wielkiego Czwartku Ko\u015bci\u00f3\u0142 rozpoczyna uroczyste obchody TRIDUUM PASCHALNEGO, w czasie kt\u00f3rego wspomina M\u0119k\u0119, \u015amier\u0107 i Zmartwychwstanie Jezusa Chrystusa. WIELKI CZWARTEK W Wielki Czwartek liturgia uobecnia Ostatni\u0105 Wieczerz\u0119, ustanowienie przez Jezusa sakrament\u00f3w Eucharystii oraz Kap\u0142a\u0144stwa. Wielki Czwartek jest szczeg\u00f3lnym \u015bwi\u0119tem kap\u0142an\u00f3w. W tym dniu, jeszcze przed \u00a0rozpocz\u0119ciem Triduum Paschalnego, we wszystkich ko\u015bcio\u0142ach katedralnych biskup diecezjalny &hellip;<\/p>\n","protected":false},"author":2,"featured_media":22576,"comment_status":"closed","ping_status":"closed","sticky":false,"template":"","format":"standard","meta":{"_mi_skip_tracking":false,"_exactmetrics_sitenote_active":false,"_exactmetrics_sitenote_note":"","_exactmetrics_sitenote_category":0},"categories":[13,14],"tags":[],"yoast_head":"<!-- This site is optimized with the Yoast SEO plugin v18.1 - https:\/\/yoast.com\/wordpress\/plugins\/seo\/ -->\n<title>Triduum Paschalne i Oktawa Wielkiej Nocy - Pako\u015b\u0107 \u2013 Kalwaria<\/title>\n<meta name=\"robots\" content=\"index, follow, max-snippet:-1, max-image-preview:large, max-video-preview:-1\" \/>\n<link rel=\"canonical\" href=\"https:\/\/pakosc-kalwaria.franciszkanie.net\/index.php\/2022\/04\/14\/triduum-paschalne-i-oktawa-wielkiej-nocy-2\/\" \/>\n<meta property=\"og:locale\" content=\"pl_PL\" \/>\n<meta property=\"og:type\" content=\"article\" \/>\n<meta property=\"og:title\" content=\"Triduum Paschalne i Oktawa Wielkiej Nocy - Pako\u015b\u0107 \u2013 Kalwaria\" \/>\n<meta property=\"og:description\" content=\"Od Wielkiego Czwartku Ko\u015bci\u00f3\u0142 rozpoczyna uroczyste obchody TRIDUUM PASCHALNEGO, w czasie kt\u00f3rego wspomina M\u0119k\u0119, \u015amier\u0107 i Zmartwychwstanie Jezusa Chrystusa. WIELKI CZWARTEK W Wielki Czwartek liturgia uobecnia Ostatni\u0105 Wieczerz\u0119, ustanowienie przez Jezusa sakrament\u00f3w Eucharystii oraz Kap\u0142a\u0144stwa. Wielki Czwartek jest szczeg\u00f3lnym \u015bwi\u0119tem kap\u0142an\u00f3w. W tym dniu, jeszcze przed \u00a0rozpocz\u0119ciem Triduum Paschalnego, we wszystkich ko\u015bcio\u0142ach katedralnych biskup diecezjalny &hellip;\" \/>\n<meta property=\"og:url\" content=\"https:\/\/pakosc-kalwaria.franciszkanie.net\/index.php\/2022\/04\/14\/triduum-paschalne-i-oktawa-wielkiej-nocy-2\/\" \/>\n<meta property=\"og:site_name\" content=\"Pako\u015b\u0107 \u2013 Kalwaria\" \/>\n<meta property=\"article:author\" content=\"https:\/\/www.facebook.com\/KalwariaPakosc\/\" \/>\n<meta property=\"article:published_time\" content=\"2022-04-14T09:00:36+00:00\" \/>\n<meta property=\"article:modified_time\" content=\"2022-04-20T18:21:30+00:00\" \/>\n<meta property=\"og:image\" content=\"https:\/\/pakosc-kalwaria.franciszkanie.net\/wp-content\/uploads\/2022\/04\/Triduum-paschalne-1.jpg\" \/>\n\t<meta property=\"og:image:width\" content=\"350\" \/>\n\t<meta property=\"og:image:height\" content=\"197\" \/>\n\t<meta property=\"og:image:type\" content=\"image\/jpeg\" \/>\n<meta name=\"twitter:card\" content=\"summary\" \/>\n<meta name=\"twitter:label1\" content=\"Napisane przez\" \/>\n\t<meta name=\"twitter:data1\" content=\"pakosc-kalwaria\" \/>\n\t<meta name=\"twitter:label2\" content=\"Szacowany czas czytania\" \/>\n\t<meta name=\"twitter:data2\" content=\"8 minut\" \/>\n<script type=\"application\/ld+json\" class=\"yoast-schema-graph\">{\"@context\":\"https:\/\/schema.org\",\"@graph\":[{\"@type\":\"WebSite\",\"@id\":\"https:\/\/pakosc-kalwaria.franciszkanie.net\/#website\",\"url\":\"https:\/\/pakosc-kalwaria.franciszkanie.net\/\",\"name\":\"Pako\u015b\u0107 \u2013 Kalwaria\",\"description\":\"Parafia Rzymsko \u2013 Katolicka p.w. Pana Jezusa Ukrzy\u017cowanego i  Matki Bo\u017cej Bolesnej ul. Barci\u0144ska 60, 88\u2013170 Pako\u015b\u0107 \u2013 Kalwaria\",\"potentialAction\":[{\"@type\":\"SearchAction\",\"target\":{\"@type\":\"EntryPoint\",\"urlTemplate\":\"https:\/\/pakosc-kalwaria.franciszkanie.net\/?s={search_term_string}\"},\"query-input\":\"required name=search_term_string\"}],\"inLanguage\":\"pl-PL\"},{\"@type\":\"ImageObject\",\"@id\":\"https:\/\/pakosc-kalwaria.franciszkanie.net\/index.php\/2022\/04\/14\/triduum-paschalne-i-oktawa-wielkiej-nocy-2\/#primaryimage\",\"inLanguage\":\"pl-PL\",\"url\":\"https:\/\/pakosc-kalwaria.franciszkanie.net\/wp-content\/uploads\/2022\/04\/Triduum-paschalne-1.jpg\",\"contentUrl\":\"https:\/\/pakosc-kalwaria.franciszkanie.net\/wp-content\/uploads\/2022\/04\/Triduum-paschalne-1.jpg\",\"width\":350,\"height\":197},{\"@type\":\"WebPage\",\"@id\":\"https:\/\/pakosc-kalwaria.franciszkanie.net\/index.php\/2022\/04\/14\/triduum-paschalne-i-oktawa-wielkiej-nocy-2\/#webpage\",\"url\":\"https:\/\/pakosc-kalwaria.franciszkanie.net\/index.php\/2022\/04\/14\/triduum-paschalne-i-oktawa-wielkiej-nocy-2\/\",\"name\":\"Triduum Paschalne i Oktawa Wielkiej Nocy - Pako\u015b\u0107 \u2013 Kalwaria\",\"isPartOf\":{\"@id\":\"https:\/\/pakosc-kalwaria.franciszkanie.net\/#website\"},\"primaryImageOfPage\":{\"@id\":\"https:\/\/pakosc-kalwaria.franciszkanie.net\/index.php\/2022\/04\/14\/triduum-paschalne-i-oktawa-wielkiej-nocy-2\/#primaryimage\"},\"datePublished\":\"2022-04-14T09:00:36+00:00\",\"dateModified\":\"2022-04-20T18:21:30+00:00\",\"author\":{\"@id\":\"https:\/\/pakosc-kalwaria.franciszkanie.net\/#\/schema\/person\/af10b943be0760709227d060eadcb2aa\"},\"breadcrumb\":{\"@id\":\"https:\/\/pakosc-kalwaria.franciszkanie.net\/index.php\/2022\/04\/14\/triduum-paschalne-i-oktawa-wielkiej-nocy-2\/#breadcrumb\"},\"inLanguage\":\"pl-PL\",\"potentialAction\":[{\"@type\":\"ReadAction\",\"target\":[\"https:\/\/pakosc-kalwaria.franciszkanie.net\/index.php\/2022\/04\/14\/triduum-paschalne-i-oktawa-wielkiej-nocy-2\/\"]}]},{\"@type\":\"BreadcrumbList\",\"@id\":\"https:\/\/pakosc-kalwaria.franciszkanie.net\/index.php\/2022\/04\/14\/triduum-paschalne-i-oktawa-wielkiej-nocy-2\/#breadcrumb\",\"itemListElement\":[{\"@type\":\"ListItem\",\"position\":1,\"name\":\"Strona g\u0142\u00f3wna\",\"item\":\"https:\/\/pakosc-kalwaria.franciszkanie.net\/\"},{\"@type\":\"ListItem\",\"position\":2,\"name\":\"Triduum Paschalne i Oktawa Wielkiej Nocy\"}]},{\"@type\":\"Person\",\"@id\":\"https:\/\/pakosc-kalwaria.franciszkanie.net\/#\/schema\/person\/af10b943be0760709227d060eadcb2aa\",\"name\":\"pakosc-kalwaria\",\"image\":{\"@type\":\"ImageObject\",\"@id\":\"https:\/\/pakosc-kalwaria.franciszkanie.net\/#personlogo\",\"inLanguage\":\"pl-PL\",\"url\":\"https:\/\/secure.gravatar.com\/avatar\/e7049d338b55eac6a0027ff3218b8d02?s=96&d=mm&r=g\",\"contentUrl\":\"https:\/\/secure.gravatar.com\/avatar\/e7049d338b55eac6a0027ff3218b8d02?s=96&d=mm&r=g\",\"caption\":\"pakosc-kalwaria\"},\"sameAs\":[\"https:\/\/www.facebook.com\/KalwariaPakosc\/\"],\"url\":\"https:\/\/pakosc-kalwaria.franciszkanie.net\/index.php\/author\/pakosc-kalwaria\/\"}]}<\/script>\n<!-- \/ Yoast SEO plugin. -->","yoast_head_json":{"title":"Triduum Paschalne i Oktawa Wielkiej Nocy - Pako\u015b\u0107 \u2013 Kalwaria","robots":{"index":"index","follow":"follow","max-snippet":"max-snippet:-1","max-image-preview":"max-image-preview:large","max-video-preview":"max-video-preview:-1"},"canonical":"https:\/\/pakosc-kalwaria.franciszkanie.net\/index.php\/2022\/04\/14\/triduum-paschalne-i-oktawa-wielkiej-nocy-2\/","og_locale":"pl_PL","og_type":"article","og_title":"Triduum Paschalne i Oktawa Wielkiej Nocy - Pako\u015b\u0107 \u2013 Kalwaria","og_description":"Od Wielkiego Czwartku Ko\u015bci\u00f3\u0142 rozpoczyna uroczyste obchody TRIDUUM PASCHALNEGO, w czasie kt\u00f3rego wspomina M\u0119k\u0119, \u015amier\u0107 i Zmartwychwstanie Jezusa Chrystusa. WIELKI CZWARTEK W Wielki Czwartek liturgia uobecnia Ostatni\u0105 Wieczerz\u0119, ustanowienie przez Jezusa sakrament\u00f3w Eucharystii oraz Kap\u0142a\u0144stwa. Wielki Czwartek jest szczeg\u00f3lnym \u015bwi\u0119tem kap\u0142an\u00f3w. W tym dniu, jeszcze przed \u00a0rozpocz\u0119ciem Triduum Paschalnego, we wszystkich ko\u015bcio\u0142ach katedralnych biskup diecezjalny &hellip;","og_url":"https:\/\/pakosc-kalwaria.franciszkanie.net\/index.php\/2022\/04\/14\/triduum-paschalne-i-oktawa-wielkiej-nocy-2\/","og_site_name":"Pako\u015b\u0107 \u2013 Kalwaria","article_author":"https:\/\/www.facebook.com\/KalwariaPakosc\/","article_published_time":"2022-04-14T09:00:36+00:00","article_modified_time":"2022-04-20T18:21:30+00:00","og_image":[{"width":350,"height":197,"url":"https:\/\/pakosc-kalwaria.franciszkanie.net\/wp-content\/uploads\/2022\/04\/Triduum-paschalne-1.jpg","type":"image\/jpeg"}],"twitter_card":"summary","twitter_misc":{"Napisane przez":"pakosc-kalwaria","Szacowany czas czytania":"8 minut"},"schema":{"@context":"https:\/\/schema.org","@graph":[{"@type":"WebSite","@id":"https:\/\/pakosc-kalwaria.franciszkanie.net\/#website","url":"https:\/\/pakosc-kalwaria.franciszkanie.net\/","name":"Pako\u015b\u0107 \u2013 Kalwaria","description":"Parafia Rzymsko \u2013 Katolicka p.w. Pana Jezusa Ukrzy\u017cowanego i  Matki Bo\u017cej Bolesnej ul. Barci\u0144ska 60, 88\u2013170 Pako\u015b\u0107 \u2013 Kalwaria","potentialAction":[{"@type":"SearchAction","target":{"@type":"EntryPoint","urlTemplate":"https:\/\/pakosc-kalwaria.franciszkanie.net\/?s={search_term_string}"},"query-input":"required name=search_term_string"}],"inLanguage":"pl-PL"},{"@type":"ImageObject","@id":"https:\/\/pakosc-kalwaria.franciszkanie.net\/index.php\/2022\/04\/14\/triduum-paschalne-i-oktawa-wielkiej-nocy-2\/#primaryimage","inLanguage":"pl-PL","url":"https:\/\/pakosc-kalwaria.franciszkanie.net\/wp-content\/uploads\/2022\/04\/Triduum-paschalne-1.jpg","contentUrl":"https:\/\/pakosc-kalwaria.franciszkanie.net\/wp-content\/uploads\/2022\/04\/Triduum-paschalne-1.jpg","width":350,"height":197},{"@type":"WebPage","@id":"https:\/\/pakosc-kalwaria.franciszkanie.net\/index.php\/2022\/04\/14\/triduum-paschalne-i-oktawa-wielkiej-nocy-2\/#webpage","url":"https:\/\/pakosc-kalwaria.franciszkanie.net\/index.php\/2022\/04\/14\/triduum-paschalne-i-oktawa-wielkiej-nocy-2\/","name":"Triduum Paschalne i Oktawa Wielkiej Nocy - Pako\u015b\u0107 \u2013 Kalwaria","isPartOf":{"@id":"https:\/\/pakosc-kalwaria.franciszkanie.net\/#website"},"primaryImageOfPage":{"@id":"https:\/\/pakosc-kalwaria.franciszkanie.net\/index.php\/2022\/04\/14\/triduum-paschalne-i-oktawa-wielkiej-nocy-2\/#primaryimage"},"datePublished":"2022-04-14T09:00:36+00:00","dateModified":"2022-04-20T18:21:30+00:00","author":{"@id":"https:\/\/pakosc-kalwaria.franciszkanie.net\/#\/schema\/person\/af10b943be0760709227d060eadcb2aa"},"breadcrumb":{"@id":"https:\/\/pakosc-kalwaria.franciszkanie.net\/index.php\/2022\/04\/14\/triduum-paschalne-i-oktawa-wielkiej-nocy-2\/#breadcrumb"},"inLanguage":"pl-PL","potentialAction":[{"@type":"ReadAction","target":["https:\/\/pakosc-kalwaria.franciszkanie.net\/index.php\/2022\/04\/14\/triduum-paschalne-i-oktawa-wielkiej-nocy-2\/"]}]},{"@type":"BreadcrumbList","@id":"https:\/\/pakosc-kalwaria.franciszkanie.net\/index.php\/2022\/04\/14\/triduum-paschalne-i-oktawa-wielkiej-nocy-2\/#breadcrumb","itemListElement":[{"@type":"ListItem","position":1,"name":"Strona g\u0142\u00f3wna","item":"https:\/\/pakosc-kalwaria.franciszkanie.net\/"},{"@type":"ListItem","position":2,"name":"Triduum Paschalne i Oktawa Wielkiej Nocy"}]},{"@type":"Person","@id":"https:\/\/pakosc-kalwaria.franciszkanie.net\/#\/schema\/person\/af10b943be0760709227d060eadcb2aa","name":"pakosc-kalwaria","image":{"@type":"ImageObject","@id":"https:\/\/pakosc-kalwaria.franciszkanie.net\/#personlogo","inLanguage":"pl-PL","url":"https:\/\/secure.gravatar.com\/avatar\/e7049d338b55eac6a0027ff3218b8d02?s=96&d=mm&r=g","contentUrl":"https:\/\/secure.gravatar.com\/avatar\/e7049d338b55eac6a0027ff3218b8d02?s=96&d=mm&r=g","caption":"pakosc-kalwaria"},"sameAs":["https:\/\/www.facebook.com\/KalwariaPakosc\/"],"url":"https:\/\/pakosc-kalwaria.franciszkanie.net\/index.php\/author\/pakosc-kalwaria\/"}]}},"_links":{"self":[{"href":"https:\/\/pakosc-kalwaria.franciszkanie.net\/index.php\/wp-json\/wp\/v2\/posts\/22575"}],"collection":[{"href":"https:\/\/pakosc-kalwaria.franciszkanie.net\/index.php\/wp-json\/wp\/v2\/posts"}],"about":[{"href":"https:\/\/pakosc-kalwaria.franciszkanie.net\/index.php\/wp-json\/wp\/v2\/types\/post"}],"author":[{"embeddable":true,"href":"https:\/\/pakosc-kalwaria.franciszkanie.net\/index.php\/wp-json\/wp\/v2\/users\/2"}],"replies":[{"embeddable":true,"href":"https:\/\/pakosc-kalwaria.franciszkanie.net\/index.php\/wp-json\/wp\/v2\/comments?post=22575"}],"version-history":[{"count":4,"href":"https:\/\/pakosc-kalwaria.franciszkanie.net\/index.php\/wp-json\/wp\/v2\/posts\/22575\/revisions"}],"predecessor-version":[{"id":22601,"href":"https:\/\/pakosc-kalwaria.franciszkanie.net\/index.php\/wp-json\/wp\/v2\/posts\/22575\/revisions\/22601"}],"wp:featuredmedia":[{"embeddable":true,"href":"https:\/\/pakosc-kalwaria.franciszkanie.net\/index.php\/wp-json\/wp\/v2\/media\/22576"}],"wp:attachment":[{"href":"https:\/\/pakosc-kalwaria.franciszkanie.net\/index.php\/wp-json\/wp\/v2\/media?parent=22575"}],"wp:term":[{"taxonomy":"category","embeddable":true,"href":"https:\/\/pakosc-kalwaria.franciszkanie.net\/index.php\/wp-json\/wp\/v2\/categories?post=22575"},{"taxonomy":"post_tag","embeddable":true,"href":"https:\/\/pakosc-kalwaria.franciszkanie.net\/index.php\/wp-json\/wp\/v2\/tags?post=22575"}],"curies":[{"name":"wp","href":"https:\/\/api.w.org\/{rel}","templated":true}]}}