{"id":22578,"date":"2022-04-14T16:36:26","date_gmt":"2022-04-14T14:36:26","guid":{"rendered":"http:\/\/pakosc-kalwaria.franciszkanie.net\/?p=22578"},"modified":"2022-04-20T20:13:58","modified_gmt":"2022-04-20T18:13:58","slug":"wigilia-paschalna-na-kalwaryjskim-wzgorzu","status":"publish","type":"post","link":"https:\/\/pakosc-kalwaria.franciszkanie.net\/index.php\/2022\/04\/14\/wigilia-paschalna-na-kalwaryjskim-wzgorzu\/","title":{"rendered":"Wigilia Paschalna na Kalwaryjskim Wzg\u00f3rzu"},"content":{"rendered":"<div class=\"entry-content\">\n<div class=\"entry-content\">\n<div class=\"post_content\">\n<p><span style=\"color: #ff0000;\"><strong>O 20.00\u00a0 WIGILIA PASCHALNA W WIELK\u0104 NOC<\/strong><\/span><strong><span style=\"color: #ff0000;\">,<\/span> po\u015bwi\u0119cenie ognia i pascha\u0142u oraz uroczysta Msza \u015bwi\u0119ta z odnowieniem przyrzecze\u0144 Chrztu \u015bwi\u0119tego<\/strong><strong><span style=\"color: #ff0000;\"> (przynosimy ze sob\u0105 \u015bwiece).<\/span> Jest to najwa\u017cniejsza Liturgia w ca\u0142ym Roku Liturgicznym w Ko\u015bciele. Rozpoczyna si\u0119 przed kosciolem od po\u015bwi\u0119cenia ognia <\/strong><strong>i pascha\u0142u<\/strong>.<\/p>\n<p><strong><br \/>\n<\/strong><span style=\"color: #ff0000;\"><strong>WIELKANOC rozpoczyna si\u0119 ju\u017c w sobot\u0119 po zachodzie s\u0142o\u0144ca WIGILI\u0104 PASCHALN\u0104.<\/strong><\/span> Rozpoczyna j\u0105 <strong>LITURGIA<\/strong> <strong>\u015aWIAT\u0141A.<\/strong> Na zewn\u0105trz ko\u015bcio\u0142a kap\u0142an \u015bwi\u0119ci ogie\u0144, od kt\u00f3rego nast\u0119pnie zapala si\u0119 <strong>Pascha\u0142 \u2013<\/strong> wielk\u0105 woskow\u0105 \u015bwiec\u0119, kt\u00f3ra symbolizuje zmartwychwsta\u0142ego Chrystusa. Na paschale kap\u0142an \u017c\u0142obi znak krzy\u017ca, wypowiadaj\u0105c s\u0142owa: \u201eChrystus <strong>wczoraj i dzi\u015b, pocz\u0105tek i koniec, Alfa i Omega. Do Niego nale\u017cy czas i wieczno\u015b\u0107, Jemu chwa\u0142a i panowanie przez wszystkie wieki wiek\u00f3w. Amen\u201d.<\/strong> Umieszcza si\u0119 tam r\u00f3wnie\u017c pi\u0119\u0107 ozdobnych czerwonych gwo\u017adzi, symbolizuj\u0105cych rany Chrystusa oraz aktualn\u0105 dat\u0119.<br \/>\nNast\u0119pnie Pascha\u0142 ten wnosi si\u0119 do okrytej mrokiem \u015bwi\u0105tyni, a wierni zapalaj\u0105 od niego swoje \u015bwiece, przekazuj\u0105c sobie wzajemnie \u015bwiat\u0142o. Niezwykle wymowny jest widok rozszerzaj\u0105cej si\u0119 jasno\u015bci, kt\u00f3ra w ko\u0144cu wype\u0142nia ca\u0142y ko\u015bci\u00f3\u0142. Zwie\u0144czeniem obrz\u0119du \u015bwiat\u0142a jest uroczysta pie\u015b\u0144 (Pochwa\u0142a Pascha\u0142u) \u2013 <strong>EXULTET<\/strong>, kt\u00f3ra zaczyna si\u0119 od s\u0142\u00f3w: \u201e<strong>Weselcie si\u0119 ju\u017c zast\u0119py Anio\u0142\u00f3w w niebie! Weselcie si\u0119 s\u0142udzy Boga! Niech zabrzmi\u0105 dzwony g\u0142osz\u0105ce zbawienie, gdy Kr\u00f3l tak wielki odnosi zwyci\u0119stwo!\u201d.<\/strong><\/p>\n<p><strong>Dalsza cz\u0119\u015b\u0107 liturgii paschalnej to czytania przeplatane psalmami.<\/strong> Przypominaj\u0105 one ca\u0142\u0105 histori\u0119 zbawienia, poczynaj\u0105c od stworzenia \u015bwiata, przez wyj\u015bcie Izraelit\u00f3w z niewoli egipskiej, proroctwa zapowiadaj\u0105ce Mesjasza a\u017c do Ewangelii o Zmartwychwstaniu Jezusa. <strong>Tej nocy powraca uroczysty \u015bpiew \u201eAlleluja\u201d.<\/strong><\/p>\n<p>Celebrans dokonuje tak\u017ce <strong>po\u015bwi\u0119cenia wody<\/strong>, kt\u00f3ra przez ca\u0142y rok b\u0119dzie s\u0142u\u017cy\u0142a przede wszystkim do chrztu. Czasami, na wz\u00f3r pierwotnych wsp\u00f3lnot chrze\u015bcija\u0144skich, w noc paschaln\u0105 udziela si\u0119 Chrztu \u015awi\u0119tego katechumen\u00f3w, udzielaj\u0105c im zarazem Bierzmowania i Pierwszej Komunii \u015bw. Wszyscy wierni odnawiaj\u0105 swoje <strong>przyrzeczenia chrzcielne<\/strong> wyrzekaj\u0105c si\u0119 grzechu, szatana i wszystkiego, co prowadzi do z\u0142a oraz wyznaj\u0105c wiar\u0119 w Boga Ojca, Syna i Ducha \u015awi\u0119tego.<\/p>\n<p><strong>Wigilia Paschalna ko\u0144czy si\u0119 EUCHARYSTI\u0104 oraz w niekt\u00f3rych parafiach procesj\u0105 rezurekcyjn\u0105, by<\/strong> <strong>oznajmi\u0107, \u017ce Chrystus zmartwychwsta\u0142 i zwyci\u0119\u017cy\u0142 \u015bmier\u0107.<\/strong> <strong>Zgodnie z dawn\u0105 tradycj\u0105 w wielu miejscach w Polsce PROCESJA REZUREKCYJNA \u00a0nie odbywa si\u0119 w Noc Zmartwychwstania, ale o \u015bwicie w niedzielny poranek. <\/strong>Ze wzgl\u0119du na pandemi\u0119 nie b\u0119dzie w tym roku procesji rezurekcyjnej. <strong><br \/>\n<\/strong><\/p>\n<p><span style=\"color: #ff0000;\"><strong>NOC PASCHALNA oraz NIEDZIELA WIELKANOCNA to najwi\u0119ksze \u015bwi\u0119to chrze\u015bcija\u0144skie, to w\u0142a\u015bnie \u00f3w pierwszy dzie\u0144 tygodnia, uroczy\u015bcie obchodzony w ka\u017cd\u0105 niedziel\u0119 przez ca\u0142y rok. Dlatego tak wa\u017cne jest uczestniczenie we Mszy \u015bwi\u0119tej w ka\u017cd\u0105 niedziel\u0119!<br \/>\n<\/strong><\/span><\/p>\n<\/div>\n<\/div>\n<\/div>\n","protected":false},"excerpt":{"rendered":"<p>O 20.00\u00a0 WIGILIA PASCHALNA W WIELK\u0104 NOC, po\u015bwi\u0119cenie ognia i pascha\u0142u oraz uroczysta Msza \u015bwi\u0119ta z odnowieniem przyrzecze\u0144 Chrztu \u015bwi\u0119tego (przynosimy ze sob\u0105 \u015bwiece). Jest to najwa\u017cniejsza Liturgia w ca\u0142ym Roku Liturgicznym w Ko\u015bciele. Rozpoczyna si\u0119 przed kosciolem od po\u015bwi\u0119cenia ognia i pascha\u0142u. WIELKANOC rozpoczyna si\u0119 ju\u017c w sobot\u0119 po zachodzie s\u0142o\u0144ca WIGILI\u0104 PASCHALN\u0104. Rozpoczyna &hellip;<\/p>\n","protected":false},"author":2,"featured_media":22579,"comment_status":"closed","ping_status":"closed","sticky":false,"template":"","format":"standard","meta":{"_mi_skip_tracking":false,"_exactmetrics_sitenote_active":false,"_exactmetrics_sitenote_note":"","_exactmetrics_sitenote_category":0},"categories":[13,14],"tags":[],"yoast_head":"<!-- This site is optimized with the Yoast SEO plugin v18.1 - https:\/\/yoast.com\/wordpress\/plugins\/seo\/ -->\n<title>Wigilia Paschalna na Kalwaryjskim Wzg\u00f3rzu - Pako\u015b\u0107 \u2013 Kalwaria<\/title>\n<meta name=\"robots\" content=\"index, follow, max-snippet:-1, max-image-preview:large, max-video-preview:-1\" \/>\n<link rel=\"canonical\" href=\"https:\/\/pakosc-kalwaria.franciszkanie.net\/index.php\/2022\/04\/14\/wigilia-paschalna-na-kalwaryjskim-wzgorzu\/\" \/>\n<meta property=\"og:locale\" content=\"pl_PL\" \/>\n<meta property=\"og:type\" content=\"article\" \/>\n<meta property=\"og:title\" content=\"Wigilia Paschalna na Kalwaryjskim Wzg\u00f3rzu - Pako\u015b\u0107 \u2013 Kalwaria\" \/>\n<meta property=\"og:description\" content=\"O 20.00\u00a0 WIGILIA PASCHALNA W WIELK\u0104 NOC, po\u015bwi\u0119cenie ognia i pascha\u0142u oraz uroczysta Msza \u015bwi\u0119ta z odnowieniem przyrzecze\u0144 Chrztu \u015bwi\u0119tego (przynosimy ze sob\u0105 \u015bwiece). Jest to najwa\u017cniejsza Liturgia w ca\u0142ym Roku Liturgicznym w Ko\u015bciele. Rozpoczyna si\u0119 przed kosciolem od po\u015bwi\u0119cenia ognia i pascha\u0142u. WIELKANOC rozpoczyna si\u0119 ju\u017c w sobot\u0119 po zachodzie s\u0142o\u0144ca WIGILI\u0104 PASCHALN\u0104. Rozpoczyna &hellip;\" \/>\n<meta property=\"og:url\" content=\"https:\/\/pakosc-kalwaria.franciszkanie.net\/index.php\/2022\/04\/14\/wigilia-paschalna-na-kalwaryjskim-wzgorzu\/\" \/>\n<meta property=\"og:site_name\" content=\"Pako\u015b\u0107 \u2013 Kalwaria\" \/>\n<meta property=\"article:author\" content=\"https:\/\/www.facebook.com\/KalwariaPakosc\/\" \/>\n<meta property=\"article:published_time\" content=\"2022-04-14T14:36:26+00:00\" \/>\n<meta property=\"article:modified_time\" content=\"2022-04-20T18:13:58+00:00\" \/>\n<meta property=\"og:image\" content=\"https:\/\/pakosc-kalwaria.franciszkanie.net\/wp-content\/uploads\/2022\/04\/Wigilia-Paschalna-200x150-1.jpg\" \/>\n\t<meta property=\"og:image:width\" content=\"350\" \/>\n\t<meta property=\"og:image:height\" content=\"262\" \/>\n\t<meta property=\"og:image:type\" content=\"image\/jpeg\" \/>\n<meta name=\"twitter:card\" content=\"summary\" \/>\n<meta name=\"twitter:label1\" content=\"Napisane przez\" \/>\n\t<meta name=\"twitter:data1\" content=\"pakosc-kalwaria\" \/>\n\t<meta name=\"twitter:label2\" content=\"Szacowany czas czytania\" \/>\n\t<meta name=\"twitter:data2\" content=\"2 minuty\" \/>\n<script type=\"application\/ld+json\" class=\"yoast-schema-graph\">{\"@context\":\"https:\/\/schema.org\",\"@graph\":[{\"@type\":\"WebSite\",\"@id\":\"https:\/\/pakosc-kalwaria.franciszkanie.net\/#website\",\"url\":\"https:\/\/pakosc-kalwaria.franciszkanie.net\/\",\"name\":\"Pako\u015b\u0107 \u2013 Kalwaria\",\"description\":\"Parafia Rzymsko \u2013 Katolicka p.w. Pana Jezusa Ukrzy\u017cowanego i  Matki Bo\u017cej Bolesnej ul. Barci\u0144ska 60, 88\u2013170 Pako\u015b\u0107 \u2013 Kalwaria\",\"potentialAction\":[{\"@type\":\"SearchAction\",\"target\":{\"@type\":\"EntryPoint\",\"urlTemplate\":\"https:\/\/pakosc-kalwaria.franciszkanie.net\/?s={search_term_string}\"},\"query-input\":\"required name=search_term_string\"}],\"inLanguage\":\"pl-PL\"},{\"@type\":\"ImageObject\",\"@id\":\"https:\/\/pakosc-kalwaria.franciszkanie.net\/index.php\/2022\/04\/14\/wigilia-paschalna-na-kalwaryjskim-wzgorzu\/#primaryimage\",\"inLanguage\":\"pl-PL\",\"url\":\"https:\/\/pakosc-kalwaria.franciszkanie.net\/wp-content\/uploads\/2022\/04\/Wigilia-Paschalna-200x150-1.jpg\",\"contentUrl\":\"https:\/\/pakosc-kalwaria.franciszkanie.net\/wp-content\/uploads\/2022\/04\/Wigilia-Paschalna-200x150-1.jpg\",\"width\":350,\"height\":262},{\"@type\":\"WebPage\",\"@id\":\"https:\/\/pakosc-kalwaria.franciszkanie.net\/index.php\/2022\/04\/14\/wigilia-paschalna-na-kalwaryjskim-wzgorzu\/#webpage\",\"url\":\"https:\/\/pakosc-kalwaria.franciszkanie.net\/index.php\/2022\/04\/14\/wigilia-paschalna-na-kalwaryjskim-wzgorzu\/\",\"name\":\"Wigilia Paschalna na Kalwaryjskim Wzg\u00f3rzu - Pako\u015b\u0107 \u2013 Kalwaria\",\"isPartOf\":{\"@id\":\"https:\/\/pakosc-kalwaria.franciszkanie.net\/#website\"},\"primaryImageOfPage\":{\"@id\":\"https:\/\/pakosc-kalwaria.franciszkanie.net\/index.php\/2022\/04\/14\/wigilia-paschalna-na-kalwaryjskim-wzgorzu\/#primaryimage\"},\"datePublished\":\"2022-04-14T14:36:26+00:00\",\"dateModified\":\"2022-04-20T18:13:58+00:00\",\"author\":{\"@id\":\"https:\/\/pakosc-kalwaria.franciszkanie.net\/#\/schema\/person\/af10b943be0760709227d060eadcb2aa\"},\"breadcrumb\":{\"@id\":\"https:\/\/pakosc-kalwaria.franciszkanie.net\/index.php\/2022\/04\/14\/wigilia-paschalna-na-kalwaryjskim-wzgorzu\/#breadcrumb\"},\"inLanguage\":\"pl-PL\",\"potentialAction\":[{\"@type\":\"ReadAction\",\"target\":[\"https:\/\/pakosc-kalwaria.franciszkanie.net\/index.php\/2022\/04\/14\/wigilia-paschalna-na-kalwaryjskim-wzgorzu\/\"]}]},{\"@type\":\"BreadcrumbList\",\"@id\":\"https:\/\/pakosc-kalwaria.franciszkanie.net\/index.php\/2022\/04\/14\/wigilia-paschalna-na-kalwaryjskim-wzgorzu\/#breadcrumb\",\"itemListElement\":[{\"@type\":\"ListItem\",\"position\":1,\"name\":\"Strona g\u0142\u00f3wna\",\"item\":\"https:\/\/pakosc-kalwaria.franciszkanie.net\/\"},{\"@type\":\"ListItem\",\"position\":2,\"name\":\"Wigilia Paschalna na Kalwaryjskim Wzg\u00f3rzu\"}]},{\"@type\":\"Person\",\"@id\":\"https:\/\/pakosc-kalwaria.franciszkanie.net\/#\/schema\/person\/af10b943be0760709227d060eadcb2aa\",\"name\":\"pakosc-kalwaria\",\"image\":{\"@type\":\"ImageObject\",\"@id\":\"https:\/\/pakosc-kalwaria.franciszkanie.net\/#personlogo\",\"inLanguage\":\"pl-PL\",\"url\":\"https:\/\/secure.gravatar.com\/avatar\/e7049d338b55eac6a0027ff3218b8d02?s=96&d=mm&r=g\",\"contentUrl\":\"https:\/\/secure.gravatar.com\/avatar\/e7049d338b55eac6a0027ff3218b8d02?s=96&d=mm&r=g\",\"caption\":\"pakosc-kalwaria\"},\"sameAs\":[\"https:\/\/www.facebook.com\/KalwariaPakosc\/\"],\"url\":\"https:\/\/pakosc-kalwaria.franciszkanie.net\/index.php\/author\/pakosc-kalwaria\/\"}]}<\/script>\n<!-- \/ Yoast SEO plugin. -->","yoast_head_json":{"title":"Wigilia Paschalna na Kalwaryjskim Wzg\u00f3rzu - Pako\u015b\u0107 \u2013 Kalwaria","robots":{"index":"index","follow":"follow","max-snippet":"max-snippet:-1","max-image-preview":"max-image-preview:large","max-video-preview":"max-video-preview:-1"},"canonical":"https:\/\/pakosc-kalwaria.franciszkanie.net\/index.php\/2022\/04\/14\/wigilia-paschalna-na-kalwaryjskim-wzgorzu\/","og_locale":"pl_PL","og_type":"article","og_title":"Wigilia Paschalna na Kalwaryjskim Wzg\u00f3rzu - Pako\u015b\u0107 \u2013 Kalwaria","og_description":"O 20.00\u00a0 WIGILIA PASCHALNA W WIELK\u0104 NOC, po\u015bwi\u0119cenie ognia i pascha\u0142u oraz uroczysta Msza \u015bwi\u0119ta z odnowieniem przyrzecze\u0144 Chrztu \u015bwi\u0119tego (przynosimy ze sob\u0105 \u015bwiece). Jest to najwa\u017cniejsza Liturgia w ca\u0142ym Roku Liturgicznym w Ko\u015bciele. Rozpoczyna si\u0119 przed kosciolem od po\u015bwi\u0119cenia ognia i pascha\u0142u. WIELKANOC rozpoczyna si\u0119 ju\u017c w sobot\u0119 po zachodzie s\u0142o\u0144ca WIGILI\u0104 PASCHALN\u0104. Rozpoczyna &hellip;","og_url":"https:\/\/pakosc-kalwaria.franciszkanie.net\/index.php\/2022\/04\/14\/wigilia-paschalna-na-kalwaryjskim-wzgorzu\/","og_site_name":"Pako\u015b\u0107 \u2013 Kalwaria","article_author":"https:\/\/www.facebook.com\/KalwariaPakosc\/","article_published_time":"2022-04-14T14:36:26+00:00","article_modified_time":"2022-04-20T18:13:58+00:00","og_image":[{"width":350,"height":262,"url":"https:\/\/pakosc-kalwaria.franciszkanie.net\/wp-content\/uploads\/2022\/04\/Wigilia-Paschalna-200x150-1.jpg","type":"image\/jpeg"}],"twitter_card":"summary","twitter_misc":{"Napisane przez":"pakosc-kalwaria","Szacowany czas czytania":"2 minuty"},"schema":{"@context":"https:\/\/schema.org","@graph":[{"@type":"WebSite","@id":"https:\/\/pakosc-kalwaria.franciszkanie.net\/#website","url":"https:\/\/pakosc-kalwaria.franciszkanie.net\/","name":"Pako\u015b\u0107 \u2013 Kalwaria","description":"Parafia Rzymsko \u2013 Katolicka p.w. Pana Jezusa Ukrzy\u017cowanego i  Matki Bo\u017cej Bolesnej ul. Barci\u0144ska 60, 88\u2013170 Pako\u015b\u0107 \u2013 Kalwaria","potentialAction":[{"@type":"SearchAction","target":{"@type":"EntryPoint","urlTemplate":"https:\/\/pakosc-kalwaria.franciszkanie.net\/?s={search_term_string}"},"query-input":"required name=search_term_string"}],"inLanguage":"pl-PL"},{"@type":"ImageObject","@id":"https:\/\/pakosc-kalwaria.franciszkanie.net\/index.php\/2022\/04\/14\/wigilia-paschalna-na-kalwaryjskim-wzgorzu\/#primaryimage","inLanguage":"pl-PL","url":"https:\/\/pakosc-kalwaria.franciszkanie.net\/wp-content\/uploads\/2022\/04\/Wigilia-Paschalna-200x150-1.jpg","contentUrl":"https:\/\/pakosc-kalwaria.franciszkanie.net\/wp-content\/uploads\/2022\/04\/Wigilia-Paschalna-200x150-1.jpg","width":350,"height":262},{"@type":"WebPage","@id":"https:\/\/pakosc-kalwaria.franciszkanie.net\/index.php\/2022\/04\/14\/wigilia-paschalna-na-kalwaryjskim-wzgorzu\/#webpage","url":"https:\/\/pakosc-kalwaria.franciszkanie.net\/index.php\/2022\/04\/14\/wigilia-paschalna-na-kalwaryjskim-wzgorzu\/","name":"Wigilia Paschalna na Kalwaryjskim Wzg\u00f3rzu - Pako\u015b\u0107 \u2013 Kalwaria","isPartOf":{"@id":"https:\/\/pakosc-kalwaria.franciszkanie.net\/#website"},"primaryImageOfPage":{"@id":"https:\/\/pakosc-kalwaria.franciszkanie.net\/index.php\/2022\/04\/14\/wigilia-paschalna-na-kalwaryjskim-wzgorzu\/#primaryimage"},"datePublished":"2022-04-14T14:36:26+00:00","dateModified":"2022-04-20T18:13:58+00:00","author":{"@id":"https:\/\/pakosc-kalwaria.franciszkanie.net\/#\/schema\/person\/af10b943be0760709227d060eadcb2aa"},"breadcrumb":{"@id":"https:\/\/pakosc-kalwaria.franciszkanie.net\/index.php\/2022\/04\/14\/wigilia-paschalna-na-kalwaryjskim-wzgorzu\/#breadcrumb"},"inLanguage":"pl-PL","potentialAction":[{"@type":"ReadAction","target":["https:\/\/pakosc-kalwaria.franciszkanie.net\/index.php\/2022\/04\/14\/wigilia-paschalna-na-kalwaryjskim-wzgorzu\/"]}]},{"@type":"BreadcrumbList","@id":"https:\/\/pakosc-kalwaria.franciszkanie.net\/index.php\/2022\/04\/14\/wigilia-paschalna-na-kalwaryjskim-wzgorzu\/#breadcrumb","itemListElement":[{"@type":"ListItem","position":1,"name":"Strona g\u0142\u00f3wna","item":"https:\/\/pakosc-kalwaria.franciszkanie.net\/"},{"@type":"ListItem","position":2,"name":"Wigilia Paschalna na Kalwaryjskim Wzg\u00f3rzu"}]},{"@type":"Person","@id":"https:\/\/pakosc-kalwaria.franciszkanie.net\/#\/schema\/person\/af10b943be0760709227d060eadcb2aa","name":"pakosc-kalwaria","image":{"@type":"ImageObject","@id":"https:\/\/pakosc-kalwaria.franciszkanie.net\/#personlogo","inLanguage":"pl-PL","url":"https:\/\/secure.gravatar.com\/avatar\/e7049d338b55eac6a0027ff3218b8d02?s=96&d=mm&r=g","contentUrl":"https:\/\/secure.gravatar.com\/avatar\/e7049d338b55eac6a0027ff3218b8d02?s=96&d=mm&r=g","caption":"pakosc-kalwaria"},"sameAs":["https:\/\/www.facebook.com\/KalwariaPakosc\/"],"url":"https:\/\/pakosc-kalwaria.franciszkanie.net\/index.php\/author\/pakosc-kalwaria\/"}]}},"_links":{"self":[{"href":"https:\/\/pakosc-kalwaria.franciszkanie.net\/index.php\/wp-json\/wp\/v2\/posts\/22578"}],"collection":[{"href":"https:\/\/pakosc-kalwaria.franciszkanie.net\/index.php\/wp-json\/wp\/v2\/posts"}],"about":[{"href":"https:\/\/pakosc-kalwaria.franciszkanie.net\/index.php\/wp-json\/wp\/v2\/types\/post"}],"author":[{"embeddable":true,"href":"https:\/\/pakosc-kalwaria.franciszkanie.net\/index.php\/wp-json\/wp\/v2\/users\/2"}],"replies":[{"embeddable":true,"href":"https:\/\/pakosc-kalwaria.franciszkanie.net\/index.php\/wp-json\/wp\/v2\/comments?post=22578"}],"version-history":[{"count":1,"href":"https:\/\/pakosc-kalwaria.franciszkanie.net\/index.php\/wp-json\/wp\/v2\/posts\/22578\/revisions"}],"predecessor-version":[{"id":22580,"href":"https:\/\/pakosc-kalwaria.franciszkanie.net\/index.php\/wp-json\/wp\/v2\/posts\/22578\/revisions\/22580"}],"wp:featuredmedia":[{"embeddable":true,"href":"https:\/\/pakosc-kalwaria.franciszkanie.net\/index.php\/wp-json\/wp\/v2\/media\/22579"}],"wp:attachment":[{"href":"https:\/\/pakosc-kalwaria.franciszkanie.net\/index.php\/wp-json\/wp\/v2\/media?parent=22578"}],"wp:term":[{"taxonomy":"category","embeddable":true,"href":"https:\/\/pakosc-kalwaria.franciszkanie.net\/index.php\/wp-json\/wp\/v2\/categories?post=22578"},{"taxonomy":"post_tag","embeddable":true,"href":"https:\/\/pakosc-kalwaria.franciszkanie.net\/index.php\/wp-json\/wp\/v2\/tags?post=22578"}],"curies":[{"name":"wp","href":"https:\/\/api.w.org\/{rel}","templated":true}]}}