{"id":22582,"date":"2022-04-17T12:00:41","date_gmt":"2022-04-17T10:00:41","guid":{"rendered":"http:\/\/pakosc-kalwaria.franciszkanie.net\/?p=22582"},"modified":"2022-04-16T18:22:53","modified_gmt":"2022-04-16T16:22:53","slug":"do-medytacji-z-kalwaryjskiego-wzgorza-niedziela-zmartwychwstania-panskiego-17-04-2022","status":"publish","type":"post","link":"https:\/\/pakosc-kalwaria.franciszkanie.net\/index.php\/2022\/04\/17\/do-medytacji-z-kalwaryjskiego-wzgorza-niedziela-zmartwychwstania-panskiego-17-04-2022\/","title":{"rendered":"Do medytacji z kalwaryjskiego Wzg\u00f3rza \u2013 Niedziela Zmartwychwstania Pa\u0144skiego \u2013 17.04.2022"},"content":{"rendered":"<p><strong><span style=\"color: #ff0000;\">Z liturgii Niedzieli Zmartwychwstania Pa\u0144skiego \u2013 17.04.2022<\/span><\/strong><\/p>\n<p><span style=\"color: #ff0000;\"><strong>1. czytanie<\/strong><\/span> (Dz 10, 34a. 37-43) <em>\u015awiadectwo Piotra o zmartwychwstaniu<br \/>\n<\/em><strong>Czytanie z Dziej\u00f3w Apostolskich<br \/>\n<\/strong>Gdy Piotr przyby\u0142 do domu setnika Korneliusza w Cezarei, przem\u00f3wi\u0142 w d\u0142u\u017cszym wywodzie: \u00abWiecie, co si\u0119 dzia\u0142o w ca\u0142ej Judei, pocz\u0105wszy od Galilei, po chrzcie, kt\u00f3ry g\u0142osi\u0142 Jan. Znacie spraw\u0119 Jezusa z Nazaretu, kt\u00f3rego B\u00f3g nama\u015bci\u0142 Duchem \u015awi\u0119tym i moc\u0105. Dlatego \u017ce B\u00f3g by\u0142 z Nim, przeszed\u0142 On, dobrze czyni\u0105c i uzdrawiaj\u0105c wszystkich, kt\u00f3rzy byli pod w\u0142adz\u0105 diab\u0142a. A my jeste\u015bmy \u015bwiadkami wszystkiego, co zdzia\u0142a\u0142 w ziemi \u017cydowskiej i w Jeruzalem. Jego to zabili, zawiesiwszy na drzewie. B\u00f3g wskrzesi\u0142 Go trzeciego dnia i pozwoli\u0142 Mu ukaza\u0107 si\u0119 nie ca\u0142emu ludowi, ale nam, wybranym uprzednio przez Boga na \u015bwiadk\u00f3w, kt\u00f3rzy z Nim jedli\u015bmy i pili\u015bmy po Jego zmartwychwstaniu. On nam rozkaza\u0142 og\u0142osi\u0107 ludowi i da\u0107 \u015bwiadectwo, \u017ce B\u00f3g ustanowi\u0142 Go s\u0119dzi\u0105 \u017cywych i umar\u0142ych. Wszyscy prorocy \u015bwiadcz\u0105 o tym, \u017ce ka\u017cdy, kto w Niego wierzy, przez Jego imi\u0119 otrzymuje odpuszczenie grzech\u00f3w\u00bb. Oto S\u0142owo Bo\u017ce.<\/p>\n<p><span style=\"color: #ff0000;\"><strong>Psalm<\/strong><\/span> (Ps 118 (117), 1b-2. 16-17. 22-23 (R.: por. 24))<br \/>\n<strong>W tym dniu wspania\u0142ym wszyscy si\u0119 weselmy<\/strong><br \/>\nDzi\u0119kujcie Panu, bo jest dobry, *<br \/>\nbo Jego \u0142aska trwa na wieki.<br \/>\nNiech dom Izraela g\u0142osi: *<br \/>\n\u00abJego \u0142aska na wieki\u00bb.<\/p>\n<div id=\"tabnowy0all\" class=\"tab-pane fade active in\">\n<p><strong>W tym dniu wspania\u0142ym wszyscy si\u0119 weselmy<br \/>\n<\/strong>Prawica Pana wzniesiona wysoko, *<br \/>\nprawica Pa\u0144ska moc okaza\u0142a.<br \/>\nNie umr\u0119, ale \u017cy\u0107 b\u0119d\u0119 *<br \/>\ni g\u0142osi\u0107 dzie\u0142a Pana.<\/p>\n<p><strong>W tym dniu wspania\u0142ym wszyscy si\u0119 weselmy<br \/>\n<\/strong>Kamie\u0144 odrzucony przez buduj\u0105cych *<br \/>\nsta\u0142 si\u0119 kamieniem w\u0119gielnym.<br \/>\nSta\u0142o si\u0119 to przez Pana *<br \/>\ni cudem jest w naszych oczach.<br \/>\n<strong>W tym dniu wspania\u0142ym wszyscy si\u0119 weselmy<\/strong><\/p>\n<p><strong><span style=\"color: #ff0000;\">2. czytanie<\/span> <\/strong>(Kol 3, 1-4) <em>D\u0105\u017ccie tam, gdzie jest Chrystus<br \/>\n<\/em><strong>Czytanie z Listu \u015awi\u0119tego Paw\u0142a Aposto\u0142a do Kolosan<br \/>\n<\/strong>Bracia: Je\u015bli razem z Chrystusem powstali\u015bcie z martwych, szukajcie tego, co w g\u00f3rze, gdzie przebywa Chrystus, zasiadaj\u0105cy po prawicy Boga. D\u0105\u017ccie do tego, co w g\u00f3rze, nie do tego, co na ziemi. Umarli\u015bcie bowiem i wasze \u017cycie jest ukryte z Chrystusem w Bogu. Gdy si\u0119 uka\u017ce Chrystus, nasze \u017bycie, wtedy i wy razem z Nim uka\u017cecie si\u0119 w chwale.Oto S\u0142owo Bo\u017ce.<\/p>\n<p><span style=\"color: #ff0000;\"><strong>Sekwencja<\/strong><\/span><br \/>\nNiech w \u015bwi\u0119to radosne Paschalnej Ofiary<br \/>\nSk\u0142adaj\u0105 jej wierni uwielbie\u0144 swych dary.<br \/>\nOdkupi\u0142 swe owce Baranek bez skazy,<br \/>\nPojedna\u0142 nas z Ojcem i zmy\u0142 grzech\u00f3w zmazy.<br \/>\n\u015amier\u0107 zwar\u0142a si\u0119 z \u017cyciem i w boju, o dziwy,<br \/>\nCho\u0107 poleg\u0142 W\u00f3dz \u017cycia, kr\u00f3luje dzi\u015b \u017cywy.<br \/>\nMario, ty powiedz, co\u015b w drodze widzia\u0142a?<br \/>\nJam Zmartwychwsta\u0142ego blask chwa\u0142y ujrza\u0142a.<br \/>\n\u017bywego ju\u017c Pana widzia\u0142am, gr\u00f3b pusty,<br \/>\nI \u015bwiadk\u00f3w anielskich, i odzie\u017c, i chusty.<br \/>\nZmartwychwsta\u0142 ju\u017c Chrystus, Pan m\u00f3j i nadzieja,<br \/>\nA miejscem spotkania b\u0119dzie Galilea.<br \/>\nWiemy, \u017ce\u015b zmartwychwsta\u0142, \u017ce ten cud prawdziwy,<br \/>\nO Kr\u00f3lu Zwyci\u0119zco, b\u0105d\u017a nam mi\u0142o\u015bciwy.<\/p>\n<p><span style=\"color: #ff0000;\"><strong>Aklamacja<\/strong><\/span><br \/>\n<span style=\"color: #000000;\"><strong>Alleluja, alleluja, alleluja<br \/>\n<\/strong><\/span>Chrystus zosta\u0142 ofiarowany jako nasza Pascha.<br \/>\nOdprawiajmy nasze \u015bwi\u0119to w Panu.<br \/>\n<strong>Alleluja, alleluja, alleluja<\/strong><\/p>\n<p><strong><span style=\"color: #ff0000;\">Ewangelia<\/span><\/strong> (J 20, 1-9) <em>Aposto\u0142owie przy grobie Zmartwychwsta\u0142ego<br \/>\n<\/em><strong>S\u0142owa Ewangelii wed\u0142ug \u015awi\u0119tego Jana<br \/>\n<\/strong>Pierwszego dnia po szabacie, wczesnym rankiem, gdy jeszcze by\u0142o ciemno, Maria Magdalena uda\u0142a si\u0119 do grobu i zobaczy\u0142a kamie\u0144 odsuni\u0119ty od grobu. Pobieg\u0142a wi\u0119c i przyby\u0142a do Szymona Piotra oraz do drugiego ucznia, kt\u00f3rego Jezus kocha\u0142, i rzek\u0142a do nich: \u00abZabrano Pana z grobu i nie wiemy, gdzie Go po\u0142o\u017cono\u00bb. Wyszed\u0142 wi\u0119c Piotr i \u00f3w drugi ucze\u0144 i szli do grobu. Biegli obydwaj razem, lecz \u00f3w drugi ucze\u0144 wyprzedzi\u0142 Piotra i przyby\u0142 pierwszy do grobu. A kiedy si\u0119 nachyli\u0142, zobaczy\u0142 le\u017c\u0105ce p\u0142\u00f3tna, jednak\u017ce nie wszed\u0142 do \u015brodka. Nadszed\u0142 potem tak\u017ce Szymon Piotr, id\u0105cy za nim. Wszed\u0142 on do wn\u0119trza grobu i ujrza\u0142 le\u017c\u0105ce p\u0142\u00f3tna oraz chust\u0119, kt\u00f3ra by\u0142a na Jego g\u0142owie, le\u017c\u0105c\u0105 nie razem z p\u0142\u00f3tnami, ale oddzielnie zwini\u0119t\u0105 w jednym miejscu. Wtedy wszed\u0142 do wn\u0119trza tak\u017ce i \u00f3w drugi ucze\u0144, kt\u00f3ry przyby\u0142 pierwszy do grobu. Ujrza\u0142 i uwierzy\u0142. Dot\u0105d bowiem nie rozumieli jeszcze Pisma, kt\u00f3re m\u00f3wi, \u017ce On ma powsta\u0107 z martwych. Oto S\u0142owo Pa\u0144skie.<\/p>\n<p><span style=\"color: #ff0000;\"><strong>Z kazania na kalwaryjskim Wzg\u00f3rzu \u2013 Niedziela Zmartwychwstania Pa\u0144skiego 17.04.2022r.<br \/>\n<\/strong><\/span><strong>\u201eW tym dniu wspania\u0142ym wszyscy si\u0119 weselmy\u201d<\/strong> \u2013 tak dzisiaj Liturgia Ko\u015bcio\u0142a wzywa chrze\u015bcijan, gdziekolwiek gromadz\u0105 si\u0119 w \u015bwi\u0105tyniach, aby radowali si\u0119 ze\u00a0 Zmartwychwstania Jezusa Chrystusa! Jak wielka jest moc mi\u0142o\u015bci Boga do cz\u0142owieka skoro pragnie i potrafi zwyci\u0119\u017cy\u0107 nawet \u015bmier\u0107! Chrystus swoim Zmartwychwstaniem ukaza\u0142 nam, \u017ce \u015bmier\u0107 cielesna nie jest ostatecznym kresem naszego \u017cycia\u2026 \u201e\u017cycie Twoich wiernych o Panie zmienia si\u0119, ale si\u0119 nie ko\u0144czy\u201d. Pusty gr\u00f3b przypomina nam, \u017ce Jezus prawdziwie zmartwychwsta\u0142 i prawdziwie \u017cyje! Co wi\u0119cej Jezus zmartwychwstaj\u0105c otworzy\u0142 przed nami niesamowit\u0105 perspektyw\u0119 naszego zmartwychwstania! T\u0119 prawd\u0119 potwierdzaj\u0105 s\u0142owa dzisiejszej modlitwy, na pocz\u0105tku Mszy \u015bwi\u0119tej, zwanej kolekt\u0105: \u201eBo\u017ce, Ty w dniu dzisiejszym przez Twojego Syna pokona\u0142e\u015b \u015bmier\u0107 i otworzy\u0142e\u015b nam bramy \u017cycia wiecznego, spraw by\u015bmy\u2026. mogli zmartwychwsta\u0107 do nowego \u017cycia w \u015bwiat\u0142o\u015bci\u201d.<br \/>\nW \u015bwietle tej najwa\u017cniejszej prawdy naszej wiary, jak\u0105 jest Zmartwychwstanie Chrystusa, a tak\u017ce nasze zmartwychwstanie, \u015bw. Pawe\u0142 przypomina nam jaki powinien by\u0107 program naszego \u017cycia na ziemi, na co szczeg\u00f3lnie powinni\u015bmy zwr\u00f3ci\u0107 nasz\u0105 uwag\u0119: \u201eJe\u015bli razem z Chrystusem powstali\u015bcie z martwych, szukajcie tego co w g\u00f3rze, gdzie przebywa Chrystus, zasiadaj\u0105cy po prawicy Boga. D\u0105\u017ccie do tego, co w g\u00f3rze, nie do tego co na ziemi\u201d. W przeciwie\u0144stwie do ludzi, kt\u00f3rzy nie wierz\u0105 w Boga, nie wierz\u0105 w Chrystusa i Jego zmartwychwstanie, mamy pami\u0119ta\u0107, \u017ce celem naszego \u017cycia na ziemi jest osi\u0105gniecie zbawienia, poniewa\u017c \u201enasza Ojczyzna jest w Niebie\u201d! Nie nale\u017cymy ju\u017c do tego \u015bwiata, kt\u00f3ry pozostaje w mrokach niewiary i z\u0142a. Nale\u017cymy do Boga i mamy na ziemi budowa\u0107 Jego Kr\u00f3lestwo. Jako wierz\u0105cy uczniowie Jezusa, mamy na co dzie\u0144 wybiera\u0107 przyja\u017a\u0144 z Jezusem, aby \u017cy\u0107 w wolno\u015bci i prawdzie. W Jezusie mamy odnajdywa\u0107 spos\u00f3b naszego \u017cycia i post\u0119powania. Troszcz\u0105c si\u0119 o czysto\u015b\u0107 swojego serca i duszy, tak jak Jezus\u00a0 mamy kierowa\u0107 si\u0119 mi\u0142o\u015bci\u0105 do Boga i mi\u0142osierdziem wobec naszych bli\u017anich.<br \/>\nDzisiaj kiedy czytany jest fragment z Ewangelii wed\u0142ug \u015bw. Jana, s\u0142yszymy o \u015bwiadkach Zmartwychwstania Jezusa. Nasza wiara opiera si\u0119 w\u0142a\u015bnie na \u015bwiadectwach tych ludzi, kt\u00f3rzy widzieli Jezusa Zmartwychwsta\u0142ego. Tak\u0105 osob\u0105 jest Maria Magdalena, kt\u00f3ra posz\u0142a do grobu \u201ewczesnym rankiem, gdy jeszcze by\u0142o ciemno i zobaczy\u0142a kamie\u0144 odsuni\u0119ty od grobu\u201d. S\u0105 nimi Aposto\u0142owie Piotr i Jan, kt\u00f3rzy wprost biegn\u0105 by sprawdzi\u0107 niespodziewan\u0105 i zaskakuj\u0105c\u0105 nowin\u0119 o pustym Grobie. Wida\u0107, jak bardzo brakowa\u0142o im Jezusa po Jego \u015bmierci na Krzy\u017cu i z\u0142o\u017ceniu do Grobu, skoro tak bardzo \u015bpiesz\u0105 si\u0119, by jak najszybciej zobaczy\u0107 pusty Gr\u00f3b i odnale\u017a\u0107 Jezusa! Podobnie i nam, uczniom Jezusa w XXI wieku, powinien towarzyszy\u0107 nieustanny po\u015bpiech\u2026, ale nie towarzysz\u0105cy naszej pogoni za dobrami materialnymi, za tym co ziemskie\u2026, ale po\u015bpiech, by ka\u017cdego dnia spotka\u0107 si\u0119 z Jezusem! Tym codziennym spotkaniem ze Zmartwychwsta\u0142ym jest nasza\u00a0 modlitwa. Najbardziej za\u015b szcz\u0119\u015bliwi powinni\u015bmy by\u0107 wtedy, gdy mo\u017cemy spotka\u0107 si\u0119 z \u017bywym, Zmartwychwsta\u0142ym Jezusem na Eucharystii. Ta nasza rado\u015b\u0107 ze spotkania z Jezusem na Mszy \u015bwi\u0119tej nie powinna by\u0107 tylko od \u015bwi\u0119ta. To pragnienie spotykania si\u0119 z Jezusem na Mszy \u015bwi\u0119tej powinno by\u0107 w nas na co dzie\u0144, a przynajmniej w ka\u017cd\u0105 niedziel\u0119 i \u015bwi\u0119to.<br \/>\nObowi\u0105zek uczestnictwa we Mszy \u015awi\u0119tej w\u0142a\u015bnie w niedziel\u0119, na pami\u0105tk\u0119 Zmartwychwstania Jezusa, u\u015bwiadamia nam, \u017ce w Eucharystii uobecnia si\u0119 nie tylko M\u0119ka i \u015amier\u0107 Chrystusa, ale r\u00f3wnie\u017c Jego Zmartwychwstanie.<br \/>\nT\u0119 prawd\u0119 potwierdza kap\u0142an, kt\u00f3ry po konsekracji wypowiada s\u0142owa: \u201eWspominaj\u0105c \u015bmier\u0107 i zmartwychwstanie Twojego Syna, ofiarujemy Tobie, Bo\u017ce, Chleb \u017cycia i Kielich zbawienia\u201d. Skoro Eucharystia uobecnia zmartwychwstanie Chrystusa, to wszyscy, kt\u00f3rzy w niej uczestnicz\u0105, mog\u0105 do\u015bwiadczy\u0107 zmartwychwstania razem z Chrystusem. Przez uczestnictwo w Eucharystii dajemy wiar\u0119 s\u0142owom Jezusa: &#8222;Kto spo\u017cywa moje Cia\u0142o i pije moj\u0105 Krew, ma \u017cycie wieczne, a Ja go wskrzesz\u0119 w dniu ostatecznym&#8221;. \u201eJa jestem zmartwychwstaniem i \u017cyciem. Kto we Mnie wierzy, cho\u0107by i umar\u0142, \u017cy\u0107 b\u0119dzie\u201d. Te s\u0142owa Jezusa s\u0105 gwarancj\u0105 naszego zmartwychwstania.<br \/>\nMoi Kochani! Dzisiejsza uroczysto\u015b\u0107 Zmartwychwstania Pa\u0144skiego, to wezwanie ze strony Boga skierowane do ka\u017cdego i ka\u017cdej z nas, \u017ce mamy by\u0107 Lud\u017ami Wielkiej Nocy! Co to znaczy? Cz\u0142owiek Wielkiej Nocy, to ten, kt\u00f3ry uwierzy\u0142, \u017ce Gr\u00f3b Jezusa \u00a0jest naprawd\u0119 pusty i Jezus Zmartwychwsta\u0142y \u017cyje. To cz\u0142owiek, kt\u00f3ry wierzy, \u017ce Jezus zosta\u0142 z nami w Eucharystii pod postaciami Chleba i Wina i dlatego cz\u0119sto uczestniczy we Mszy \u015bwi\u0119tej przyjmuj\u0105c Komunie \u015bwi\u0119t\u0105. To cz\u0142owiek, kt\u00f3ry zrozumia\u0142, \u017ce nie mo\u017ce, nie chce i nie potrafi \u017cy\u0107 bez Boga, kt\u00f3ry w \u017cyciu liczy przede wszystkim na Boga, a nie na siebie, czy tylko na ludzi. To cz\u0142owiek, kt\u00f3ry jest przekonany, \u017ce B\u00f3g daje \u0142aski i si\u0142y do tego by kocha\u0107, by umie\u0107 przebacza\u0107, by wprowadza\u0107 wok\u00f3\u0142 siebie jedno\u015b\u0107, dobro i pok\u00f3j. To cz\u0142owiek, kt\u00f3ry nie w\u0105tpi, \u017ce z pomoc\u0105 Boga ka\u017cdy mo\u017ce si\u0119 nawr\u00f3ci\u0107 i zmieni\u0107 swoje \u017cycie, przyst\u0119puj\u0105c do Sakramentu Pokuty. To cz\u0142owiek kt\u00f3ry sam przekonany, \u017ce najwa\u017cniejsza w \u017cyciu jest wiara w Boga i pos\u0142usze\u0144stwo Bo\u017cym Przykazaniom, g\u0142osi te prawdy tak\u017ce swoim bli\u017anim. To ten kto jest odwa\u017cnym \u015bwiadkiem Zmartwychwsta\u0142ego Jezusa, w swojej rodzinie i w \u015brodowisku w kt\u00f3rym przebywa. To ten kto kochaj\u0105c Chrystusa, kocha tak\u017ce Jego Ko\u015bci\u00f3\u0142 i kocha Eucharysti\u0119! Moi Kochani! B\u0105d\u017amy Lud\u017ami Wielkiej Nocy, kt\u00f3rzy, jak uczy Katechizm Ko\u015bcio\u0142a Katolickiego wierz\u0105, \u017ce \u201eChrystus zmartwychwsta\u0142 i \u017cyje na zawsze, a dzi\u0119ki temu i my razem z Nim \u017cy\u0107 b\u0119dziemy bez ko\u0144ca\u201d. Amen.<br \/>\n(o.R.)<\/p>\n<\/div>\n","protected":false},"excerpt":{"rendered":"<p>Z liturgii Niedzieli Zmartwychwstania Pa\u0144skiego \u2013 17.04.2022 1. czytanie (Dz 10, 34a. 37-43) \u015awiadectwo Piotra o zmartwychwstaniu Czytanie z Dziej\u00f3w Apostolskich Gdy Piotr przyby\u0142 do domu setnika Korneliusza w Cezarei, przem\u00f3wi\u0142 w d\u0142u\u017cszym wywodzie: \u00abWiecie, co si\u0119 dzia\u0142o w ca\u0142ej Judei, pocz\u0105wszy od Galilei, po chrzcie, kt\u00f3ry g\u0142osi\u0142 Jan. Znacie spraw\u0119 Jezusa z Nazaretu, kt\u00f3rego &hellip;<\/p>\n","protected":false},"author":2,"featured_media":22583,"comment_status":"closed","ping_status":"closed","sticky":false,"template":"","format":"standard","meta":{"_mi_skip_tracking":false,"_exactmetrics_sitenote_active":false,"_exactmetrics_sitenote_note":"","_exactmetrics_sitenote_category":0},"categories":[14],"tags":[],"yoast_head":"<!-- This site is optimized with the Yoast SEO plugin v18.1 - https:\/\/yoast.com\/wordpress\/plugins\/seo\/ -->\n<title>Do medytacji z kalwaryjskiego Wzg\u00f3rza \u2013 Niedziela Zmartwychwstania Pa\u0144skiego \u2013 17.04.2022 - Pako\u015b\u0107 \u2013 Kalwaria<\/title>\n<meta name=\"robots\" content=\"index, follow, max-snippet:-1, max-image-preview:large, max-video-preview:-1\" \/>\n<link rel=\"canonical\" href=\"https:\/\/pakosc-kalwaria.franciszkanie.net\/index.php\/2022\/04\/17\/do-medytacji-z-kalwaryjskiego-wzgorza-niedziela-zmartwychwstania-panskiego-17-04-2022\/\" \/>\n<meta property=\"og:locale\" content=\"pl_PL\" \/>\n<meta property=\"og:type\" content=\"article\" \/>\n<meta property=\"og:title\" content=\"Do medytacji z kalwaryjskiego Wzg\u00f3rza \u2013 Niedziela Zmartwychwstania Pa\u0144skiego \u2013 17.04.2022 - Pako\u015b\u0107 \u2013 Kalwaria\" \/>\n<meta property=\"og:description\" content=\"Z liturgii Niedzieli Zmartwychwstania Pa\u0144skiego \u2013 17.04.2022 1. czytanie (Dz 10, 34a. 37-43) \u015awiadectwo Piotra o zmartwychwstaniu Czytanie z Dziej\u00f3w Apostolskich Gdy Piotr przyby\u0142 do domu setnika Korneliusza w Cezarei, przem\u00f3wi\u0142 w d\u0142u\u017cszym wywodzie: \u00abWiecie, co si\u0119 dzia\u0142o w ca\u0142ej Judei, pocz\u0105wszy od Galilei, po chrzcie, kt\u00f3ry g\u0142osi\u0142 Jan. Znacie spraw\u0119 Jezusa z Nazaretu, kt\u00f3rego &hellip;\" \/>\n<meta property=\"og:url\" content=\"https:\/\/pakosc-kalwaria.franciszkanie.net\/index.php\/2022\/04\/17\/do-medytacji-z-kalwaryjskiego-wzgorza-niedziela-zmartwychwstania-panskiego-17-04-2022\/\" \/>\n<meta property=\"og:site_name\" content=\"Pako\u015b\u0107 \u2013 Kalwaria\" \/>\n<meta property=\"article:author\" content=\"https:\/\/www.facebook.com\/KalwariaPakosc\/\" \/>\n<meta property=\"article:published_time\" content=\"2022-04-17T10:00:41+00:00\" \/>\n<meta property=\"article:modified_time\" content=\"2022-04-16T16:22:53+00:00\" \/>\n<meta property=\"og:image\" content=\"https:\/\/pakosc-kalwaria.franciszkanie.net\/wp-content\/uploads\/2022\/04\/zmartwychwstanie-jezusa-komentarze-liturgiczny-622x387-1.jpg\" \/>\n\t<meta property=\"og:image:width\" content=\"350\" \/>\n\t<meta property=\"og:image:height\" content=\"218\" \/>\n\t<meta property=\"og:image:type\" content=\"image\/jpeg\" \/>\n<meta name=\"twitter:card\" content=\"summary\" \/>\n<meta name=\"twitter:label1\" content=\"Napisane przez\" \/>\n\t<meta name=\"twitter:data1\" content=\"pakosc-kalwaria\" \/>\n\t<meta name=\"twitter:label2\" content=\"Szacowany czas czytania\" \/>\n\t<meta name=\"twitter:data2\" content=\"9 minut\" \/>\n<script type=\"application\/ld+json\" class=\"yoast-schema-graph\">{\"@context\":\"https:\/\/schema.org\",\"@graph\":[{\"@type\":\"WebSite\",\"@id\":\"https:\/\/pakosc-kalwaria.franciszkanie.net\/#website\",\"url\":\"https:\/\/pakosc-kalwaria.franciszkanie.net\/\",\"name\":\"Pako\u015b\u0107 \u2013 Kalwaria\",\"description\":\"Parafia Rzymsko \u2013 Katolicka p.w. Pana Jezusa Ukrzy\u017cowanego i  Matki Bo\u017cej Bolesnej ul. Barci\u0144ska 60, 88\u2013170 Pako\u015b\u0107 \u2013 Kalwaria\",\"potentialAction\":[{\"@type\":\"SearchAction\",\"target\":{\"@type\":\"EntryPoint\",\"urlTemplate\":\"https:\/\/pakosc-kalwaria.franciszkanie.net\/?s={search_term_string}\"},\"query-input\":\"required name=search_term_string\"}],\"inLanguage\":\"pl-PL\"},{\"@type\":\"ImageObject\",\"@id\":\"https:\/\/pakosc-kalwaria.franciszkanie.net\/index.php\/2022\/04\/17\/do-medytacji-z-kalwaryjskiego-wzgorza-niedziela-zmartwychwstania-panskiego-17-04-2022\/#primaryimage\",\"inLanguage\":\"pl-PL\",\"url\":\"https:\/\/pakosc-kalwaria.franciszkanie.net\/wp-content\/uploads\/2022\/04\/zmartwychwstanie-jezusa-komentarze-liturgiczny-622x387-1.jpg\",\"contentUrl\":\"https:\/\/pakosc-kalwaria.franciszkanie.net\/wp-content\/uploads\/2022\/04\/zmartwychwstanie-jezusa-komentarze-liturgiczny-622x387-1.jpg\",\"width\":350,\"height\":218},{\"@type\":\"WebPage\",\"@id\":\"https:\/\/pakosc-kalwaria.franciszkanie.net\/index.php\/2022\/04\/17\/do-medytacji-z-kalwaryjskiego-wzgorza-niedziela-zmartwychwstania-panskiego-17-04-2022\/#webpage\",\"url\":\"https:\/\/pakosc-kalwaria.franciszkanie.net\/index.php\/2022\/04\/17\/do-medytacji-z-kalwaryjskiego-wzgorza-niedziela-zmartwychwstania-panskiego-17-04-2022\/\",\"name\":\"Do medytacji z kalwaryjskiego Wzg\u00f3rza \u2013 Niedziela Zmartwychwstania Pa\u0144skiego \u2013 17.04.2022 - Pako\u015b\u0107 \u2013 Kalwaria\",\"isPartOf\":{\"@id\":\"https:\/\/pakosc-kalwaria.franciszkanie.net\/#website\"},\"primaryImageOfPage\":{\"@id\":\"https:\/\/pakosc-kalwaria.franciszkanie.net\/index.php\/2022\/04\/17\/do-medytacji-z-kalwaryjskiego-wzgorza-niedziela-zmartwychwstania-panskiego-17-04-2022\/#primaryimage\"},\"datePublished\":\"2022-04-17T10:00:41+00:00\",\"dateModified\":\"2022-04-16T16:22:53+00:00\",\"author\":{\"@id\":\"https:\/\/pakosc-kalwaria.franciszkanie.net\/#\/schema\/person\/af10b943be0760709227d060eadcb2aa\"},\"breadcrumb\":{\"@id\":\"https:\/\/pakosc-kalwaria.franciszkanie.net\/index.php\/2022\/04\/17\/do-medytacji-z-kalwaryjskiego-wzgorza-niedziela-zmartwychwstania-panskiego-17-04-2022\/#breadcrumb\"},\"inLanguage\":\"pl-PL\",\"potentialAction\":[{\"@type\":\"ReadAction\",\"target\":[\"https:\/\/pakosc-kalwaria.franciszkanie.net\/index.php\/2022\/04\/17\/do-medytacji-z-kalwaryjskiego-wzgorza-niedziela-zmartwychwstania-panskiego-17-04-2022\/\"]}]},{\"@type\":\"BreadcrumbList\",\"@id\":\"https:\/\/pakosc-kalwaria.franciszkanie.net\/index.php\/2022\/04\/17\/do-medytacji-z-kalwaryjskiego-wzgorza-niedziela-zmartwychwstania-panskiego-17-04-2022\/#breadcrumb\",\"itemListElement\":[{\"@type\":\"ListItem\",\"position\":1,\"name\":\"Strona g\u0142\u00f3wna\",\"item\":\"https:\/\/pakosc-kalwaria.franciszkanie.net\/\"},{\"@type\":\"ListItem\",\"position\":2,\"name\":\"Do medytacji z kalwaryjskiego Wzg\u00f3rza \u2013 Niedziela Zmartwychwstania Pa\u0144skiego \u2013 17.04.2022\"}]},{\"@type\":\"Person\",\"@id\":\"https:\/\/pakosc-kalwaria.franciszkanie.net\/#\/schema\/person\/af10b943be0760709227d060eadcb2aa\",\"name\":\"pakosc-kalwaria\",\"image\":{\"@type\":\"ImageObject\",\"@id\":\"https:\/\/pakosc-kalwaria.franciszkanie.net\/#personlogo\",\"inLanguage\":\"pl-PL\",\"url\":\"https:\/\/secure.gravatar.com\/avatar\/e7049d338b55eac6a0027ff3218b8d02?s=96&d=mm&r=g\",\"contentUrl\":\"https:\/\/secure.gravatar.com\/avatar\/e7049d338b55eac6a0027ff3218b8d02?s=96&d=mm&r=g\",\"caption\":\"pakosc-kalwaria\"},\"sameAs\":[\"https:\/\/www.facebook.com\/KalwariaPakosc\/\"],\"url\":\"https:\/\/pakosc-kalwaria.franciszkanie.net\/index.php\/author\/pakosc-kalwaria\/\"}]}<\/script>\n<!-- \/ Yoast SEO plugin. -->","yoast_head_json":{"title":"Do medytacji z kalwaryjskiego Wzg\u00f3rza \u2013 Niedziela Zmartwychwstania Pa\u0144skiego \u2013 17.04.2022 - Pako\u015b\u0107 \u2013 Kalwaria","robots":{"index":"index","follow":"follow","max-snippet":"max-snippet:-1","max-image-preview":"max-image-preview:large","max-video-preview":"max-video-preview:-1"},"canonical":"https:\/\/pakosc-kalwaria.franciszkanie.net\/index.php\/2022\/04\/17\/do-medytacji-z-kalwaryjskiego-wzgorza-niedziela-zmartwychwstania-panskiego-17-04-2022\/","og_locale":"pl_PL","og_type":"article","og_title":"Do medytacji z kalwaryjskiego Wzg\u00f3rza \u2013 Niedziela Zmartwychwstania Pa\u0144skiego \u2013 17.04.2022 - Pako\u015b\u0107 \u2013 Kalwaria","og_description":"Z liturgii Niedzieli Zmartwychwstania Pa\u0144skiego \u2013 17.04.2022 1. czytanie (Dz 10, 34a. 37-43) \u015awiadectwo Piotra o zmartwychwstaniu Czytanie z Dziej\u00f3w Apostolskich Gdy Piotr przyby\u0142 do domu setnika Korneliusza w Cezarei, przem\u00f3wi\u0142 w d\u0142u\u017cszym wywodzie: \u00abWiecie, co si\u0119 dzia\u0142o w ca\u0142ej Judei, pocz\u0105wszy od Galilei, po chrzcie, kt\u00f3ry g\u0142osi\u0142 Jan. Znacie spraw\u0119 Jezusa z Nazaretu, kt\u00f3rego &hellip;","og_url":"https:\/\/pakosc-kalwaria.franciszkanie.net\/index.php\/2022\/04\/17\/do-medytacji-z-kalwaryjskiego-wzgorza-niedziela-zmartwychwstania-panskiego-17-04-2022\/","og_site_name":"Pako\u015b\u0107 \u2013 Kalwaria","article_author":"https:\/\/www.facebook.com\/KalwariaPakosc\/","article_published_time":"2022-04-17T10:00:41+00:00","article_modified_time":"2022-04-16T16:22:53+00:00","og_image":[{"width":350,"height":218,"url":"https:\/\/pakosc-kalwaria.franciszkanie.net\/wp-content\/uploads\/2022\/04\/zmartwychwstanie-jezusa-komentarze-liturgiczny-622x387-1.jpg","type":"image\/jpeg"}],"twitter_card":"summary","twitter_misc":{"Napisane przez":"pakosc-kalwaria","Szacowany czas czytania":"9 minut"},"schema":{"@context":"https:\/\/schema.org","@graph":[{"@type":"WebSite","@id":"https:\/\/pakosc-kalwaria.franciszkanie.net\/#website","url":"https:\/\/pakosc-kalwaria.franciszkanie.net\/","name":"Pako\u015b\u0107 \u2013 Kalwaria","description":"Parafia Rzymsko \u2013 Katolicka p.w. Pana Jezusa Ukrzy\u017cowanego i  Matki Bo\u017cej Bolesnej ul. Barci\u0144ska 60, 88\u2013170 Pako\u015b\u0107 \u2013 Kalwaria","potentialAction":[{"@type":"SearchAction","target":{"@type":"EntryPoint","urlTemplate":"https:\/\/pakosc-kalwaria.franciszkanie.net\/?s={search_term_string}"},"query-input":"required name=search_term_string"}],"inLanguage":"pl-PL"},{"@type":"ImageObject","@id":"https:\/\/pakosc-kalwaria.franciszkanie.net\/index.php\/2022\/04\/17\/do-medytacji-z-kalwaryjskiego-wzgorza-niedziela-zmartwychwstania-panskiego-17-04-2022\/#primaryimage","inLanguage":"pl-PL","url":"https:\/\/pakosc-kalwaria.franciszkanie.net\/wp-content\/uploads\/2022\/04\/zmartwychwstanie-jezusa-komentarze-liturgiczny-622x387-1.jpg","contentUrl":"https:\/\/pakosc-kalwaria.franciszkanie.net\/wp-content\/uploads\/2022\/04\/zmartwychwstanie-jezusa-komentarze-liturgiczny-622x387-1.jpg","width":350,"height":218},{"@type":"WebPage","@id":"https:\/\/pakosc-kalwaria.franciszkanie.net\/index.php\/2022\/04\/17\/do-medytacji-z-kalwaryjskiego-wzgorza-niedziela-zmartwychwstania-panskiego-17-04-2022\/#webpage","url":"https:\/\/pakosc-kalwaria.franciszkanie.net\/index.php\/2022\/04\/17\/do-medytacji-z-kalwaryjskiego-wzgorza-niedziela-zmartwychwstania-panskiego-17-04-2022\/","name":"Do medytacji z kalwaryjskiego Wzg\u00f3rza \u2013 Niedziela Zmartwychwstania Pa\u0144skiego \u2013 17.04.2022 - Pako\u015b\u0107 \u2013 Kalwaria","isPartOf":{"@id":"https:\/\/pakosc-kalwaria.franciszkanie.net\/#website"},"primaryImageOfPage":{"@id":"https:\/\/pakosc-kalwaria.franciszkanie.net\/index.php\/2022\/04\/17\/do-medytacji-z-kalwaryjskiego-wzgorza-niedziela-zmartwychwstania-panskiego-17-04-2022\/#primaryimage"},"datePublished":"2022-04-17T10:00:41+00:00","dateModified":"2022-04-16T16:22:53+00:00","author":{"@id":"https:\/\/pakosc-kalwaria.franciszkanie.net\/#\/schema\/person\/af10b943be0760709227d060eadcb2aa"},"breadcrumb":{"@id":"https:\/\/pakosc-kalwaria.franciszkanie.net\/index.php\/2022\/04\/17\/do-medytacji-z-kalwaryjskiego-wzgorza-niedziela-zmartwychwstania-panskiego-17-04-2022\/#breadcrumb"},"inLanguage":"pl-PL","potentialAction":[{"@type":"ReadAction","target":["https:\/\/pakosc-kalwaria.franciszkanie.net\/index.php\/2022\/04\/17\/do-medytacji-z-kalwaryjskiego-wzgorza-niedziela-zmartwychwstania-panskiego-17-04-2022\/"]}]},{"@type":"BreadcrumbList","@id":"https:\/\/pakosc-kalwaria.franciszkanie.net\/index.php\/2022\/04\/17\/do-medytacji-z-kalwaryjskiego-wzgorza-niedziela-zmartwychwstania-panskiego-17-04-2022\/#breadcrumb","itemListElement":[{"@type":"ListItem","position":1,"name":"Strona g\u0142\u00f3wna","item":"https:\/\/pakosc-kalwaria.franciszkanie.net\/"},{"@type":"ListItem","position":2,"name":"Do medytacji z kalwaryjskiego Wzg\u00f3rza \u2013 Niedziela Zmartwychwstania Pa\u0144skiego \u2013 17.04.2022"}]},{"@type":"Person","@id":"https:\/\/pakosc-kalwaria.franciszkanie.net\/#\/schema\/person\/af10b943be0760709227d060eadcb2aa","name":"pakosc-kalwaria","image":{"@type":"ImageObject","@id":"https:\/\/pakosc-kalwaria.franciszkanie.net\/#personlogo","inLanguage":"pl-PL","url":"https:\/\/secure.gravatar.com\/avatar\/e7049d338b55eac6a0027ff3218b8d02?s=96&d=mm&r=g","contentUrl":"https:\/\/secure.gravatar.com\/avatar\/e7049d338b55eac6a0027ff3218b8d02?s=96&d=mm&r=g","caption":"pakosc-kalwaria"},"sameAs":["https:\/\/www.facebook.com\/KalwariaPakosc\/"],"url":"https:\/\/pakosc-kalwaria.franciszkanie.net\/index.php\/author\/pakosc-kalwaria\/"}]}},"_links":{"self":[{"href":"https:\/\/pakosc-kalwaria.franciszkanie.net\/index.php\/wp-json\/wp\/v2\/posts\/22582"}],"collection":[{"href":"https:\/\/pakosc-kalwaria.franciszkanie.net\/index.php\/wp-json\/wp\/v2\/posts"}],"about":[{"href":"https:\/\/pakosc-kalwaria.franciszkanie.net\/index.php\/wp-json\/wp\/v2\/types\/post"}],"author":[{"embeddable":true,"href":"https:\/\/pakosc-kalwaria.franciszkanie.net\/index.php\/wp-json\/wp\/v2\/users\/2"}],"replies":[{"embeddable":true,"href":"https:\/\/pakosc-kalwaria.franciszkanie.net\/index.php\/wp-json\/wp\/v2\/comments?post=22582"}],"version-history":[{"count":2,"href":"https:\/\/pakosc-kalwaria.franciszkanie.net\/index.php\/wp-json\/wp\/v2\/posts\/22582\/revisions"}],"predecessor-version":[{"id":22585,"href":"https:\/\/pakosc-kalwaria.franciszkanie.net\/index.php\/wp-json\/wp\/v2\/posts\/22582\/revisions\/22585"}],"wp:featuredmedia":[{"embeddable":true,"href":"https:\/\/pakosc-kalwaria.franciszkanie.net\/index.php\/wp-json\/wp\/v2\/media\/22583"}],"wp:attachment":[{"href":"https:\/\/pakosc-kalwaria.franciszkanie.net\/index.php\/wp-json\/wp\/v2\/media?parent=22582"}],"wp:term":[{"taxonomy":"category","embeddable":true,"href":"https:\/\/pakosc-kalwaria.franciszkanie.net\/index.php\/wp-json\/wp\/v2\/categories?post=22582"},{"taxonomy":"post_tag","embeddable":true,"href":"https:\/\/pakosc-kalwaria.franciszkanie.net\/index.php\/wp-json\/wp\/v2\/tags?post=22582"}],"curies":[{"name":"wp","href":"https:\/\/api.w.org\/{rel}","templated":true}]}}