{"id":22587,"date":"2022-04-15T22:00:46","date_gmt":"2022-04-15T20:00:46","guid":{"rendered":"http:\/\/pakosc-kalwaria.franciszkanie.net\/?p=22587"},"modified":"2022-04-20T20:11:20","modified_gmt":"2022-04-20T18:11:20","slug":"list-rektora-kul-na-wielkanoc-2022","status":"publish","type":"post","link":"https:\/\/pakosc-kalwaria.franciszkanie.net\/index.php\/2022\/04\/15\/list-rektora-kul-na-wielkanoc-2022\/","title":{"rendered":"List Rektora KUL na Wielkanoc 2022"},"content":{"rendered":"<p><strong><span style=\"color: #ff0000;\">List Rektora KUL na Wielkanoc 2022<\/span><\/strong><\/p>\n<p><strong>Zmartwychwsta\u0142 Pan \u2013 niezawodna nadzieja nasza<\/strong><br \/>\nPrawda o zmartwychwstaniu Chrystusa od dw\u00f3ch tysi\u0119cy lat niezmiennie zadziwia \u015bwiat\u00a0i jest \u017ar\u00f3d\u0142em radosnej nadziei dla tych, kt\u00f3rzy z wiar\u0105 j\u0105 przyjmuj\u0105. Obecnie, wobec powrotu\u00a0demon\u00f3w wojny na terytorium naszej cz\u0119\u015bci Europy, przepe\u0142nione nadziej\u0105 Or\u0119dzie Wielkanocne\u00a0staje si\u0119 szczeg\u00f3lnym \u017ar\u00f3d\u0142em optymizmu i pocieszenia. W tym kontek\u015bcie proroczo\u00a0brzmi\u0105 s\u0142owa, wypowiedziane w ostatni\u0105 Wielkanoc swojego ziemskiego \u017cycia przez\u00a0b\u0142ogos\u0142awionego kardyna\u0142a Stefana Wyszy\u0144skiego, by\u0142ego wielkiego kanclerza Katolickiego\u00a0Uniwersytetu Lubelskiego: \u201eCz\u0142owiekowi potrzebny jest wielkanocny poryw nadziei, by si\u0119\u00a0wyd\u017awign\u0105\u0107 z upadku ducha\u201d. A w jednym ze swoich rozwa\u017ca\u0144 napisa\u0142: \u201eKa\u017cdy z nas jest\u00a0nieustannie wydawany na \u0142up innych, na \u0142up ludzkiej opinii, krytyki, s\u0105du; jest nieustannie\u00a0biczowany, oplwany, w jaki\u015b spos\u00f3b wyka\u0144czany. Pozostaje tylko nadzieja, \u017ce kt\u00f3rego\u015b dnia\u00a0zmartwychwstanie\u201d (Kromka chleba, Warszawa 2005).<\/p>\n<p><strong>Nadzieja wbrew nadziei<br \/>\n<\/strong>Niejednokrotnie pojawia si\u0119 w\u0105tpliwo\u015b\u0107, tak\u017ce w\u015br\u00f3d chrze\u015bcijan: dlaczego Syn Bo\u017cy,\u00a0chc\u0105c pom\u00f3c cz\u0142owiekowi, nie zwyci\u0119\u017cy\u0142 z\u0142a i \u015bmierci od razu, ale sam si\u0119 im podda\u0142, odk\u0142adaj\u0105c\u00a0zwyci\u0119stwo na czasy ostateczne, daj\u0105c nadziej\u0119 odleg\u0142\u0105 w czasie? Nie znamy odpowiedzi\u00a0na to pytanie, ale wierzymy, \u017ce B\u00f3g w swojej opatrzno\u015bci wybra\u0142 najlepsze rozwi\u0105zanie:\u00a0dobrowolnie przyj\u0105\u0142 \u015bmier\u0107, jakiej do\u015bwiadcza ka\u017cdy cz\u0142owiek, aby pokaza\u0107, \u017ce nigdy w \u017cadnym\u00a0cierpieniu nie jeste\u015bmy sami, ale \u017ce On prze\u017cywa je wraz z nami, a r\u00f3wnocze\u015bnie sk\u0142ada\u00a0zbawcz\u0105 ofiar\u0119 za ka\u017cde z\u0142o pope\u0142nione przez ludzi. Wierzymy r\u00f3wnie\u017c, \u017ce Jego zmartwychwstanie\u00a0zapocz\u0105tkowa\u0142o proces powrotu do \u017cycia, kt\u00f3ry obejmie ca\u0142\u0105 ludzko\u015b\u0107.<\/p>\n<p>Jezus Chrystus, umieraj\u0105c na krzy\u017cu, prze\u017cywa\u0142 te same rozterki, co ka\u017cdy z nas. \u015awiadczy\u00a0o tym Jego wo\u0142anie: \u201eBo\u017ce m\u00f3j, Bo\u017ce m\u00f3j, czemu\u015b mnie opu\u015bci\u0142?\u201d (Mt 27,46; Mk 15,34).\u00a0Nie by\u0142 to okrzyk buntu czy zw\u0105tpienia, ale s\u0142owa zaczerpni\u0119te z Psalmu 22. Psalm ten\u00a0w proroczy spos\u00f3b opisuje cierpienia Sprawiedliwego, kt\u00f3ry wprawdzie jest w sytuacji po\u00a0ludzku beznadziejnej, ale ma nadziej\u0119, \u017ce B\u00f3g Ojciec mimo wszystko go wys\u0142ucha. Spe\u0142nienie\u00a0tej nadziei wyra\u017caj\u0105 ostatnie wersety psalmu, kt\u00f3rych Chrystus nie zd\u0105\u017cy\u0142 ju\u017c wypowiedzie\u0107\u00a0na krzy\u017cu, ale kt\u00f3re zna\u0142 z liturgii \u017cydowskiej i w kt\u00f3re g\u0142\u0119boko wierzy\u0142. Zgodnie\u00a0z rozpowszechnion\u0105 w Ko\u015bciele interpretacj\u0105, si\u0119gaj\u0105c\u0105 czas\u00f3w \u015bw. Augustyna, Jezus modli\u0142\u00a0si\u0119 na krzy\u017cu w imieniu wszystkich cierpi\u0105cych ludzi i powierza\u0142 Ojcu ich niedol\u0119 w nadziei\u00a0na ostateczne zwyci\u0119stwo. Jego bolesne wyznanie nie oznacza\u0142o wi\u0119c rozpaczy, ale \u015bwiadczy\u0142o\u00a0o ufno\u015bci, jak\u0105 ka\u017cdy cz\u0142owiek powinien pok\u0142ada\u0107 w Bogu Stw\u00f3rcy, mi\u0142uj\u0105cym przecie\u017c\u00a0swoje stworzenie.<\/p>\n<p>Gdy wi\u0119c w obecnym trudnym czasie jeste\u015bmy zanurzeni w nadmiarze cierpienia, trzeba\u00a0bra\u0107 wz\u00f3r z Chrystusa, pok\u0142adaj\u0105cego niezawodn\u0105 nadziej\u0119 w Bogu Ojcu. Spogl\u0105dajmy\u00a0z ufno\u015bci\u0105 na krzy\u017c, szczeg\u00f3lnie na taki, jaki mo\u017cna ogl\u0105da\u0107 w warmi\u0144skiej bazylice w \u015awi\u0119tej\u00a0Lipce na jednym z obraz\u00f3w ofiarowanych przez kr\u00f3la Jana III Sobieskiego jako wotum\u00a0po zwyci\u0119skiej bitwie pod Wiedniem. Jest to wizerunek ukrzy\u017cowanego Chrystusa triumfuj\u0105cego,\u00a0kt\u00f3ry wznosi r\u0119ce i pogodn\u0105 twarz ku niebu w nadziei rych\u0142ego zmartwychwstania.<\/p>\n<p>Wielki teolog Ko\u015bcio\u0142a okresu \u015bredniowiecza, \u015bw. Tomasz z Akwinu, zwraca\u0142 uwag\u0119, \u017ce\u00a0wszelka nadzieja jest oczekiwaniem na co\u015b, czego jeszcze si\u0119 nie posiada. Jest wi\u0119c ona towarzyszk\u0105\u00a0naszej ziemskiej drogi, dop\u00f3ki trwa ten \u015bwiat. Prowadzi ona do czas\u00f3w ostatecznych,\u00a0kiedy \u2013 zgodnie z zapewnieniem Chrystusa \u2013 nast\u0105pi spe\u0142nienie pragnie\u0144 przekraczaj\u0105ce\u00a0ludzkie wyobra\u017cenia, a miejsce wiary i nadziei zajmie wszechobecna mi\u0142o\u015b\u0107 i rado\u015b\u0107.\u00a0B\u0142. Stefan Wyszy\u0144ski \u017cy\u0142 tak\u0105 nadziej\u0105, r\u00f3wnie\u017c wtedy, kiedy zosta\u0142 zatrzymany i przebywa\u0142\u00a0w odosobnieniu. Napisa\u0142 w Zapiskach wi\u0119ziennych: \u201eGdy Chrystus zmartwychwsta\u0142, objawi\u0142\u00a0tyle mo\u017cliwo\u015bci przed lud\u017ami, \u017ce ju\u017c jest nam wszystko jedno, w jakiej obecnie jeste\u015bmy\u00a0sytuacji\u201d.<\/p>\n<p><strong>Nadzieja na spotkanie z bra\u0107mi<br \/>\n<\/strong>Wszyscy ludzie, z kt\u00f3rymi si\u0119 stykamy, nawet przez kr\u00f3tk\u0105 chwil\u0119, nosz\u0105 w sobie obraz\u00a0Boga i za ka\u017cdego z nich umar\u0142 Chrystus, nawet je\u017celi nie zdaj\u0105 sobie z tego sprawy. Nie\u00a0zawsze jednak o tym pami\u0119tamy i nie kierujemy si\u0119 mi\u0142o\u015bci\u0105 w stosunku do bli\u017anich, a niekt\u00f3rych\u00a0wr\u0119cz nie akceptujemy. Nadzieja na nowe \u017cycie niesie ze sob\u0105 pod tym wzgl\u0119dem\u00a0pewien obowi\u0105zek, a zarazem zadanie do wykonania, szczeg\u00f3lnie w obecnej sytuacji, gdy\u00a0pojawiaj\u0105 si\u0119 obok nas potrzebuj\u0105cy siostry i bracia z Ukrainy, uciekaj\u0105cy przed wojn\u0105. Kardyna\u0142\u00a0Stefan Wyszy\u0144ski w jednej ze swoich homilii uj\u0105\u0142 ten zobowi\u0105zuj\u0105cy wymiar nadziei\u00a0w nast\u0119puj\u0105cy spos\u00f3b: \u201eZmartwychwstanie ma ogromne znaczenie dla ka\u017cdego z nas. Ale\u00a0ma te\u017c olbrzymie znaczenie spo\u0142eczne. [\u2026] ci ludzie, kt\u00f3rych my dzisiaj ogl\u0105damy przed\u00a0sob\u0105, do kt\u00f3rych odnosimy si\u0119 z mi\u0142o\u015bci\u0105 lub nienawi\u015bci\u0105, kt\u00f3rym czynimy dobrze lub \u017ale,\u00a0kt\u00f3rych o\u017cywiamy lub u\u015bmiercamy \u2013 oni wszyscy zmartwychwstan\u0105! Kiedy\u015b si\u0119 z nimi spotkamy.\u00a0Nieuniknione jest, \u017ce staniemy twarz\u0105 w twarz wobec tych wszystkich ludzi. Jaka\u00a0b\u0119dzie w\u00f3wczas rado\u015b\u0107, gdy b\u0119dziemy mieli \u015bwiadomo\u015b\u0107, \u017ce ci zmartwychwstali patrz\u0105 na\u00a0nas przyja\u017anie, \u017cyczliwie, bo wiedz\u0105, \u017ce s\u0142u\u017cyli\u015bmy im dobrem, mi\u0142o\u015bci\u0105, pomoc\u0105. Ale jak bolesn\u0105\u00a0b\u0119dzie rzecz\u0105, gdy w dniu zmartwychwstania spotkaj\u0105 si\u0119 i tacy ludzie, z kt\u00f3rych jeden\u00a0by\u0142 ofiar\u0105 drugiego, bo pad\u0142 na skutek nienawi\u015bci domowej, spo\u0142ecznej czy politycznej. [\u2026]\u00a0\u015awi\u0119cimy w tej chwili rado\u015bnie nie tylko Zmartwychwstanie Pana, ale zarazem pe\u0142ne nadziei\u00a0nasze zmartwychwstanie. Tak wi\u0119c post\u0119pujmy i tak \u017cyjmy, aby by\u0142o ono nie tylko nadziej\u0105,\u00a0ale i stylem naszego \u017cycia, aby\u015bmy ju\u017c dzisiaj zas\u0142ugiwali sobie na powszechn\u0105 rado\u015b\u0107 wobec\u00a0wszystkich, kt\u00f3rych w dniu naszego zmartwychwstania wok\u00f3\u0142 siebie zobaczymy\u201d (Homilia\u00a0wyg\u0142oszona w Bazylice \u015bw. Jana w Warszawie, w niedziel\u0119, 10 kwietnia 1977 r.).<\/p>\n<p>Potraktujmy przytoczone s\u0142owa Prymasa Tysi\u0105clecia jako zobowi\u0105zanie, od kt\u00f3rego zale\u017cy\u00a0spe\u0142nienie naszych nadziei na rado\u015b\u0107 wieczn\u0105. Widz\u0105c wok\u00f3\u0142 nas ludzi potrzebuj\u0105cych,\u00a0zw\u0142aszcza ofiary wojny, pami\u0119tajmy o s\u0142owach Chrystusa: \u201eWszystko, co uczynili\u015bcie jednemu\u00a0z tych braci moich najmniejszych, Mnie\u015bcie uczynili\u201d (Mt 25,40).<\/p>\n<p><strong>Uniwersytet katolicki pos\u0142a\u0144cem niezawodnej nadziei<br \/>\n<\/strong>Jednym z wa\u017cnych obszar\u00f3w, w kt\u00f3rych rodzi si\u0119 i jest przekazywana dalej chrze\u015bcija\u0144ska\u00a0nadzieja, powinien by\u0107 uniwersytet katolicki. Podejmowana w murach takiej uczelni praca\u00a0badawczo-dydaktyczna na polu szeroko rozumianej humanistyki, ze szczeg\u00f3lnym uwzgl\u0119dnieniem\u00a0teologii, ma s\u0142u\u017cy\u0107 rozbudzeniu nadziei na lepsze \u017cycie nie tylko w wymiarach\u00a0ziemskich, ale tak\u017ce przekraczaj\u0105cych obecny czas i miejsce.<\/p>\n<p>\u017bycie nadziej\u0105 jest wpisane w spos\u00f3b naturalny w prac\u0119 naukowca i studenta, zw\u0142aszcza\u00a0dzia\u0142aj\u0105cych na terenie uczelni katolickiej. Ich g\u0142\u00f3wnym d\u0105\u017ceniem jest poznanie prawdy\u00a0w wymiarze nie tylko ziemskim, lecz tak\u017ce ostatecznym. Je\u017celi to d\u0105\u017cenie ma by\u0107 skuteczne,\u00a0musi by\u0107 o\u017cywiane nieustann\u0105 nadziej\u0105 na mo\u017cliwo\u015b\u0107 zrealizowania go z pomoc\u0105 samego\u00a0Boga, kt\u00f3ry przez usta swojego Syna powiedzia\u0142: \u201eJa jestem prawd\u0105\u201d. Naukowiec i student,\u00a0godz\u0105cy rozumne my\u015blenie z chrze\u015bcija\u0144sk\u0105 wiar\u0105, nie mog\u0105 ogranicza\u0107 si\u0119 tylko do zdobycia\u00a0wiedzy, ale powinni nieustannie o\u017cywia\u0107 w sobie nadziej\u0119, \u017ce poznanie i przekazanie prawdy\u00a0znajdzie odzwierciedlenie w praktyce i przyczyni si\u0119 do przemiany \u017cycia na lepsze. Naukowiec\u00a0i student na uniwersytecie katolickim s\u0105 tak\u017ce powo\u0142ani do bycia na co dzie\u0144 \u015bwiadkami\u00a0nadziei radosnej, o\u015bwieconej blaskiem o\u015bmiu b\u0142ogos\u0142awie\u0144stw, wykraczaj\u0105cej poza doczesn\u0105\u00a0niesprawiedliwo\u015b\u0107, cierpienie, smutek i bezradno\u015b\u0107, ukazuj\u0105cej perspektyw\u0119 \u017cycia w przyja\u017ani\u00a0z Bogiem jako \u017ar\u00f3d\u0142em prawdziwego i wiecznego szcz\u0119\u015bcia.<\/p>\n<p>Katolicki Uniwersytet Lubelski Jana Paw\u0142a II jest \u015bwiadomy roli dawcy nadziei i usi\u0142uje j\u0105\u00a0spe\u0142nia\u0107 od ponad stu lat w r\u00f3\u017cnych okoliczno\u015bciach ludzkiego \u017cycia \u2013 w\u0142\u0105cznie z czasem epidemii,\u00a0rz\u0105d\u00f3w totalitarnych czy wojny. W najbli\u017cszym czasie nasza uczelnia, do\u015bwiadczona\u00a0w dawaniu nadziei \u201educhowej\u201d, pragnie tak\u017ce w\u0142\u0105czy\u0107 si\u0119 w przywracanie nadziei \u201efizycznej\u201d\u00a0osobom chorym \u2013 planujemy uruchomienie kierunku medycznego, kt\u00f3ry pozwoli kszta\u0142ci\u0107\u00a0lekarzy posiadaj\u0105cych nie tylko fachow\u0105 wiedz\u0119 medyczn\u0105, ale tak\u017ce g\u0142\u0119bok\u0105 formacj\u0119\u00a0duchow\u0105. W obecnej sytuacji wojny w Ukrainie, staramy si\u0119 nie\u015b\u0107 nadziej\u0119 poprzez przyjmowanie\u00a0uchod\u017ac\u00f3w do dom\u00f3w akademickich, jakimi dysponuje nasza uczelnia oraz przez\u00a0organizowanie pomocy materialnej.<\/p>\n<p>W imieniu ca\u0142ej spo\u0142eczno\u015bci Katolickiego Uniwersytetu Lubelskiego Jana Paw\u0142a II sk\u0142adam\u00a0gor\u0105ce podzi\u0119kowanie wszystkim jego Dobroczy\u0144com w kraju i za granic\u0105. Wyra\u017cam\u00a0wdzi\u0119czno\u015b\u0107 za ka\u017cd\u0105 modlitw\u0119 w intencji naszej uczelni i za wszelkie wsparcie materialne.\u00a0Zach\u0119cam do dalszej, pe\u0142nej nadziei, modlitwy o rozw\u00f3j uniwersytetu, a \u2013 w tym czasie \u2013\u00a0przede wszystkim o pok\u00f3j na \u015bwiecie.<\/p>\n<p><strong>\u017byczenia Rektora KUL na Wielkanoc A. D. 2022<br \/>\n<\/strong>Prawda o zmartwychwstaniu od dw\u00f3ch tysi\u0119cy lat niezmiennie zadziwia \u015bwiat i jest \u017ar\u00f3d\u0142em\u00a0radosnej nadziei dla tych, kt\u00f3rzy z wiar\u0105 j\u0105 przyjmuj\u0105. Obecnie, wobec powrotu demon\u00f3w\u00a0wojny na terytorium naszej cz\u0119\u015bci Europy, przepe\u0142nione nadziej\u0105 Or\u0119dzie Wielkanocne\u00a0staje si\u0119 szczeg\u00f3lnym \u017ar\u00f3d\u0142em optymizmu i pocieszenia. Niech ta nadzieja \u017cycia, kt\u00f3re si\u0119\u00a0nie ko\u0144czy, towarzyszy nam podczas nadchodz\u0105cych Uroczysto\u015bci Zmartwychwstania Pa\u0144skiego;\u00a0niech przezwyci\u0119\u017cy smutek i pesymizm, kt\u00f3re s\u0105 zawsze oznak\u0105 braku wiary i dzia\u0142ania\u00a0z\u0142ego ducha; niech oddali na zawsze z tej ziemi szale\u0144stwo wojny; niech doprowadzi\u00a0nas niezawodnie do nowej rzeczywisto\u015bci, w kt\u00f3rej \u017cadna nadzieja nie b\u0119dzie ju\u017c potrzebna,\u00a0poniewa\u017c nast\u0105pi spe\u0142nienie pragnie\u0144 i zapanuj\u0105 wieczna mi\u0142o\u015b\u0107, pok\u00f3j i rado\u015b\u0107.<\/p>\n<p><strong>Ks. prof. dr hab. Miros\u0142aw Kalinowski<\/strong><br \/>\n<em>Rektor KUL<\/em><\/p>\n","protected":false},"excerpt":{"rendered":"<p>List Rektora KUL na Wielkanoc 2022 Zmartwychwsta\u0142 Pan \u2013 niezawodna nadzieja nasza Prawda o zmartwychwstaniu Chrystusa od dw\u00f3ch tysi\u0119cy lat niezmiennie zadziwia \u015bwiat\u00a0i jest \u017ar\u00f3d\u0142em radosnej nadziei dla tych, kt\u00f3rzy z wiar\u0105 j\u0105 przyjmuj\u0105. Obecnie, wobec powrotu\u00a0demon\u00f3w wojny na terytorium naszej cz\u0119\u015bci Europy, przepe\u0142nione nadziej\u0105 Or\u0119dzie Wielkanocne\u00a0staje si\u0119 szczeg\u00f3lnym \u017ar\u00f3d\u0142em optymizmu i pocieszenia. W tym &hellip;<\/p>\n","protected":false},"author":2,"featured_media":22588,"comment_status":"closed","ping_status":"closed","sticky":false,"template":"","format":"standard","meta":{"_mi_skip_tracking":false,"_exactmetrics_sitenote_active":false,"_exactmetrics_sitenote_note":"","_exactmetrics_sitenote_category":0},"categories":[7],"tags":[],"yoast_head":"<!-- This site is optimized with the Yoast SEO plugin v18.1 - https:\/\/yoast.com\/wordpress\/plugins\/seo\/ -->\n<title>List Rektora KUL na Wielkanoc 2022 - Pako\u015b\u0107 \u2013 Kalwaria<\/title>\n<meta name=\"robots\" content=\"index, follow, max-snippet:-1, max-image-preview:large, max-video-preview:-1\" \/>\n<link rel=\"canonical\" href=\"https:\/\/pakosc-kalwaria.franciszkanie.net\/index.php\/2022\/04\/15\/list-rektora-kul-na-wielkanoc-2022\/\" \/>\n<meta property=\"og:locale\" content=\"pl_PL\" \/>\n<meta property=\"og:type\" content=\"article\" \/>\n<meta property=\"og:title\" content=\"List Rektora KUL na Wielkanoc 2022 - Pako\u015b\u0107 \u2013 Kalwaria\" \/>\n<meta property=\"og:description\" content=\"List Rektora KUL na Wielkanoc 2022 Zmartwychwsta\u0142 Pan \u2013 niezawodna nadzieja nasza Prawda o zmartwychwstaniu Chrystusa od dw\u00f3ch tysi\u0119cy lat niezmiennie zadziwia \u015bwiat\u00a0i jest \u017ar\u00f3d\u0142em radosnej nadziei dla tych, kt\u00f3rzy z wiar\u0105 j\u0105 przyjmuj\u0105. Obecnie, wobec powrotu\u00a0demon\u00f3w wojny na terytorium naszej cz\u0119\u015bci Europy, przepe\u0142nione nadziej\u0105 Or\u0119dzie Wielkanocne\u00a0staje si\u0119 szczeg\u00f3lnym \u017ar\u00f3d\u0142em optymizmu i pocieszenia. W tym &hellip;\" \/>\n<meta property=\"og:url\" content=\"https:\/\/pakosc-kalwaria.franciszkanie.net\/index.php\/2022\/04\/15\/list-rektora-kul-na-wielkanoc-2022\/\" \/>\n<meta property=\"og:site_name\" content=\"Pako\u015b\u0107 \u2013 Kalwaria\" \/>\n<meta property=\"article:author\" content=\"https:\/\/www.facebook.com\/KalwariaPakosc\/\" \/>\n<meta property=\"article:published_time\" content=\"2022-04-15T20:00:46+00:00\" \/>\n<meta property=\"article:modified_time\" content=\"2022-04-20T18:11:20+00:00\" \/>\n<meta property=\"og:image\" content=\"https:\/\/pakosc-kalwaria.franciszkanie.net\/wp-content\/uploads\/2022\/04\/kul.jpg\" \/>\n\t<meta property=\"og:image:width\" content=\"250\" \/>\n\t<meta property=\"og:image:height\" content=\"250\" \/>\n\t<meta property=\"og:image:type\" content=\"image\/jpeg\" \/>\n<meta name=\"twitter:card\" content=\"summary\" \/>\n<meta name=\"twitter:label1\" content=\"Napisane przez\" \/>\n\t<meta name=\"twitter:data1\" content=\"pakosc-kalwaria\" \/>\n\t<meta name=\"twitter:label2\" content=\"Szacowany czas czytania\" \/>\n\t<meta name=\"twitter:data2\" content=\"9 minut\" \/>\n<script type=\"application\/ld+json\" class=\"yoast-schema-graph\">{\"@context\":\"https:\/\/schema.org\",\"@graph\":[{\"@type\":\"WebSite\",\"@id\":\"https:\/\/pakosc-kalwaria.franciszkanie.net\/#website\",\"url\":\"https:\/\/pakosc-kalwaria.franciszkanie.net\/\",\"name\":\"Pako\u015b\u0107 \u2013 Kalwaria\",\"description\":\"Parafia Rzymsko \u2013 Katolicka p.w. Pana Jezusa Ukrzy\u017cowanego i  Matki Bo\u017cej Bolesnej ul. Barci\u0144ska 60, 88\u2013170 Pako\u015b\u0107 \u2013 Kalwaria\",\"potentialAction\":[{\"@type\":\"SearchAction\",\"target\":{\"@type\":\"EntryPoint\",\"urlTemplate\":\"https:\/\/pakosc-kalwaria.franciszkanie.net\/?s={search_term_string}\"},\"query-input\":\"required name=search_term_string\"}],\"inLanguage\":\"pl-PL\"},{\"@type\":\"ImageObject\",\"@id\":\"https:\/\/pakosc-kalwaria.franciszkanie.net\/index.php\/2022\/04\/15\/list-rektora-kul-na-wielkanoc-2022\/#primaryimage\",\"inLanguage\":\"pl-PL\",\"url\":\"https:\/\/pakosc-kalwaria.franciszkanie.net\/wp-content\/uploads\/2022\/04\/kul.jpg\",\"contentUrl\":\"https:\/\/pakosc-kalwaria.franciszkanie.net\/wp-content\/uploads\/2022\/04\/kul.jpg\",\"width\":250,\"height\":250},{\"@type\":\"WebPage\",\"@id\":\"https:\/\/pakosc-kalwaria.franciszkanie.net\/index.php\/2022\/04\/15\/list-rektora-kul-na-wielkanoc-2022\/#webpage\",\"url\":\"https:\/\/pakosc-kalwaria.franciszkanie.net\/index.php\/2022\/04\/15\/list-rektora-kul-na-wielkanoc-2022\/\",\"name\":\"List Rektora KUL na Wielkanoc 2022 - Pako\u015b\u0107 \u2013 Kalwaria\",\"isPartOf\":{\"@id\":\"https:\/\/pakosc-kalwaria.franciszkanie.net\/#website\"},\"primaryImageOfPage\":{\"@id\":\"https:\/\/pakosc-kalwaria.franciszkanie.net\/index.php\/2022\/04\/15\/list-rektora-kul-na-wielkanoc-2022\/#primaryimage\"},\"datePublished\":\"2022-04-15T20:00:46+00:00\",\"dateModified\":\"2022-04-20T18:11:20+00:00\",\"author\":{\"@id\":\"https:\/\/pakosc-kalwaria.franciszkanie.net\/#\/schema\/person\/af10b943be0760709227d060eadcb2aa\"},\"breadcrumb\":{\"@id\":\"https:\/\/pakosc-kalwaria.franciszkanie.net\/index.php\/2022\/04\/15\/list-rektora-kul-na-wielkanoc-2022\/#breadcrumb\"},\"inLanguage\":\"pl-PL\",\"potentialAction\":[{\"@type\":\"ReadAction\",\"target\":[\"https:\/\/pakosc-kalwaria.franciszkanie.net\/index.php\/2022\/04\/15\/list-rektora-kul-na-wielkanoc-2022\/\"]}]},{\"@type\":\"BreadcrumbList\",\"@id\":\"https:\/\/pakosc-kalwaria.franciszkanie.net\/index.php\/2022\/04\/15\/list-rektora-kul-na-wielkanoc-2022\/#breadcrumb\",\"itemListElement\":[{\"@type\":\"ListItem\",\"position\":1,\"name\":\"Strona g\u0142\u00f3wna\",\"item\":\"https:\/\/pakosc-kalwaria.franciszkanie.net\/\"},{\"@type\":\"ListItem\",\"position\":2,\"name\":\"List Rektora KUL na Wielkanoc 2022\"}]},{\"@type\":\"Person\",\"@id\":\"https:\/\/pakosc-kalwaria.franciszkanie.net\/#\/schema\/person\/af10b943be0760709227d060eadcb2aa\",\"name\":\"pakosc-kalwaria\",\"image\":{\"@type\":\"ImageObject\",\"@id\":\"https:\/\/pakosc-kalwaria.franciszkanie.net\/#personlogo\",\"inLanguage\":\"pl-PL\",\"url\":\"https:\/\/secure.gravatar.com\/avatar\/e7049d338b55eac6a0027ff3218b8d02?s=96&d=mm&r=g\",\"contentUrl\":\"https:\/\/secure.gravatar.com\/avatar\/e7049d338b55eac6a0027ff3218b8d02?s=96&d=mm&r=g\",\"caption\":\"pakosc-kalwaria\"},\"sameAs\":[\"https:\/\/www.facebook.com\/KalwariaPakosc\/\"],\"url\":\"https:\/\/pakosc-kalwaria.franciszkanie.net\/index.php\/author\/pakosc-kalwaria\/\"}]}<\/script>\n<!-- \/ Yoast SEO plugin. -->","yoast_head_json":{"title":"List Rektora KUL na Wielkanoc 2022 - Pako\u015b\u0107 \u2013 Kalwaria","robots":{"index":"index","follow":"follow","max-snippet":"max-snippet:-1","max-image-preview":"max-image-preview:large","max-video-preview":"max-video-preview:-1"},"canonical":"https:\/\/pakosc-kalwaria.franciszkanie.net\/index.php\/2022\/04\/15\/list-rektora-kul-na-wielkanoc-2022\/","og_locale":"pl_PL","og_type":"article","og_title":"List Rektora KUL na Wielkanoc 2022 - Pako\u015b\u0107 \u2013 Kalwaria","og_description":"List Rektora KUL na Wielkanoc 2022 Zmartwychwsta\u0142 Pan \u2013 niezawodna nadzieja nasza Prawda o zmartwychwstaniu Chrystusa od dw\u00f3ch tysi\u0119cy lat niezmiennie zadziwia \u015bwiat\u00a0i jest \u017ar\u00f3d\u0142em radosnej nadziei dla tych, kt\u00f3rzy z wiar\u0105 j\u0105 przyjmuj\u0105. Obecnie, wobec powrotu\u00a0demon\u00f3w wojny na terytorium naszej cz\u0119\u015bci Europy, przepe\u0142nione nadziej\u0105 Or\u0119dzie Wielkanocne\u00a0staje si\u0119 szczeg\u00f3lnym \u017ar\u00f3d\u0142em optymizmu i pocieszenia. W tym &hellip;","og_url":"https:\/\/pakosc-kalwaria.franciszkanie.net\/index.php\/2022\/04\/15\/list-rektora-kul-na-wielkanoc-2022\/","og_site_name":"Pako\u015b\u0107 \u2013 Kalwaria","article_author":"https:\/\/www.facebook.com\/KalwariaPakosc\/","article_published_time":"2022-04-15T20:00:46+00:00","article_modified_time":"2022-04-20T18:11:20+00:00","og_image":[{"width":250,"height":250,"url":"https:\/\/pakosc-kalwaria.franciszkanie.net\/wp-content\/uploads\/2022\/04\/kul.jpg","type":"image\/jpeg"}],"twitter_card":"summary","twitter_misc":{"Napisane przez":"pakosc-kalwaria","Szacowany czas czytania":"9 minut"},"schema":{"@context":"https:\/\/schema.org","@graph":[{"@type":"WebSite","@id":"https:\/\/pakosc-kalwaria.franciszkanie.net\/#website","url":"https:\/\/pakosc-kalwaria.franciszkanie.net\/","name":"Pako\u015b\u0107 \u2013 Kalwaria","description":"Parafia Rzymsko \u2013 Katolicka p.w. Pana Jezusa Ukrzy\u017cowanego i  Matki Bo\u017cej Bolesnej ul. Barci\u0144ska 60, 88\u2013170 Pako\u015b\u0107 \u2013 Kalwaria","potentialAction":[{"@type":"SearchAction","target":{"@type":"EntryPoint","urlTemplate":"https:\/\/pakosc-kalwaria.franciszkanie.net\/?s={search_term_string}"},"query-input":"required name=search_term_string"}],"inLanguage":"pl-PL"},{"@type":"ImageObject","@id":"https:\/\/pakosc-kalwaria.franciszkanie.net\/index.php\/2022\/04\/15\/list-rektora-kul-na-wielkanoc-2022\/#primaryimage","inLanguage":"pl-PL","url":"https:\/\/pakosc-kalwaria.franciszkanie.net\/wp-content\/uploads\/2022\/04\/kul.jpg","contentUrl":"https:\/\/pakosc-kalwaria.franciszkanie.net\/wp-content\/uploads\/2022\/04\/kul.jpg","width":250,"height":250},{"@type":"WebPage","@id":"https:\/\/pakosc-kalwaria.franciszkanie.net\/index.php\/2022\/04\/15\/list-rektora-kul-na-wielkanoc-2022\/#webpage","url":"https:\/\/pakosc-kalwaria.franciszkanie.net\/index.php\/2022\/04\/15\/list-rektora-kul-na-wielkanoc-2022\/","name":"List Rektora KUL na Wielkanoc 2022 - Pako\u015b\u0107 \u2013 Kalwaria","isPartOf":{"@id":"https:\/\/pakosc-kalwaria.franciszkanie.net\/#website"},"primaryImageOfPage":{"@id":"https:\/\/pakosc-kalwaria.franciszkanie.net\/index.php\/2022\/04\/15\/list-rektora-kul-na-wielkanoc-2022\/#primaryimage"},"datePublished":"2022-04-15T20:00:46+00:00","dateModified":"2022-04-20T18:11:20+00:00","author":{"@id":"https:\/\/pakosc-kalwaria.franciszkanie.net\/#\/schema\/person\/af10b943be0760709227d060eadcb2aa"},"breadcrumb":{"@id":"https:\/\/pakosc-kalwaria.franciszkanie.net\/index.php\/2022\/04\/15\/list-rektora-kul-na-wielkanoc-2022\/#breadcrumb"},"inLanguage":"pl-PL","potentialAction":[{"@type":"ReadAction","target":["https:\/\/pakosc-kalwaria.franciszkanie.net\/index.php\/2022\/04\/15\/list-rektora-kul-na-wielkanoc-2022\/"]}]},{"@type":"BreadcrumbList","@id":"https:\/\/pakosc-kalwaria.franciszkanie.net\/index.php\/2022\/04\/15\/list-rektora-kul-na-wielkanoc-2022\/#breadcrumb","itemListElement":[{"@type":"ListItem","position":1,"name":"Strona g\u0142\u00f3wna","item":"https:\/\/pakosc-kalwaria.franciszkanie.net\/"},{"@type":"ListItem","position":2,"name":"List Rektora KUL na Wielkanoc 2022"}]},{"@type":"Person","@id":"https:\/\/pakosc-kalwaria.franciszkanie.net\/#\/schema\/person\/af10b943be0760709227d060eadcb2aa","name":"pakosc-kalwaria","image":{"@type":"ImageObject","@id":"https:\/\/pakosc-kalwaria.franciszkanie.net\/#personlogo","inLanguage":"pl-PL","url":"https:\/\/secure.gravatar.com\/avatar\/e7049d338b55eac6a0027ff3218b8d02?s=96&d=mm&r=g","contentUrl":"https:\/\/secure.gravatar.com\/avatar\/e7049d338b55eac6a0027ff3218b8d02?s=96&d=mm&r=g","caption":"pakosc-kalwaria"},"sameAs":["https:\/\/www.facebook.com\/KalwariaPakosc\/"],"url":"https:\/\/pakosc-kalwaria.franciszkanie.net\/index.php\/author\/pakosc-kalwaria\/"}]}},"_links":{"self":[{"href":"https:\/\/pakosc-kalwaria.franciszkanie.net\/index.php\/wp-json\/wp\/v2\/posts\/22587"}],"collection":[{"href":"https:\/\/pakosc-kalwaria.franciszkanie.net\/index.php\/wp-json\/wp\/v2\/posts"}],"about":[{"href":"https:\/\/pakosc-kalwaria.franciszkanie.net\/index.php\/wp-json\/wp\/v2\/types\/post"}],"author":[{"embeddable":true,"href":"https:\/\/pakosc-kalwaria.franciszkanie.net\/index.php\/wp-json\/wp\/v2\/users\/2"}],"replies":[{"embeddable":true,"href":"https:\/\/pakosc-kalwaria.franciszkanie.net\/index.php\/wp-json\/wp\/v2\/comments?post=22587"}],"version-history":[{"count":2,"href":"https:\/\/pakosc-kalwaria.franciszkanie.net\/index.php\/wp-json\/wp\/v2\/posts\/22587\/revisions"}],"predecessor-version":[{"id":22590,"href":"https:\/\/pakosc-kalwaria.franciszkanie.net\/index.php\/wp-json\/wp\/v2\/posts\/22587\/revisions\/22590"}],"wp:featuredmedia":[{"embeddable":true,"href":"https:\/\/pakosc-kalwaria.franciszkanie.net\/index.php\/wp-json\/wp\/v2\/media\/22588"}],"wp:attachment":[{"href":"https:\/\/pakosc-kalwaria.franciszkanie.net\/index.php\/wp-json\/wp\/v2\/media?parent=22587"}],"wp:term":[{"taxonomy":"category","embeddable":true,"href":"https:\/\/pakosc-kalwaria.franciszkanie.net\/index.php\/wp-json\/wp\/v2\/categories?post=22587"},{"taxonomy":"post_tag","embeddable":true,"href":"https:\/\/pakosc-kalwaria.franciszkanie.net\/index.php\/wp-json\/wp\/v2\/tags?post=22587"}],"curies":[{"name":"wp","href":"https:\/\/api.w.org\/{rel}","templated":true}]}}