{"id":22597,"date":"2022-04-21T20:20:00","date_gmt":"2022-04-21T18:20:00","guid":{"rendered":"http:\/\/pakosc-kalwaria.franciszkanie.net\/?p=22597"},"modified":"2022-04-24T23:16:48","modified_gmt":"2022-04-24T21:16:48","slug":"swieto-milosierdzia-bozego-niedziela-24-kwietnia","status":"publish","type":"post","link":"https:\/\/pakosc-kalwaria.franciszkanie.net\/index.php\/2022\/04\/21\/swieto-milosierdzia-bozego-niedziela-24-kwietnia\/","title":{"rendered":"\u015awi\u0119to Mi\u0142osierdzia Bo\u017cego \u2013 Niedziela 24 kwietnia"},"content":{"rendered":"<div class=\"entry-content\">\n<p><strong><span style=\"color: #ff0000;\">Z okazji \u015bwi\u0119ta Bo\u017cego Mi\u0142osierdzia<\/span> w kalwaryjskim sanktuarium Ukrzy\u017cowania <span style=\"color: #ff0000;\">Msze \u015bw.\u00a0 w sobot\u0119 (23.04.) o 17.00 oraz w niedziel\u0119 (24.04.) o 9.00, 11.00 i 0 15.oo z Koronk\u0105 do Bo\u017cego Mi\u0142osierdzia<\/span> <span style=\"color: #ff0000;\">przed Naj\u015bwi\u0119tszym Sakramentem.<\/span> Do tego \u015bwi\u0119ta przygotowujemy si\u0119 przez <span style=\"color: #ff0000;\">Nowenn\u0119.<\/span><br \/>\n<\/strong><\/p>\n<p><strong><br \/>\n<span style=\"color: #ff0000;\">\u015awi\u0119to Mi\u0142osierdzia Bo\u017cego<\/span> ma najwy\u017csz\u0105 rang\u0119 w\u015br\u00f3d wszystkich postaci nabo\u017ce\u0144stwa do Mi\u0142osierdzia Bo\u017cego, kt\u00f3re zosta\u0142y objawione s. Faustynie.<\/strong><strong><br \/>\nPo raz pierwszy o ustanowieniu tego \u015bwi\u0119ta m\u00f3wi\u0142 Pan Jezus w P\u0142ocku w 1931 roku, gdy przekazywa\u0142 sw\u0105 wol\u0119, co do powstania obrazu: <\/strong><em><strong>Ja pragn\u0119, aby by\u0142o Mi\u0142osierdzia \u015bwi\u0119to. Chc\u0119, aby ten obraz, kt\u00f3ry wymalujesz p\u0119dzlem, by\u0142 uroczy\u015bcie po\u015bwi\u0119cony w pierwsz\u0105 niedziel\u0119 po Wielkanocy; ta niedziela ma by\u0107 \u015bwi\u0119tem Mi\u0142osierdzia (Dz.49). <\/strong><\/em><\/p>\n<p><strong>Wyb\u00f3r pierwszej niedzieli po Wielkanocy na \u015bwi\u0119to Mi\u0142osierdzia ma sw\u00f3j g\u0142\u0119boki sens teologiczny, kt\u00f3ry wskazuje na \u015bcis\u0142y zwi\u0105zek, jaki istnieje pomi\u0119dzy wielkanocn\u0105 tajemnic\u0105 Odkupienia a tajemnic\u0105 mi\u0142osierdzia Bo\u017cego. Ten zwi\u0105zek podkre\u015bla jeszcze nowenna z koronki do Mi\u0142osierdzia Bo\u017cego, poprzedzaj\u0105ca to \u015bwi\u0119to, kt\u00f3ra rozpoczyna si\u0119 w Wielki Pi\u0105tek. \u015awi\u0119to jest nie tylko dniem szczeg\u00f3lnego uwielbienia Boga w tajemnicy mi\u0142osierdzia, ale tak\u017ce czasem \u0142aski dla wszystkich ludzi. <\/strong><em><strong>Pragn\u0119 \u2013 powiedzia\u0142 Pan Jezus \u2013 aby \u015bwi\u0119to Mi\u0142osierdzia by\u0142o ucieczk\u0105 i schronieniem dla wszystkich dusz, a szczeg\u00f3lnie dla biednych grzesznik\u00f3w (Dz.699).<\/strong><\/em><strong><em><br \/>\nDusze gin\u0105 mimo mojej gorzkiej m\u0119ki. Daj\u0119 im ostatni\u0105 desk\u0119 ratunku, to Jest \u015bwi\u0119to Mi\u0142osierdzia mojego. Je\u017celi nie uwielbi\u0105 mi\u0142osierdzia mojego, zgin\u0105 na wieki (Dz.965). <\/em><\/strong><\/p>\n<p><strong>Wielko\u015b\u0107 tego \u015bwi\u0119ta mierzy si\u0119 miar\u0105 niezwyk\u0142ych obietnic, jakie Pan Jezus z tym \u015bwi\u0119tem zwi\u0105za\u0142. <\/strong><em><strong>Kto w dniu tym przyst\u0105pi do \u0179r\u00f3d\u0142a \u017bycia \u2013 powiedzia\u0142 Chrystus \u2013 ten dost\u0105pi zupe\u0142nego odpuszczenia win i kar (Dz.300). <\/strong><\/em><strong><em>W dniu tym otwarte s\u0105 wn\u0119trzno\u015bci mi\u0142osierdzia mego, wylewam ca\u0142e morze \u0142ask na dusze, kt\u00f3re si\u0119 zbli\u017c\u0105 do \u017ar\u00f3d\u0142a mi\u0142osierdzia mojego; (. . .) niech si\u0119 nie l\u0119ka zbli\u017cy\u0107 do mnie \u017cadna dusza, chocia\u017cby grzechy jej by\u0142y jako szkar\u0142at (Dz.699).\u00a0 <\/em><\/strong><strong>Aby skorzysta\u0107 z tych wielkich dar\u00f3w, trzeba wype\u0142ni\u0107 warunki nabo\u017ce\u0144stwa do Mi\u0142osierdzia Bo\u017cego (ufno\u015b\u0107 w dobro\u0107 Boga i czynna mi\u0142o\u015b\u0107 bli\u017aniego) oraz by\u0107 w stanie \u0142aski u\u015bwi\u0119caj\u0105cej (po spowiedzi \u015bwi\u0119tej) i godnie przyj\u0105\u0107 Komuni\u0119 \u015bwi\u0119t\u0105.<\/strong><\/p>\n<p><em><strong>Nie znajdzie \u017cadna dusza usprawiedliwienia \u2013 wyja\u015bni\u0142 Jezus \u2013 dop\u00f3ki nie zwr\u00f3ci si\u0119 z ufno\u015bci\u0105 do mi\u0142osierdzia mojego, i dlatego pierwsza niedziela po Wielkanocy ma by\u0107 \u015bwi\u0119tem Mi\u0142osierdzia, a kap\u0142ani maj\u0105 w dniu tym m\u00f3wi\u0107 duszom o tym wielkim i niezg\u0142\u0119bionym mi\u0142osierdziu moim (Dz.570).<\/strong><\/em><\/p>\n<p><em><strong>Korzystajmy wi\u0119c w tym dniu jak najobficiej z Bo\u017cego Mi\u0142osierdzia!!!<br \/>\n<\/strong><\/em><strong><em>\u201eMi\u0142osierdzie masz okazywa\u0107 zawsze i wsz\u0119dzie bli\u017aniemu, nie mo\u017cesz si\u0119 od tego usun\u0105\u0107, ani wym\u00f3wi\u0107, ani uniewinni\u0107. Podaj\u0119 ci trzy sposoby czynienia mi\u0142osierdzia bli\u017anim; pierwszy-czyn, drugi-s\u0142owo, trzeci-modlitwa.\u201d\u00a0(Dz.742)<\/em><\/strong><\/p>\n<p><strong><em>Mi\u0142osierdzie Bo\u017ce, o niepoj\u0119te i niezg\u0142\u0119bione, kto Ci\u0119 godnie uwielbi\u0107 i wys\u0142awi\u0107 mo\u017ce. Najwi\u0119kszy przymiocie Boga Wszechmocnego, Ty\u015b s\u0142odka nadzieja dla cz\u0142owieka grzesznego (Dz. 951).<\/em><\/strong><\/p>\n<p><strong>Bo\u017ce, Ojcze Mi\u0142osierny, kt\u00f3ry objawi\u0142e\u015b swoj\u0105 mi\u0142o\u015b\u0107 w Twoim Synu Jezusie Chrystusie, <\/strong><strong>i wyla\u0142e\u015b j\u0105 na nas w Duchu \u015awi\u0119tym, Pocieszycielu, Tobie zawierzamy dzi\u015b losy \u015bwiata i ka\u017cdego cz\u0142owieka. Pochyl si\u0119 nad nami grzesznymi, ulecz nasz\u0105 s\u0142abo\u015b\u0107, przezwyci\u0119\u017c wszelkie z\u0142o, pozw\u00f3l wszystkim mieszka\u0144com ziemi do\u015bwiadczy\u0107 Twojego mi\u0142osierdzia, aby w Tobie, Tr\u00f3jjedyny Bo\u017ce, zawsze odnajdywali \u017ar\u00f3d\u0142o nadziei. Ojcze przedwieczny, dla bolesnej m\u0119ki i zmartwychwstania Twojego Syna, miej mi\u0142osierdzie dla nas i ca\u0142ego \u015bwiata!<\/strong><\/p>\n<p><strong>Litania do Bo\u017cego Mi\u0142osierdzia<br \/>\n<\/strong>Kyrie, eleison, Chryste, eleison.<br \/>\nChryste, us\u0142ysz nas. Chryste, wys\u0142uchaj nas.<br \/>\nOjcze z nieba, Bo\u017ce \u2013 zmi\u0142uj si\u0119 nad nami.<br \/>\nSynu, Odkupicielu \u015bwiata, Bo\u017ce \u2013 zmi\u0142uj si\u0119 nad nami.<br \/>\nDuchu \u015awi\u0119ty, Bo\u017ce \u2013 zmi\u0142uj si\u0119 nad nami.<\/p>\n<p>Mi\u0142osierdzie Bo\u017ce, najwy\u017cszy przymiocie Stw\u00f3rcy \u2013 ufamy Tobie!<br \/>\nMi\u0142osierdzie Bo\u017ce, niezg\u0142\u0119biona mi\u0142o\u015bci U\u015bwi\u0119ciciela<br \/>\nMi\u0142osierdzie Bo\u017ce, niepoj\u0119ta tajemnico Tr\u00f3jcy \u015awi\u0119tej<br \/>\nMi\u0142osierdzie Bo\u017ce, wyrazie najwi\u0119kszej pot\u0119gi Boga<br \/>\nMi\u0142osierdzie Bo\u017ce, w stworzeniu duch\u00f3w niebieskich<br \/>\nMi\u0142osierdzie Bo\u017ce, powo\u0142uj\u0105ce nas z nico\u015bci do istnienia<br \/>\nMi\u0142osierdzie Bo\u017ce, ogarniaj\u0105ce wszech\u015bwiat ca\u0142y<br \/>\nMi\u0142osierdzie Bo\u017ce, darz\u0105ce nas \u017cyciem nie\u015bmiertelnym<br \/>\nMi\u0142osierdzie Bo\u017ce, chroni\u0105ce nas przed zas\u0142u\u017conymi karami<br \/>\nMi\u0142osierdzie Bo\u017ce, d\u017awigaj\u0105ce nas z n\u0119dzy grzechu<br \/>\nMi\u0142osierdzie Bo\u017ce, usprawiedliwiaj\u0105ce nas w S\u0142owie Wcielonym<br \/>\nMi\u0142osierdzie Bo\u017ce, wyp\u0142ywaj\u0105ce z ran Chrystusowych<br \/>\nMi\u0142osierdzie Bo\u017ce, tryskaj\u0105ce z Naj\u015bwi\u0119tszego Serca Jezusowego<br \/>\nMi\u0142osierdzie Bo\u017ce, daj\u0105ce nam Naj\u015bwi\u0119tsz\u0105 Maryj\u0119 Pann\u0119 za Matk\u0119 Mi\u0142osierdzia<br \/>\nMi\u0142osierdzie Bo\u017ce, w objawieniu tajemnic Bo\u017cych<br \/>\nMi\u0142osierdzie Bo\u017ce, w ustanowieniu Ko\u015bcio\u0142a powszechnego<br \/>\nMi\u0142osierdzie Bo\u017ce, w ustanowieniu sakrament\u00f3w \u015bwi\u0119tych<br \/>\nMi\u0142osierdzie Bo\u017ce, przede wszystkim w sakramencie chrztu i pokuty<br \/>\nMi\u0142osierdzie Bo\u017ce, w sakramencie O\u0142tarza i kap\u0142a\u0144stwa<br \/>\nMi\u0142osierdzie Bo\u017ce, w powo\u0142aniu nas do wiary \u015bwi\u0119tej<br \/>\nMi\u0142osierdzie Bo\u017ce, w nawr\u00f3ceniu grzesznik\u00f3w<br \/>\nMi\u0142osierdzie Bo\u017ce, w u\u015bwi\u0119ceniu sprawiedliwych<br \/>\nMi\u0142osierdzie Bo\u017ce, w udoskonaleniu \u015bwi\u0105tobliwych<br \/>\nMi\u0142osierdzie Bo\u017ce, zdroju chorych i cierpi\u0105cych<br \/>\nMi\u0142osierdzie Bo\u017ce, ukojenie serc udr\u0119czonych<br \/>\nMi\u0142osierdzie Bo\u017ce, nadziejo dusz zrozpaczonych<br \/>\nMi\u0142osierdzie Bo\u017ce, towarzysz\u0105ce wszystkim ludziom zawsze i wsz\u0119dzie<br \/>\nMi\u0142osierdzie Bo\u017ce, uprzedzaj\u0105ce nas \u0142askami<br \/>\nMi\u0142osierdzie Bo\u017ce, pokoju konaj\u0105cych<br \/>\nMi\u0142osierdzie Bo\u017ce, rozkoszy niebia\u0144ska zbawionych<br \/>\nMi\u0142osierdzie Bo\u017ce, och\u0142odo i ulgo dusz czy\u015b\u0107cowych<br \/>\nMi\u0142osierdzie Bo\u017ce, korono Wszystkich \u015awi\u0119tych<br \/>\nMi\u0142osierdzie Bo\u017ce, niewyczerpane \u017ar\u00f3d\u0142o cud\u00f3w<\/p>\n<p>Baranku Bo\u017cy, kt\u00f3ry okaza\u0142e\u015b najwi\u0119ksze mi\u0142osierdzie w odkupieniu \u015bwiata na krzy\u017cu \u2013 przepu\u015b\u0107 nam Panie<br \/>\nBaranku Bo\u017cy, kt\u00f3ry si\u0119 mi\u0142osiernie ofiarujesz za nas w ka\u017cdej Mszy \u015bw. \u2013 wys\u0142uchaj nas Panie<br \/>\nBaranku Bo\u017cy, kt\u00f3ry z nieprzebranego mi\u0142osierdzia g\u0142adzisz grzechy nasze \u2013 zmi\u0142uj si\u0119 nad nami<\/p>\n<p>K: Mi\u0142osierdzie Bo\u017ce ponad wszystkie dzie\u0142a Jego<br \/>\nW: Przeto Mi\u0142osierdzie Pa\u0144skie na wieki wychwala\u0107 b\u0119d\u0119.<\/p>\n<p>M\u00f3dlmy si\u0119:<br \/>\nBo\u017ce, kt\u00f3rego Mi\u0142osierdzie jest niezg\u0142\u0119bione, a skarby lito\u015bci nieprzebrane, wejrzyj na nas \u0142askawie i pomn\u00f3\u017c w nas ufno\u015b\u0107 w Mi\u0142osierdzie Swoje, by\u015bmy nigdy w najwi\u0119kszych nawet trudno\u015bciach nie poddawali si\u0119 rozpaczy lecz zawsze ufnie zgadzali si\u0119 z Wol\u0105 Twoj\u0105, kt\u00f3ra jest samym Mi\u0142osierdziem. Przez naszego Pana Jezusa Chrystusa, Kr\u00f3la Mi\u0142osierdzia, kt\u00f3ry z Tob\u0105 i Duchem \u015aw. okazuje nam Mi\u0142osierdzie na wieki wiek\u00f3w. Amen.<\/p>\n<\/div>\n","protected":false},"excerpt":{"rendered":"<p>Z okazji \u015bwi\u0119ta Bo\u017cego Mi\u0142osierdzia w kalwaryjskim sanktuarium Ukrzy\u017cowania Msze \u015bw.\u00a0 w sobot\u0119 (23.04.) o 17.00 oraz w niedziel\u0119 (24.04.) o 9.00, 11.00 i 0 15.oo z Koronk\u0105 do Bo\u017cego Mi\u0142osierdzia przed Naj\u015bwi\u0119tszym Sakramentem. Do tego \u015bwi\u0119ta przygotowujemy si\u0119 przez Nowenn\u0119. \u015awi\u0119to Mi\u0142osierdzia Bo\u017cego ma najwy\u017csz\u0105 rang\u0119 w\u015br\u00f3d wszystkich postaci nabo\u017ce\u0144stwa do Mi\u0142osierdzia Bo\u017cego, kt\u00f3re &hellip;<\/p>\n","protected":false},"author":2,"featured_media":22598,"comment_status":"closed","ping_status":"closed","sticky":false,"template":"","format":"standard","meta":{"_mi_skip_tracking":false,"_exactmetrics_sitenote_active":false,"_exactmetrics_sitenote_note":"","_exactmetrics_sitenote_category":0},"categories":[13,14],"tags":[],"yoast_head":"<!-- This site is optimized with the Yoast SEO plugin v18.1 - https:\/\/yoast.com\/wordpress\/plugins\/seo\/ -->\n<title>\u015awi\u0119to Mi\u0142osierdzia Bo\u017cego \u2013 Niedziela 24 kwietnia - Pako\u015b\u0107 \u2013 Kalwaria<\/title>\n<meta name=\"robots\" content=\"index, follow, max-snippet:-1, max-image-preview:large, max-video-preview:-1\" \/>\n<link rel=\"canonical\" href=\"https:\/\/pakosc-kalwaria.franciszkanie.net\/index.php\/2022\/04\/21\/swieto-milosierdzia-bozego-niedziela-24-kwietnia\/\" \/>\n<meta property=\"og:locale\" content=\"pl_PL\" \/>\n<meta property=\"og:type\" content=\"article\" \/>\n<meta property=\"og:title\" content=\"\u015awi\u0119to Mi\u0142osierdzia Bo\u017cego \u2013 Niedziela 24 kwietnia - Pako\u015b\u0107 \u2013 Kalwaria\" \/>\n<meta property=\"og:description\" content=\"Z okazji \u015bwi\u0119ta Bo\u017cego Mi\u0142osierdzia w kalwaryjskim sanktuarium Ukrzy\u017cowania Msze \u015bw.\u00a0 w sobot\u0119 (23.04.) o 17.00 oraz w niedziel\u0119 (24.04.) o 9.00, 11.00 i 0 15.oo z Koronk\u0105 do Bo\u017cego Mi\u0142osierdzia przed Naj\u015bwi\u0119tszym Sakramentem. Do tego \u015bwi\u0119ta przygotowujemy si\u0119 przez Nowenn\u0119. \u015awi\u0119to Mi\u0142osierdzia Bo\u017cego ma najwy\u017csz\u0105 rang\u0119 w\u015br\u00f3d wszystkich postaci nabo\u017ce\u0144stwa do Mi\u0142osierdzia Bo\u017cego, kt\u00f3re &hellip;\" \/>\n<meta property=\"og:url\" content=\"https:\/\/pakosc-kalwaria.franciszkanie.net\/index.php\/2022\/04\/21\/swieto-milosierdzia-bozego-niedziela-24-kwietnia\/\" \/>\n<meta property=\"og:site_name\" content=\"Pako\u015b\u0107 \u2013 Kalwaria\" \/>\n<meta property=\"article:author\" content=\"https:\/\/www.facebook.com\/KalwariaPakosc\/\" \/>\n<meta property=\"article:published_time\" content=\"2022-04-21T18:20:00+00:00\" \/>\n<meta property=\"article:modified_time\" content=\"2022-04-24T21:16:48+00:00\" \/>\n<meta property=\"og:image\" content=\"https:\/\/pakosc-kalwaria.franciszkanie.net\/wp-content\/uploads\/2022\/04\/Jezus-Milosierny.jpeg\" \/>\n\t<meta property=\"og:image:width\" content=\"230\" \/>\n\t<meta property=\"og:image:height\" content=\"321\" \/>\n\t<meta property=\"og:image:type\" content=\"image\/jpeg\" \/>\n<meta name=\"twitter:card\" content=\"summary\" \/>\n<meta name=\"twitter:label1\" content=\"Napisane przez\" \/>\n\t<meta name=\"twitter:data1\" content=\"pakosc-kalwaria\" \/>\n\t<meta name=\"twitter:label2\" content=\"Szacowany czas czytania\" \/>\n\t<meta name=\"twitter:data2\" content=\"6 minut\" \/>\n<script type=\"application\/ld+json\" class=\"yoast-schema-graph\">{\"@context\":\"https:\/\/schema.org\",\"@graph\":[{\"@type\":\"WebSite\",\"@id\":\"https:\/\/pakosc-kalwaria.franciszkanie.net\/#website\",\"url\":\"https:\/\/pakosc-kalwaria.franciszkanie.net\/\",\"name\":\"Pako\u015b\u0107 \u2013 Kalwaria\",\"description\":\"Parafia Rzymsko \u2013 Katolicka p.w. Pana Jezusa Ukrzy\u017cowanego i  Matki Bo\u017cej Bolesnej ul. Barci\u0144ska 60, 88\u2013170 Pako\u015b\u0107 \u2013 Kalwaria\",\"potentialAction\":[{\"@type\":\"SearchAction\",\"target\":{\"@type\":\"EntryPoint\",\"urlTemplate\":\"https:\/\/pakosc-kalwaria.franciszkanie.net\/?s={search_term_string}\"},\"query-input\":\"required name=search_term_string\"}],\"inLanguage\":\"pl-PL\"},{\"@type\":\"ImageObject\",\"@id\":\"https:\/\/pakosc-kalwaria.franciszkanie.net\/index.php\/2022\/04\/21\/swieto-milosierdzia-bozego-niedziela-24-kwietnia\/#primaryimage\",\"inLanguage\":\"pl-PL\",\"url\":\"https:\/\/pakosc-kalwaria.franciszkanie.net\/wp-content\/uploads\/2022\/04\/Jezus-Milosierny.jpeg\",\"contentUrl\":\"https:\/\/pakosc-kalwaria.franciszkanie.net\/wp-content\/uploads\/2022\/04\/Jezus-Milosierny.jpeg\",\"width\":230,\"height\":321},{\"@type\":\"WebPage\",\"@id\":\"https:\/\/pakosc-kalwaria.franciszkanie.net\/index.php\/2022\/04\/21\/swieto-milosierdzia-bozego-niedziela-24-kwietnia\/#webpage\",\"url\":\"https:\/\/pakosc-kalwaria.franciszkanie.net\/index.php\/2022\/04\/21\/swieto-milosierdzia-bozego-niedziela-24-kwietnia\/\",\"name\":\"\u015awi\u0119to Mi\u0142osierdzia Bo\u017cego \u2013 Niedziela 24 kwietnia - Pako\u015b\u0107 \u2013 Kalwaria\",\"isPartOf\":{\"@id\":\"https:\/\/pakosc-kalwaria.franciszkanie.net\/#website\"},\"primaryImageOfPage\":{\"@id\":\"https:\/\/pakosc-kalwaria.franciszkanie.net\/index.php\/2022\/04\/21\/swieto-milosierdzia-bozego-niedziela-24-kwietnia\/#primaryimage\"},\"datePublished\":\"2022-04-21T18:20:00+00:00\",\"dateModified\":\"2022-04-24T21:16:48+00:00\",\"author\":{\"@id\":\"https:\/\/pakosc-kalwaria.franciszkanie.net\/#\/schema\/person\/af10b943be0760709227d060eadcb2aa\"},\"breadcrumb\":{\"@id\":\"https:\/\/pakosc-kalwaria.franciszkanie.net\/index.php\/2022\/04\/21\/swieto-milosierdzia-bozego-niedziela-24-kwietnia\/#breadcrumb\"},\"inLanguage\":\"pl-PL\",\"potentialAction\":[{\"@type\":\"ReadAction\",\"target\":[\"https:\/\/pakosc-kalwaria.franciszkanie.net\/index.php\/2022\/04\/21\/swieto-milosierdzia-bozego-niedziela-24-kwietnia\/\"]}]},{\"@type\":\"BreadcrumbList\",\"@id\":\"https:\/\/pakosc-kalwaria.franciszkanie.net\/index.php\/2022\/04\/21\/swieto-milosierdzia-bozego-niedziela-24-kwietnia\/#breadcrumb\",\"itemListElement\":[{\"@type\":\"ListItem\",\"position\":1,\"name\":\"Strona g\u0142\u00f3wna\",\"item\":\"https:\/\/pakosc-kalwaria.franciszkanie.net\/\"},{\"@type\":\"ListItem\",\"position\":2,\"name\":\"\u015awi\u0119to Mi\u0142osierdzia Bo\u017cego \u2013 Niedziela 24 kwietnia\"}]},{\"@type\":\"Person\",\"@id\":\"https:\/\/pakosc-kalwaria.franciszkanie.net\/#\/schema\/person\/af10b943be0760709227d060eadcb2aa\",\"name\":\"pakosc-kalwaria\",\"image\":{\"@type\":\"ImageObject\",\"@id\":\"https:\/\/pakosc-kalwaria.franciszkanie.net\/#personlogo\",\"inLanguage\":\"pl-PL\",\"url\":\"https:\/\/secure.gravatar.com\/avatar\/e7049d338b55eac6a0027ff3218b8d02?s=96&d=mm&r=g\",\"contentUrl\":\"https:\/\/secure.gravatar.com\/avatar\/e7049d338b55eac6a0027ff3218b8d02?s=96&d=mm&r=g\",\"caption\":\"pakosc-kalwaria\"},\"sameAs\":[\"https:\/\/www.facebook.com\/KalwariaPakosc\/\"],\"url\":\"https:\/\/pakosc-kalwaria.franciszkanie.net\/index.php\/author\/pakosc-kalwaria\/\"}]}<\/script>\n<!-- \/ Yoast SEO plugin. -->","yoast_head_json":{"title":"\u015awi\u0119to Mi\u0142osierdzia Bo\u017cego \u2013 Niedziela 24 kwietnia - Pako\u015b\u0107 \u2013 Kalwaria","robots":{"index":"index","follow":"follow","max-snippet":"max-snippet:-1","max-image-preview":"max-image-preview:large","max-video-preview":"max-video-preview:-1"},"canonical":"https:\/\/pakosc-kalwaria.franciszkanie.net\/index.php\/2022\/04\/21\/swieto-milosierdzia-bozego-niedziela-24-kwietnia\/","og_locale":"pl_PL","og_type":"article","og_title":"\u015awi\u0119to Mi\u0142osierdzia Bo\u017cego \u2013 Niedziela 24 kwietnia - Pako\u015b\u0107 \u2013 Kalwaria","og_description":"Z okazji \u015bwi\u0119ta Bo\u017cego Mi\u0142osierdzia w kalwaryjskim sanktuarium Ukrzy\u017cowania Msze \u015bw.\u00a0 w sobot\u0119 (23.04.) o 17.00 oraz w niedziel\u0119 (24.04.) o 9.00, 11.00 i 0 15.oo z Koronk\u0105 do Bo\u017cego Mi\u0142osierdzia przed Naj\u015bwi\u0119tszym Sakramentem. Do tego \u015bwi\u0119ta przygotowujemy si\u0119 przez Nowenn\u0119. \u015awi\u0119to Mi\u0142osierdzia Bo\u017cego ma najwy\u017csz\u0105 rang\u0119 w\u015br\u00f3d wszystkich postaci nabo\u017ce\u0144stwa do Mi\u0142osierdzia Bo\u017cego, kt\u00f3re &hellip;","og_url":"https:\/\/pakosc-kalwaria.franciszkanie.net\/index.php\/2022\/04\/21\/swieto-milosierdzia-bozego-niedziela-24-kwietnia\/","og_site_name":"Pako\u015b\u0107 \u2013 Kalwaria","article_author":"https:\/\/www.facebook.com\/KalwariaPakosc\/","article_published_time":"2022-04-21T18:20:00+00:00","article_modified_time":"2022-04-24T21:16:48+00:00","og_image":[{"width":230,"height":321,"url":"https:\/\/pakosc-kalwaria.franciszkanie.net\/wp-content\/uploads\/2022\/04\/Jezus-Milosierny.jpeg","type":"image\/jpeg"}],"twitter_card":"summary","twitter_misc":{"Napisane przez":"pakosc-kalwaria","Szacowany czas czytania":"6 minut"},"schema":{"@context":"https:\/\/schema.org","@graph":[{"@type":"WebSite","@id":"https:\/\/pakosc-kalwaria.franciszkanie.net\/#website","url":"https:\/\/pakosc-kalwaria.franciszkanie.net\/","name":"Pako\u015b\u0107 \u2013 Kalwaria","description":"Parafia Rzymsko \u2013 Katolicka p.w. Pana Jezusa Ukrzy\u017cowanego i  Matki Bo\u017cej Bolesnej ul. Barci\u0144ska 60, 88\u2013170 Pako\u015b\u0107 \u2013 Kalwaria","potentialAction":[{"@type":"SearchAction","target":{"@type":"EntryPoint","urlTemplate":"https:\/\/pakosc-kalwaria.franciszkanie.net\/?s={search_term_string}"},"query-input":"required name=search_term_string"}],"inLanguage":"pl-PL"},{"@type":"ImageObject","@id":"https:\/\/pakosc-kalwaria.franciszkanie.net\/index.php\/2022\/04\/21\/swieto-milosierdzia-bozego-niedziela-24-kwietnia\/#primaryimage","inLanguage":"pl-PL","url":"https:\/\/pakosc-kalwaria.franciszkanie.net\/wp-content\/uploads\/2022\/04\/Jezus-Milosierny.jpeg","contentUrl":"https:\/\/pakosc-kalwaria.franciszkanie.net\/wp-content\/uploads\/2022\/04\/Jezus-Milosierny.jpeg","width":230,"height":321},{"@type":"WebPage","@id":"https:\/\/pakosc-kalwaria.franciszkanie.net\/index.php\/2022\/04\/21\/swieto-milosierdzia-bozego-niedziela-24-kwietnia\/#webpage","url":"https:\/\/pakosc-kalwaria.franciszkanie.net\/index.php\/2022\/04\/21\/swieto-milosierdzia-bozego-niedziela-24-kwietnia\/","name":"\u015awi\u0119to Mi\u0142osierdzia Bo\u017cego \u2013 Niedziela 24 kwietnia - Pako\u015b\u0107 \u2013 Kalwaria","isPartOf":{"@id":"https:\/\/pakosc-kalwaria.franciszkanie.net\/#website"},"primaryImageOfPage":{"@id":"https:\/\/pakosc-kalwaria.franciszkanie.net\/index.php\/2022\/04\/21\/swieto-milosierdzia-bozego-niedziela-24-kwietnia\/#primaryimage"},"datePublished":"2022-04-21T18:20:00+00:00","dateModified":"2022-04-24T21:16:48+00:00","author":{"@id":"https:\/\/pakosc-kalwaria.franciszkanie.net\/#\/schema\/person\/af10b943be0760709227d060eadcb2aa"},"breadcrumb":{"@id":"https:\/\/pakosc-kalwaria.franciszkanie.net\/index.php\/2022\/04\/21\/swieto-milosierdzia-bozego-niedziela-24-kwietnia\/#breadcrumb"},"inLanguage":"pl-PL","potentialAction":[{"@type":"ReadAction","target":["https:\/\/pakosc-kalwaria.franciszkanie.net\/index.php\/2022\/04\/21\/swieto-milosierdzia-bozego-niedziela-24-kwietnia\/"]}]},{"@type":"BreadcrumbList","@id":"https:\/\/pakosc-kalwaria.franciszkanie.net\/index.php\/2022\/04\/21\/swieto-milosierdzia-bozego-niedziela-24-kwietnia\/#breadcrumb","itemListElement":[{"@type":"ListItem","position":1,"name":"Strona g\u0142\u00f3wna","item":"https:\/\/pakosc-kalwaria.franciszkanie.net\/"},{"@type":"ListItem","position":2,"name":"\u015awi\u0119to Mi\u0142osierdzia Bo\u017cego \u2013 Niedziela 24 kwietnia"}]},{"@type":"Person","@id":"https:\/\/pakosc-kalwaria.franciszkanie.net\/#\/schema\/person\/af10b943be0760709227d060eadcb2aa","name":"pakosc-kalwaria","image":{"@type":"ImageObject","@id":"https:\/\/pakosc-kalwaria.franciszkanie.net\/#personlogo","inLanguage":"pl-PL","url":"https:\/\/secure.gravatar.com\/avatar\/e7049d338b55eac6a0027ff3218b8d02?s=96&d=mm&r=g","contentUrl":"https:\/\/secure.gravatar.com\/avatar\/e7049d338b55eac6a0027ff3218b8d02?s=96&d=mm&r=g","caption":"pakosc-kalwaria"},"sameAs":["https:\/\/www.facebook.com\/KalwariaPakosc\/"],"url":"https:\/\/pakosc-kalwaria.franciszkanie.net\/index.php\/author\/pakosc-kalwaria\/"}]}},"_links":{"self":[{"href":"https:\/\/pakosc-kalwaria.franciszkanie.net\/index.php\/wp-json\/wp\/v2\/posts\/22597"}],"collection":[{"href":"https:\/\/pakosc-kalwaria.franciszkanie.net\/index.php\/wp-json\/wp\/v2\/posts"}],"about":[{"href":"https:\/\/pakosc-kalwaria.franciszkanie.net\/index.php\/wp-json\/wp\/v2\/types\/post"}],"author":[{"embeddable":true,"href":"https:\/\/pakosc-kalwaria.franciszkanie.net\/index.php\/wp-json\/wp\/v2\/users\/2"}],"replies":[{"embeddable":true,"href":"https:\/\/pakosc-kalwaria.franciszkanie.net\/index.php\/wp-json\/wp\/v2\/comments?post=22597"}],"version-history":[{"count":1,"href":"https:\/\/pakosc-kalwaria.franciszkanie.net\/index.php\/wp-json\/wp\/v2\/posts\/22597\/revisions"}],"predecessor-version":[{"id":22599,"href":"https:\/\/pakosc-kalwaria.franciszkanie.net\/index.php\/wp-json\/wp\/v2\/posts\/22597\/revisions\/22599"}],"wp:featuredmedia":[{"embeddable":true,"href":"https:\/\/pakosc-kalwaria.franciszkanie.net\/index.php\/wp-json\/wp\/v2\/media\/22598"}],"wp:attachment":[{"href":"https:\/\/pakosc-kalwaria.franciszkanie.net\/index.php\/wp-json\/wp\/v2\/media?parent=22597"}],"wp:term":[{"taxonomy":"category","embeddable":true,"href":"https:\/\/pakosc-kalwaria.franciszkanie.net\/index.php\/wp-json\/wp\/v2\/categories?post=22597"},{"taxonomy":"post_tag","embeddable":true,"href":"https:\/\/pakosc-kalwaria.franciszkanie.net\/index.php\/wp-json\/wp\/v2\/tags?post=22597"}],"curies":[{"name":"wp","href":"https:\/\/api.w.org\/{rel}","templated":true}]}}