{"id":22602,"date":"2022-04-20T20:24:42","date_gmt":"2022-04-20T18:24:42","guid":{"rendered":"http:\/\/pakosc-kalwaria.franciszkanie.net\/?p=22602"},"modified":"2022-04-20T20:24:42","modified_gmt":"2022-04-20T18:24:42","slug":"oktawa-wielkiej-nocy-2","status":"publish","type":"post","link":"https:\/\/pakosc-kalwaria.franciszkanie.net\/index.php\/2022\/04\/20\/oktawa-wielkiej-nocy-2\/","title":{"rendered":"Oktawa Wielkiej Nocy"},"content":{"rendered":"<div class=\"entry-content\">\n<p><strong><span style=\"color: #ff0000;\"><u>NIEDZIELA\u00a0 \u00a0ZMARTWYCHWSTANIA \u00a0PA\u0143SKIEGO<\/u> <u>\u2013 17 kwietnia 2022r.<\/u>\u00a0<\/span><br \/>\nO 6.00 uroczysta MSZA \u015aWI\u0118TA REZUREKCYJNA <\/strong><strong>w intencji Parafian i Dobrodziej\u00f3w.<br \/>\nPozosta\u0142e Msze \u015bw. o 9.00 i 11.00. \u00a0\u00a0<\/strong><\/p>\n<p><strong><u><br \/>\n<span style=\"color: #ff0000;\">PONIEDZIA\u0141EK WIELKANOCNY \u2013 18 kwietnia 2022r<\/span><\/u><span style=\"color: #ff0000;\">.<\/span><\/strong><br \/>\n<strong>Msze \u015bwi\u0119te o 9.00 i 11.00. Kolekta na KUL.<\/strong><br \/>\n<strong>Na Kalwarii Pakoskiej\u00a0 Odpust Emaus<\/strong><\/p>\n<p><strong><u><br \/>\n<span style=\"color: #ff0000;\">OKTAWA WIELKIEJ NOCY<\/span><\/u> \u2013\u00a0 ko\u0144czy si\u0119 Niedziel\u0105 Bo\u017cego Mi\u0142osierdzia (24.04.2022r.)<\/strong><br \/>\n<strong>\u2013 Msze \u015bw. od wtorku do soboty (19 \u2013 23.04.) \u2013 o 17.00.<\/strong><br \/>\n<strong>\u2013 Msze \u015bw. w niedziele (24.04.) \u2013 o 9.00;\u00a0 11.00; 15.00.<\/strong><strong>\u00a0\u00a0 \u00a0\u00a0\u00a0\u00a0<\/strong><\/p>\n<p>&nbsp;<\/p>\n<p><strong><span style=\"color: #ff0000;\">OKTAWA WIELKIEJ NOCY<\/span><br \/>\n<\/strong><strong>Ko\u015bci\u00f3\u0142 obchodzi tak\u017ce Oktaw\u0119 Wielkiej Nocy \u2013 czyli przez osiem dni bez przerwy wci\u0105\u017c powtarza si\u0119 t\u0119 sam\u0105 prawd\u0119, \u017ce CHRYSTUS\u00a0 ZMARTWYCHWSTA\u0141.<\/strong><\/p>\n<p><strong>Oktawa Wielkanocy jest najwa\u017cniejsz\u0105 spo\u015br\u00f3d oktaw ca\u0142ego roku liturgicznego. Ka\u017cdy jej dzie\u0144 jest obchodzony w randze uroczysto\u015bci, dlatego Oktawa ta znosi wszelkie posty (tak\u017ce pi\u0105tkowy \u2013 wstrzemi\u0119\u017aliwo\u015b\u0107 od pokarm\u00f3w mi\u0119snych). Rado\u015b\u0107, kt\u00f3ra wybucha w Ko\u015bciele z racji tego, \u017ce Chrystus zmartwychwsta\u0142, jest tak wielka, \u017ce Ko\u015bci\u00f3\u0142 przed\u0142u\u017ca j\u0105 na ca\u0142y tydzie\u0144. Oktawa Zmartwychwstania jest obchodzona ju\u017c od III wieku, jest najwa\u017cniejsz\u0105, a jednocze\u015bnie najstarsz\u0105 oktaw\u0105 w liturgii Ko\u015bcio\u0142a.<\/strong><\/p>\n<p><strong>Ostatnim dniem Oktawy jest Bia\u0142a Niedziela, nazywana obecnie tak\u017ce Niedziel\u0105 Mi\u0142osierdzia Bo\u017cego<\/strong>. <strong>\u015aw. Jan Pawe\u0142 II ustanowi\u0142 ten dzie\u0144 \u015bwi\u0119tem Mi\u0142osierdzia Bo\u017cego, kt\u00f3rego wielk\u0105 or\u0119downiczk\u0105 by\u0142a \u015bw. Faustyna Kowalska.<\/strong><\/p>\n<\/div>\n","protected":false},"excerpt":{"rendered":"<p>NIEDZIELA\u00a0 \u00a0ZMARTWYCHWSTANIA \u00a0PA\u0143SKIEGO \u2013 17 kwietnia 2022r.\u00a0 O 6.00 uroczysta MSZA \u015aWI\u0118TA REZUREKCYJNA w intencji Parafian i Dobrodziej\u00f3w. Pozosta\u0142e Msze \u015bw. o 9.00 i 11.00. \u00a0\u00a0 PONIEDZIA\u0141EK WIELKANOCNY \u2013 18 kwietnia 2022r. Msze \u015bwi\u0119te o 9.00 i 11.00. Kolekta na KUL. Na Kalwarii Pakoskiej\u00a0 Odpust Emaus OKTAWA WIELKIEJ NOCY \u2013\u00a0 ko\u0144czy si\u0119 Niedziel\u0105 Bo\u017cego Mi\u0142osierdzia &hellip;<\/p>\n","protected":false},"author":2,"featured_media":22603,"comment_status":"closed","ping_status":"closed","sticky":false,"template":"","format":"standard","meta":{"_mi_skip_tracking":false,"_exactmetrics_sitenote_active":false,"_exactmetrics_sitenote_note":"","_exactmetrics_sitenote_category":0},"categories":[13],"tags":[],"yoast_head":"<!-- This site is optimized with the Yoast SEO plugin v18.1 - https:\/\/yoast.com\/wordpress\/plugins\/seo\/ -->\n<title>Oktawa Wielkiej Nocy - Pako\u015b\u0107 \u2013 Kalwaria<\/title>\n<meta name=\"robots\" content=\"index, follow, max-snippet:-1, max-image-preview:large, max-video-preview:-1\" \/>\n<link rel=\"canonical\" href=\"https:\/\/pakosc-kalwaria.franciszkanie.net\/index.php\/2022\/04\/20\/oktawa-wielkiej-nocy-2\/\" \/>\n<meta property=\"og:locale\" content=\"pl_PL\" \/>\n<meta property=\"og:type\" content=\"article\" \/>\n<meta property=\"og:title\" content=\"Oktawa Wielkiej Nocy - Pako\u015b\u0107 \u2013 Kalwaria\" \/>\n<meta property=\"og:description\" content=\"NIEDZIELA\u00a0 \u00a0ZMARTWYCHWSTANIA \u00a0PA\u0143SKIEGO \u2013 17 kwietnia 2022r.\u00a0 O 6.00 uroczysta MSZA \u015aWI\u0118TA REZUREKCYJNA w intencji Parafian i Dobrodziej\u00f3w. Pozosta\u0142e Msze \u015bw. o 9.00 i 11.00. \u00a0\u00a0 PONIEDZIA\u0141EK WIELKANOCNY \u2013 18 kwietnia 2022r. Msze \u015bwi\u0119te o 9.00 i 11.00. Kolekta na KUL. Na Kalwarii Pakoskiej\u00a0 Odpust Emaus OKTAWA WIELKIEJ NOCY \u2013\u00a0 ko\u0144czy si\u0119 Niedziel\u0105 Bo\u017cego Mi\u0142osierdzia &hellip;\" \/>\n<meta property=\"og:url\" content=\"https:\/\/pakosc-kalwaria.franciszkanie.net\/index.php\/2022\/04\/20\/oktawa-wielkiej-nocy-2\/\" \/>\n<meta property=\"og:site_name\" content=\"Pako\u015b\u0107 \u2013 Kalwaria\" \/>\n<meta property=\"article:author\" content=\"https:\/\/www.facebook.com\/KalwariaPakosc\/\" \/>\n<meta property=\"article:published_time\" content=\"2022-04-20T18:24:42+00:00\" \/>\n<meta property=\"og:image\" content=\"https:\/\/pakosc-kalwaria.franciszkanie.net\/wp-content\/uploads\/2022\/04\/zmartwychwstanie.arch_.sadeczaninjpg.jpg\" \/>\n\t<meta property=\"og:image:width\" content=\"300\" \/>\n\t<meta property=\"og:image:height\" content=\"225\" \/>\n\t<meta property=\"og:image:type\" content=\"image\/jpeg\" \/>\n<meta name=\"twitter:card\" content=\"summary\" \/>\n<meta name=\"twitter:label1\" content=\"Napisane przez\" \/>\n\t<meta name=\"twitter:data1\" content=\"pakosc-kalwaria\" \/>\n\t<meta name=\"twitter:label2\" content=\"Szacowany czas czytania\" \/>\n\t<meta name=\"twitter:data2\" content=\"1 minuta\" \/>\n<script type=\"application\/ld+json\" class=\"yoast-schema-graph\">{\"@context\":\"https:\/\/schema.org\",\"@graph\":[{\"@type\":\"WebSite\",\"@id\":\"https:\/\/pakosc-kalwaria.franciszkanie.net\/#website\",\"url\":\"https:\/\/pakosc-kalwaria.franciszkanie.net\/\",\"name\":\"Pako\u015b\u0107 \u2013 Kalwaria\",\"description\":\"Parafia Rzymsko \u2013 Katolicka p.w. Pana Jezusa Ukrzy\u017cowanego i  Matki Bo\u017cej Bolesnej ul. Barci\u0144ska 60, 88\u2013170 Pako\u015b\u0107 \u2013 Kalwaria\",\"potentialAction\":[{\"@type\":\"SearchAction\",\"target\":{\"@type\":\"EntryPoint\",\"urlTemplate\":\"https:\/\/pakosc-kalwaria.franciszkanie.net\/?s={search_term_string}\"},\"query-input\":\"required name=search_term_string\"}],\"inLanguage\":\"pl-PL\"},{\"@type\":\"ImageObject\",\"@id\":\"https:\/\/pakosc-kalwaria.franciszkanie.net\/index.php\/2022\/04\/20\/oktawa-wielkiej-nocy-2\/#primaryimage\",\"inLanguage\":\"pl-PL\",\"url\":\"https:\/\/pakosc-kalwaria.franciszkanie.net\/wp-content\/uploads\/2022\/04\/zmartwychwstanie.arch_.sadeczaninjpg.jpg\",\"contentUrl\":\"https:\/\/pakosc-kalwaria.franciszkanie.net\/wp-content\/uploads\/2022\/04\/zmartwychwstanie.arch_.sadeczaninjpg.jpg\",\"width\":300,\"height\":225},{\"@type\":\"WebPage\",\"@id\":\"https:\/\/pakosc-kalwaria.franciszkanie.net\/index.php\/2022\/04\/20\/oktawa-wielkiej-nocy-2\/#webpage\",\"url\":\"https:\/\/pakosc-kalwaria.franciszkanie.net\/index.php\/2022\/04\/20\/oktawa-wielkiej-nocy-2\/\",\"name\":\"Oktawa Wielkiej Nocy - Pako\u015b\u0107 \u2013 Kalwaria\",\"isPartOf\":{\"@id\":\"https:\/\/pakosc-kalwaria.franciszkanie.net\/#website\"},\"primaryImageOfPage\":{\"@id\":\"https:\/\/pakosc-kalwaria.franciszkanie.net\/index.php\/2022\/04\/20\/oktawa-wielkiej-nocy-2\/#primaryimage\"},\"datePublished\":\"2022-04-20T18:24:42+00:00\",\"dateModified\":\"2022-04-20T18:24:42+00:00\",\"author\":{\"@id\":\"https:\/\/pakosc-kalwaria.franciszkanie.net\/#\/schema\/person\/af10b943be0760709227d060eadcb2aa\"},\"breadcrumb\":{\"@id\":\"https:\/\/pakosc-kalwaria.franciszkanie.net\/index.php\/2022\/04\/20\/oktawa-wielkiej-nocy-2\/#breadcrumb\"},\"inLanguage\":\"pl-PL\",\"potentialAction\":[{\"@type\":\"ReadAction\",\"target\":[\"https:\/\/pakosc-kalwaria.franciszkanie.net\/index.php\/2022\/04\/20\/oktawa-wielkiej-nocy-2\/\"]}]},{\"@type\":\"BreadcrumbList\",\"@id\":\"https:\/\/pakosc-kalwaria.franciszkanie.net\/index.php\/2022\/04\/20\/oktawa-wielkiej-nocy-2\/#breadcrumb\",\"itemListElement\":[{\"@type\":\"ListItem\",\"position\":1,\"name\":\"Strona g\u0142\u00f3wna\",\"item\":\"https:\/\/pakosc-kalwaria.franciszkanie.net\/\"},{\"@type\":\"ListItem\",\"position\":2,\"name\":\"Oktawa Wielkiej Nocy\"}]},{\"@type\":\"Person\",\"@id\":\"https:\/\/pakosc-kalwaria.franciszkanie.net\/#\/schema\/person\/af10b943be0760709227d060eadcb2aa\",\"name\":\"pakosc-kalwaria\",\"image\":{\"@type\":\"ImageObject\",\"@id\":\"https:\/\/pakosc-kalwaria.franciszkanie.net\/#personlogo\",\"inLanguage\":\"pl-PL\",\"url\":\"https:\/\/secure.gravatar.com\/avatar\/e7049d338b55eac6a0027ff3218b8d02?s=96&d=mm&r=g\",\"contentUrl\":\"https:\/\/secure.gravatar.com\/avatar\/e7049d338b55eac6a0027ff3218b8d02?s=96&d=mm&r=g\",\"caption\":\"pakosc-kalwaria\"},\"sameAs\":[\"https:\/\/www.facebook.com\/KalwariaPakosc\/\"],\"url\":\"https:\/\/pakosc-kalwaria.franciszkanie.net\/index.php\/author\/pakosc-kalwaria\/\"}]}<\/script>\n<!-- \/ Yoast SEO plugin. -->","yoast_head_json":{"title":"Oktawa Wielkiej Nocy - Pako\u015b\u0107 \u2013 Kalwaria","robots":{"index":"index","follow":"follow","max-snippet":"max-snippet:-1","max-image-preview":"max-image-preview:large","max-video-preview":"max-video-preview:-1"},"canonical":"https:\/\/pakosc-kalwaria.franciszkanie.net\/index.php\/2022\/04\/20\/oktawa-wielkiej-nocy-2\/","og_locale":"pl_PL","og_type":"article","og_title":"Oktawa Wielkiej Nocy - Pako\u015b\u0107 \u2013 Kalwaria","og_description":"NIEDZIELA\u00a0 \u00a0ZMARTWYCHWSTANIA \u00a0PA\u0143SKIEGO \u2013 17 kwietnia 2022r.\u00a0 O 6.00 uroczysta MSZA \u015aWI\u0118TA REZUREKCYJNA w intencji Parafian i Dobrodziej\u00f3w. Pozosta\u0142e Msze \u015bw. o 9.00 i 11.00. \u00a0\u00a0 PONIEDZIA\u0141EK WIELKANOCNY \u2013 18 kwietnia 2022r. Msze \u015bwi\u0119te o 9.00 i 11.00. Kolekta na KUL. Na Kalwarii Pakoskiej\u00a0 Odpust Emaus OKTAWA WIELKIEJ NOCY \u2013\u00a0 ko\u0144czy si\u0119 Niedziel\u0105 Bo\u017cego Mi\u0142osierdzia &hellip;","og_url":"https:\/\/pakosc-kalwaria.franciszkanie.net\/index.php\/2022\/04\/20\/oktawa-wielkiej-nocy-2\/","og_site_name":"Pako\u015b\u0107 \u2013 Kalwaria","article_author":"https:\/\/www.facebook.com\/KalwariaPakosc\/","article_published_time":"2022-04-20T18:24:42+00:00","og_image":[{"width":300,"height":225,"url":"https:\/\/pakosc-kalwaria.franciszkanie.net\/wp-content\/uploads\/2022\/04\/zmartwychwstanie.arch_.sadeczaninjpg.jpg","type":"image\/jpeg"}],"twitter_card":"summary","twitter_misc":{"Napisane przez":"pakosc-kalwaria","Szacowany czas czytania":"1 minuta"},"schema":{"@context":"https:\/\/schema.org","@graph":[{"@type":"WebSite","@id":"https:\/\/pakosc-kalwaria.franciszkanie.net\/#website","url":"https:\/\/pakosc-kalwaria.franciszkanie.net\/","name":"Pako\u015b\u0107 \u2013 Kalwaria","description":"Parafia Rzymsko \u2013 Katolicka p.w. Pana Jezusa Ukrzy\u017cowanego i  Matki Bo\u017cej Bolesnej ul. Barci\u0144ska 60, 88\u2013170 Pako\u015b\u0107 \u2013 Kalwaria","potentialAction":[{"@type":"SearchAction","target":{"@type":"EntryPoint","urlTemplate":"https:\/\/pakosc-kalwaria.franciszkanie.net\/?s={search_term_string}"},"query-input":"required name=search_term_string"}],"inLanguage":"pl-PL"},{"@type":"ImageObject","@id":"https:\/\/pakosc-kalwaria.franciszkanie.net\/index.php\/2022\/04\/20\/oktawa-wielkiej-nocy-2\/#primaryimage","inLanguage":"pl-PL","url":"https:\/\/pakosc-kalwaria.franciszkanie.net\/wp-content\/uploads\/2022\/04\/zmartwychwstanie.arch_.sadeczaninjpg.jpg","contentUrl":"https:\/\/pakosc-kalwaria.franciszkanie.net\/wp-content\/uploads\/2022\/04\/zmartwychwstanie.arch_.sadeczaninjpg.jpg","width":300,"height":225},{"@type":"WebPage","@id":"https:\/\/pakosc-kalwaria.franciszkanie.net\/index.php\/2022\/04\/20\/oktawa-wielkiej-nocy-2\/#webpage","url":"https:\/\/pakosc-kalwaria.franciszkanie.net\/index.php\/2022\/04\/20\/oktawa-wielkiej-nocy-2\/","name":"Oktawa Wielkiej Nocy - Pako\u015b\u0107 \u2013 Kalwaria","isPartOf":{"@id":"https:\/\/pakosc-kalwaria.franciszkanie.net\/#website"},"primaryImageOfPage":{"@id":"https:\/\/pakosc-kalwaria.franciszkanie.net\/index.php\/2022\/04\/20\/oktawa-wielkiej-nocy-2\/#primaryimage"},"datePublished":"2022-04-20T18:24:42+00:00","dateModified":"2022-04-20T18:24:42+00:00","author":{"@id":"https:\/\/pakosc-kalwaria.franciszkanie.net\/#\/schema\/person\/af10b943be0760709227d060eadcb2aa"},"breadcrumb":{"@id":"https:\/\/pakosc-kalwaria.franciszkanie.net\/index.php\/2022\/04\/20\/oktawa-wielkiej-nocy-2\/#breadcrumb"},"inLanguage":"pl-PL","potentialAction":[{"@type":"ReadAction","target":["https:\/\/pakosc-kalwaria.franciszkanie.net\/index.php\/2022\/04\/20\/oktawa-wielkiej-nocy-2\/"]}]},{"@type":"BreadcrumbList","@id":"https:\/\/pakosc-kalwaria.franciszkanie.net\/index.php\/2022\/04\/20\/oktawa-wielkiej-nocy-2\/#breadcrumb","itemListElement":[{"@type":"ListItem","position":1,"name":"Strona g\u0142\u00f3wna","item":"https:\/\/pakosc-kalwaria.franciszkanie.net\/"},{"@type":"ListItem","position":2,"name":"Oktawa Wielkiej Nocy"}]},{"@type":"Person","@id":"https:\/\/pakosc-kalwaria.franciszkanie.net\/#\/schema\/person\/af10b943be0760709227d060eadcb2aa","name":"pakosc-kalwaria","image":{"@type":"ImageObject","@id":"https:\/\/pakosc-kalwaria.franciszkanie.net\/#personlogo","inLanguage":"pl-PL","url":"https:\/\/secure.gravatar.com\/avatar\/e7049d338b55eac6a0027ff3218b8d02?s=96&d=mm&r=g","contentUrl":"https:\/\/secure.gravatar.com\/avatar\/e7049d338b55eac6a0027ff3218b8d02?s=96&d=mm&r=g","caption":"pakosc-kalwaria"},"sameAs":["https:\/\/www.facebook.com\/KalwariaPakosc\/"],"url":"https:\/\/pakosc-kalwaria.franciszkanie.net\/index.php\/author\/pakosc-kalwaria\/"}]}},"_links":{"self":[{"href":"https:\/\/pakosc-kalwaria.franciszkanie.net\/index.php\/wp-json\/wp\/v2\/posts\/22602"}],"collection":[{"href":"https:\/\/pakosc-kalwaria.franciszkanie.net\/index.php\/wp-json\/wp\/v2\/posts"}],"about":[{"href":"https:\/\/pakosc-kalwaria.franciszkanie.net\/index.php\/wp-json\/wp\/v2\/types\/post"}],"author":[{"embeddable":true,"href":"https:\/\/pakosc-kalwaria.franciszkanie.net\/index.php\/wp-json\/wp\/v2\/users\/2"}],"replies":[{"embeddable":true,"href":"https:\/\/pakosc-kalwaria.franciszkanie.net\/index.php\/wp-json\/wp\/v2\/comments?post=22602"}],"version-history":[{"count":1,"href":"https:\/\/pakosc-kalwaria.franciszkanie.net\/index.php\/wp-json\/wp\/v2\/posts\/22602\/revisions"}],"predecessor-version":[{"id":22604,"href":"https:\/\/pakosc-kalwaria.franciszkanie.net\/index.php\/wp-json\/wp\/v2\/posts\/22602\/revisions\/22604"}],"wp:featuredmedia":[{"embeddable":true,"href":"https:\/\/pakosc-kalwaria.franciszkanie.net\/index.php\/wp-json\/wp\/v2\/media\/22603"}],"wp:attachment":[{"href":"https:\/\/pakosc-kalwaria.franciszkanie.net\/index.php\/wp-json\/wp\/v2\/media?parent=22602"}],"wp:term":[{"taxonomy":"category","embeddable":true,"href":"https:\/\/pakosc-kalwaria.franciszkanie.net\/index.php\/wp-json\/wp\/v2\/categories?post=22602"},{"taxonomy":"post_tag","embeddable":true,"href":"https:\/\/pakosc-kalwaria.franciszkanie.net\/index.php\/wp-json\/wp\/v2\/tags?post=22602"}],"curies":[{"name":"wp","href":"https:\/\/api.w.org\/{rel}","templated":true}]}}