{"id":22608,"date":"2022-04-21T22:39:48","date_gmt":"2022-04-21T20:39:48","guid":{"rendered":"http:\/\/pakosc-kalwaria.franciszkanie.net\/?p=22608"},"modified":"2022-04-21T22:39:48","modified_gmt":"2022-04-21T20:39:48","slug":"ogolnopolskie-dziekczynienie-za-beatyfikacje-kard-stefana-wyszynskiego","status":"publish","type":"post","link":"https:\/\/pakosc-kalwaria.franciszkanie.net\/index.php\/2022\/04\/21\/ogolnopolskie-dziekczynienie-za-beatyfikacje-kard-stefana-wyszynskiego\/","title":{"rendered":"Og\u00f3lnopolskie dzi\u0119kczynienie za beatyfikacj\u0119 kard. Stefana Wyszy\u0144skiego"},"content":{"rendered":"<p>Trzeba dzi\u0119kowa\u0107 Panu Bogu za dar beatyfikacji kard. Stefana Wyszy\u0144skiego i wyprasza\u0107 za jego wstawiennictwem potrzebne \u0142aski \u2013 podkre\u015bla przewodnicz\u0105cy Konferencji Episkopatu Polski abp Stanis\u0142aw G\u0105decki. Og\u00f3lnopolskie dzi\u0119kczynienie odb\u0119dzie si\u0119 24 kwietnia w Gnie\u017anie, 3 maja na Jasnej G\u00f3rze oraz 5 czerwca w Warszawie.<\/p>\n<p>\u201eKard. Stefan Wyszy\u0144ski jest dla Polak\u00f3w postaci\u0105 szczeg\u00f3ln\u0105. Mo\u017cna go nazwa\u0107 \u2013 obok \u015bw. Jana Paw\u0142a II \u2013 ojcem naszej wolno\u015bci \u2013 tej zewn\u0119trznej jak i wewn\u0119trznej\u201d \u2013 m\u00f3wi abp Stanis\u0142aw G\u0105decki, zach\u0119caj\u0105c do udzia\u0142u w og\u00f3lnopolskich uroczysto\u015bciach dzi\u0119kczynnych za dar beatyfikacji Prymasa Tysi\u0105clecia.<\/p>\n<p>O tym, \u017ce Jasna G\u00f3ra, Gniezno i Warszawa b\u0119d\u0105 miejscami og\u00f3lnopolskich uroczysto\u015bci dzi\u0119kczynnych zdecydowali biskupi diecezjalni podczas spotkania na Jasnej G\u00f3rze 25 sierpnia 2021 roku.<\/p>\n<p>Pierwsza z uroczysto\u015bci dzi\u0119kczynnych b\u0119dzie mia\u0142a miejsce w Gnie\u017anie podczas obchod\u00f3w ku czci \u015bw. Wojciecha, kt\u00f3re odb\u0119d\u0105 si\u0119 23 i 24 kwietnia. Jak poinformowa\u0142a archidiecezja gnie\u017anie\u0144ska, udzia\u0142 w nich potwierdzi\u0142o dot\u0105d trzydziestu arcybiskup\u00f3w i biskup\u00f3w z Polski i zagranicy m.in.: prymas Czech kard. Dominik Duka, metropolita warszawski kard. Kazimierz Nycz i metropolita pozna\u0144ski, przewodnicz\u0105cy Konferencji Episkopatu Polski abp Stanis\u0142aw G\u0105decki.<\/p>\n<p>G\u0142\u00f3wnym punktem dzi\u0119kczynienia za beatyfikacj\u0119 b\u0119dzie suma odpustowa w niedziel\u0119, 24 kwietnia, o godz. 10.00 na placu \u015bw. Wojciecha. Przewodniczy\u0107 jej b\u0119dzie i homili\u0119 wyg\u0142osi prymas Polski abp Wojciech Polak. Sobotnie i niedzielne nieszpory oraz niedzielna Eucharystia b\u0119d\u0105 transmitowane online na stronach <a href=\"http:\/\/www.archidiecezja.pl\/\">www.archidiecezja.pl<\/a>\u00a0 i <a href=\"http:\/\/www.prymaspolski.pl\/\">www.prymaspolski.pl<\/a> oraz w mediach spo\u0142eczno\u015bciowych archidiecezji gnie\u017anie\u0144skiej. Niedzieln\u0105 Msz\u0119 \u015bw. b\u0119dzie mo\u017cna r\u00f3wnie\u017c ogl\u0105da\u0107 w TVP Polonia (zob. <a href=\"https:\/\/archidiecezja.pl\/odpust-sw-wojciecha-transmisje\/\">plan transmisji<\/a>). Uroczysto\u015bci dzi\u0119kczynne w Gnie\u017anie b\u0119d\u0105 po\u0142\u0105czone z rozpocz\u0119ciem peregrynacji Obrazu Matki Bo\u017cej Cz\u0119stochowskiej w archidiecezji gnie\u017anie\u0144skiej.<\/p>\n<p>Drugi etap dzi\u0119kczynienia odb\u0119dzie si\u0119 3 maja podczas jasnog\u00f3rskich uroczysto\u015bci ku czci Matki Bo\u017cej Kr\u00f3lowej Polski. W sumie odpustowej o godz. 11.00 na jasnog\u00f3rskim szczycie wezm\u0105 udzia\u0142 m.in. biskupi, kt\u00f3rzy spotkaj\u0105 si\u0119 dzie\u0144 wcze\u015bniej w Cz\u0119stochowie na obradach Rady Sta\u0142ej Konferencji Episkopatu Polski.<\/p>\n<p>Za beatyfikacj\u0119 wierni podzi\u0119kuj\u0105 r\u00f3wnie\u017c 5 czerwca podczas obchodzonego uroczy\u015bcie w Warszawie \u015awi\u0119ta Dzi\u0119kczynienia. Tego dnia zaplanowano Msz\u0119 \u015bw. w \u015awi\u0105tyni Opatrzno\u015bci Bo\u017cej o godz. 12.00.<\/p>\n<p>Beatyfikacja kard. Wyszy\u0144skiego mia\u0142a miejsce 12 wrze\u015bnia 2021 r. w Warszawie, wraz z beatyfikacj\u0105 m. El\u017cbiety R\u00f3\u017cy Czackiej. W roku 2022, opr\u00f3cz og\u00f3lnopolskich dzi\u0119kczynie\u0144, po raz pierwszy b\u0119dzie obchodzone r\u00f3wnie\u017c liturgiczne wspomnienie Prymasa Tysi\u0105clecia. Przypada ono w rocznic\u0119 jego \u015bmierci \u2013 28 maja.<\/p>\n<p>BP KEP<\/p>\n","protected":false},"excerpt":{"rendered":"<p>Trzeba dzi\u0119kowa\u0107 Panu Bogu za dar beatyfikacji kard. Stefana Wyszy\u0144skiego i wyprasza\u0107 za jego wstawiennictwem potrzebne \u0142aski \u2013 podkre\u015bla przewodnicz\u0105cy Konferencji Episkopatu Polski abp Stanis\u0142aw G\u0105decki. Og\u00f3lnopolskie dzi\u0119kczynienie odb\u0119dzie si\u0119 24 kwietnia w Gnie\u017anie, 3 maja na Jasnej G\u00f3rze oraz 5 czerwca w Warszawie. \u201eKard. Stefan Wyszy\u0144ski jest dla Polak\u00f3w postaci\u0105 szczeg\u00f3ln\u0105. Mo\u017cna go nazwa\u0107 &hellip;<\/p>\n","protected":false},"author":2,"featured_media":22609,"comment_status":"closed","ping_status":"closed","sticky":false,"template":"","format":"standard","meta":{"_mi_skip_tracking":false,"_exactmetrics_sitenote_active":false,"_exactmetrics_sitenote_note":"","_exactmetrics_sitenote_category":0},"categories":[13],"tags":[],"yoast_head":"<!-- This site is optimized with the Yoast SEO plugin v18.1 - https:\/\/yoast.com\/wordpress\/plugins\/seo\/ -->\n<title>Og\u00f3lnopolskie dzi\u0119kczynienie za beatyfikacj\u0119 kard. Stefana Wyszy\u0144skiego - Pako\u015b\u0107 \u2013 Kalwaria<\/title>\n<meta name=\"robots\" content=\"index, follow, max-snippet:-1, max-image-preview:large, max-video-preview:-1\" \/>\n<link rel=\"canonical\" href=\"https:\/\/pakosc-kalwaria.franciszkanie.net\/index.php\/2022\/04\/21\/ogolnopolskie-dziekczynienie-za-beatyfikacje-kard-stefana-wyszynskiego\/\" \/>\n<meta property=\"og:locale\" content=\"pl_PL\" \/>\n<meta property=\"og:type\" content=\"article\" \/>\n<meta property=\"og:title\" content=\"Og\u00f3lnopolskie dzi\u0119kczynienie za beatyfikacj\u0119 kard. Stefana Wyszy\u0144skiego - Pako\u015b\u0107 \u2013 Kalwaria\" \/>\n<meta property=\"og:description\" content=\"Trzeba dzi\u0119kowa\u0107 Panu Bogu za dar beatyfikacji kard. Stefana Wyszy\u0144skiego i wyprasza\u0107 za jego wstawiennictwem potrzebne \u0142aski \u2013 podkre\u015bla przewodnicz\u0105cy Konferencji Episkopatu Polski abp Stanis\u0142aw G\u0105decki. Og\u00f3lnopolskie dzi\u0119kczynienie odb\u0119dzie si\u0119 24 kwietnia w Gnie\u017anie, 3 maja na Jasnej G\u00f3rze oraz 5 czerwca w Warszawie. \u201eKard. Stefan Wyszy\u0144ski jest dla Polak\u00f3w postaci\u0105 szczeg\u00f3ln\u0105. Mo\u017cna go nazwa\u0107 &hellip;\" \/>\n<meta property=\"og:url\" content=\"https:\/\/pakosc-kalwaria.franciszkanie.net\/index.php\/2022\/04\/21\/ogolnopolskie-dziekczynienie-za-beatyfikacje-kard-stefana-wyszynskiego\/\" \/>\n<meta property=\"og:site_name\" content=\"Pako\u015b\u0107 \u2013 Kalwaria\" \/>\n<meta property=\"article:author\" content=\"https:\/\/www.facebook.com\/KalwariaPakosc\/\" \/>\n<meta property=\"article:published_time\" content=\"2022-04-21T20:39:48+00:00\" \/>\n<meta property=\"og:image\" content=\"https:\/\/pakosc-kalwaria.franciszkanie.net\/wp-content\/uploads\/2022\/04\/wyszynski-1-324x235-1.jpg\" \/>\n\t<meta property=\"og:image:width\" content=\"324\" \/>\n\t<meta property=\"og:image:height\" content=\"235\" \/>\n\t<meta property=\"og:image:type\" content=\"image\/jpeg\" \/>\n<meta name=\"twitter:card\" content=\"summary\" \/>\n<meta name=\"twitter:label1\" content=\"Napisane przez\" \/>\n\t<meta name=\"twitter:data1\" content=\"pakosc-kalwaria\" \/>\n\t<meta name=\"twitter:label2\" content=\"Szacowany czas czytania\" \/>\n\t<meta name=\"twitter:data2\" content=\"3 minuty\" \/>\n<script type=\"application\/ld+json\" class=\"yoast-schema-graph\">{\"@context\":\"https:\/\/schema.org\",\"@graph\":[{\"@type\":\"WebSite\",\"@id\":\"https:\/\/pakosc-kalwaria.franciszkanie.net\/#website\",\"url\":\"https:\/\/pakosc-kalwaria.franciszkanie.net\/\",\"name\":\"Pako\u015b\u0107 \u2013 Kalwaria\",\"description\":\"Parafia Rzymsko \u2013 Katolicka p.w. Pana Jezusa Ukrzy\u017cowanego i  Matki Bo\u017cej Bolesnej ul. Barci\u0144ska 60, 88\u2013170 Pako\u015b\u0107 \u2013 Kalwaria\",\"potentialAction\":[{\"@type\":\"SearchAction\",\"target\":{\"@type\":\"EntryPoint\",\"urlTemplate\":\"https:\/\/pakosc-kalwaria.franciszkanie.net\/?s={search_term_string}\"},\"query-input\":\"required name=search_term_string\"}],\"inLanguage\":\"pl-PL\"},{\"@type\":\"ImageObject\",\"@id\":\"https:\/\/pakosc-kalwaria.franciszkanie.net\/index.php\/2022\/04\/21\/ogolnopolskie-dziekczynienie-za-beatyfikacje-kard-stefana-wyszynskiego\/#primaryimage\",\"inLanguage\":\"pl-PL\",\"url\":\"https:\/\/pakosc-kalwaria.franciszkanie.net\/wp-content\/uploads\/2022\/04\/wyszynski-1-324x235-1.jpg\",\"contentUrl\":\"https:\/\/pakosc-kalwaria.franciszkanie.net\/wp-content\/uploads\/2022\/04\/wyszynski-1-324x235-1.jpg\",\"width\":324,\"height\":235},{\"@type\":\"WebPage\",\"@id\":\"https:\/\/pakosc-kalwaria.franciszkanie.net\/index.php\/2022\/04\/21\/ogolnopolskie-dziekczynienie-za-beatyfikacje-kard-stefana-wyszynskiego\/#webpage\",\"url\":\"https:\/\/pakosc-kalwaria.franciszkanie.net\/index.php\/2022\/04\/21\/ogolnopolskie-dziekczynienie-za-beatyfikacje-kard-stefana-wyszynskiego\/\",\"name\":\"Og\u00f3lnopolskie dzi\u0119kczynienie za beatyfikacj\u0119 kard. Stefana Wyszy\u0144skiego - Pako\u015b\u0107 \u2013 Kalwaria\",\"isPartOf\":{\"@id\":\"https:\/\/pakosc-kalwaria.franciszkanie.net\/#website\"},\"primaryImageOfPage\":{\"@id\":\"https:\/\/pakosc-kalwaria.franciszkanie.net\/index.php\/2022\/04\/21\/ogolnopolskie-dziekczynienie-za-beatyfikacje-kard-stefana-wyszynskiego\/#primaryimage\"},\"datePublished\":\"2022-04-21T20:39:48+00:00\",\"dateModified\":\"2022-04-21T20:39:48+00:00\",\"author\":{\"@id\":\"https:\/\/pakosc-kalwaria.franciszkanie.net\/#\/schema\/person\/af10b943be0760709227d060eadcb2aa\"},\"breadcrumb\":{\"@id\":\"https:\/\/pakosc-kalwaria.franciszkanie.net\/index.php\/2022\/04\/21\/ogolnopolskie-dziekczynienie-za-beatyfikacje-kard-stefana-wyszynskiego\/#breadcrumb\"},\"inLanguage\":\"pl-PL\",\"potentialAction\":[{\"@type\":\"ReadAction\",\"target\":[\"https:\/\/pakosc-kalwaria.franciszkanie.net\/index.php\/2022\/04\/21\/ogolnopolskie-dziekczynienie-za-beatyfikacje-kard-stefana-wyszynskiego\/\"]}]},{\"@type\":\"BreadcrumbList\",\"@id\":\"https:\/\/pakosc-kalwaria.franciszkanie.net\/index.php\/2022\/04\/21\/ogolnopolskie-dziekczynienie-za-beatyfikacje-kard-stefana-wyszynskiego\/#breadcrumb\",\"itemListElement\":[{\"@type\":\"ListItem\",\"position\":1,\"name\":\"Strona g\u0142\u00f3wna\",\"item\":\"https:\/\/pakosc-kalwaria.franciszkanie.net\/\"},{\"@type\":\"ListItem\",\"position\":2,\"name\":\"Og\u00f3lnopolskie dzi\u0119kczynienie za beatyfikacj\u0119 kard. Stefana Wyszy\u0144skiego\"}]},{\"@type\":\"Person\",\"@id\":\"https:\/\/pakosc-kalwaria.franciszkanie.net\/#\/schema\/person\/af10b943be0760709227d060eadcb2aa\",\"name\":\"pakosc-kalwaria\",\"image\":{\"@type\":\"ImageObject\",\"@id\":\"https:\/\/pakosc-kalwaria.franciszkanie.net\/#personlogo\",\"inLanguage\":\"pl-PL\",\"url\":\"https:\/\/secure.gravatar.com\/avatar\/e7049d338b55eac6a0027ff3218b8d02?s=96&d=mm&r=g\",\"contentUrl\":\"https:\/\/secure.gravatar.com\/avatar\/e7049d338b55eac6a0027ff3218b8d02?s=96&d=mm&r=g\",\"caption\":\"pakosc-kalwaria\"},\"sameAs\":[\"https:\/\/www.facebook.com\/KalwariaPakosc\/\"],\"url\":\"https:\/\/pakosc-kalwaria.franciszkanie.net\/index.php\/author\/pakosc-kalwaria\/\"}]}<\/script>\n<!-- \/ Yoast SEO plugin. -->","yoast_head_json":{"title":"Og\u00f3lnopolskie dzi\u0119kczynienie za beatyfikacj\u0119 kard. Stefana Wyszy\u0144skiego - Pako\u015b\u0107 \u2013 Kalwaria","robots":{"index":"index","follow":"follow","max-snippet":"max-snippet:-1","max-image-preview":"max-image-preview:large","max-video-preview":"max-video-preview:-1"},"canonical":"https:\/\/pakosc-kalwaria.franciszkanie.net\/index.php\/2022\/04\/21\/ogolnopolskie-dziekczynienie-za-beatyfikacje-kard-stefana-wyszynskiego\/","og_locale":"pl_PL","og_type":"article","og_title":"Og\u00f3lnopolskie dzi\u0119kczynienie za beatyfikacj\u0119 kard. Stefana Wyszy\u0144skiego - Pako\u015b\u0107 \u2013 Kalwaria","og_description":"Trzeba dzi\u0119kowa\u0107 Panu Bogu za dar beatyfikacji kard. Stefana Wyszy\u0144skiego i wyprasza\u0107 za jego wstawiennictwem potrzebne \u0142aski \u2013 podkre\u015bla przewodnicz\u0105cy Konferencji Episkopatu Polski abp Stanis\u0142aw G\u0105decki. Og\u00f3lnopolskie dzi\u0119kczynienie odb\u0119dzie si\u0119 24 kwietnia w Gnie\u017anie, 3 maja na Jasnej G\u00f3rze oraz 5 czerwca w Warszawie. \u201eKard. Stefan Wyszy\u0144ski jest dla Polak\u00f3w postaci\u0105 szczeg\u00f3ln\u0105. Mo\u017cna go nazwa\u0107 &hellip;","og_url":"https:\/\/pakosc-kalwaria.franciszkanie.net\/index.php\/2022\/04\/21\/ogolnopolskie-dziekczynienie-za-beatyfikacje-kard-stefana-wyszynskiego\/","og_site_name":"Pako\u015b\u0107 \u2013 Kalwaria","article_author":"https:\/\/www.facebook.com\/KalwariaPakosc\/","article_published_time":"2022-04-21T20:39:48+00:00","og_image":[{"width":324,"height":235,"url":"https:\/\/pakosc-kalwaria.franciszkanie.net\/wp-content\/uploads\/2022\/04\/wyszynski-1-324x235-1.jpg","type":"image\/jpeg"}],"twitter_card":"summary","twitter_misc":{"Napisane przez":"pakosc-kalwaria","Szacowany czas czytania":"3 minuty"},"schema":{"@context":"https:\/\/schema.org","@graph":[{"@type":"WebSite","@id":"https:\/\/pakosc-kalwaria.franciszkanie.net\/#website","url":"https:\/\/pakosc-kalwaria.franciszkanie.net\/","name":"Pako\u015b\u0107 \u2013 Kalwaria","description":"Parafia Rzymsko \u2013 Katolicka p.w. Pana Jezusa Ukrzy\u017cowanego i  Matki Bo\u017cej Bolesnej ul. Barci\u0144ska 60, 88\u2013170 Pako\u015b\u0107 \u2013 Kalwaria","potentialAction":[{"@type":"SearchAction","target":{"@type":"EntryPoint","urlTemplate":"https:\/\/pakosc-kalwaria.franciszkanie.net\/?s={search_term_string}"},"query-input":"required name=search_term_string"}],"inLanguage":"pl-PL"},{"@type":"ImageObject","@id":"https:\/\/pakosc-kalwaria.franciszkanie.net\/index.php\/2022\/04\/21\/ogolnopolskie-dziekczynienie-za-beatyfikacje-kard-stefana-wyszynskiego\/#primaryimage","inLanguage":"pl-PL","url":"https:\/\/pakosc-kalwaria.franciszkanie.net\/wp-content\/uploads\/2022\/04\/wyszynski-1-324x235-1.jpg","contentUrl":"https:\/\/pakosc-kalwaria.franciszkanie.net\/wp-content\/uploads\/2022\/04\/wyszynski-1-324x235-1.jpg","width":324,"height":235},{"@type":"WebPage","@id":"https:\/\/pakosc-kalwaria.franciszkanie.net\/index.php\/2022\/04\/21\/ogolnopolskie-dziekczynienie-za-beatyfikacje-kard-stefana-wyszynskiego\/#webpage","url":"https:\/\/pakosc-kalwaria.franciszkanie.net\/index.php\/2022\/04\/21\/ogolnopolskie-dziekczynienie-za-beatyfikacje-kard-stefana-wyszynskiego\/","name":"Og\u00f3lnopolskie dzi\u0119kczynienie za beatyfikacj\u0119 kard. Stefana Wyszy\u0144skiego - Pako\u015b\u0107 \u2013 Kalwaria","isPartOf":{"@id":"https:\/\/pakosc-kalwaria.franciszkanie.net\/#website"},"primaryImageOfPage":{"@id":"https:\/\/pakosc-kalwaria.franciszkanie.net\/index.php\/2022\/04\/21\/ogolnopolskie-dziekczynienie-za-beatyfikacje-kard-stefana-wyszynskiego\/#primaryimage"},"datePublished":"2022-04-21T20:39:48+00:00","dateModified":"2022-04-21T20:39:48+00:00","author":{"@id":"https:\/\/pakosc-kalwaria.franciszkanie.net\/#\/schema\/person\/af10b943be0760709227d060eadcb2aa"},"breadcrumb":{"@id":"https:\/\/pakosc-kalwaria.franciszkanie.net\/index.php\/2022\/04\/21\/ogolnopolskie-dziekczynienie-za-beatyfikacje-kard-stefana-wyszynskiego\/#breadcrumb"},"inLanguage":"pl-PL","potentialAction":[{"@type":"ReadAction","target":["https:\/\/pakosc-kalwaria.franciszkanie.net\/index.php\/2022\/04\/21\/ogolnopolskie-dziekczynienie-za-beatyfikacje-kard-stefana-wyszynskiego\/"]}]},{"@type":"BreadcrumbList","@id":"https:\/\/pakosc-kalwaria.franciszkanie.net\/index.php\/2022\/04\/21\/ogolnopolskie-dziekczynienie-za-beatyfikacje-kard-stefana-wyszynskiego\/#breadcrumb","itemListElement":[{"@type":"ListItem","position":1,"name":"Strona g\u0142\u00f3wna","item":"https:\/\/pakosc-kalwaria.franciszkanie.net\/"},{"@type":"ListItem","position":2,"name":"Og\u00f3lnopolskie dzi\u0119kczynienie za beatyfikacj\u0119 kard. Stefana Wyszy\u0144skiego"}]},{"@type":"Person","@id":"https:\/\/pakosc-kalwaria.franciszkanie.net\/#\/schema\/person\/af10b943be0760709227d060eadcb2aa","name":"pakosc-kalwaria","image":{"@type":"ImageObject","@id":"https:\/\/pakosc-kalwaria.franciszkanie.net\/#personlogo","inLanguage":"pl-PL","url":"https:\/\/secure.gravatar.com\/avatar\/e7049d338b55eac6a0027ff3218b8d02?s=96&d=mm&r=g","contentUrl":"https:\/\/secure.gravatar.com\/avatar\/e7049d338b55eac6a0027ff3218b8d02?s=96&d=mm&r=g","caption":"pakosc-kalwaria"},"sameAs":["https:\/\/www.facebook.com\/KalwariaPakosc\/"],"url":"https:\/\/pakosc-kalwaria.franciszkanie.net\/index.php\/author\/pakosc-kalwaria\/"}]}},"_links":{"self":[{"href":"https:\/\/pakosc-kalwaria.franciszkanie.net\/index.php\/wp-json\/wp\/v2\/posts\/22608"}],"collection":[{"href":"https:\/\/pakosc-kalwaria.franciszkanie.net\/index.php\/wp-json\/wp\/v2\/posts"}],"about":[{"href":"https:\/\/pakosc-kalwaria.franciszkanie.net\/index.php\/wp-json\/wp\/v2\/types\/post"}],"author":[{"embeddable":true,"href":"https:\/\/pakosc-kalwaria.franciszkanie.net\/index.php\/wp-json\/wp\/v2\/users\/2"}],"replies":[{"embeddable":true,"href":"https:\/\/pakosc-kalwaria.franciszkanie.net\/index.php\/wp-json\/wp\/v2\/comments?post=22608"}],"version-history":[{"count":1,"href":"https:\/\/pakosc-kalwaria.franciszkanie.net\/index.php\/wp-json\/wp\/v2\/posts\/22608\/revisions"}],"predecessor-version":[{"id":22610,"href":"https:\/\/pakosc-kalwaria.franciszkanie.net\/index.php\/wp-json\/wp\/v2\/posts\/22608\/revisions\/22610"}],"wp:featuredmedia":[{"embeddable":true,"href":"https:\/\/pakosc-kalwaria.franciszkanie.net\/index.php\/wp-json\/wp\/v2\/media\/22609"}],"wp:attachment":[{"href":"https:\/\/pakosc-kalwaria.franciszkanie.net\/index.php\/wp-json\/wp\/v2\/media?parent=22608"}],"wp:term":[{"taxonomy":"category","embeddable":true,"href":"https:\/\/pakosc-kalwaria.franciszkanie.net\/index.php\/wp-json\/wp\/v2\/categories?post=22608"},{"taxonomy":"post_tag","embeddable":true,"href":"https:\/\/pakosc-kalwaria.franciszkanie.net\/index.php\/wp-json\/wp\/v2\/tags?post=22608"}],"curies":[{"name":"wp","href":"https:\/\/api.w.org\/{rel}","templated":true}]}}