{"id":22616,"date":"2022-04-22T18:00:23","date_gmt":"2022-04-22T16:00:23","guid":{"rendered":"http:\/\/pakosc-kalwaria.franciszkanie.net\/?p=22616"},"modified":"2022-04-22T16:15:44","modified_gmt":"2022-04-22T14:15:44","slug":"do-medytacji-z-kalwaryjskiego-wzgorza-piatek-22-04-2022r","status":"publish","type":"post","link":"https:\/\/pakosc-kalwaria.franciszkanie.net\/index.php\/2022\/04\/22\/do-medytacji-z-kalwaryjskiego-wzgorza-piatek-22-04-2022r\/","title":{"rendered":"Do medytacji z kalwaryjskiego Wzg\u00f3rza \u2013 pi\u0105tek 22.04.2022r."},"content":{"rendered":"<p><strong><span style=\"color: #ff0000;\">Z kazania na kalwaryjskim Wzg\u00f3rzu \u2013 22.04.2022r.<\/span><br \/>\n<\/strong><strong><br \/>\nPrzed \u015awi\u0119tem Bo\u017cego Mi\u0142osierdzia.\u00a0<\/strong><strong><br \/>\n<\/strong>Prze\u017cywaj\u0105c Oktaw\u0119 Wielkanocn\u0105 ci\u0105gle trwamy w rado\u015bci Zmartwychwstania Chrystusa i w tej nadziei, kt\u00f3ra pozwala nam spodziewa\u0107 si\u0119 naszego zmartwychwstania. Nasze codzienne \u017cycie nie sk\u0142ada si\u0119 jednak tylko z dni \u015bwi\u0105tecznych. Sko\u0144czy\u0142y si\u0119 \u015bwi\u0119ta i trzeba by\u0142o wr\u00f3ci\u0107 do zaj\u0119\u0107, kt\u00f3re niesie codzienno\u015b\u0107 naszego pielgrzymowania po tej ziemi. I tak w tym naszym chrze\u015bcija\u0144skim \u017cyciu \u015bwi\u0119towanie miesza si\u0119 z codzienno\u015bci\u0105, modlitwa z prac\u0105, chwile uniesienia wyp\u0142ywaj\u0105ce z prze\u017cywanej wiary, z chwilami smutku z powodu naszych upadk\u00f3w i powtarzaj\u0105cych si\u0119 grzech\u00f3w. Niezale\u017cnie od tego ile w naszych sercach jest wiary i jak bardzo nasza codzienno\u015b\u0107 ogranicza nasz\u0105 wielkanocn\u0105 rado\u015b\u0107 i\u00a0 nadziej\u0119, to jednak s\u0142yszmy, \u017ce Jezus przychodzi z or\u0119dziem Bo\u017cego Mi\u0142osierdzia do ca\u0142ego \u015bwiata i do wszystkich ludzi.<br \/>\nNajbli\u017csza niedziela b\u0119dzie znowu szczeg\u00f3ln\u0105 okazj\u0105, by z ufno\u015bci\u0105 i dzi\u0119kczynieniem modli\u0107 si\u0119, maj\u0105c przed oczyma Obraz Jezusa Mi\u0142osiernego. W g\u0142\u0119bi naszych serce b\u0119dziemy odmawia\u0107 Koronk\u0119 do Bo\u017cego Mi\u0142osierdzia i powtarza\u0107 te kr\u00f3tkie, ale jak\u017ce pe\u0142ne wiary s\u0142owa: \u201eJezu ufam Tobie\u201d. Pi\u0119kny opis Bo\u017cego Mi\u0142osierdzia zostawi\u0142 nam ju\u017c w Starym Testamencie autor Psalmu 103: \u201eMi\u0142osierny Pan i \u0142agodny, nieskory do gniewu i bogaty w \u0142ask\u0119. Nie post\u0119puje z nami wed\u0142ug naszych grzech\u00f3w ani wed\u0142ug win naszych nam nie odp\u0142aca. Jak si\u0119 lituje ojciec nad synami, tak Pan lituje si\u0119 nad tymi, co si\u0119 Go boj\u0105\u201d.<br \/>\nWierz\u0105c w Boga i w Jego Mi\u0142osierdzie oraz w Bogu pok\u0142adaj\u0105c ca\u0142\u0105 nasz\u0105 nadziej\u0119, musimy pami\u0119ta\u0107, \u017ce sami jeste\u015bmy te\u017c wezwani, by by\u0107 aposto\u0142ami mi\u0142osierdzia wzgl\u0119dem naszych si\u00f3str i braci. Jeste\u015bmy wezwani przez Jezusa, aby w tym \u015bwiecie i wok\u00f3\u0142 siebie budowa\u0107 cywilizacj\u0119 mi\u0142o\u015bci i mi\u0142osierdzia: \u201eB\u0105d\u017acie mi\u0142osierni, jak Ojciec wasz jest mi\u0142osierny\u201d\u2026, \u201eB\u0142ogos\u0142awieni mi\u0142osierni, albowiem oni mi\u0142osierdzia dost\u0105pi\u0105\u201d\u2026, \u201eprzebaczajcie, a b\u0119dzie wam przebaczone\u201d. Tak jak sami potrzebujemy od Boga przebaczenia i mi\u0142osierdzia, tak samo mi\u0142osierdzia i przebaczenia zar\u00f3wno od Boga, jak i od nas potrzebuj\u0105 nasi bli\u017ani \u017cyj\u0105cy w naszych rodzinach i w \u015brodowiskach w kt\u00f3rych na co dzie\u0144 przebywamy.<br \/>\nDo og\u0142oszenia tej wielkiej prawdy o Bogu bogatym w Mi\u0142osierdzie wybrana zosta\u0142a \u015bw. Siostra Faustyna Kowalska nazywana przez samego Jezusa Sekretark\u0105 Bo\u017cego Mi\u0142osierdzia. Jej \u201eDzienniczek\u201d jest przejmuj\u0105cym zapisem wzlot\u00f3w i ciemno\u015bci duszy, jest \u015bwiadectwem wiary trudnej, ale zarazem niez\u0142omnej. Jest on przede wszystkim \u015bwiadectwem ostatecznego zawierzenia w niesko\u0144czone mi\u0142osierdzie Chrystusa. Lektura \u201eDzienniczka\u201d ods\u0142ania g\u0142\u0119bi\u0119 \u017cycia duchowego \u015bw. Siostry Faustyny i daje nam obraz wysokiego stopnia zjednoczenia jej duszy z Bogiem na drodze ku chrze\u015bcija\u0144skiej doskona\u0142o\u015bci.\u00a0\u00a0 Tej prostej, niewykszta\u0142conej, ale m\u0119\u017cnej, bezgranicznie ufaj\u0105cej Bogu zakonnicy powierzy\u0142 Pan Jezus wielk\u0105 misj\u0119 og\u0142oszenia or\u0119dzia mi\u0142osierdzia skierowanego do ca\u0142ego \u015bwiata: \u201eDzi\u015b wysy\u0142am ciebie do ca\u0142ej ludzko\u015bci z moim mi\u0142osierdziem. Nie chc\u0119 kara\u0107 zbola\u0142ej ludzko\u015bci, ale pragn\u0119 j\u0105 uleczy\u0107, przytulaj\u0105c j\u0105 do swego mi\u0142osiernego serca. Kar u\u017cywam, kiedy mnie sami zmuszaj\u0105 do tego; r\u0119ka moja niech\u0119tnie bierze za miecz sprawiedliwo\u015bci; przed dniem sprawiedliwo\u015bci posy\u0142am dzie\u0144 mi\u0142osierdzia&#8221;. Nabo\u017ce\u0144stwo do Bo\u017cego Mi\u0142osierdzia w ci\u0105gu kilkudziesi\u0119ciu lat sta\u0142o si\u0119 znane na wszystkich kontynentach, na ca\u0142ym \u015bwiecie, i sta\u0142o si\u0119 nadziej\u0105 dla wszystkich ludzi, szczeg\u00f3lnie tych najbardziej grzesznych i najbardziej zagubionych.<br \/>\n\u015awi\u0119to Bo\u017cego Mi\u0142osierdzia, kt\u00f3re prze\u017cywa\u0107 b\u0119dziemy w najbli\u017csz\u0105 niedziel\u0119, jest nie tylko dniem szczeg\u00f3lnego uwielbienia Boga w tajemnicy Jego Mi\u0142osierdzia, ale tak\u017ce czasem wielkich \u0142ask dla wszystkich ludzi. Aby skorzysta\u0107 z tych wielkich dar\u00f3w, nale\u017cy wype\u0142ni\u0107 warunki nabo\u017ce\u0144stwa do Mi\u0142osierdzia Bo\u017cego: potrzebna jest ufno\u015b\u0107 w dobro\u0107 Boga i czynna mi\u0142o\u015b\u0107 bli\u017aniego, nale\u017cy by\u0107 w stanie \u0142aski u\u015bwi\u0119caj\u0105cej po dobrej i szczerej Spowiedzi \u015bwi\u0119tej oraz w tym dniu godnie przyj\u0105\u0107 Komuni\u0119 \u015bwi\u0119t\u0105.\u00a0 Jezus obiecuje: \u201eKto w dniu tym przyst\u0105pi do \u0179r\u00f3d\u0142a \u017bycia, ten dost\u0105pi zupe\u0142nego odpuszczenia win i kar. W dniu tym otwarte s\u0105 wn\u0119trzno\u015bci mi\u0142osierdzia mego, wylewam ca\u0142e morze \u0142ask na dusze, kt\u00f3re si\u0119 zbli\u017c\u0105 do \u017ar\u00f3d\u0142a mi\u0142osierdzia mojego;.. niech si\u0119 nie l\u0119ka zbli\u017cy\u0107 do mnie \u017cadna dusza, chocia\u017cby grzechy jej by\u0142y jako szkar\u0142at\u201d. Amen.<br \/>\n(o.R.)<\/p>\n","protected":false},"excerpt":{"rendered":"<p>Z kazania na kalwaryjskim Wzg\u00f3rzu \u2013 22.04.2022r. Przed \u015awi\u0119tem Bo\u017cego Mi\u0142osierdzia.\u00a0 Prze\u017cywaj\u0105c Oktaw\u0119 Wielkanocn\u0105 ci\u0105gle trwamy w rado\u015bci Zmartwychwstania Chrystusa i w tej nadziei, kt\u00f3ra pozwala nam spodziewa\u0107 si\u0119 naszego zmartwychwstania. Nasze codzienne \u017cycie nie sk\u0142ada si\u0119 jednak tylko z dni \u015bwi\u0105tecznych. Sko\u0144czy\u0142y si\u0119 \u015bwi\u0119ta i trzeba by\u0142o wr\u00f3ci\u0107 do zaj\u0119\u0107, kt\u00f3re niesie codzienno\u015b\u0107 naszego &hellip;<\/p>\n","protected":false},"author":2,"featured_media":22612,"comment_status":"closed","ping_status":"closed","sticky":false,"template":"","format":"standard","meta":{"_mi_skip_tracking":false,"_exactmetrics_sitenote_active":false,"_exactmetrics_sitenote_note":"","_exactmetrics_sitenote_category":0},"categories":[14],"tags":[],"yoast_head":"<!-- This site is optimized with the Yoast SEO plugin v18.1 - https:\/\/yoast.com\/wordpress\/plugins\/seo\/ -->\n<title>Do medytacji z kalwaryjskiego Wzg\u00f3rza \u2013 pi\u0105tek 22.04.2022r. - Pako\u015b\u0107 \u2013 Kalwaria<\/title>\n<meta name=\"robots\" content=\"index, follow, max-snippet:-1, max-image-preview:large, max-video-preview:-1\" \/>\n<link rel=\"canonical\" href=\"https:\/\/pakosc-kalwaria.franciszkanie.net\/index.php\/2022\/04\/22\/do-medytacji-z-kalwaryjskiego-wzgorza-piatek-22-04-2022r\/\" \/>\n<meta property=\"og:locale\" content=\"pl_PL\" \/>\n<meta property=\"og:type\" content=\"article\" \/>\n<meta property=\"og:title\" content=\"Do medytacji z kalwaryjskiego Wzg\u00f3rza \u2013 pi\u0105tek 22.04.2022r. - Pako\u015b\u0107 \u2013 Kalwaria\" \/>\n<meta property=\"og:description\" content=\"Z kazania na kalwaryjskim Wzg\u00f3rzu \u2013 22.04.2022r. Przed \u015awi\u0119tem Bo\u017cego Mi\u0142osierdzia.\u00a0 Prze\u017cywaj\u0105c Oktaw\u0119 Wielkanocn\u0105 ci\u0105gle trwamy w rado\u015bci Zmartwychwstania Chrystusa i w tej nadziei, kt\u00f3ra pozwala nam spodziewa\u0107 si\u0119 naszego zmartwychwstania. Nasze codzienne \u017cycie nie sk\u0142ada si\u0119 jednak tylko z dni \u015bwi\u0105tecznych. Sko\u0144czy\u0142y si\u0119 \u015bwi\u0119ta i trzeba by\u0142o wr\u00f3ci\u0107 do zaj\u0119\u0107, kt\u00f3re niesie codzienno\u015b\u0107 naszego &hellip;\" \/>\n<meta property=\"og:url\" content=\"https:\/\/pakosc-kalwaria.franciszkanie.net\/index.php\/2022\/04\/22\/do-medytacji-z-kalwaryjskiego-wzgorza-piatek-22-04-2022r\/\" \/>\n<meta property=\"og:site_name\" content=\"Pako\u015b\u0107 \u2013 Kalwaria\" \/>\n<meta property=\"article:author\" content=\"https:\/\/www.facebook.com\/KalwariaPakosc\/\" \/>\n<meta property=\"article:published_time\" content=\"2022-04-22T16:00:23+00:00\" \/>\n<meta property=\"article:modified_time\" content=\"2022-04-22T14:15:44+00:00\" \/>\n<meta property=\"og:image\" content=\"https:\/\/pakosc-kalwaria.franciszkanie.net\/wp-content\/uploads\/2022\/04\/0.jpg\" \/>\n\t<meta property=\"og:image:width\" content=\"350\" \/>\n\t<meta property=\"og:image:height\" content=\"233\" \/>\n\t<meta property=\"og:image:type\" content=\"image\/jpeg\" \/>\n<meta name=\"twitter:card\" content=\"summary\" \/>\n<meta name=\"twitter:label1\" content=\"Napisane przez\" \/>\n\t<meta name=\"twitter:data1\" content=\"pakosc-kalwaria\" \/>\n\t<meta name=\"twitter:label2\" content=\"Szacowany czas czytania\" \/>\n\t<meta name=\"twitter:data2\" content=\"4 minuty\" \/>\n<script type=\"application\/ld+json\" class=\"yoast-schema-graph\">{\"@context\":\"https:\/\/schema.org\",\"@graph\":[{\"@type\":\"WebSite\",\"@id\":\"https:\/\/pakosc-kalwaria.franciszkanie.net\/#website\",\"url\":\"https:\/\/pakosc-kalwaria.franciszkanie.net\/\",\"name\":\"Pako\u015b\u0107 \u2013 Kalwaria\",\"description\":\"Parafia Rzymsko \u2013 Katolicka p.w. Pana Jezusa Ukrzy\u017cowanego i  Matki Bo\u017cej Bolesnej ul. Barci\u0144ska 60, 88\u2013170 Pako\u015b\u0107 \u2013 Kalwaria\",\"potentialAction\":[{\"@type\":\"SearchAction\",\"target\":{\"@type\":\"EntryPoint\",\"urlTemplate\":\"https:\/\/pakosc-kalwaria.franciszkanie.net\/?s={search_term_string}\"},\"query-input\":\"required name=search_term_string\"}],\"inLanguage\":\"pl-PL\"},{\"@type\":\"ImageObject\",\"@id\":\"https:\/\/pakosc-kalwaria.franciszkanie.net\/index.php\/2022\/04\/22\/do-medytacji-z-kalwaryjskiego-wzgorza-piatek-22-04-2022r\/#primaryimage\",\"inLanguage\":\"pl-PL\",\"url\":\"https:\/\/pakosc-kalwaria.franciszkanie.net\/wp-content\/uploads\/2022\/04\/0.jpg\",\"contentUrl\":\"https:\/\/pakosc-kalwaria.franciszkanie.net\/wp-content\/uploads\/2022\/04\/0.jpg\",\"width\":350,\"height\":233},{\"@type\":\"WebPage\",\"@id\":\"https:\/\/pakosc-kalwaria.franciszkanie.net\/index.php\/2022\/04\/22\/do-medytacji-z-kalwaryjskiego-wzgorza-piatek-22-04-2022r\/#webpage\",\"url\":\"https:\/\/pakosc-kalwaria.franciszkanie.net\/index.php\/2022\/04\/22\/do-medytacji-z-kalwaryjskiego-wzgorza-piatek-22-04-2022r\/\",\"name\":\"Do medytacji z kalwaryjskiego Wzg\u00f3rza \u2013 pi\u0105tek 22.04.2022r. - Pako\u015b\u0107 \u2013 Kalwaria\",\"isPartOf\":{\"@id\":\"https:\/\/pakosc-kalwaria.franciszkanie.net\/#website\"},\"primaryImageOfPage\":{\"@id\":\"https:\/\/pakosc-kalwaria.franciszkanie.net\/index.php\/2022\/04\/22\/do-medytacji-z-kalwaryjskiego-wzgorza-piatek-22-04-2022r\/#primaryimage\"},\"datePublished\":\"2022-04-22T16:00:23+00:00\",\"dateModified\":\"2022-04-22T14:15:44+00:00\",\"author\":{\"@id\":\"https:\/\/pakosc-kalwaria.franciszkanie.net\/#\/schema\/person\/af10b943be0760709227d060eadcb2aa\"},\"breadcrumb\":{\"@id\":\"https:\/\/pakosc-kalwaria.franciszkanie.net\/index.php\/2022\/04\/22\/do-medytacji-z-kalwaryjskiego-wzgorza-piatek-22-04-2022r\/#breadcrumb\"},\"inLanguage\":\"pl-PL\",\"potentialAction\":[{\"@type\":\"ReadAction\",\"target\":[\"https:\/\/pakosc-kalwaria.franciszkanie.net\/index.php\/2022\/04\/22\/do-medytacji-z-kalwaryjskiego-wzgorza-piatek-22-04-2022r\/\"]}]},{\"@type\":\"BreadcrumbList\",\"@id\":\"https:\/\/pakosc-kalwaria.franciszkanie.net\/index.php\/2022\/04\/22\/do-medytacji-z-kalwaryjskiego-wzgorza-piatek-22-04-2022r\/#breadcrumb\",\"itemListElement\":[{\"@type\":\"ListItem\",\"position\":1,\"name\":\"Strona g\u0142\u00f3wna\",\"item\":\"https:\/\/pakosc-kalwaria.franciszkanie.net\/\"},{\"@type\":\"ListItem\",\"position\":2,\"name\":\"Do medytacji z kalwaryjskiego Wzg\u00f3rza \u2013 pi\u0105tek 22.04.2022r.\"}]},{\"@type\":\"Person\",\"@id\":\"https:\/\/pakosc-kalwaria.franciszkanie.net\/#\/schema\/person\/af10b943be0760709227d060eadcb2aa\",\"name\":\"pakosc-kalwaria\",\"image\":{\"@type\":\"ImageObject\",\"@id\":\"https:\/\/pakosc-kalwaria.franciszkanie.net\/#personlogo\",\"inLanguage\":\"pl-PL\",\"url\":\"https:\/\/secure.gravatar.com\/avatar\/e7049d338b55eac6a0027ff3218b8d02?s=96&d=mm&r=g\",\"contentUrl\":\"https:\/\/secure.gravatar.com\/avatar\/e7049d338b55eac6a0027ff3218b8d02?s=96&d=mm&r=g\",\"caption\":\"pakosc-kalwaria\"},\"sameAs\":[\"https:\/\/www.facebook.com\/KalwariaPakosc\/\"],\"url\":\"https:\/\/pakosc-kalwaria.franciszkanie.net\/index.php\/author\/pakosc-kalwaria\/\"}]}<\/script>\n<!-- \/ Yoast SEO plugin. -->","yoast_head_json":{"title":"Do medytacji z kalwaryjskiego Wzg\u00f3rza \u2013 pi\u0105tek 22.04.2022r. - Pako\u015b\u0107 \u2013 Kalwaria","robots":{"index":"index","follow":"follow","max-snippet":"max-snippet:-1","max-image-preview":"max-image-preview:large","max-video-preview":"max-video-preview:-1"},"canonical":"https:\/\/pakosc-kalwaria.franciszkanie.net\/index.php\/2022\/04\/22\/do-medytacji-z-kalwaryjskiego-wzgorza-piatek-22-04-2022r\/","og_locale":"pl_PL","og_type":"article","og_title":"Do medytacji z kalwaryjskiego Wzg\u00f3rza \u2013 pi\u0105tek 22.04.2022r. - Pako\u015b\u0107 \u2013 Kalwaria","og_description":"Z kazania na kalwaryjskim Wzg\u00f3rzu \u2013 22.04.2022r. Przed \u015awi\u0119tem Bo\u017cego Mi\u0142osierdzia.\u00a0 Prze\u017cywaj\u0105c Oktaw\u0119 Wielkanocn\u0105 ci\u0105gle trwamy w rado\u015bci Zmartwychwstania Chrystusa i w tej nadziei, kt\u00f3ra pozwala nam spodziewa\u0107 si\u0119 naszego zmartwychwstania. Nasze codzienne \u017cycie nie sk\u0142ada si\u0119 jednak tylko z dni \u015bwi\u0105tecznych. Sko\u0144czy\u0142y si\u0119 \u015bwi\u0119ta i trzeba by\u0142o wr\u00f3ci\u0107 do zaj\u0119\u0107, kt\u00f3re niesie codzienno\u015b\u0107 naszego &hellip;","og_url":"https:\/\/pakosc-kalwaria.franciszkanie.net\/index.php\/2022\/04\/22\/do-medytacji-z-kalwaryjskiego-wzgorza-piatek-22-04-2022r\/","og_site_name":"Pako\u015b\u0107 \u2013 Kalwaria","article_author":"https:\/\/www.facebook.com\/KalwariaPakosc\/","article_published_time":"2022-04-22T16:00:23+00:00","article_modified_time":"2022-04-22T14:15:44+00:00","og_image":[{"width":350,"height":233,"url":"https:\/\/pakosc-kalwaria.franciszkanie.net\/wp-content\/uploads\/2022\/04\/0.jpg","type":"image\/jpeg"}],"twitter_card":"summary","twitter_misc":{"Napisane przez":"pakosc-kalwaria","Szacowany czas czytania":"4 minuty"},"schema":{"@context":"https:\/\/schema.org","@graph":[{"@type":"WebSite","@id":"https:\/\/pakosc-kalwaria.franciszkanie.net\/#website","url":"https:\/\/pakosc-kalwaria.franciszkanie.net\/","name":"Pako\u015b\u0107 \u2013 Kalwaria","description":"Parafia Rzymsko \u2013 Katolicka p.w. Pana Jezusa Ukrzy\u017cowanego i  Matki Bo\u017cej Bolesnej ul. Barci\u0144ska 60, 88\u2013170 Pako\u015b\u0107 \u2013 Kalwaria","potentialAction":[{"@type":"SearchAction","target":{"@type":"EntryPoint","urlTemplate":"https:\/\/pakosc-kalwaria.franciszkanie.net\/?s={search_term_string}"},"query-input":"required name=search_term_string"}],"inLanguage":"pl-PL"},{"@type":"ImageObject","@id":"https:\/\/pakosc-kalwaria.franciszkanie.net\/index.php\/2022\/04\/22\/do-medytacji-z-kalwaryjskiego-wzgorza-piatek-22-04-2022r\/#primaryimage","inLanguage":"pl-PL","url":"https:\/\/pakosc-kalwaria.franciszkanie.net\/wp-content\/uploads\/2022\/04\/0.jpg","contentUrl":"https:\/\/pakosc-kalwaria.franciszkanie.net\/wp-content\/uploads\/2022\/04\/0.jpg","width":350,"height":233},{"@type":"WebPage","@id":"https:\/\/pakosc-kalwaria.franciszkanie.net\/index.php\/2022\/04\/22\/do-medytacji-z-kalwaryjskiego-wzgorza-piatek-22-04-2022r\/#webpage","url":"https:\/\/pakosc-kalwaria.franciszkanie.net\/index.php\/2022\/04\/22\/do-medytacji-z-kalwaryjskiego-wzgorza-piatek-22-04-2022r\/","name":"Do medytacji z kalwaryjskiego Wzg\u00f3rza \u2013 pi\u0105tek 22.04.2022r. - Pako\u015b\u0107 \u2013 Kalwaria","isPartOf":{"@id":"https:\/\/pakosc-kalwaria.franciszkanie.net\/#website"},"primaryImageOfPage":{"@id":"https:\/\/pakosc-kalwaria.franciszkanie.net\/index.php\/2022\/04\/22\/do-medytacji-z-kalwaryjskiego-wzgorza-piatek-22-04-2022r\/#primaryimage"},"datePublished":"2022-04-22T16:00:23+00:00","dateModified":"2022-04-22T14:15:44+00:00","author":{"@id":"https:\/\/pakosc-kalwaria.franciszkanie.net\/#\/schema\/person\/af10b943be0760709227d060eadcb2aa"},"breadcrumb":{"@id":"https:\/\/pakosc-kalwaria.franciszkanie.net\/index.php\/2022\/04\/22\/do-medytacji-z-kalwaryjskiego-wzgorza-piatek-22-04-2022r\/#breadcrumb"},"inLanguage":"pl-PL","potentialAction":[{"@type":"ReadAction","target":["https:\/\/pakosc-kalwaria.franciszkanie.net\/index.php\/2022\/04\/22\/do-medytacji-z-kalwaryjskiego-wzgorza-piatek-22-04-2022r\/"]}]},{"@type":"BreadcrumbList","@id":"https:\/\/pakosc-kalwaria.franciszkanie.net\/index.php\/2022\/04\/22\/do-medytacji-z-kalwaryjskiego-wzgorza-piatek-22-04-2022r\/#breadcrumb","itemListElement":[{"@type":"ListItem","position":1,"name":"Strona g\u0142\u00f3wna","item":"https:\/\/pakosc-kalwaria.franciszkanie.net\/"},{"@type":"ListItem","position":2,"name":"Do medytacji z kalwaryjskiego Wzg\u00f3rza \u2013 pi\u0105tek 22.04.2022r."}]},{"@type":"Person","@id":"https:\/\/pakosc-kalwaria.franciszkanie.net\/#\/schema\/person\/af10b943be0760709227d060eadcb2aa","name":"pakosc-kalwaria","image":{"@type":"ImageObject","@id":"https:\/\/pakosc-kalwaria.franciszkanie.net\/#personlogo","inLanguage":"pl-PL","url":"https:\/\/secure.gravatar.com\/avatar\/e7049d338b55eac6a0027ff3218b8d02?s=96&d=mm&r=g","contentUrl":"https:\/\/secure.gravatar.com\/avatar\/e7049d338b55eac6a0027ff3218b8d02?s=96&d=mm&r=g","caption":"pakosc-kalwaria"},"sameAs":["https:\/\/www.facebook.com\/KalwariaPakosc\/"],"url":"https:\/\/pakosc-kalwaria.franciszkanie.net\/index.php\/author\/pakosc-kalwaria\/"}]}},"_links":{"self":[{"href":"https:\/\/pakosc-kalwaria.franciszkanie.net\/index.php\/wp-json\/wp\/v2\/posts\/22616"}],"collection":[{"href":"https:\/\/pakosc-kalwaria.franciszkanie.net\/index.php\/wp-json\/wp\/v2\/posts"}],"about":[{"href":"https:\/\/pakosc-kalwaria.franciszkanie.net\/index.php\/wp-json\/wp\/v2\/types\/post"}],"author":[{"embeddable":true,"href":"https:\/\/pakosc-kalwaria.franciszkanie.net\/index.php\/wp-json\/wp\/v2\/users\/2"}],"replies":[{"embeddable":true,"href":"https:\/\/pakosc-kalwaria.franciszkanie.net\/index.php\/wp-json\/wp\/v2\/comments?post=22616"}],"version-history":[{"count":1,"href":"https:\/\/pakosc-kalwaria.franciszkanie.net\/index.php\/wp-json\/wp\/v2\/posts\/22616\/revisions"}],"predecessor-version":[{"id":22617,"href":"https:\/\/pakosc-kalwaria.franciszkanie.net\/index.php\/wp-json\/wp\/v2\/posts\/22616\/revisions\/22617"}],"wp:featuredmedia":[{"embeddable":true,"href":"https:\/\/pakosc-kalwaria.franciszkanie.net\/index.php\/wp-json\/wp\/v2\/media\/22612"}],"wp:attachment":[{"href":"https:\/\/pakosc-kalwaria.franciszkanie.net\/index.php\/wp-json\/wp\/v2\/media?parent=22616"}],"wp:term":[{"taxonomy":"category","embeddable":true,"href":"https:\/\/pakosc-kalwaria.franciszkanie.net\/index.php\/wp-json\/wp\/v2\/categories?post=22616"},{"taxonomy":"post_tag","embeddable":true,"href":"https:\/\/pakosc-kalwaria.franciszkanie.net\/index.php\/wp-json\/wp\/v2\/tags?post=22616"}],"curies":[{"name":"wp","href":"https:\/\/api.w.org\/{rel}","templated":true}]}}