{"id":22624,"date":"2022-04-23T09:05:18","date_gmt":"2022-04-23T07:05:18","guid":{"rendered":"http:\/\/pakosc-kalwaria.franciszkanie.net\/?p=22624"},"modified":"2022-04-23T08:56:27","modified_gmt":"2022-04-23T06:56:27","slug":"ogloszenia-duszpasterskie-ii-niedziela-wielkanocna-czyli-milosierdzia-bozego-5","status":"publish","type":"post","link":"https:\/\/pakosc-kalwaria.franciszkanie.net\/index.php\/2022\/04\/23\/ogloszenia-duszpasterskie-ii-niedziela-wielkanocna-czyli-milosierdzia-bozego-5\/","title":{"rendered":"Og\u0142oszenia duszpasterskie &#8211; II  Niedziela Wielkanocna czyli  Mi\u0142osierdzia Bo\u017cego"},"content":{"rendered":"<p><span style=\"color: #ff0000;\"><strong><em><u>W niedziel\u0119 (24.04.)<\/u><\/em><\/strong> <strong>\u2013 obchodzimy Niedziel\u0119 Mi\u0142osierdzia Bo\u017cego. <\/strong><\/span><strong>Rozpoczyna ona 79 Tydzie\u0144 Mi\u0142osierdzia pod has\u0142em: \u201eMi\u0142osierdzie nadziej\u0105 dla \u015bwiata\u201d.<br \/>\n<span style=\"color: #ff0000;\">Msze \u015bw. o 9.00, 11.00 i o 15.00<\/span> poprzedzona Koronk\u0105 do Bo\u017cego Mi\u0142osierdzia. <span style=\"color: #ff0000;\">Kolekta remontowa<\/span> przeznaczona na renowacj\u0119 prezbiterium w naszym ko\u015bciele. Za ka\u017cd\u0105 ofiar\u0119 serdeczne: \u201eB\u00f3g zap\u0142a\u0107\u201d.<br \/>\nZbi\u00f3rka do puszek na Caritas Archidiecezji Gnie\u017anie\u0144skiej. W tym dniu przypada patronalne \u015bwi\u0119to Caritas obchodzone jako \u201eDzie\u0144 Dobra\u201d, po\u0142\u0105czony ze zbi\u00f3rk\u0105 do puszek na wsparcie dzieci z Ukrainy, kt\u00f3re przebywaj\u0105 na terenie naszej Gminy.<\/strong><\/p>\n<p><strong><span style=\"color: #ff0000;\"><em><u>W poniedzia\u0142ek\u00a0 (25.04.)<\/u><\/em> \u00a0&#8211; \u015bwi\u0119to \u015bw. Marka, Ewangelisty.<\/span><\/strong><br \/>\n<strong><span style=\"color: #ff0000;\">Po Mszy \u015bw. o 17.00<\/span> modlitwa przy Krzy\u017cu Misyjnym o dobre urodzaje. Zach\u0119camy do modlitwy wszystkich, a szczeg\u00f3lnie tych kt\u00f3rzy maj\u0105 pola, sady, ogrody i dzia\u0142ki. <em>\u00a0<\/em><\/strong><\/p>\n<p><strong><span style=\"color: #ff0000;\"><em><u>We wtorek (26.04.)<\/u><\/em> &#8211; przypada liturgiczna uroczysto\u015b\u0107 \u015bw. Wojciecha<\/span>, biskupa i m\u0119czennika, g\u0142\u00f3wnego Patrona Polski i Archidiecezji Gnie\u017anie\u0144skiej.<\/strong><\/p>\n<p><span style=\"color: #ff0000;\"><strong><em><u><span style=\"color: #0000ff;\">W pi\u0105tek (29.04<\/span>.)<\/u><\/em><\/strong> <\/span><strong><span style=\"color: #ff0000;\">&#8211; o 17.00 Msza \u015bw. w intencjach zbiorowych do Bo\u017cego Mi\u0142osierdzia i nabo\u017ce\u0144stwo do Bo\u017cego Mi\u0142osierdzia,<\/span> <\/strong><strong>za kt\u00f3re mo\u017cna zyska\u0107 odpust zupe\u0142ny pod zwyk\u0142ymi warunkami oraz uczczenie Relikwii Krzy\u017ca \u015awi\u0119tego. Intencje sk\u0142adamy do skarbonki pod ch\u00f3rem lub w zakrystii.<\/strong><\/p>\n<p><span style=\"color: #ff0000;\"><strong><em><u>W przysz\u0142\u0105 niedziel\u0119 (01.05.)<\/u> <\/em><\/strong><strong>\u2013 przypada Niedziela Biblijna<\/strong><\/span><strong><span style=\"color: #ff0000;\">.<\/span> Rozpoczyna ona XIV Tydzie\u0144 Biblijny kt\u00f3rego motywem przewodnim s\u0105 s\u0142owa:<\/strong> <strong>\u201ePok\u00f3j temu domowi\u201d (\u0141k 10,5)<br \/>\nW tym dniu przypada tak\u017ce VI Narodowy Dzie\u0144 Czytania Pisma \u015awi\u0119tego.<br \/>\nZ okazji Niedzieli Biblijnej przed ko\u015bcio\u0142em zbi\u00f3rka do puszek na cele Archidiecezji Gnie\u017anie\u0144skiej.<\/strong><\/p>\n<p><strong><span style=\"color: #ff0000;\">Od 1 maja rozpoczynamy nabo\u017ce\u0144stwa majowe:<\/span> w niedziel\u0119 po Mszy \u015bwi\u0119tej o 9.00, w tygodniu po Mszy \u015bwi\u0119tej o 17.00.<\/strong><br \/>\n<strong><span style=\"color: #ff0000;\">Od 1 maja w naszym ko\u015bciele codziennie o 20.30 R\u00f3\u017caniec \u015bwi\u0119ty i o 21.00 Apel Jasnog\u00f3rski<\/span>, w ramach przygotowania <span style=\"color: #ff0000;\">do Nawiedzenia Ikony Matki Bo\u017cej Jasnog\u00f3rskiej<\/span> w naszej kalwaryjskiej Parafii &#8211; <span style=\"color: #ff0000;\">w czwartek i pi\u0105tek 2 i 3 czerwca.<\/span> Zapraszamy do wsp\u00f3lnej modlitwy.<\/strong><\/p>\n<p><strong>Zwracamy si\u0119 z pro\u015bb\u0105 <span style=\"color: #ff0000;\">o przekazanie 1% podatku na rzecz Fundacji \u201eKalwaria Pakoska\u201d<\/span>, na dalsz\u0105 renowacj\u0119 i promocj\u0119 naszej Kalwarii &#8211; KRS 0000282780.<br \/>\nPrzy wyj\u015bciu z ko\u015bcio\u0142a do nabycia czasopismo: Przewodnik Katolicki.<br \/>\nDzi\u0119kujemy za wsp\u00f3ln\u0105 modlitw\u0119 oraz za ofiary z\u0142o\u017cone w ramach kolekty remontowej.<br \/>\n<\/strong><\/p>\n<p><strong>To wszystko co przed nami zawierzajmy z wiar\u0105 w modlitwie Bo\u017cemu Mi\u0142osierdziu, Jezusowi Ukrzy\u017cowanemu i Matce Bo\u017cej Bolesnej oraz dzi\u0119kujmy za wszystkie \u0142aski jakie od Mi\u0142osiernego Boga przez wstawiennictwo Matki Bo\u017cej Bolesnej codziennie otrzymujemy!<br \/>\nNiech Mi\u0142osierdzie Boga b\u0119dzie dla nas wszystkich, dla naszych Rodzin i Parafii \u017ar\u00f3d\u0142em wszelkich \u0142ask potrzebnych w codziennym \u017cyciu oraz \u017ar\u00f3d\u0142em mi\u0142o\u015bci mi\u0142osiernej wobec drugiego cz\u0142owieka, szczeg\u00f3lnie tego potrzebuj\u0105cego pomocy.<\/strong><\/p>\n<p><strong>Z darem modlitwy<\/strong><br \/>\n<strong>Bracia Mniejsi Franciszkanie z Pako\u015bci \u2013 Kalwarii\u00a0\u00a0\u00a0\u00a0\u00a0 \u00a0\u00a0\u00a0<\/strong><\/p>\n","protected":false},"excerpt":{"rendered":"<p>W niedziel\u0119 (24.04.) \u2013 obchodzimy Niedziel\u0119 Mi\u0142osierdzia Bo\u017cego. Rozpoczyna ona 79 Tydzie\u0144 Mi\u0142osierdzia pod has\u0142em: \u201eMi\u0142osierdzie nadziej\u0105 dla \u015bwiata\u201d. Msze \u015bw. o 9.00, 11.00 i o 15.00 poprzedzona Koronk\u0105 do Bo\u017cego Mi\u0142osierdzia. Kolekta remontowa przeznaczona na renowacj\u0119 prezbiterium w naszym ko\u015bciele. Za ka\u017cd\u0105 ofiar\u0119 serdeczne: \u201eB\u00f3g zap\u0142a\u0107\u201d. Zbi\u00f3rka do puszek na Caritas Archidiecezji Gnie\u017anie\u0144skiej. W &hellip;<\/p>\n","protected":false},"author":2,"featured_media":22625,"comment_status":"closed","ping_status":"closed","sticky":false,"template":"","format":"standard","meta":{"_mi_skip_tracking":false,"_exactmetrics_sitenote_active":false,"_exactmetrics_sitenote_note":"","_exactmetrics_sitenote_category":0},"categories":[5],"tags":[],"yoast_head":"<!-- This site is optimized with the Yoast SEO plugin v18.1 - https:\/\/yoast.com\/wordpress\/plugins\/seo\/ -->\n<title>Og\u0142oszenia duszpasterskie - II Niedziela Wielkanocna czyli Mi\u0142osierdzia Bo\u017cego - Pako\u015b\u0107 \u2013 Kalwaria<\/title>\n<meta name=\"robots\" content=\"index, follow, max-snippet:-1, max-image-preview:large, max-video-preview:-1\" \/>\n<link rel=\"canonical\" href=\"https:\/\/pakosc-kalwaria.franciszkanie.net\/index.php\/2022\/04\/23\/ogloszenia-duszpasterskie-ii-niedziela-wielkanocna-czyli-milosierdzia-bozego-5\/\" \/>\n<meta property=\"og:locale\" content=\"pl_PL\" \/>\n<meta property=\"og:type\" content=\"article\" \/>\n<meta property=\"og:title\" content=\"Og\u0142oszenia duszpasterskie - II Niedziela Wielkanocna czyli Mi\u0142osierdzia Bo\u017cego - Pako\u015b\u0107 \u2013 Kalwaria\" \/>\n<meta property=\"og:description\" content=\"W niedziel\u0119 (24.04.) \u2013 obchodzimy Niedziel\u0119 Mi\u0142osierdzia Bo\u017cego. Rozpoczyna ona 79 Tydzie\u0144 Mi\u0142osierdzia pod has\u0142em: \u201eMi\u0142osierdzie nadziej\u0105 dla \u015bwiata\u201d. Msze \u015bw. o 9.00, 11.00 i o 15.00 poprzedzona Koronk\u0105 do Bo\u017cego Mi\u0142osierdzia. Kolekta remontowa przeznaczona na renowacj\u0119 prezbiterium w naszym ko\u015bciele. Za ka\u017cd\u0105 ofiar\u0119 serdeczne: \u201eB\u00f3g zap\u0142a\u0107\u201d. Zbi\u00f3rka do puszek na Caritas Archidiecezji Gnie\u017anie\u0144skiej. W &hellip;\" \/>\n<meta property=\"og:url\" content=\"https:\/\/pakosc-kalwaria.franciszkanie.net\/index.php\/2022\/04\/23\/ogloszenia-duszpasterskie-ii-niedziela-wielkanocna-czyli-milosierdzia-bozego-5\/\" \/>\n<meta property=\"og:site_name\" content=\"Pako\u015b\u0107 \u2013 Kalwaria\" \/>\n<meta property=\"article:author\" content=\"https:\/\/www.facebook.com\/KalwariaPakosc\/\" \/>\n<meta property=\"article:published_time\" content=\"2022-04-23T07:05:18+00:00\" \/>\n<meta property=\"article:modified_time\" content=\"2022-04-23T06:56:27+00:00\" \/>\n<meta property=\"og:image\" content=\"https:\/\/pakosc-kalwaria.franciszkanie.net\/wp-content\/uploads\/2022\/04\/milosierdzie-boze.jpg\" \/>\n\t<meta property=\"og:image:width\" content=\"300\" \/>\n\t<meta property=\"og:image:height\" content=\"214\" \/>\n\t<meta property=\"og:image:type\" content=\"image\/jpeg\" \/>\n<meta name=\"twitter:card\" content=\"summary\" \/>\n<meta name=\"twitter:label1\" content=\"Napisane przez\" \/>\n\t<meta name=\"twitter:data1\" content=\"pakosc-kalwaria\" \/>\n\t<meta name=\"twitter:label2\" content=\"Szacowany czas czytania\" \/>\n\t<meta name=\"twitter:data2\" content=\"2 minuty\" \/>\n<script type=\"application\/ld+json\" class=\"yoast-schema-graph\">{\"@context\":\"https:\/\/schema.org\",\"@graph\":[{\"@type\":\"WebSite\",\"@id\":\"https:\/\/pakosc-kalwaria.franciszkanie.net\/#website\",\"url\":\"https:\/\/pakosc-kalwaria.franciszkanie.net\/\",\"name\":\"Pako\u015b\u0107 \u2013 Kalwaria\",\"description\":\"Parafia Rzymsko \u2013 Katolicka p.w. Pana Jezusa Ukrzy\u017cowanego i  Matki Bo\u017cej Bolesnej ul. Barci\u0144ska 60, 88\u2013170 Pako\u015b\u0107 \u2013 Kalwaria\",\"potentialAction\":[{\"@type\":\"SearchAction\",\"target\":{\"@type\":\"EntryPoint\",\"urlTemplate\":\"https:\/\/pakosc-kalwaria.franciszkanie.net\/?s={search_term_string}\"},\"query-input\":\"required name=search_term_string\"}],\"inLanguage\":\"pl-PL\"},{\"@type\":\"ImageObject\",\"@id\":\"https:\/\/pakosc-kalwaria.franciszkanie.net\/index.php\/2022\/04\/23\/ogloszenia-duszpasterskie-ii-niedziela-wielkanocna-czyli-milosierdzia-bozego-5\/#primaryimage\",\"inLanguage\":\"pl-PL\",\"url\":\"https:\/\/pakosc-kalwaria.franciszkanie.net\/wp-content\/uploads\/2022\/04\/milosierdzie-boze.jpg\",\"contentUrl\":\"https:\/\/pakosc-kalwaria.franciszkanie.net\/wp-content\/uploads\/2022\/04\/milosierdzie-boze.jpg\",\"width\":300,\"height\":214},{\"@type\":\"WebPage\",\"@id\":\"https:\/\/pakosc-kalwaria.franciszkanie.net\/index.php\/2022\/04\/23\/ogloszenia-duszpasterskie-ii-niedziela-wielkanocna-czyli-milosierdzia-bozego-5\/#webpage\",\"url\":\"https:\/\/pakosc-kalwaria.franciszkanie.net\/index.php\/2022\/04\/23\/ogloszenia-duszpasterskie-ii-niedziela-wielkanocna-czyli-milosierdzia-bozego-5\/\",\"name\":\"Og\u0142oszenia duszpasterskie - II Niedziela Wielkanocna czyli Mi\u0142osierdzia Bo\u017cego - Pako\u015b\u0107 \u2013 Kalwaria\",\"isPartOf\":{\"@id\":\"https:\/\/pakosc-kalwaria.franciszkanie.net\/#website\"},\"primaryImageOfPage\":{\"@id\":\"https:\/\/pakosc-kalwaria.franciszkanie.net\/index.php\/2022\/04\/23\/ogloszenia-duszpasterskie-ii-niedziela-wielkanocna-czyli-milosierdzia-bozego-5\/#primaryimage\"},\"datePublished\":\"2022-04-23T07:05:18+00:00\",\"dateModified\":\"2022-04-23T06:56:27+00:00\",\"author\":{\"@id\":\"https:\/\/pakosc-kalwaria.franciszkanie.net\/#\/schema\/person\/af10b943be0760709227d060eadcb2aa\"},\"breadcrumb\":{\"@id\":\"https:\/\/pakosc-kalwaria.franciszkanie.net\/index.php\/2022\/04\/23\/ogloszenia-duszpasterskie-ii-niedziela-wielkanocna-czyli-milosierdzia-bozego-5\/#breadcrumb\"},\"inLanguage\":\"pl-PL\",\"potentialAction\":[{\"@type\":\"ReadAction\",\"target\":[\"https:\/\/pakosc-kalwaria.franciszkanie.net\/index.php\/2022\/04\/23\/ogloszenia-duszpasterskie-ii-niedziela-wielkanocna-czyli-milosierdzia-bozego-5\/\"]}]},{\"@type\":\"BreadcrumbList\",\"@id\":\"https:\/\/pakosc-kalwaria.franciszkanie.net\/index.php\/2022\/04\/23\/ogloszenia-duszpasterskie-ii-niedziela-wielkanocna-czyli-milosierdzia-bozego-5\/#breadcrumb\",\"itemListElement\":[{\"@type\":\"ListItem\",\"position\":1,\"name\":\"Strona g\u0142\u00f3wna\",\"item\":\"https:\/\/pakosc-kalwaria.franciszkanie.net\/\"},{\"@type\":\"ListItem\",\"position\":2,\"name\":\"Og\u0142oszenia duszpasterskie &#8211; II Niedziela Wielkanocna czyli Mi\u0142osierdzia Bo\u017cego\"}]},{\"@type\":\"Person\",\"@id\":\"https:\/\/pakosc-kalwaria.franciszkanie.net\/#\/schema\/person\/af10b943be0760709227d060eadcb2aa\",\"name\":\"pakosc-kalwaria\",\"image\":{\"@type\":\"ImageObject\",\"@id\":\"https:\/\/pakosc-kalwaria.franciszkanie.net\/#personlogo\",\"inLanguage\":\"pl-PL\",\"url\":\"https:\/\/secure.gravatar.com\/avatar\/e7049d338b55eac6a0027ff3218b8d02?s=96&d=mm&r=g\",\"contentUrl\":\"https:\/\/secure.gravatar.com\/avatar\/e7049d338b55eac6a0027ff3218b8d02?s=96&d=mm&r=g\",\"caption\":\"pakosc-kalwaria\"},\"sameAs\":[\"https:\/\/www.facebook.com\/KalwariaPakosc\/\"],\"url\":\"https:\/\/pakosc-kalwaria.franciszkanie.net\/index.php\/author\/pakosc-kalwaria\/\"}]}<\/script>\n<!-- \/ Yoast SEO plugin. -->","yoast_head_json":{"title":"Og\u0142oszenia duszpasterskie - II Niedziela Wielkanocna czyli Mi\u0142osierdzia Bo\u017cego - Pako\u015b\u0107 \u2013 Kalwaria","robots":{"index":"index","follow":"follow","max-snippet":"max-snippet:-1","max-image-preview":"max-image-preview:large","max-video-preview":"max-video-preview:-1"},"canonical":"https:\/\/pakosc-kalwaria.franciszkanie.net\/index.php\/2022\/04\/23\/ogloszenia-duszpasterskie-ii-niedziela-wielkanocna-czyli-milosierdzia-bozego-5\/","og_locale":"pl_PL","og_type":"article","og_title":"Og\u0142oszenia duszpasterskie - II Niedziela Wielkanocna czyli Mi\u0142osierdzia Bo\u017cego - Pako\u015b\u0107 \u2013 Kalwaria","og_description":"W niedziel\u0119 (24.04.) \u2013 obchodzimy Niedziel\u0119 Mi\u0142osierdzia Bo\u017cego. Rozpoczyna ona 79 Tydzie\u0144 Mi\u0142osierdzia pod has\u0142em: \u201eMi\u0142osierdzie nadziej\u0105 dla \u015bwiata\u201d. Msze \u015bw. o 9.00, 11.00 i o 15.00 poprzedzona Koronk\u0105 do Bo\u017cego Mi\u0142osierdzia. Kolekta remontowa przeznaczona na renowacj\u0119 prezbiterium w naszym ko\u015bciele. Za ka\u017cd\u0105 ofiar\u0119 serdeczne: \u201eB\u00f3g zap\u0142a\u0107\u201d. Zbi\u00f3rka do puszek na Caritas Archidiecezji Gnie\u017anie\u0144skiej. W &hellip;","og_url":"https:\/\/pakosc-kalwaria.franciszkanie.net\/index.php\/2022\/04\/23\/ogloszenia-duszpasterskie-ii-niedziela-wielkanocna-czyli-milosierdzia-bozego-5\/","og_site_name":"Pako\u015b\u0107 \u2013 Kalwaria","article_author":"https:\/\/www.facebook.com\/KalwariaPakosc\/","article_published_time":"2022-04-23T07:05:18+00:00","article_modified_time":"2022-04-23T06:56:27+00:00","og_image":[{"width":300,"height":214,"url":"https:\/\/pakosc-kalwaria.franciszkanie.net\/wp-content\/uploads\/2022\/04\/milosierdzie-boze.jpg","type":"image\/jpeg"}],"twitter_card":"summary","twitter_misc":{"Napisane przez":"pakosc-kalwaria","Szacowany czas czytania":"2 minuty"},"schema":{"@context":"https:\/\/schema.org","@graph":[{"@type":"WebSite","@id":"https:\/\/pakosc-kalwaria.franciszkanie.net\/#website","url":"https:\/\/pakosc-kalwaria.franciszkanie.net\/","name":"Pako\u015b\u0107 \u2013 Kalwaria","description":"Parafia Rzymsko \u2013 Katolicka p.w. Pana Jezusa Ukrzy\u017cowanego i  Matki Bo\u017cej Bolesnej ul. Barci\u0144ska 60, 88\u2013170 Pako\u015b\u0107 \u2013 Kalwaria","potentialAction":[{"@type":"SearchAction","target":{"@type":"EntryPoint","urlTemplate":"https:\/\/pakosc-kalwaria.franciszkanie.net\/?s={search_term_string}"},"query-input":"required name=search_term_string"}],"inLanguage":"pl-PL"},{"@type":"ImageObject","@id":"https:\/\/pakosc-kalwaria.franciszkanie.net\/index.php\/2022\/04\/23\/ogloszenia-duszpasterskie-ii-niedziela-wielkanocna-czyli-milosierdzia-bozego-5\/#primaryimage","inLanguage":"pl-PL","url":"https:\/\/pakosc-kalwaria.franciszkanie.net\/wp-content\/uploads\/2022\/04\/milosierdzie-boze.jpg","contentUrl":"https:\/\/pakosc-kalwaria.franciszkanie.net\/wp-content\/uploads\/2022\/04\/milosierdzie-boze.jpg","width":300,"height":214},{"@type":"WebPage","@id":"https:\/\/pakosc-kalwaria.franciszkanie.net\/index.php\/2022\/04\/23\/ogloszenia-duszpasterskie-ii-niedziela-wielkanocna-czyli-milosierdzia-bozego-5\/#webpage","url":"https:\/\/pakosc-kalwaria.franciszkanie.net\/index.php\/2022\/04\/23\/ogloszenia-duszpasterskie-ii-niedziela-wielkanocna-czyli-milosierdzia-bozego-5\/","name":"Og\u0142oszenia duszpasterskie - II Niedziela Wielkanocna czyli Mi\u0142osierdzia Bo\u017cego - Pako\u015b\u0107 \u2013 Kalwaria","isPartOf":{"@id":"https:\/\/pakosc-kalwaria.franciszkanie.net\/#website"},"primaryImageOfPage":{"@id":"https:\/\/pakosc-kalwaria.franciszkanie.net\/index.php\/2022\/04\/23\/ogloszenia-duszpasterskie-ii-niedziela-wielkanocna-czyli-milosierdzia-bozego-5\/#primaryimage"},"datePublished":"2022-04-23T07:05:18+00:00","dateModified":"2022-04-23T06:56:27+00:00","author":{"@id":"https:\/\/pakosc-kalwaria.franciszkanie.net\/#\/schema\/person\/af10b943be0760709227d060eadcb2aa"},"breadcrumb":{"@id":"https:\/\/pakosc-kalwaria.franciszkanie.net\/index.php\/2022\/04\/23\/ogloszenia-duszpasterskie-ii-niedziela-wielkanocna-czyli-milosierdzia-bozego-5\/#breadcrumb"},"inLanguage":"pl-PL","potentialAction":[{"@type":"ReadAction","target":["https:\/\/pakosc-kalwaria.franciszkanie.net\/index.php\/2022\/04\/23\/ogloszenia-duszpasterskie-ii-niedziela-wielkanocna-czyli-milosierdzia-bozego-5\/"]}]},{"@type":"BreadcrumbList","@id":"https:\/\/pakosc-kalwaria.franciszkanie.net\/index.php\/2022\/04\/23\/ogloszenia-duszpasterskie-ii-niedziela-wielkanocna-czyli-milosierdzia-bozego-5\/#breadcrumb","itemListElement":[{"@type":"ListItem","position":1,"name":"Strona g\u0142\u00f3wna","item":"https:\/\/pakosc-kalwaria.franciszkanie.net\/"},{"@type":"ListItem","position":2,"name":"Og\u0142oszenia duszpasterskie &#8211; II Niedziela Wielkanocna czyli Mi\u0142osierdzia Bo\u017cego"}]},{"@type":"Person","@id":"https:\/\/pakosc-kalwaria.franciszkanie.net\/#\/schema\/person\/af10b943be0760709227d060eadcb2aa","name":"pakosc-kalwaria","image":{"@type":"ImageObject","@id":"https:\/\/pakosc-kalwaria.franciszkanie.net\/#personlogo","inLanguage":"pl-PL","url":"https:\/\/secure.gravatar.com\/avatar\/e7049d338b55eac6a0027ff3218b8d02?s=96&d=mm&r=g","contentUrl":"https:\/\/secure.gravatar.com\/avatar\/e7049d338b55eac6a0027ff3218b8d02?s=96&d=mm&r=g","caption":"pakosc-kalwaria"},"sameAs":["https:\/\/www.facebook.com\/KalwariaPakosc\/"],"url":"https:\/\/pakosc-kalwaria.franciszkanie.net\/index.php\/author\/pakosc-kalwaria\/"}]}},"_links":{"self":[{"href":"https:\/\/pakosc-kalwaria.franciszkanie.net\/index.php\/wp-json\/wp\/v2\/posts\/22624"}],"collection":[{"href":"https:\/\/pakosc-kalwaria.franciszkanie.net\/index.php\/wp-json\/wp\/v2\/posts"}],"about":[{"href":"https:\/\/pakosc-kalwaria.franciszkanie.net\/index.php\/wp-json\/wp\/v2\/types\/post"}],"author":[{"embeddable":true,"href":"https:\/\/pakosc-kalwaria.franciszkanie.net\/index.php\/wp-json\/wp\/v2\/users\/2"}],"replies":[{"embeddable":true,"href":"https:\/\/pakosc-kalwaria.franciszkanie.net\/index.php\/wp-json\/wp\/v2\/comments?post=22624"}],"version-history":[{"count":4,"href":"https:\/\/pakosc-kalwaria.franciszkanie.net\/index.php\/wp-json\/wp\/v2\/posts\/22624\/revisions"}],"predecessor-version":[{"id":22629,"href":"https:\/\/pakosc-kalwaria.franciszkanie.net\/index.php\/wp-json\/wp\/v2\/posts\/22624\/revisions\/22629"}],"wp:featuredmedia":[{"embeddable":true,"href":"https:\/\/pakosc-kalwaria.franciszkanie.net\/index.php\/wp-json\/wp\/v2\/media\/22625"}],"wp:attachment":[{"href":"https:\/\/pakosc-kalwaria.franciszkanie.net\/index.php\/wp-json\/wp\/v2\/media?parent=22624"}],"wp:term":[{"taxonomy":"category","embeddable":true,"href":"https:\/\/pakosc-kalwaria.franciszkanie.net\/index.php\/wp-json\/wp\/v2\/categories?post=22624"},{"taxonomy":"post_tag","embeddable":true,"href":"https:\/\/pakosc-kalwaria.franciszkanie.net\/index.php\/wp-json\/wp\/v2\/tags?post=22624"}],"curies":[{"name":"wp","href":"https:\/\/api.w.org\/{rel}","templated":true}]}}