{"id":22647,"date":"2022-04-30T09:05:27","date_gmt":"2022-04-30T07:05:27","guid":{"rendered":"http:\/\/pakosc-kalwaria.franciszkanie.net\/?p=22647"},"modified":"2022-04-30T16:17:59","modified_gmt":"2022-04-30T14:17:59","slug":"ogloszenia-duszpasterskie-iii-niedziela-wielkanocy-4","status":"publish","type":"post","link":"https:\/\/pakosc-kalwaria.franciszkanie.net\/index.php\/2022\/04\/30\/ogloszenia-duszpasterskie-iii-niedziela-wielkanocy-4\/","title":{"rendered":"Og\u0142oszenia duszpasterskie &#8211; III  Niedziela Wielkanocy"},"content":{"rendered":"<p><span style=\"color: #ff0000;\"><strong><em><u>W niedziel\u0119 (01.05.)<\/u><\/em><\/strong> <strong>\u2013 przypada Niedziela Biblijna<\/strong><\/span><strong><span style=\"color: #ff0000;\">.<\/span> Rozpoczyna ona <span style=\"color: #ff0000;\">XIV Tydzie\u0144 Biblijny<\/span> kt\u00f3rego motywem przewodnim s\u0105 s\u0142owa:<\/strong> <strong>\u201ePok\u00f3j temu domowi\u201d (\u0141k 10,5). W tym dniu przypada tak\u017ce <span style=\"color: #ff0000;\">VI Narodowy Dzie\u0144 Czytania Pisma \u015awi\u0119tego.<\/span> Z okazji Niedzieli Biblijnej przed ko\u015bcio\u0142em zbi\u00f3rka do puszek na cele Archidiecezji Gnie\u017anie\u0144skiej.<\/strong><\/p>\n<p><strong><span style=\"color: #ff0000;\">Od 1 maja rozpoczynamy nabo\u017ce\u0144stwa majowe:<\/span> w niedziel\u0119 po Mszy \u015bwi\u0119tej o 9.00, w tygodniu po Mszy \u015bwi\u0119tej o 17.00.<\/strong><br \/>\n<strong><span style=\"color: #ff0000;\">Od 1 maja w naszym ko\u015bciele codziennie o 20.30 R\u00f3\u017caniec \u015bwi\u0119ty i o 21.00 Apel Jasnog\u00f3rski<\/span>, jako przygotowanie do Nawiedzenia Ikony Matki Bo\u017cej Jasnog\u00f3rskiej w naszej kalwaryjskiej Parafii &#8211; w czwartek i pi\u0105tek 2 i 3 czerwca. Zapraszamy do wsp\u00f3lnej modlitwy. <span style=\"color: #ff0000;\">Nie b\u0119dzie w maju R\u00f3\u017ca\u0144ca w tygodniu o 16.30 i w niedziele o 8.15.<\/span><br \/>\n<\/strong><\/p>\n<p><strong><span style=\"color: #ff0000;\"><em><u>We wtorek (03.05.)<\/u><\/em> \u2013 uroczysto\u015b\u0107 NMP Kr\u00f3lowej Polski.<\/span><br \/>\n<span style=\"color: #ff0000;\">Msze \u015bw. o 9.00 i 11.00.<\/span> O 9.00 Msza \u015bw. w intencji Ojczyzny, przyj\u0119cie do \u017bywego R\u00f3\u017ca\u0144ca i nabo\u017ce\u0144stwo majowe.<\/strong><\/p>\n<p><strong><span style=\"color: #0000ff;\"><em><u>W \u015brod\u0119 (04.05.)<\/u><\/em> \u2013<\/span> przed po\u0142udniem <span style=\"color: #ff0000;\">odwiedziny Chorych z Komuni\u0105 \u015bwi\u0119t\u0105. <\/span><em><span style=\"color: #ff0000;\">\u00a0\u00a0<\/span><\/em><\/strong><\/p>\n<p><span style=\"color: #ff0000;\"><strong><u>W tym tygodniu przypadaj\u0105 Dni Odnowy Wewn\u0119trznej.<\/u><\/strong><\/span><br \/>\n<strong>Zach\u0119camy do comiesi\u0119cznej Spowiedzi \u015bw. i Komunii \u015bw. pierwszopi\u0105tkowej.<\/strong><\/p>\n<p><strong><span style=\"color: #ff0000;\"><em><u>W pierwszy czwartek (05.05.)<\/u> &#8211; <\/em>\u00a0o 16.30 Spowied\u017a \u015bwi\u0119ta. O 17.00 Msza \u015bw.<\/span> o nowe powo\u0142ania kap\u0142a\u0144skie i zakonne oraz za ministrant\u00f3w i ich Rodziny. <span style=\"color: #ff0000;\">Nie b\u0119dzie adoracji od 19.00 \u2013 20.00.<\/span><\/strong><\/p>\n<p><strong><span style=\"color: #ff0000;\"><em><u>W pierwszy pi\u0105tek (06.05.)<\/u><\/em> \u2013 o 16.30 Spowied\u017a \u015bwi\u0119ta. O 17.00 Msza \u015bw.<\/span> w intencjach zbiorowych do Bo\u017cego Mi\u0142osierdzia, za zmar\u0142ych polecanych w rocznych wypominkach i nabo\u017ce\u0144stwo do Naj\u015bwi\u0119tszego Serca Pana Jezusa. Intencje sk\u0142adamy do skarbonki lub w zakrystii.<\/strong><\/p>\n<p><strong><span style=\"color: #ff0000;\"><em><u>W pierwsz\u0105 sobot\u0119 (07.05.)<\/u><\/em> \u2013 w ramach duchowego przygotowania do Nawiedzenia Kopii Obrazu Matki Bo\u017cej Jasnog\u00f3rskiej w naszej kalwaryjskiej Parafii:<\/span> o 16.30 Koronka do Siedmiu Bole\u015bci NMP. O 17.00 Msza \u015awi\u0119ta i przyj\u0119cie do \u017bywego R\u00f3\u017ca\u0144ca. <span style=\"color: #ff0000;\">W tym dniu powstanie R\u00f3\u017ca Matki Bo\u017cej Cz\u0119stochowskiej.<\/span> Po Mszy \u015awi\u0119tej wystawienie Naj\u015bwi\u0119tszego Sakramentu, R\u00f3\u017caniec wynagradzaj\u0105cy Niepokalanemu Sercu Maryi, 15-to minutowe rozwa\u017canie tajemnic r\u00f3\u017ca\u0144cowych i Apel Jasnog\u00f3rski. Bardzo serdecznie doros\u0142ych, m\u0142odzie\u017c i dzieci zapraszamy! <span style=\"color: #ff0000;\">W tym dniu nie\u00a0 b\u0119dzie R\u00f3\u017ca\u0144ca o 20.30 i Apelu o 21.00. \u00a0\u00a0\u00a0\u00a0\u00a0\u00a0\u00a0\u00a0\u00a0\u00a0 \u00a0\u00a0\u00a0\u00a0\u00a0\u00a0\u00a0\u00a0\u00a0\u00a0\u00a0\u00a0\u00a0\u00a0\u00a0\u00a0\u00a0\u00a0\u00a0\u00a0\u00a0\u00a0\u00a0\u00a0\u00a0\u00a0\u00a0\u00a0\u00a0\u00a0\u00a0\u00a0\u00a0\u00a0 \u00a0\u00a0\u00a0\u00a0\u00a0\u00a0\u00a0\u00a0\u00a0\u00a0\u00a0\u00a0\u00a0\u00a0\u00a0\u00a0\u00a0\u00a0\u00a0\u00a0\u00a0\u00a0\u00a0\u00a0\u00a0\u00a0\u00a0\u00a0\u00a0\u00a0\u00a0\u00a0\u00a0\u00a0\u00a0\u00a0\u00a0\u00a0\u00a0\u00a0\u00a0\u00a0\u00a0\u00a0\u00a0\u00a0\u00a0\u00a0\u00a0\u00a0\u00a0\u00a0\u00a0\u00a0\u00a0\u00a0\u00a0\u00a0\u00a0\u00a0\u00a0\u00a0\u00a0\u00a0\u00a0\u00a0\u00a0\u00a0\u00a0\u00a0<\/span><\/strong><\/p>\n<p><strong><span style=\"color: #ff0000;\">W maju \u017bywy R\u00f3\u017caniec<\/span> w naszej Parafii modli si\u0119 <span style=\"color: #ff0000;\">wed\u0142ug \u201eZestawu nr 6\u201d.<\/span> Zach\u0119camy do w\u0142\u0105czenia si\u0119 w \u017bywy R\u00f3\u017caniec w naszej Parafii. Deklaracje znajduj\u0105 si\u0119 na stoliku pod ch\u00f3rem.<br \/>\n<\/strong><strong><span style=\"color: #ff0000;\"><em><u>W przysz\u0142\u0105 niedziel\u0119 (08.05.)<\/u><\/em>\u00a0 &#8211;\u00a0 na Kalwarii Pakoskiej Odpust Znalezienia Krzy\u017ca \u015awi\u0119tego.<\/span><\/strong><br \/>\n<strong>Msza \u015bw. w kalwaryjskim ko\u015bciele o 9.00. Nabo\u017ce\u0144stwo majowe po Mszy \u015bwi\u0119tej o 9.00. Nie b\u0119dzie Mszy \u015bwi\u0119tej o 11.00.<\/strong><br \/>\n<strong><span style=\"color: #ff0000;\">O 11.30<\/span> na Wzg\u00f3rz kalwaryjskim nabo\u017ce\u0144stwo przy Relikwiach Krzy\u017ca \u015awi\u0119tego. <span style=\"color: #ff0000;\">O 12.00 uroczysta Suma Odpustowa &#8211; przy o\u0142tarzu polowym.\u00a0\u00a0\u00a0\u00a0\u00a0<\/span><\/strong><\/p>\n<p><strong>W przysz\u0142\u0105 niedziel\u0119 przypada <span style=\"color: #ff0000;\">Niedziela \u201eDobrego Pasterza\u201d i \u015awiatowy Dzie\u0144 Modlitw o Powo\u0142ania.<\/span> Rozpoczyna si\u0119 \u00a059 Tydzie\u0144 Modlitw o Powo\u0142ania do S\u0142u\u017cby w Ko\u015bciele. Kolekta na Prymasowskie Seminarium Duchowne w Gnie\u017anie.<\/strong><\/p>\n<p><strong><span style=\"color: #ff0000;\">Uroczysto\u015b\u0107 Pierwszej Komunii \u015bw. w naszej Parafii w sobot\u0119 14 maja o 11.00.<\/span> Pr\u00f3by dla dzieci: w sobot\u0119 7 maja o 10.00 oraz w poniedzia\u0142ek i wtorek 9 \u2013 10 maja o 18.00.<\/strong><\/p>\n<p><strong>Przy wyj\u015bciu z ko\u015bcio\u0142a do nabycia czasopisma: Przewodnik Katolicki (9.50), R\u00f3\u017caniec (8.50).<br \/>\n<\/strong><strong>W zakrystii do nabycia pami\u0105tkowe \u015bwiece Nawiedzenia Jasnog\u00f3rskiego Obrazu po 10 z\u0142. \u00a0Doch\u00f3d jest przeznaczony na Caritas.<\/strong><\/p>\n<p><strong>Dzi\u0119kujemy za wsp\u00f3ln\u0105 modlitw\u0119 oraz za ka\u017cde duchowe i materialne wsparcie.<\/strong><br \/>\n<strong>M\u00f3dlmy si\u0119 codziennie do Bo\u017cego Mi\u0142osierdzia, Jezusa Ukrzy\u017cowanego i Matki Bo\u017cej Bolesnej, prosz\u0105c szczeg\u00f3lnie o umocnienie wiary w Rodzinach.<\/strong><\/p>\n<p><strong>Z darem modlitwy Bracia Mniejsi Franciszkanie z Pako\u015bci \u2013 Kalwarii\u00a0\u00a0\u00a0<\/strong><\/p>\n","protected":false},"excerpt":{"rendered":"<p>W niedziel\u0119 (01.05.) \u2013 przypada Niedziela Biblijna. Rozpoczyna ona XIV Tydzie\u0144 Biblijny kt\u00f3rego motywem przewodnim s\u0105 s\u0142owa: \u201ePok\u00f3j temu domowi\u201d (\u0141k 10,5). W tym dniu przypada tak\u017ce VI Narodowy Dzie\u0144 Czytania Pisma \u015awi\u0119tego. Z okazji Niedzieli Biblijnej przed ko\u015bcio\u0142em zbi\u00f3rka do puszek na cele Archidiecezji Gnie\u017anie\u0144skiej. Od 1 maja rozpoczynamy nabo\u017ce\u0144stwa majowe: w niedziel\u0119 po &hellip;<\/p>\n","protected":false},"author":2,"featured_media":22560,"comment_status":"closed","ping_status":"closed","sticky":false,"template":"","format":"standard","meta":{"_mi_skip_tracking":false,"_exactmetrics_sitenote_active":false,"_exactmetrics_sitenote_note":"","_exactmetrics_sitenote_category":0},"categories":[5],"tags":[],"yoast_head":"<!-- This site is optimized with the Yoast SEO plugin v18.1 - https:\/\/yoast.com\/wordpress\/plugins\/seo\/ -->\n<title>Og\u0142oszenia duszpasterskie - III Niedziela Wielkanocy - Pako\u015b\u0107 \u2013 Kalwaria<\/title>\n<meta name=\"robots\" content=\"index, follow, max-snippet:-1, max-image-preview:large, max-video-preview:-1\" \/>\n<link rel=\"canonical\" href=\"https:\/\/pakosc-kalwaria.franciszkanie.net\/index.php\/2022\/04\/30\/ogloszenia-duszpasterskie-iii-niedziela-wielkanocy-4\/\" \/>\n<meta property=\"og:locale\" content=\"pl_PL\" \/>\n<meta property=\"og:type\" content=\"article\" \/>\n<meta property=\"og:title\" content=\"Og\u0142oszenia duszpasterskie - III Niedziela Wielkanocy - Pako\u015b\u0107 \u2013 Kalwaria\" \/>\n<meta property=\"og:description\" content=\"W niedziel\u0119 (01.05.) \u2013 przypada Niedziela Biblijna. Rozpoczyna ona XIV Tydzie\u0144 Biblijny kt\u00f3rego motywem przewodnim s\u0105 s\u0142owa: \u201ePok\u00f3j temu domowi\u201d (\u0141k 10,5). W tym dniu przypada tak\u017ce VI Narodowy Dzie\u0144 Czytania Pisma \u015awi\u0119tego. Z okazji Niedzieli Biblijnej przed ko\u015bcio\u0142em zbi\u00f3rka do puszek na cele Archidiecezji Gnie\u017anie\u0144skiej. Od 1 maja rozpoczynamy nabo\u017ce\u0144stwa majowe: w niedziel\u0119 po &hellip;\" \/>\n<meta property=\"og:url\" content=\"https:\/\/pakosc-kalwaria.franciszkanie.net\/index.php\/2022\/04\/30\/ogloszenia-duszpasterskie-iii-niedziela-wielkanocy-4\/\" \/>\n<meta property=\"og:site_name\" content=\"Pako\u015b\u0107 \u2013 Kalwaria\" \/>\n<meta property=\"article:author\" content=\"https:\/\/www.facebook.com\/KalwariaPakosc\/\" \/>\n<meta property=\"article:published_time\" content=\"2022-04-30T07:05:27+00:00\" \/>\n<meta property=\"article:modified_time\" content=\"2022-04-30T14:17:59+00:00\" \/>\n<meta property=\"og:image\" content=\"https:\/\/pakosc-kalwaria.franciszkanie.net\/wp-content\/uploads\/2022\/04\/346169_3.jpg\" \/>\n\t<meta property=\"og:image:width\" content=\"300\" \/>\n\t<meta property=\"og:image:height\" content=\"240\" \/>\n\t<meta property=\"og:image:type\" content=\"image\/jpeg\" \/>\n<meta name=\"twitter:card\" content=\"summary\" \/>\n<meta name=\"twitter:label1\" content=\"Napisane przez\" \/>\n\t<meta name=\"twitter:data1\" content=\"pakosc-kalwaria\" \/>\n\t<meta name=\"twitter:label2\" content=\"Szacowany czas czytania\" \/>\n\t<meta name=\"twitter:data2\" content=\"4 minuty\" \/>\n<script type=\"application\/ld+json\" class=\"yoast-schema-graph\">{\"@context\":\"https:\/\/schema.org\",\"@graph\":[{\"@type\":\"WebSite\",\"@id\":\"https:\/\/pakosc-kalwaria.franciszkanie.net\/#website\",\"url\":\"https:\/\/pakosc-kalwaria.franciszkanie.net\/\",\"name\":\"Pako\u015b\u0107 \u2013 Kalwaria\",\"description\":\"Parafia Rzymsko \u2013 Katolicka p.w. Pana Jezusa Ukrzy\u017cowanego i  Matki Bo\u017cej Bolesnej ul. Barci\u0144ska 60, 88\u2013170 Pako\u015b\u0107 \u2013 Kalwaria\",\"potentialAction\":[{\"@type\":\"SearchAction\",\"target\":{\"@type\":\"EntryPoint\",\"urlTemplate\":\"https:\/\/pakosc-kalwaria.franciszkanie.net\/?s={search_term_string}\"},\"query-input\":\"required name=search_term_string\"}],\"inLanguage\":\"pl-PL\"},{\"@type\":\"ImageObject\",\"@id\":\"https:\/\/pakosc-kalwaria.franciszkanie.net\/index.php\/2022\/04\/30\/ogloszenia-duszpasterskie-iii-niedziela-wielkanocy-4\/#primaryimage\",\"inLanguage\":\"pl-PL\",\"url\":\"https:\/\/pakosc-kalwaria.franciszkanie.net\/wp-content\/uploads\/2022\/04\/346169_3.jpg\",\"contentUrl\":\"https:\/\/pakosc-kalwaria.franciszkanie.net\/wp-content\/uploads\/2022\/04\/346169_3.jpg\",\"width\":300,\"height\":240},{\"@type\":\"WebPage\",\"@id\":\"https:\/\/pakosc-kalwaria.franciszkanie.net\/index.php\/2022\/04\/30\/ogloszenia-duszpasterskie-iii-niedziela-wielkanocy-4\/#webpage\",\"url\":\"https:\/\/pakosc-kalwaria.franciszkanie.net\/index.php\/2022\/04\/30\/ogloszenia-duszpasterskie-iii-niedziela-wielkanocy-4\/\",\"name\":\"Og\u0142oszenia duszpasterskie - III Niedziela Wielkanocy - Pako\u015b\u0107 \u2013 Kalwaria\",\"isPartOf\":{\"@id\":\"https:\/\/pakosc-kalwaria.franciszkanie.net\/#website\"},\"primaryImageOfPage\":{\"@id\":\"https:\/\/pakosc-kalwaria.franciszkanie.net\/index.php\/2022\/04\/30\/ogloszenia-duszpasterskie-iii-niedziela-wielkanocy-4\/#primaryimage\"},\"datePublished\":\"2022-04-30T07:05:27+00:00\",\"dateModified\":\"2022-04-30T14:17:59+00:00\",\"author\":{\"@id\":\"https:\/\/pakosc-kalwaria.franciszkanie.net\/#\/schema\/person\/af10b943be0760709227d060eadcb2aa\"},\"breadcrumb\":{\"@id\":\"https:\/\/pakosc-kalwaria.franciszkanie.net\/index.php\/2022\/04\/30\/ogloszenia-duszpasterskie-iii-niedziela-wielkanocy-4\/#breadcrumb\"},\"inLanguage\":\"pl-PL\",\"potentialAction\":[{\"@type\":\"ReadAction\",\"target\":[\"https:\/\/pakosc-kalwaria.franciszkanie.net\/index.php\/2022\/04\/30\/ogloszenia-duszpasterskie-iii-niedziela-wielkanocy-4\/\"]}]},{\"@type\":\"BreadcrumbList\",\"@id\":\"https:\/\/pakosc-kalwaria.franciszkanie.net\/index.php\/2022\/04\/30\/ogloszenia-duszpasterskie-iii-niedziela-wielkanocy-4\/#breadcrumb\",\"itemListElement\":[{\"@type\":\"ListItem\",\"position\":1,\"name\":\"Strona g\u0142\u00f3wna\",\"item\":\"https:\/\/pakosc-kalwaria.franciszkanie.net\/\"},{\"@type\":\"ListItem\",\"position\":2,\"name\":\"Og\u0142oszenia duszpasterskie &#8211; III Niedziela Wielkanocy\"}]},{\"@type\":\"Person\",\"@id\":\"https:\/\/pakosc-kalwaria.franciszkanie.net\/#\/schema\/person\/af10b943be0760709227d060eadcb2aa\",\"name\":\"pakosc-kalwaria\",\"image\":{\"@type\":\"ImageObject\",\"@id\":\"https:\/\/pakosc-kalwaria.franciszkanie.net\/#personlogo\",\"inLanguage\":\"pl-PL\",\"url\":\"https:\/\/secure.gravatar.com\/avatar\/e7049d338b55eac6a0027ff3218b8d02?s=96&d=mm&r=g\",\"contentUrl\":\"https:\/\/secure.gravatar.com\/avatar\/e7049d338b55eac6a0027ff3218b8d02?s=96&d=mm&r=g\",\"caption\":\"pakosc-kalwaria\"},\"sameAs\":[\"https:\/\/www.facebook.com\/KalwariaPakosc\/\"],\"url\":\"https:\/\/pakosc-kalwaria.franciszkanie.net\/index.php\/author\/pakosc-kalwaria\/\"}]}<\/script>\n<!-- \/ Yoast SEO plugin. -->","yoast_head_json":{"title":"Og\u0142oszenia duszpasterskie - III Niedziela Wielkanocy - Pako\u015b\u0107 \u2013 Kalwaria","robots":{"index":"index","follow":"follow","max-snippet":"max-snippet:-1","max-image-preview":"max-image-preview:large","max-video-preview":"max-video-preview:-1"},"canonical":"https:\/\/pakosc-kalwaria.franciszkanie.net\/index.php\/2022\/04\/30\/ogloszenia-duszpasterskie-iii-niedziela-wielkanocy-4\/","og_locale":"pl_PL","og_type":"article","og_title":"Og\u0142oszenia duszpasterskie - III Niedziela Wielkanocy - Pako\u015b\u0107 \u2013 Kalwaria","og_description":"W niedziel\u0119 (01.05.) \u2013 przypada Niedziela Biblijna. Rozpoczyna ona XIV Tydzie\u0144 Biblijny kt\u00f3rego motywem przewodnim s\u0105 s\u0142owa: \u201ePok\u00f3j temu domowi\u201d (\u0141k 10,5). W tym dniu przypada tak\u017ce VI Narodowy Dzie\u0144 Czytania Pisma \u015awi\u0119tego. Z okazji Niedzieli Biblijnej przed ko\u015bcio\u0142em zbi\u00f3rka do puszek na cele Archidiecezji Gnie\u017anie\u0144skiej. Od 1 maja rozpoczynamy nabo\u017ce\u0144stwa majowe: w niedziel\u0119 po &hellip;","og_url":"https:\/\/pakosc-kalwaria.franciszkanie.net\/index.php\/2022\/04\/30\/ogloszenia-duszpasterskie-iii-niedziela-wielkanocy-4\/","og_site_name":"Pako\u015b\u0107 \u2013 Kalwaria","article_author":"https:\/\/www.facebook.com\/KalwariaPakosc\/","article_published_time":"2022-04-30T07:05:27+00:00","article_modified_time":"2022-04-30T14:17:59+00:00","og_image":[{"width":300,"height":240,"url":"https:\/\/pakosc-kalwaria.franciszkanie.net\/wp-content\/uploads\/2022\/04\/346169_3.jpg","type":"image\/jpeg"}],"twitter_card":"summary","twitter_misc":{"Napisane przez":"pakosc-kalwaria","Szacowany czas czytania":"4 minuty"},"schema":{"@context":"https:\/\/schema.org","@graph":[{"@type":"WebSite","@id":"https:\/\/pakosc-kalwaria.franciszkanie.net\/#website","url":"https:\/\/pakosc-kalwaria.franciszkanie.net\/","name":"Pako\u015b\u0107 \u2013 Kalwaria","description":"Parafia Rzymsko \u2013 Katolicka p.w. Pana Jezusa Ukrzy\u017cowanego i  Matki Bo\u017cej Bolesnej ul. Barci\u0144ska 60, 88\u2013170 Pako\u015b\u0107 \u2013 Kalwaria","potentialAction":[{"@type":"SearchAction","target":{"@type":"EntryPoint","urlTemplate":"https:\/\/pakosc-kalwaria.franciszkanie.net\/?s={search_term_string}"},"query-input":"required name=search_term_string"}],"inLanguage":"pl-PL"},{"@type":"ImageObject","@id":"https:\/\/pakosc-kalwaria.franciszkanie.net\/index.php\/2022\/04\/30\/ogloszenia-duszpasterskie-iii-niedziela-wielkanocy-4\/#primaryimage","inLanguage":"pl-PL","url":"https:\/\/pakosc-kalwaria.franciszkanie.net\/wp-content\/uploads\/2022\/04\/346169_3.jpg","contentUrl":"https:\/\/pakosc-kalwaria.franciszkanie.net\/wp-content\/uploads\/2022\/04\/346169_3.jpg","width":300,"height":240},{"@type":"WebPage","@id":"https:\/\/pakosc-kalwaria.franciszkanie.net\/index.php\/2022\/04\/30\/ogloszenia-duszpasterskie-iii-niedziela-wielkanocy-4\/#webpage","url":"https:\/\/pakosc-kalwaria.franciszkanie.net\/index.php\/2022\/04\/30\/ogloszenia-duszpasterskie-iii-niedziela-wielkanocy-4\/","name":"Og\u0142oszenia duszpasterskie - III Niedziela Wielkanocy - Pako\u015b\u0107 \u2013 Kalwaria","isPartOf":{"@id":"https:\/\/pakosc-kalwaria.franciszkanie.net\/#website"},"primaryImageOfPage":{"@id":"https:\/\/pakosc-kalwaria.franciszkanie.net\/index.php\/2022\/04\/30\/ogloszenia-duszpasterskie-iii-niedziela-wielkanocy-4\/#primaryimage"},"datePublished":"2022-04-30T07:05:27+00:00","dateModified":"2022-04-30T14:17:59+00:00","author":{"@id":"https:\/\/pakosc-kalwaria.franciszkanie.net\/#\/schema\/person\/af10b943be0760709227d060eadcb2aa"},"breadcrumb":{"@id":"https:\/\/pakosc-kalwaria.franciszkanie.net\/index.php\/2022\/04\/30\/ogloszenia-duszpasterskie-iii-niedziela-wielkanocy-4\/#breadcrumb"},"inLanguage":"pl-PL","potentialAction":[{"@type":"ReadAction","target":["https:\/\/pakosc-kalwaria.franciszkanie.net\/index.php\/2022\/04\/30\/ogloszenia-duszpasterskie-iii-niedziela-wielkanocy-4\/"]}]},{"@type":"BreadcrumbList","@id":"https:\/\/pakosc-kalwaria.franciszkanie.net\/index.php\/2022\/04\/30\/ogloszenia-duszpasterskie-iii-niedziela-wielkanocy-4\/#breadcrumb","itemListElement":[{"@type":"ListItem","position":1,"name":"Strona g\u0142\u00f3wna","item":"https:\/\/pakosc-kalwaria.franciszkanie.net\/"},{"@type":"ListItem","position":2,"name":"Og\u0142oszenia duszpasterskie &#8211; III Niedziela Wielkanocy"}]},{"@type":"Person","@id":"https:\/\/pakosc-kalwaria.franciszkanie.net\/#\/schema\/person\/af10b943be0760709227d060eadcb2aa","name":"pakosc-kalwaria","image":{"@type":"ImageObject","@id":"https:\/\/pakosc-kalwaria.franciszkanie.net\/#personlogo","inLanguage":"pl-PL","url":"https:\/\/secure.gravatar.com\/avatar\/e7049d338b55eac6a0027ff3218b8d02?s=96&d=mm&r=g","contentUrl":"https:\/\/secure.gravatar.com\/avatar\/e7049d338b55eac6a0027ff3218b8d02?s=96&d=mm&r=g","caption":"pakosc-kalwaria"},"sameAs":["https:\/\/www.facebook.com\/KalwariaPakosc\/"],"url":"https:\/\/pakosc-kalwaria.franciszkanie.net\/index.php\/author\/pakosc-kalwaria\/"}]}},"_links":{"self":[{"href":"https:\/\/pakosc-kalwaria.franciszkanie.net\/index.php\/wp-json\/wp\/v2\/posts\/22647"}],"collection":[{"href":"https:\/\/pakosc-kalwaria.franciszkanie.net\/index.php\/wp-json\/wp\/v2\/posts"}],"about":[{"href":"https:\/\/pakosc-kalwaria.franciszkanie.net\/index.php\/wp-json\/wp\/v2\/types\/post"}],"author":[{"embeddable":true,"href":"https:\/\/pakosc-kalwaria.franciszkanie.net\/index.php\/wp-json\/wp\/v2\/users\/2"}],"replies":[{"embeddable":true,"href":"https:\/\/pakosc-kalwaria.franciszkanie.net\/index.php\/wp-json\/wp\/v2\/comments?post=22647"}],"version-history":[{"count":6,"href":"https:\/\/pakosc-kalwaria.franciszkanie.net\/index.php\/wp-json\/wp\/v2\/posts\/22647\/revisions"}],"predecessor-version":[{"id":22679,"href":"https:\/\/pakosc-kalwaria.franciszkanie.net\/index.php\/wp-json\/wp\/v2\/posts\/22647\/revisions\/22679"}],"wp:featuredmedia":[{"embeddable":true,"href":"https:\/\/pakosc-kalwaria.franciszkanie.net\/index.php\/wp-json\/wp\/v2\/media\/22560"}],"wp:attachment":[{"href":"https:\/\/pakosc-kalwaria.franciszkanie.net\/index.php\/wp-json\/wp\/v2\/media?parent=22647"}],"wp:term":[{"taxonomy":"category","embeddable":true,"href":"https:\/\/pakosc-kalwaria.franciszkanie.net\/index.php\/wp-json\/wp\/v2\/categories?post=22647"},{"taxonomy":"post_tag","embeddable":true,"href":"https:\/\/pakosc-kalwaria.franciszkanie.net\/index.php\/wp-json\/wp\/v2\/tags?post=22647"}],"curies":[{"name":"wp","href":"https:\/\/api.w.org\/{rel}","templated":true}]}}