{"id":22660,"date":"2022-05-23T19:10:06","date_gmt":"2022-05-23T17:10:06","guid":{"rendered":"http:\/\/pakosc-kalwaria.franciszkanie.net\/?p=22660"},"modified":"2022-05-27T06:26:32","modified_gmt":"2022-05-27T04:26:32","slug":"nabozenstwa-majowe-w-kalwaryjskim-sanktuarium-ukrzyzowania","status":"publish","type":"post","link":"https:\/\/pakosc-kalwaria.franciszkanie.net\/index.php\/2022\/05\/23\/nabozenstwa-majowe-w-kalwaryjskim-sanktuarium-ukrzyzowania\/","title":{"rendered":"Nabo\u017ce\u0144stwa majowe w kalwaryjskim Sanktuarium Ukrzy\u017cowania"},"content":{"rendered":"<div class=\"entry-content\">\n<div class=\"entry-content\">\n<div class=\"post_content\">\n<p><strong>Zapraszamy do udzia\u0142u w\u00a0 nabo\u017ce\u0144stwach majowych ku czci Matki Bo\u017cej:<\/strong><strong><span style=\"color: #ff0000;\"> w tygodniu po Mszy \u015bwi\u0119tej o 17.00, a w niedziele i uroczysto\u015bci po Mszy \u015bwi\u0119tej o 9.00. <span style=\"color: #000000;\">Zach\u0119camy tak\u017ce <\/span><\/span><span style=\"color: #000000;\">d<\/span>o rodzinnego odmawiania Litanii ku czci Matki Bo\u017cej w domach i rodzinach, gdy nie mo\u017cna uczestniczy\u0107 w nabo\u017ce\u0144stwie w ko\u015bciele.<br \/>\n<span style=\"color: #ff0000;\">M\u00f3dlmy si\u0119 szczeg\u00f3lnie<\/span> o dobre przygotowanie do Nawiedzenia Obrazu Matki Bo\u017cej Jasnog\u00f3rskiej w naszej Archidiecezji Gnie\u017anie\u0144skiej\u00a0 i w naszych pakoskich parafiach oraz o b\u0142ogos\u0142awione owoce tego Nawiedzenia. M\u00f3dlmy si\u0119 o umocnienie wiary i mi\u0142o\u015bci w ma\u0142\u017ce\u0144stwach i w rodzinach.<br \/>\n<\/strong><\/p>\n<p><strong>Od szeregu lat w ca\u0142ej Polsce ustali\u0142 si\u0119 <span style=\"color: #ff0000;\">porz\u0105dek nabo\u017ce\u0144stw majowych.<\/span> Obejmuje on: wystawienie Naj\u015bwi\u0119tszego Sakramentu, od\u015bpiewanie litanii Loreta\u0144skiej i antyfony: \u201ePod Twoj\u0105 obron\u0119\u201d, okoliczno\u015bciow\u0105 czytank\u0119, b\u0142ogos\u0142awie\u0144stwo Naj\u015bwi\u0119tszym Sakramentem i pie\u015b\u0144 maryjn\u0105 na zako\u0144czenie.<\/strong><\/p>\n<p><span style=\"color: #ff0000;\"><strong>Tradycja nabo\u017ce\u0144stwa majowych<\/strong><\/span><br \/>\nMaj jest w Ko\u015bciele miesi\u0105cem szczeg\u00f3lnie po\u015bwi\u0119conym czci Matki Bo\u017cej. S\u0142ynne \u201emaj\u00f3wki\u201d \u2013 nabo\u017ce\u0144stwa, odprawiane wieczorami w ko\u015bcio\u0142ach, przy grotach, kapliczkach i przydro\u017cnych figurach, na sta\u0142e wpisa\u0142y si\u0119 w krajobraz Polski. Jego centraln\u0105 cz\u0119\u015bci\u0105 jest Litania Loreta\u0144ska. Na Zachodzie po\u015bwi\u0119cenie majowego miesi\u0105ca Matce Bo\u017cej pojawi\u0142o si\u0119 na prze\u0142omie XIII i XIV w., dzi\u0119ki hiszpa\u0144skiemu kr\u00f3lowi Alfonsowi X. Zach\u0119ca\u0142 on by wieczorami gromadzi\u0107 si\u0119 na wsp\u00f3lnej modlitwie przed figurami Bo\u017cej Rodzicielki. Nabo\u017ce\u0144stwo majowe bardzo szybko sta\u0142o si\u0119 popularne w ca\u0142ej chrze\u015bcija\u0144skiej Europie. W wielu \u017cywotach \u015bwi\u0119tych oraz kronikach zakonnych mo\u017cna wyczyta\u0107 o majowym kulcie Maryi Panny. Papie\u017c Pius IX, zatwierdzi\u0142 obowi\u0105zuj\u0105c\u0105 do naszych czas\u00f3w form\u0119 nabo\u017ce\u0144stwa, sk\u0142adaj\u0105cego si\u0119 z Litanii Loreta\u0144skiej, nauki kap\u0142ana oraz uroczystego b\u0142ogos\u0142awie\u0144stwa Naj\u015bwi\u0119tszym Sakramentem. W Polsce pierwsze odnotowane nabo\u017ce\u0144stwa majowe zosta\u0142y wprowadzone w 1838 r. przez jezuit\u00f3w w Tarnopolu.<br \/>\nLitania Loreta\u0144ska, kt\u00f3ra jest g\u0142\u00f3wn\u0105 cz\u0119\u015bci\u0105 nabo\u017ce\u0144stw majowych, powsta\u0142a prawdopodobnie ju\u017c w XII w. we Francji. Zebrane wezwania s\u0142awi\u0105ce Maryj\u0119 Pann\u0119 zatwierdzi\u0142 11 czerwca 1587 r. papie\u017c Sykstus V. Swoj\u0105 nazw\u0119 zawdzi\u0119cza w\u0142oskiej miejscowo\u015bci Loretto, gdzie by\u0142a niezwykle popularna.<\/p>\n<p><span style=\"color: #ff0000;\"><strong>Chwalcie \u0142\u0105ki umajone,<\/strong><\/span><br \/>\nG\u00f3ry, doliny zielone.<br \/>\nChwalcie, cieniste gaiki,<br \/>\n\u0179r\u00f3d\u0142a i kr\u0119te strumyki!<\/p>\n<p>Co igra z morza falami,<br \/>\nW powietrzu buja skrzyd\u0142ami,<br \/>\nChwalcie z nami Pani\u0105 \u015awiata,<br \/>\nJej d\u0142o\u0144 nasza wieniec splata.<\/p>\n<p>Ona dzie\u0142 Boskich korona,<br \/>\nNad Anio\u0142y wywy\u017cszona;<br \/>\nCho\u0107 jest Pani\u0105 nieba, ziemi,<br \/>\nNie gardzi dary naszymi.<\/p>\n<p>Wdzi\u0119cznym strumyki mruczeniem,<br \/>\nPtasz\u0119ta s\u0142odkim kwileniem,<br \/>\nI co czuje, i co \u017cyje,<br \/>\nNiech z nami s1awi Maryj\u0119!<\/p>\n<p><span style=\"color: #ff0000;\"><strong>Najpi\u0119kniejszy miesi\u0105c maj, Twoim Matko jest od lat.<\/strong><\/span><br \/>\nNajpi\u0119kniejszy miesi\u0105c maj, gdy Ci\u0119 wielbi ca\u0142y \u015bwiat.<br \/>\nKa\u017cde serce w taki czas, chce dla Ciebie tylko bi\u0107<br \/>\nKa\u017cde serce w taki czas, chce dla Ciebie tylko \u017cy\u0107.<\/p>\n<p>Bo\u015b Ty Matko zawsze w maju taka \u017cywa.<br \/>\nBo\u015b tak bliska, taka polska i prawdziwa.<br \/>\nB\u0142ogos\u0142awisz, wznosz\u0105c d\u0142onie nad polami.<br \/>\nJeste\u015b w s\u0142o\u0144cu, jeste\u015b w kwiatach, jeste\u015b z nami\u201d.<\/p>\n<p><strong><br \/>\n<span style=\"color: #ff0000;\">Litania loreta\u0144ska do Naj\u015bwi\u0119tszej Maryi Panny<\/span><br \/>\n<\/strong>Kyrie elejson, Chryste elejson, Kyrie elejson.<br \/>\nChryste, us\u0142ysz nas, Chryste, wys\u0142uchaj nas.<br \/>\nOjcze z nieba, Bo\u017ce, \u2013 <strong>zmi\u0142uj si\u0119 nad nami.<br \/>\n<\/strong>Synu, Odkupicielu \u015bwiata, Bo\u017ce,<br \/>\nDuchu \u015awi\u0119ty, Bo\u017ce,<br \/>\n\u015awi\u0119ta Tr\u00f3jco, Jedyny Bo\u017ce,<\/p>\n<p>\u015awi\u0119ta Maryjo, \u2013 <strong>m\u00f3dl si\u0119 za nami.<br \/>\n<\/strong>\u015awi\u0119ta Bo\u017ca Rodzicielko,<br \/>\n\u015awi\u0119ta Panno nad pannami,<br \/>\nMatko Chrystusowa,<br \/>\nMatko Ko\u015bcio\u0142a,<br \/>\nMatko mi\u0142osierdzia,<br \/>\nMatko \u0142aski Bo\u017cej,<br \/>\nMatko nadziei,<br \/>\nMatko nieskalana,<br \/>\nMatko najczystsza,<br \/>\nMatko dziewicza,<br \/>\nMatko nienaruszona,<br \/>\nMatko najmilsza,<br \/>\nMatko przedziwna,<br \/>\nMatko dobrej rady,<br \/>\nMatko Stworzyciela,<br \/>\nMatko Zbawiciela,<br \/>\nPanno roztropna,<br \/>\nPanno czcigodna,<br \/>\nPanno ws\u0142awiona,<br \/>\nPanno mo\u017cna,<br \/>\nPanno \u0142askawa,<br \/>\nPanno wierna,<br \/>\nZwierciad\u0142o sprawiedliwo\u015bci,<br \/>\nStolico m\u0105dro\u015bci,<br \/>\nPrzyczyno naszej rado\u015bci,<br \/>\nPrzybytku Ducha \u015awi\u0119tego,<br \/>\nPrzybytku chwalebny,<br \/>\nPrzybytku s\u0142awny pobo\u017cno\u015bci,<br \/>\nR\u00f3\u017co Duchowna,<br \/>\nWie\u017co Dawidowa,<br \/>\nWie\u017co z ko\u015bci s\u0142oniowej,<br \/>\nDomie z\u0142oty,<br \/>\nArko przymierza,<br \/>\nBramo niebieska,<br \/>\nGwiazdo zaranna,<br \/>\nUzdrowienie chorych,<br \/>\nUcieczko grzesznych,<br \/>\nPociecho migrant\u00f3w,<br \/>\nPocieszycielko strapionych,<br \/>\nWspomo\u017cenie wiernych,<br \/>\nKr\u00f3lowo Anio\u0142\u00f3w,<br \/>\nKr\u00f3lowo Patriarch\u00f3w,<br \/>\nKr\u00f3lowo Prorok\u00f3w,<br \/>\nKr\u00f3lowo Aposto\u0142\u00f3w,<br \/>\nKr\u00f3lowo M\u0119czennik\u00f3w,<br \/>\nKr\u00f3lowo Wyznawc\u00f3w,<br \/>\nKr\u00f3lowo Dziewic,<br \/>\nKr\u00f3lowo wszystkich \u015awi\u0119tych,<br \/>\nKr\u00f3lowo bez zmazy pierworodnej pocz\u0119ta,<br \/>\nKr\u00f3lowo wniebowzi\u0119ta,<br \/>\nKr\u00f3lowo R\u00f3\u017ca\u0144ca \u015bwi\u0119tego,<br \/>\nKr\u00f3lowo rodzin,<br \/>\nKr\u00f3lowo pokoju,<br \/>\nKr\u00f3lowo Polski,<br \/>\nKr\u00f3lowo Zakonu Serafickiego,<\/p>\n<p>Baranku Bo\u017cy, kt\u00f3ry g\u0142adzisz grzechy \u015bwiata,<br \/>\n<strong>przepu\u015b\u0107 nam, Panie.<\/strong><br \/>\nBaranku Bo\u017cy, kt\u00f3ry g\u0142adzisz grzechy \u015bwiata,<br \/>\n<strong>wys\u0142uchaj nas, Panie.<\/strong><br \/>\nBaranku Bo\u017cy, kt\u00f3ry g\u0142adzisz grzechy \u015bwiata,<br \/>\n<strong>zmi\u0142uj si\u0119 nad nami.<\/strong><\/p>\n<p><strong>M\u00f3dl si\u0119 za nami, \u015awi\u0119ta Bo\u017ca Rodzicielko.<br \/>\n<\/strong>Aby\u015bmy si\u0119 stali godnymi obietnic Chrystusowych.<\/p>\n<p><strong>M\u00f3dlmy si\u0119:<br \/>\n<\/strong>Prosimy Ci\u0119, Panie, nasz Bo\u017ce, dozw\u00f3l nam, s\u0142ugom Twoim, cieszy\u0107 si\u0119 trwa\u0142ym zdrowiem duszy i cia\u0142a, a za przyczyn\u0105 Naj\u015bwi\u0119tszej Maryi, zawsze Dziewicy, racz nas uwolni\u0107 od doczesnych utrapie\u0144 i obdarzy\u0107 wieczn\u0105 rado\u015bci\u0105. Przez Chrystusa Pana naszego. <strong>W.<\/strong> <strong>Amen<\/strong><\/p>\n<p><span style=\"color: #ff0000;\"><strong>Pod Twoj\u0105 obron\u0119<\/strong> <\/span><strong>uciekamy si\u0119, \u015awi\u0119ta Bo\u017ca Rodzicielko, naszymi pro\u015bbami racz nie gardzi\u0107 w potrzebach naszych, ale od wszelakich z\u0142ych przyg\u00f3d racz nas zawsze wybawia\u0107. Panno Chwalebna i B\u0142ogos\u0142awiona. O Pani nasza, Or\u0119downiczko nasza, Po\u015bredniczko nasza, Pocieszycielko nasza. Z Synem swoim nas pojednaj, Synowi swojemu nas polecaj, swojemu Synowi nas oddawaj. Amen.<\/strong><\/p>\n<\/div>\n<\/div>\n<\/div>\n","protected":false},"excerpt":{"rendered":"<p>Zapraszamy do udzia\u0142u w\u00a0 nabo\u017ce\u0144stwach majowych ku czci Matki Bo\u017cej: w tygodniu po Mszy \u015bwi\u0119tej o 17.00, a w niedziele i uroczysto\u015bci po Mszy \u015bwi\u0119tej o 9.00. Zach\u0119camy tak\u017ce do rodzinnego odmawiania Litanii ku czci Matki Bo\u017cej w domach i rodzinach, gdy nie mo\u017cna uczestniczy\u0107 w nabo\u017ce\u0144stwie w ko\u015bciele. M\u00f3dlmy si\u0119 szczeg\u00f3lnie o dobre przygotowanie &hellip;<\/p>\n","protected":false},"author":2,"featured_media":22661,"comment_status":"closed","ping_status":"closed","sticky":false,"template":"","format":"standard","meta":{"_mi_skip_tracking":false,"_exactmetrics_sitenote_active":false,"_exactmetrics_sitenote_note":"","_exactmetrics_sitenote_category":0},"categories":[13,14],"tags":[],"yoast_head":"<!-- This site is optimized with the Yoast SEO plugin v18.1 - https:\/\/yoast.com\/wordpress\/plugins\/seo\/ -->\n<title>Nabo\u017ce\u0144stwa majowe w kalwaryjskim Sanktuarium Ukrzy\u017cowania - Pako\u015b\u0107 \u2013 Kalwaria<\/title>\n<meta name=\"robots\" content=\"index, follow, max-snippet:-1, max-image-preview:large, max-video-preview:-1\" \/>\n<link rel=\"canonical\" href=\"https:\/\/pakosc-kalwaria.franciszkanie.net\/index.php\/2022\/05\/23\/nabozenstwa-majowe-w-kalwaryjskim-sanktuarium-ukrzyzowania\/\" \/>\n<meta property=\"og:locale\" content=\"pl_PL\" \/>\n<meta property=\"og:type\" content=\"article\" \/>\n<meta property=\"og:title\" content=\"Nabo\u017ce\u0144stwa majowe w kalwaryjskim Sanktuarium Ukrzy\u017cowania - Pako\u015b\u0107 \u2013 Kalwaria\" \/>\n<meta property=\"og:description\" content=\"Zapraszamy do udzia\u0142u w\u00a0 nabo\u017ce\u0144stwach majowych ku czci Matki Bo\u017cej: w tygodniu po Mszy \u015bwi\u0119tej o 17.00, a w niedziele i uroczysto\u015bci po Mszy \u015bwi\u0119tej o 9.00. Zach\u0119camy tak\u017ce do rodzinnego odmawiania Litanii ku czci Matki Bo\u017cej w domach i rodzinach, gdy nie mo\u017cna uczestniczy\u0107 w nabo\u017ce\u0144stwie w ko\u015bciele. M\u00f3dlmy si\u0119 szczeg\u00f3lnie o dobre przygotowanie &hellip;\" \/>\n<meta property=\"og:url\" content=\"https:\/\/pakosc-kalwaria.franciszkanie.net\/index.php\/2022\/05\/23\/nabozenstwa-majowe-w-kalwaryjskim-sanktuarium-ukrzyzowania\/\" \/>\n<meta property=\"og:site_name\" content=\"Pako\u015b\u0107 \u2013 Kalwaria\" \/>\n<meta property=\"article:author\" content=\"https:\/\/www.facebook.com\/KalwariaPakosc\/\" \/>\n<meta property=\"article:published_time\" content=\"2022-05-23T17:10:06+00:00\" \/>\n<meta property=\"article:modified_time\" content=\"2022-05-27T04:26:32+00:00\" \/>\n<meta property=\"og:image\" content=\"https:\/\/pakosc-kalwaria.franciszkanie.net\/wp-content\/uploads\/2022\/04\/nabozenstwo.jpg\" \/>\n\t<meta property=\"og:image:width\" content=\"230\" \/>\n\t<meta property=\"og:image:height\" content=\"230\" \/>\n\t<meta property=\"og:image:type\" content=\"image\/jpeg\" \/>\n<meta name=\"twitter:card\" content=\"summary\" \/>\n<meta name=\"twitter:label1\" content=\"Napisane przez\" \/>\n\t<meta name=\"twitter:data1\" content=\"pakosc-kalwaria\" \/>\n\t<meta name=\"twitter:label2\" content=\"Szacowany czas czytania\" \/>\n\t<meta name=\"twitter:data2\" content=\"5 minut\" \/>\n<script type=\"application\/ld+json\" class=\"yoast-schema-graph\">{\"@context\":\"https:\/\/schema.org\",\"@graph\":[{\"@type\":\"WebSite\",\"@id\":\"https:\/\/pakosc-kalwaria.franciszkanie.net\/#website\",\"url\":\"https:\/\/pakosc-kalwaria.franciszkanie.net\/\",\"name\":\"Pako\u015b\u0107 \u2013 Kalwaria\",\"description\":\"Parafia Rzymsko \u2013 Katolicka p.w. Pana Jezusa Ukrzy\u017cowanego i  Matki Bo\u017cej Bolesnej ul. Barci\u0144ska 60, 88\u2013170 Pako\u015b\u0107 \u2013 Kalwaria\",\"potentialAction\":[{\"@type\":\"SearchAction\",\"target\":{\"@type\":\"EntryPoint\",\"urlTemplate\":\"https:\/\/pakosc-kalwaria.franciszkanie.net\/?s={search_term_string}\"},\"query-input\":\"required name=search_term_string\"}],\"inLanguage\":\"pl-PL\"},{\"@type\":\"ImageObject\",\"@id\":\"https:\/\/pakosc-kalwaria.franciszkanie.net\/index.php\/2022\/05\/23\/nabozenstwa-majowe-w-kalwaryjskim-sanktuarium-ukrzyzowania\/#primaryimage\",\"inLanguage\":\"pl-PL\",\"url\":\"https:\/\/pakosc-kalwaria.franciszkanie.net\/wp-content\/uploads\/2022\/04\/nabozenstwo.jpg\",\"contentUrl\":\"https:\/\/pakosc-kalwaria.franciszkanie.net\/wp-content\/uploads\/2022\/04\/nabozenstwo.jpg\",\"width\":230,\"height\":230},{\"@type\":\"WebPage\",\"@id\":\"https:\/\/pakosc-kalwaria.franciszkanie.net\/index.php\/2022\/05\/23\/nabozenstwa-majowe-w-kalwaryjskim-sanktuarium-ukrzyzowania\/#webpage\",\"url\":\"https:\/\/pakosc-kalwaria.franciszkanie.net\/index.php\/2022\/05\/23\/nabozenstwa-majowe-w-kalwaryjskim-sanktuarium-ukrzyzowania\/\",\"name\":\"Nabo\u017ce\u0144stwa majowe w kalwaryjskim Sanktuarium Ukrzy\u017cowania - Pako\u015b\u0107 \u2013 Kalwaria\",\"isPartOf\":{\"@id\":\"https:\/\/pakosc-kalwaria.franciszkanie.net\/#website\"},\"primaryImageOfPage\":{\"@id\":\"https:\/\/pakosc-kalwaria.franciszkanie.net\/index.php\/2022\/05\/23\/nabozenstwa-majowe-w-kalwaryjskim-sanktuarium-ukrzyzowania\/#primaryimage\"},\"datePublished\":\"2022-05-23T17:10:06+00:00\",\"dateModified\":\"2022-05-27T04:26:32+00:00\",\"author\":{\"@id\":\"https:\/\/pakosc-kalwaria.franciszkanie.net\/#\/schema\/person\/af10b943be0760709227d060eadcb2aa\"},\"breadcrumb\":{\"@id\":\"https:\/\/pakosc-kalwaria.franciszkanie.net\/index.php\/2022\/05\/23\/nabozenstwa-majowe-w-kalwaryjskim-sanktuarium-ukrzyzowania\/#breadcrumb\"},\"inLanguage\":\"pl-PL\",\"potentialAction\":[{\"@type\":\"ReadAction\",\"target\":[\"https:\/\/pakosc-kalwaria.franciszkanie.net\/index.php\/2022\/05\/23\/nabozenstwa-majowe-w-kalwaryjskim-sanktuarium-ukrzyzowania\/\"]}]},{\"@type\":\"BreadcrumbList\",\"@id\":\"https:\/\/pakosc-kalwaria.franciszkanie.net\/index.php\/2022\/05\/23\/nabozenstwa-majowe-w-kalwaryjskim-sanktuarium-ukrzyzowania\/#breadcrumb\",\"itemListElement\":[{\"@type\":\"ListItem\",\"position\":1,\"name\":\"Strona g\u0142\u00f3wna\",\"item\":\"https:\/\/pakosc-kalwaria.franciszkanie.net\/\"},{\"@type\":\"ListItem\",\"position\":2,\"name\":\"Nabo\u017ce\u0144stwa majowe w kalwaryjskim Sanktuarium Ukrzy\u017cowania\"}]},{\"@type\":\"Person\",\"@id\":\"https:\/\/pakosc-kalwaria.franciszkanie.net\/#\/schema\/person\/af10b943be0760709227d060eadcb2aa\",\"name\":\"pakosc-kalwaria\",\"image\":{\"@type\":\"ImageObject\",\"@id\":\"https:\/\/pakosc-kalwaria.franciszkanie.net\/#personlogo\",\"inLanguage\":\"pl-PL\",\"url\":\"https:\/\/secure.gravatar.com\/avatar\/e7049d338b55eac6a0027ff3218b8d02?s=96&d=mm&r=g\",\"contentUrl\":\"https:\/\/secure.gravatar.com\/avatar\/e7049d338b55eac6a0027ff3218b8d02?s=96&d=mm&r=g\",\"caption\":\"pakosc-kalwaria\"},\"sameAs\":[\"https:\/\/www.facebook.com\/KalwariaPakosc\/\"],\"url\":\"https:\/\/pakosc-kalwaria.franciszkanie.net\/index.php\/author\/pakosc-kalwaria\/\"}]}<\/script>\n<!-- \/ Yoast SEO plugin. -->","yoast_head_json":{"title":"Nabo\u017ce\u0144stwa majowe w kalwaryjskim Sanktuarium Ukrzy\u017cowania - Pako\u015b\u0107 \u2013 Kalwaria","robots":{"index":"index","follow":"follow","max-snippet":"max-snippet:-1","max-image-preview":"max-image-preview:large","max-video-preview":"max-video-preview:-1"},"canonical":"https:\/\/pakosc-kalwaria.franciszkanie.net\/index.php\/2022\/05\/23\/nabozenstwa-majowe-w-kalwaryjskim-sanktuarium-ukrzyzowania\/","og_locale":"pl_PL","og_type":"article","og_title":"Nabo\u017ce\u0144stwa majowe w kalwaryjskim Sanktuarium Ukrzy\u017cowania - Pako\u015b\u0107 \u2013 Kalwaria","og_description":"Zapraszamy do udzia\u0142u w\u00a0 nabo\u017ce\u0144stwach majowych ku czci Matki Bo\u017cej: w tygodniu po Mszy \u015bwi\u0119tej o 17.00, a w niedziele i uroczysto\u015bci po Mszy \u015bwi\u0119tej o 9.00. Zach\u0119camy tak\u017ce do rodzinnego odmawiania Litanii ku czci Matki Bo\u017cej w domach i rodzinach, gdy nie mo\u017cna uczestniczy\u0107 w nabo\u017ce\u0144stwie w ko\u015bciele. M\u00f3dlmy si\u0119 szczeg\u00f3lnie o dobre przygotowanie &hellip;","og_url":"https:\/\/pakosc-kalwaria.franciszkanie.net\/index.php\/2022\/05\/23\/nabozenstwa-majowe-w-kalwaryjskim-sanktuarium-ukrzyzowania\/","og_site_name":"Pako\u015b\u0107 \u2013 Kalwaria","article_author":"https:\/\/www.facebook.com\/KalwariaPakosc\/","article_published_time":"2022-05-23T17:10:06+00:00","article_modified_time":"2022-05-27T04:26:32+00:00","og_image":[{"width":230,"height":230,"url":"https:\/\/pakosc-kalwaria.franciszkanie.net\/wp-content\/uploads\/2022\/04\/nabozenstwo.jpg","type":"image\/jpeg"}],"twitter_card":"summary","twitter_misc":{"Napisane przez":"pakosc-kalwaria","Szacowany czas czytania":"5 minut"},"schema":{"@context":"https:\/\/schema.org","@graph":[{"@type":"WebSite","@id":"https:\/\/pakosc-kalwaria.franciszkanie.net\/#website","url":"https:\/\/pakosc-kalwaria.franciszkanie.net\/","name":"Pako\u015b\u0107 \u2013 Kalwaria","description":"Parafia Rzymsko \u2013 Katolicka p.w. Pana Jezusa Ukrzy\u017cowanego i  Matki Bo\u017cej Bolesnej ul. Barci\u0144ska 60, 88\u2013170 Pako\u015b\u0107 \u2013 Kalwaria","potentialAction":[{"@type":"SearchAction","target":{"@type":"EntryPoint","urlTemplate":"https:\/\/pakosc-kalwaria.franciszkanie.net\/?s={search_term_string}"},"query-input":"required name=search_term_string"}],"inLanguage":"pl-PL"},{"@type":"ImageObject","@id":"https:\/\/pakosc-kalwaria.franciszkanie.net\/index.php\/2022\/05\/23\/nabozenstwa-majowe-w-kalwaryjskim-sanktuarium-ukrzyzowania\/#primaryimage","inLanguage":"pl-PL","url":"https:\/\/pakosc-kalwaria.franciszkanie.net\/wp-content\/uploads\/2022\/04\/nabozenstwo.jpg","contentUrl":"https:\/\/pakosc-kalwaria.franciszkanie.net\/wp-content\/uploads\/2022\/04\/nabozenstwo.jpg","width":230,"height":230},{"@type":"WebPage","@id":"https:\/\/pakosc-kalwaria.franciszkanie.net\/index.php\/2022\/05\/23\/nabozenstwa-majowe-w-kalwaryjskim-sanktuarium-ukrzyzowania\/#webpage","url":"https:\/\/pakosc-kalwaria.franciszkanie.net\/index.php\/2022\/05\/23\/nabozenstwa-majowe-w-kalwaryjskim-sanktuarium-ukrzyzowania\/","name":"Nabo\u017ce\u0144stwa majowe w kalwaryjskim Sanktuarium Ukrzy\u017cowania - Pako\u015b\u0107 \u2013 Kalwaria","isPartOf":{"@id":"https:\/\/pakosc-kalwaria.franciszkanie.net\/#website"},"primaryImageOfPage":{"@id":"https:\/\/pakosc-kalwaria.franciszkanie.net\/index.php\/2022\/05\/23\/nabozenstwa-majowe-w-kalwaryjskim-sanktuarium-ukrzyzowania\/#primaryimage"},"datePublished":"2022-05-23T17:10:06+00:00","dateModified":"2022-05-27T04:26:32+00:00","author":{"@id":"https:\/\/pakosc-kalwaria.franciszkanie.net\/#\/schema\/person\/af10b943be0760709227d060eadcb2aa"},"breadcrumb":{"@id":"https:\/\/pakosc-kalwaria.franciszkanie.net\/index.php\/2022\/05\/23\/nabozenstwa-majowe-w-kalwaryjskim-sanktuarium-ukrzyzowania\/#breadcrumb"},"inLanguage":"pl-PL","potentialAction":[{"@type":"ReadAction","target":["https:\/\/pakosc-kalwaria.franciszkanie.net\/index.php\/2022\/05\/23\/nabozenstwa-majowe-w-kalwaryjskim-sanktuarium-ukrzyzowania\/"]}]},{"@type":"BreadcrumbList","@id":"https:\/\/pakosc-kalwaria.franciszkanie.net\/index.php\/2022\/05\/23\/nabozenstwa-majowe-w-kalwaryjskim-sanktuarium-ukrzyzowania\/#breadcrumb","itemListElement":[{"@type":"ListItem","position":1,"name":"Strona g\u0142\u00f3wna","item":"https:\/\/pakosc-kalwaria.franciszkanie.net\/"},{"@type":"ListItem","position":2,"name":"Nabo\u017ce\u0144stwa majowe w kalwaryjskim Sanktuarium Ukrzy\u017cowania"}]},{"@type":"Person","@id":"https:\/\/pakosc-kalwaria.franciszkanie.net\/#\/schema\/person\/af10b943be0760709227d060eadcb2aa","name":"pakosc-kalwaria","image":{"@type":"ImageObject","@id":"https:\/\/pakosc-kalwaria.franciszkanie.net\/#personlogo","inLanguage":"pl-PL","url":"https:\/\/secure.gravatar.com\/avatar\/e7049d338b55eac6a0027ff3218b8d02?s=96&d=mm&r=g","contentUrl":"https:\/\/secure.gravatar.com\/avatar\/e7049d338b55eac6a0027ff3218b8d02?s=96&d=mm&r=g","caption":"pakosc-kalwaria"},"sameAs":["https:\/\/www.facebook.com\/KalwariaPakosc\/"],"url":"https:\/\/pakosc-kalwaria.franciszkanie.net\/index.php\/author\/pakosc-kalwaria\/"}]}},"_links":{"self":[{"href":"https:\/\/pakosc-kalwaria.franciszkanie.net\/index.php\/wp-json\/wp\/v2\/posts\/22660"}],"collection":[{"href":"https:\/\/pakosc-kalwaria.franciszkanie.net\/index.php\/wp-json\/wp\/v2\/posts"}],"about":[{"href":"https:\/\/pakosc-kalwaria.franciszkanie.net\/index.php\/wp-json\/wp\/v2\/types\/post"}],"author":[{"embeddable":true,"href":"https:\/\/pakosc-kalwaria.franciszkanie.net\/index.php\/wp-json\/wp\/v2\/users\/2"}],"replies":[{"embeddable":true,"href":"https:\/\/pakosc-kalwaria.franciszkanie.net\/index.php\/wp-json\/wp\/v2\/comments?post=22660"}],"version-history":[{"count":4,"href":"https:\/\/pakosc-kalwaria.franciszkanie.net\/index.php\/wp-json\/wp\/v2\/posts\/22660\/revisions"}],"predecessor-version":[{"id":22665,"href":"https:\/\/pakosc-kalwaria.franciszkanie.net\/index.php\/wp-json\/wp\/v2\/posts\/22660\/revisions\/22665"}],"wp:featuredmedia":[{"embeddable":true,"href":"https:\/\/pakosc-kalwaria.franciszkanie.net\/index.php\/wp-json\/wp\/v2\/media\/22661"}],"wp:attachment":[{"href":"https:\/\/pakosc-kalwaria.franciszkanie.net\/index.php\/wp-json\/wp\/v2\/media?parent=22660"}],"wp:term":[{"taxonomy":"category","embeddable":true,"href":"https:\/\/pakosc-kalwaria.franciszkanie.net\/index.php\/wp-json\/wp\/v2\/categories?post=22660"},{"taxonomy":"post_tag","embeddable":true,"href":"https:\/\/pakosc-kalwaria.franciszkanie.net\/index.php\/wp-json\/wp\/v2\/tags?post=22660"}],"curies":[{"name":"wp","href":"https:\/\/api.w.org\/{rel}","templated":true}]}}